{"id":10931,"date":"2016-10-05T10:56:46","date_gmt":"2016-10-05T15:56:46","guid":{"rendered":"http:\/\/www.zonacaral.gob.pe\/?p=10931"},"modified":"2016-10-05T10:56:46","modified_gmt":"2016-10-05T15:56:46","slug":"en-conferencia-de-prensa-se-presento-exposicion-museografica-sobre-la-civilizacion-caral","status":"publish","type":"post","link":"https:\/\/zonacaral.gob.pe\/es\/noticias\/en-conferencia-de-prensa-se-presento-exposicion-museografica-sobre-la-civilizacion-caral\/","title":{"rendered":"En conferencia de prensa se present\u00f3 exposici\u00f3n museogr\u00e1fica sobre la Civilizaci\u00f3n CARAL"},"content":{"rendered":"<figure class=\"pic-autor\" style=\"color: #4d4d4d; text-align: justify;\"><\/figure>\n<p style=\"text-align: justify;\">Con gran expectativa, diversos medios de comunicaci\u00f3n de Arequipa se dieron cita en el Complejo Cultural Chaves de La Rosa para la presentaci\u00f3n de la exposici\u00f3n museogr\u00e1fica \u00abLos Valores Sociales y Culturales de CARAL, Civilizaci\u00f3n de hace 5000 a\u00f1os, S\u00edmbolo de Identidad e Integraci\u00f3n Nacional\u00bb.<\/p>\n<p style=\"text-align: justify;\">La Subdirectora de Proyecci\u00f3n del Patrimonio Cultural de la Zona Arqueol\u00f3gica Caral, Lic. Edna Quispe, y el Director Universitario de Promoci\u00f3n y Desarrollo Cultural de la Universidad Nacional de San Agust\u00edn de Arequipa, Dr. Jos\u00e9 Gabriel Valdivia, fueron los encargados de la presentaci\u00f3n en conferencia de prensa realizada el jueves 29 de setiembre del 2016.<\/p>\n<p style=\"text-align: justify;\">La Lic. Edna Quispe destac\u00f3 el compromiso de la Zona Arqueol\u00f3gica Caral, de trabajar intensamente para proyectar y difundir hacia la sociedad peruana los valores culturales y sociales de la Civilizaci\u00f3n Caral, g\u00e9nesis de la civilizaci\u00f3n en nuestro continente. La muestra presenta los resultados de los trabajos de investigaci\u00f3n realizados, desde hace 22 a\u00f1os, en la Ciudad Sagrada de Caral, Patrimonio Mundial, y en otros diez asentamientos arqueol\u00f3gicos monumentales (\u00c1spero, Chupacigarro, Miraya, Lurihuasi, Allpacoto, Pueblo Nuevo, Piedra Parada, El Molino, Era de Pando, en el valle de Supe, y Vichama, en el valle de Huaura).<\/p>\n<p style=\"text-align: justify;\">Por su parte el Dr. Jos\u00e9 Gabriel Valdivia expres\u00f3 que con la presentaci\u00f3n de la exposici\u00f3n museogr\u00e1fica sobre la Civilizaci\u00f3n Caral, la UNSA abre sus puertas a la cultura. Resalt\u00f3 los esfuerzos que viene realizando el Rectorado de la UNSA para convertir al complejo Chaves de La Rosa en un espacio cultural ya que integra el Centro Hist\u00f3rico de Arequipa, declarado Patrimonio Mundial por UNESCO en el a\u00f1o 2000.<\/p>\n<p style=\"text-align: justify;\">La muestra estar\u00e1 en Arequipa desde el 29 de setiembre hasta el 20 de noviembre de 2016, en las galer\u00edas y el patio principal del Complejo Cultural Chaves de La Rosa, en el horario de lunes a domingo, de 9:00 am a 8:00 pm.<\/p>\n<p style=\"text-align: justify;\">El ingreso es libre.<\/p>\n<p style=\"text-align: justify;\">Fuente:<span style=\"color: #800000;\">\u00a0Prensa ZAC<\/span><\/p>\n<p style=\"text-align: justify;\">Fecha de publicaci\u00f3n: 05\/10\/2016<\/p>\n","protected":false},"excerpt":{"rendered":"<p>Con gran expectativa, diversos medios de comunicaci\u00f3n de Arequipa se dieron cita en el Complejo Cultural Chaves de La Rosa [&hellip;]<\/p>\n","protected":false},"author":1,"featured_media":10934,"comment_status":"closed","ping_status":"open","sticky":false,"template":"","format":"standard","meta":{"_acf_changed":false,"site-sidebar-layout":"default","site-content-layout":"","ast-site-content-layout":"default","site-content-style":"default","site-sidebar-style":"default","ast-global-header-display":"","ast-banner-title-visibility":"","ast-main-header-display":"","ast-hfb-above-header-display":"","ast-hfb-below-header-display":"","ast-hfb-mobile-header-display":"","site-post-title":"","ast-breadcrumbs-content":"","ast-featured-img":"","footer-sml-layout":"","ast-disable-related-posts":"","theme-transparent-header-meta":"","adv-header-id-meta":"","stick-header-meta":"","header-above-stick-meta":"","header-main-stick-meta":"","header-below-stick-meta":"","astra-migrate-meta-layouts":"default","ast-page-background-enabled":"default","ast-page-background-meta":{"desktop":{"background-color":"var(--ast-global-color-5)","background-image":"","background-repeat":"repeat","background-position":"center center","background-size":"auto","background-attachment":"scroll","background-type":"","background-media":"","overlay-type":"","overlay-color":"","overlay-opacity":"","overlay-gradient":""},"tablet":{"background-color":"","background-image":"","background-repeat":"repeat","background-position":"center center","background-size":"auto","background-attachment":"scroll","background-type":"","background-media":"","overlay-type":"","overlay-color":"","overlay-opacity":"","overlay-gradient":""},"mobile":{"background-color":"","background-image":"","background-repeat":"repeat","background-position":"center center","background-size":"auto","background-attachment":"scroll","background-type":"","background-media":"","overlay-type":"","overlay-color":"","overlay-opacity":"","overlay-gradient":""}},"ast-content-background-meta":{"desktop":{"background-color":"var(--ast-global-color-4)","background-image":"","background-repeat":"repeat","background-position":"center center","background-size":"auto","background-attachment":"scroll","background-type":"","background-media":"","overlay-type":"","overlay-color":"","overlay-opacity":"","overlay-gradient":""},"tablet":{"background-color":"var(--ast-global-color-4)","background-image":"","background-repeat":"repeat","background-position":"center center","background-size":"auto","background-attachment":"scroll","background-type":"","background-media":"","overlay-type":"","overlay-color":"","overlay-opacity":"","overlay-gradient":""},"mobile":{"background-color":"var(--ast-global-color-4)","background-image":"","background-repeat":"repeat","background-position":"center center","background-size":"auto","background-attachment":"scroll","background-type":"","background-media":"","overlay-type":"","overlay-color":"","overlay-opacity":"","overlay-gradient":""}},"footnotes":""},"categories":[208],"tags":[122,55,123],"class_list":["post-10931","post","type-post","status-publish","format-standard","has-post-thumbnail","hentry","category-noticias","tag-arequipa","tag-caral","tag-exposicion"],"acf":[],"yoast_head":"<!-- This site is optimized with the Yoast SEO plugin v27.3 - https:\/\/yoast.com\/product\/yoast-seo-wordpress\/ -->\n<title>En conferencia de prensa se present\u00f3 exposici\u00f3n museogr\u00e1fica sobre la Civilizaci\u00f3n CARAL<\/title>\n<meta name=\"description\" content=\"Con gran expectativa, diversos medios de comunicaci\u00f3n de Arequipa se dieron cita en el Complejo Cultural Chaves de La Rosa para la presentaci\u00f3n de la exposici\u00f3n museogr\u00e1fica \u00abLos Valores Sociales y Culturales de CARAL, Civilizaci\u00f3n de hace 5000 a\u00f1os, S\u00edmbolo de Identidad e Integraci\u00f3n Nacional\u00bb.\" \/>\n<meta name=\"robots\" content=\"index, follow, max-snippet:-1, max-image-preview:large, max-video-preview:-1\" \/>\n<link rel=\"canonical\" href=\"https:\/\/zonacaral.gob.pe\/es\/noticias\/en-conferencia-de-prensa-se-presento-exposicion-museografica-sobre-la-civilizacion-caral\/\" \/>\n<meta property=\"og:locale\" content=\"es_ES\" \/>\n<meta property=\"og:type\" content=\"article\" \/>\n<meta property=\"og:title\" content=\"En conferencia de prensa se present\u00f3 exposici\u00f3n museogr\u00e1fica sobre la Civilizaci\u00f3n CARAL\" \/>\n<meta property=\"og:description\" content=\"Con gran expectativa, diversos medios de comunicaci\u00f3n de Arequipa se dieron cita en el Complejo Cultural Chaves de La Rosa para la presentaci\u00f3n de la exposici\u00f3n museogr\u00e1fica \u00abLos Valores Sociales y Culturales de CARAL, Civilizaci\u00f3n de hace 5000 a\u00f1os, S\u00edmbolo de Identidad e Integraci\u00f3n Nacional\u00bb.\" \/>\n<meta property=\"og:url\" content=\"https:\/\/zonacaral.gob.pe\/es\/noticias\/en-conferencia-de-prensa-se-presento-exposicion-museografica-sobre-la-civilizacion-caral\/\" \/>\n<meta property=\"og:site_name\" content=\"Zona Caral\" \/>\n<meta property=\"article:published_time\" content=\"2016-10-05T15:56:46+00:00\" \/>\n<meta property=\"og:image\" content=\"https:\/\/zonacaral.gob.pe\/wp-content\/uploads\/2016\/10\/DSC_6271-scaled.jpg\" \/>\n\t<meta property=\"og:image:width\" content=\"2560\" \/>\n\t<meta property=\"og:image:height\" content=\"1642\" \/>\n\t<meta property=\"og:image:type\" content=\"image\/jpeg\" \/>\n<meta name=\"author\" content=\"Zona Caral Administrador\" \/>\n<meta name=\"twitter:card\" content=\"summary_large_image\" \/>\n<meta name=\"twitter:label1\" content=\"Written by\" \/>\n\t<meta name=\"twitter:data1\" content=\"Zona Caral Administrador\" \/>\n\t<meta name=\"twitter:label2\" content=\"Est. reading time\" \/>\n\t<meta name=\"twitter:data2\" content=\"2 minutos\" \/>\n<script type=\"application\/ld+json\" class=\"yoast-schema-graph\">{\"@context\":\"https:\\\/\\\/schema.org\",\"@graph\":[{\"@type\":\"Article\",\"@id\":\"https:\\\/\\\/zonacaral.gob.pe\\\/es\\\/noticias\\\/en-conferencia-de-prensa-se-presento-exposicion-museografica-sobre-la-civilizacion-caral\\\/#article\",\"isPartOf\":{\"@id\":\"https:\\\/\\\/zonacaral.gob.pe\\\/es\\\/noticias\\\/en-conferencia-de-prensa-se-presento-exposicion-museografica-sobre-la-civilizacion-caral\\\/\"},\"author\":{\"name\":\"Zona Caral Administrador\",\"@id\":\"https:\\\/\\\/zonacaral.gob.pe\\\/es\\\/#\\\/schema\\\/person\\\/beddb4d22f71a7230c5b90913270a0ee\"},\"headline\":\"En conferencia de prensa se present\u00f3 exposici\u00f3n museogr\u00e1fica sobre la Civilizaci\u00f3n CARAL\",\"datePublished\":\"2016-10-05T15:56:46+00:00\",\"mainEntityOfPage\":{\"@id\":\"https:\\\/\\\/zonacaral.gob.pe\\\/es\\\/noticias\\\/en-conferencia-de-prensa-se-presento-exposicion-museografica-sobre-la-civilizacion-caral\\\/\"},\"wordCount\":351,\"image\":{\"@id\":\"https:\\\/\\\/zonacaral.gob.pe\\\/es\\\/noticias\\\/en-conferencia-de-prensa-se-presento-exposicion-museografica-sobre-la-civilizacion-caral\\\/#primaryimage\"},\"thumbnailUrl\":\"https:\\\/\\\/zonacaral.gob.pe\\\/wp-content\\\/uploads\\\/2016\\\/10\\\/DSC_6271-scaled.jpg\",\"keywords\":[\"arequipa\",\"caral\",\"exposicion\"],\"articleSection\":[\"noticias\"],\"inLanguage\":\"es-PE\"},{\"@type\":\"WebPage\",\"@id\":\"https:\\\/\\\/zonacaral.gob.pe\\\/es\\\/noticias\\\/en-conferencia-de-prensa-se-presento-exposicion-museografica-sobre-la-civilizacion-caral\\\/\",\"url\":\"https:\\\/\\\/zonacaral.gob.pe\\\/es\\\/noticias\\\/en-conferencia-de-prensa-se-presento-exposicion-museografica-sobre-la-civilizacion-caral\\\/\",\"name\":\"En conferencia de prensa se present\u00f3 exposici\u00f3n museogr\u00e1fica sobre la Civilizaci\u00f3n CARAL\",\"isPartOf\":{\"@id\":\"https:\\\/\\\/zonacaral.gob.pe\\\/es\\\/#website\"},\"primaryImageOfPage\":{\"@id\":\"https:\\\/\\\/zonacaral.gob.pe\\\/es\\\/noticias\\\/en-conferencia-de-prensa-se-presento-exposicion-museografica-sobre-la-civilizacion-caral\\\/#primaryimage\"},\"image\":{\"@id\":\"https:\\\/\\\/zonacaral.gob.pe\\\/es\\\/noticias\\\/en-conferencia-de-prensa-se-presento-exposicion-museografica-sobre-la-civilizacion-caral\\\/#primaryimage\"},\"thumbnailUrl\":\"https:\\\/\\\/zonacaral.gob.pe\\\/wp-content\\\/uploads\\\/2016\\\/10\\\/DSC_6271-scaled.jpg\",\"datePublished\":\"2016-10-05T15:56:46+00:00\",\"author\":{\"@id\":\"https:\\\/\\\/zonacaral.gob.pe\\\/es\\\/#\\\/schema\\\/person\\\/beddb4d22f71a7230c5b90913270a0ee\"},\"description\":\"Con gran expectativa, diversos medios de comunicaci\u00f3n de Arequipa se dieron cita en el Complejo Cultural Chaves de La Rosa para la presentaci\u00f3n de la exposici\u00f3n museogr\u00e1fica \u00abLos Valores Sociales y Culturales de CARAL, Civilizaci\u00f3n de hace 5000 a\u00f1os, S\u00edmbolo de Identidad e Integraci\u00f3n Nacional\u00bb.\",\"breadcrumb\":{\"@id\":\"https:\\\/\\\/zonacaral.gob.pe\\\/es\\\/noticias\\\/en-conferencia-de-prensa-se-presento-exposicion-museografica-sobre-la-civilizacion-caral\\\/#breadcrumb\"},\"inLanguage\":\"es-PE\",\"potentialAction\":[{\"@type\":\"ReadAction\",\"target\":[\"https:\\\/\\\/zonacaral.gob.pe\\\/es\\\/noticias\\\/en-conferencia-de-prensa-se-presento-exposicion-museografica-sobre-la-civilizacion-caral\\\/\"]}]},{\"@type\":\"ImageObject\",\"inLanguage\":\"es-PE\",\"@id\":\"https:\\\/\\\/zonacaral.gob.pe\\\/es\\\/noticias\\\/en-conferencia-de-prensa-se-presento-exposicion-museografica-sobre-la-civilizacion-caral\\\/#primaryimage\",\"url\":\"https:\\\/\\\/zonacaral.gob.pe\\\/wp-content\\\/uploads\\\/2016\\\/10\\\/DSC_6271-scaled.jpg\",\"contentUrl\":\"https:\\\/\\\/zonacaral.gob.pe\\\/wp-content\\\/uploads\\\/2016\\\/10\\\/DSC_6271-scaled.jpg\",\"width\":2560,\"height\":1642},{\"@type\":\"BreadcrumbList\",\"@id\":\"https:\\\/\\\/zonacaral.gob.pe\\\/es\\\/noticias\\\/en-conferencia-de-prensa-se-presento-exposicion-museografica-sobre-la-civilizacion-caral\\\/#breadcrumb\",\"itemListElement\":[{\"@type\":\"ListItem\",\"position\":1,\"name\":\"Portada\",\"item\":\"https:\\\/\\\/zonacaral.gob.pe\\\/\"},{\"@type\":\"ListItem\",\"position\":2,\"name\":\"En conferencia de prensa se present\u00f3 exposici\u00f3n museogr\u00e1fica sobre la Civilizaci\u00f3n CARAL\"}]},{\"@type\":\"WebSite\",\"@id\":\"https:\\\/\\\/zonacaral.gob.pe\\\/es\\\/#website\",\"url\":\"https:\\\/\\\/zonacaral.gob.pe\\\/es\\\/\",\"name\":\"Zona Caral\",\"description\":\"Investigamos, conservamos y difundimos el patrimonio cultural de la Civilizaci\u00f3n Caral, la m\u00e1s antigua de Am\u00e9rica.\",\"potentialAction\":[{\"@type\":\"SearchAction\",\"target\":{\"@type\":\"EntryPoint\",\"urlTemplate\":\"https:\\\/\\\/zonacaral.gob.pe\\\/es\\\/?s={search_term_string}\"},\"query-input\":{\"@type\":\"PropertyValueSpecification\",\"valueRequired\":true,\"valueName\":\"search_term_string\"}}],\"inLanguage\":\"es-PE\"},{\"@type\":\"Person\",\"@id\":\"https:\\\/\\\/zonacaral.gob.pe\\\/es\\\/#\\\/schema\\\/person\\\/beddb4d22f71a7230c5b90913270a0ee\",\"name\":\"Zona Caral Administrador\",\"image\":{\"@type\":\"ImageObject\",\"inLanguage\":\"es-PE\",\"@id\":\"https:\\\/\\\/secure.gravatar.com\\\/avatar\\\/e4be162918a696358376de6446614e0f0f4062bdc5d170d6d540ada3d8b58c12?s=96&d=mm&r=g\",\"url\":\"https:\\\/\\\/secure.gravatar.com\\\/avatar\\\/e4be162918a696358376de6446614e0f0f4062bdc5d170d6d540ada3d8b58c12?s=96&d=mm&r=g\",\"contentUrl\":\"https:\\\/\\\/secure.gravatar.com\\\/avatar\\\/e4be162918a696358376de6446614e0f0f4062bdc5d170d6d540ada3d8b58c12?s=96&d=mm&r=g\",\"caption\":\"Zona Caral Administrador\"},\"sameAs\":[\"https:\\\/\\\/zonacaral.gob.pe\"],\"url\":\"https:\\\/\\\/zonacaral.gob.pe\\\/es\\\/noticias\\\/author\\\/ad_zonacaral\\\/\"}]}<\/script>\n<!-- \/ Yoast SEO plugin. -->","yoast_head_json":{"title":"En conferencia de prensa se present\u00f3 exposici\u00f3n museogr\u00e1fica sobre la Civilizaci\u00f3n CARAL","description":"Con gran expectativa, diversos medios de comunicaci\u00f3n de Arequipa se dieron cita en el Complejo Cultural Chaves de La Rosa para la presentaci\u00f3n de la exposici\u00f3n museogr\u00e1fica \u00abLos Valores Sociales y Culturales de CARAL, Civilizaci\u00f3n de hace 5000 a\u00f1os, S\u00edmbolo de Identidad e Integraci\u00f3n Nacional\u00bb.","robots":{"index":"index","follow":"follow","max-snippet":"max-snippet:-1","max-image-preview":"max-image-preview:large","max-video-preview":"max-video-preview:-1"},"canonical":"https:\/\/zonacaral.gob.pe\/es\/noticias\/en-conferencia-de-prensa-se-presento-exposicion-museografica-sobre-la-civilizacion-caral\/","og_locale":"es_ES","og_type":"article","og_title":"En conferencia de prensa se present\u00f3 exposici\u00f3n museogr\u00e1fica sobre la Civilizaci\u00f3n CARAL","og_description":"Con gran expectativa, diversos medios de comunicaci\u00f3n de Arequipa se dieron cita en el Complejo Cultural Chaves de La Rosa para la presentaci\u00f3n de la exposici\u00f3n museogr\u00e1fica \u00abLos Valores Sociales y Culturales de CARAL, Civilizaci\u00f3n de hace 5000 a\u00f1os, S\u00edmbolo de Identidad e Integraci\u00f3n Nacional\u00bb.","og_url":"https:\/\/zonacaral.gob.pe\/es\/noticias\/en-conferencia-de-prensa-se-presento-exposicion-museografica-sobre-la-civilizacion-caral\/","og_site_name":"Zona Caral","article_published_time":"2016-10-05T15:56:46+00:00","og_image":[{"width":2560,"height":1642,"url":"https:\/\/zonacaral.gob.pe\/wp-content\/uploads\/2016\/10\/DSC_6271-scaled.jpg","type":"image\/jpeg"}],"author":"Zona Caral Administrador","twitter_card":"summary_large_image","twitter_misc":{"Written by":"Zona Caral Administrador","Est. reading time":"2 minutos"},"schema":{"@context":"https:\/\/schema.org","@graph":[{"@type":"Article","@id":"https:\/\/zonacaral.gob.pe\/es\/noticias\/en-conferencia-de-prensa-se-presento-exposicion-museografica-sobre-la-civilizacion-caral\/#article","isPartOf":{"@id":"https:\/\/zonacaral.gob.pe\/es\/noticias\/en-conferencia-de-prensa-se-presento-exposicion-museografica-sobre-la-civilizacion-caral\/"},"author":{"name":"Zona Caral Administrador","@id":"https:\/\/zonacaral.gob.pe\/es\/#\/schema\/person\/beddb4d22f71a7230c5b90913270a0ee"},"headline":"En conferencia de prensa se present\u00f3 exposici\u00f3n museogr\u00e1fica sobre la Civilizaci\u00f3n CARAL","datePublished":"2016-10-05T15:56:46+00:00","mainEntityOfPage":{"@id":"https:\/\/zonacaral.gob.pe\/es\/noticias\/en-conferencia-de-prensa-se-presento-exposicion-museografica-sobre-la-civilizacion-caral\/"},"wordCount":351,"image":{"@id":"https:\/\/zonacaral.gob.pe\/es\/noticias\/en-conferencia-de-prensa-se-presento-exposicion-museografica-sobre-la-civilizacion-caral\/#primaryimage"},"thumbnailUrl":"https:\/\/zonacaral.gob.pe\/wp-content\/uploads\/2016\/10\/DSC_6271-scaled.jpg","keywords":["arequipa","caral","exposicion"],"articleSection":["noticias"],"inLanguage":"es-PE"},{"@type":"WebPage","@id":"https:\/\/zonacaral.gob.pe\/es\/noticias\/en-conferencia-de-prensa-se-presento-exposicion-museografica-sobre-la-civilizacion-caral\/","url":"https:\/\/zonacaral.gob.pe\/es\/noticias\/en-conferencia-de-prensa-se-presento-exposicion-museografica-sobre-la-civilizacion-caral\/","name":"En conferencia de prensa se present\u00f3 exposici\u00f3n museogr\u00e1fica sobre la Civilizaci\u00f3n CARAL","isPartOf":{"@id":"https:\/\/zonacaral.gob.pe\/es\/#website"},"primaryImageOfPage":{"@id":"https:\/\/zonacaral.gob.pe\/es\/noticias\/en-conferencia-de-prensa-se-presento-exposicion-museografica-sobre-la-civilizacion-caral\/#primaryimage"},"image":{"@id":"https:\/\/zonacaral.gob.pe\/es\/noticias\/en-conferencia-de-prensa-se-presento-exposicion-museografica-sobre-la-civilizacion-caral\/#primaryimage"},"thumbnailUrl":"https:\/\/zonacaral.gob.pe\/wp-content\/uploads\/2016\/10\/DSC_6271-scaled.jpg","datePublished":"2016-10-05T15:56:46+00:00","author":{"@id":"https:\/\/zonacaral.gob.pe\/es\/#\/schema\/person\/beddb4d22f71a7230c5b90913270a0ee"},"description":"Con gran expectativa, diversos medios de comunicaci\u00f3n de Arequipa se dieron cita en el Complejo Cultural Chaves de La Rosa para la presentaci\u00f3n de la exposici\u00f3n museogr\u00e1fica \u00abLos Valores Sociales y Culturales de CARAL, Civilizaci\u00f3n de hace 5000 a\u00f1os, S\u00edmbolo de Identidad e Integraci\u00f3n Nacional\u00bb.","breadcrumb":{"@id":"https:\/\/zonacaral.gob.pe\/es\/noticias\/en-conferencia-de-prensa-se-presento-exposicion-museografica-sobre-la-civilizacion-caral\/#breadcrumb"},"inLanguage":"es-PE","potentialAction":[{"@type":"ReadAction","target":["https:\/\/zonacaral.gob.pe\/es\/noticias\/en-conferencia-de-prensa-se-presento-exposicion-museografica-sobre-la-civilizacion-caral\/"]}]},{"@type":"ImageObject","inLanguage":"es-PE","@id":"https:\/\/zonacaral.gob.pe\/es\/noticias\/en-conferencia-de-prensa-se-presento-exposicion-museografica-sobre-la-civilizacion-caral\/#primaryimage","url":"https:\/\/zonacaral.gob.pe\/wp-content\/uploads\/2016\/10\/DSC_6271-scaled.jpg","contentUrl":"https:\/\/zonacaral.gob.pe\/wp-content\/uploads\/2016\/10\/DSC_6271-scaled.jpg","width":2560,"height":1642},{"@type":"BreadcrumbList","@id":"https:\/\/zonacaral.gob.pe\/es\/noticias\/en-conferencia-de-prensa-se-presento-exposicion-museografica-sobre-la-civilizacion-caral\/#breadcrumb","itemListElement":[{"@type":"ListItem","position":1,"name":"Portada","item":"https:\/\/zonacaral.gob.pe\/"},{"@type":"ListItem","position":2,"name":"En conferencia de prensa se present\u00f3 exposici\u00f3n museogr\u00e1fica sobre la Civilizaci\u00f3n CARAL"}]},{"@type":"WebSite","@id":"https:\/\/zonacaral.gob.pe\/es\/#website","url":"https:\/\/zonacaral.gob.pe\/es\/","name":"Zona Caral","description":"Investigamos, conservamos y difundimos el patrimonio cultural de la Civilizaci\u00f3n Caral, la m\u00e1s antigua de Am\u00e9rica.","potentialAction":[{"@type":"SearchAction","target":{"@type":"EntryPoint","urlTemplate":"https:\/\/zonacaral.gob.pe\/es\/?s={search_term_string}"},"query-input":{"@type":"PropertyValueSpecification","valueRequired":true,"valueName":"search_term_string"}}],"inLanguage":"es-PE"},{"@type":"Person","@id":"https:\/\/zonacaral.gob.pe\/es\/#\/schema\/person\/beddb4d22f71a7230c5b90913270a0ee","name":"Zona Caral Administrador","image":{"@type":"ImageObject","inLanguage":"es-PE","@id":"https:\/\/secure.gravatar.com\/avatar\/e4be162918a696358376de6446614e0f0f4062bdc5d170d6d540ada3d8b58c12?s=96&d=mm&r=g","url":"https:\/\/secure.gravatar.com\/avatar\/e4be162918a696358376de6446614e0f0f4062bdc5d170d6d540ada3d8b58c12?s=96&d=mm&r=g","contentUrl":"https:\/\/secure.gravatar.com\/avatar\/e4be162918a696358376de6446614e0f0f4062bdc5d170d6d540ada3d8b58c12?s=96&d=mm&r=g","caption":"Zona Caral Administrador"},"sameAs":["https:\/\/zonacaral.gob.pe"],"url":"https:\/\/zonacaral.gob.pe\/es\/noticias\/author\/ad_zonacaral\/"}]}},"_links":{"self":[{"href":"https:\/\/zonacaral.gob.pe\/es\/wp-json\/wp\/v2\/posts\/10931","targetHints":{"allow":["GET"]}}],"collection":[{"href":"https:\/\/zonacaral.gob.pe\/es\/wp-json\/wp\/v2\/posts"}],"about":[{"href":"https:\/\/zonacaral.gob.pe\/es\/wp-json\/wp\/v2\/types\/post"}],"author":[{"embeddable":true,"href":"https:\/\/zonacaral.gob.pe\/es\/wp-json\/wp\/v2\/users\/1"}],"replies":[{"embeddable":true,"href":"https:\/\/zonacaral.gob.pe\/es\/wp-json\/wp\/v2\/comments?post=10931"}],"version-history":[{"count":0,"href":"https:\/\/zonacaral.gob.pe\/es\/wp-json\/wp\/v2\/posts\/10931\/revisions"}],"wp:featuredmedia":[{"embeddable":true,"href":"https:\/\/zonacaral.gob.pe\/es\/wp-json\/wp\/v2\/media\/10934"}],"wp:attachment":[{"href":"https:\/\/zonacaral.gob.pe\/es\/wp-json\/wp\/v2\/media?parent=10931"}],"wp:term":[{"taxonomy":"category","embeddable":true,"href":"https:\/\/zonacaral.gob.pe\/es\/wp-json\/wp\/v2\/categories?post=10931"},{"taxonomy":"post_tag","embeddable":true,"href":"https:\/\/zonacaral.gob.pe\/es\/wp-json\/wp\/v2\/tags?post=10931"}],"curies":[{"name":"wp","href":"https:\/\/api.w.org\/{rel}","templated":true}]}}