{"id":10936,"date":"2016-10-07T23:02:53","date_gmt":"2016-10-08T04:02:53","guid":{"rendered":"http:\/\/www.zonacaral.gob.pe\/?p=10936"},"modified":"2016-10-07T23:02:53","modified_gmt":"2016-10-08T04:02:53","slug":"se-inaugura-exposicion-museografica-itinerante-nacional-sobre-caral-en-la-ciudad-de-arequipa","status":"publish","type":"post","link":"https:\/\/zonacaral.gob.pe\/es\/noticias\/se-inaugura-exposicion-museografica-itinerante-nacional-sobre-caral-en-la-ciudad-de-arequipa\/","title":{"rendered":"Se inaugura exposici\u00f3n museogr\u00e1fica itinerante nacional, sobre Caral, en la ciudad de Arequipa"},"content":{"rendered":"<figure class=\"pic-autor\" style=\"color: #4d4d4d; text-align: justify;\"><\/figure>\n<p style=\"text-align: justify;\">El jueves 29 de setiembre se inaugur\u00f3 la exposici\u00f3n museogr\u00e1fica \u00abLos Valores Sociales y Culturales de CARAL, Civilizaci\u00f3n de hace 5000 a\u00f1os, S\u00edmbolo de Identidad e Integraci\u00f3n Nacional\u00bb. La presentaci\u00f3n de la muestra en la ciudad de Arequipa es resultado de la alianza estrat\u00e9gica establecida entre la Zona Arqueol\u00f3gica Caral (ZAC), Unidad Ejecutora 003 del Ministerio de Cultura y la Universidad Nacional de San Agust\u00edn de Arequipa (UNSA).<\/p>\n<p style=\"text-align: justify;\">La exposici\u00f3n fue inaugurada por la Directora de la Zona Arqueol\u00f3gica Caral, Dra. Ruth Shady \u00a0y por el Rector de la UNSA, Dr. Rohel S\u00e1nchez. La muestra presenta los resultados de los trabajos de investigaci\u00f3n realizados, desde hace veintid\u00f3s a\u00f1os, en la Ciudad Sagrada de Caral, Patrimonio Mundial y en otros diez asentamientos arqueol\u00f3gicos monumentales (\u00c1spero, Chupacigarro, Miraya, Lurihuasi, Allpacoto, Pueblo Nuevo, Piedra Parada, El Molino, Era de Pando y Vichama).<\/p>\n<p style=\"text-align: justify;\">La Dra. Ruth Shady precis\u00f3 que el objetivo de esta iniciativa es proyectar y difundir hacia la sociedad peruana los valores culturales y sociales de la Civilizaci\u00f3n Caral, g\u00e9nesis de la civilizaci\u00f3n en nuestro continente, debido a que contribuyen significativamente a forjar una nueva y m\u00e1s fuerte autoestima nacional y continental. Nuestra identidad cultural se alimenta de su pasado para proyectarse y alcanzar en un futuro pr\u00f3ximo los objetivos de igualdad, prosperidad y armon\u00eda como los que se vivieron en la era de nuestros primeros antepasados.<\/p>\n<p style=\"text-align: justify;\">La exposici\u00f3n re\u00fane recursos did\u00e1cticos, ilustrativos e interactivos como esculturas hiperrealistas, infograf\u00edas, una gran maqueta de la Ciudad Sagrada de Caral, Patrimonio Mundial, y la colecci\u00f3n arqueol\u00f3gica que se exhibe. El visitante podr\u00e1 conocer la organizaci\u00f3n social y pol\u00edtica de la Civilizaci\u00f3n Caral; el rol del comercio; la obra humana en armon\u00eda con el medio ambiente; la cosmovisi\u00f3n e ideolog\u00eda; la visi\u00f3n de la vida humana integrada; la producci\u00f3n de conocimientos y su aplicaci\u00f3n en: astronom\u00eda y sistema de registro de la informaci\u00f3n, tecnolog\u00edas agr\u00edcolas y el manejo gen\u00e9tico del algod\u00f3n de colores naturales, alimentaci\u00f3n balanceada, la construcci\u00f3n de edificios piramidales aplicando tecnolog\u00edas constructivas sostenibles y sismorresistentes, eficacia energ\u00e9tica y mec\u00e1nica de fluidos.<\/p>\n<p style=\"text-align: justify;\">El elenco del Ballet Folkl\u00f3rico de la UNSA se hizo presente en la ceremonia de inauguraci\u00f3n con la interpretaci\u00f3n de la danza del Wititi, manifestaci\u00f3n art\u00edstico-cultural arequipe\u00f1a Patrimonio Cultural Inmaterial de Humanidad<em>.<\/em><\/p>\n<p style=\"text-align: justify;\">La Zona Arqueol\u00f3gica Caral expresa un especial reconocimiento a la Universidad Nacional San Agust\u00edn de Arequipa y a la red de \u201cAmigos de Caral en Arequipa\u201d: Gobierno Regional de Arequipa, Cruz del Sur, Casa Andina, Casona Plaza Hoteles, La Casa de Melgar, Empedrada Lodge y La Hoster\u00eda de Arequipa; entidades gubernamentales y empresas privadas que con su contribuci\u00f3n y apoyo hacen posible la presentaci\u00f3n de la exposici\u00f3n museogr\u00e1fica itinerante nacional sobre la Civilizaci\u00f3n Caral en Arequipa.<\/p>\n<p style=\"text-align: justify;\">El p\u00fablico podr\u00e1 visitar la exposici\u00f3n \u00abLos Valores Sociales y Culturales de CARAL, Civilizaci\u00f3n de hace 5000 a\u00f1os, S\u00edmbolo de Identidad e Integraci\u00f3n Nacional\u00bb del 29 de setiembre al 20 de noviembre de 2016, en las Galer\u00edas de Arte y Patio del Complejo Cultural Chaves de La Rosa, ubicado en la calle Santa Catalina 101, cercado de Arequipa, de lunes a domingo, en el horario de 9:00 am a 8:00 pm.<\/p>\n<p style=\"text-align: justify;\">El ingreso es libre.<\/p>\n<p style=\"text-align: justify;\">Fuente:<span style=\"color: #800000;\">\u00a0Prensa ZAC<\/span><\/p>\n<p style=\"text-align: justify;\">Fecha de publicaci\u00f3n: 07\/10\/2016<\/p>\n","protected":false},"excerpt":{"rendered":"<p>El jueves 29 de setiembre se inaugur\u00f3 la exposici\u00f3n museogr\u00e1fica \u00abLos Valores Sociales y Culturales de CARAL, Civilizaci\u00f3n de hace [&hellip;]<\/p>\n","protected":false},"author":1,"featured_media":10945,"comment_status":"closed","ping_status":"open","sticky":false,"template":"","format":"standard","meta":{"_acf_changed":false,"site-sidebar-layout":"default","site-content-layout":"","ast-site-content-layout":"default","site-content-style":"default","site-sidebar-style":"default","ast-global-header-display":"","ast-banner-title-visibility":"","ast-main-header-display":"","ast-hfb-above-header-display":"","ast-hfb-below-header-display":"","ast-hfb-mobile-header-display":"","site-post-title":"","ast-breadcrumbs-content":"","ast-featured-img":"","footer-sml-layout":"","ast-disable-related-posts":"","theme-transparent-header-meta":"","adv-header-id-meta":"","stick-header-meta":"","header-above-stick-meta":"","header-main-stick-meta":"","header-below-stick-meta":"","astra-migrate-meta-layouts":"default","ast-page-background-enabled":"default","ast-page-background-meta":{"desktop":{"background-color":"var(--ast-global-color-5)","background-image":"","background-repeat":"repeat","background-position":"center center","background-size":"auto","background-attachment":"scroll","background-type":"","background-media":"","overlay-type":"","overlay-color":"","overlay-opacity":"","overlay-gradient":""},"tablet":{"background-color":"","background-image":"","background-repeat":"repeat","background-position":"center center","background-size":"auto","background-attachment":"scroll","background-type":"","background-media":"","overlay-type":"","overlay-color":"","overlay-opacity":"","overlay-gradient":""},"mobile":{"background-color":"","background-image":"","background-repeat":"repeat","background-position":"center center","background-size":"auto","background-attachment":"scroll","background-type":"","background-media":"","overlay-type":"","overlay-color":"","overlay-opacity":"","overlay-gradient":""}},"ast-content-background-meta":{"desktop":{"background-color":"var(--ast-global-color-4)","background-image":"","background-repeat":"repeat","background-position":"center center","background-size":"auto","background-attachment":"scroll","background-type":"","background-media":"","overlay-type":"","overlay-color":"","overlay-opacity":"","overlay-gradient":""},"tablet":{"background-color":"var(--ast-global-color-4)","background-image":"","background-repeat":"repeat","background-position":"center center","background-size":"auto","background-attachment":"scroll","background-type":"","background-media":"","overlay-type":"","overlay-color":"","overlay-opacity":"","overlay-gradient":""},"mobile":{"background-color":"var(--ast-global-color-4)","background-image":"","background-repeat":"repeat","background-position":"center center","background-size":"auto","background-attachment":"scroll","background-type":"","background-media":"","overlay-type":"","overlay-color":"","overlay-opacity":"","overlay-gradient":""}},"footnotes":""},"categories":[208],"tags":[122,55,123],"class_list":["post-10936","post","type-post","status-publish","format-standard","has-post-thumbnail","hentry","category-noticias","tag-arequipa","tag-caral","tag-exposicion"],"acf":[],"yoast_head":"<!-- This site is optimized with the Yoast SEO plugin v27.3 - https:\/\/yoast.com\/product\/yoast-seo-wordpress\/ -->\n<title>Se inaugura exposici\u00f3n museogr\u00e1fica itinerante nacional, sobre Caral, en la ciudad de Arequipa<\/title>\n<meta name=\"description\" content=\"El jueves 29 de setiembre se inaugur\u00f3 la exposici\u00f3n museogr\u00e1fica \u00abLos Valores Sociales y Culturales de CARAL, Civilizaci\u00f3n de hace 5000 a\u00f1os, S\u00edmbolo de Identidad e Integraci\u00f3n Nacional\u00bb. La presentaci\u00f3n de la muestra en la ciudad de Arequipa es resultado de la alianza estrat\u00e9gica establecida entre la Zona Arqueol\u00f3gica Caral (ZAC), Unidad Ejecutora 003 del Ministerio de Cultura y la Universidad Nacional de San Agust\u00edn de Arequipa (UNSA).\" \/>\n<meta name=\"robots\" content=\"index, follow, max-snippet:-1, max-image-preview:large, max-video-preview:-1\" \/>\n<link rel=\"canonical\" href=\"https:\/\/zonacaral.gob.pe\/es\/noticias\/se-inaugura-exposicion-museografica-itinerante-nacional-sobre-caral-en-la-ciudad-de-arequipa\/\" \/>\n<meta property=\"og:locale\" content=\"es_ES\" \/>\n<meta property=\"og:type\" content=\"article\" \/>\n<meta property=\"og:title\" content=\"Se inaugura exposici\u00f3n museogr\u00e1fica itinerante nacional, sobre Caral, en la ciudad de Arequipa\" \/>\n<meta property=\"og:description\" content=\"El jueves 29 de setiembre se inaugur\u00f3 la exposici\u00f3n museogr\u00e1fica \u00abLos Valores Sociales y Culturales de CARAL, Civilizaci\u00f3n de hace 5000 a\u00f1os, S\u00edmbolo de Identidad e Integraci\u00f3n Nacional\u00bb. La presentaci\u00f3n de la muestra en la ciudad de Arequipa es resultado de la alianza estrat\u00e9gica establecida entre la Zona Arqueol\u00f3gica Caral (ZAC), Unidad Ejecutora 003 del Ministerio de Cultura y la Universidad Nacional de San Agust\u00edn de Arequipa (UNSA).\" \/>\n<meta property=\"og:url\" content=\"https:\/\/zonacaral.gob.pe\/es\/noticias\/se-inaugura-exposicion-museografica-itinerante-nacional-sobre-caral-en-la-ciudad-de-arequipa\/\" \/>\n<meta property=\"og:site_name\" content=\"Zona Caral\" \/>\n<meta property=\"article:published_time\" content=\"2016-10-08T04:02:53+00:00\" \/>\n<meta property=\"og:image\" content=\"https:\/\/zonacaral.gob.pe\/wp-content\/uploads\/2016\/10\/08.jpg\" \/>\n\t<meta property=\"og:image:width\" content=\"1000\" \/>\n\t<meta property=\"og:image:height\" content=\"667\" \/>\n\t<meta property=\"og:image:type\" content=\"image\/jpeg\" \/>\n<meta name=\"author\" content=\"Zona Caral Administrador\" \/>\n<meta name=\"twitter:card\" content=\"summary_large_image\" \/>\n<meta name=\"twitter:label1\" content=\"Written by\" \/>\n\t<meta name=\"twitter:data1\" content=\"Zona Caral Administrador\" \/>\n\t<meta name=\"twitter:label2\" content=\"Est. reading time\" \/>\n\t<meta name=\"twitter:data2\" content=\"3 minutos\" \/>\n<script type=\"application\/ld+json\" class=\"yoast-schema-graph\">{\"@context\":\"https:\\\/\\\/schema.org\",\"@graph\":[{\"@type\":\"Article\",\"@id\":\"https:\\\/\\\/zonacaral.gob.pe\\\/es\\\/noticias\\\/se-inaugura-exposicion-museografica-itinerante-nacional-sobre-caral-en-la-ciudad-de-arequipa\\\/#article\",\"isPartOf\":{\"@id\":\"https:\\\/\\\/zonacaral.gob.pe\\\/es\\\/noticias\\\/se-inaugura-exposicion-museografica-itinerante-nacional-sobre-caral-en-la-ciudad-de-arequipa\\\/\"},\"author\":{\"name\":\"Zona Caral Administrador\",\"@id\":\"https:\\\/\\\/zonacaral.gob.pe\\\/es\\\/#\\\/schema\\\/person\\\/beddb4d22f71a7230c5b90913270a0ee\"},\"headline\":\"Se inaugura exposici\u00f3n museogr\u00e1fica itinerante nacional, sobre Caral, en la ciudad de Arequipa\",\"datePublished\":\"2016-10-08T04:02:53+00:00\",\"mainEntityOfPage\":{\"@id\":\"https:\\\/\\\/zonacaral.gob.pe\\\/es\\\/noticias\\\/se-inaugura-exposicion-museografica-itinerante-nacional-sobre-caral-en-la-ciudad-de-arequipa\\\/\"},\"wordCount\":603,\"image\":{\"@id\":\"https:\\\/\\\/zonacaral.gob.pe\\\/es\\\/noticias\\\/se-inaugura-exposicion-museografica-itinerante-nacional-sobre-caral-en-la-ciudad-de-arequipa\\\/#primaryimage\"},\"thumbnailUrl\":\"https:\\\/\\\/zonacaral.gob.pe\\\/wp-content\\\/uploads\\\/2016\\\/10\\\/08.jpg\",\"keywords\":[\"arequipa\",\"caral\",\"exposicion\"],\"articleSection\":[\"noticias\"],\"inLanguage\":\"es-PE\"},{\"@type\":\"WebPage\",\"@id\":\"https:\\\/\\\/zonacaral.gob.pe\\\/es\\\/noticias\\\/se-inaugura-exposicion-museografica-itinerante-nacional-sobre-caral-en-la-ciudad-de-arequipa\\\/\",\"url\":\"https:\\\/\\\/zonacaral.gob.pe\\\/es\\\/noticias\\\/se-inaugura-exposicion-museografica-itinerante-nacional-sobre-caral-en-la-ciudad-de-arequipa\\\/\",\"name\":\"Se inaugura exposici\u00f3n museogr\u00e1fica itinerante nacional, sobre Caral, en la ciudad de Arequipa\",\"isPartOf\":{\"@id\":\"https:\\\/\\\/zonacaral.gob.pe\\\/es\\\/#website\"},\"primaryImageOfPage\":{\"@id\":\"https:\\\/\\\/zonacaral.gob.pe\\\/es\\\/noticias\\\/se-inaugura-exposicion-museografica-itinerante-nacional-sobre-caral-en-la-ciudad-de-arequipa\\\/#primaryimage\"},\"image\":{\"@id\":\"https:\\\/\\\/zonacaral.gob.pe\\\/es\\\/noticias\\\/se-inaugura-exposicion-museografica-itinerante-nacional-sobre-caral-en-la-ciudad-de-arequipa\\\/#primaryimage\"},\"thumbnailUrl\":\"https:\\\/\\\/zonacaral.gob.pe\\\/wp-content\\\/uploads\\\/2016\\\/10\\\/08.jpg\",\"datePublished\":\"2016-10-08T04:02:53+00:00\",\"author\":{\"@id\":\"https:\\\/\\\/zonacaral.gob.pe\\\/es\\\/#\\\/schema\\\/person\\\/beddb4d22f71a7230c5b90913270a0ee\"},\"description\":\"El jueves 29 de setiembre se inaugur\u00f3 la exposici\u00f3n museogr\u00e1fica \u00abLos Valores Sociales y Culturales de CARAL, Civilizaci\u00f3n de hace 5000 a\u00f1os, S\u00edmbolo de Identidad e Integraci\u00f3n Nacional\u00bb. La presentaci\u00f3n de la muestra en la ciudad de Arequipa es resultado de la alianza estrat\u00e9gica establecida entre la Zona Arqueol\u00f3gica Caral (ZAC), Unidad Ejecutora 003 del Ministerio de Cultura y la Universidad Nacional de San Agust\u00edn de Arequipa (UNSA).\",\"breadcrumb\":{\"@id\":\"https:\\\/\\\/zonacaral.gob.pe\\\/es\\\/noticias\\\/se-inaugura-exposicion-museografica-itinerante-nacional-sobre-caral-en-la-ciudad-de-arequipa\\\/#breadcrumb\"},\"inLanguage\":\"es-PE\",\"potentialAction\":[{\"@type\":\"ReadAction\",\"target\":[\"https:\\\/\\\/zonacaral.gob.pe\\\/es\\\/noticias\\\/se-inaugura-exposicion-museografica-itinerante-nacional-sobre-caral-en-la-ciudad-de-arequipa\\\/\"]}]},{\"@type\":\"ImageObject\",\"inLanguage\":\"es-PE\",\"@id\":\"https:\\\/\\\/zonacaral.gob.pe\\\/es\\\/noticias\\\/se-inaugura-exposicion-museografica-itinerante-nacional-sobre-caral-en-la-ciudad-de-arequipa\\\/#primaryimage\",\"url\":\"https:\\\/\\\/zonacaral.gob.pe\\\/wp-content\\\/uploads\\\/2016\\\/10\\\/08.jpg\",\"contentUrl\":\"https:\\\/\\\/zonacaral.gob.pe\\\/wp-content\\\/uploads\\\/2016\\\/10\\\/08.jpg\",\"width\":1000,\"height\":667},{\"@type\":\"BreadcrumbList\",\"@id\":\"https:\\\/\\\/zonacaral.gob.pe\\\/es\\\/noticias\\\/se-inaugura-exposicion-museografica-itinerante-nacional-sobre-caral-en-la-ciudad-de-arequipa\\\/#breadcrumb\",\"itemListElement\":[{\"@type\":\"ListItem\",\"position\":1,\"name\":\"Portada\",\"item\":\"https:\\\/\\\/zonacaral.gob.pe\\\/\"},{\"@type\":\"ListItem\",\"position\":2,\"name\":\"Se inaugura exposici\u00f3n museogr\u00e1fica itinerante nacional, sobre Caral, en la ciudad de Arequipa\"}]},{\"@type\":\"WebSite\",\"@id\":\"https:\\\/\\\/zonacaral.gob.pe\\\/es\\\/#website\",\"url\":\"https:\\\/\\\/zonacaral.gob.pe\\\/es\\\/\",\"name\":\"Zona Caral\",\"description\":\"Investigamos, conservamos y difundimos el patrimonio cultural de la Civilizaci\u00f3n Caral, la m\u00e1s antigua de Am\u00e9rica.\",\"potentialAction\":[{\"@type\":\"SearchAction\",\"target\":{\"@type\":\"EntryPoint\",\"urlTemplate\":\"https:\\\/\\\/zonacaral.gob.pe\\\/es\\\/?s={search_term_string}\"},\"query-input\":{\"@type\":\"PropertyValueSpecification\",\"valueRequired\":true,\"valueName\":\"search_term_string\"}}],\"inLanguage\":\"es-PE\"},{\"@type\":\"Person\",\"@id\":\"https:\\\/\\\/zonacaral.gob.pe\\\/es\\\/#\\\/schema\\\/person\\\/beddb4d22f71a7230c5b90913270a0ee\",\"name\":\"Zona Caral Administrador\",\"image\":{\"@type\":\"ImageObject\",\"inLanguage\":\"es-PE\",\"@id\":\"https:\\\/\\\/secure.gravatar.com\\\/avatar\\\/e4be162918a696358376de6446614e0f0f4062bdc5d170d6d540ada3d8b58c12?s=96&d=mm&r=g\",\"url\":\"https:\\\/\\\/secure.gravatar.com\\\/avatar\\\/e4be162918a696358376de6446614e0f0f4062bdc5d170d6d540ada3d8b58c12?s=96&d=mm&r=g\",\"contentUrl\":\"https:\\\/\\\/secure.gravatar.com\\\/avatar\\\/e4be162918a696358376de6446614e0f0f4062bdc5d170d6d540ada3d8b58c12?s=96&d=mm&r=g\",\"caption\":\"Zona Caral Administrador\"},\"sameAs\":[\"https:\\\/\\\/zonacaral.gob.pe\"],\"url\":\"https:\\\/\\\/zonacaral.gob.pe\\\/es\\\/noticias\\\/author\\\/ad_zonacaral\\\/\"}]}<\/script>\n<!-- \/ Yoast SEO plugin. -->","yoast_head_json":{"title":"Se inaugura exposici\u00f3n museogr\u00e1fica itinerante nacional, sobre Caral, en la ciudad de Arequipa","description":"El jueves 29 de setiembre se inaugur\u00f3 la exposici\u00f3n museogr\u00e1fica \u00abLos Valores Sociales y Culturales de CARAL, Civilizaci\u00f3n de hace 5000 a\u00f1os, S\u00edmbolo de Identidad e Integraci\u00f3n Nacional\u00bb. La presentaci\u00f3n de la muestra en la ciudad de Arequipa es resultado de la alianza estrat\u00e9gica establecida entre la Zona Arqueol\u00f3gica Caral (ZAC), Unidad Ejecutora 003 del Ministerio de Cultura y la Universidad Nacional de San Agust\u00edn de Arequipa (UNSA).","robots":{"index":"index","follow":"follow","max-snippet":"max-snippet:-1","max-image-preview":"max-image-preview:large","max-video-preview":"max-video-preview:-1"},"canonical":"https:\/\/zonacaral.gob.pe\/es\/noticias\/se-inaugura-exposicion-museografica-itinerante-nacional-sobre-caral-en-la-ciudad-de-arequipa\/","og_locale":"es_ES","og_type":"article","og_title":"Se inaugura exposici\u00f3n museogr\u00e1fica itinerante nacional, sobre Caral, en la ciudad de Arequipa","og_description":"El jueves 29 de setiembre se inaugur\u00f3 la exposici\u00f3n museogr\u00e1fica \u00abLos Valores Sociales y Culturales de CARAL, Civilizaci\u00f3n de hace 5000 a\u00f1os, S\u00edmbolo de Identidad e Integraci\u00f3n Nacional\u00bb. La presentaci\u00f3n de la muestra en la ciudad de Arequipa es resultado de la alianza estrat\u00e9gica establecida entre la Zona Arqueol\u00f3gica Caral (ZAC), Unidad Ejecutora 003 del Ministerio de Cultura y la Universidad Nacional de San Agust\u00edn de Arequipa (UNSA).","og_url":"https:\/\/zonacaral.gob.pe\/es\/noticias\/se-inaugura-exposicion-museografica-itinerante-nacional-sobre-caral-en-la-ciudad-de-arequipa\/","og_site_name":"Zona Caral","article_published_time":"2016-10-08T04:02:53+00:00","og_image":[{"width":1000,"height":667,"url":"https:\/\/zonacaral.gob.pe\/wp-content\/uploads\/2016\/10\/08.jpg","type":"image\/jpeg"}],"author":"Zona Caral Administrador","twitter_card":"summary_large_image","twitter_misc":{"Written by":"Zona Caral Administrador","Est. reading time":"3 minutos"},"schema":{"@context":"https:\/\/schema.org","@graph":[{"@type":"Article","@id":"https:\/\/zonacaral.gob.pe\/es\/noticias\/se-inaugura-exposicion-museografica-itinerante-nacional-sobre-caral-en-la-ciudad-de-arequipa\/#article","isPartOf":{"@id":"https:\/\/zonacaral.gob.pe\/es\/noticias\/se-inaugura-exposicion-museografica-itinerante-nacional-sobre-caral-en-la-ciudad-de-arequipa\/"},"author":{"name":"Zona Caral Administrador","@id":"https:\/\/zonacaral.gob.pe\/es\/#\/schema\/person\/beddb4d22f71a7230c5b90913270a0ee"},"headline":"Se inaugura exposici\u00f3n museogr\u00e1fica itinerante nacional, sobre Caral, en la ciudad de Arequipa","datePublished":"2016-10-08T04:02:53+00:00","mainEntityOfPage":{"@id":"https:\/\/zonacaral.gob.pe\/es\/noticias\/se-inaugura-exposicion-museografica-itinerante-nacional-sobre-caral-en-la-ciudad-de-arequipa\/"},"wordCount":603,"image":{"@id":"https:\/\/zonacaral.gob.pe\/es\/noticias\/se-inaugura-exposicion-museografica-itinerante-nacional-sobre-caral-en-la-ciudad-de-arequipa\/#primaryimage"},"thumbnailUrl":"https:\/\/zonacaral.gob.pe\/wp-content\/uploads\/2016\/10\/08.jpg","keywords":["arequipa","caral","exposicion"],"articleSection":["noticias"],"inLanguage":"es-PE"},{"@type":"WebPage","@id":"https:\/\/zonacaral.gob.pe\/es\/noticias\/se-inaugura-exposicion-museografica-itinerante-nacional-sobre-caral-en-la-ciudad-de-arequipa\/","url":"https:\/\/zonacaral.gob.pe\/es\/noticias\/se-inaugura-exposicion-museografica-itinerante-nacional-sobre-caral-en-la-ciudad-de-arequipa\/","name":"Se inaugura exposici\u00f3n museogr\u00e1fica itinerante nacional, sobre Caral, en la ciudad de Arequipa","isPartOf":{"@id":"https:\/\/zonacaral.gob.pe\/es\/#website"},"primaryImageOfPage":{"@id":"https:\/\/zonacaral.gob.pe\/es\/noticias\/se-inaugura-exposicion-museografica-itinerante-nacional-sobre-caral-en-la-ciudad-de-arequipa\/#primaryimage"},"image":{"@id":"https:\/\/zonacaral.gob.pe\/es\/noticias\/se-inaugura-exposicion-museografica-itinerante-nacional-sobre-caral-en-la-ciudad-de-arequipa\/#primaryimage"},"thumbnailUrl":"https:\/\/zonacaral.gob.pe\/wp-content\/uploads\/2016\/10\/08.jpg","datePublished":"2016-10-08T04:02:53+00:00","author":{"@id":"https:\/\/zonacaral.gob.pe\/es\/#\/schema\/person\/beddb4d22f71a7230c5b90913270a0ee"},"description":"El jueves 29 de setiembre se inaugur\u00f3 la exposici\u00f3n museogr\u00e1fica \u00abLos Valores Sociales y Culturales de CARAL, Civilizaci\u00f3n de hace 5000 a\u00f1os, S\u00edmbolo de Identidad e Integraci\u00f3n Nacional\u00bb. La presentaci\u00f3n de la muestra en la ciudad de Arequipa es resultado de la alianza estrat\u00e9gica establecida entre la Zona Arqueol\u00f3gica Caral (ZAC), Unidad Ejecutora 003 del Ministerio de Cultura y la Universidad Nacional de San Agust\u00edn de Arequipa (UNSA).","breadcrumb":{"@id":"https:\/\/zonacaral.gob.pe\/es\/noticias\/se-inaugura-exposicion-museografica-itinerante-nacional-sobre-caral-en-la-ciudad-de-arequipa\/#breadcrumb"},"inLanguage":"es-PE","potentialAction":[{"@type":"ReadAction","target":["https:\/\/zonacaral.gob.pe\/es\/noticias\/se-inaugura-exposicion-museografica-itinerante-nacional-sobre-caral-en-la-ciudad-de-arequipa\/"]}]},{"@type":"ImageObject","inLanguage":"es-PE","@id":"https:\/\/zonacaral.gob.pe\/es\/noticias\/se-inaugura-exposicion-museografica-itinerante-nacional-sobre-caral-en-la-ciudad-de-arequipa\/#primaryimage","url":"https:\/\/zonacaral.gob.pe\/wp-content\/uploads\/2016\/10\/08.jpg","contentUrl":"https:\/\/zonacaral.gob.pe\/wp-content\/uploads\/2016\/10\/08.jpg","width":1000,"height":667},{"@type":"BreadcrumbList","@id":"https:\/\/zonacaral.gob.pe\/es\/noticias\/se-inaugura-exposicion-museografica-itinerante-nacional-sobre-caral-en-la-ciudad-de-arequipa\/#breadcrumb","itemListElement":[{"@type":"ListItem","position":1,"name":"Portada","item":"https:\/\/zonacaral.gob.pe\/"},{"@type":"ListItem","position":2,"name":"Se inaugura exposici\u00f3n museogr\u00e1fica itinerante nacional, sobre Caral, en la ciudad de Arequipa"}]},{"@type":"WebSite","@id":"https:\/\/zonacaral.gob.pe\/es\/#website","url":"https:\/\/zonacaral.gob.pe\/es\/","name":"Zona Caral","description":"Investigamos, conservamos y difundimos el patrimonio cultural de la Civilizaci\u00f3n Caral, la m\u00e1s antigua de Am\u00e9rica.","potentialAction":[{"@type":"SearchAction","target":{"@type":"EntryPoint","urlTemplate":"https:\/\/zonacaral.gob.pe\/es\/?s={search_term_string}"},"query-input":{"@type":"PropertyValueSpecification","valueRequired":true,"valueName":"search_term_string"}}],"inLanguage":"es-PE"},{"@type":"Person","@id":"https:\/\/zonacaral.gob.pe\/es\/#\/schema\/person\/beddb4d22f71a7230c5b90913270a0ee","name":"Zona Caral Administrador","image":{"@type":"ImageObject","inLanguage":"es-PE","@id":"https:\/\/secure.gravatar.com\/avatar\/e4be162918a696358376de6446614e0f0f4062bdc5d170d6d540ada3d8b58c12?s=96&d=mm&r=g","url":"https:\/\/secure.gravatar.com\/avatar\/e4be162918a696358376de6446614e0f0f4062bdc5d170d6d540ada3d8b58c12?s=96&d=mm&r=g","contentUrl":"https:\/\/secure.gravatar.com\/avatar\/e4be162918a696358376de6446614e0f0f4062bdc5d170d6d540ada3d8b58c12?s=96&d=mm&r=g","caption":"Zona Caral Administrador"},"sameAs":["https:\/\/zonacaral.gob.pe"],"url":"https:\/\/zonacaral.gob.pe\/es\/noticias\/author\/ad_zonacaral\/"}]}},"_links":{"self":[{"href":"https:\/\/zonacaral.gob.pe\/es\/wp-json\/wp\/v2\/posts\/10936","targetHints":{"allow":["GET"]}}],"collection":[{"href":"https:\/\/zonacaral.gob.pe\/es\/wp-json\/wp\/v2\/posts"}],"about":[{"href":"https:\/\/zonacaral.gob.pe\/es\/wp-json\/wp\/v2\/types\/post"}],"author":[{"embeddable":true,"href":"https:\/\/zonacaral.gob.pe\/es\/wp-json\/wp\/v2\/users\/1"}],"replies":[{"embeddable":true,"href":"https:\/\/zonacaral.gob.pe\/es\/wp-json\/wp\/v2\/comments?post=10936"}],"version-history":[{"count":0,"href":"https:\/\/zonacaral.gob.pe\/es\/wp-json\/wp\/v2\/posts\/10936\/revisions"}],"wp:featuredmedia":[{"embeddable":true,"href":"https:\/\/zonacaral.gob.pe\/es\/wp-json\/wp\/v2\/media\/10945"}],"wp:attachment":[{"href":"https:\/\/zonacaral.gob.pe\/es\/wp-json\/wp\/v2\/media?parent=10936"}],"wp:term":[{"taxonomy":"category","embeddable":true,"href":"https:\/\/zonacaral.gob.pe\/es\/wp-json\/wp\/v2\/categories?post=10936"},{"taxonomy":"post_tag","embeddable":true,"href":"https:\/\/zonacaral.gob.pe\/es\/wp-json\/wp\/v2\/tags?post=10936"}],"curies":[{"name":"wp","href":"https:\/\/api.w.org\/{rel}","templated":true}]}}