{"id":10952,"date":"2016-10-18T16:12:43","date_gmt":"2016-10-18T21:12:43","guid":{"rendered":"http:\/\/www.zonacaral.gob.pe\/?p=10952"},"modified":"2016-10-18T16:12:43","modified_gmt":"2016-10-18T21:12:43","slug":"mas-de-dos-decadas-develando-la-historia-de-la-civilizacion-caral-para-el-peru-y-el-mundo","status":"publish","type":"post","link":"https:\/\/zonacaral.gob.pe\/es\/noticias\/mas-de-dos-decadas-develando-la-historia-de-la-civilizacion-caral-para-el-peru-y-el-mundo\/","title":{"rendered":"M\u00e1s de dos d\u00e9cadas develando la historia de la civilizaci\u00f3n Caral para el Per\u00fa y el mundo"},"content":{"rendered":"<figure class=\"pic-autor\" style=\"color: #4d4d4d; text-align: justify;\"><\/figure>\n<blockquote>\n<p style=\"text-align: justify;\"><span style=\"color: #1b1b1b;\">Descubrimientos permiten conocer la dimensi\u00f3n Ciudad Sagrada de Caral, Patrimonio Mundial: 5 000 a\u00f1os de Identidad Cultural.<\/span><\/p>\n<\/blockquote>\n<p style=\"color: #1b1b1b; text-align: justify;\">La Zona Arqueol\u00f3gica Caral, adscrita al Ministerio Cultura, celebra 22 a\u00f1os de investigaciones y puesta en valor de este Patrimonio Mundial que representa 5 mil a\u00f1os de identidad cultural, con una serie de actividades que se desarrollar\u00e1n del 27 al 29 de octubre en la Ciudad Sagrada.<\/p>\n<p style=\"color: #1b1b1b; text-align: justify;\">El viceministro de Interculturalidad, Alfredo Luna Brice\u00f1o, resalt\u00f3 la labor realizada durante este tiempo en la Zona Arqueol\u00f3gica. Dijo que es una \u201cmuestra fehaciente de lo que significa la labor del arque\u00f3logo en funci\u00f3n del aporte al desarrollo de una Naci\u00f3n. Ruth Shady ha hecho de Caral, no solamente una zona de investigaci\u00f3n arqueol\u00f3gica, sino tambi\u00e9n una zona de irradiaci\u00f3n de desarrollo regional\u201d.<\/p>\n<p style=\"color: #1b1b1b; text-align: justify;\">En 1994, la reconocida arque\u00f3loga Ruth Shady y directora de la Zona Arqueol\u00f3gica Caral, junto a un gran equipo de arque\u00f3logos, iniciaron las investigaciones en el valle de Supe. Como resultado, se logr\u00f3 caracterizar la arquitectura de los sitios identificados, as\u00ed como sus semejanzas y diferencias, interpretaciones preliminares sobre el patr\u00f3n de asentamiento e inferencias sobre el sistema social que los produjo.<\/p>\n<p style=\"color: #1b1b1b; text-align: justify;\">En el a\u00f1o 2002, la Ciudad Sagrada de Caral fue declarada Patrimonio Cultural de la Naci\u00f3n por el Estado peruano. La designaci\u00f3n como Patrimonio Mundial, fue realizada por el Centro del Patrimonio Mundial de la UNESCO en el a\u00f1o 2009, luego de aplicar estrictos criterios culturales que reconocieron el valor universal de este importante sitio arqueol\u00f3gico, que fue asiento de la civilizaci\u00f3n m\u00e1s antigua de Am\u00e9rica. Esta distinci\u00f3n ha sido un aporte al reconocimiento mundial de la cultura peruana.<\/p>\n<p style=\"color: #1b1b1b; text-align: justify;\">Ruth Shady sostiene que \u201csin investigaci\u00f3n no tendremos un conocimiento adecuado de c\u00f3mo se manej\u00f3 este territorio peruano que es tan complejo\u201d. Explic\u00f3 que es uno de los m\u00e1s vulnerables a los cambios clim\u00e1ticos. \u201cCaral es la civilizaci\u00f3n que tuvo gran prestigio durante mil a\u00f1os, pero entr\u00f3 en crisis y colaps\u00f3 por un cambio clim\u00e1tico.<\/p>\n<p style=\"color: #1b1b1b; text-align: justify;\">Agradeci\u00f3 a su equipo de trabajo multidisciplinario que realiza investigaciones en 11 sitios de la zona arqueol\u00f3gica. \u201cNo solo es recuperar la historia para que quede en el mundo acad\u00e9mico, es que esa historia pueda ser comunicada a la sociedad y pueda fomentar los cambios que esta requiere, reflexionando sobre lo que hemos sido, lo que somos y los cambios que debemos implementar.<\/p>\n<p style=\"color: #1b1b1b; text-align: justify;\">La Zona Arqueol\u00f3gica Caral realiza grandes esfuerzos para que los beneficiados con este magn\u00edfico descubrimiento sean los pobladores del valle de Supe. El objetivo es promover el desarrollo integral y sostenible en la poblaci\u00f3n y sus alrededores; a trav\u00e9s de la transmisi\u00f3n de la historia social para fortalecer la Identidad Cultural y mejorar las condiciones socioecon\u00f3micas de la poblaci\u00f3n local, regional y nacional.<\/p>\n<h3 style=\"color: #1b1b1b; text-align: justify;\"><strong style=\"font-style: inherit;\">Los descubrimientos<\/strong><\/h3>\n<p style=\"color: #1b1b1b; text-align: justify;\">La dimensi\u00f3n espectacular de las construcciones de Caral y su plan urban\u00edstico, son una muestra de la utilizaci\u00f3n de conocimientos. Asombran la t\u00e9cnica de construcci\u00f3n antis\u00edsmica que utilizaron en sus edificios piramidales. En la parte alta de la zona nuclear, est\u00e1n las construcciones p\u00fablicas y residenciales m\u00e1s grandes de la ciudad: siete edificios monumentales, dos plazas circulares hundidas, dos espacios de congregaci\u00f3n colectiva, unidades residenciales de los funcionarios, as\u00ed como un extenso conjunto residencial de especialistas y servidores.<\/p>\n<p style=\"color: #1b1b1b; text-align: justify;\">Los antiguos caralinos alcanzaron un impresionante desarrollo a nivel cultural y cient\u00edfico; usaron estudios astron\u00f3micos en la medici\u00f3n del tiempo y en la predicci\u00f3n del clima. Su econom\u00eda era de intercambio agr\u00edcola-pesquero; los pobladores del litoral pescaron y recolectaron principalmente la anchoveta, choros morados y machas, y los agricultores del valle produjeron algod\u00f3n de colores, mates y especies alimenticias como achira, frijol, camote, guayaba, zapallo, calabaza, man\u00ed, palta, aj\u00ed, pacae, ma\u00edz, etc.<\/p>\n<p style=\"color: #1b1b1b; text-align: justify;\">Para los caralinos las acciones de la vida social, pol\u00edtica, religi\u00f3n, econom\u00eda y ciencia, estaban relacionadas entre s\u00ed; los l\u00edderes religiosos eran, a la vez, l\u00edderes pol\u00edticos especializados en astronom\u00eda o medicina. La m\u00fasica, tambi\u00e9n form\u00f3 parte importante de su cultura, en las excavaciones realizadas se recuperaron flautas traversas, cornetas, antaras, quenas y otros artefactos sonoros, que representan un antecedente muy remoto de la tradici\u00f3n musical andina.<\/p>\n<p style=\"color: #1b1b1b; text-align: justify;\">Los hallazgos recuperados en la Ciudad Sagrada de Caral son indicadores de la interacci\u00f3n entre la sociedad de Caral y otros centros urbanos de la Civilizaci\u00f3n Caral, compartieron creencias y manifestaciones ideol\u00f3gicas. La importancia de estos hallazgos radica en que nos ayudan a conocer aspectos de la organizaci\u00f3n social y del sistema religioso de la sociedad de Caral, la civilizaci\u00f3n m\u00e1s antigua de Am\u00e9rica.<\/p>\n<h3 style=\"color: #1b1b1b; text-align: justify;\"><strong style=\"font-style: inherit;\">El dato<\/strong><\/h3>\n<p style=\"color: #1b1b1b; text-align: justify;\">Las actividades por la celebraci\u00f3n del 22\u00b0 Aniversario de la Zona Arqueol\u00f3gica de Caral. Se realizar\u00e1n en el sitio arqueol\u00f3gico, el jueves 27, viernes 28 y s\u00e1bado 29 de octubre<strong style=\"font-style: inherit;\">.\u00a0<\/strong>La programaci\u00f3n completa de puede ver en el siguiente link<a style=\"font-weight: inherit; font-style: inherit; color: black;\" href=\"http:\/\/www.zonacaral.gob.pe\/aniversario\/\">http:\/\/www.zonacaral.gob.pe\/aniversario\/<\/a><\/p>\n<p style=\"text-align: justify;\">Fuente:<span style=\"color: #800000;\">\u00a0Prensa ZAC<\/span><\/p>\n<p style=\"text-align: justify;\">Fecha de publicaci\u00f3n: 18\/10\/2016<\/p>\n","protected":false},"excerpt":{"rendered":"<p>Descubrimientos permiten conocer la dimensi\u00f3n Ciudad Sagrada de Caral, Patrimonio Mundial: 5 000 a\u00f1os de Identidad Cultural. La Zona Arqueol\u00f3gica [&hellip;]<\/p>\n","protected":false},"author":1,"featured_media":10953,"comment_status":"closed","ping_status":"open","sticky":false,"template":"","format":"standard","meta":{"_acf_changed":false,"site-sidebar-layout":"default","site-content-layout":"","ast-site-content-layout":"default","site-content-style":"default","site-sidebar-style":"default","ast-global-header-display":"","ast-banner-title-visibility":"","ast-main-header-display":"","ast-hfb-above-header-display":"","ast-hfb-below-header-display":"","ast-hfb-mobile-header-display":"","site-post-title":"","ast-breadcrumbs-content":"","ast-featured-img":"","footer-sml-layout":"","ast-disable-related-posts":"","theme-transparent-header-meta":"","adv-header-id-meta":"","stick-header-meta":"","header-above-stick-meta":"","header-main-stick-meta":"","header-below-stick-meta":"","astra-migrate-meta-layouts":"default","ast-page-background-enabled":"default","ast-page-background-meta":{"desktop":{"background-color":"var(--ast-global-color-5)","background-image":"","background-repeat":"repeat","background-position":"center center","background-size":"auto","background-attachment":"scroll","background-type":"","background-media":"","overlay-type":"","overlay-color":"","overlay-opacity":"","overlay-gradient":""},"tablet":{"background-color":"","background-image":"","background-repeat":"repeat","background-position":"center center","background-size":"auto","background-attachment":"scroll","background-type":"","background-media":"","overlay-type":"","overlay-color":"","overlay-opacity":"","overlay-gradient":""},"mobile":{"background-color":"","background-image":"","background-repeat":"repeat","background-position":"center center","background-size":"auto","background-attachment":"scroll","background-type":"","background-media":"","overlay-type":"","overlay-color":"","overlay-opacity":"","overlay-gradient":""}},"ast-content-background-meta":{"desktop":{"background-color":"var(--ast-global-color-4)","background-image":"","background-repeat":"repeat","background-position":"center center","background-size":"auto","background-attachment":"scroll","background-type":"","background-media":"","overlay-type":"","overlay-color":"","overlay-opacity":"","overlay-gradient":""},"tablet":{"background-color":"var(--ast-global-color-4)","background-image":"","background-repeat":"repeat","background-position":"center center","background-size":"auto","background-attachment":"scroll","background-type":"","background-media":"","overlay-type":"","overlay-color":"","overlay-opacity":"","overlay-gradient":""},"mobile":{"background-color":"var(--ast-global-color-4)","background-image":"","background-repeat":"repeat","background-position":"center center","background-size":"auto","background-attachment":"scroll","background-type":"","background-media":"","overlay-type":"","overlay-color":"","overlay-opacity":"","overlay-gradient":""}},"footnotes":""},"categories":[208],"tags":[122,55,123],"class_list":["post-10952","post","type-post","status-publish","format-standard","has-post-thumbnail","hentry","category-noticias","tag-arequipa","tag-caral","tag-exposicion"],"acf":[],"yoast_head":"<!-- This site is optimized with the Yoast SEO plugin v27.3 - https:\/\/yoast.com\/product\/yoast-seo-wordpress\/ -->\n<title>M\u00e1s de dos d\u00e9cadas develando la historia de la civilizaci\u00f3n Caral para el Per\u00fa y el mundo<\/title>\n<meta name=\"description\" content=\"La Zona Arqueol\u00f3gica Caral, adscrita al Ministerio Cultura, celebra 22 a\u00f1os de investigaciones y puesta en valor de este Patrimonio Mundial que representa 5 mil a\u00f1os de identidad cultural, con una serie de actividades que se desarrollar\u00e1n del 27 al 29 de octubre en la Ciudad Sagrada.\" \/>\n<meta name=\"robots\" content=\"index, follow, max-snippet:-1, max-image-preview:large, max-video-preview:-1\" \/>\n<link rel=\"canonical\" href=\"https:\/\/zonacaral.gob.pe\/es\/noticias\/mas-de-dos-decadas-develando-la-historia-de-la-civilizacion-caral-para-el-peru-y-el-mundo\/\" \/>\n<meta property=\"og:locale\" content=\"es_ES\" \/>\n<meta property=\"og:type\" content=\"article\" \/>\n<meta property=\"og:title\" content=\"Se inaugura exposici\u00f3n museogr\u00e1fica itinerante nacional, sobre Caral, en la ciudad de Arequipa\" \/>\n<meta property=\"og:description\" content=\"La Zona Arqueol\u00f3gica Caral, adscrita al Ministerio Cultura, celebra 22 a\u00f1os de investigaciones y puesta en valor de este Patrimonio Mundial que representa 5 mil a\u00f1os de identidad cultural, con una serie de actividades que se desarrollar\u00e1n del 27 al 29 de octubre en la Ciudad Sagrada.\" \/>\n<meta property=\"og:url\" content=\"https:\/\/zonacaral.gob.pe\/es\/noticias\/mas-de-dos-decadas-develando-la-historia-de-la-civilizacion-caral-para-el-peru-y-el-mundo\/\" \/>\n<meta property=\"og:site_name\" content=\"Zona Caral\" \/>\n<meta property=\"article:published_time\" content=\"2016-10-18T21:12:43+00:00\" \/>\n<meta property=\"og:image\" content=\"https:\/\/zonacaral.gob.pe\/wp-content\/uploads\/2016\/10\/nota-prensa-caral.jpg\" \/>\n\t<meta property=\"og:image:width\" content=\"900\" \/>\n\t<meta property=\"og:image:height\" content=\"456\" \/>\n\t<meta property=\"og:image:type\" content=\"image\/jpeg\" \/>\n<meta name=\"author\" content=\"Zona Caral Administrador\" \/>\n<meta name=\"twitter:card\" content=\"summary_large_image\" \/>\n<meta name=\"twitter:label1\" content=\"Written by\" \/>\n\t<meta name=\"twitter:data1\" content=\"Zona Caral Administrador\" \/>\n\t<meta name=\"twitter:label2\" content=\"Est. reading time\" \/>\n\t<meta name=\"twitter:data2\" content=\"4 minutos\" \/>\n<script type=\"application\/ld+json\" class=\"yoast-schema-graph\">{\"@context\":\"https:\\\/\\\/schema.org\",\"@graph\":[{\"@type\":\"Article\",\"@id\":\"https:\\\/\\\/zonacaral.gob.pe\\\/es\\\/noticias\\\/mas-de-dos-decadas-develando-la-historia-de-la-civilizacion-caral-para-el-peru-y-el-mundo\\\/#article\",\"isPartOf\":{\"@id\":\"https:\\\/\\\/zonacaral.gob.pe\\\/es\\\/noticias\\\/mas-de-dos-decadas-develando-la-historia-de-la-civilizacion-caral-para-el-peru-y-el-mundo\\\/\"},\"author\":{\"name\":\"Zona Caral Administrador\",\"@id\":\"https:\\\/\\\/zonacaral.gob.pe\\\/es\\\/#\\\/schema\\\/person\\\/beddb4d22f71a7230c5b90913270a0ee\"},\"headline\":\"M\u00e1s de dos d\u00e9cadas develando la historia de la civilizaci\u00f3n Caral para el Per\u00fa y el mundo\",\"datePublished\":\"2016-10-18T21:12:43+00:00\",\"mainEntityOfPage\":{\"@id\":\"https:\\\/\\\/zonacaral.gob.pe\\\/es\\\/noticias\\\/mas-de-dos-decadas-develando-la-historia-de-la-civilizacion-caral-para-el-peru-y-el-mundo\\\/\"},\"wordCount\":877,\"image\":{\"@id\":\"https:\\\/\\\/zonacaral.gob.pe\\\/es\\\/noticias\\\/mas-de-dos-decadas-develando-la-historia-de-la-civilizacion-caral-para-el-peru-y-el-mundo\\\/#primaryimage\"},\"thumbnailUrl\":\"https:\\\/\\\/zonacaral.gob.pe\\\/wp-content\\\/uploads\\\/2016\\\/10\\\/nota-prensa-caral.jpg\",\"keywords\":[\"arequipa\",\"caral\",\"exposicion\"],\"articleSection\":[\"noticias\"],\"inLanguage\":\"es-PE\"},{\"@type\":\"WebPage\",\"@id\":\"https:\\\/\\\/zonacaral.gob.pe\\\/es\\\/noticias\\\/mas-de-dos-decadas-develando-la-historia-de-la-civilizacion-caral-para-el-peru-y-el-mundo\\\/\",\"url\":\"https:\\\/\\\/zonacaral.gob.pe\\\/es\\\/noticias\\\/mas-de-dos-decadas-develando-la-historia-de-la-civilizacion-caral-para-el-peru-y-el-mundo\\\/\",\"name\":\"M\u00e1s de dos d\u00e9cadas develando la historia de la civilizaci\u00f3n Caral para el Per\u00fa y el mundo\",\"isPartOf\":{\"@id\":\"https:\\\/\\\/zonacaral.gob.pe\\\/es\\\/#website\"},\"primaryImageOfPage\":{\"@id\":\"https:\\\/\\\/zonacaral.gob.pe\\\/es\\\/noticias\\\/mas-de-dos-decadas-develando-la-historia-de-la-civilizacion-caral-para-el-peru-y-el-mundo\\\/#primaryimage\"},\"image\":{\"@id\":\"https:\\\/\\\/zonacaral.gob.pe\\\/es\\\/noticias\\\/mas-de-dos-decadas-develando-la-historia-de-la-civilizacion-caral-para-el-peru-y-el-mundo\\\/#primaryimage\"},\"thumbnailUrl\":\"https:\\\/\\\/zonacaral.gob.pe\\\/wp-content\\\/uploads\\\/2016\\\/10\\\/nota-prensa-caral.jpg\",\"datePublished\":\"2016-10-18T21:12:43+00:00\",\"author\":{\"@id\":\"https:\\\/\\\/zonacaral.gob.pe\\\/es\\\/#\\\/schema\\\/person\\\/beddb4d22f71a7230c5b90913270a0ee\"},\"description\":\"La Zona Arqueol\u00f3gica Caral, adscrita al Ministerio Cultura, celebra 22 a\u00f1os de investigaciones y puesta en valor de este Patrimonio Mundial que representa 5 mil a\u00f1os de identidad cultural, con una serie de actividades que se desarrollar\u00e1n del 27 al 29 de octubre en la Ciudad Sagrada.\",\"breadcrumb\":{\"@id\":\"https:\\\/\\\/zonacaral.gob.pe\\\/es\\\/noticias\\\/mas-de-dos-decadas-develando-la-historia-de-la-civilizacion-caral-para-el-peru-y-el-mundo\\\/#breadcrumb\"},\"inLanguage\":\"es-PE\",\"potentialAction\":[{\"@type\":\"ReadAction\",\"target\":[\"https:\\\/\\\/zonacaral.gob.pe\\\/es\\\/noticias\\\/mas-de-dos-decadas-develando-la-historia-de-la-civilizacion-caral-para-el-peru-y-el-mundo\\\/\"]}]},{\"@type\":\"ImageObject\",\"inLanguage\":\"es-PE\",\"@id\":\"https:\\\/\\\/zonacaral.gob.pe\\\/es\\\/noticias\\\/mas-de-dos-decadas-develando-la-historia-de-la-civilizacion-caral-para-el-peru-y-el-mundo\\\/#primaryimage\",\"url\":\"https:\\\/\\\/zonacaral.gob.pe\\\/wp-content\\\/uploads\\\/2016\\\/10\\\/nota-prensa-caral.jpg\",\"contentUrl\":\"https:\\\/\\\/zonacaral.gob.pe\\\/wp-content\\\/uploads\\\/2016\\\/10\\\/nota-prensa-caral.jpg\",\"width\":900,\"height\":456},{\"@type\":\"BreadcrumbList\",\"@id\":\"https:\\\/\\\/zonacaral.gob.pe\\\/es\\\/noticias\\\/mas-de-dos-decadas-develando-la-historia-de-la-civilizacion-caral-para-el-peru-y-el-mundo\\\/#breadcrumb\",\"itemListElement\":[{\"@type\":\"ListItem\",\"position\":1,\"name\":\"Portada\",\"item\":\"https:\\\/\\\/zonacaral.gob.pe\\\/\"},{\"@type\":\"ListItem\",\"position\":2,\"name\":\"M\u00e1s de dos d\u00e9cadas develando la historia de la civilizaci\u00f3n Caral para el Per\u00fa y el mundo\"}]},{\"@type\":\"WebSite\",\"@id\":\"https:\\\/\\\/zonacaral.gob.pe\\\/es\\\/#website\",\"url\":\"https:\\\/\\\/zonacaral.gob.pe\\\/es\\\/\",\"name\":\"Zona Caral\",\"description\":\"Investigamos, conservamos y difundimos el patrimonio cultural de la Civilizaci\u00f3n Caral, la m\u00e1s antigua de Am\u00e9rica.\",\"potentialAction\":[{\"@type\":\"SearchAction\",\"target\":{\"@type\":\"EntryPoint\",\"urlTemplate\":\"https:\\\/\\\/zonacaral.gob.pe\\\/es\\\/?s={search_term_string}\"},\"query-input\":{\"@type\":\"PropertyValueSpecification\",\"valueRequired\":true,\"valueName\":\"search_term_string\"}}],\"inLanguage\":\"es-PE\"},{\"@type\":\"Person\",\"@id\":\"https:\\\/\\\/zonacaral.gob.pe\\\/es\\\/#\\\/schema\\\/person\\\/beddb4d22f71a7230c5b90913270a0ee\",\"name\":\"Zona Caral Administrador\",\"image\":{\"@type\":\"ImageObject\",\"inLanguage\":\"es-PE\",\"@id\":\"https:\\\/\\\/secure.gravatar.com\\\/avatar\\\/e4be162918a696358376de6446614e0f0f4062bdc5d170d6d540ada3d8b58c12?s=96&d=mm&r=g\",\"url\":\"https:\\\/\\\/secure.gravatar.com\\\/avatar\\\/e4be162918a696358376de6446614e0f0f4062bdc5d170d6d540ada3d8b58c12?s=96&d=mm&r=g\",\"contentUrl\":\"https:\\\/\\\/secure.gravatar.com\\\/avatar\\\/e4be162918a696358376de6446614e0f0f4062bdc5d170d6d540ada3d8b58c12?s=96&d=mm&r=g\",\"caption\":\"Zona Caral Administrador\"},\"sameAs\":[\"https:\\\/\\\/zonacaral.gob.pe\"],\"url\":\"https:\\\/\\\/zonacaral.gob.pe\\\/es\\\/noticias\\\/author\\\/ad_zonacaral\\\/\"}]}<\/script>\n<!-- \/ Yoast SEO plugin. -->","yoast_head_json":{"title":"M\u00e1s de dos d\u00e9cadas develando la historia de la civilizaci\u00f3n Caral para el Per\u00fa y el mundo","description":"La Zona Arqueol\u00f3gica Caral, adscrita al Ministerio Cultura, celebra 22 a\u00f1os de investigaciones y puesta en valor de este Patrimonio Mundial que representa 5 mil a\u00f1os de identidad cultural, con una serie de actividades que se desarrollar\u00e1n del 27 al 29 de octubre en la Ciudad Sagrada.","robots":{"index":"index","follow":"follow","max-snippet":"max-snippet:-1","max-image-preview":"max-image-preview:large","max-video-preview":"max-video-preview:-1"},"canonical":"https:\/\/zonacaral.gob.pe\/es\/noticias\/mas-de-dos-decadas-develando-la-historia-de-la-civilizacion-caral-para-el-peru-y-el-mundo\/","og_locale":"es_ES","og_type":"article","og_title":"Se inaugura exposici\u00f3n museogr\u00e1fica itinerante nacional, sobre Caral, en la ciudad de Arequipa","og_description":"La Zona Arqueol\u00f3gica Caral, adscrita al Ministerio Cultura, celebra 22 a\u00f1os de investigaciones y puesta en valor de este Patrimonio Mundial que representa 5 mil a\u00f1os de identidad cultural, con una serie de actividades que se desarrollar\u00e1n del 27 al 29 de octubre en la Ciudad Sagrada.","og_url":"https:\/\/zonacaral.gob.pe\/es\/noticias\/mas-de-dos-decadas-develando-la-historia-de-la-civilizacion-caral-para-el-peru-y-el-mundo\/","og_site_name":"Zona Caral","article_published_time":"2016-10-18T21:12:43+00:00","og_image":[{"width":900,"height":456,"url":"https:\/\/zonacaral.gob.pe\/wp-content\/uploads\/2016\/10\/nota-prensa-caral.jpg","type":"image\/jpeg"}],"author":"Zona Caral Administrador","twitter_card":"summary_large_image","twitter_misc":{"Written by":"Zona Caral Administrador","Est. reading time":"4 minutos"},"schema":{"@context":"https:\/\/schema.org","@graph":[{"@type":"Article","@id":"https:\/\/zonacaral.gob.pe\/es\/noticias\/mas-de-dos-decadas-develando-la-historia-de-la-civilizacion-caral-para-el-peru-y-el-mundo\/#article","isPartOf":{"@id":"https:\/\/zonacaral.gob.pe\/es\/noticias\/mas-de-dos-decadas-develando-la-historia-de-la-civilizacion-caral-para-el-peru-y-el-mundo\/"},"author":{"name":"Zona Caral Administrador","@id":"https:\/\/zonacaral.gob.pe\/es\/#\/schema\/person\/beddb4d22f71a7230c5b90913270a0ee"},"headline":"M\u00e1s de dos d\u00e9cadas develando la historia de la civilizaci\u00f3n Caral para el Per\u00fa y el mundo","datePublished":"2016-10-18T21:12:43+00:00","mainEntityOfPage":{"@id":"https:\/\/zonacaral.gob.pe\/es\/noticias\/mas-de-dos-decadas-develando-la-historia-de-la-civilizacion-caral-para-el-peru-y-el-mundo\/"},"wordCount":877,"image":{"@id":"https:\/\/zonacaral.gob.pe\/es\/noticias\/mas-de-dos-decadas-develando-la-historia-de-la-civilizacion-caral-para-el-peru-y-el-mundo\/#primaryimage"},"thumbnailUrl":"https:\/\/zonacaral.gob.pe\/wp-content\/uploads\/2016\/10\/nota-prensa-caral.jpg","keywords":["arequipa","caral","exposicion"],"articleSection":["noticias"],"inLanguage":"es-PE"},{"@type":"WebPage","@id":"https:\/\/zonacaral.gob.pe\/es\/noticias\/mas-de-dos-decadas-develando-la-historia-de-la-civilizacion-caral-para-el-peru-y-el-mundo\/","url":"https:\/\/zonacaral.gob.pe\/es\/noticias\/mas-de-dos-decadas-develando-la-historia-de-la-civilizacion-caral-para-el-peru-y-el-mundo\/","name":"M\u00e1s de dos d\u00e9cadas develando la historia de la civilizaci\u00f3n Caral para el Per\u00fa y el mundo","isPartOf":{"@id":"https:\/\/zonacaral.gob.pe\/es\/#website"},"primaryImageOfPage":{"@id":"https:\/\/zonacaral.gob.pe\/es\/noticias\/mas-de-dos-decadas-develando-la-historia-de-la-civilizacion-caral-para-el-peru-y-el-mundo\/#primaryimage"},"image":{"@id":"https:\/\/zonacaral.gob.pe\/es\/noticias\/mas-de-dos-decadas-develando-la-historia-de-la-civilizacion-caral-para-el-peru-y-el-mundo\/#primaryimage"},"thumbnailUrl":"https:\/\/zonacaral.gob.pe\/wp-content\/uploads\/2016\/10\/nota-prensa-caral.jpg","datePublished":"2016-10-18T21:12:43+00:00","author":{"@id":"https:\/\/zonacaral.gob.pe\/es\/#\/schema\/person\/beddb4d22f71a7230c5b90913270a0ee"},"description":"La Zona Arqueol\u00f3gica Caral, adscrita al Ministerio Cultura, celebra 22 a\u00f1os de investigaciones y puesta en valor de este Patrimonio Mundial que representa 5 mil a\u00f1os de identidad cultural, con una serie de actividades que se desarrollar\u00e1n del 27 al 29 de octubre en la Ciudad Sagrada.","breadcrumb":{"@id":"https:\/\/zonacaral.gob.pe\/es\/noticias\/mas-de-dos-decadas-develando-la-historia-de-la-civilizacion-caral-para-el-peru-y-el-mundo\/#breadcrumb"},"inLanguage":"es-PE","potentialAction":[{"@type":"ReadAction","target":["https:\/\/zonacaral.gob.pe\/es\/noticias\/mas-de-dos-decadas-develando-la-historia-de-la-civilizacion-caral-para-el-peru-y-el-mundo\/"]}]},{"@type":"ImageObject","inLanguage":"es-PE","@id":"https:\/\/zonacaral.gob.pe\/es\/noticias\/mas-de-dos-decadas-develando-la-historia-de-la-civilizacion-caral-para-el-peru-y-el-mundo\/#primaryimage","url":"https:\/\/zonacaral.gob.pe\/wp-content\/uploads\/2016\/10\/nota-prensa-caral.jpg","contentUrl":"https:\/\/zonacaral.gob.pe\/wp-content\/uploads\/2016\/10\/nota-prensa-caral.jpg","width":900,"height":456},{"@type":"BreadcrumbList","@id":"https:\/\/zonacaral.gob.pe\/es\/noticias\/mas-de-dos-decadas-develando-la-historia-de-la-civilizacion-caral-para-el-peru-y-el-mundo\/#breadcrumb","itemListElement":[{"@type":"ListItem","position":1,"name":"Portada","item":"https:\/\/zonacaral.gob.pe\/"},{"@type":"ListItem","position":2,"name":"M\u00e1s de dos d\u00e9cadas develando la historia de la civilizaci\u00f3n Caral para el Per\u00fa y el mundo"}]},{"@type":"WebSite","@id":"https:\/\/zonacaral.gob.pe\/es\/#website","url":"https:\/\/zonacaral.gob.pe\/es\/","name":"Zona Caral","description":"Investigamos, conservamos y difundimos el patrimonio cultural de la Civilizaci\u00f3n Caral, la m\u00e1s antigua de Am\u00e9rica.","potentialAction":[{"@type":"SearchAction","target":{"@type":"EntryPoint","urlTemplate":"https:\/\/zonacaral.gob.pe\/es\/?s={search_term_string}"},"query-input":{"@type":"PropertyValueSpecification","valueRequired":true,"valueName":"search_term_string"}}],"inLanguage":"es-PE"},{"@type":"Person","@id":"https:\/\/zonacaral.gob.pe\/es\/#\/schema\/person\/beddb4d22f71a7230c5b90913270a0ee","name":"Zona Caral Administrador","image":{"@type":"ImageObject","inLanguage":"es-PE","@id":"https:\/\/secure.gravatar.com\/avatar\/e4be162918a696358376de6446614e0f0f4062bdc5d170d6d540ada3d8b58c12?s=96&d=mm&r=g","url":"https:\/\/secure.gravatar.com\/avatar\/e4be162918a696358376de6446614e0f0f4062bdc5d170d6d540ada3d8b58c12?s=96&d=mm&r=g","contentUrl":"https:\/\/secure.gravatar.com\/avatar\/e4be162918a696358376de6446614e0f0f4062bdc5d170d6d540ada3d8b58c12?s=96&d=mm&r=g","caption":"Zona Caral Administrador"},"sameAs":["https:\/\/zonacaral.gob.pe"],"url":"https:\/\/zonacaral.gob.pe\/es\/noticias\/author\/ad_zonacaral\/"}]}},"_links":{"self":[{"href":"https:\/\/zonacaral.gob.pe\/es\/wp-json\/wp\/v2\/posts\/10952","targetHints":{"allow":["GET"]}}],"collection":[{"href":"https:\/\/zonacaral.gob.pe\/es\/wp-json\/wp\/v2\/posts"}],"about":[{"href":"https:\/\/zonacaral.gob.pe\/es\/wp-json\/wp\/v2\/types\/post"}],"author":[{"embeddable":true,"href":"https:\/\/zonacaral.gob.pe\/es\/wp-json\/wp\/v2\/users\/1"}],"replies":[{"embeddable":true,"href":"https:\/\/zonacaral.gob.pe\/es\/wp-json\/wp\/v2\/comments?post=10952"}],"version-history":[{"count":0,"href":"https:\/\/zonacaral.gob.pe\/es\/wp-json\/wp\/v2\/posts\/10952\/revisions"}],"wp:featuredmedia":[{"embeddable":true,"href":"https:\/\/zonacaral.gob.pe\/es\/wp-json\/wp\/v2\/media\/10953"}],"wp:attachment":[{"href":"https:\/\/zonacaral.gob.pe\/es\/wp-json\/wp\/v2\/media?parent=10952"}],"wp:term":[{"taxonomy":"category","embeddable":true,"href":"https:\/\/zonacaral.gob.pe\/es\/wp-json\/wp\/v2\/categories?post=10952"},{"taxonomy":"post_tag","embeddable":true,"href":"https:\/\/zonacaral.gob.pe\/es\/wp-json\/wp\/v2\/tags?post=10952"}],"curies":[{"name":"wp","href":"https:\/\/api.w.org\/{rel}","templated":true}]}}