{"id":10988,"date":"2016-10-24T11:54:43","date_gmt":"2016-10-24T16:54:43","guid":{"rendered":"http:\/\/www.zonacaral.gob.pe\/?p=10988"},"modified":"2016-10-24T11:54:43","modified_gmt":"2016-10-24T16:54:43","slug":"los-primeros-cientificos-de-la-region-estaban-en-caral","status":"publish","type":"post","link":"https:\/\/zonacaral.gob.pe\/es\/noticias\/los-primeros-cientificos-de-la-region-estaban-en-caral\/","title":{"rendered":"Los primeros cient\u00edficos de la regi\u00f3n estaban en Caral"},"content":{"rendered":"<figure class=\"pic-autor\" style=\"color: #4d4d4d; text-align: justify;\"><\/figure>\n<blockquote>\n<p style=\"text-align: justify;\">Un sistema antis\u00edsmicos, un m\u00e9todo para mantener vivo el fuego y un observatorio fueron algunos de los avances en Caral.<\/p>\n<\/blockquote>\n<p style=\"text-align: justify;\">Hace unos 5.000 a\u00f1os, la civilizaci\u00f3n de Caral, la m\u00e1s antigua del Per\u00fa y de Am\u00e9rica, era consciente de que viv\u00eda en un territorio vulnerable a los sismos y que tambi\u00e9n pod\u00eda predecir el clima al observar el comportamiento de los astros. Sin necesitar los modernos laboratorios y maquinarias que tienen los cient\u00edficos de hoy, la sociedad de Caral (3000-1800 a. C.) desarroll\u00f3 avanzados sistemas que hasta la fecha dejan con la boca abierta a especialistas nacionales e internacionales.<\/p>\n<p style=\"text-align: justify;\">\u201cLe dieron mucha importancia a la ciencia, al conocimiento, a la identificaci\u00f3n de los problemas y b\u00fasqueda de soluciones. Y para ello formaron especialistas en diversas \u00e1reas\u201d, explic\u00f3 a El Comercio Ruth Shady, directora de la zona arqueol\u00f3gica Caral, durante la conferencia de prensa por el vig\u00e9simo segundo aniversario del descubrimiento de la civilizaci\u00f3n.<\/p>\n<h3 style=\"text-align: justify;\">Arquitectura y astronom\u00eda<\/h3>\n<p style=\"text-align: justify;\">Shady pide dejar atr\u00e1s la creencia de que la ciencia tal como la conocemos \u2013un conjunto estructurado de conocimientos obtenidos a trav\u00e9s de la observaci\u00f3n y razonamiento\u2013 lleg\u00f3 con los europeos. Y no le falta raz\u00f3n.<\/p>\n<p style=\"text-align: justify;\">Caral \u2013ubicada en el valle medio del r\u00edo Supe, en la provincia de Barranca\u2013 se preocup\u00f3 de uno de los problemas que m\u00e1s afectan a la costa peruana: los sismos.<\/p>\n<p style=\"text-align: justify;\">Para evitar los estragos y fatalidades ocasionados por estos fen\u00f3menos, la gente de Caral us\u00f3 muros de contenci\u00f3n detr\u00e1s de ciertas plataformas, las cuales se rellenaban con shicras \u2013bolsas hechas con fibras vegetales y llenas de bloques de piedra\u2013.<\/p>\n<p style=\"text-align: justify;\">Las shicras daban estabilidad a las estructuras en los temblores o terremotos al distribuir las ondas s\u00edsmicas por todo el edificio, para as\u00ed mitigar la destrucci\u00f3n. Shady agreg\u00f3 que expertos japoneses buscan usar este m\u00e9todo ancestral para construir edificios modernos.<\/p>\n<p style=\"text-align: justify;\">Pero la preocupaci\u00f3n de este pueblo no solo estaba en la Tierra, sino tambi\u00e9n en el cielo. A las afueras de Caral, se ha descubierto un observatorio subterr\u00e1neo, el cual pose\u00eda un techo y escaleras.<\/p>\n<p style=\"text-align: justify;\">\u201cDesde ese lugar observaban y analizaban el paso de los astros, y es que desde all\u00ed sale una serie de alineamientos de piedras hacia el horizonte. Las l\u00edneas son marcadores para registrar el movimiento del Sol u otros astros\u201d, explica a este Diario Shady.<\/p>\n<h3 style=\"text-align: justify;\">Energ\u00eda y cultivo<\/h3>\n<p style=\"text-align: justify;\">Los especialistas caralinos supieron tambi\u00e9n manejar el viento y el fuego a su favor. Para esto utilizaron el principio de Venturi \u2013un fen\u00f3meno demostrado en Europa en 1797\u2013. Este principio sirve para reducir la velocidad de un fluido al pasar por un conducto de di\u00e1metro peque\u00f1o.<\/p>\n<p style=\"text-align: justify;\">En el caso de la civilizaci\u00f3n peruana, utilizaron este conocimiento para construir conductos de ventilaci\u00f3n subterr\u00e1neos para que mantuviesen vivo el fuego de forma permanente, sin la intervenci\u00f3n humana.<\/p>\n<p style=\"text-align: justify;\">Shady y su equipo tambi\u00e9n determinaron que en Caral supieron manejar el cultivo de plantas, lo que le permiti\u00f3 conseguir varios tipos de algod\u00f3n de colores. \u201cNo solo se quedaron con un algod\u00f3n nativo, sino que necesitaron obtener colores que se diferenciaran entre s\u00ed, cuidando que los colores no se mezclaran\u201d, comenta la experta.<\/p>\n<p style=\"text-align: justify;\">Con estos hallazgos, se confirma que la ciencia no es algo que lleg\u00f3 desde fuera a la regi\u00f3n, sino que fue producto de encontrar soluci\u00f3n a los problemas de la \u00e9poca.<\/p>\n<h3 style=\"text-align: justify;\">M\u00e1s datos<\/h3>\n<p style=\"text-align: justify;\">Formaci\u00f3n. Se han identificado hasta la fecha 25 asentamientos que pertenecen a Caral. Actualmente se trabajan 11.<\/p>\n<p style=\"text-align: justify;\">Manejando el ambiente. Los caralinos crearon r\u00edos mediante las amunas, una t\u00e9cnica que consiste en captar el agua de lluvia que se escurre desde las alturas a trav\u00e9s de acequias y llevarlas a zonas espec\u00edficas.<\/p>\n<p style=\"text-align: justify;\"><img fetchpriority=\"high\" decoding=\"async\" class=\"alignleft  wp-image-10992\" src=\"http:\/\/www.zonacaral.gob.pe\/wp-content\/uploads\/2016\/10\/NOTA-EL.COMERCIO-19-10-2016.jpg\" alt=\"NOTA-EL.COMERCIO-19-10-2016\" width=\"702\" height=\"702\" srcset=\"https:\/\/zonacaral.gob.pe\/wp-content\/uploads\/2016\/10\/NOTA-EL.COMERCIO-19-10-2016.jpg 1500w, https:\/\/zonacaral.gob.pe\/wp-content\/uploads\/2016\/10\/NOTA-EL.COMERCIO-19-10-2016-300x300.jpg 300w, https:\/\/zonacaral.gob.pe\/wp-content\/uploads\/2016\/10\/NOTA-EL.COMERCIO-19-10-2016-1024x1024.jpg 1024w, https:\/\/zonacaral.gob.pe\/wp-content\/uploads\/2016\/10\/NOTA-EL.COMERCIO-19-10-2016-150x150.jpg 150w, https:\/\/zonacaral.gob.pe\/wp-content\/uploads\/2016\/10\/NOTA-EL.COMERCIO-19-10-2016-768x768.jpg 768w\" sizes=\"(max-width: 702px) 100vw, 702px\" \/><\/p>\n<p style=\"text-align: justify;\">Fuente:<span style=\"color: #800000;\">\u00a0Diario el Comercio<\/span><\/p>\n<p style=\"text-align: justify;\">Fecha de publicaci\u00f3n: 19\/10\/2016<\/p>\n","protected":false},"excerpt":{"rendered":"<p>Un sistema antis\u00edsmicos, un m\u00e9todo para mantener vivo el fuego y un observatorio fueron algunos de los avances en Caral. [&hellip;]<\/p>\n","protected":false},"author":1,"featured_media":10989,"comment_status":"closed","ping_status":"open","sticky":false,"template":"","format":"standard","meta":{"_acf_changed":false,"site-sidebar-layout":"default","site-content-layout":"","ast-site-content-layout":"default","site-content-style":"default","site-sidebar-style":"default","ast-global-header-display":"","ast-banner-title-visibility":"","ast-main-header-display":"","ast-hfb-above-header-display":"","ast-hfb-below-header-display":"","ast-hfb-mobile-header-display":"","site-post-title":"","ast-breadcrumbs-content":"","ast-featured-img":"","footer-sml-layout":"","ast-disable-related-posts":"","theme-transparent-header-meta":"","adv-header-id-meta":"","stick-header-meta":"","header-above-stick-meta":"","header-main-stick-meta":"","header-below-stick-meta":"","astra-migrate-meta-layouts":"default","ast-page-background-enabled":"default","ast-page-background-meta":{"desktop":{"background-color":"var(--ast-global-color-5)","background-image":"","background-repeat":"repeat","background-position":"center center","background-size":"auto","background-attachment":"scroll","background-type":"","background-media":"","overlay-type":"","overlay-color":"","overlay-opacity":"","overlay-gradient":""},"tablet":{"background-color":"","background-image":"","background-repeat":"repeat","background-position":"center center","background-size":"auto","background-attachment":"scroll","background-type":"","background-media":"","overlay-type":"","overlay-color":"","overlay-opacity":"","overlay-gradient":""},"mobile":{"background-color":"","background-image":"","background-repeat":"repeat","background-position":"center center","background-size":"auto","background-attachment":"scroll","background-type":"","background-media":"","overlay-type":"","overlay-color":"","overlay-opacity":"","overlay-gradient":""}},"ast-content-background-meta":{"desktop":{"background-color":"var(--ast-global-color-4)","background-image":"","background-repeat":"repeat","background-position":"center center","background-size":"auto","background-attachment":"scroll","background-type":"","background-media":"","overlay-type":"","overlay-color":"","overlay-opacity":"","overlay-gradient":""},"tablet":{"background-color":"var(--ast-global-color-4)","background-image":"","background-repeat":"repeat","background-position":"center center","background-size":"auto","background-attachment":"scroll","background-type":"","background-media":"","overlay-type":"","overlay-color":"","overlay-opacity":"","overlay-gradient":""},"mobile":{"background-color":"var(--ast-global-color-4)","background-image":"","background-repeat":"repeat","background-position":"center center","background-size":"auto","background-attachment":"scroll","background-type":"","background-media":"","overlay-type":"","overlay-color":"","overlay-opacity":"","overlay-gradient":""}},"footnotes":""},"categories":[208],"tags":[54,55,124,125],"class_list":["post-10988","post","type-post","status-publish","format-standard","has-post-thumbnail","hentry","category-noticias","tag-aniversario","tag-caral","tag-ciencia","tag-tecnologia"],"acf":[],"yoast_head":"<!-- This site is optimized with the Yoast SEO plugin v27.3 - https:\/\/yoast.com\/product\/yoast-seo-wordpress\/ -->\n<title>Los primeros cient\u00edficos de la regi\u00f3n estaban en Caral<\/title>\n<meta name=\"description\" content=\"Hace unos 5.000 a\u00f1os, la civilizaci\u00f3n de Caral, la m\u00e1s antigua del Per\u00fa y de Am\u00e9rica, era consciente de que viv\u00eda en un territorio vulnerable a los sismos y que tambi\u00e9n pod\u00eda predecir el clima al observar el comportamiento de los astros. Sin necesitar los modernos laboratorios y maquinarias que tienen los cient\u00edficos de hoy, la sociedad de Caral (3000-1800 a. C.) desarroll\u00f3 avanzados sistemas que hasta la fecha dejan con la boca abierta a especialistas nacionales e internacionales.\" \/>\n<meta name=\"robots\" content=\"index, follow, max-snippet:-1, max-image-preview:large, max-video-preview:-1\" \/>\n<link rel=\"canonical\" href=\"https:\/\/zonacaral.gob.pe\/es\/noticias\/los-primeros-cientificos-de-la-region-estaban-en-caral\/\" \/>\n<meta property=\"og:locale\" content=\"es_ES\" \/>\n<meta property=\"og:type\" content=\"article\" \/>\n<meta property=\"og:title\" content=\"Se inaugura exposici\u00f3n museogr\u00e1fica itinerante nacional, sobre Caral, en la ciudad de Arequipa\" \/>\n<meta property=\"og:description\" content=\"Hace unos 5.000 a\u00f1os, la civilizaci\u00f3n de Caral, la m\u00e1s antigua del Per\u00fa y de Am\u00e9rica, era consciente de que viv\u00eda en un territorio vulnerable a los sismos y que tambi\u00e9n pod\u00eda predecir el clima al observar el comportamiento de los astros. Sin necesitar los modernos laboratorios y maquinarias que tienen los cient\u00edficos de hoy, la sociedad de Caral (3000-1800 a. C.) desarroll\u00f3 avanzados sistemas que hasta la fecha dejan con la boca abierta a especialistas nacionales e internacionales.\" \/>\n<meta property=\"og:url\" content=\"https:\/\/zonacaral.gob.pe\/es\/noticias\/los-primeros-cientificos-de-la-region-estaban-en-caral\/\" \/>\n<meta property=\"og:site_name\" content=\"Zona Caral\" \/>\n<meta property=\"article:published_time\" content=\"2016-10-24T16:54:43+00:00\" \/>\n<meta property=\"og:image\" content=\"https:\/\/zonacaral.gob.pe\/wp-content\/uploads\/2016\/10\/base_image.jpg\" \/>\n\t<meta property=\"og:image:width\" content=\"619\" \/>\n\t<meta property=\"og:image:height\" content=\"347\" \/>\n\t<meta property=\"og:image:type\" content=\"image\/jpeg\" \/>\n<meta name=\"author\" content=\"Zona Caral Administrador\" \/>\n<meta name=\"twitter:card\" content=\"summary_large_image\" \/>\n<meta name=\"twitter:label1\" content=\"Written by\" \/>\n\t<meta name=\"twitter:data1\" content=\"Zona Caral Administrador\" \/>\n\t<meta name=\"twitter:label2\" content=\"Est. reading time\" \/>\n\t<meta name=\"twitter:data2\" content=\"3 minutos\" \/>\n<script type=\"application\/ld+json\" class=\"yoast-schema-graph\">{\"@context\":\"https:\\\/\\\/schema.org\",\"@graph\":[{\"@type\":\"Article\",\"@id\":\"https:\\\/\\\/zonacaral.gob.pe\\\/en\\\/noticias\\\/los-primeros-cientificos-de-la-region-estaban-en-caral\\\/#article\",\"isPartOf\":{\"@id\":\"https:\\\/\\\/zonacaral.gob.pe\\\/en\\\/noticias\\\/los-primeros-cientificos-de-la-region-estaban-en-caral\\\/\"},\"author\":{\"name\":\"Zona Caral Administrador\",\"@id\":\"https:\\\/\\\/zonacaral.gob.pe\\\/es\\\/#\\\/schema\\\/person\\\/beddb4d22f71a7230c5b90913270a0ee\"},\"headline\":\"Los primeros cient\u00edficos de la regi\u00f3n estaban en Caral\",\"datePublished\":\"2016-10-24T16:54:43+00:00\",\"mainEntityOfPage\":{\"@id\":\"https:\\\/\\\/zonacaral.gob.pe\\\/en\\\/noticias\\\/los-primeros-cientificos-de-la-region-estaban-en-caral\\\/\"},\"wordCount\":665,\"image\":{\"@id\":\"https:\\\/\\\/zonacaral.gob.pe\\\/en\\\/noticias\\\/los-primeros-cientificos-de-la-region-estaban-en-caral\\\/#primaryimage\"},\"thumbnailUrl\":\"https:\\\/\\\/zonacaral.gob.pe\\\/wp-content\\\/uploads\\\/2016\\\/10\\\/base_image.jpg\",\"keywords\":[\"aniversario\",\"caral\",\"ciencia\",\"tecnolog\u00eda\"],\"articleSection\":[\"noticias\"],\"inLanguage\":\"es-PE\"},{\"@type\":\"WebPage\",\"@id\":\"https:\\\/\\\/zonacaral.gob.pe\\\/en\\\/noticias\\\/los-primeros-cientificos-de-la-region-estaban-en-caral\\\/\",\"url\":\"https:\\\/\\\/zonacaral.gob.pe\\\/en\\\/noticias\\\/los-primeros-cientificos-de-la-region-estaban-en-caral\\\/\",\"name\":\"Los primeros cient\u00edficos de la regi\u00f3n estaban en Caral\",\"isPartOf\":{\"@id\":\"https:\\\/\\\/zonacaral.gob.pe\\\/es\\\/#website\"},\"primaryImageOfPage\":{\"@id\":\"https:\\\/\\\/zonacaral.gob.pe\\\/en\\\/noticias\\\/los-primeros-cientificos-de-la-region-estaban-en-caral\\\/#primaryimage\"},\"image\":{\"@id\":\"https:\\\/\\\/zonacaral.gob.pe\\\/en\\\/noticias\\\/los-primeros-cientificos-de-la-region-estaban-en-caral\\\/#primaryimage\"},\"thumbnailUrl\":\"https:\\\/\\\/zonacaral.gob.pe\\\/wp-content\\\/uploads\\\/2016\\\/10\\\/base_image.jpg\",\"datePublished\":\"2016-10-24T16:54:43+00:00\",\"author\":{\"@id\":\"https:\\\/\\\/zonacaral.gob.pe\\\/es\\\/#\\\/schema\\\/person\\\/beddb4d22f71a7230c5b90913270a0ee\"},\"description\":\"Hace unos 5.000 a\u00f1os, la civilizaci\u00f3n de Caral, la m\u00e1s antigua del Per\u00fa y de Am\u00e9rica, era consciente de que viv\u00eda en un territorio vulnerable a los sismos y que tambi\u00e9n pod\u00eda predecir el clima al observar el comportamiento de los astros. Sin necesitar los modernos laboratorios y maquinarias que tienen los cient\u00edficos de hoy, la sociedad de Caral (3000-1800 a. C.) desarroll\u00f3 avanzados sistemas que hasta la fecha dejan con la boca abierta a especialistas nacionales e internacionales.\",\"breadcrumb\":{\"@id\":\"https:\\\/\\\/zonacaral.gob.pe\\\/en\\\/noticias\\\/los-primeros-cientificos-de-la-region-estaban-en-caral\\\/#breadcrumb\"},\"inLanguage\":\"es-PE\",\"potentialAction\":[{\"@type\":\"ReadAction\",\"target\":[\"https:\\\/\\\/zonacaral.gob.pe\\\/en\\\/noticias\\\/los-primeros-cientificos-de-la-region-estaban-en-caral\\\/\"]}]},{\"@type\":\"ImageObject\",\"inLanguage\":\"es-PE\",\"@id\":\"https:\\\/\\\/zonacaral.gob.pe\\\/en\\\/noticias\\\/los-primeros-cientificos-de-la-region-estaban-en-caral\\\/#primaryimage\",\"url\":\"https:\\\/\\\/zonacaral.gob.pe\\\/wp-content\\\/uploads\\\/2016\\\/10\\\/base_image.jpg\",\"contentUrl\":\"https:\\\/\\\/zonacaral.gob.pe\\\/wp-content\\\/uploads\\\/2016\\\/10\\\/base_image.jpg\",\"width\":619,\"height\":347},{\"@type\":\"BreadcrumbList\",\"@id\":\"https:\\\/\\\/zonacaral.gob.pe\\\/en\\\/noticias\\\/los-primeros-cientificos-de-la-region-estaban-en-caral\\\/#breadcrumb\",\"itemListElement\":[{\"@type\":\"ListItem\",\"position\":1,\"name\":\"Portada\",\"item\":\"https:\\\/\\\/zonacaral.gob.pe\\\/\"},{\"@type\":\"ListItem\",\"position\":2,\"name\":\"Los primeros cient\u00edficos de la regi\u00f3n estaban en Caral\"}]},{\"@type\":\"WebSite\",\"@id\":\"https:\\\/\\\/zonacaral.gob.pe\\\/es\\\/#website\",\"url\":\"https:\\\/\\\/zonacaral.gob.pe\\\/es\\\/\",\"name\":\"Zona Caral\",\"description\":\"Investigamos, conservamos y difundimos el patrimonio cultural de la Civilizaci\u00f3n Caral, la m\u00e1s antigua de Am\u00e9rica.\",\"potentialAction\":[{\"@type\":\"SearchAction\",\"target\":{\"@type\":\"EntryPoint\",\"urlTemplate\":\"https:\\\/\\\/zonacaral.gob.pe\\\/es\\\/?s={search_term_string}\"},\"query-input\":{\"@type\":\"PropertyValueSpecification\",\"valueRequired\":true,\"valueName\":\"search_term_string\"}}],\"inLanguage\":\"es-PE\"},{\"@type\":\"Person\",\"@id\":\"https:\\\/\\\/zonacaral.gob.pe\\\/es\\\/#\\\/schema\\\/person\\\/beddb4d22f71a7230c5b90913270a0ee\",\"name\":\"Zona Caral Administrador\",\"image\":{\"@type\":\"ImageObject\",\"inLanguage\":\"es-PE\",\"@id\":\"https:\\\/\\\/secure.gravatar.com\\\/avatar\\\/e4be162918a696358376de6446614e0f0f4062bdc5d170d6d540ada3d8b58c12?s=96&d=mm&r=g\",\"url\":\"https:\\\/\\\/secure.gravatar.com\\\/avatar\\\/e4be162918a696358376de6446614e0f0f4062bdc5d170d6d540ada3d8b58c12?s=96&d=mm&r=g\",\"contentUrl\":\"https:\\\/\\\/secure.gravatar.com\\\/avatar\\\/e4be162918a696358376de6446614e0f0f4062bdc5d170d6d540ada3d8b58c12?s=96&d=mm&r=g\",\"caption\":\"Zona Caral Administrador\"},\"sameAs\":[\"https:\\\/\\\/zonacaral.gob.pe\"],\"url\":\"https:\\\/\\\/zonacaral.gob.pe\\\/es\\\/noticias\\\/author\\\/ad_zonacaral\\\/\"}]}<\/script>\n<!-- \/ Yoast SEO plugin. -->","yoast_head_json":{"title":"Los primeros cient\u00edficos de la regi\u00f3n estaban en Caral","description":"Hace unos 5.000 a\u00f1os, la civilizaci\u00f3n de Caral, la m\u00e1s antigua del Per\u00fa y de Am\u00e9rica, era consciente de que viv\u00eda en un territorio vulnerable a los sismos y que tambi\u00e9n pod\u00eda predecir el clima al observar el comportamiento de los astros. Sin necesitar los modernos laboratorios y maquinarias que tienen los cient\u00edficos de hoy, la sociedad de Caral (3000-1800 a. C.) desarroll\u00f3 avanzados sistemas que hasta la fecha dejan con la boca abierta a especialistas nacionales e internacionales.","robots":{"index":"index","follow":"follow","max-snippet":"max-snippet:-1","max-image-preview":"max-image-preview:large","max-video-preview":"max-video-preview:-1"},"canonical":"https:\/\/zonacaral.gob.pe\/es\/noticias\/los-primeros-cientificos-de-la-region-estaban-en-caral\/","og_locale":"es_ES","og_type":"article","og_title":"Se inaugura exposici\u00f3n museogr\u00e1fica itinerante nacional, sobre Caral, en la ciudad de Arequipa","og_description":"Hace unos 5.000 a\u00f1os, la civilizaci\u00f3n de Caral, la m\u00e1s antigua del Per\u00fa y de Am\u00e9rica, era consciente de que viv\u00eda en un territorio vulnerable a los sismos y que tambi\u00e9n pod\u00eda predecir el clima al observar el comportamiento de los astros. Sin necesitar los modernos laboratorios y maquinarias que tienen los cient\u00edficos de hoy, la sociedad de Caral (3000-1800 a. C.) desarroll\u00f3 avanzados sistemas que hasta la fecha dejan con la boca abierta a especialistas nacionales e internacionales.","og_url":"https:\/\/zonacaral.gob.pe\/es\/noticias\/los-primeros-cientificos-de-la-region-estaban-en-caral\/","og_site_name":"Zona Caral","article_published_time":"2016-10-24T16:54:43+00:00","og_image":[{"width":619,"height":347,"url":"https:\/\/zonacaral.gob.pe\/wp-content\/uploads\/2016\/10\/base_image.jpg","type":"image\/jpeg"}],"author":"Zona Caral Administrador","twitter_card":"summary_large_image","twitter_misc":{"Written by":"Zona Caral Administrador","Est. reading time":"3 minutos"},"schema":{"@context":"https:\/\/schema.org","@graph":[{"@type":"Article","@id":"https:\/\/zonacaral.gob.pe\/en\/noticias\/los-primeros-cientificos-de-la-region-estaban-en-caral\/#article","isPartOf":{"@id":"https:\/\/zonacaral.gob.pe\/en\/noticias\/los-primeros-cientificos-de-la-region-estaban-en-caral\/"},"author":{"name":"Zona Caral Administrador","@id":"https:\/\/zonacaral.gob.pe\/es\/#\/schema\/person\/beddb4d22f71a7230c5b90913270a0ee"},"headline":"Los primeros cient\u00edficos de la regi\u00f3n estaban en Caral","datePublished":"2016-10-24T16:54:43+00:00","mainEntityOfPage":{"@id":"https:\/\/zonacaral.gob.pe\/en\/noticias\/los-primeros-cientificos-de-la-region-estaban-en-caral\/"},"wordCount":665,"image":{"@id":"https:\/\/zonacaral.gob.pe\/en\/noticias\/los-primeros-cientificos-de-la-region-estaban-en-caral\/#primaryimage"},"thumbnailUrl":"https:\/\/zonacaral.gob.pe\/wp-content\/uploads\/2016\/10\/base_image.jpg","keywords":["aniversario","caral","ciencia","tecnolog\u00eda"],"articleSection":["noticias"],"inLanguage":"es-PE"},{"@type":"WebPage","@id":"https:\/\/zonacaral.gob.pe\/en\/noticias\/los-primeros-cientificos-de-la-region-estaban-en-caral\/","url":"https:\/\/zonacaral.gob.pe\/en\/noticias\/los-primeros-cientificos-de-la-region-estaban-en-caral\/","name":"Los primeros cient\u00edficos de la regi\u00f3n estaban en Caral","isPartOf":{"@id":"https:\/\/zonacaral.gob.pe\/es\/#website"},"primaryImageOfPage":{"@id":"https:\/\/zonacaral.gob.pe\/en\/noticias\/los-primeros-cientificos-de-la-region-estaban-en-caral\/#primaryimage"},"image":{"@id":"https:\/\/zonacaral.gob.pe\/en\/noticias\/los-primeros-cientificos-de-la-region-estaban-en-caral\/#primaryimage"},"thumbnailUrl":"https:\/\/zonacaral.gob.pe\/wp-content\/uploads\/2016\/10\/base_image.jpg","datePublished":"2016-10-24T16:54:43+00:00","author":{"@id":"https:\/\/zonacaral.gob.pe\/es\/#\/schema\/person\/beddb4d22f71a7230c5b90913270a0ee"},"description":"Hace unos 5.000 a\u00f1os, la civilizaci\u00f3n de Caral, la m\u00e1s antigua del Per\u00fa y de Am\u00e9rica, era consciente de que viv\u00eda en un territorio vulnerable a los sismos y que tambi\u00e9n pod\u00eda predecir el clima al observar el comportamiento de los astros. Sin necesitar los modernos laboratorios y maquinarias que tienen los cient\u00edficos de hoy, la sociedad de Caral (3000-1800 a. C.) desarroll\u00f3 avanzados sistemas que hasta la fecha dejan con la boca abierta a especialistas nacionales e internacionales.","breadcrumb":{"@id":"https:\/\/zonacaral.gob.pe\/en\/noticias\/los-primeros-cientificos-de-la-region-estaban-en-caral\/#breadcrumb"},"inLanguage":"es-PE","potentialAction":[{"@type":"ReadAction","target":["https:\/\/zonacaral.gob.pe\/en\/noticias\/los-primeros-cientificos-de-la-region-estaban-en-caral\/"]}]},{"@type":"ImageObject","inLanguage":"es-PE","@id":"https:\/\/zonacaral.gob.pe\/en\/noticias\/los-primeros-cientificos-de-la-region-estaban-en-caral\/#primaryimage","url":"https:\/\/zonacaral.gob.pe\/wp-content\/uploads\/2016\/10\/base_image.jpg","contentUrl":"https:\/\/zonacaral.gob.pe\/wp-content\/uploads\/2016\/10\/base_image.jpg","width":619,"height":347},{"@type":"BreadcrumbList","@id":"https:\/\/zonacaral.gob.pe\/en\/noticias\/los-primeros-cientificos-de-la-region-estaban-en-caral\/#breadcrumb","itemListElement":[{"@type":"ListItem","position":1,"name":"Portada","item":"https:\/\/zonacaral.gob.pe\/"},{"@type":"ListItem","position":2,"name":"Los primeros cient\u00edficos de la regi\u00f3n estaban en Caral"}]},{"@type":"WebSite","@id":"https:\/\/zonacaral.gob.pe\/es\/#website","url":"https:\/\/zonacaral.gob.pe\/es\/","name":"Zona Caral","description":"Investigamos, conservamos y difundimos el patrimonio cultural de la Civilizaci\u00f3n Caral, la m\u00e1s antigua de Am\u00e9rica.","potentialAction":[{"@type":"SearchAction","target":{"@type":"EntryPoint","urlTemplate":"https:\/\/zonacaral.gob.pe\/es\/?s={search_term_string}"},"query-input":{"@type":"PropertyValueSpecification","valueRequired":true,"valueName":"search_term_string"}}],"inLanguage":"es-PE"},{"@type":"Person","@id":"https:\/\/zonacaral.gob.pe\/es\/#\/schema\/person\/beddb4d22f71a7230c5b90913270a0ee","name":"Zona Caral Administrador","image":{"@type":"ImageObject","inLanguage":"es-PE","@id":"https:\/\/secure.gravatar.com\/avatar\/e4be162918a696358376de6446614e0f0f4062bdc5d170d6d540ada3d8b58c12?s=96&d=mm&r=g","url":"https:\/\/secure.gravatar.com\/avatar\/e4be162918a696358376de6446614e0f0f4062bdc5d170d6d540ada3d8b58c12?s=96&d=mm&r=g","contentUrl":"https:\/\/secure.gravatar.com\/avatar\/e4be162918a696358376de6446614e0f0f4062bdc5d170d6d540ada3d8b58c12?s=96&d=mm&r=g","caption":"Zona Caral Administrador"},"sameAs":["https:\/\/zonacaral.gob.pe"],"url":"https:\/\/zonacaral.gob.pe\/es\/noticias\/author\/ad_zonacaral\/"}]}},"_links":{"self":[{"href":"https:\/\/zonacaral.gob.pe\/es\/wp-json\/wp\/v2\/posts\/10988","targetHints":{"allow":["GET"]}}],"collection":[{"href":"https:\/\/zonacaral.gob.pe\/es\/wp-json\/wp\/v2\/posts"}],"about":[{"href":"https:\/\/zonacaral.gob.pe\/es\/wp-json\/wp\/v2\/types\/post"}],"author":[{"embeddable":true,"href":"https:\/\/zonacaral.gob.pe\/es\/wp-json\/wp\/v2\/users\/1"}],"replies":[{"embeddable":true,"href":"https:\/\/zonacaral.gob.pe\/es\/wp-json\/wp\/v2\/comments?post=10988"}],"version-history":[{"count":0,"href":"https:\/\/zonacaral.gob.pe\/es\/wp-json\/wp\/v2\/posts\/10988\/revisions"}],"wp:featuredmedia":[{"embeddable":true,"href":"https:\/\/zonacaral.gob.pe\/es\/wp-json\/wp\/v2\/media\/10989"}],"wp:attachment":[{"href":"https:\/\/zonacaral.gob.pe\/es\/wp-json\/wp\/v2\/media?parent=10988"}],"wp:term":[{"taxonomy":"category","embeddable":true,"href":"https:\/\/zonacaral.gob.pe\/es\/wp-json\/wp\/v2\/categories?post=10988"},{"taxonomy":"post_tag","embeddable":true,"href":"https:\/\/zonacaral.gob.pe\/es\/wp-json\/wp\/v2\/tags?post=10988"}],"curies":[{"name":"wp","href":"https:\/\/api.w.org\/{rel}","templated":true}]}}