{"id":10997,"date":"2016-10-26T15:27:20","date_gmt":"2016-10-26T20:27:20","guid":{"rendered":"http:\/\/www.zonacaral.gob.pe\/?p=10997"},"modified":"2016-10-26T15:27:20","modified_gmt":"2016-10-26T20:27:20","slug":"conferencias-arqueologia-astronomia-cultural-y-el-entendimiento-social-del-tiempo","status":"publish","type":"post","link":"https:\/\/zonacaral.gob.pe\/es\/noticias\/conferencias-arqueologia-astronomia-cultural-y-el-entendimiento-social-del-tiempo\/","title":{"rendered":"Conferencias: Arqueolog\u00eda, astronom\u00eda cultural y el entendimiento social del tiempo"},"content":{"rendered":"<figure class=\"pic-autor\" style=\"color: #4d4d4d; text-align: justify;\"><\/figure>\n<p style=\"text-align: justify;\">Una considerable concurrencia de alumnos y profesores de la Escuela Acad\u00e9mico Profesional de Arqueolog\u00eda sirvi\u00f3 de marco para las conferencias de los prestigiosos astrof\u00edsicos espa\u00f1oles, <strong>Dr. Juan A. Belmonte Avil\u00e9s<\/strong>, del Instituto de Astrof\u00edsica de Canarias y profesor del Departamento de Astrof\u00edsica, Universidad de La Laguna, Tenerife, y <strong>Dr. A. C\u00e9sar Gonz\u00e1lez-Garc\u00eda<\/strong>, del Instituto de Ciencias del Patrimonio (Incipit), Santiago de Compostela y miembro del Consejo Superior de Investigaciones Cient\u00edficas (CSIC), Madrid. El encuentro acad\u00e9mico se realiz\u00f3 el pasado lunes 24 de octubre de 2016, en el Gabinete de Arqueolog\u00eda de la Facultad de Ciencias Sociales de la Universidad Nacional Mayor de San Marcos (UNMSM).<\/p>\n<p style=\"text-align: justify;\">El evento cont\u00f3 con la organizaci\u00f3n de la Zona Arqueol\u00f3gica Caral (ZAC), Unidad Ejecutora 003 del Ministerio de Cultura y la Escuela Acad\u00e9mico Profesional de Arqueolog\u00eda de la Universidad Nacional Mayor de San Marcos, y fue difundido al p\u00fablico en general a trav\u00e9s de las redes sociales y de publicidad directa en la referida escuela.<\/p>\n<p style=\"text-align: justify;\">La <strong>Dra. Ruth Shady<\/strong>, Directora de la Escuela Acad\u00e9mico Profesional de Arqueolog\u00eda de la UNMSM y Directora de la ZAC, presidi\u00f3 la mesa de honor como moderadora, dando inicio a la sesi\u00f3n de conferencias con la ponencia del Dr. Belmonte, titulada <em>Astronom\u00eda y cultura en el Mediterr\u00e1neo antiguo y m\u00e1s all\u00e1: Hitos del Proyecto \u201cOrientatio ad Sidera\u201d<\/em>. En ella el reconocido especialista exhibi\u00f3 sus trabajos de campo enfocados, sobre todo, en sitios del Mediterr\u00e1neo antiguo, desde la perspectiva hol\u00edstica de la astronom\u00eda cultural que integra estudios de orientaciones astron\u00f3micas con an\u00e1lisis contextuales de arqueolog\u00eda, arquitectura y del paisaje cultural. Como sustento de las mediciones astron\u00f3micas en campo, son necesarias metodolog\u00edas y t\u00e9cnicas de alta precisi\u00f3n en gabinete, como aquellas que brinda el an\u00e1lisis estad\u00edstico, que fue materia de la disertaci\u00f3n del Dr. Gonz\u00e1lez-Garc\u00eda, a trav\u00e9s de su ponencia, <em>\u00bfUna golondrina hace verano? Estad\u00edstica y sentido en orientaciones astron\u00f3micas.<\/em><\/p>\n<p style=\"text-align: justify;\">Como punto final, la Dra. Shady promovi\u00f3 la interacci\u00f3n acad\u00e9mica entre asistentes y ponentes mediante una mesa de debate.<\/p>\n<p style=\"text-align: justify;\">Cabe recordar que los doctores Belmonte y Gonz\u00e1lez-Garc\u00eda visitar\u00e1n esta semana la Ciudad Sagrada de Caral con motivo de su 22\u00b0 Aniversario.<\/p>\n<p style=\"text-align: justify;\">Fuente:<span style=\"color: #800000;\">\u00a0Prensa ZAC<\/span><\/p>\n<p style=\"text-align: justify;\">Fecha de publicaci\u00f3n: 25\/10\/2016<\/p>\n","protected":false},"excerpt":{"rendered":"<p>Una considerable concurrencia de alumnos y profesores de la Escuela Acad\u00e9mico Profesional de Arqueolog\u00eda sirvi\u00f3 de marco para las conferencias [&hellip;]<\/p>\n","protected":false},"author":1,"featured_media":10996,"comment_status":"closed","ping_status":"open","sticky":false,"template":"","format":"standard","meta":{"_acf_changed":false,"site-sidebar-layout":"default","site-content-layout":"","ast-site-content-layout":"default","site-content-style":"default","site-sidebar-style":"default","ast-global-header-display":"","ast-banner-title-visibility":"","ast-main-header-display":"","ast-hfb-above-header-display":"","ast-hfb-below-header-display":"","ast-hfb-mobile-header-display":"","site-post-title":"","ast-breadcrumbs-content":"","ast-featured-img":"","footer-sml-layout":"","ast-disable-related-posts":"","theme-transparent-header-meta":"","adv-header-id-meta":"","stick-header-meta":"","header-above-stick-meta":"","header-main-stick-meta":"","header-below-stick-meta":"","astra-migrate-meta-layouts":"default","ast-page-background-enabled":"default","ast-page-background-meta":{"desktop":{"background-color":"var(--ast-global-color-5)","background-image":"","background-repeat":"repeat","background-position":"center center","background-size":"auto","background-attachment":"scroll","background-type":"","background-media":"","overlay-type":"","overlay-color":"","overlay-opacity":"","overlay-gradient":""},"tablet":{"background-color":"","background-image":"","background-repeat":"repeat","background-position":"center center","background-size":"auto","background-attachment":"scroll","background-type":"","background-media":"","overlay-type":"","overlay-color":"","overlay-opacity":"","overlay-gradient":""},"mobile":{"background-color":"","background-image":"","background-repeat":"repeat","background-position":"center center","background-size":"auto","background-attachment":"scroll","background-type":"","background-media":"","overlay-type":"","overlay-color":"","overlay-opacity":"","overlay-gradient":""}},"ast-content-background-meta":{"desktop":{"background-color":"var(--ast-global-color-4)","background-image":"","background-repeat":"repeat","background-position":"center center","background-size":"auto","background-attachment":"scroll","background-type":"","background-media":"","overlay-type":"","overlay-color":"","overlay-opacity":"","overlay-gradient":""},"tablet":{"background-color":"var(--ast-global-color-4)","background-image":"","background-repeat":"repeat","background-position":"center center","background-size":"auto","background-attachment":"scroll","background-type":"","background-media":"","overlay-type":"","overlay-color":"","overlay-opacity":"","overlay-gradient":""},"mobile":{"background-color":"var(--ast-global-color-4)","background-image":"","background-repeat":"repeat","background-position":"center center","background-size":"auto","background-attachment":"scroll","background-type":"","background-media":"","overlay-type":"","overlay-color":"","overlay-opacity":"","overlay-gradient":""}},"footnotes":""},"categories":[208],"tags":[55,126],"class_list":["post-10997","post","type-post","status-publish","format-standard","has-post-thumbnail","hentry","category-noticias","tag-caral","tag-coneferencia"],"acf":[],"yoast_head":"<!-- This site is optimized with the Yoast SEO plugin v27.3 - https:\/\/yoast.com\/product\/yoast-seo-wordpress\/ -->\n<title>Conferencias: Arqueolog\u00eda, astronom\u00eda cultural y el entendimiento social del tiempo<\/title>\n<meta name=\"description\" content=\"Una considerable concurrencia de alumnos y profesores de la Escuela Acad\u00e9mico Profesional de Arqueolog\u00eda sirvi\u00f3 de marco para las conferencias de los prestigiosos astrof\u00edsicos espa\u00f1oles, Dr. Juan A. Belmonte Avil\u00e9s, del Instituto de Astrof\u00edsica de Canarias y profesor del Departamento de Astrof\u00edsica, Universidad de La Laguna, Tenerife, y Dr. A. C\u00e9sar Gonz\u00e1lez-Garc\u00eda, del Instituto de Ciencias del Patrimonio (Incipit), Santiago de Compostela y miembro del Consejo Superior de Investigaciones Cient\u00edficas (CSIC), Madrid\" \/>\n<meta name=\"robots\" content=\"index, follow, max-snippet:-1, max-image-preview:large, max-video-preview:-1\" \/>\n<link rel=\"canonical\" href=\"https:\/\/zonacaral.gob.pe\/es\/noticias\/conferencias-arqueologia-astronomia-cultural-y-el-entendimiento-social-del-tiempo\/\" \/>\n<meta property=\"og:locale\" content=\"es_ES\" \/>\n<meta property=\"og:type\" content=\"article\" \/>\n<meta property=\"og:title\" content=\"Conferencias: Arqueolog\u00eda, astronom\u00eda cultural y el entendimiento social del tiempo\" \/>\n<meta property=\"og:description\" content=\"Una considerable concurrencia de alumnos y profesores de la Escuela Acad\u00e9mico Profesional de Arqueolog\u00eda sirvi\u00f3 de marco para las conferencias de los prestigiosos astrof\u00edsicos espa\u00f1oles, Dr. Juan A. Belmonte Avil\u00e9s, del Instituto de Astrof\u00edsica de Canarias y profesor del Departamento de Astrof\u00edsica, Universidad de La Laguna, Tenerife, y Dr. A. C\u00e9sar Gonz\u00e1lez-Garc\u00eda, del Instituto de Ciencias del Patrimonio (Incipit), Santiago de Compostela y miembro del Consejo Superior de Investigaciones Cient\u00edficas (CSIC), Madrid\" \/>\n<meta property=\"og:url\" content=\"https:\/\/zonacaral.gob.pe\/es\/noticias\/conferencias-arqueologia-astronomia-cultural-y-el-entendimiento-social-del-tiempo\/\" \/>\n<meta property=\"og:site_name\" content=\"Zona Caral\" \/>\n<meta property=\"article:published_time\" content=\"2016-10-26T20:27:20+00:00\" \/>\n<meta property=\"og:image\" content=\"https:\/\/zonacaral.gob.pe\/wp-content\/uploads\/2016\/10\/conferencia-ruth-shady.jpg\" \/>\n\t<meta property=\"og:image:width\" content=\"759\" \/>\n\t<meta property=\"og:image:height\" content=\"436\" \/>\n\t<meta property=\"og:image:type\" content=\"image\/jpeg\" \/>\n<meta name=\"author\" content=\"Zona Caral Administrador\" \/>\n<meta name=\"twitter:card\" content=\"summary_large_image\" \/>\n<meta name=\"twitter:label1\" content=\"Written by\" \/>\n\t<meta name=\"twitter:data1\" content=\"Zona Caral Administrador\" \/>\n\t<meta name=\"twitter:label2\" content=\"Est. reading time\" \/>\n\t<meta name=\"twitter:data2\" content=\"2 minutos\" \/>\n<script type=\"application\/ld+json\" class=\"yoast-schema-graph\">{\"@context\":\"https:\\\/\\\/schema.org\",\"@graph\":[{\"@type\":\"Article\",\"@id\":\"https:\\\/\\\/zonacaral.gob.pe\\\/en\\\/noticias\\\/conferencias-arqueologia-astronomia-cultural-y-el-entendimiento-social-del-tiempo\\\/#article\",\"isPartOf\":{\"@id\":\"https:\\\/\\\/zonacaral.gob.pe\\\/en\\\/noticias\\\/conferencias-arqueologia-astronomia-cultural-y-el-entendimiento-social-del-tiempo\\\/\"},\"author\":{\"name\":\"Zona Caral Administrador\",\"@id\":\"https:\\\/\\\/zonacaral.gob.pe\\\/es\\\/#\\\/schema\\\/person\\\/beddb4d22f71a7230c5b90913270a0ee\"},\"headline\":\"Conferencias: Arqueolog\u00eda, astronom\u00eda cultural y el entendimiento social del tiempo\",\"datePublished\":\"2016-10-26T20:27:20+00:00\",\"mainEntityOfPage\":{\"@id\":\"https:\\\/\\\/zonacaral.gob.pe\\\/en\\\/noticias\\\/conferencias-arqueologia-astronomia-cultural-y-el-entendimiento-social-del-tiempo\\\/\"},\"wordCount\":412,\"image\":{\"@id\":\"https:\\\/\\\/zonacaral.gob.pe\\\/en\\\/noticias\\\/conferencias-arqueologia-astronomia-cultural-y-el-entendimiento-social-del-tiempo\\\/#primaryimage\"},\"thumbnailUrl\":\"https:\\\/\\\/zonacaral.gob.pe\\\/wp-content\\\/uploads\\\/2016\\\/10\\\/conferencia-ruth-shady.jpg\",\"keywords\":[\"caral\",\"coneferencia\"],\"articleSection\":[\"noticias\"],\"inLanguage\":\"es-PE\"},{\"@type\":\"WebPage\",\"@id\":\"https:\\\/\\\/zonacaral.gob.pe\\\/en\\\/noticias\\\/conferencias-arqueologia-astronomia-cultural-y-el-entendimiento-social-del-tiempo\\\/\",\"url\":\"https:\\\/\\\/zonacaral.gob.pe\\\/en\\\/noticias\\\/conferencias-arqueologia-astronomia-cultural-y-el-entendimiento-social-del-tiempo\\\/\",\"name\":\"Conferencias: Arqueolog\u00eda, astronom\u00eda cultural y el entendimiento social del tiempo\",\"isPartOf\":{\"@id\":\"https:\\\/\\\/zonacaral.gob.pe\\\/es\\\/#website\"},\"primaryImageOfPage\":{\"@id\":\"https:\\\/\\\/zonacaral.gob.pe\\\/en\\\/noticias\\\/conferencias-arqueologia-astronomia-cultural-y-el-entendimiento-social-del-tiempo\\\/#primaryimage\"},\"image\":{\"@id\":\"https:\\\/\\\/zonacaral.gob.pe\\\/en\\\/noticias\\\/conferencias-arqueologia-astronomia-cultural-y-el-entendimiento-social-del-tiempo\\\/#primaryimage\"},\"thumbnailUrl\":\"https:\\\/\\\/zonacaral.gob.pe\\\/wp-content\\\/uploads\\\/2016\\\/10\\\/conferencia-ruth-shady.jpg\",\"datePublished\":\"2016-10-26T20:27:20+00:00\",\"author\":{\"@id\":\"https:\\\/\\\/zonacaral.gob.pe\\\/es\\\/#\\\/schema\\\/person\\\/beddb4d22f71a7230c5b90913270a0ee\"},\"description\":\"Una considerable concurrencia de alumnos y profesores de la Escuela Acad\u00e9mico Profesional de Arqueolog\u00eda sirvi\u00f3 de marco para las conferencias de los prestigiosos astrof\u00edsicos espa\u00f1oles, Dr. Juan A. Belmonte Avil\u00e9s, del Instituto de Astrof\u00edsica de Canarias y profesor del Departamento de Astrof\u00edsica, Universidad de La Laguna, Tenerife, y Dr. A. C\u00e9sar Gonz\u00e1lez-Garc\u00eda, del Instituto de Ciencias del Patrimonio (Incipit), Santiago de Compostela y miembro del Consejo Superior de Investigaciones Cient\u00edficas (CSIC), Madrid\",\"breadcrumb\":{\"@id\":\"https:\\\/\\\/zonacaral.gob.pe\\\/en\\\/noticias\\\/conferencias-arqueologia-astronomia-cultural-y-el-entendimiento-social-del-tiempo\\\/#breadcrumb\"},\"inLanguage\":\"es-PE\",\"potentialAction\":[{\"@type\":\"ReadAction\",\"target\":[\"https:\\\/\\\/zonacaral.gob.pe\\\/en\\\/noticias\\\/conferencias-arqueologia-astronomia-cultural-y-el-entendimiento-social-del-tiempo\\\/\"]}]},{\"@type\":\"ImageObject\",\"inLanguage\":\"es-PE\",\"@id\":\"https:\\\/\\\/zonacaral.gob.pe\\\/en\\\/noticias\\\/conferencias-arqueologia-astronomia-cultural-y-el-entendimiento-social-del-tiempo\\\/#primaryimage\",\"url\":\"https:\\\/\\\/zonacaral.gob.pe\\\/wp-content\\\/uploads\\\/2016\\\/10\\\/conferencia-ruth-shady.jpg\",\"contentUrl\":\"https:\\\/\\\/zonacaral.gob.pe\\\/wp-content\\\/uploads\\\/2016\\\/10\\\/conferencia-ruth-shady.jpg\",\"width\":759,\"height\":436},{\"@type\":\"BreadcrumbList\",\"@id\":\"https:\\\/\\\/zonacaral.gob.pe\\\/en\\\/noticias\\\/conferencias-arqueologia-astronomia-cultural-y-el-entendimiento-social-del-tiempo\\\/#breadcrumb\",\"itemListElement\":[{\"@type\":\"ListItem\",\"position\":1,\"name\":\"Portada\",\"item\":\"https:\\\/\\\/zonacaral.gob.pe\\\/\"},{\"@type\":\"ListItem\",\"position\":2,\"name\":\"Conferencias: Arqueolog\u00eda, astronom\u00eda cultural y el entendimiento social del tiempo\"}]},{\"@type\":\"WebSite\",\"@id\":\"https:\\\/\\\/zonacaral.gob.pe\\\/es\\\/#website\",\"url\":\"https:\\\/\\\/zonacaral.gob.pe\\\/es\\\/\",\"name\":\"Zona Caral\",\"description\":\"Investigamos, conservamos y difundimos el patrimonio cultural de la Civilizaci\u00f3n Caral, la m\u00e1s antigua de Am\u00e9rica.\",\"potentialAction\":[{\"@type\":\"SearchAction\",\"target\":{\"@type\":\"EntryPoint\",\"urlTemplate\":\"https:\\\/\\\/zonacaral.gob.pe\\\/es\\\/?s={search_term_string}\"},\"query-input\":{\"@type\":\"PropertyValueSpecification\",\"valueRequired\":true,\"valueName\":\"search_term_string\"}}],\"inLanguage\":\"es-PE\"},{\"@type\":\"Person\",\"@id\":\"https:\\\/\\\/zonacaral.gob.pe\\\/es\\\/#\\\/schema\\\/person\\\/beddb4d22f71a7230c5b90913270a0ee\",\"name\":\"Zona Caral Administrador\",\"image\":{\"@type\":\"ImageObject\",\"inLanguage\":\"es-PE\",\"@id\":\"https:\\\/\\\/secure.gravatar.com\\\/avatar\\\/e4be162918a696358376de6446614e0f0f4062bdc5d170d6d540ada3d8b58c12?s=96&d=mm&r=g\",\"url\":\"https:\\\/\\\/secure.gravatar.com\\\/avatar\\\/e4be162918a696358376de6446614e0f0f4062bdc5d170d6d540ada3d8b58c12?s=96&d=mm&r=g\",\"contentUrl\":\"https:\\\/\\\/secure.gravatar.com\\\/avatar\\\/e4be162918a696358376de6446614e0f0f4062bdc5d170d6d540ada3d8b58c12?s=96&d=mm&r=g\",\"caption\":\"Zona Caral Administrador\"},\"sameAs\":[\"https:\\\/\\\/zonacaral.gob.pe\"],\"url\":\"https:\\\/\\\/zonacaral.gob.pe\\\/es\\\/noticias\\\/author\\\/ad_zonacaral\\\/\"}]}<\/script>\n<!-- \/ Yoast SEO plugin. -->","yoast_head_json":{"title":"Conferencias: Arqueolog\u00eda, astronom\u00eda cultural y el entendimiento social del tiempo","description":"Una considerable concurrencia de alumnos y profesores de la Escuela Acad\u00e9mico Profesional de Arqueolog\u00eda sirvi\u00f3 de marco para las conferencias de los prestigiosos astrof\u00edsicos espa\u00f1oles, Dr. Juan A. Belmonte Avil\u00e9s, del Instituto de Astrof\u00edsica de Canarias y profesor del Departamento de Astrof\u00edsica, Universidad de La Laguna, Tenerife, y Dr. A. C\u00e9sar Gonz\u00e1lez-Garc\u00eda, del Instituto de Ciencias del Patrimonio (Incipit), Santiago de Compostela y miembro del Consejo Superior de Investigaciones Cient\u00edficas (CSIC), Madrid","robots":{"index":"index","follow":"follow","max-snippet":"max-snippet:-1","max-image-preview":"max-image-preview:large","max-video-preview":"max-video-preview:-1"},"canonical":"https:\/\/zonacaral.gob.pe\/es\/noticias\/conferencias-arqueologia-astronomia-cultural-y-el-entendimiento-social-del-tiempo\/","og_locale":"es_ES","og_type":"article","og_title":"Conferencias: Arqueolog\u00eda, astronom\u00eda cultural y el entendimiento social del tiempo","og_description":"Una considerable concurrencia de alumnos y profesores de la Escuela Acad\u00e9mico Profesional de Arqueolog\u00eda sirvi\u00f3 de marco para las conferencias de los prestigiosos astrof\u00edsicos espa\u00f1oles, Dr. Juan A. Belmonte Avil\u00e9s, del Instituto de Astrof\u00edsica de Canarias y profesor del Departamento de Astrof\u00edsica, Universidad de La Laguna, Tenerife, y Dr. A. C\u00e9sar Gonz\u00e1lez-Garc\u00eda, del Instituto de Ciencias del Patrimonio (Incipit), Santiago de Compostela y miembro del Consejo Superior de Investigaciones Cient\u00edficas (CSIC), Madrid","og_url":"https:\/\/zonacaral.gob.pe\/es\/noticias\/conferencias-arqueologia-astronomia-cultural-y-el-entendimiento-social-del-tiempo\/","og_site_name":"Zona Caral","article_published_time":"2016-10-26T20:27:20+00:00","og_image":[{"width":759,"height":436,"url":"https:\/\/zonacaral.gob.pe\/wp-content\/uploads\/2016\/10\/conferencia-ruth-shady.jpg","type":"image\/jpeg"}],"author":"Zona Caral Administrador","twitter_card":"summary_large_image","twitter_misc":{"Written by":"Zona Caral Administrador","Est. reading time":"2 minutos"},"schema":{"@context":"https:\/\/schema.org","@graph":[{"@type":"Article","@id":"https:\/\/zonacaral.gob.pe\/en\/noticias\/conferencias-arqueologia-astronomia-cultural-y-el-entendimiento-social-del-tiempo\/#article","isPartOf":{"@id":"https:\/\/zonacaral.gob.pe\/en\/noticias\/conferencias-arqueologia-astronomia-cultural-y-el-entendimiento-social-del-tiempo\/"},"author":{"name":"Zona Caral Administrador","@id":"https:\/\/zonacaral.gob.pe\/es\/#\/schema\/person\/beddb4d22f71a7230c5b90913270a0ee"},"headline":"Conferencias: Arqueolog\u00eda, astronom\u00eda cultural y el entendimiento social del tiempo","datePublished":"2016-10-26T20:27:20+00:00","mainEntityOfPage":{"@id":"https:\/\/zonacaral.gob.pe\/en\/noticias\/conferencias-arqueologia-astronomia-cultural-y-el-entendimiento-social-del-tiempo\/"},"wordCount":412,"image":{"@id":"https:\/\/zonacaral.gob.pe\/en\/noticias\/conferencias-arqueologia-astronomia-cultural-y-el-entendimiento-social-del-tiempo\/#primaryimage"},"thumbnailUrl":"https:\/\/zonacaral.gob.pe\/wp-content\/uploads\/2016\/10\/conferencia-ruth-shady.jpg","keywords":["caral","coneferencia"],"articleSection":["noticias"],"inLanguage":"es-PE"},{"@type":"WebPage","@id":"https:\/\/zonacaral.gob.pe\/en\/noticias\/conferencias-arqueologia-astronomia-cultural-y-el-entendimiento-social-del-tiempo\/","url":"https:\/\/zonacaral.gob.pe\/en\/noticias\/conferencias-arqueologia-astronomia-cultural-y-el-entendimiento-social-del-tiempo\/","name":"Conferencias: Arqueolog\u00eda, astronom\u00eda cultural y el entendimiento social del tiempo","isPartOf":{"@id":"https:\/\/zonacaral.gob.pe\/es\/#website"},"primaryImageOfPage":{"@id":"https:\/\/zonacaral.gob.pe\/en\/noticias\/conferencias-arqueologia-astronomia-cultural-y-el-entendimiento-social-del-tiempo\/#primaryimage"},"image":{"@id":"https:\/\/zonacaral.gob.pe\/en\/noticias\/conferencias-arqueologia-astronomia-cultural-y-el-entendimiento-social-del-tiempo\/#primaryimage"},"thumbnailUrl":"https:\/\/zonacaral.gob.pe\/wp-content\/uploads\/2016\/10\/conferencia-ruth-shady.jpg","datePublished":"2016-10-26T20:27:20+00:00","author":{"@id":"https:\/\/zonacaral.gob.pe\/es\/#\/schema\/person\/beddb4d22f71a7230c5b90913270a0ee"},"description":"Una considerable concurrencia de alumnos y profesores de la Escuela Acad\u00e9mico Profesional de Arqueolog\u00eda sirvi\u00f3 de marco para las conferencias de los prestigiosos astrof\u00edsicos espa\u00f1oles, Dr. Juan A. Belmonte Avil\u00e9s, del Instituto de Astrof\u00edsica de Canarias y profesor del Departamento de Astrof\u00edsica, Universidad de La Laguna, Tenerife, y Dr. A. C\u00e9sar Gonz\u00e1lez-Garc\u00eda, del Instituto de Ciencias del Patrimonio (Incipit), Santiago de Compostela y miembro del Consejo Superior de Investigaciones Cient\u00edficas (CSIC), Madrid","breadcrumb":{"@id":"https:\/\/zonacaral.gob.pe\/en\/noticias\/conferencias-arqueologia-astronomia-cultural-y-el-entendimiento-social-del-tiempo\/#breadcrumb"},"inLanguage":"es-PE","potentialAction":[{"@type":"ReadAction","target":["https:\/\/zonacaral.gob.pe\/en\/noticias\/conferencias-arqueologia-astronomia-cultural-y-el-entendimiento-social-del-tiempo\/"]}]},{"@type":"ImageObject","inLanguage":"es-PE","@id":"https:\/\/zonacaral.gob.pe\/en\/noticias\/conferencias-arqueologia-astronomia-cultural-y-el-entendimiento-social-del-tiempo\/#primaryimage","url":"https:\/\/zonacaral.gob.pe\/wp-content\/uploads\/2016\/10\/conferencia-ruth-shady.jpg","contentUrl":"https:\/\/zonacaral.gob.pe\/wp-content\/uploads\/2016\/10\/conferencia-ruth-shady.jpg","width":759,"height":436},{"@type":"BreadcrumbList","@id":"https:\/\/zonacaral.gob.pe\/en\/noticias\/conferencias-arqueologia-astronomia-cultural-y-el-entendimiento-social-del-tiempo\/#breadcrumb","itemListElement":[{"@type":"ListItem","position":1,"name":"Portada","item":"https:\/\/zonacaral.gob.pe\/"},{"@type":"ListItem","position":2,"name":"Conferencias: Arqueolog\u00eda, astronom\u00eda cultural y el entendimiento social del tiempo"}]},{"@type":"WebSite","@id":"https:\/\/zonacaral.gob.pe\/es\/#website","url":"https:\/\/zonacaral.gob.pe\/es\/","name":"Zona Caral","description":"Investigamos, conservamos y difundimos el patrimonio cultural de la Civilizaci\u00f3n Caral, la m\u00e1s antigua de Am\u00e9rica.","potentialAction":[{"@type":"SearchAction","target":{"@type":"EntryPoint","urlTemplate":"https:\/\/zonacaral.gob.pe\/es\/?s={search_term_string}"},"query-input":{"@type":"PropertyValueSpecification","valueRequired":true,"valueName":"search_term_string"}}],"inLanguage":"es-PE"},{"@type":"Person","@id":"https:\/\/zonacaral.gob.pe\/es\/#\/schema\/person\/beddb4d22f71a7230c5b90913270a0ee","name":"Zona Caral Administrador","image":{"@type":"ImageObject","inLanguage":"es-PE","@id":"https:\/\/secure.gravatar.com\/avatar\/e4be162918a696358376de6446614e0f0f4062bdc5d170d6d540ada3d8b58c12?s=96&d=mm&r=g","url":"https:\/\/secure.gravatar.com\/avatar\/e4be162918a696358376de6446614e0f0f4062bdc5d170d6d540ada3d8b58c12?s=96&d=mm&r=g","contentUrl":"https:\/\/secure.gravatar.com\/avatar\/e4be162918a696358376de6446614e0f0f4062bdc5d170d6d540ada3d8b58c12?s=96&d=mm&r=g","caption":"Zona Caral Administrador"},"sameAs":["https:\/\/zonacaral.gob.pe"],"url":"https:\/\/zonacaral.gob.pe\/es\/noticias\/author\/ad_zonacaral\/"}]}},"_links":{"self":[{"href":"https:\/\/zonacaral.gob.pe\/es\/wp-json\/wp\/v2\/posts\/10997","targetHints":{"allow":["GET"]}}],"collection":[{"href":"https:\/\/zonacaral.gob.pe\/es\/wp-json\/wp\/v2\/posts"}],"about":[{"href":"https:\/\/zonacaral.gob.pe\/es\/wp-json\/wp\/v2\/types\/post"}],"author":[{"embeddable":true,"href":"https:\/\/zonacaral.gob.pe\/es\/wp-json\/wp\/v2\/users\/1"}],"replies":[{"embeddable":true,"href":"https:\/\/zonacaral.gob.pe\/es\/wp-json\/wp\/v2\/comments?post=10997"}],"version-history":[{"count":0,"href":"https:\/\/zonacaral.gob.pe\/es\/wp-json\/wp\/v2\/posts\/10997\/revisions"}],"wp:featuredmedia":[{"embeddable":true,"href":"https:\/\/zonacaral.gob.pe\/es\/wp-json\/wp\/v2\/media\/10996"}],"wp:attachment":[{"href":"https:\/\/zonacaral.gob.pe\/es\/wp-json\/wp\/v2\/media?parent=10997"}],"wp:term":[{"taxonomy":"category","embeddable":true,"href":"https:\/\/zonacaral.gob.pe\/es\/wp-json\/wp\/v2\/categories?post=10997"},{"taxonomy":"post_tag","embeddable":true,"href":"https:\/\/zonacaral.gob.pe\/es\/wp-json\/wp\/v2\/tags?post=10997"}],"curies":[{"name":"wp","href":"https:\/\/api.w.org\/{rel}","templated":true}]}}