{"id":10999,"date":"2016-10-29T00:17:49","date_gmt":"2016-10-29T05:17:49","guid":{"rendered":"http:\/\/www.zonacaral.gob.pe\/?p=10999"},"modified":"2016-10-29T00:17:49","modified_gmt":"2016-10-29T05:17:49","slug":"marca-peru-y-victorinox-presentan-navaja-de-coleccion-dedicadas-a-caral","status":"publish","type":"post","link":"https:\/\/zonacaral.gob.pe\/es\/noticias\/marca-peru-y-victorinox-presentan-navaja-de-coleccion-dedicadas-a-caral\/","title":{"rendered":"Marca Per\u00fa y Victorinox presentan navaja de Colecci\u00f3n dedicadas a Caral"},"content":{"rendered":"<figure class=\"pic-autor\" style=\"color: #4d4d4d; text-align: justify;\"><\/figure>\n<p style=\"text-align: justify;\">PROMPER\u00da inform\u00f3 que, con el objetivo de promover la Marca Per\u00fa, se present\u00f3 una edici\u00f3n exclusiva dedicada al pa\u00eds de las mundialmente reconocidas navajas suizas Victorinox, en una ceremonia celebrada en el restaurante de la Huaca Pucllana.<\/p>\n<p style=\"text-align: justify;\">La colecci\u00f3n, que lleva acu\u00f1ada la marca pa\u00eds, rinde homenaje a nuestra riqueza hist\u00f3rica a trav\u00e9s de tres modelos decorados con tres representativos destinos tur\u00edsticos y culturales del Per\u00fa como lo son Machu Picchu, Caral y las L\u00edneas de Nasca.<\/p>\n<p style=\"text-align: justify;\">Hay que destacar que esta es la primera vez que Victorinox desarrolla una alianza con una marca pa\u00eds, por lo que, sin lugar a dudas, es una importante oportunidad para seguir fortaleciendo nuestra imagen en el exterior.<\/p>\n<p style=\"text-align: justify;\">Esta edici\u00f3n limitada de navajas de bolsillo puede ser adquirida desde hoy por el p\u00fablico general y est\u00e1 a la venta en las tiendas de Victorinox.<\/p>\n<h3 style=\"text-align: justify;\">VICTORINOX<\/h3>\n<p style=\"text-align: justify;\">Con m\u00e1s de 130 a\u00f1os de creaci\u00f3n, la marca suiza Victorinox ha buscado siempre en sus productos un enfoque de tradici\u00f3n, calidad e innovaci\u00f3n.<\/p>\n<p style=\"text-align: justify;\">A trav\u00e9s del tiempo, su distintivo, que representa un escudo y una cruz, se ha posicionado mundialmente con productos como las navajas suizas, cuchillos de cocina, relojes, fragancias, equipaje y vestimenta.<\/p>\n<p style=\"text-align: justify;\">La navaja Victorinox, lo m\u00e1s representativo de la marca, es considerada como pieza de colecci\u00f3n y est\u00e1 en presente en m\u00e1s de 150 pa\u00edses y ha servido de instrumento para conmemorar eventos y aniversarios importantes en todo el mundo.<\/p>\n<p style=\"text-align: justify;\">Fuente:<span style=\"color: #800000;\">\u00a0PromPer\u00fa<\/span><\/p>\n<p style=\"text-align: justify;\">Fecha de publicaci\u00f3n: 28\/10\/2016<\/p>\n","protected":false},"excerpt":{"rendered":"<p>PROMPER\u00da inform\u00f3 que, con el objetivo de promover la Marca Per\u00fa, se present\u00f3 una edici\u00f3n exclusiva dedicada al pa\u00eds de [&hellip;]<\/p>\n","protected":false},"author":1,"featured_media":11000,"comment_status":"closed","ping_status":"open","sticky":false,"template":"","format":"standard","meta":{"_acf_changed":false,"site-sidebar-layout":"default","site-content-layout":"","ast-site-content-layout":"default","site-content-style":"default","site-sidebar-style":"default","ast-global-header-display":"","ast-banner-title-visibility":"","ast-main-header-display":"","ast-hfb-above-header-display":"","ast-hfb-below-header-display":"","ast-hfb-mobile-header-display":"","site-post-title":"","ast-breadcrumbs-content":"","ast-featured-img":"","footer-sml-layout":"","ast-disable-related-posts":"","theme-transparent-header-meta":"","adv-header-id-meta":"","stick-header-meta":"","header-above-stick-meta":"","header-main-stick-meta":"","header-below-stick-meta":"","astra-migrate-meta-layouts":"default","ast-page-background-enabled":"default","ast-page-background-meta":{"desktop":{"background-color":"var(--ast-global-color-5)","background-image":"","background-repeat":"repeat","background-position":"center center","background-size":"auto","background-attachment":"scroll","background-type":"","background-media":"","overlay-type":"","overlay-color":"","overlay-opacity":"","overlay-gradient":""},"tablet":{"background-color":"","background-image":"","background-repeat":"repeat","background-position":"center center","background-size":"auto","background-attachment":"scroll","background-type":"","background-media":"","overlay-type":"","overlay-color":"","overlay-opacity":"","overlay-gradient":""},"mobile":{"background-color":"","background-image":"","background-repeat":"repeat","background-position":"center center","background-size":"auto","background-attachment":"scroll","background-type":"","background-media":"","overlay-type":"","overlay-color":"","overlay-opacity":"","overlay-gradient":""}},"ast-content-background-meta":{"desktop":{"background-color":"var(--ast-global-color-4)","background-image":"","background-repeat":"repeat","background-position":"center center","background-size":"auto","background-attachment":"scroll","background-type":"","background-media":"","overlay-type":"","overlay-color":"","overlay-opacity":"","overlay-gradient":""},"tablet":{"background-color":"var(--ast-global-color-4)","background-image":"","background-repeat":"repeat","background-position":"center center","background-size":"auto","background-attachment":"scroll","background-type":"","background-media":"","overlay-type":"","overlay-color":"","overlay-opacity":"","overlay-gradient":""},"mobile":{"background-color":"var(--ast-global-color-4)","background-image":"","background-repeat":"repeat","background-position":"center center","background-size":"auto","background-attachment":"scroll","background-type":"","background-media":"","overlay-type":"","overlay-color":"","overlay-opacity":"","overlay-gradient":""}},"footnotes":""},"categories":[208],"tags":[55],"class_list":["post-10999","post","type-post","status-publish","format-standard","has-post-thumbnail","hentry","category-noticias","tag-caral"],"acf":[],"yoast_head":"<!-- This site is optimized with the Yoast SEO plugin v27.3 - https:\/\/yoast.com\/product\/yoast-seo-wordpress\/ -->\n<title>Marca Per\u00fa y Victorinox presentan navaja de Colecci\u00f3n dedicadas a Caral<\/title>\n<meta name=\"description\" content=\"PROMPER\u00da inform\u00f3 que, con el objetivo de promover la Marca Per\u00fa, se present\u00f3 una edici\u00f3n exclusiva dedicada al pa\u00eds de las mundialmente reconocidas navajas suizas Victorinox, en una ceremonia celebrada en el restaurante de la Huaca Pucllana. La colecci\u00f3n, que lleva acu\u00f1ada la marca pa\u00eds, rinde homenaje a nuestra riqueza hist\u00f3rica a trav\u00e9s de tres modelos decorados con tres representativos destinos tur\u00edsticos y culturales del Per\u00fa como lo son Machu Picchu, Caral y las L\u00edneas de Nasca.\" \/>\n<meta name=\"robots\" content=\"index, follow, max-snippet:-1, max-image-preview:large, max-video-preview:-1\" \/>\n<link rel=\"canonical\" href=\"https:\/\/zonacaral.gob.pe\/es\/noticias\/marca-peru-y-victorinox-presentan-navaja-de-coleccion-dedicadas-a-caral\/\" \/>\n<meta property=\"og:locale\" content=\"es_ES\" \/>\n<meta property=\"og:type\" content=\"article\" \/>\n<meta property=\"og:title\" content=\"Marca Per\u00fa y Victorinox presentan navaja de Colecci\u00f3n dedicadas a Caral\" \/>\n<meta property=\"og:description\" content=\"PROMPER\u00da inform\u00f3 que, con el objetivo de promover la Marca Per\u00fa, se present\u00f3 una edici\u00f3n exclusiva dedicada al pa\u00eds de las mundialmente reconocidas navajas suizas Victorinox, en una ceremonia celebrada en el restaurante de la Huaca Pucllana. La colecci\u00f3n, que lleva acu\u00f1ada la marca pa\u00eds, rinde homenaje a nuestra riqueza hist\u00f3rica a trav\u00e9s de tres modelos decorados con tres representativos destinos tur\u00edsticos y culturales del Per\u00fa como lo son Machu Picchu, Caral y las L\u00edneas de Nasca.\" \/>\n<meta property=\"og:url\" content=\"https:\/\/zonacaral.gob.pe\/es\/noticias\/marca-peru-y-victorinox-presentan-navaja-de-coleccion-dedicadas-a-caral\/\" \/>\n<meta property=\"og:site_name\" content=\"Zona Caral\" \/>\n<meta property=\"article:published_time\" content=\"2016-10-29T05:17:49+00:00\" \/>\n<meta property=\"og:image\" content=\"https:\/\/zonacaral.gob.pe\/wp-content\/uploads\/2016\/10\/faceboo.jpg\" \/>\n\t<meta property=\"og:image:width\" content=\"619\" \/>\n\t<meta property=\"og:image:height\" content=\"347\" \/>\n\t<meta property=\"og:image:type\" content=\"image\/jpeg\" \/>\n<meta name=\"author\" content=\"Zona Caral Administrador\" \/>\n<meta name=\"twitter:card\" content=\"summary_large_image\" \/>\n<meta name=\"twitter:label1\" content=\"Written by\" \/>\n\t<meta name=\"twitter:data1\" content=\"Zona Caral Administrador\" \/>\n\t<meta name=\"twitter:label2\" content=\"Est. reading time\" \/>\n\t<meta name=\"twitter:data2\" content=\"1 minuto\" \/>\n<script type=\"application\/ld+json\" class=\"yoast-schema-graph\">{\"@context\":\"https:\\\/\\\/schema.org\",\"@graph\":[{\"@type\":\"Article\",\"@id\":\"https:\\\/\\\/zonacaral.gob.pe\\\/en\\\/noticias\\\/marca-peru-y-victorinox-presentan-navaja-de-coleccion-dedicadas-a-caral\\\/#article\",\"isPartOf\":{\"@id\":\"https:\\\/\\\/zonacaral.gob.pe\\\/en\\\/noticias\\\/marca-peru-y-victorinox-presentan-navaja-de-coleccion-dedicadas-a-caral\\\/\"},\"author\":{\"name\":\"Zona Caral Administrador\",\"@id\":\"https:\\\/\\\/zonacaral.gob.pe\\\/es\\\/#\\\/schema\\\/person\\\/beddb4d22f71a7230c5b90913270a0ee\"},\"headline\":\"Marca Per\u00fa y Victorinox presentan navaja de Colecci\u00f3n dedicadas a Caral\",\"datePublished\":\"2016-10-29T05:17:49+00:00\",\"mainEntityOfPage\":{\"@id\":\"https:\\\/\\\/zonacaral.gob.pe\\\/en\\\/noticias\\\/marca-peru-y-victorinox-presentan-navaja-de-coleccion-dedicadas-a-caral\\\/\"},\"wordCount\":273,\"image\":{\"@id\":\"https:\\\/\\\/zonacaral.gob.pe\\\/en\\\/noticias\\\/marca-peru-y-victorinox-presentan-navaja-de-coleccion-dedicadas-a-caral\\\/#primaryimage\"},\"thumbnailUrl\":\"https:\\\/\\\/zonacaral.gob.pe\\\/wp-content\\\/uploads\\\/2016\\\/10\\\/faceboo.jpg\",\"keywords\":[\"caral\"],\"articleSection\":[\"noticias\"],\"inLanguage\":\"es-PE\"},{\"@type\":\"WebPage\",\"@id\":\"https:\\\/\\\/zonacaral.gob.pe\\\/en\\\/noticias\\\/marca-peru-y-victorinox-presentan-navaja-de-coleccion-dedicadas-a-caral\\\/\",\"url\":\"https:\\\/\\\/zonacaral.gob.pe\\\/en\\\/noticias\\\/marca-peru-y-victorinox-presentan-navaja-de-coleccion-dedicadas-a-caral\\\/\",\"name\":\"Marca Per\u00fa y Victorinox presentan navaja de Colecci\u00f3n dedicadas a Caral\",\"isPartOf\":{\"@id\":\"https:\\\/\\\/zonacaral.gob.pe\\\/es\\\/#website\"},\"primaryImageOfPage\":{\"@id\":\"https:\\\/\\\/zonacaral.gob.pe\\\/en\\\/noticias\\\/marca-peru-y-victorinox-presentan-navaja-de-coleccion-dedicadas-a-caral\\\/#primaryimage\"},\"image\":{\"@id\":\"https:\\\/\\\/zonacaral.gob.pe\\\/en\\\/noticias\\\/marca-peru-y-victorinox-presentan-navaja-de-coleccion-dedicadas-a-caral\\\/#primaryimage\"},\"thumbnailUrl\":\"https:\\\/\\\/zonacaral.gob.pe\\\/wp-content\\\/uploads\\\/2016\\\/10\\\/faceboo.jpg\",\"datePublished\":\"2016-10-29T05:17:49+00:00\",\"author\":{\"@id\":\"https:\\\/\\\/zonacaral.gob.pe\\\/es\\\/#\\\/schema\\\/person\\\/beddb4d22f71a7230c5b90913270a0ee\"},\"description\":\"PROMPER\u00da inform\u00f3 que, con el objetivo de promover la Marca Per\u00fa, se present\u00f3 una edici\u00f3n exclusiva dedicada al pa\u00eds de las mundialmente reconocidas navajas suizas Victorinox, en una ceremonia celebrada en el restaurante de la Huaca Pucllana. La colecci\u00f3n, que lleva acu\u00f1ada la marca pa\u00eds, rinde homenaje a nuestra riqueza hist\u00f3rica a trav\u00e9s de tres modelos decorados con tres representativos destinos tur\u00edsticos y culturales del Per\u00fa como lo son Machu Picchu, Caral y las L\u00edneas de Nasca.\",\"breadcrumb\":{\"@id\":\"https:\\\/\\\/zonacaral.gob.pe\\\/en\\\/noticias\\\/marca-peru-y-victorinox-presentan-navaja-de-coleccion-dedicadas-a-caral\\\/#breadcrumb\"},\"inLanguage\":\"es-PE\",\"potentialAction\":[{\"@type\":\"ReadAction\",\"target\":[\"https:\\\/\\\/zonacaral.gob.pe\\\/en\\\/noticias\\\/marca-peru-y-victorinox-presentan-navaja-de-coleccion-dedicadas-a-caral\\\/\"]}]},{\"@type\":\"ImageObject\",\"inLanguage\":\"es-PE\",\"@id\":\"https:\\\/\\\/zonacaral.gob.pe\\\/en\\\/noticias\\\/marca-peru-y-victorinox-presentan-navaja-de-coleccion-dedicadas-a-caral\\\/#primaryimage\",\"url\":\"https:\\\/\\\/zonacaral.gob.pe\\\/wp-content\\\/uploads\\\/2016\\\/10\\\/faceboo.jpg\",\"contentUrl\":\"https:\\\/\\\/zonacaral.gob.pe\\\/wp-content\\\/uploads\\\/2016\\\/10\\\/faceboo.jpg\",\"width\":619,\"height\":347},{\"@type\":\"BreadcrumbList\",\"@id\":\"https:\\\/\\\/zonacaral.gob.pe\\\/en\\\/noticias\\\/marca-peru-y-victorinox-presentan-navaja-de-coleccion-dedicadas-a-caral\\\/#breadcrumb\",\"itemListElement\":[{\"@type\":\"ListItem\",\"position\":1,\"name\":\"Portada\",\"item\":\"https:\\\/\\\/zonacaral.gob.pe\\\/\"},{\"@type\":\"ListItem\",\"position\":2,\"name\":\"Marca Per\u00fa y Victorinox presentan navaja de Colecci\u00f3n dedicadas a Caral\"}]},{\"@type\":\"WebSite\",\"@id\":\"https:\\\/\\\/zonacaral.gob.pe\\\/es\\\/#website\",\"url\":\"https:\\\/\\\/zonacaral.gob.pe\\\/es\\\/\",\"name\":\"Zona Caral\",\"description\":\"Investigamos, conservamos y difundimos el patrimonio cultural de la Civilizaci\u00f3n Caral, la m\u00e1s antigua de Am\u00e9rica.\",\"potentialAction\":[{\"@type\":\"SearchAction\",\"target\":{\"@type\":\"EntryPoint\",\"urlTemplate\":\"https:\\\/\\\/zonacaral.gob.pe\\\/es\\\/?s={search_term_string}\"},\"query-input\":{\"@type\":\"PropertyValueSpecification\",\"valueRequired\":true,\"valueName\":\"search_term_string\"}}],\"inLanguage\":\"es-PE\"},{\"@type\":\"Person\",\"@id\":\"https:\\\/\\\/zonacaral.gob.pe\\\/es\\\/#\\\/schema\\\/person\\\/beddb4d22f71a7230c5b90913270a0ee\",\"name\":\"Zona Caral Administrador\",\"image\":{\"@type\":\"ImageObject\",\"inLanguage\":\"es-PE\",\"@id\":\"https:\\\/\\\/secure.gravatar.com\\\/avatar\\\/e4be162918a696358376de6446614e0f0f4062bdc5d170d6d540ada3d8b58c12?s=96&d=mm&r=g\",\"url\":\"https:\\\/\\\/secure.gravatar.com\\\/avatar\\\/e4be162918a696358376de6446614e0f0f4062bdc5d170d6d540ada3d8b58c12?s=96&d=mm&r=g\",\"contentUrl\":\"https:\\\/\\\/secure.gravatar.com\\\/avatar\\\/e4be162918a696358376de6446614e0f0f4062bdc5d170d6d540ada3d8b58c12?s=96&d=mm&r=g\",\"caption\":\"Zona Caral Administrador\"},\"sameAs\":[\"https:\\\/\\\/zonacaral.gob.pe\"],\"url\":\"https:\\\/\\\/zonacaral.gob.pe\\\/es\\\/noticias\\\/author\\\/ad_zonacaral\\\/\"}]}<\/script>\n<!-- \/ Yoast SEO plugin. -->","yoast_head_json":{"title":"Marca Per\u00fa y Victorinox presentan navaja de Colecci\u00f3n dedicadas a Caral","description":"PROMPER\u00da inform\u00f3 que, con el objetivo de promover la Marca Per\u00fa, se present\u00f3 una edici\u00f3n exclusiva dedicada al pa\u00eds de las mundialmente reconocidas navajas suizas Victorinox, en una ceremonia celebrada en el restaurante de la Huaca Pucllana. La colecci\u00f3n, que lleva acu\u00f1ada la marca pa\u00eds, rinde homenaje a nuestra riqueza hist\u00f3rica a trav\u00e9s de tres modelos decorados con tres representativos destinos tur\u00edsticos y culturales del Per\u00fa como lo son Machu Picchu, Caral y las L\u00edneas de Nasca.","robots":{"index":"index","follow":"follow","max-snippet":"max-snippet:-1","max-image-preview":"max-image-preview:large","max-video-preview":"max-video-preview:-1"},"canonical":"https:\/\/zonacaral.gob.pe\/es\/noticias\/marca-peru-y-victorinox-presentan-navaja-de-coleccion-dedicadas-a-caral\/","og_locale":"es_ES","og_type":"article","og_title":"Marca Per\u00fa y Victorinox presentan navaja de Colecci\u00f3n dedicadas a Caral","og_description":"PROMPER\u00da inform\u00f3 que, con el objetivo de promover la Marca Per\u00fa, se present\u00f3 una edici\u00f3n exclusiva dedicada al pa\u00eds de las mundialmente reconocidas navajas suizas Victorinox, en una ceremonia celebrada en el restaurante de la Huaca Pucllana. La colecci\u00f3n, que lleva acu\u00f1ada la marca pa\u00eds, rinde homenaje a nuestra riqueza hist\u00f3rica a trav\u00e9s de tres modelos decorados con tres representativos destinos tur\u00edsticos y culturales del Per\u00fa como lo son Machu Picchu, Caral y las L\u00edneas de Nasca.","og_url":"https:\/\/zonacaral.gob.pe\/es\/noticias\/marca-peru-y-victorinox-presentan-navaja-de-coleccion-dedicadas-a-caral\/","og_site_name":"Zona Caral","article_published_time":"2016-10-29T05:17:49+00:00","og_image":[{"width":619,"height":347,"url":"https:\/\/zonacaral.gob.pe\/wp-content\/uploads\/2016\/10\/faceboo.jpg","type":"image\/jpeg"}],"author":"Zona Caral Administrador","twitter_card":"summary_large_image","twitter_misc":{"Written by":"Zona Caral Administrador","Est. reading time":"1 minuto"},"schema":{"@context":"https:\/\/schema.org","@graph":[{"@type":"Article","@id":"https:\/\/zonacaral.gob.pe\/en\/noticias\/marca-peru-y-victorinox-presentan-navaja-de-coleccion-dedicadas-a-caral\/#article","isPartOf":{"@id":"https:\/\/zonacaral.gob.pe\/en\/noticias\/marca-peru-y-victorinox-presentan-navaja-de-coleccion-dedicadas-a-caral\/"},"author":{"name":"Zona Caral Administrador","@id":"https:\/\/zonacaral.gob.pe\/es\/#\/schema\/person\/beddb4d22f71a7230c5b90913270a0ee"},"headline":"Marca Per\u00fa y Victorinox presentan navaja de Colecci\u00f3n dedicadas a Caral","datePublished":"2016-10-29T05:17:49+00:00","mainEntityOfPage":{"@id":"https:\/\/zonacaral.gob.pe\/en\/noticias\/marca-peru-y-victorinox-presentan-navaja-de-coleccion-dedicadas-a-caral\/"},"wordCount":273,"image":{"@id":"https:\/\/zonacaral.gob.pe\/en\/noticias\/marca-peru-y-victorinox-presentan-navaja-de-coleccion-dedicadas-a-caral\/#primaryimage"},"thumbnailUrl":"https:\/\/zonacaral.gob.pe\/wp-content\/uploads\/2016\/10\/faceboo.jpg","keywords":["caral"],"articleSection":["noticias"],"inLanguage":"es-PE"},{"@type":"WebPage","@id":"https:\/\/zonacaral.gob.pe\/en\/noticias\/marca-peru-y-victorinox-presentan-navaja-de-coleccion-dedicadas-a-caral\/","url":"https:\/\/zonacaral.gob.pe\/en\/noticias\/marca-peru-y-victorinox-presentan-navaja-de-coleccion-dedicadas-a-caral\/","name":"Marca Per\u00fa y Victorinox presentan navaja de Colecci\u00f3n dedicadas a Caral","isPartOf":{"@id":"https:\/\/zonacaral.gob.pe\/es\/#website"},"primaryImageOfPage":{"@id":"https:\/\/zonacaral.gob.pe\/en\/noticias\/marca-peru-y-victorinox-presentan-navaja-de-coleccion-dedicadas-a-caral\/#primaryimage"},"image":{"@id":"https:\/\/zonacaral.gob.pe\/en\/noticias\/marca-peru-y-victorinox-presentan-navaja-de-coleccion-dedicadas-a-caral\/#primaryimage"},"thumbnailUrl":"https:\/\/zonacaral.gob.pe\/wp-content\/uploads\/2016\/10\/faceboo.jpg","datePublished":"2016-10-29T05:17:49+00:00","author":{"@id":"https:\/\/zonacaral.gob.pe\/es\/#\/schema\/person\/beddb4d22f71a7230c5b90913270a0ee"},"description":"PROMPER\u00da inform\u00f3 que, con el objetivo de promover la Marca Per\u00fa, se present\u00f3 una edici\u00f3n exclusiva dedicada al pa\u00eds de las mundialmente reconocidas navajas suizas Victorinox, en una ceremonia celebrada en el restaurante de la Huaca Pucllana. La colecci\u00f3n, que lleva acu\u00f1ada la marca pa\u00eds, rinde homenaje a nuestra riqueza hist\u00f3rica a trav\u00e9s de tres modelos decorados con tres representativos destinos tur\u00edsticos y culturales del Per\u00fa como lo son Machu Picchu, Caral y las L\u00edneas de Nasca.","breadcrumb":{"@id":"https:\/\/zonacaral.gob.pe\/en\/noticias\/marca-peru-y-victorinox-presentan-navaja-de-coleccion-dedicadas-a-caral\/#breadcrumb"},"inLanguage":"es-PE","potentialAction":[{"@type":"ReadAction","target":["https:\/\/zonacaral.gob.pe\/en\/noticias\/marca-peru-y-victorinox-presentan-navaja-de-coleccion-dedicadas-a-caral\/"]}]},{"@type":"ImageObject","inLanguage":"es-PE","@id":"https:\/\/zonacaral.gob.pe\/en\/noticias\/marca-peru-y-victorinox-presentan-navaja-de-coleccion-dedicadas-a-caral\/#primaryimage","url":"https:\/\/zonacaral.gob.pe\/wp-content\/uploads\/2016\/10\/faceboo.jpg","contentUrl":"https:\/\/zonacaral.gob.pe\/wp-content\/uploads\/2016\/10\/faceboo.jpg","width":619,"height":347},{"@type":"BreadcrumbList","@id":"https:\/\/zonacaral.gob.pe\/en\/noticias\/marca-peru-y-victorinox-presentan-navaja-de-coleccion-dedicadas-a-caral\/#breadcrumb","itemListElement":[{"@type":"ListItem","position":1,"name":"Portada","item":"https:\/\/zonacaral.gob.pe\/"},{"@type":"ListItem","position":2,"name":"Marca Per\u00fa y Victorinox presentan navaja de Colecci\u00f3n dedicadas a Caral"}]},{"@type":"WebSite","@id":"https:\/\/zonacaral.gob.pe\/es\/#website","url":"https:\/\/zonacaral.gob.pe\/es\/","name":"Zona Caral","description":"Investigamos, conservamos y difundimos el patrimonio cultural de la Civilizaci\u00f3n Caral, la m\u00e1s antigua de Am\u00e9rica.","potentialAction":[{"@type":"SearchAction","target":{"@type":"EntryPoint","urlTemplate":"https:\/\/zonacaral.gob.pe\/es\/?s={search_term_string}"},"query-input":{"@type":"PropertyValueSpecification","valueRequired":true,"valueName":"search_term_string"}}],"inLanguage":"es-PE"},{"@type":"Person","@id":"https:\/\/zonacaral.gob.pe\/es\/#\/schema\/person\/beddb4d22f71a7230c5b90913270a0ee","name":"Zona Caral Administrador","image":{"@type":"ImageObject","inLanguage":"es-PE","@id":"https:\/\/secure.gravatar.com\/avatar\/e4be162918a696358376de6446614e0f0f4062bdc5d170d6d540ada3d8b58c12?s=96&d=mm&r=g","url":"https:\/\/secure.gravatar.com\/avatar\/e4be162918a696358376de6446614e0f0f4062bdc5d170d6d540ada3d8b58c12?s=96&d=mm&r=g","contentUrl":"https:\/\/secure.gravatar.com\/avatar\/e4be162918a696358376de6446614e0f0f4062bdc5d170d6d540ada3d8b58c12?s=96&d=mm&r=g","caption":"Zona Caral Administrador"},"sameAs":["https:\/\/zonacaral.gob.pe"],"url":"https:\/\/zonacaral.gob.pe\/es\/noticias\/author\/ad_zonacaral\/"}]}},"_links":{"self":[{"href":"https:\/\/zonacaral.gob.pe\/es\/wp-json\/wp\/v2\/posts\/10999","targetHints":{"allow":["GET"]}}],"collection":[{"href":"https:\/\/zonacaral.gob.pe\/es\/wp-json\/wp\/v2\/posts"}],"about":[{"href":"https:\/\/zonacaral.gob.pe\/es\/wp-json\/wp\/v2\/types\/post"}],"author":[{"embeddable":true,"href":"https:\/\/zonacaral.gob.pe\/es\/wp-json\/wp\/v2\/users\/1"}],"replies":[{"embeddable":true,"href":"https:\/\/zonacaral.gob.pe\/es\/wp-json\/wp\/v2\/comments?post=10999"}],"version-history":[{"count":0,"href":"https:\/\/zonacaral.gob.pe\/es\/wp-json\/wp\/v2\/posts\/10999\/revisions"}],"wp:featuredmedia":[{"embeddable":true,"href":"https:\/\/zonacaral.gob.pe\/es\/wp-json\/wp\/v2\/media\/11000"}],"wp:attachment":[{"href":"https:\/\/zonacaral.gob.pe\/es\/wp-json\/wp\/v2\/media?parent=10999"}],"wp:term":[{"taxonomy":"category","embeddable":true,"href":"https:\/\/zonacaral.gob.pe\/es\/wp-json\/wp\/v2\/categories?post=10999"},{"taxonomy":"post_tag","embeddable":true,"href":"https:\/\/zonacaral.gob.pe\/es\/wp-json\/wp\/v2\/tags?post=10999"}],"curies":[{"name":"wp","href":"https:\/\/api.w.org\/{rel}","templated":true}]}}