{"id":11039,"date":"2016-11-16T10:39:53","date_gmt":"2016-11-16T15:39:53","guid":{"rendered":"http:\/\/www.zonacaral.gob.pe\/?p=11039"},"modified":"2016-11-16T10:39:53","modified_gmt":"2016-11-16T15:39:53","slug":"caral-simbolo-ideal-para-encuentro-de-apec-2016","status":"publish","type":"post","link":"https:\/\/zonacaral.gob.pe\/es\/noticias\/caral-simbolo-ideal-para-encuentro-de-apec-2016\/","title":{"rendered":"Caral, s\u00edmbolo ideal para encuentro de APEC 2016"},"content":{"rendered":"<figure class=\"pic-autor\" style=\"color: #4d4d4d; text-align: justify;\"><\/figure>\n<p>La edici\u00f3n de este a\u00f1o del Foro de Cooperaci\u00f3n Econ\u00f3mica Asia-Pac\u00edfico, conocido como APEC por sus siglas en ingl\u00e9s, tendr\u00e1 lugar en Per\u00fa.<\/p>\n<p>Con motivo de la cumbre, Per\u00fa ha dise\u00f1ado un logotipo inspirado en uno de los sitios arqueol\u00f3gicos m\u00e1s c\u00e9lebres del pa\u00eds: Caral, la ciudad m\u00e1s antigua de todo el continente americano. Conozcamos m\u00e1s detalles.<\/p>\n<p>\u00bfQu\u00e9 relaci\u00f3n existe entre una civilizaci\u00f3n de 5 mil a\u00f1os de historia con una cumbre internacional que promueve el crecimiento econ\u00f3mico y el comercio? Mucho m\u00e1s de lo que usted imagina, gracias al hecho de que Per\u00fa es el anfitri\u00f3n de la reuni\u00f3n de l\u00edderes de la APEC de este a\u00f1o.<\/p>\n<p>Caral, considerada como la capital de la civilizaci\u00f3n m\u00e1s antigua de Am\u00e9rica, fue la precursora en el hemisferio de un comercio pac\u00edfico basado en el beneficio mutuo. Desarrollada entre los a\u00f1os 3000 y 1800 antes de Cristo, la antigua civilizaci\u00f3n peruana Caral-Supe dispon\u00eda de un impresionante conocimiento sobre la agronom\u00eda, la ingenier\u00eda y la medicina.<\/p>\n<p>Esta civilizaci\u00f3n fue contempor\u00e1nea de culturas de la Edad de Bronze en Mesopotamia, Egipto y China. Caral es ahora Patrimonio de la Humanidad de la UNESCO y sit\u00faa Per\u00fa al lado de otros miembros de la APEC que celebran sus civilizaciones antiguas. Vista desde el aire, uno puede hacerse una clara idea de por qu\u00e9 inspir\u00f3 el logotipo de la cumbre de la APEC 2016.<\/p>\n<p>El emblema est\u00e1 compuesto por tres anillos formados por una figura escalonada que representa el volumen arquitect\u00f3nico de Caral. Los arque\u00f3logos no encontraron armas en Caral. Tampoco se hallaron esqueletos que contuvieran heridas asociadas al combate. El investigador Pedro Novoa asegura que Caral se basaba en el comercio, a diferencia de los Estados guerreros de la civilizaci\u00f3n inca.<\/p>\n<p>Por ello, el logotipo de la APEC 2016 se ajusta tanto a un foro cuya meta es promover el comercio libre en la regi\u00f3n de Asia-Pac\u00edfico.<\/p>\n<p><strong>VIDEO\u00a0<\/strong><\/p>\n<p><iframe src=\"https:\/\/www.youtube.com\/embed\/qligkG0-sa8?rel=0&amp;showinfo=0\" width=\"853\" height=\"400\" frameborder=\"0\" allowfullscreen=\"allowfullscreen\"><\/iframe><\/p>\n<p style=\"text-align: justify;\">Fuente:<span style=\"color: #800000;\">\u00a0<a href=\"http:\/\/espanol.cctv.com\/2016\/11\/16\/VIDE1VEHodfuTcvV60EwkTGJ161116.shtml\">CCTV Espa\u00f1ol<\/a><\/span><\/p>\n<p style=\"text-align: justify;\">Fecha de publicaci\u00f3n: 16\/11\/2016<\/p>\n","protected":false},"excerpt":{"rendered":"<p>La edici\u00f3n de este a\u00f1o del Foro de Cooperaci\u00f3n Econ\u00f3mica Asia-Pac\u00edfico, conocido como APEC por sus siglas en ingl\u00e9s, tendr\u00e1 [&hellip;]<\/p>\n","protected":false},"author":1,"featured_media":11040,"comment_status":"closed","ping_status":"open","sticky":false,"template":"","format":"standard","meta":{"_acf_changed":false,"site-sidebar-layout":"default","site-content-layout":"","ast-site-content-layout":"default","site-content-style":"default","site-sidebar-style":"default","ast-global-header-display":"","ast-banner-title-visibility":"","ast-main-header-display":"","ast-hfb-above-header-display":"","ast-hfb-below-header-display":"","ast-hfb-mobile-header-display":"","site-post-title":"","ast-breadcrumbs-content":"","ast-featured-img":"","footer-sml-layout":"","ast-disable-related-posts":"","theme-transparent-header-meta":"","adv-header-id-meta":"","stick-header-meta":"","header-above-stick-meta":"","header-main-stick-meta":"","header-below-stick-meta":"","astra-migrate-meta-layouts":"default","ast-page-background-enabled":"default","ast-page-background-meta":{"desktop":{"background-color":"var(--ast-global-color-5)","background-image":"","background-repeat":"repeat","background-position":"center center","background-size":"auto","background-attachment":"scroll","background-type":"","background-media":"","overlay-type":"","overlay-color":"","overlay-opacity":"","overlay-gradient":""},"tablet":{"background-color":"","background-image":"","background-repeat":"repeat","background-position":"center center","background-size":"auto","background-attachment":"scroll","background-type":"","background-media":"","overlay-type":"","overlay-color":"","overlay-opacity":"","overlay-gradient":""},"mobile":{"background-color":"","background-image":"","background-repeat":"repeat","background-position":"center center","background-size":"auto","background-attachment":"scroll","background-type":"","background-media":"","overlay-type":"","overlay-color":"","overlay-opacity":"","overlay-gradient":""}},"ast-content-background-meta":{"desktop":{"background-color":"var(--ast-global-color-4)","background-image":"","background-repeat":"repeat","background-position":"center center","background-size":"auto","background-attachment":"scroll","background-type":"","background-media":"","overlay-type":"","overlay-color":"","overlay-opacity":"","overlay-gradient":""},"tablet":{"background-color":"var(--ast-global-color-4)","background-image":"","background-repeat":"repeat","background-position":"center center","background-size":"auto","background-attachment":"scroll","background-type":"","background-media":"","overlay-type":"","overlay-color":"","overlay-opacity":"","overlay-gradient":""},"mobile":{"background-color":"var(--ast-global-color-4)","background-image":"","background-repeat":"repeat","background-position":"center center","background-size":"auto","background-attachment":"scroll","background-type":"","background-media":"","overlay-type":"","overlay-color":"","overlay-opacity":"","overlay-gradient":""}},"footnotes":""},"categories":[208],"tags":[113,55],"class_list":["post-11039","post","type-post","status-publish","format-standard","has-post-thumbnail","hentry","category-noticias","tag-apec2016","tag-caral"],"acf":[],"yoast_head":"<!-- This site is optimized with the Yoast SEO plugin v27.3 - https:\/\/yoast.com\/product\/yoast-seo-wordpress\/ -->\n<title>Caral, s\u00edmbolo ideal para encuentro de APEC 2016<\/title>\n<meta name=\"description\" content=\"La edici\u00f3n de este a\u00f1o del Foro de Cooperaci\u00f3n Econ\u00f3mica Asia-Pac\u00edfico, conocido como APEC por sus siglas en ingl\u00e9s, tendr\u00e1 lugar en Per\u00fa. Con motivo de la cumbre, Per\u00fa ha dise\u00f1ado un logotipo inspirado en uno de los sitios arqueol\u00f3gicos m\u00e1s c\u00e9lebres del pa\u00eds: Caral, la ciudad m\u00e1s antigua de todo el continente americano. Conozcamos m\u00e1s detalles.\" \/>\n<meta name=\"robots\" content=\"index, follow, max-snippet:-1, max-image-preview:large, max-video-preview:-1\" \/>\n<link rel=\"canonical\" href=\"https:\/\/zonacaral.gob.pe\/es\/noticias\/caral-simbolo-ideal-para-encuentro-de-apec-2016\/\" \/>\n<meta property=\"og:locale\" content=\"es_ES\" \/>\n<meta property=\"og:type\" content=\"article\" \/>\n<meta property=\"og:title\" content=\"Caral, s\u00edmbolo ideal para encuentro de APEC 2016\" \/>\n<meta property=\"og:description\" content=\"La edici\u00f3n de este a\u00f1o del Foro de Cooperaci\u00f3n Econ\u00f3mica Asia-Pac\u00edfico, conocido como APEC por sus siglas en ingl\u00e9s, tendr\u00e1 lugar en Per\u00fa. Con motivo de la cumbre, Per\u00fa ha dise\u00f1ado un logotipo inspirado en uno de los sitios arqueol\u00f3gicos m\u00e1s c\u00e9lebres del pa\u00eds: Caral, la ciudad m\u00e1s antigua de todo el continente americano. Conozcamos m\u00e1s detalles.\" \/>\n<meta property=\"og:url\" content=\"https:\/\/zonacaral.gob.pe\/es\/noticias\/caral-simbolo-ideal-para-encuentro-de-apec-2016\/\" \/>\n<meta property=\"og:site_name\" content=\"Zona Caral\" \/>\n<meta property=\"article:published_time\" content=\"2016-11-16T15:39:53+00:00\" \/>\n<meta property=\"og:image\" content=\"https:\/\/zonacaral.gob.pe\/wp-content\/uploads\/2016\/11\/YOUTUEB-CCTV-APEC2016.jpg\" \/>\n\t<meta property=\"og:image:width\" content=\"1280\" \/>\n\t<meta property=\"og:image:height\" content=\"720\" \/>\n\t<meta property=\"og:image:type\" content=\"image\/jpeg\" \/>\n<meta name=\"author\" content=\"Zona Caral Administrador\" \/>\n<meta name=\"twitter:card\" content=\"summary_large_image\" \/>\n<meta name=\"twitter:label1\" content=\"Written by\" \/>\n\t<meta name=\"twitter:data1\" content=\"Zona Caral Administrador\" \/>\n\t<meta name=\"twitter:label2\" content=\"Est. reading time\" \/>\n\t<meta name=\"twitter:data2\" content=\"2 minutos\" \/>\n<script type=\"application\/ld+json\" class=\"yoast-schema-graph\">{\"@context\":\"https:\\\/\\\/schema.org\",\"@graph\":[{\"@type\":\"Article\",\"@id\":\"https:\\\/\\\/zonacaral.gob.pe\\\/en\\\/noticias\\\/caral-simbolo-ideal-para-encuentro-de-apec-2016\\\/#article\",\"isPartOf\":{\"@id\":\"https:\\\/\\\/zonacaral.gob.pe\\\/en\\\/noticias\\\/caral-simbolo-ideal-para-encuentro-de-apec-2016\\\/\"},\"author\":{\"name\":\"Zona Caral Administrador\",\"@id\":\"https:\\\/\\\/zonacaral.gob.pe\\\/es\\\/#\\\/schema\\\/person\\\/beddb4d22f71a7230c5b90913270a0ee\"},\"headline\":\"Caral, s\u00edmbolo ideal para encuentro de APEC 2016\",\"datePublished\":\"2016-11-16T15:39:53+00:00\",\"mainEntityOfPage\":{\"@id\":\"https:\\\/\\\/zonacaral.gob.pe\\\/en\\\/noticias\\\/caral-simbolo-ideal-para-encuentro-de-apec-2016\\\/\"},\"wordCount\":363,\"image\":{\"@id\":\"https:\\\/\\\/zonacaral.gob.pe\\\/en\\\/noticias\\\/caral-simbolo-ideal-para-encuentro-de-apec-2016\\\/#primaryimage\"},\"thumbnailUrl\":\"https:\\\/\\\/zonacaral.gob.pe\\\/wp-content\\\/uploads\\\/2016\\\/11\\\/YOUTUEB-CCTV-APEC2016.jpg\",\"keywords\":[\"apec2016\",\"caral\"],\"articleSection\":[\"noticias\"],\"inLanguage\":\"es-PE\"},{\"@type\":\"WebPage\",\"@id\":\"https:\\\/\\\/zonacaral.gob.pe\\\/en\\\/noticias\\\/caral-simbolo-ideal-para-encuentro-de-apec-2016\\\/\",\"url\":\"https:\\\/\\\/zonacaral.gob.pe\\\/en\\\/noticias\\\/caral-simbolo-ideal-para-encuentro-de-apec-2016\\\/\",\"name\":\"Caral, s\u00edmbolo ideal para encuentro de APEC 2016\",\"isPartOf\":{\"@id\":\"https:\\\/\\\/zonacaral.gob.pe\\\/es\\\/#website\"},\"primaryImageOfPage\":{\"@id\":\"https:\\\/\\\/zonacaral.gob.pe\\\/en\\\/noticias\\\/caral-simbolo-ideal-para-encuentro-de-apec-2016\\\/#primaryimage\"},\"image\":{\"@id\":\"https:\\\/\\\/zonacaral.gob.pe\\\/en\\\/noticias\\\/caral-simbolo-ideal-para-encuentro-de-apec-2016\\\/#primaryimage\"},\"thumbnailUrl\":\"https:\\\/\\\/zonacaral.gob.pe\\\/wp-content\\\/uploads\\\/2016\\\/11\\\/YOUTUEB-CCTV-APEC2016.jpg\",\"datePublished\":\"2016-11-16T15:39:53+00:00\",\"author\":{\"@id\":\"https:\\\/\\\/zonacaral.gob.pe\\\/es\\\/#\\\/schema\\\/person\\\/beddb4d22f71a7230c5b90913270a0ee\"},\"description\":\"La edici\u00f3n de este a\u00f1o del Foro de Cooperaci\u00f3n Econ\u00f3mica Asia-Pac\u00edfico, conocido como APEC por sus siglas en ingl\u00e9s, tendr\u00e1 lugar en Per\u00fa. Con motivo de la cumbre, Per\u00fa ha dise\u00f1ado un logotipo inspirado en uno de los sitios arqueol\u00f3gicos m\u00e1s c\u00e9lebres del pa\u00eds: Caral, la ciudad m\u00e1s antigua de todo el continente americano. Conozcamos m\u00e1s detalles.\",\"breadcrumb\":{\"@id\":\"https:\\\/\\\/zonacaral.gob.pe\\\/en\\\/noticias\\\/caral-simbolo-ideal-para-encuentro-de-apec-2016\\\/#breadcrumb\"},\"inLanguage\":\"es-PE\",\"potentialAction\":[{\"@type\":\"ReadAction\",\"target\":[\"https:\\\/\\\/zonacaral.gob.pe\\\/en\\\/noticias\\\/caral-simbolo-ideal-para-encuentro-de-apec-2016\\\/\"]}]},{\"@type\":\"ImageObject\",\"inLanguage\":\"es-PE\",\"@id\":\"https:\\\/\\\/zonacaral.gob.pe\\\/en\\\/noticias\\\/caral-simbolo-ideal-para-encuentro-de-apec-2016\\\/#primaryimage\",\"url\":\"https:\\\/\\\/zonacaral.gob.pe\\\/wp-content\\\/uploads\\\/2016\\\/11\\\/YOUTUEB-CCTV-APEC2016.jpg\",\"contentUrl\":\"https:\\\/\\\/zonacaral.gob.pe\\\/wp-content\\\/uploads\\\/2016\\\/11\\\/YOUTUEB-CCTV-APEC2016.jpg\",\"width\":1280,\"height\":720},{\"@type\":\"BreadcrumbList\",\"@id\":\"https:\\\/\\\/zonacaral.gob.pe\\\/en\\\/noticias\\\/caral-simbolo-ideal-para-encuentro-de-apec-2016\\\/#breadcrumb\",\"itemListElement\":[{\"@type\":\"ListItem\",\"position\":1,\"name\":\"Portada\",\"item\":\"https:\\\/\\\/zonacaral.gob.pe\\\/\"},{\"@type\":\"ListItem\",\"position\":2,\"name\":\"Caral, s\u00edmbolo ideal para encuentro de APEC 2016\"}]},{\"@type\":\"WebSite\",\"@id\":\"https:\\\/\\\/zonacaral.gob.pe\\\/es\\\/#website\",\"url\":\"https:\\\/\\\/zonacaral.gob.pe\\\/es\\\/\",\"name\":\"Zona Caral\",\"description\":\"Investigamos, conservamos y difundimos el patrimonio cultural de la Civilizaci\u00f3n Caral, la m\u00e1s antigua de Am\u00e9rica.\",\"potentialAction\":[{\"@type\":\"SearchAction\",\"target\":{\"@type\":\"EntryPoint\",\"urlTemplate\":\"https:\\\/\\\/zonacaral.gob.pe\\\/es\\\/?s={search_term_string}\"},\"query-input\":{\"@type\":\"PropertyValueSpecification\",\"valueRequired\":true,\"valueName\":\"search_term_string\"}}],\"inLanguage\":\"es-PE\"},{\"@type\":\"Person\",\"@id\":\"https:\\\/\\\/zonacaral.gob.pe\\\/es\\\/#\\\/schema\\\/person\\\/beddb4d22f71a7230c5b90913270a0ee\",\"name\":\"Zona Caral Administrador\",\"image\":{\"@type\":\"ImageObject\",\"inLanguage\":\"es-PE\",\"@id\":\"https:\\\/\\\/secure.gravatar.com\\\/avatar\\\/e4be162918a696358376de6446614e0f0f4062bdc5d170d6d540ada3d8b58c12?s=96&d=mm&r=g\",\"url\":\"https:\\\/\\\/secure.gravatar.com\\\/avatar\\\/e4be162918a696358376de6446614e0f0f4062bdc5d170d6d540ada3d8b58c12?s=96&d=mm&r=g\",\"contentUrl\":\"https:\\\/\\\/secure.gravatar.com\\\/avatar\\\/e4be162918a696358376de6446614e0f0f4062bdc5d170d6d540ada3d8b58c12?s=96&d=mm&r=g\",\"caption\":\"Zona Caral Administrador\"},\"sameAs\":[\"https:\\\/\\\/zonacaral.gob.pe\"],\"url\":\"https:\\\/\\\/zonacaral.gob.pe\\\/es\\\/noticias\\\/author\\\/ad_zonacaral\\\/\"}]}<\/script>\n<!-- \/ Yoast SEO plugin. -->","yoast_head_json":{"title":"Caral, s\u00edmbolo ideal para encuentro de APEC 2016","description":"La edici\u00f3n de este a\u00f1o del Foro de Cooperaci\u00f3n Econ\u00f3mica Asia-Pac\u00edfico, conocido como APEC por sus siglas en ingl\u00e9s, tendr\u00e1 lugar en Per\u00fa. Con motivo de la cumbre, Per\u00fa ha dise\u00f1ado un logotipo inspirado en uno de los sitios arqueol\u00f3gicos m\u00e1s c\u00e9lebres del pa\u00eds: Caral, la ciudad m\u00e1s antigua de todo el continente americano. Conozcamos m\u00e1s detalles.","robots":{"index":"index","follow":"follow","max-snippet":"max-snippet:-1","max-image-preview":"max-image-preview:large","max-video-preview":"max-video-preview:-1"},"canonical":"https:\/\/zonacaral.gob.pe\/es\/noticias\/caral-simbolo-ideal-para-encuentro-de-apec-2016\/","og_locale":"es_ES","og_type":"article","og_title":"Caral, s\u00edmbolo ideal para encuentro de APEC 2016","og_description":"La edici\u00f3n de este a\u00f1o del Foro de Cooperaci\u00f3n Econ\u00f3mica Asia-Pac\u00edfico, conocido como APEC por sus siglas en ingl\u00e9s, tendr\u00e1 lugar en Per\u00fa. Con motivo de la cumbre, Per\u00fa ha dise\u00f1ado un logotipo inspirado en uno de los sitios arqueol\u00f3gicos m\u00e1s c\u00e9lebres del pa\u00eds: Caral, la ciudad m\u00e1s antigua de todo el continente americano. Conozcamos m\u00e1s detalles.","og_url":"https:\/\/zonacaral.gob.pe\/es\/noticias\/caral-simbolo-ideal-para-encuentro-de-apec-2016\/","og_site_name":"Zona Caral","article_published_time":"2016-11-16T15:39:53+00:00","og_image":[{"width":1280,"height":720,"url":"https:\/\/zonacaral.gob.pe\/wp-content\/uploads\/2016\/11\/YOUTUEB-CCTV-APEC2016.jpg","type":"image\/jpeg"}],"author":"Zona Caral Administrador","twitter_card":"summary_large_image","twitter_misc":{"Written by":"Zona Caral Administrador","Est. reading time":"2 minutos"},"schema":{"@context":"https:\/\/schema.org","@graph":[{"@type":"Article","@id":"https:\/\/zonacaral.gob.pe\/en\/noticias\/caral-simbolo-ideal-para-encuentro-de-apec-2016\/#article","isPartOf":{"@id":"https:\/\/zonacaral.gob.pe\/en\/noticias\/caral-simbolo-ideal-para-encuentro-de-apec-2016\/"},"author":{"name":"Zona Caral Administrador","@id":"https:\/\/zonacaral.gob.pe\/es\/#\/schema\/person\/beddb4d22f71a7230c5b90913270a0ee"},"headline":"Caral, s\u00edmbolo ideal para encuentro de APEC 2016","datePublished":"2016-11-16T15:39:53+00:00","mainEntityOfPage":{"@id":"https:\/\/zonacaral.gob.pe\/en\/noticias\/caral-simbolo-ideal-para-encuentro-de-apec-2016\/"},"wordCount":363,"image":{"@id":"https:\/\/zonacaral.gob.pe\/en\/noticias\/caral-simbolo-ideal-para-encuentro-de-apec-2016\/#primaryimage"},"thumbnailUrl":"https:\/\/zonacaral.gob.pe\/wp-content\/uploads\/2016\/11\/YOUTUEB-CCTV-APEC2016.jpg","keywords":["apec2016","caral"],"articleSection":["noticias"],"inLanguage":"es-PE"},{"@type":"WebPage","@id":"https:\/\/zonacaral.gob.pe\/en\/noticias\/caral-simbolo-ideal-para-encuentro-de-apec-2016\/","url":"https:\/\/zonacaral.gob.pe\/en\/noticias\/caral-simbolo-ideal-para-encuentro-de-apec-2016\/","name":"Caral, s\u00edmbolo ideal para encuentro de APEC 2016","isPartOf":{"@id":"https:\/\/zonacaral.gob.pe\/es\/#website"},"primaryImageOfPage":{"@id":"https:\/\/zonacaral.gob.pe\/en\/noticias\/caral-simbolo-ideal-para-encuentro-de-apec-2016\/#primaryimage"},"image":{"@id":"https:\/\/zonacaral.gob.pe\/en\/noticias\/caral-simbolo-ideal-para-encuentro-de-apec-2016\/#primaryimage"},"thumbnailUrl":"https:\/\/zonacaral.gob.pe\/wp-content\/uploads\/2016\/11\/YOUTUEB-CCTV-APEC2016.jpg","datePublished":"2016-11-16T15:39:53+00:00","author":{"@id":"https:\/\/zonacaral.gob.pe\/es\/#\/schema\/person\/beddb4d22f71a7230c5b90913270a0ee"},"description":"La edici\u00f3n de este a\u00f1o del Foro de Cooperaci\u00f3n Econ\u00f3mica Asia-Pac\u00edfico, conocido como APEC por sus siglas en ingl\u00e9s, tendr\u00e1 lugar en Per\u00fa. Con motivo de la cumbre, Per\u00fa ha dise\u00f1ado un logotipo inspirado en uno de los sitios arqueol\u00f3gicos m\u00e1s c\u00e9lebres del pa\u00eds: Caral, la ciudad m\u00e1s antigua de todo el continente americano. Conozcamos m\u00e1s detalles.","breadcrumb":{"@id":"https:\/\/zonacaral.gob.pe\/en\/noticias\/caral-simbolo-ideal-para-encuentro-de-apec-2016\/#breadcrumb"},"inLanguage":"es-PE","potentialAction":[{"@type":"ReadAction","target":["https:\/\/zonacaral.gob.pe\/en\/noticias\/caral-simbolo-ideal-para-encuentro-de-apec-2016\/"]}]},{"@type":"ImageObject","inLanguage":"es-PE","@id":"https:\/\/zonacaral.gob.pe\/en\/noticias\/caral-simbolo-ideal-para-encuentro-de-apec-2016\/#primaryimage","url":"https:\/\/zonacaral.gob.pe\/wp-content\/uploads\/2016\/11\/YOUTUEB-CCTV-APEC2016.jpg","contentUrl":"https:\/\/zonacaral.gob.pe\/wp-content\/uploads\/2016\/11\/YOUTUEB-CCTV-APEC2016.jpg","width":1280,"height":720},{"@type":"BreadcrumbList","@id":"https:\/\/zonacaral.gob.pe\/en\/noticias\/caral-simbolo-ideal-para-encuentro-de-apec-2016\/#breadcrumb","itemListElement":[{"@type":"ListItem","position":1,"name":"Portada","item":"https:\/\/zonacaral.gob.pe\/"},{"@type":"ListItem","position":2,"name":"Caral, s\u00edmbolo ideal para encuentro de APEC 2016"}]},{"@type":"WebSite","@id":"https:\/\/zonacaral.gob.pe\/es\/#website","url":"https:\/\/zonacaral.gob.pe\/es\/","name":"Zona Caral","description":"Investigamos, conservamos y difundimos el patrimonio cultural de la Civilizaci\u00f3n Caral, la m\u00e1s antigua de Am\u00e9rica.","potentialAction":[{"@type":"SearchAction","target":{"@type":"EntryPoint","urlTemplate":"https:\/\/zonacaral.gob.pe\/es\/?s={search_term_string}"},"query-input":{"@type":"PropertyValueSpecification","valueRequired":true,"valueName":"search_term_string"}}],"inLanguage":"es-PE"},{"@type":"Person","@id":"https:\/\/zonacaral.gob.pe\/es\/#\/schema\/person\/beddb4d22f71a7230c5b90913270a0ee","name":"Zona Caral Administrador","image":{"@type":"ImageObject","inLanguage":"es-PE","@id":"https:\/\/secure.gravatar.com\/avatar\/e4be162918a696358376de6446614e0f0f4062bdc5d170d6d540ada3d8b58c12?s=96&d=mm&r=g","url":"https:\/\/secure.gravatar.com\/avatar\/e4be162918a696358376de6446614e0f0f4062bdc5d170d6d540ada3d8b58c12?s=96&d=mm&r=g","contentUrl":"https:\/\/secure.gravatar.com\/avatar\/e4be162918a696358376de6446614e0f0f4062bdc5d170d6d540ada3d8b58c12?s=96&d=mm&r=g","caption":"Zona Caral Administrador"},"sameAs":["https:\/\/zonacaral.gob.pe"],"url":"https:\/\/zonacaral.gob.pe\/es\/noticias\/author\/ad_zonacaral\/"}]}},"_links":{"self":[{"href":"https:\/\/zonacaral.gob.pe\/es\/wp-json\/wp\/v2\/posts\/11039","targetHints":{"allow":["GET"]}}],"collection":[{"href":"https:\/\/zonacaral.gob.pe\/es\/wp-json\/wp\/v2\/posts"}],"about":[{"href":"https:\/\/zonacaral.gob.pe\/es\/wp-json\/wp\/v2\/types\/post"}],"author":[{"embeddable":true,"href":"https:\/\/zonacaral.gob.pe\/es\/wp-json\/wp\/v2\/users\/1"}],"replies":[{"embeddable":true,"href":"https:\/\/zonacaral.gob.pe\/es\/wp-json\/wp\/v2\/comments?post=11039"}],"version-history":[{"count":0,"href":"https:\/\/zonacaral.gob.pe\/es\/wp-json\/wp\/v2\/posts\/11039\/revisions"}],"wp:featuredmedia":[{"embeddable":true,"href":"https:\/\/zonacaral.gob.pe\/es\/wp-json\/wp\/v2\/media\/11040"}],"wp:attachment":[{"href":"https:\/\/zonacaral.gob.pe\/es\/wp-json\/wp\/v2\/media?parent=11039"}],"wp:term":[{"taxonomy":"category","embeddable":true,"href":"https:\/\/zonacaral.gob.pe\/es\/wp-json\/wp\/v2\/categories?post=11039"},{"taxonomy":"post_tag","embeddable":true,"href":"https:\/\/zonacaral.gob.pe\/es\/wp-json\/wp\/v2\/tags?post=11039"}],"curies":[{"name":"wp","href":"https:\/\/api.w.org\/{rel}","templated":true}]}}