{"id":11424,"date":"2017-05-23T10:56:53","date_gmt":"2017-05-23T15:56:53","guid":{"rendered":"http:\/\/www.zonacaral.gob.pe\/?p=11424"},"modified":"2017-05-23T10:56:53","modified_gmt":"2017-05-23T15:56:53","slug":"uni-distincion-honoris-causa-para-la-dra-ruth-shady","status":"publish","type":"post","link":"https:\/\/zonacaral.gob.pe\/es\/noticias\/uni-distincion-honoris-causa-para-la-dra-ruth-shady\/","title":{"rendered":"UNI: distinci\u00f3n Honoris Causa para la Dra. Ruth Shady"},"content":{"rendered":"<figure class=\"pic-autor\" style=\"color: #4d4d4d; text-align: justify;\"><\/figure>\n<p style=\"text-align: justify;\"><span style=\"color: #1f1f1f;\">El Dr. Jorge Alva Hurtado, rector de la Universidad Nacional de Ingenier\u00eda (<\/span><strong style=\"color: #1f1f1f;\">UNI<\/strong><span style=\"color: #1f1f1f;\">), entreg\u00f3, la distinci\u00f3n honor\u00edfica de Doctor Honoris Causa a la\u00a0<\/span>Dra. Ruth Martha Shady Sol\u00eds<span style=\"color: #1f1f1f;\">, reconocida antrop\u00f3loga y principal\u00a0<\/span><strong style=\"color: #1f1f1f;\">gestora\u00a0<\/strong><span style=\"color: #1f1f1f;\">de la declaraci\u00f3n de la Ciudad Sagrada de\u00a0<\/span><strong style=\"color: #1f1f1f;\">Caral\u00a0<\/strong><span style=\"color: #1f1f1f;\">como Patrimonio Mundial (2009).\u00a0<\/span><\/p>\n<p style=\"text-align: justify;\">En la resoluci\u00f3n rectoral de la\u00a0<strong>Universidad Nacional de Ingenier\u00eda<\/strong>\u00a0que, dio origen a la imposici\u00f3n a la Dra. Ruth Shady, se hace menci\u00f3n que ella tiene una\u00a0<strong>categor\u00eda\u00a0<\/strong>de\u00a0<strong>peruana ejemplar<\/strong>.<\/p>\n<p style=\"text-align: justify;\">La Dra. Ruth Shady Sol\u00eds es una notable antrop\u00f3loga, arque\u00f3loga y educadora, egresada de las aulas de la\u00a0Cuatricentenaria Universidad Nacional Mayor de San Marcos.<\/p>\n<p style=\"text-align: justify;\">Fue la Facultad de Arquitectura de la Universidad Nacional de Ingenier\u00eda la que solicit\u00f3 al rectorado el otorgamiento de esta importante distinci\u00f3n para la Dra. Ruth Shady por su extraordinaria calidad profesional.<\/p>\n<p style=\"text-align: justify;\">Entre otras distinciones, la\u00a0<strong>Dra. Ruth Shady<\/strong>, el 2005, recibi\u00f3 el Premio Concytec 2005 de Reconocimiento a la Trayectoria Cient\u00edfica y Tecnol\u00f3gica, pues ella ha llevado adelante el\u00a0<strong>Proyecto Caral<\/strong>, la<strong>\u00a0ciudad m\u00e1s antigua de Am\u00e9rica<\/strong>.<\/p>\n<h3 style=\"text-align: justify;\"><strong>Dedicaci\u00f3n profesional<\/strong><\/h3>\n<p style=\"text-align: justify;\">Tal como lo\u00a0informara\u00a0<strong>La Rep\u00fablica<\/strong>\u00a0el 22 de enero de 2006 como arque\u00f3loga,\u00a0Ruth Shady\u00a0ha recorrido sola muchas regiones inh\u00f3spitas del Per\u00fa. Lo hizo a pie o a caballo. Por ejemplo, apenas egres\u00f3 de\u00a0<strong>San Marcos<\/strong>\u00a0realiz\u00f3 investigaciones en el norte del Per\u00fa, en Chota, Bagua y otros pueblos aleda\u00f1os, en donde, con la compa\u00f1\u00eda de un lugare\u00f1o, cabalgaba d\u00edas y noches las jalcas andinas.<\/p>\n<p style=\"text-align: justify;\">Los resultados de sus investigaciones en el\u00a0<strong>Proyecto Caral<\/strong>\u00a0<strong>coronan\u00a0<\/strong>ese amor y ese\u00a0<strong>esfuerzo\u00a0<\/strong>de siempre por la\u00a0<strong>arqueolog\u00eda<\/strong>.<\/p>\n<div style=\"color: #1f1f1f;\">\n<div style=\"text-align: justify;\"><img fetchpriority=\"high\" decoding=\"async\" class=\"alignnone wp-image-11428\" src=\"http:\/\/www.zonacaral.gob.pe\/wp-content\/uploads\/2017\/05\/22-05-2017-honoris-causa-02.jpg\" alt=\"22-05-2017-honoris-causa-02\" width=\"600\" height=\"338\" srcset=\"https:\/\/zonacaral.gob.pe\/wp-content\/uploads\/2017\/05\/22-05-2017-honoris-causa-02.jpg 1040w, https:\/\/zonacaral.gob.pe\/wp-content\/uploads\/2017\/05\/22-05-2017-honoris-causa-02-300x169.jpg 300w, https:\/\/zonacaral.gob.pe\/wp-content\/uploads\/2017\/05\/22-05-2017-honoris-causa-02-1024x576.jpg 1024w, https:\/\/zonacaral.gob.pe\/wp-content\/uploads\/2017\/05\/22-05-2017-honoris-causa-02-768x432.jpg 768w\" sizes=\"(max-width: 600px) 100vw, 600px\" \/><\/div>\n<div style=\"text-align: justify;\"><\/div>\n<\/p>\n<p style=\"text-align: justify;\">Fuente:\u00a0<span style=\"color: #993300;\"><a href=\"http:\/\/larepublica.pe\/reportero-ciudadano\/878346-uni-distincion-honoris-causa-para-la-dra-ruth-shady\"><span style=\"color: #993300;\">Diario La Rep\u00fablica<\/span><\/a><\/span><\/p>\n<p style=\"text-align: justify;\">Fecha de publicaci\u00f3n: 22\/05\/2017<\/p>\n<\/div>\n","protected":false},"excerpt":{"rendered":"<p>El Dr. Jorge Alva Hurtado, rector de la Universidad Nacional de Ingenier\u00eda (UNI), entreg\u00f3, la distinci\u00f3n honor\u00edfica de Doctor Honoris [&hellip;]<\/p>\n","protected":false},"author":1,"featured_media":11425,"comment_status":"closed","ping_status":"open","sticky":false,"template":"","format":"standard","meta":{"_acf_changed":false,"site-sidebar-layout":"default","site-content-layout":"","ast-site-content-layout":"default","site-content-style":"default","site-sidebar-style":"default","ast-global-header-display":"","ast-banner-title-visibility":"","ast-main-header-display":"","ast-hfb-above-header-display":"","ast-hfb-below-header-display":"","ast-hfb-mobile-header-display":"","site-post-title":"","ast-breadcrumbs-content":"","ast-featured-img":"","footer-sml-layout":"","ast-disable-related-posts":"","theme-transparent-header-meta":"","adv-header-id-meta":"","stick-header-meta":"","header-above-stick-meta":"","header-main-stick-meta":"","header-below-stick-meta":"","astra-migrate-meta-layouts":"default","ast-page-background-enabled":"default","ast-page-background-meta":{"desktop":{"background-color":"var(--ast-global-color-5)","background-image":"","background-repeat":"repeat","background-position":"center center","background-size":"auto","background-attachment":"scroll","background-type":"","background-media":"","overlay-type":"","overlay-color":"","overlay-opacity":"","overlay-gradient":""},"tablet":{"background-color":"","background-image":"","background-repeat":"repeat","background-position":"center center","background-size":"auto","background-attachment":"scroll","background-type":"","background-media":"","overlay-type":"","overlay-color":"","overlay-opacity":"","overlay-gradient":""},"mobile":{"background-color":"","background-image":"","background-repeat":"repeat","background-position":"center center","background-size":"auto","background-attachment":"scroll","background-type":"","background-media":"","overlay-type":"","overlay-color":"","overlay-opacity":"","overlay-gradient":""}},"ast-content-background-meta":{"desktop":{"background-color":"var(--ast-global-color-4)","background-image":"","background-repeat":"repeat","background-position":"center center","background-size":"auto","background-attachment":"scroll","background-type":"","background-media":"","overlay-type":"","overlay-color":"","overlay-opacity":"","overlay-gradient":""},"tablet":{"background-color":"var(--ast-global-color-4)","background-image":"","background-repeat":"repeat","background-position":"center center","background-size":"auto","background-attachment":"scroll","background-type":"","background-media":"","overlay-type":"","overlay-color":"","overlay-opacity":"","overlay-gradient":""},"mobile":{"background-color":"var(--ast-global-color-4)","background-image":"","background-repeat":"repeat","background-position":"center center","background-size":"auto","background-attachment":"scroll","background-type":"","background-media":"","overlay-type":"","overlay-color":"","overlay-opacity":"","overlay-gradient":""}},"footnotes":""},"categories":[208],"tags":[55,82,117],"class_list":["post-11424","post","type-post","status-publish","format-standard","has-post-thumbnail","hentry","category-noticias","tag-caral","tag-ruth-shady","tag-uni"],"acf":[],"yoast_head":"<!-- This site is optimized with the Yoast SEO plugin v27.3 - https:\/\/yoast.com\/product\/yoast-seo-wordpress\/ -->\n<title>Distinci\u00f3n Honoris Causa para la Dra. Ruth Shady<\/title>\n<meta name=\"description\" content=\"El rector de la Universidad Nacional de Ingenier\u00eda (UNI), entreg\u00f3 la distinci\u00f3n honor\u00edfica de Doctor Honoris Causa a la Dra. Ruth Martha Shady Sol\u00eds, reconocida antrop\u00f3loga y principal gestora de la declaraci\u00f3n de la Ciudad Sagrada de Caral como Patrimonio Mundial (2009).\" \/>\n<meta name=\"robots\" content=\"index, follow, max-snippet:-1, max-image-preview:large, max-video-preview:-1\" \/>\n<link rel=\"canonical\" href=\"https:\/\/zonacaral.gob.pe\/es\/noticias\/uni-distincion-honoris-causa-para-la-dra-ruth-shady\/\" \/>\n<meta property=\"og:locale\" content=\"es_ES\" \/>\n<meta property=\"og:type\" content=\"article\" \/>\n<meta property=\"og:title\" content=\"Distinci\u00f3n Honoris Causa para la Dra. Ruth Shady\" \/>\n<meta property=\"og:description\" content=\"El rector de la Universidad Nacional de Ingenier\u00eda (UNI), entreg\u00f3 la distinci\u00f3n honor\u00edfica de Doctor Honoris Causa a la Dra. Ruth Martha Shady Sol\u00eds, reconocida antrop\u00f3loga y principal gestora de la declaraci\u00f3n de la Ciudad Sagrada de Caral como Patrimonio Mundial (2009).\" \/>\n<meta property=\"og:url\" content=\"https:\/\/zonacaral.gob.pe\/es\/noticias\/uni-distincion-honoris-causa-para-la-dra-ruth-shady\/\" \/>\n<meta property=\"og:site_name\" content=\"Zona Caral\" \/>\n<meta property=\"article:published_time\" content=\"2017-05-23T15:56:53+00:00\" \/>\n<meta property=\"og:image\" content=\"https:\/\/zonacaral.gob.pe\/wp-content\/uploads\/2017\/05\/22-05-2017-honoris-causa.jpg\" \/>\n\t<meta property=\"og:image:width\" content=\"2080\" \/>\n\t<meta property=\"og:image:height\" content=\"1170\" \/>\n\t<meta property=\"og:image:type\" content=\"image\/jpeg\" \/>\n<meta name=\"author\" content=\"Zona Caral Administrador\" \/>\n<meta name=\"twitter:card\" content=\"summary_large_image\" \/>\n<meta name=\"twitter:label1\" content=\"Written by\" \/>\n\t<meta name=\"twitter:data1\" content=\"Zona Caral Administrador\" \/>\n\t<meta name=\"twitter:label2\" content=\"Est. reading time\" \/>\n\t<meta name=\"twitter:data2\" content=\"1 minuto\" \/>\n<script type=\"application\/ld+json\" class=\"yoast-schema-graph\">{\"@context\":\"https:\\\/\\\/schema.org\",\"@graph\":[{\"@type\":\"Article\",\"@id\":\"https:\\\/\\\/zonacaral.gob.pe\\\/es\\\/noticias\\\/uni-distincion-honoris-causa-para-la-dra-ruth-shady\\\/#article\",\"isPartOf\":{\"@id\":\"https:\\\/\\\/zonacaral.gob.pe\\\/es\\\/noticias\\\/uni-distincion-honoris-causa-para-la-dra-ruth-shady\\\/\"},\"author\":{\"name\":\"Zona Caral Administrador\",\"@id\":\"https:\\\/\\\/zonacaral.gob.pe\\\/es\\\/#\\\/schema\\\/person\\\/beddb4d22f71a7230c5b90913270a0ee\"},\"headline\":\"UNI: distinci\u00f3n Honoris Causa para la Dra. Ruth Shady\",\"datePublished\":\"2017-05-23T15:56:53+00:00\",\"mainEntityOfPage\":{\"@id\":\"https:\\\/\\\/zonacaral.gob.pe\\\/es\\\/noticias\\\/uni-distincion-honoris-causa-para-la-dra-ruth-shady\\\/\"},\"wordCount\":303,\"image\":{\"@id\":\"https:\\\/\\\/zonacaral.gob.pe\\\/es\\\/noticias\\\/uni-distincion-honoris-causa-para-la-dra-ruth-shady\\\/#primaryimage\"},\"thumbnailUrl\":\"https:\\\/\\\/zonacaral.gob.pe\\\/wp-content\\\/uploads\\\/2017\\\/05\\\/22-05-2017-honoris-causa.jpg\",\"keywords\":[\"caral\",\"Ruth Shady\",\"UNI\"],\"articleSection\":[\"noticias\"],\"inLanguage\":\"es-PE\"},{\"@type\":\"WebPage\",\"@id\":\"https:\\\/\\\/zonacaral.gob.pe\\\/es\\\/noticias\\\/uni-distincion-honoris-causa-para-la-dra-ruth-shady\\\/\",\"url\":\"https:\\\/\\\/zonacaral.gob.pe\\\/es\\\/noticias\\\/uni-distincion-honoris-causa-para-la-dra-ruth-shady\\\/\",\"name\":\"Distinci\u00f3n Honoris Causa para la Dra. Ruth Shady\",\"isPartOf\":{\"@id\":\"https:\\\/\\\/zonacaral.gob.pe\\\/es\\\/#website\"},\"primaryImageOfPage\":{\"@id\":\"https:\\\/\\\/zonacaral.gob.pe\\\/es\\\/noticias\\\/uni-distincion-honoris-causa-para-la-dra-ruth-shady\\\/#primaryimage\"},\"image\":{\"@id\":\"https:\\\/\\\/zonacaral.gob.pe\\\/es\\\/noticias\\\/uni-distincion-honoris-causa-para-la-dra-ruth-shady\\\/#primaryimage\"},\"thumbnailUrl\":\"https:\\\/\\\/zonacaral.gob.pe\\\/wp-content\\\/uploads\\\/2017\\\/05\\\/22-05-2017-honoris-causa.jpg\",\"datePublished\":\"2017-05-23T15:56:53+00:00\",\"author\":{\"@id\":\"https:\\\/\\\/zonacaral.gob.pe\\\/es\\\/#\\\/schema\\\/person\\\/beddb4d22f71a7230c5b90913270a0ee\"},\"description\":\"El rector de la Universidad Nacional de Ingenier\u00eda (UNI), entreg\u00f3 la distinci\u00f3n honor\u00edfica de Doctor Honoris Causa a la Dra. Ruth Martha Shady Sol\u00eds, reconocida antrop\u00f3loga y principal gestora de la declaraci\u00f3n de la Ciudad Sagrada de Caral como Patrimonio Mundial (2009).\",\"breadcrumb\":{\"@id\":\"https:\\\/\\\/zonacaral.gob.pe\\\/es\\\/noticias\\\/uni-distincion-honoris-causa-para-la-dra-ruth-shady\\\/#breadcrumb\"},\"inLanguage\":\"es-PE\",\"potentialAction\":[{\"@type\":\"ReadAction\",\"target\":[\"https:\\\/\\\/zonacaral.gob.pe\\\/es\\\/noticias\\\/uni-distincion-honoris-causa-para-la-dra-ruth-shady\\\/\"]}]},{\"@type\":\"ImageObject\",\"inLanguage\":\"es-PE\",\"@id\":\"https:\\\/\\\/zonacaral.gob.pe\\\/es\\\/noticias\\\/uni-distincion-honoris-causa-para-la-dra-ruth-shady\\\/#primaryimage\",\"url\":\"https:\\\/\\\/zonacaral.gob.pe\\\/wp-content\\\/uploads\\\/2017\\\/05\\\/22-05-2017-honoris-causa.jpg\",\"contentUrl\":\"https:\\\/\\\/zonacaral.gob.pe\\\/wp-content\\\/uploads\\\/2017\\\/05\\\/22-05-2017-honoris-causa.jpg\",\"width\":2080,\"height\":1170},{\"@type\":\"BreadcrumbList\",\"@id\":\"https:\\\/\\\/zonacaral.gob.pe\\\/es\\\/noticias\\\/uni-distincion-honoris-causa-para-la-dra-ruth-shady\\\/#breadcrumb\",\"itemListElement\":[{\"@type\":\"ListItem\",\"position\":1,\"name\":\"Portada\",\"item\":\"https:\\\/\\\/zonacaral.gob.pe\\\/\"},{\"@type\":\"ListItem\",\"position\":2,\"name\":\"UNI: distinci\u00f3n Honoris Causa para la Dra. Ruth Shady\"}]},{\"@type\":\"WebSite\",\"@id\":\"https:\\\/\\\/zonacaral.gob.pe\\\/es\\\/#website\",\"url\":\"https:\\\/\\\/zonacaral.gob.pe\\\/es\\\/\",\"name\":\"Zona Caral\",\"description\":\"Investigamos, conservamos y difundimos el patrimonio cultural de la Civilizaci\u00f3n Caral, la m\u00e1s antigua de Am\u00e9rica.\",\"potentialAction\":[{\"@type\":\"SearchAction\",\"target\":{\"@type\":\"EntryPoint\",\"urlTemplate\":\"https:\\\/\\\/zonacaral.gob.pe\\\/es\\\/?s={search_term_string}\"},\"query-input\":{\"@type\":\"PropertyValueSpecification\",\"valueRequired\":true,\"valueName\":\"search_term_string\"}}],\"inLanguage\":\"es-PE\"},{\"@type\":\"Person\",\"@id\":\"https:\\\/\\\/zonacaral.gob.pe\\\/es\\\/#\\\/schema\\\/person\\\/beddb4d22f71a7230c5b90913270a0ee\",\"name\":\"Zona Caral Administrador\",\"image\":{\"@type\":\"ImageObject\",\"inLanguage\":\"es-PE\",\"@id\":\"https:\\\/\\\/secure.gravatar.com\\\/avatar\\\/e4be162918a696358376de6446614e0f0f4062bdc5d170d6d540ada3d8b58c12?s=96&d=mm&r=g\",\"url\":\"https:\\\/\\\/secure.gravatar.com\\\/avatar\\\/e4be162918a696358376de6446614e0f0f4062bdc5d170d6d540ada3d8b58c12?s=96&d=mm&r=g\",\"contentUrl\":\"https:\\\/\\\/secure.gravatar.com\\\/avatar\\\/e4be162918a696358376de6446614e0f0f4062bdc5d170d6d540ada3d8b58c12?s=96&d=mm&r=g\",\"caption\":\"Zona Caral Administrador\"},\"sameAs\":[\"https:\\\/\\\/zonacaral.gob.pe\"],\"url\":\"https:\\\/\\\/zonacaral.gob.pe\\\/es\\\/noticias\\\/author\\\/ad_zonacaral\\\/\"}]}<\/script>\n<!-- \/ Yoast SEO plugin. -->","yoast_head_json":{"title":"Distinci\u00f3n Honoris Causa para la Dra. Ruth Shady","description":"El rector de la Universidad Nacional de Ingenier\u00eda (UNI), entreg\u00f3 la distinci\u00f3n honor\u00edfica de Doctor Honoris Causa a la Dra. Ruth Martha Shady Sol\u00eds, reconocida antrop\u00f3loga y principal gestora de la declaraci\u00f3n de la Ciudad Sagrada de Caral como Patrimonio Mundial (2009).","robots":{"index":"index","follow":"follow","max-snippet":"max-snippet:-1","max-image-preview":"max-image-preview:large","max-video-preview":"max-video-preview:-1"},"canonical":"https:\/\/zonacaral.gob.pe\/es\/noticias\/uni-distincion-honoris-causa-para-la-dra-ruth-shady\/","og_locale":"es_ES","og_type":"article","og_title":"Distinci\u00f3n Honoris Causa para la Dra. Ruth Shady","og_description":"El rector de la Universidad Nacional de Ingenier\u00eda (UNI), entreg\u00f3 la distinci\u00f3n honor\u00edfica de Doctor Honoris Causa a la Dra. Ruth Martha Shady Sol\u00eds, reconocida antrop\u00f3loga y principal gestora de la declaraci\u00f3n de la Ciudad Sagrada de Caral como Patrimonio Mundial (2009).","og_url":"https:\/\/zonacaral.gob.pe\/es\/noticias\/uni-distincion-honoris-causa-para-la-dra-ruth-shady\/","og_site_name":"Zona Caral","article_published_time":"2017-05-23T15:56:53+00:00","og_image":[{"width":2080,"height":1170,"url":"https:\/\/zonacaral.gob.pe\/wp-content\/uploads\/2017\/05\/22-05-2017-honoris-causa.jpg","type":"image\/jpeg"}],"author":"Zona Caral Administrador","twitter_card":"summary_large_image","twitter_misc":{"Written by":"Zona Caral Administrador","Est. reading time":"1 minuto"},"schema":{"@context":"https:\/\/schema.org","@graph":[{"@type":"Article","@id":"https:\/\/zonacaral.gob.pe\/es\/noticias\/uni-distincion-honoris-causa-para-la-dra-ruth-shady\/#article","isPartOf":{"@id":"https:\/\/zonacaral.gob.pe\/es\/noticias\/uni-distincion-honoris-causa-para-la-dra-ruth-shady\/"},"author":{"name":"Zona Caral Administrador","@id":"https:\/\/zonacaral.gob.pe\/es\/#\/schema\/person\/beddb4d22f71a7230c5b90913270a0ee"},"headline":"UNI: distinci\u00f3n Honoris Causa para la Dra. Ruth Shady","datePublished":"2017-05-23T15:56:53+00:00","mainEntityOfPage":{"@id":"https:\/\/zonacaral.gob.pe\/es\/noticias\/uni-distincion-honoris-causa-para-la-dra-ruth-shady\/"},"wordCount":303,"image":{"@id":"https:\/\/zonacaral.gob.pe\/es\/noticias\/uni-distincion-honoris-causa-para-la-dra-ruth-shady\/#primaryimage"},"thumbnailUrl":"https:\/\/zonacaral.gob.pe\/wp-content\/uploads\/2017\/05\/22-05-2017-honoris-causa.jpg","keywords":["caral","Ruth Shady","UNI"],"articleSection":["noticias"],"inLanguage":"es-PE"},{"@type":"WebPage","@id":"https:\/\/zonacaral.gob.pe\/es\/noticias\/uni-distincion-honoris-causa-para-la-dra-ruth-shady\/","url":"https:\/\/zonacaral.gob.pe\/es\/noticias\/uni-distincion-honoris-causa-para-la-dra-ruth-shady\/","name":"Distinci\u00f3n Honoris Causa para la Dra. Ruth Shady","isPartOf":{"@id":"https:\/\/zonacaral.gob.pe\/es\/#website"},"primaryImageOfPage":{"@id":"https:\/\/zonacaral.gob.pe\/es\/noticias\/uni-distincion-honoris-causa-para-la-dra-ruth-shady\/#primaryimage"},"image":{"@id":"https:\/\/zonacaral.gob.pe\/es\/noticias\/uni-distincion-honoris-causa-para-la-dra-ruth-shady\/#primaryimage"},"thumbnailUrl":"https:\/\/zonacaral.gob.pe\/wp-content\/uploads\/2017\/05\/22-05-2017-honoris-causa.jpg","datePublished":"2017-05-23T15:56:53+00:00","author":{"@id":"https:\/\/zonacaral.gob.pe\/es\/#\/schema\/person\/beddb4d22f71a7230c5b90913270a0ee"},"description":"El rector de la Universidad Nacional de Ingenier\u00eda (UNI), entreg\u00f3 la distinci\u00f3n honor\u00edfica de Doctor Honoris Causa a la Dra. Ruth Martha Shady Sol\u00eds, reconocida antrop\u00f3loga y principal gestora de la declaraci\u00f3n de la Ciudad Sagrada de Caral como Patrimonio Mundial (2009).","breadcrumb":{"@id":"https:\/\/zonacaral.gob.pe\/es\/noticias\/uni-distincion-honoris-causa-para-la-dra-ruth-shady\/#breadcrumb"},"inLanguage":"es-PE","potentialAction":[{"@type":"ReadAction","target":["https:\/\/zonacaral.gob.pe\/es\/noticias\/uni-distincion-honoris-causa-para-la-dra-ruth-shady\/"]}]},{"@type":"ImageObject","inLanguage":"es-PE","@id":"https:\/\/zonacaral.gob.pe\/es\/noticias\/uni-distincion-honoris-causa-para-la-dra-ruth-shady\/#primaryimage","url":"https:\/\/zonacaral.gob.pe\/wp-content\/uploads\/2017\/05\/22-05-2017-honoris-causa.jpg","contentUrl":"https:\/\/zonacaral.gob.pe\/wp-content\/uploads\/2017\/05\/22-05-2017-honoris-causa.jpg","width":2080,"height":1170},{"@type":"BreadcrumbList","@id":"https:\/\/zonacaral.gob.pe\/es\/noticias\/uni-distincion-honoris-causa-para-la-dra-ruth-shady\/#breadcrumb","itemListElement":[{"@type":"ListItem","position":1,"name":"Portada","item":"https:\/\/zonacaral.gob.pe\/"},{"@type":"ListItem","position":2,"name":"UNI: distinci\u00f3n Honoris Causa para la Dra. Ruth Shady"}]},{"@type":"WebSite","@id":"https:\/\/zonacaral.gob.pe\/es\/#website","url":"https:\/\/zonacaral.gob.pe\/es\/","name":"Zona Caral","description":"Investigamos, conservamos y difundimos el patrimonio cultural de la Civilizaci\u00f3n Caral, la m\u00e1s antigua de Am\u00e9rica.","potentialAction":[{"@type":"SearchAction","target":{"@type":"EntryPoint","urlTemplate":"https:\/\/zonacaral.gob.pe\/es\/?s={search_term_string}"},"query-input":{"@type":"PropertyValueSpecification","valueRequired":true,"valueName":"search_term_string"}}],"inLanguage":"es-PE"},{"@type":"Person","@id":"https:\/\/zonacaral.gob.pe\/es\/#\/schema\/person\/beddb4d22f71a7230c5b90913270a0ee","name":"Zona Caral Administrador","image":{"@type":"ImageObject","inLanguage":"es-PE","@id":"https:\/\/secure.gravatar.com\/avatar\/e4be162918a696358376de6446614e0f0f4062bdc5d170d6d540ada3d8b58c12?s=96&d=mm&r=g","url":"https:\/\/secure.gravatar.com\/avatar\/e4be162918a696358376de6446614e0f0f4062bdc5d170d6d540ada3d8b58c12?s=96&d=mm&r=g","contentUrl":"https:\/\/secure.gravatar.com\/avatar\/e4be162918a696358376de6446614e0f0f4062bdc5d170d6d540ada3d8b58c12?s=96&d=mm&r=g","caption":"Zona Caral Administrador"},"sameAs":["https:\/\/zonacaral.gob.pe"],"url":"https:\/\/zonacaral.gob.pe\/es\/noticias\/author\/ad_zonacaral\/"}]}},"_links":{"self":[{"href":"https:\/\/zonacaral.gob.pe\/es\/wp-json\/wp\/v2\/posts\/11424","targetHints":{"allow":["GET"]}}],"collection":[{"href":"https:\/\/zonacaral.gob.pe\/es\/wp-json\/wp\/v2\/posts"}],"about":[{"href":"https:\/\/zonacaral.gob.pe\/es\/wp-json\/wp\/v2\/types\/post"}],"author":[{"embeddable":true,"href":"https:\/\/zonacaral.gob.pe\/es\/wp-json\/wp\/v2\/users\/1"}],"replies":[{"embeddable":true,"href":"https:\/\/zonacaral.gob.pe\/es\/wp-json\/wp\/v2\/comments?post=11424"}],"version-history":[{"count":0,"href":"https:\/\/zonacaral.gob.pe\/es\/wp-json\/wp\/v2\/posts\/11424\/revisions"}],"wp:featuredmedia":[{"embeddable":true,"href":"https:\/\/zonacaral.gob.pe\/es\/wp-json\/wp\/v2\/media\/11425"}],"wp:attachment":[{"href":"https:\/\/zonacaral.gob.pe\/es\/wp-json\/wp\/v2\/media?parent=11424"}],"wp:term":[{"taxonomy":"category","embeddable":true,"href":"https:\/\/zonacaral.gob.pe\/es\/wp-json\/wp\/v2\/categories?post=11424"},{"taxonomy":"post_tag","embeddable":true,"href":"https:\/\/zonacaral.gob.pe\/es\/wp-json\/wp\/v2\/tags?post=11424"}],"curies":[{"name":"wp","href":"https:\/\/api.w.org\/{rel}","templated":true}]}}