{"id":11442,"date":"2017-05-25T10:38:37","date_gmt":"2017-05-25T15:38:37","guid":{"rendered":"http:\/\/www.zonacaral.gob.pe\/?p=11442"},"modified":"2017-05-25T10:38:37","modified_gmt":"2017-05-25T15:38:37","slug":"fue-inaugurado-con-exito-la-ii-feria-de-libros-becas-y-arte-qhatuni","status":"publish","type":"post","link":"https:\/\/zonacaral.gob.pe\/es\/noticias\/fue-inaugurado-con-exito-la-ii-feria-de-libros-becas-y-arte-qhatuni\/","title":{"rendered":"Fue inaugurado con \u00e9xito la \u201cII Feria de Libros, Becas y Arte &#8211; Qhatuni\u201d"},"content":{"rendered":"<figure class=\"pic-autor\" style=\"color: #4d4d4d; text-align: justify;\"><\/figure>\n<p style=\"text-align: justify;\">La Universidad Nacional de Ingenier\u00eda inaugur\u00f3 el 22 de mayo, su segunda edici\u00f3n de la Feria de Libros, Becas y Arte \u2013 Qhatuni, encuentro que cuenta diversas actividades culturales y acad\u00e9micas.<\/p>\n<p style=\"text-align: justify;\">La inauguraci\u00f3n estuvo a cargo del rector de la UNI, Dr. Jorge Alva Hurtado y la destacada arque\u00f3loga peruana, Dra. Ruth Shady Sol\u00eds, quienes hicieron un recorrido por las zonas con las que cuenta la feria.<\/p>\n<p style=\"text-align: justify;\">Qhatuni cuenta con stands donde se brindar\u00e1 informaci\u00f3n sobre becas de estudios para pregrado y postgrado, tanto dentro como fuera del pa\u00eds. Asimismo, se encontrar\u00e1n con exposiciones de diversos autores y editoriales, un espacio gastron\u00f3mico y presentaci\u00f3n de grupos culturales. Adem\u00e1s, todos los participantes podr\u00e1n ingresar a la exhibici\u00f3n de cuadros y esculturas en el hall del CRAI; visitas al Museo de Mineralog\u00eda y Paleontolog\u00eda, al Centro de Sensibilizaci\u00f3n y Aprendizaje sobre Terremotos y Tsunamis del CISMID \u2013 UNI, al Museo de Artes y Ciencias \u201cIngeniero Eduardo de Habich\u201d; entre otras actividades<\/p>\n<p style=\"text-align: justify;\">El ingreso para el p\u00fablico en general para la segunda edici\u00f3n de Qhatuni, ser\u00e1 del 23 al 26 de mayo en la explanada de la Biblioteca Central (CRAI) de esta casa de estudios, en horario de 9 a.m. a 6 p.m. de manera gratuita previa inscripci\u00f3n: www.uni.edu.pe\/qhatuni<\/p>\n<p style=\"text-align: justify;\"><img fetchpriority=\"high\" decoding=\"async\" class=\"alignnone wp-image-11445\" src=\"http:\/\/www.zonacaral.gob.pe\/wp-content\/uploads\/2017\/05\/IMG_7399.jpg\" alt=\"IMG_7399\" width=\"600\" height=\"400\" srcset=\"https:\/\/zonacaral.gob.pe\/wp-content\/uploads\/2017\/05\/IMG_7399.jpg 1600w, https:\/\/zonacaral.gob.pe\/wp-content\/uploads\/2017\/05\/IMG_7399-300x200.jpg 300w, https:\/\/zonacaral.gob.pe\/wp-content\/uploads\/2017\/05\/IMG_7399-1024x682.jpg 1024w, https:\/\/zonacaral.gob.pe\/wp-content\/uploads\/2017\/05\/IMG_7399-768x512.jpg 768w, https:\/\/zonacaral.gob.pe\/wp-content\/uploads\/2017\/05\/IMG_7399-1536x1023.jpg 1536w\" sizes=\"(max-width: 600px) 100vw, 600px\" \/><\/p>\n<div style=\"color: #1f1f1f;\">\n<p style=\"text-align: justify;\">Fuente:\u00a0<span style=\"color: #800000;\"><a href=\"http:\/\/www.uni.edu.pe\/index.php\/rss\/item\/2487-fue-inaugurado-con-exito-la-ii-feria-de-libros-becas-y-arte-qhatuni\"><span style=\"color: #800000;\">UNI<\/span><\/a><\/span><\/p>\n<p style=\"text-align: justify;\">Fecha de publicaci\u00f3n: 23\/05\/2017<\/p>\n<\/div>\n","protected":false},"excerpt":{"rendered":"<p>La Universidad Nacional de Ingenier\u00eda inaugur\u00f3 el 22 de mayo, su segunda edici\u00f3n de la Feria de Libros, Becas y [&hellip;]<\/p>\n","protected":false},"author":1,"featured_media":11444,"comment_status":"closed","ping_status":"open","sticky":false,"template":"","format":"standard","meta":{"_acf_changed":false,"site-sidebar-layout":"default","site-content-layout":"","ast-site-content-layout":"default","site-content-style":"default","site-sidebar-style":"default","ast-global-header-display":"","ast-banner-title-visibility":"","ast-main-header-display":"","ast-hfb-above-header-display":"","ast-hfb-below-header-display":"","ast-hfb-mobile-header-display":"","site-post-title":"","ast-breadcrumbs-content":"","ast-featured-img":"","footer-sml-layout":"","ast-disable-related-posts":"","theme-transparent-header-meta":"","adv-header-id-meta":"","stick-header-meta":"","header-above-stick-meta":"","header-main-stick-meta":"","header-below-stick-meta":"","astra-migrate-meta-layouts":"default","ast-page-background-enabled":"default","ast-page-background-meta":{"desktop":{"background-color":"var(--ast-global-color-5)","background-image":"","background-repeat":"repeat","background-position":"center center","background-size":"auto","background-attachment":"scroll","background-type":"","background-media":"","overlay-type":"","overlay-color":"","overlay-opacity":"","overlay-gradient":""},"tablet":{"background-color":"","background-image":"","background-repeat":"repeat","background-position":"center center","background-size":"auto","background-attachment":"scroll","background-type":"","background-media":"","overlay-type":"","overlay-color":"","overlay-opacity":"","overlay-gradient":""},"mobile":{"background-color":"","background-image":"","background-repeat":"repeat","background-position":"center center","background-size":"auto","background-attachment":"scroll","background-type":"","background-media":"","overlay-type":"","overlay-color":"","overlay-opacity":"","overlay-gradient":""}},"ast-content-background-meta":{"desktop":{"background-color":"var(--ast-global-color-4)","background-image":"","background-repeat":"repeat","background-position":"center center","background-size":"auto","background-attachment":"scroll","background-type":"","background-media":"","overlay-type":"","overlay-color":"","overlay-opacity":"","overlay-gradient":""},"tablet":{"background-color":"var(--ast-global-color-4)","background-image":"","background-repeat":"repeat","background-position":"center center","background-size":"auto","background-attachment":"scroll","background-type":"","background-media":"","overlay-type":"","overlay-color":"","overlay-opacity":"","overlay-gradient":""},"mobile":{"background-color":"var(--ast-global-color-4)","background-image":"","background-repeat":"repeat","background-position":"center center","background-size":"auto","background-attachment":"scroll","background-type":"","background-media":"","overlay-type":"","overlay-color":"","overlay-opacity":"","overlay-gradient":""}},"footnotes":""},"categories":[208],"tags":[55,82,117],"class_list":["post-11442","post","type-post","status-publish","format-standard","has-post-thumbnail","hentry","category-noticias","tag-caral","tag-ruth-shady","tag-uni"],"acf":[],"yoast_head":"<!-- This site is optimized with the Yoast SEO plugin v27.3 - https:\/\/yoast.com\/product\/yoast-seo-wordpress\/ -->\n<title>Fue inaugurado con \u00e9xito la \u201cII Feria de Libros, Becas y Arte - Qhatuni\u201d<\/title>\n<meta name=\"description\" content=\"La Universidad Nacional de Ingenier\u00eda inaugur\u00f3 el 22 de mayo, su segunda edici\u00f3n de la Feria de Libros, Becas y Arte \u2013 Qhatuni, encuentro que cuenta diversas actividades culturales y acad\u00e9micas.\" \/>\n<meta name=\"robots\" content=\"index, follow, max-snippet:-1, max-image-preview:large, max-video-preview:-1\" \/>\n<link rel=\"canonical\" href=\"https:\/\/zonacaral.gob.pe\/es\/noticias\/fue-inaugurado-con-exito-la-ii-feria-de-libros-becas-y-arte-qhatuni\/\" \/>\n<meta property=\"og:locale\" content=\"es_ES\" \/>\n<meta property=\"og:type\" content=\"article\" \/>\n<meta property=\"og:title\" content=\"Fue inaugurado con \u00e9xito la \u201cII Feria de Libros, Becas y Arte - Qhatuni\u201d\" \/>\n<meta property=\"og:description\" content=\"La Universidad Nacional de Ingenier\u00eda inaugur\u00f3 el 22 de mayo, su segunda edici\u00f3n de la Feria de Libros, Becas y Arte \u2013 Qhatuni, encuentro que cuenta diversas actividades culturales y acad\u00e9micas.\" \/>\n<meta property=\"og:url\" content=\"https:\/\/zonacaral.gob.pe\/es\/noticias\/fue-inaugurado-con-exito-la-ii-feria-de-libros-becas-y-arte-qhatuni\/\" \/>\n<meta property=\"og:site_name\" content=\"Zona Caral\" \/>\n<meta property=\"article:published_time\" content=\"2017-05-25T15:38:37+00:00\" \/>\n<meta property=\"og:image\" content=\"https:\/\/zonacaral.gob.pe\/wp-content\/uploads\/2017\/05\/IMG_7363.jpg\" \/>\n\t<meta property=\"og:image:width\" content=\"1600\" \/>\n\t<meta property=\"og:image:height\" content=\"1066\" \/>\n\t<meta property=\"og:image:type\" content=\"image\/jpeg\" \/>\n<meta name=\"author\" content=\"Zona Caral Administrador\" \/>\n<meta name=\"twitter:card\" content=\"summary_large_image\" \/>\n<meta name=\"twitter:label1\" content=\"Written by\" \/>\n\t<meta name=\"twitter:data1\" content=\"Zona Caral Administrador\" \/>\n\t<meta name=\"twitter:label2\" content=\"Est. reading time\" \/>\n\t<meta name=\"twitter:data2\" content=\"1 minuto\" \/>\n<script type=\"application\/ld+json\" class=\"yoast-schema-graph\">{\"@context\":\"https:\\\/\\\/schema.org\",\"@graph\":[{\"@type\":\"Article\",\"@id\":\"https:\\\/\\\/zonacaral.gob.pe\\\/en\\\/noticias\\\/fue-inaugurado-con-exito-la-ii-feria-de-libros-becas-y-arte-qhatuni\\\/#article\",\"isPartOf\":{\"@id\":\"https:\\\/\\\/zonacaral.gob.pe\\\/en\\\/noticias\\\/fue-inaugurado-con-exito-la-ii-feria-de-libros-becas-y-arte-qhatuni\\\/\"},\"author\":{\"name\":\"Zona Caral Administrador\",\"@id\":\"https:\\\/\\\/zonacaral.gob.pe\\\/es\\\/#\\\/schema\\\/person\\\/beddb4d22f71a7230c5b90913270a0ee\"},\"headline\":\"Fue inaugurado con \u00e9xito la \u201cII Feria de Libros, Becas y Arte &#8211; Qhatuni\u201d\",\"datePublished\":\"2017-05-25T15:38:37+00:00\",\"mainEntityOfPage\":{\"@id\":\"https:\\\/\\\/zonacaral.gob.pe\\\/en\\\/noticias\\\/fue-inaugurado-con-exito-la-ii-feria-de-libros-becas-y-arte-qhatuni\\\/\"},\"wordCount\":245,\"image\":{\"@id\":\"https:\\\/\\\/zonacaral.gob.pe\\\/en\\\/noticias\\\/fue-inaugurado-con-exito-la-ii-feria-de-libros-becas-y-arte-qhatuni\\\/#primaryimage\"},\"thumbnailUrl\":\"https:\\\/\\\/zonacaral.gob.pe\\\/wp-content\\\/uploads\\\/2017\\\/05\\\/IMG_7363.jpg\",\"keywords\":[\"caral\",\"Ruth Shady\",\"UNI\"],\"articleSection\":[\"noticias\"],\"inLanguage\":\"es-PE\"},{\"@type\":\"WebPage\",\"@id\":\"https:\\\/\\\/zonacaral.gob.pe\\\/en\\\/noticias\\\/fue-inaugurado-con-exito-la-ii-feria-de-libros-becas-y-arte-qhatuni\\\/\",\"url\":\"https:\\\/\\\/zonacaral.gob.pe\\\/en\\\/noticias\\\/fue-inaugurado-con-exito-la-ii-feria-de-libros-becas-y-arte-qhatuni\\\/\",\"name\":\"Fue inaugurado con \u00e9xito la \u201cII Feria de Libros, Becas y Arte - Qhatuni\u201d\",\"isPartOf\":{\"@id\":\"https:\\\/\\\/zonacaral.gob.pe\\\/es\\\/#website\"},\"primaryImageOfPage\":{\"@id\":\"https:\\\/\\\/zonacaral.gob.pe\\\/en\\\/noticias\\\/fue-inaugurado-con-exito-la-ii-feria-de-libros-becas-y-arte-qhatuni\\\/#primaryimage\"},\"image\":{\"@id\":\"https:\\\/\\\/zonacaral.gob.pe\\\/en\\\/noticias\\\/fue-inaugurado-con-exito-la-ii-feria-de-libros-becas-y-arte-qhatuni\\\/#primaryimage\"},\"thumbnailUrl\":\"https:\\\/\\\/zonacaral.gob.pe\\\/wp-content\\\/uploads\\\/2017\\\/05\\\/IMG_7363.jpg\",\"datePublished\":\"2017-05-25T15:38:37+00:00\",\"author\":{\"@id\":\"https:\\\/\\\/zonacaral.gob.pe\\\/es\\\/#\\\/schema\\\/person\\\/beddb4d22f71a7230c5b90913270a0ee\"},\"description\":\"La Universidad Nacional de Ingenier\u00eda inaugur\u00f3 el 22 de mayo, su segunda edici\u00f3n de la Feria de Libros, Becas y Arte \u2013 Qhatuni, encuentro que cuenta diversas actividades culturales y acad\u00e9micas.\",\"breadcrumb\":{\"@id\":\"https:\\\/\\\/zonacaral.gob.pe\\\/en\\\/noticias\\\/fue-inaugurado-con-exito-la-ii-feria-de-libros-becas-y-arte-qhatuni\\\/#breadcrumb\"},\"inLanguage\":\"es-PE\",\"potentialAction\":[{\"@type\":\"ReadAction\",\"target\":[\"https:\\\/\\\/zonacaral.gob.pe\\\/en\\\/noticias\\\/fue-inaugurado-con-exito-la-ii-feria-de-libros-becas-y-arte-qhatuni\\\/\"]}]},{\"@type\":\"ImageObject\",\"inLanguage\":\"es-PE\",\"@id\":\"https:\\\/\\\/zonacaral.gob.pe\\\/en\\\/noticias\\\/fue-inaugurado-con-exito-la-ii-feria-de-libros-becas-y-arte-qhatuni\\\/#primaryimage\",\"url\":\"https:\\\/\\\/zonacaral.gob.pe\\\/wp-content\\\/uploads\\\/2017\\\/05\\\/IMG_7363.jpg\",\"contentUrl\":\"https:\\\/\\\/zonacaral.gob.pe\\\/wp-content\\\/uploads\\\/2017\\\/05\\\/IMG_7363.jpg\",\"width\":1600,\"height\":1066},{\"@type\":\"BreadcrumbList\",\"@id\":\"https:\\\/\\\/zonacaral.gob.pe\\\/en\\\/noticias\\\/fue-inaugurado-con-exito-la-ii-feria-de-libros-becas-y-arte-qhatuni\\\/#breadcrumb\",\"itemListElement\":[{\"@type\":\"ListItem\",\"position\":1,\"name\":\"Portada\",\"item\":\"https:\\\/\\\/zonacaral.gob.pe\\\/\"},{\"@type\":\"ListItem\",\"position\":2,\"name\":\"Fue inaugurado con \u00e9xito la \u201cII Feria de Libros, Becas y Arte &#8211; Qhatuni\u201d\"}]},{\"@type\":\"WebSite\",\"@id\":\"https:\\\/\\\/zonacaral.gob.pe\\\/es\\\/#website\",\"url\":\"https:\\\/\\\/zonacaral.gob.pe\\\/es\\\/\",\"name\":\"Zona Caral\",\"description\":\"Investigamos, conservamos y difundimos el patrimonio cultural de la Civilizaci\u00f3n Caral, la m\u00e1s antigua de Am\u00e9rica.\",\"potentialAction\":[{\"@type\":\"SearchAction\",\"target\":{\"@type\":\"EntryPoint\",\"urlTemplate\":\"https:\\\/\\\/zonacaral.gob.pe\\\/es\\\/?s={search_term_string}\"},\"query-input\":{\"@type\":\"PropertyValueSpecification\",\"valueRequired\":true,\"valueName\":\"search_term_string\"}}],\"inLanguage\":\"es-PE\"},{\"@type\":\"Person\",\"@id\":\"https:\\\/\\\/zonacaral.gob.pe\\\/es\\\/#\\\/schema\\\/person\\\/beddb4d22f71a7230c5b90913270a0ee\",\"name\":\"Zona Caral Administrador\",\"image\":{\"@type\":\"ImageObject\",\"inLanguage\":\"es-PE\",\"@id\":\"https:\\\/\\\/secure.gravatar.com\\\/avatar\\\/e4be162918a696358376de6446614e0f0f4062bdc5d170d6d540ada3d8b58c12?s=96&d=mm&r=g\",\"url\":\"https:\\\/\\\/secure.gravatar.com\\\/avatar\\\/e4be162918a696358376de6446614e0f0f4062bdc5d170d6d540ada3d8b58c12?s=96&d=mm&r=g\",\"contentUrl\":\"https:\\\/\\\/secure.gravatar.com\\\/avatar\\\/e4be162918a696358376de6446614e0f0f4062bdc5d170d6d540ada3d8b58c12?s=96&d=mm&r=g\",\"caption\":\"Zona Caral Administrador\"},\"sameAs\":[\"https:\\\/\\\/zonacaral.gob.pe\"],\"url\":\"https:\\\/\\\/zonacaral.gob.pe\\\/es\\\/noticias\\\/author\\\/ad_zonacaral\\\/\"}]}<\/script>\n<!-- \/ Yoast SEO plugin. -->","yoast_head_json":{"title":"Fue inaugurado con \u00e9xito la \u201cII Feria de Libros, Becas y Arte - Qhatuni\u201d","description":"La Universidad Nacional de Ingenier\u00eda inaugur\u00f3 el 22 de mayo, su segunda edici\u00f3n de la Feria de Libros, Becas y Arte \u2013 Qhatuni, encuentro que cuenta diversas actividades culturales y acad\u00e9micas.","robots":{"index":"index","follow":"follow","max-snippet":"max-snippet:-1","max-image-preview":"max-image-preview:large","max-video-preview":"max-video-preview:-1"},"canonical":"https:\/\/zonacaral.gob.pe\/es\/noticias\/fue-inaugurado-con-exito-la-ii-feria-de-libros-becas-y-arte-qhatuni\/","og_locale":"es_ES","og_type":"article","og_title":"Fue inaugurado con \u00e9xito la \u201cII Feria de Libros, Becas y Arte - Qhatuni\u201d","og_description":"La Universidad Nacional de Ingenier\u00eda inaugur\u00f3 el 22 de mayo, su segunda edici\u00f3n de la Feria de Libros, Becas y Arte \u2013 Qhatuni, encuentro que cuenta diversas actividades culturales y acad\u00e9micas.","og_url":"https:\/\/zonacaral.gob.pe\/es\/noticias\/fue-inaugurado-con-exito-la-ii-feria-de-libros-becas-y-arte-qhatuni\/","og_site_name":"Zona Caral","article_published_time":"2017-05-25T15:38:37+00:00","og_image":[{"width":1600,"height":1066,"url":"https:\/\/zonacaral.gob.pe\/wp-content\/uploads\/2017\/05\/IMG_7363.jpg","type":"image\/jpeg"}],"author":"Zona Caral Administrador","twitter_card":"summary_large_image","twitter_misc":{"Written by":"Zona Caral Administrador","Est. reading time":"1 minuto"},"schema":{"@context":"https:\/\/schema.org","@graph":[{"@type":"Article","@id":"https:\/\/zonacaral.gob.pe\/en\/noticias\/fue-inaugurado-con-exito-la-ii-feria-de-libros-becas-y-arte-qhatuni\/#article","isPartOf":{"@id":"https:\/\/zonacaral.gob.pe\/en\/noticias\/fue-inaugurado-con-exito-la-ii-feria-de-libros-becas-y-arte-qhatuni\/"},"author":{"name":"Zona Caral Administrador","@id":"https:\/\/zonacaral.gob.pe\/es\/#\/schema\/person\/beddb4d22f71a7230c5b90913270a0ee"},"headline":"Fue inaugurado con \u00e9xito la \u201cII Feria de Libros, Becas y Arte &#8211; Qhatuni\u201d","datePublished":"2017-05-25T15:38:37+00:00","mainEntityOfPage":{"@id":"https:\/\/zonacaral.gob.pe\/en\/noticias\/fue-inaugurado-con-exito-la-ii-feria-de-libros-becas-y-arte-qhatuni\/"},"wordCount":245,"image":{"@id":"https:\/\/zonacaral.gob.pe\/en\/noticias\/fue-inaugurado-con-exito-la-ii-feria-de-libros-becas-y-arte-qhatuni\/#primaryimage"},"thumbnailUrl":"https:\/\/zonacaral.gob.pe\/wp-content\/uploads\/2017\/05\/IMG_7363.jpg","keywords":["caral","Ruth Shady","UNI"],"articleSection":["noticias"],"inLanguage":"es-PE"},{"@type":"WebPage","@id":"https:\/\/zonacaral.gob.pe\/en\/noticias\/fue-inaugurado-con-exito-la-ii-feria-de-libros-becas-y-arte-qhatuni\/","url":"https:\/\/zonacaral.gob.pe\/en\/noticias\/fue-inaugurado-con-exito-la-ii-feria-de-libros-becas-y-arte-qhatuni\/","name":"Fue inaugurado con \u00e9xito la \u201cII Feria de Libros, Becas y Arte - Qhatuni\u201d","isPartOf":{"@id":"https:\/\/zonacaral.gob.pe\/es\/#website"},"primaryImageOfPage":{"@id":"https:\/\/zonacaral.gob.pe\/en\/noticias\/fue-inaugurado-con-exito-la-ii-feria-de-libros-becas-y-arte-qhatuni\/#primaryimage"},"image":{"@id":"https:\/\/zonacaral.gob.pe\/en\/noticias\/fue-inaugurado-con-exito-la-ii-feria-de-libros-becas-y-arte-qhatuni\/#primaryimage"},"thumbnailUrl":"https:\/\/zonacaral.gob.pe\/wp-content\/uploads\/2017\/05\/IMG_7363.jpg","datePublished":"2017-05-25T15:38:37+00:00","author":{"@id":"https:\/\/zonacaral.gob.pe\/es\/#\/schema\/person\/beddb4d22f71a7230c5b90913270a0ee"},"description":"La Universidad Nacional de Ingenier\u00eda inaugur\u00f3 el 22 de mayo, su segunda edici\u00f3n de la Feria de Libros, Becas y Arte \u2013 Qhatuni, encuentro que cuenta diversas actividades culturales y acad\u00e9micas.","breadcrumb":{"@id":"https:\/\/zonacaral.gob.pe\/en\/noticias\/fue-inaugurado-con-exito-la-ii-feria-de-libros-becas-y-arte-qhatuni\/#breadcrumb"},"inLanguage":"es-PE","potentialAction":[{"@type":"ReadAction","target":["https:\/\/zonacaral.gob.pe\/en\/noticias\/fue-inaugurado-con-exito-la-ii-feria-de-libros-becas-y-arte-qhatuni\/"]}]},{"@type":"ImageObject","inLanguage":"es-PE","@id":"https:\/\/zonacaral.gob.pe\/en\/noticias\/fue-inaugurado-con-exito-la-ii-feria-de-libros-becas-y-arte-qhatuni\/#primaryimage","url":"https:\/\/zonacaral.gob.pe\/wp-content\/uploads\/2017\/05\/IMG_7363.jpg","contentUrl":"https:\/\/zonacaral.gob.pe\/wp-content\/uploads\/2017\/05\/IMG_7363.jpg","width":1600,"height":1066},{"@type":"BreadcrumbList","@id":"https:\/\/zonacaral.gob.pe\/en\/noticias\/fue-inaugurado-con-exito-la-ii-feria-de-libros-becas-y-arte-qhatuni\/#breadcrumb","itemListElement":[{"@type":"ListItem","position":1,"name":"Portada","item":"https:\/\/zonacaral.gob.pe\/"},{"@type":"ListItem","position":2,"name":"Fue inaugurado con \u00e9xito la \u201cII Feria de Libros, Becas y Arte &#8211; Qhatuni\u201d"}]},{"@type":"WebSite","@id":"https:\/\/zonacaral.gob.pe\/es\/#website","url":"https:\/\/zonacaral.gob.pe\/es\/","name":"Zona Caral","description":"Investigamos, conservamos y difundimos el patrimonio cultural de la Civilizaci\u00f3n Caral, la m\u00e1s antigua de Am\u00e9rica.","potentialAction":[{"@type":"SearchAction","target":{"@type":"EntryPoint","urlTemplate":"https:\/\/zonacaral.gob.pe\/es\/?s={search_term_string}"},"query-input":{"@type":"PropertyValueSpecification","valueRequired":true,"valueName":"search_term_string"}}],"inLanguage":"es-PE"},{"@type":"Person","@id":"https:\/\/zonacaral.gob.pe\/es\/#\/schema\/person\/beddb4d22f71a7230c5b90913270a0ee","name":"Zona Caral Administrador","image":{"@type":"ImageObject","inLanguage":"es-PE","@id":"https:\/\/secure.gravatar.com\/avatar\/e4be162918a696358376de6446614e0f0f4062bdc5d170d6d540ada3d8b58c12?s=96&d=mm&r=g","url":"https:\/\/secure.gravatar.com\/avatar\/e4be162918a696358376de6446614e0f0f4062bdc5d170d6d540ada3d8b58c12?s=96&d=mm&r=g","contentUrl":"https:\/\/secure.gravatar.com\/avatar\/e4be162918a696358376de6446614e0f0f4062bdc5d170d6d540ada3d8b58c12?s=96&d=mm&r=g","caption":"Zona Caral Administrador"},"sameAs":["https:\/\/zonacaral.gob.pe"],"url":"https:\/\/zonacaral.gob.pe\/es\/noticias\/author\/ad_zonacaral\/"}]}},"_links":{"self":[{"href":"https:\/\/zonacaral.gob.pe\/es\/wp-json\/wp\/v2\/posts\/11442","targetHints":{"allow":["GET"]}}],"collection":[{"href":"https:\/\/zonacaral.gob.pe\/es\/wp-json\/wp\/v2\/posts"}],"about":[{"href":"https:\/\/zonacaral.gob.pe\/es\/wp-json\/wp\/v2\/types\/post"}],"author":[{"embeddable":true,"href":"https:\/\/zonacaral.gob.pe\/es\/wp-json\/wp\/v2\/users\/1"}],"replies":[{"embeddable":true,"href":"https:\/\/zonacaral.gob.pe\/es\/wp-json\/wp\/v2\/comments?post=11442"}],"version-history":[{"count":0,"href":"https:\/\/zonacaral.gob.pe\/es\/wp-json\/wp\/v2\/posts\/11442\/revisions"}],"wp:featuredmedia":[{"embeddable":true,"href":"https:\/\/zonacaral.gob.pe\/es\/wp-json\/wp\/v2\/media\/11444"}],"wp:attachment":[{"href":"https:\/\/zonacaral.gob.pe\/es\/wp-json\/wp\/v2\/media?parent=11442"}],"wp:term":[{"taxonomy":"category","embeddable":true,"href":"https:\/\/zonacaral.gob.pe\/es\/wp-json\/wp\/v2\/categories?post=11442"},{"taxonomy":"post_tag","embeddable":true,"href":"https:\/\/zonacaral.gob.pe\/es\/wp-json\/wp\/v2\/tags?post=11442"}],"curies":[{"name":"wp","href":"https:\/\/api.w.org\/{rel}","templated":true}]}}