{"id":11448,"date":"2017-05-25T10:46:09","date_gmt":"2017-05-25T15:46:09","guid":{"rendered":"http:\/\/www.zonacaral.gob.pe\/?p=11448"},"modified":"2017-05-25T10:46:09","modified_gmt":"2017-05-25T15:46:09","slug":"arqueologa-ruth-shady-recibio-distincion-doctor-honoris-causa-de-la-uni","status":"publish","type":"post","link":"https:\/\/zonacaral.gob.pe\/es\/noticias\/arqueologa-ruth-shady-recibio-distincion-doctor-honoris-causa-de-la-uni\/","title":{"rendered":"Arque\u00f3loga Ruth Shady recibi\u00f3 distinci\u00f3n Doctor Honoris Causa de la UNI"},"content":{"rendered":"<figure class=\"pic-autor\" style=\"color: #4d4d4d; text-align: justify;\"><\/figure>\n<p>La reconocida antrop\u00f3loga, arque\u00f3loga y educadora peruana, Dra. Ruth Shady Sol\u00eds, recibi\u00f3 este 22 de mayo la distinci\u00f3n de Doctor Honoris Causa por parte de la Universidad Nacional de Ingenier\u00eda (UNI), debido a su gran aporte a la cultura peruana y sus trabajos realizados en la revalorizaci\u00f3n de la zona arqueol\u00f3gica de Caral, esto en el marco de la inauguraci\u00f3n de la \u201cII Feria de Libros, Becas y Arte &#8211; Qhatuni\u201d, que se lleva a cabo en la explanada de la Biblioteca Central (CRAI) de esta casa de estudios.<\/p>\n<p>La Dra. Ruth Shady, es reconocida por fundar en 1994 el Proyecto Arqueol\u00f3gico de Caral, asimismo desde el 2003 dirige el Proyecto Especial Arqueol\u00f3gico Caral \u2013 Supe, que tiene como objetivo investigar, conservar y poner en valor este importante sitio, que tiene evidencias de la formaci\u00f3n del Estado pr\u00edstino, de las formas de vida urbana y de la civilizaci\u00f3n.<\/p>\n<p>El rector de la UNI, Dr. Jorge Alva Hurtado, se\u00f1al\u00f3 que la Dra. Ruth Shady es una gran amiga de la UNI, con quien se ha tratado temas tan significativos como sus proyectos para el algod\u00f3n de colores. Asimismo, manifest\u00f3 que es reconocida su incansable labor orientada a incorporar el sitio arqueol\u00f3gico Caral en el proyecto de desarrollo sostenible del Valle y la Cuenca del r\u00edo Supe.<\/p>\n<p>\u201cEs un honor para nosotros incorporarla a nuestra comunidad acad\u00e9mica en condici\u00f3n de Dra. Honoris Causa. Su presencia y su generosa amistad nos fortalecen para hacer nuestra en la pr\u00e1ctica, sus propuestas tan bien sintetizadas\u201d, indic\u00f3 el Dr. Alva Hurtado.<\/p>\n<p>Por su parte, la Dra. Ruth Shady, dijo sentirse agradecida por la distinci\u00f3n de Doctor Honoris Causa que le brinda la UNI, adem\u00e1s destac\u00f3 el trabajo que realiza su equipo tanto en investigaci\u00f3n como en responsabilidad social.<\/p>\n<p>En la ceremonia de distinci\u00f3n del grado de Doctor Honoris Causa, estuvieron presentes el presidente de la Mancomunidad de Lima Norte, Dr. Miguel Salda\u00f1a Re\u00e1tegui; el presidente del Patronato UNI, Dr. Guido del Castillo Echegaray; el decano de la Facultad de Arquitectura, Urbanismo y Artes de la UNI, Arq. Jos\u00e9 Beingolea Carpio; el rector de la UNMSM, Dr. Orestes Cachay Boza; entre otras autoridades.<\/p>\n<p><img fetchpriority=\"high\" decoding=\"async\" class=\"alignnone wp-image-11451\" src=\"http:\/\/www.zonacaral.gob.pe\/wp-content\/uploads\/2017\/05\/IMG_7176.jpg\" alt=\"IMG_7176\" width=\"600\" height=\"400\" srcset=\"https:\/\/zonacaral.gob.pe\/wp-content\/uploads\/2017\/05\/IMG_7176.jpg 1600w, https:\/\/zonacaral.gob.pe\/wp-content\/uploads\/2017\/05\/IMG_7176-300x200.jpg 300w, https:\/\/zonacaral.gob.pe\/wp-content\/uploads\/2017\/05\/IMG_7176-1024x682.jpg 1024w, https:\/\/zonacaral.gob.pe\/wp-content\/uploads\/2017\/05\/IMG_7176-768x512.jpg 768w, https:\/\/zonacaral.gob.pe\/wp-content\/uploads\/2017\/05\/IMG_7176-1536x1023.jpg 1536w\" sizes=\"(max-width: 600px) 100vw, 600px\" \/><\/p>\n<p><img decoding=\"async\" class=\"alignnone wp-image-11450\" src=\"http:\/\/www.zonacaral.gob.pe\/wp-content\/uploads\/2017\/05\/IMG_7168.jpg\" alt=\"IMG_7168\" width=\"600\" height=\"400\" srcset=\"https:\/\/zonacaral.gob.pe\/wp-content\/uploads\/2017\/05\/IMG_7168.jpg 1600w, https:\/\/zonacaral.gob.pe\/wp-content\/uploads\/2017\/05\/IMG_7168-300x200.jpg 300w, https:\/\/zonacaral.gob.pe\/wp-content\/uploads\/2017\/05\/IMG_7168-1024x682.jpg 1024w, https:\/\/zonacaral.gob.pe\/wp-content\/uploads\/2017\/05\/IMG_7168-768x512.jpg 768w, https:\/\/zonacaral.gob.pe\/wp-content\/uploads\/2017\/05\/IMG_7168-1536x1023.jpg 1536w\" sizes=\"(max-width: 600px) 100vw, 600px\" \/><\/p>\n<p><img decoding=\"async\" class=\"alignnone wp-image-11452\" src=\"http:\/\/www.zonacaral.gob.pe\/wp-content\/uploads\/2017\/05\/IMG_7182.jpg\" alt=\"IMG_7182\" width=\"600\" height=\"400\" srcset=\"https:\/\/zonacaral.gob.pe\/wp-content\/uploads\/2017\/05\/IMG_7182.jpg 1600w, https:\/\/zonacaral.gob.pe\/wp-content\/uploads\/2017\/05\/IMG_7182-300x200.jpg 300w, https:\/\/zonacaral.gob.pe\/wp-content\/uploads\/2017\/05\/IMG_7182-1024x682.jpg 1024w, https:\/\/zonacaral.gob.pe\/wp-content\/uploads\/2017\/05\/IMG_7182-768x512.jpg 768w, https:\/\/zonacaral.gob.pe\/wp-content\/uploads\/2017\/05\/IMG_7182-1536x1023.jpg 1536w\" sizes=\"(max-width: 600px) 100vw, 600px\" \/><\/p>\n<div style=\"color: #1f1f1f;\">\n<p style=\"text-align: justify;\">Fuente:\u00a0<span style=\"color: #800000;\"><a href=\"http:\/\/www.uni.edu.pe\/index.php\/rss\/item\/2486-arqueologa-ruth-shady-recibio-distincion-doctor-honoris-causa-de-la-uni\"><span style=\"color: #800000;\">UNI<\/span><\/a><\/span><\/p>\n<p style=\"text-align: justify;\">Fecha de publicaci\u00f3n: 23\/05\/2017<\/p>\n<\/div>\n","protected":false},"excerpt":{"rendered":"<p>La reconocida antrop\u00f3loga, arque\u00f3loga y educadora peruana, Dra. Ruth Shady Sol\u00eds, recibi\u00f3 este 22 de mayo la distinci\u00f3n de Doctor [&hellip;]<\/p>\n","protected":false},"author":1,"featured_media":11449,"comment_status":"closed","ping_status":"open","sticky":false,"template":"","format":"standard","meta":{"_acf_changed":false,"site-sidebar-layout":"default","site-content-layout":"","ast-site-content-layout":"default","site-content-style":"default","site-sidebar-style":"default","ast-global-header-display":"","ast-banner-title-visibility":"","ast-main-header-display":"","ast-hfb-above-header-display":"","ast-hfb-below-header-display":"","ast-hfb-mobile-header-display":"","site-post-title":"","ast-breadcrumbs-content":"","ast-featured-img":"","footer-sml-layout":"","ast-disable-related-posts":"","theme-transparent-header-meta":"","adv-header-id-meta":"","stick-header-meta":"","header-above-stick-meta":"","header-main-stick-meta":"","header-below-stick-meta":"","astra-migrate-meta-layouts":"default","ast-page-background-enabled":"default","ast-page-background-meta":{"desktop":{"background-color":"var(--ast-global-color-5)","background-image":"","background-repeat":"repeat","background-position":"center center","background-size":"auto","background-attachment":"scroll","background-type":"","background-media":"","overlay-type":"","overlay-color":"","overlay-opacity":"","overlay-gradient":""},"tablet":{"background-color":"","background-image":"","background-repeat":"repeat","background-position":"center center","background-size":"auto","background-attachment":"scroll","background-type":"","background-media":"","overlay-type":"","overlay-color":"","overlay-opacity":"","overlay-gradient":""},"mobile":{"background-color":"","background-image":"","background-repeat":"repeat","background-position":"center center","background-size":"auto","background-attachment":"scroll","background-type":"","background-media":"","overlay-type":"","overlay-color":"","overlay-opacity":"","overlay-gradient":""}},"ast-content-background-meta":{"desktop":{"background-color":"var(--ast-global-color-4)","background-image":"","background-repeat":"repeat","background-position":"center center","background-size":"auto","background-attachment":"scroll","background-type":"","background-media":"","overlay-type":"","overlay-color":"","overlay-opacity":"","overlay-gradient":""},"tablet":{"background-color":"var(--ast-global-color-4)","background-image":"","background-repeat":"repeat","background-position":"center center","background-size":"auto","background-attachment":"scroll","background-type":"","background-media":"","overlay-type":"","overlay-color":"","overlay-opacity":"","overlay-gradient":""},"mobile":{"background-color":"var(--ast-global-color-4)","background-image":"","background-repeat":"repeat","background-position":"center center","background-size":"auto","background-attachment":"scroll","background-type":"","background-media":"","overlay-type":"","overlay-color":"","overlay-opacity":"","overlay-gradient":""}},"footnotes":""},"categories":[208],"tags":[55,82,117],"class_list":["post-11448","post","type-post","status-publish","format-standard","has-post-thumbnail","hentry","category-noticias","tag-caral","tag-ruth-shady","tag-uni"],"acf":[],"yoast_head":"<!-- This site is optimized with the Yoast SEO plugin v27.3 - https:\/\/yoast.com\/product\/yoast-seo-wordpress\/ -->\n<title>Arque\u00f3loga Ruth Shady recibi\u00f3 distinci\u00f3n Doctor Honoris Causa de la UNI<\/title>\n<meta name=\"description\" content=\"La reconocida antrop\u00f3loga, arque\u00f3loga y educadora peruana, Dra. Ruth Shady Sol\u00eds, recibi\u00f3 este 22 de mayo la distinci\u00f3n de Doctor Honoris Causa por parte de la Universidad Nacional de Ingenier\u00eda (UNI), debido a su gran aporte a la cultura peruana y sus trabajos realizados en la revalorizaci\u00f3n de la zona arqueol\u00f3gica de Caral.\" \/>\n<meta name=\"robots\" content=\"index, follow, max-snippet:-1, max-image-preview:large, max-video-preview:-1\" \/>\n<link rel=\"canonical\" href=\"https:\/\/zonacaral.gob.pe\/es\/noticias\/arqueologa-ruth-shady-recibio-distincion-doctor-honoris-causa-de-la-uni\/\" \/>\n<meta property=\"og:locale\" content=\"es_ES\" \/>\n<meta property=\"og:type\" content=\"article\" \/>\n<meta property=\"og:title\" content=\"Arque\u00f3loga Ruth Shady recibi\u00f3 distinci\u00f3n Doctor Honoris Causa de la UNI\" \/>\n<meta property=\"og:description\" content=\"La reconocida antrop\u00f3loga, arque\u00f3loga y educadora peruana, Dra. Ruth Shady Sol\u00eds, recibi\u00f3 este 22 de mayo la distinci\u00f3n de Doctor Honoris Causa por parte de la Universidad Nacional de Ingenier\u00eda (UNI), debido a su gran aporte a la cultura peruana y sus trabajos realizados en la revalorizaci\u00f3n de la zona arqueol\u00f3gica de Caral.\" \/>\n<meta property=\"og:url\" content=\"https:\/\/zonacaral.gob.pe\/es\/noticias\/arqueologa-ruth-shady-recibio-distincion-doctor-honoris-causa-de-la-uni\/\" \/>\n<meta property=\"og:site_name\" content=\"Zona Caral\" \/>\n<meta property=\"article:published_time\" content=\"2017-05-25T15:46:09+00:00\" \/>\n<meta property=\"og:image\" content=\"https:\/\/zonacaral.gob.pe\/wp-content\/uploads\/2017\/05\/IMG_7151.jpg\" \/>\n\t<meta property=\"og:image:width\" content=\"1600\" \/>\n\t<meta property=\"og:image:height\" content=\"1066\" \/>\n\t<meta property=\"og:image:type\" content=\"image\/jpeg\" \/>\n<meta name=\"author\" content=\"Zona Caral Administrador\" \/>\n<meta name=\"twitter:card\" content=\"summary_large_image\" \/>\n<meta name=\"twitter:label1\" content=\"Written by\" \/>\n\t<meta name=\"twitter:data1\" content=\"Zona Caral Administrador\" \/>\n\t<meta name=\"twitter:label2\" content=\"Est. reading time\" \/>\n\t<meta name=\"twitter:data2\" content=\"2 minutos\" \/>\n<script type=\"application\/ld+json\" class=\"yoast-schema-graph\">{\"@context\":\"https:\\\/\\\/schema.org\",\"@graph\":[{\"@type\":\"Article\",\"@id\":\"https:\\\/\\\/zonacaral.gob.pe\\\/es\\\/noticias\\\/arqueologa-ruth-shady-recibio-distincion-doctor-honoris-causa-de-la-uni\\\/#article\",\"isPartOf\":{\"@id\":\"https:\\\/\\\/zonacaral.gob.pe\\\/es\\\/noticias\\\/arqueologa-ruth-shady-recibio-distincion-doctor-honoris-causa-de-la-uni\\\/\"},\"author\":{\"name\":\"Zona Caral Administrador\",\"@id\":\"https:\\\/\\\/zonacaral.gob.pe\\\/es\\\/#\\\/schema\\\/person\\\/beddb4d22f71a7230c5b90913270a0ee\"},\"headline\":\"Arque\u00f3loga Ruth Shady recibi\u00f3 distinci\u00f3n Doctor Honoris Causa de la UNI\",\"datePublished\":\"2017-05-25T15:46:09+00:00\",\"mainEntityOfPage\":{\"@id\":\"https:\\\/\\\/zonacaral.gob.pe\\\/es\\\/noticias\\\/arqueologa-ruth-shady-recibio-distincion-doctor-honoris-causa-de-la-uni\\\/\"},\"wordCount\":397,\"image\":{\"@id\":\"https:\\\/\\\/zonacaral.gob.pe\\\/es\\\/noticias\\\/arqueologa-ruth-shady-recibio-distincion-doctor-honoris-causa-de-la-uni\\\/#primaryimage\"},\"thumbnailUrl\":\"https:\\\/\\\/zonacaral.gob.pe\\\/wp-content\\\/uploads\\\/2017\\\/05\\\/IMG_7151.jpg\",\"keywords\":[\"caral\",\"Ruth Shady\",\"UNI\"],\"articleSection\":[\"noticias\"],\"inLanguage\":\"es-PE\"},{\"@type\":\"WebPage\",\"@id\":\"https:\\\/\\\/zonacaral.gob.pe\\\/es\\\/noticias\\\/arqueologa-ruth-shady-recibio-distincion-doctor-honoris-causa-de-la-uni\\\/\",\"url\":\"https:\\\/\\\/zonacaral.gob.pe\\\/es\\\/noticias\\\/arqueologa-ruth-shady-recibio-distincion-doctor-honoris-causa-de-la-uni\\\/\",\"name\":\"Arque\u00f3loga Ruth Shady recibi\u00f3 distinci\u00f3n Doctor Honoris Causa de la UNI\",\"isPartOf\":{\"@id\":\"https:\\\/\\\/zonacaral.gob.pe\\\/es\\\/#website\"},\"primaryImageOfPage\":{\"@id\":\"https:\\\/\\\/zonacaral.gob.pe\\\/es\\\/noticias\\\/arqueologa-ruth-shady-recibio-distincion-doctor-honoris-causa-de-la-uni\\\/#primaryimage\"},\"image\":{\"@id\":\"https:\\\/\\\/zonacaral.gob.pe\\\/es\\\/noticias\\\/arqueologa-ruth-shady-recibio-distincion-doctor-honoris-causa-de-la-uni\\\/#primaryimage\"},\"thumbnailUrl\":\"https:\\\/\\\/zonacaral.gob.pe\\\/wp-content\\\/uploads\\\/2017\\\/05\\\/IMG_7151.jpg\",\"datePublished\":\"2017-05-25T15:46:09+00:00\",\"author\":{\"@id\":\"https:\\\/\\\/zonacaral.gob.pe\\\/es\\\/#\\\/schema\\\/person\\\/beddb4d22f71a7230c5b90913270a0ee\"},\"description\":\"La reconocida antrop\u00f3loga, arque\u00f3loga y educadora peruana, Dra. Ruth Shady Sol\u00eds, recibi\u00f3 este 22 de mayo la distinci\u00f3n de Doctor Honoris Causa por parte de la Universidad Nacional de Ingenier\u00eda (UNI), debido a su gran aporte a la cultura peruana y sus trabajos realizados en la revalorizaci\u00f3n de la zona arqueol\u00f3gica de Caral.\",\"breadcrumb\":{\"@id\":\"https:\\\/\\\/zonacaral.gob.pe\\\/es\\\/noticias\\\/arqueologa-ruth-shady-recibio-distincion-doctor-honoris-causa-de-la-uni\\\/#breadcrumb\"},\"inLanguage\":\"es-PE\",\"potentialAction\":[{\"@type\":\"ReadAction\",\"target\":[\"https:\\\/\\\/zonacaral.gob.pe\\\/es\\\/noticias\\\/arqueologa-ruth-shady-recibio-distincion-doctor-honoris-causa-de-la-uni\\\/\"]}]},{\"@type\":\"ImageObject\",\"inLanguage\":\"es-PE\",\"@id\":\"https:\\\/\\\/zonacaral.gob.pe\\\/es\\\/noticias\\\/arqueologa-ruth-shady-recibio-distincion-doctor-honoris-causa-de-la-uni\\\/#primaryimage\",\"url\":\"https:\\\/\\\/zonacaral.gob.pe\\\/wp-content\\\/uploads\\\/2017\\\/05\\\/IMG_7151.jpg\",\"contentUrl\":\"https:\\\/\\\/zonacaral.gob.pe\\\/wp-content\\\/uploads\\\/2017\\\/05\\\/IMG_7151.jpg\",\"width\":1600,\"height\":1066},{\"@type\":\"BreadcrumbList\",\"@id\":\"https:\\\/\\\/zonacaral.gob.pe\\\/es\\\/noticias\\\/arqueologa-ruth-shady-recibio-distincion-doctor-honoris-causa-de-la-uni\\\/#breadcrumb\",\"itemListElement\":[{\"@type\":\"ListItem\",\"position\":1,\"name\":\"Portada\",\"item\":\"https:\\\/\\\/zonacaral.gob.pe\\\/\"},{\"@type\":\"ListItem\",\"position\":2,\"name\":\"Arque\u00f3loga Ruth Shady recibi\u00f3 distinci\u00f3n Doctor Honoris Causa de la UNI\"}]},{\"@type\":\"WebSite\",\"@id\":\"https:\\\/\\\/zonacaral.gob.pe\\\/es\\\/#website\",\"url\":\"https:\\\/\\\/zonacaral.gob.pe\\\/es\\\/\",\"name\":\"Zona Caral\",\"description\":\"Investigamos, conservamos y difundimos el patrimonio cultural de la Civilizaci\u00f3n Caral, la m\u00e1s antigua de Am\u00e9rica.\",\"potentialAction\":[{\"@type\":\"SearchAction\",\"target\":{\"@type\":\"EntryPoint\",\"urlTemplate\":\"https:\\\/\\\/zonacaral.gob.pe\\\/es\\\/?s={search_term_string}\"},\"query-input\":{\"@type\":\"PropertyValueSpecification\",\"valueRequired\":true,\"valueName\":\"search_term_string\"}}],\"inLanguage\":\"es-PE\"},{\"@type\":\"Person\",\"@id\":\"https:\\\/\\\/zonacaral.gob.pe\\\/es\\\/#\\\/schema\\\/person\\\/beddb4d22f71a7230c5b90913270a0ee\",\"name\":\"Zona Caral Administrador\",\"image\":{\"@type\":\"ImageObject\",\"inLanguage\":\"es-PE\",\"@id\":\"https:\\\/\\\/secure.gravatar.com\\\/avatar\\\/e4be162918a696358376de6446614e0f0f4062bdc5d170d6d540ada3d8b58c12?s=96&d=mm&r=g\",\"url\":\"https:\\\/\\\/secure.gravatar.com\\\/avatar\\\/e4be162918a696358376de6446614e0f0f4062bdc5d170d6d540ada3d8b58c12?s=96&d=mm&r=g\",\"contentUrl\":\"https:\\\/\\\/secure.gravatar.com\\\/avatar\\\/e4be162918a696358376de6446614e0f0f4062bdc5d170d6d540ada3d8b58c12?s=96&d=mm&r=g\",\"caption\":\"Zona Caral Administrador\"},\"sameAs\":[\"https:\\\/\\\/zonacaral.gob.pe\"],\"url\":\"https:\\\/\\\/zonacaral.gob.pe\\\/es\\\/noticias\\\/author\\\/ad_zonacaral\\\/\"}]}<\/script>\n<!-- \/ Yoast SEO plugin. -->","yoast_head_json":{"title":"Arque\u00f3loga Ruth Shady recibi\u00f3 distinci\u00f3n Doctor Honoris Causa de la UNI","description":"La reconocida antrop\u00f3loga, arque\u00f3loga y educadora peruana, Dra. Ruth Shady Sol\u00eds, recibi\u00f3 este 22 de mayo la distinci\u00f3n de Doctor Honoris Causa por parte de la Universidad Nacional de Ingenier\u00eda (UNI), debido a su gran aporte a la cultura peruana y sus trabajos realizados en la revalorizaci\u00f3n de la zona arqueol\u00f3gica de Caral.","robots":{"index":"index","follow":"follow","max-snippet":"max-snippet:-1","max-image-preview":"max-image-preview:large","max-video-preview":"max-video-preview:-1"},"canonical":"https:\/\/zonacaral.gob.pe\/es\/noticias\/arqueologa-ruth-shady-recibio-distincion-doctor-honoris-causa-de-la-uni\/","og_locale":"es_ES","og_type":"article","og_title":"Arque\u00f3loga Ruth Shady recibi\u00f3 distinci\u00f3n Doctor Honoris Causa de la UNI","og_description":"La reconocida antrop\u00f3loga, arque\u00f3loga y educadora peruana, Dra. Ruth Shady Sol\u00eds, recibi\u00f3 este 22 de mayo la distinci\u00f3n de Doctor Honoris Causa por parte de la Universidad Nacional de Ingenier\u00eda (UNI), debido a su gran aporte a la cultura peruana y sus trabajos realizados en la revalorizaci\u00f3n de la zona arqueol\u00f3gica de Caral.","og_url":"https:\/\/zonacaral.gob.pe\/es\/noticias\/arqueologa-ruth-shady-recibio-distincion-doctor-honoris-causa-de-la-uni\/","og_site_name":"Zona Caral","article_published_time":"2017-05-25T15:46:09+00:00","og_image":[{"width":1600,"height":1066,"url":"https:\/\/zonacaral.gob.pe\/wp-content\/uploads\/2017\/05\/IMG_7151.jpg","type":"image\/jpeg"}],"author":"Zona Caral Administrador","twitter_card":"summary_large_image","twitter_misc":{"Written by":"Zona Caral Administrador","Est. reading time":"2 minutos"},"schema":{"@context":"https:\/\/schema.org","@graph":[{"@type":"Article","@id":"https:\/\/zonacaral.gob.pe\/es\/noticias\/arqueologa-ruth-shady-recibio-distincion-doctor-honoris-causa-de-la-uni\/#article","isPartOf":{"@id":"https:\/\/zonacaral.gob.pe\/es\/noticias\/arqueologa-ruth-shady-recibio-distincion-doctor-honoris-causa-de-la-uni\/"},"author":{"name":"Zona Caral Administrador","@id":"https:\/\/zonacaral.gob.pe\/es\/#\/schema\/person\/beddb4d22f71a7230c5b90913270a0ee"},"headline":"Arque\u00f3loga Ruth Shady recibi\u00f3 distinci\u00f3n Doctor Honoris Causa de la UNI","datePublished":"2017-05-25T15:46:09+00:00","mainEntityOfPage":{"@id":"https:\/\/zonacaral.gob.pe\/es\/noticias\/arqueologa-ruth-shady-recibio-distincion-doctor-honoris-causa-de-la-uni\/"},"wordCount":397,"image":{"@id":"https:\/\/zonacaral.gob.pe\/es\/noticias\/arqueologa-ruth-shady-recibio-distincion-doctor-honoris-causa-de-la-uni\/#primaryimage"},"thumbnailUrl":"https:\/\/zonacaral.gob.pe\/wp-content\/uploads\/2017\/05\/IMG_7151.jpg","keywords":["caral","Ruth Shady","UNI"],"articleSection":["noticias"],"inLanguage":"es-PE"},{"@type":"WebPage","@id":"https:\/\/zonacaral.gob.pe\/es\/noticias\/arqueologa-ruth-shady-recibio-distincion-doctor-honoris-causa-de-la-uni\/","url":"https:\/\/zonacaral.gob.pe\/es\/noticias\/arqueologa-ruth-shady-recibio-distincion-doctor-honoris-causa-de-la-uni\/","name":"Arque\u00f3loga Ruth Shady recibi\u00f3 distinci\u00f3n Doctor Honoris Causa de la UNI","isPartOf":{"@id":"https:\/\/zonacaral.gob.pe\/es\/#website"},"primaryImageOfPage":{"@id":"https:\/\/zonacaral.gob.pe\/es\/noticias\/arqueologa-ruth-shady-recibio-distincion-doctor-honoris-causa-de-la-uni\/#primaryimage"},"image":{"@id":"https:\/\/zonacaral.gob.pe\/es\/noticias\/arqueologa-ruth-shady-recibio-distincion-doctor-honoris-causa-de-la-uni\/#primaryimage"},"thumbnailUrl":"https:\/\/zonacaral.gob.pe\/wp-content\/uploads\/2017\/05\/IMG_7151.jpg","datePublished":"2017-05-25T15:46:09+00:00","author":{"@id":"https:\/\/zonacaral.gob.pe\/es\/#\/schema\/person\/beddb4d22f71a7230c5b90913270a0ee"},"description":"La reconocida antrop\u00f3loga, arque\u00f3loga y educadora peruana, Dra. Ruth Shady Sol\u00eds, recibi\u00f3 este 22 de mayo la distinci\u00f3n de Doctor Honoris Causa por parte de la Universidad Nacional de Ingenier\u00eda (UNI), debido a su gran aporte a la cultura peruana y sus trabajos realizados en la revalorizaci\u00f3n de la zona arqueol\u00f3gica de Caral.","breadcrumb":{"@id":"https:\/\/zonacaral.gob.pe\/es\/noticias\/arqueologa-ruth-shady-recibio-distincion-doctor-honoris-causa-de-la-uni\/#breadcrumb"},"inLanguage":"es-PE","potentialAction":[{"@type":"ReadAction","target":["https:\/\/zonacaral.gob.pe\/es\/noticias\/arqueologa-ruth-shady-recibio-distincion-doctor-honoris-causa-de-la-uni\/"]}]},{"@type":"ImageObject","inLanguage":"es-PE","@id":"https:\/\/zonacaral.gob.pe\/es\/noticias\/arqueologa-ruth-shady-recibio-distincion-doctor-honoris-causa-de-la-uni\/#primaryimage","url":"https:\/\/zonacaral.gob.pe\/wp-content\/uploads\/2017\/05\/IMG_7151.jpg","contentUrl":"https:\/\/zonacaral.gob.pe\/wp-content\/uploads\/2017\/05\/IMG_7151.jpg","width":1600,"height":1066},{"@type":"BreadcrumbList","@id":"https:\/\/zonacaral.gob.pe\/es\/noticias\/arqueologa-ruth-shady-recibio-distincion-doctor-honoris-causa-de-la-uni\/#breadcrumb","itemListElement":[{"@type":"ListItem","position":1,"name":"Portada","item":"https:\/\/zonacaral.gob.pe\/"},{"@type":"ListItem","position":2,"name":"Arque\u00f3loga Ruth Shady recibi\u00f3 distinci\u00f3n Doctor Honoris Causa de la UNI"}]},{"@type":"WebSite","@id":"https:\/\/zonacaral.gob.pe\/es\/#website","url":"https:\/\/zonacaral.gob.pe\/es\/","name":"Zona Caral","description":"Investigamos, conservamos y difundimos el patrimonio cultural de la Civilizaci\u00f3n Caral, la m\u00e1s antigua de Am\u00e9rica.","potentialAction":[{"@type":"SearchAction","target":{"@type":"EntryPoint","urlTemplate":"https:\/\/zonacaral.gob.pe\/es\/?s={search_term_string}"},"query-input":{"@type":"PropertyValueSpecification","valueRequired":true,"valueName":"search_term_string"}}],"inLanguage":"es-PE"},{"@type":"Person","@id":"https:\/\/zonacaral.gob.pe\/es\/#\/schema\/person\/beddb4d22f71a7230c5b90913270a0ee","name":"Zona Caral Administrador","image":{"@type":"ImageObject","inLanguage":"es-PE","@id":"https:\/\/secure.gravatar.com\/avatar\/e4be162918a696358376de6446614e0f0f4062bdc5d170d6d540ada3d8b58c12?s=96&d=mm&r=g","url":"https:\/\/secure.gravatar.com\/avatar\/e4be162918a696358376de6446614e0f0f4062bdc5d170d6d540ada3d8b58c12?s=96&d=mm&r=g","contentUrl":"https:\/\/secure.gravatar.com\/avatar\/e4be162918a696358376de6446614e0f0f4062bdc5d170d6d540ada3d8b58c12?s=96&d=mm&r=g","caption":"Zona Caral Administrador"},"sameAs":["https:\/\/zonacaral.gob.pe"],"url":"https:\/\/zonacaral.gob.pe\/es\/noticias\/author\/ad_zonacaral\/"}]}},"_links":{"self":[{"href":"https:\/\/zonacaral.gob.pe\/es\/wp-json\/wp\/v2\/posts\/11448","targetHints":{"allow":["GET"]}}],"collection":[{"href":"https:\/\/zonacaral.gob.pe\/es\/wp-json\/wp\/v2\/posts"}],"about":[{"href":"https:\/\/zonacaral.gob.pe\/es\/wp-json\/wp\/v2\/types\/post"}],"author":[{"embeddable":true,"href":"https:\/\/zonacaral.gob.pe\/es\/wp-json\/wp\/v2\/users\/1"}],"replies":[{"embeddable":true,"href":"https:\/\/zonacaral.gob.pe\/es\/wp-json\/wp\/v2\/comments?post=11448"}],"version-history":[{"count":0,"href":"https:\/\/zonacaral.gob.pe\/es\/wp-json\/wp\/v2\/posts\/11448\/revisions"}],"wp:featuredmedia":[{"embeddable":true,"href":"https:\/\/zonacaral.gob.pe\/es\/wp-json\/wp\/v2\/media\/11449"}],"wp:attachment":[{"href":"https:\/\/zonacaral.gob.pe\/es\/wp-json\/wp\/v2\/media?parent=11448"}],"wp:term":[{"taxonomy":"category","embeddable":true,"href":"https:\/\/zonacaral.gob.pe\/es\/wp-json\/wp\/v2\/categories?post=11448"},{"taxonomy":"post_tag","embeddable":true,"href":"https:\/\/zonacaral.gob.pe\/es\/wp-json\/wp\/v2\/tags?post=11448"}],"curies":[{"name":"wp","href":"https:\/\/api.w.org\/{rel}","templated":true}]}}