{"id":11515,"date":"2017-05-30T10:09:24","date_gmt":"2017-05-30T15:09:24","guid":{"rendered":"http:\/\/www.zonacaral.gob.pe\/?p=11515"},"modified":"2017-05-30T10:09:24","modified_gmt":"2017-05-30T15:09:24","slug":"la-zona-arqueologica-caral-celebro-el-12-aniversario-del-inicio-de-aspero","status":"publish","type":"post","link":"https:\/\/zonacaral.gob.pe\/es\/noticias\/la-zona-arqueologica-caral-celebro-el-12-aniversario-del-inicio-de-aspero\/","title":{"rendered":"La Zona Arqueol\u00f3gica Caral celebr\u00f3 el 12\u00b0 aniversario del inicio de \u00c1spero"},"content":{"rendered":"<figure class=\"pic-autor\" style=\"color: #4d4d4d; text-align: justify;\"><\/figure>\n<blockquote><p>5000 a\u00f1os de ciencia, tecnolog\u00eda pesquera y el manejo de los recursos marinos con visi\u00f3n integral del territorio<\/p><\/blockquote>\n<p>La Zona Arqueol\u00f3gica Caral, unidad ejecutora 003 del ministerio de Cultura, celebr\u00f3 el pasado viernes 26 y s\u00e1bado 27 de mayo de 2017, el d\u00e9cimo segundo aniversario del inicio de la puesta en valor del sitio arqueol\u00f3gico \u00c1spero, Ciudad Pesquera de la Civilizaci\u00f3n Caral, ubicado en el distrito de Supe Puerto, provincia de Barranca, departamento de Lima.<\/p>\n<p>Las actividades conmemorativas se iniciaron con el III concurso escolar de antorchas y pasacalle: \u201cRevalorando Nuestro Pasado Milenario\u201d, que tuvo como objetivo fomentar el inter\u00e9s en aspectos relacionados con los fen\u00f3menos naturales. Las delegaciones de los colegios participantes se concentraron en la plaza Grau de Supe Puerto para luego trasladarse al Centro de Visitantes de la Ciudad Pesquera de \u00c1spero, siguiendo un sendero iluminado.<\/p>\n<p>Tambi\u00e9n se realiz\u00f3 la presentaci\u00f3n en escena de la obra teatral \u201cLa Dama de los Cuatro Tupus\u201d, creaci\u00f3n del Centro Universitario de Arte y Cultura de la Universidad Jos\u00e9 Faustino S\u00e1nchez Carri\u00f3n de la ciudad de Huacho, y la participaci\u00f3n de los alumnos de la Instituci\u00f3n Educativa n\u00b0 21581 \u201cDecisi\u00f3n Campesina\u201d de la ciudad de Barranca.<\/p>\n<p>El inicio de la ceremonia tradicional estuvo a cargo de Sylvia Falc\u00f3n, destacada soprano de coloratura, quien interpret\u00f3 la canci\u00f3n Contigo Per\u00fa, adem\u00e1s de temas que forman parte de su producci\u00f3n Inkario.<\/p>\n<p>La ceremonia tradicional a la \u201cCochamama\u201d, fue oficiada por Coral Herencia, integrante de la Comunidad de Arte Milenario Per\u00fa Indio. Con este importante ritual de la tradici\u00f3n andina se dio inicio a un nuevo ciclo en el que los hombres y mujeres renuevan sus energ\u00edas y el mar la riqueza de sus recursos. Las actividades del viernes culminaron luego que las ofrendas fueron entregadas a la Cochamama.<\/p>\n<p>En torno al fuego sagrado, los asistentes bailaron con renovadas energ\u00edas por el inicio de un nuevo ciclo.<\/p>\n<p>El programa del d\u00eda s\u00e1bado se inici\u00f3 con un recorrido por el Circuito de Visitantes de la Ciudad Pesquera de \u00c1spero y el Centro de Interpretaci\u00f3n. La Directora de la Zona Arqueol\u00f3gica Caral, doctora Ruth Shady, destac\u00f3 los resultados del trabajo y hallazgos realizados porque confirman que \u00c1spero fue una poblaci\u00f3n identificada con la pesca. Asentada muy cerca a la costa, \u00c1spero pas\u00f3 de ser una aldea de pescadores a un importante centro urbano de la Civilizaci\u00f3n Caral, benefici\u00e1ndose de la creciente actividad econ\u00f3mica y social.<\/p>\n<p>La doctora Shady refiri\u00f3 que las investigaciones en el sitio arqueol\u00f3gico de \u00c1spero han revelado la importancia del recurso marino. Los pobladores mejoraron la tecnolog\u00eda de pesca, con redes de algod\u00f3n, pesas, anzuelos y flotadores y dieron especial atenci\u00f3n al secado de la anchoveta, muy importante para su nutrici\u00f3n y para el intercambio con otras poblaciones. Estas actividades sustentaron el proceso de cambios observado en los asentamientos y la sociedad.<\/p>\n<p>As\u00ed tambi\u00e9n fue realizada la <strong>Reuni\u00f3n de Convergencia para generar reflexiones de prevenci\u00f3n y mitigaci\u00f3n frente a los desastres causados por los fen\u00f3menos naturales. <\/strong>Estaactividad logr\u00f3 convocar la participaci\u00f3n de los organismos p\u00fablicos: Autoridad Nacional del Agua (ANA), Instituto Nacional de Defensa Civil (INDECI), Superintendencia Nacional de Servicios de Saneamiento (SUNASS) y la Zona Arqueol\u00f3gica Caral (ZAC), adem\u00e1s de un gran n\u00famero de asistentes.<\/p>\n<p>Durante la reuni\u00f3n, la doctora Ruth Shady resalt\u00f3 el objetivo de mostrar no solamente la monumentalidad o la materialidad de la sociedad de \u00c1spero, sino tambi\u00e9n su historia para reflexionar acerca del por qu\u00e9 las expresiones arquitect\u00f3nicas de esta poblaci\u00f3n de hace 5000 a\u00f1os, han perdurado hasta el presente y pueden ser apreciadas as\u00ed como todos los conocimientos que se invirtieron en ella. \u201cLos pobladores que se asentaron en los centros urbanos de la Civilizaci\u00f3n Caral tuvieron en cuenta el medioambiente y los fen\u00f3menos naturales que son frecuentes en nuestro territorio. Esa visi\u00f3n y manejo de un territorio tan megadiverso en todas sus condiciones geogr\u00e1ficas y de recursos, por tanto, culturales les permiti\u00f3 a nuestras sociedades ancestrales dar especial atenci\u00f3n a los recursos para el acondicionamiento y manejo del territorio\u201d, indic\u00f3 la doctora Shady.<\/p>\n<p>Asimismo, la doctora Ruth Shady manifest\u00f3 su confianza para que, desde una visi\u00f3n de beneficio compartido para la naci\u00f3n peruana, los conocimientos alcanzados por la Civilizaci\u00f3n Caral puedan contribuir en la actualidad a minimizar los efectos adversos de los fen\u00f3menos naturales sobre la poblaci\u00f3n, la econom\u00eda y el ambiente de nuestro pa\u00eds.<\/p>\n<p>El festival \u201cLo mejor de mi tierra\u201d cont\u00f3 con las presentaciones art\u00edsticas de la poetisa y cantautora Azucena Briones Jim\u00e9nez, quien dedic\u00f3 una de sus interpretaciones a la Ciudad Pesquera de \u00c1spero. La agrupaci\u00f3n cultural Kallpa Tusuy present\u00f3 la danza \u201cIndios Atahualpa\u201d, danza originaria de Ancash. El grupo cultural Amaranta, dirigido por George Bobadilla Lara present\u00f3 la puesta en escena de \u201cCumanana\u201d, espect\u00e1culo de teatro con m\u00fasica, d\u00e9cimas y composiciones de los hermanos Victoria y Nicomedes Santa Cruz. La presentaci\u00f3n de caballos de paso y chalanes, estuvo a cargo de Agro Industrial Paramonga SAA-AIPSAA, empresa que orienta sus esfuerzos en pro de la conservaci\u00f3n de la raza equina nacional y la preservaci\u00f3n de una de las tradiciones culturales que pervive en nuestro pa\u00eds.<\/p>\n<p>Los trabajadores de la sede Vichama de la Zona Arqueol\u00f3gica Caral realizaron la \u201cDanza de la Lluvia\u201d que recrea los tiempos de celebraci\u00f3n por la llegada de la lluvia de los antiguos pobladores de Vichama en el valle de Huaura. Los antiguos pobladores de Vichama ofrendan los mejores productos a sus deidades para propiciar una buena siembra.<\/p>\n<p>En este marco se realiz\u00f3 la premiaci\u00f3n a los ganadores de los concursos escolares organizados por la Zona Arqueol\u00f3gica Caral para conmemorar el d\u00e9cimo segundo aniversario del inicio de la puesta en valor de \u00c1spero, Ciudad Pesquera de la Civilizaci\u00f3n Caral:<\/p>\n<p>&#8211;\u00a0\u00a0\u00a0\u00a0\u00a0\u00a0 I Concurso Escolar de Fotograf\u00eda \u201cNaturaleza, Historia y Tradici\u00f3n de Supe Puerto\u201d.<\/p>\n<p>&#8211;\u00a0\u00a0\u00a0\u00a0\u00a0\u00a0 I Concurso Escolar de Pintura \u201cEl Patrimonio Cultural de \u00c1spero en los colores de la Ni\u00f1ez de Supe Puerto\u201d.<\/p>\n<p>&#8211;\u00a0\u00a0\u00a0\u00a0\u00a0\u00a0 I Concurso Escolar de Cer\u00e1mica \u201cModelando una pieza de cer\u00e1mica funcional, decorativa o escult\u00f3rica en base a los valores de la Civilizaci\u00f3n Caral\u201d.<\/p>\n<p>La presentaci\u00f3n del taller \u201cRecuperaci\u00f3n de la tradici\u00f3n musical de la Civilizaci\u00f3n Caral\u201d, estuvo a cargo de j\u00f3venes m\u00fasicos que participan en el programa de Responsabilidad Social de la Zona Arqueol\u00f3gica Caral. El taller de m\u00fasica nace en el a\u00f1o 2013, como propuesta de la doctora Ruth Shady para dar a conocer el descubrimiento de las flautas traversas y cornetas encontradas en Caral y fomentar el desarrollo de la inteligencia emocional entre los j\u00f3venes del valle de Supe.<\/p>\n<p><iframe src=\"\/\/embedsocial.com\/facebook_album\/album_photos\/1436153733090151\" width=\"900\" height=\"1500\" frameborder=\"0\" marginwidth=\"0\" marginheight=\"0\" scrolling=\"yes\"><\/iframe><\/p>\n<div style=\"color: #1f1f1f;\">\n<p style=\"text-align: justify;\"><strong>Fuente:\u00a0Prensa ZAC<\/strong><\/p>\n<p style=\"text-align: justify;\">Fecha de publicaci\u00f3n: 31\/05\/2017<\/p>\n<\/div>\n","protected":false},"excerpt":{"rendered":"<p>5000 a\u00f1os de ciencia, tecnolog\u00eda pesquera y el manejo de los recursos marinos con visi\u00f3n integral del territorio La Zona [&hellip;]<\/p>\n","protected":false},"author":1,"featured_media":11516,"comment_status":"closed","ping_status":"open","sticky":false,"template":"","format":"standard","meta":{"_acf_changed":false,"site-sidebar-layout":"default","site-content-layout":"","ast-site-content-layout":"default","site-content-style":"default","site-sidebar-style":"default","ast-global-header-display":"","ast-banner-title-visibility":"","ast-main-header-display":"","ast-hfb-above-header-display":"","ast-hfb-below-header-display":"","ast-hfb-mobile-header-display":"","site-post-title":"","ast-breadcrumbs-content":"","ast-featured-img":"","footer-sml-layout":"","ast-disable-related-posts":"","theme-transparent-header-meta":"","adv-header-id-meta":"","stick-header-meta":"","header-above-stick-meta":"","header-main-stick-meta":"","header-below-stick-meta":"","astra-migrate-meta-layouts":"default","ast-page-background-enabled":"default","ast-page-background-meta":{"desktop":{"background-color":"var(--ast-global-color-5)","background-image":"","background-repeat":"repeat","background-position":"center center","background-size":"auto","background-attachment":"scroll","background-type":"","background-media":"","overlay-type":"","overlay-color":"","overlay-opacity":"","overlay-gradient":""},"tablet":{"background-color":"","background-image":"","background-repeat":"repeat","background-position":"center center","background-size":"auto","background-attachment":"scroll","background-type":"","background-media":"","overlay-type":"","overlay-color":"","overlay-opacity":"","overlay-gradient":""},"mobile":{"background-color":"","background-image":"","background-repeat":"repeat","background-position":"center center","background-size":"auto","background-attachment":"scroll","background-type":"","background-media":"","overlay-type":"","overlay-color":"","overlay-opacity":"","overlay-gradient":""}},"ast-content-background-meta":{"desktop":{"background-color":"var(--ast-global-color-4)","background-image":"","background-repeat":"repeat","background-position":"center center","background-size":"auto","background-attachment":"scroll","background-type":"","background-media":"","overlay-type":"","overlay-color":"","overlay-opacity":"","overlay-gradient":""},"tablet":{"background-color":"var(--ast-global-color-4)","background-image":"","background-repeat":"repeat","background-position":"center center","background-size":"auto","background-attachment":"scroll","background-type":"","background-media":"","overlay-type":"","overlay-color":"","overlay-opacity":"","overlay-gradient":""},"mobile":{"background-color":"var(--ast-global-color-4)","background-image":"","background-repeat":"repeat","background-position":"center center","background-size":"auto","background-attachment":"scroll","background-type":"","background-media":"","overlay-type":"","overlay-color":"","overlay-opacity":"","overlay-gradient":""}},"footnotes":""},"categories":[208],"tags":[54,63,55,64],"class_list":["post-11515","post","type-post","status-publish","format-standard","has-post-thumbnail","hentry","category-noticias","tag-aniversario","tag-aspero","tag-caral","tag-supe-puerto"],"acf":[],"yoast_head":"<!-- This site is optimized with the Yoast SEO plugin v27.3 - https:\/\/yoast.com\/product\/yoast-seo-wordpress\/ -->\n<title>La Zona Arqueol\u00f3gica Caral celebr\u00f3 el 12\u00b0 aniversario \u00c1spero<\/title>\n<meta name=\"description\" content=\"Las actividades conmemorativas se iniciaron con el III concurso escolar de antorchas y pasacalle: \u201cRevalorando Nuestro Pasado Milenario\u201d, que tuvo como objetivo fomentar el inter\u00e9s en aspectos relacionados con los fen\u00f3menos naturales. Las delegaciones de los colegios participantes se concentraron en la plaza Grau de Supe Puerto para luego trasladarse al Centro de Visitantes de la Ciudad Pesquera de \u00c1spero, siguiendo un sendero iluminado.\" \/>\n<meta name=\"robots\" content=\"index, follow, max-snippet:-1, max-image-preview:large, max-video-preview:-1\" \/>\n<link rel=\"canonical\" href=\"https:\/\/zonacaral.gob.pe\/es\/noticias\/la-zona-arqueologica-caral-celebro-el-12-aniversario-del-inicio-de-aspero\/\" \/>\n<meta property=\"og:locale\" content=\"es_ES\" \/>\n<meta property=\"og:type\" content=\"article\" \/>\n<meta property=\"og:title\" content=\"La Zona Arqueol\u00f3gica Caral celebr\u00f3 el 12\u00b0 aniversario \u00c1spero\" \/>\n<meta property=\"og:description\" content=\"Las actividades conmemorativas se iniciaron con el III concurso escolar de antorchas y pasacalle: \u201cRevalorando Nuestro Pasado Milenario\u201d, que tuvo como objetivo fomentar el inter\u00e9s en aspectos relacionados con los fen\u00f3menos naturales. Las delegaciones de los colegios participantes se concentraron en la plaza Grau de Supe Puerto para luego trasladarse al Centro de Visitantes de la Ciudad Pesquera de \u00c1spero, siguiendo un sendero iluminado.\" \/>\n<meta property=\"og:url\" content=\"https:\/\/zonacaral.gob.pe\/es\/noticias\/la-zona-arqueologica-caral-celebro-el-12-aniversario-del-inicio-de-aspero\/\" \/>\n<meta property=\"og:site_name\" content=\"Zona Caral\" \/>\n<meta property=\"article:published_time\" content=\"2017-05-30T15:09:24+00:00\" \/>\n<meta property=\"og:image\" content=\"https:\/\/zonacaral.gob.pe\/wp-content\/uploads\/2017\/06\/12aniversarioaspero-31-05-2017.jpg\" \/>\n\t<meta property=\"og:image:width\" content=\"810\" \/>\n\t<meta property=\"og:image:height\" content=\"410\" \/>\n\t<meta property=\"og:image:type\" content=\"image\/jpeg\" \/>\n<meta name=\"author\" content=\"Zona Caral Administrador\" \/>\n<meta name=\"twitter:card\" content=\"summary_large_image\" \/>\n<meta name=\"twitter:label1\" content=\"Written by\" \/>\n\t<meta name=\"twitter:data1\" content=\"Zona Caral Administrador\" \/>\n\t<meta name=\"twitter:label2\" content=\"Est. reading time\" \/>\n\t<meta name=\"twitter:data2\" content=\"6 minutos\" \/>\n<script type=\"application\/ld+json\" class=\"yoast-schema-graph\">{\"@context\":\"https:\\\/\\\/schema.org\",\"@graph\":[{\"@type\":\"Article\",\"@id\":\"https:\\\/\\\/zonacaral.gob.pe\\\/es\\\/noticias\\\/la-zona-arqueologica-caral-celebro-el-12-aniversario-del-inicio-de-aspero\\\/#article\",\"isPartOf\":{\"@id\":\"https:\\\/\\\/zonacaral.gob.pe\\\/es\\\/noticias\\\/la-zona-arqueologica-caral-celebro-el-12-aniversario-del-inicio-de-aspero\\\/\"},\"author\":{\"name\":\"Zona Caral Administrador\",\"@id\":\"https:\\\/\\\/zonacaral.gob.pe\\\/es\\\/#\\\/schema\\\/person\\\/beddb4d22f71a7230c5b90913270a0ee\"},\"headline\":\"La Zona Arqueol\u00f3gica Caral celebr\u00f3 el 12\u00b0 aniversario del inicio de \u00c1spero\",\"datePublished\":\"2017-05-30T15:09:24+00:00\",\"mainEntityOfPage\":{\"@id\":\"https:\\\/\\\/zonacaral.gob.pe\\\/es\\\/noticias\\\/la-zona-arqueologica-caral-celebro-el-12-aniversario-del-inicio-de-aspero\\\/\"},\"wordCount\":1183,\"image\":{\"@id\":\"https:\\\/\\\/zonacaral.gob.pe\\\/es\\\/noticias\\\/la-zona-arqueologica-caral-celebro-el-12-aniversario-del-inicio-de-aspero\\\/#primaryimage\"},\"thumbnailUrl\":\"https:\\\/\\\/zonacaral.gob.pe\\\/wp-content\\\/uploads\\\/2017\\\/06\\\/12aniversarioaspero-31-05-2017.jpg\",\"keywords\":[\"aniversario\",\"Aspero\",\"caral\",\"supe puerto\"],\"articleSection\":[\"noticias\"],\"inLanguage\":\"es-PE\"},{\"@type\":\"WebPage\",\"@id\":\"https:\\\/\\\/zonacaral.gob.pe\\\/es\\\/noticias\\\/la-zona-arqueologica-caral-celebro-el-12-aniversario-del-inicio-de-aspero\\\/\",\"url\":\"https:\\\/\\\/zonacaral.gob.pe\\\/es\\\/noticias\\\/la-zona-arqueologica-caral-celebro-el-12-aniversario-del-inicio-de-aspero\\\/\",\"name\":\"La Zona Arqueol\u00f3gica Caral celebr\u00f3 el 12\u00b0 aniversario \u00c1spero\",\"isPartOf\":{\"@id\":\"https:\\\/\\\/zonacaral.gob.pe\\\/es\\\/#website\"},\"primaryImageOfPage\":{\"@id\":\"https:\\\/\\\/zonacaral.gob.pe\\\/es\\\/noticias\\\/la-zona-arqueologica-caral-celebro-el-12-aniversario-del-inicio-de-aspero\\\/#primaryimage\"},\"image\":{\"@id\":\"https:\\\/\\\/zonacaral.gob.pe\\\/es\\\/noticias\\\/la-zona-arqueologica-caral-celebro-el-12-aniversario-del-inicio-de-aspero\\\/#primaryimage\"},\"thumbnailUrl\":\"https:\\\/\\\/zonacaral.gob.pe\\\/wp-content\\\/uploads\\\/2017\\\/06\\\/12aniversarioaspero-31-05-2017.jpg\",\"datePublished\":\"2017-05-30T15:09:24+00:00\",\"author\":{\"@id\":\"https:\\\/\\\/zonacaral.gob.pe\\\/es\\\/#\\\/schema\\\/person\\\/beddb4d22f71a7230c5b90913270a0ee\"},\"description\":\"Las actividades conmemorativas se iniciaron con el III concurso escolar de antorchas y pasacalle: \u201cRevalorando Nuestro Pasado Milenario\u201d, que tuvo como objetivo fomentar el inter\u00e9s en aspectos relacionados con los fen\u00f3menos naturales. Las delegaciones de los colegios participantes se concentraron en la plaza Grau de Supe Puerto para luego trasladarse al Centro de Visitantes de la Ciudad Pesquera de \u00c1spero, siguiendo un sendero iluminado.\",\"breadcrumb\":{\"@id\":\"https:\\\/\\\/zonacaral.gob.pe\\\/es\\\/noticias\\\/la-zona-arqueologica-caral-celebro-el-12-aniversario-del-inicio-de-aspero\\\/#breadcrumb\"},\"inLanguage\":\"es-PE\",\"potentialAction\":[{\"@type\":\"ReadAction\",\"target\":[\"https:\\\/\\\/zonacaral.gob.pe\\\/es\\\/noticias\\\/la-zona-arqueologica-caral-celebro-el-12-aniversario-del-inicio-de-aspero\\\/\"]}]},{\"@type\":\"ImageObject\",\"inLanguage\":\"es-PE\",\"@id\":\"https:\\\/\\\/zonacaral.gob.pe\\\/es\\\/noticias\\\/la-zona-arqueologica-caral-celebro-el-12-aniversario-del-inicio-de-aspero\\\/#primaryimage\",\"url\":\"https:\\\/\\\/zonacaral.gob.pe\\\/wp-content\\\/uploads\\\/2017\\\/06\\\/12aniversarioaspero-31-05-2017.jpg\",\"contentUrl\":\"https:\\\/\\\/zonacaral.gob.pe\\\/wp-content\\\/uploads\\\/2017\\\/06\\\/12aniversarioaspero-31-05-2017.jpg\",\"width\":810,\"height\":410},{\"@type\":\"BreadcrumbList\",\"@id\":\"https:\\\/\\\/zonacaral.gob.pe\\\/es\\\/noticias\\\/la-zona-arqueologica-caral-celebro-el-12-aniversario-del-inicio-de-aspero\\\/#breadcrumb\",\"itemListElement\":[{\"@type\":\"ListItem\",\"position\":1,\"name\":\"Portada\",\"item\":\"https:\\\/\\\/zonacaral.gob.pe\\\/\"},{\"@type\":\"ListItem\",\"position\":2,\"name\":\"La Zona Arqueol\u00f3gica Caral celebr\u00f3 el 12\u00b0 aniversario del inicio de \u00c1spero\"}]},{\"@type\":\"WebSite\",\"@id\":\"https:\\\/\\\/zonacaral.gob.pe\\\/es\\\/#website\",\"url\":\"https:\\\/\\\/zonacaral.gob.pe\\\/es\\\/\",\"name\":\"Zona Caral\",\"description\":\"Investigamos, conservamos y difundimos el patrimonio cultural de la Civilizaci\u00f3n Caral, la m\u00e1s antigua de Am\u00e9rica.\",\"potentialAction\":[{\"@type\":\"SearchAction\",\"target\":{\"@type\":\"EntryPoint\",\"urlTemplate\":\"https:\\\/\\\/zonacaral.gob.pe\\\/es\\\/?s={search_term_string}\"},\"query-input\":{\"@type\":\"PropertyValueSpecification\",\"valueRequired\":true,\"valueName\":\"search_term_string\"}}],\"inLanguage\":\"es-PE\"},{\"@type\":\"Person\",\"@id\":\"https:\\\/\\\/zonacaral.gob.pe\\\/es\\\/#\\\/schema\\\/person\\\/beddb4d22f71a7230c5b90913270a0ee\",\"name\":\"Zona Caral Administrador\",\"image\":{\"@type\":\"ImageObject\",\"inLanguage\":\"es-PE\",\"@id\":\"https:\\\/\\\/secure.gravatar.com\\\/avatar\\\/e4be162918a696358376de6446614e0f0f4062bdc5d170d6d540ada3d8b58c12?s=96&d=mm&r=g\",\"url\":\"https:\\\/\\\/secure.gravatar.com\\\/avatar\\\/e4be162918a696358376de6446614e0f0f4062bdc5d170d6d540ada3d8b58c12?s=96&d=mm&r=g\",\"contentUrl\":\"https:\\\/\\\/secure.gravatar.com\\\/avatar\\\/e4be162918a696358376de6446614e0f0f4062bdc5d170d6d540ada3d8b58c12?s=96&d=mm&r=g\",\"caption\":\"Zona Caral Administrador\"},\"sameAs\":[\"https:\\\/\\\/zonacaral.gob.pe\"],\"url\":\"https:\\\/\\\/zonacaral.gob.pe\\\/es\\\/noticias\\\/author\\\/ad_zonacaral\\\/\"}]}<\/script>\n<!-- \/ Yoast SEO plugin. -->","yoast_head_json":{"title":"La Zona Arqueol\u00f3gica Caral celebr\u00f3 el 12\u00b0 aniversario \u00c1spero","description":"Las actividades conmemorativas se iniciaron con el III concurso escolar de antorchas y pasacalle: \u201cRevalorando Nuestro Pasado Milenario\u201d, que tuvo como objetivo fomentar el inter\u00e9s en aspectos relacionados con los fen\u00f3menos naturales. Las delegaciones de los colegios participantes se concentraron en la plaza Grau de Supe Puerto para luego trasladarse al Centro de Visitantes de la Ciudad Pesquera de \u00c1spero, siguiendo un sendero iluminado.","robots":{"index":"index","follow":"follow","max-snippet":"max-snippet:-1","max-image-preview":"max-image-preview:large","max-video-preview":"max-video-preview:-1"},"canonical":"https:\/\/zonacaral.gob.pe\/es\/noticias\/la-zona-arqueologica-caral-celebro-el-12-aniversario-del-inicio-de-aspero\/","og_locale":"es_ES","og_type":"article","og_title":"La Zona Arqueol\u00f3gica Caral celebr\u00f3 el 12\u00b0 aniversario \u00c1spero","og_description":"Las actividades conmemorativas se iniciaron con el III concurso escolar de antorchas y pasacalle: \u201cRevalorando Nuestro Pasado Milenario\u201d, que tuvo como objetivo fomentar el inter\u00e9s en aspectos relacionados con los fen\u00f3menos naturales. Las delegaciones de los colegios participantes se concentraron en la plaza Grau de Supe Puerto para luego trasladarse al Centro de Visitantes de la Ciudad Pesquera de \u00c1spero, siguiendo un sendero iluminado.","og_url":"https:\/\/zonacaral.gob.pe\/es\/noticias\/la-zona-arqueologica-caral-celebro-el-12-aniversario-del-inicio-de-aspero\/","og_site_name":"Zona Caral","article_published_time":"2017-05-30T15:09:24+00:00","og_image":[{"width":810,"height":410,"url":"https:\/\/zonacaral.gob.pe\/wp-content\/uploads\/2017\/06\/12aniversarioaspero-31-05-2017.jpg","type":"image\/jpeg"}],"author":"Zona Caral Administrador","twitter_card":"summary_large_image","twitter_misc":{"Written by":"Zona Caral Administrador","Est. reading time":"6 minutos"},"schema":{"@context":"https:\/\/schema.org","@graph":[{"@type":"Article","@id":"https:\/\/zonacaral.gob.pe\/es\/noticias\/la-zona-arqueologica-caral-celebro-el-12-aniversario-del-inicio-de-aspero\/#article","isPartOf":{"@id":"https:\/\/zonacaral.gob.pe\/es\/noticias\/la-zona-arqueologica-caral-celebro-el-12-aniversario-del-inicio-de-aspero\/"},"author":{"name":"Zona Caral Administrador","@id":"https:\/\/zonacaral.gob.pe\/es\/#\/schema\/person\/beddb4d22f71a7230c5b90913270a0ee"},"headline":"La Zona Arqueol\u00f3gica Caral celebr\u00f3 el 12\u00b0 aniversario del inicio de \u00c1spero","datePublished":"2017-05-30T15:09:24+00:00","mainEntityOfPage":{"@id":"https:\/\/zonacaral.gob.pe\/es\/noticias\/la-zona-arqueologica-caral-celebro-el-12-aniversario-del-inicio-de-aspero\/"},"wordCount":1183,"image":{"@id":"https:\/\/zonacaral.gob.pe\/es\/noticias\/la-zona-arqueologica-caral-celebro-el-12-aniversario-del-inicio-de-aspero\/#primaryimage"},"thumbnailUrl":"https:\/\/zonacaral.gob.pe\/wp-content\/uploads\/2017\/06\/12aniversarioaspero-31-05-2017.jpg","keywords":["aniversario","Aspero","caral","supe puerto"],"articleSection":["noticias"],"inLanguage":"es-PE"},{"@type":"WebPage","@id":"https:\/\/zonacaral.gob.pe\/es\/noticias\/la-zona-arqueologica-caral-celebro-el-12-aniversario-del-inicio-de-aspero\/","url":"https:\/\/zonacaral.gob.pe\/es\/noticias\/la-zona-arqueologica-caral-celebro-el-12-aniversario-del-inicio-de-aspero\/","name":"La Zona Arqueol\u00f3gica Caral celebr\u00f3 el 12\u00b0 aniversario \u00c1spero","isPartOf":{"@id":"https:\/\/zonacaral.gob.pe\/es\/#website"},"primaryImageOfPage":{"@id":"https:\/\/zonacaral.gob.pe\/es\/noticias\/la-zona-arqueologica-caral-celebro-el-12-aniversario-del-inicio-de-aspero\/#primaryimage"},"image":{"@id":"https:\/\/zonacaral.gob.pe\/es\/noticias\/la-zona-arqueologica-caral-celebro-el-12-aniversario-del-inicio-de-aspero\/#primaryimage"},"thumbnailUrl":"https:\/\/zonacaral.gob.pe\/wp-content\/uploads\/2017\/06\/12aniversarioaspero-31-05-2017.jpg","datePublished":"2017-05-30T15:09:24+00:00","author":{"@id":"https:\/\/zonacaral.gob.pe\/es\/#\/schema\/person\/beddb4d22f71a7230c5b90913270a0ee"},"description":"Las actividades conmemorativas se iniciaron con el III concurso escolar de antorchas y pasacalle: \u201cRevalorando Nuestro Pasado Milenario\u201d, que tuvo como objetivo fomentar el inter\u00e9s en aspectos relacionados con los fen\u00f3menos naturales. Las delegaciones de los colegios participantes se concentraron en la plaza Grau de Supe Puerto para luego trasladarse al Centro de Visitantes de la Ciudad Pesquera de \u00c1spero, siguiendo un sendero iluminado.","breadcrumb":{"@id":"https:\/\/zonacaral.gob.pe\/es\/noticias\/la-zona-arqueologica-caral-celebro-el-12-aniversario-del-inicio-de-aspero\/#breadcrumb"},"inLanguage":"es-PE","potentialAction":[{"@type":"ReadAction","target":["https:\/\/zonacaral.gob.pe\/es\/noticias\/la-zona-arqueologica-caral-celebro-el-12-aniversario-del-inicio-de-aspero\/"]}]},{"@type":"ImageObject","inLanguage":"es-PE","@id":"https:\/\/zonacaral.gob.pe\/es\/noticias\/la-zona-arqueologica-caral-celebro-el-12-aniversario-del-inicio-de-aspero\/#primaryimage","url":"https:\/\/zonacaral.gob.pe\/wp-content\/uploads\/2017\/06\/12aniversarioaspero-31-05-2017.jpg","contentUrl":"https:\/\/zonacaral.gob.pe\/wp-content\/uploads\/2017\/06\/12aniversarioaspero-31-05-2017.jpg","width":810,"height":410},{"@type":"BreadcrumbList","@id":"https:\/\/zonacaral.gob.pe\/es\/noticias\/la-zona-arqueologica-caral-celebro-el-12-aniversario-del-inicio-de-aspero\/#breadcrumb","itemListElement":[{"@type":"ListItem","position":1,"name":"Portada","item":"https:\/\/zonacaral.gob.pe\/"},{"@type":"ListItem","position":2,"name":"La Zona Arqueol\u00f3gica Caral celebr\u00f3 el 12\u00b0 aniversario del inicio de \u00c1spero"}]},{"@type":"WebSite","@id":"https:\/\/zonacaral.gob.pe\/es\/#website","url":"https:\/\/zonacaral.gob.pe\/es\/","name":"Zona Caral","description":"Investigamos, conservamos y difundimos el patrimonio cultural de la Civilizaci\u00f3n Caral, la m\u00e1s antigua de Am\u00e9rica.","potentialAction":[{"@type":"SearchAction","target":{"@type":"EntryPoint","urlTemplate":"https:\/\/zonacaral.gob.pe\/es\/?s={search_term_string}"},"query-input":{"@type":"PropertyValueSpecification","valueRequired":true,"valueName":"search_term_string"}}],"inLanguage":"es-PE"},{"@type":"Person","@id":"https:\/\/zonacaral.gob.pe\/es\/#\/schema\/person\/beddb4d22f71a7230c5b90913270a0ee","name":"Zona Caral Administrador","image":{"@type":"ImageObject","inLanguage":"es-PE","@id":"https:\/\/secure.gravatar.com\/avatar\/e4be162918a696358376de6446614e0f0f4062bdc5d170d6d540ada3d8b58c12?s=96&d=mm&r=g","url":"https:\/\/secure.gravatar.com\/avatar\/e4be162918a696358376de6446614e0f0f4062bdc5d170d6d540ada3d8b58c12?s=96&d=mm&r=g","contentUrl":"https:\/\/secure.gravatar.com\/avatar\/e4be162918a696358376de6446614e0f0f4062bdc5d170d6d540ada3d8b58c12?s=96&d=mm&r=g","caption":"Zona Caral Administrador"},"sameAs":["https:\/\/zonacaral.gob.pe"],"url":"https:\/\/zonacaral.gob.pe\/es\/noticias\/author\/ad_zonacaral\/"}]}},"_links":{"self":[{"href":"https:\/\/zonacaral.gob.pe\/es\/wp-json\/wp\/v2\/posts\/11515","targetHints":{"allow":["GET"]}}],"collection":[{"href":"https:\/\/zonacaral.gob.pe\/es\/wp-json\/wp\/v2\/posts"}],"about":[{"href":"https:\/\/zonacaral.gob.pe\/es\/wp-json\/wp\/v2\/types\/post"}],"author":[{"embeddable":true,"href":"https:\/\/zonacaral.gob.pe\/es\/wp-json\/wp\/v2\/users\/1"}],"replies":[{"embeddable":true,"href":"https:\/\/zonacaral.gob.pe\/es\/wp-json\/wp\/v2\/comments?post=11515"}],"version-history":[{"count":0,"href":"https:\/\/zonacaral.gob.pe\/es\/wp-json\/wp\/v2\/posts\/11515\/revisions"}],"wp:featuredmedia":[{"embeddable":true,"href":"https:\/\/zonacaral.gob.pe\/es\/wp-json\/wp\/v2\/media\/11516"}],"wp:attachment":[{"href":"https:\/\/zonacaral.gob.pe\/es\/wp-json\/wp\/v2\/media?parent=11515"}],"wp:term":[{"taxonomy":"category","embeddable":true,"href":"https:\/\/zonacaral.gob.pe\/es\/wp-json\/wp\/v2\/categories?post=11515"},{"taxonomy":"post_tag","embeddable":true,"href":"https:\/\/zonacaral.gob.pe\/es\/wp-json\/wp\/v2\/tags?post=11515"}],"curies":[{"name":"wp","href":"https:\/\/api.w.org\/{rel}","templated":true}]}}