{"id":11536,"date":"2017-06-09T11:24:58","date_gmt":"2017-06-09T16:24:58","guid":{"rendered":"http:\/\/www.zonacaral.gob.pe\/?p=11536"},"modified":"2017-06-09T11:24:58","modified_gmt":"2017-06-09T16:24:58","slug":"abren-exhibicion-de-350-objetos-de-la-civilizacion-caral-en-villa-el-salvador","status":"publish","type":"post","link":"https:\/\/zonacaral.gob.pe\/es\/noticias\/abren-exhibicion-de-350-objetos-de-la-civilizacion-caral-en-villa-el-salvador\/","title":{"rendered":"Abren exhibici\u00f3n de 350 objetos de la Civilizaci\u00f3n Caral en Villa El Salvador"},"content":{"rendered":"<figure class=\"pic-autor\" style=\"color: #4d4d4d; text-align: justify;\"><\/figure>\n<p style=\"text-align: justify;\">Se abri\u00f3 en Villa El Salvador la exposici\u00f3n museogr\u00e1fica gratuita de 350 objetos de la Civilizaci\u00f3n Caral que estar\u00e1 a disposici\u00f3n del p\u00fablico hasta el 6 de agosto.<\/p>\n<p style=\"text-align: justify;\">\u201cTransmisi\u00f3n de los valores de la Civilizaci\u00f3n Caral, 5000 a\u00f1os de vida organizada, en armon\u00eda entre la sociedad y la naturaleza\u201d se denomina esta exhibici\u00f3n, inform\u00f3 el Ministerio de Cultura.<\/p>\n<p style=\"text-align: justify;\">La muestra se desarrolla en el auditorio del complejo deportivo municipal Iv\u00e1n El\u00edas Moreno, ubicado en el sector III, grupo 15, avenida Los \u00c1lamos s\/n, distrito de Villa El Salvador.<\/p>\n<p>La exposici\u00f3n conformada por una colecci\u00f3n arqueol\u00f3gica de 350 objetos culturales de la Civilizaci\u00f3n Caral, exhibir\u00e1 el ajuar funerario de la \u201cDama de los Cuatro Tupus\u201d, entierro de 4,500 a\u00f1os de antig\u00fcedad recuperado en el sitio arqueol\u00f3gico \u00c1spero, Ciudad Pesquera de la Civilizaci\u00f3n Caral.<\/p>\n<p style=\"text-align: justify;\">Este es considerado por el Instituto de Arqueolog\u00eda de Am\u00e9rica como uno de los diez descubrimientos m\u00e1s importantes del mundo en el a\u00f1o 2016.<\/p>\n<p>Asimismo, las tres esculturas de barro no cocido halladas en el sitio arqueol\u00f3gico Vichama, ciudad agropesquera, que fueran consideradas por la National Geographic Society como uno de los diez hallazgos m\u00e1s destacados en el a\u00f1o 2015.<\/p>\n<p>La exposici\u00f3n es una estrategia de proyecci\u00f3n cultural y educativa que permite transmitir al p\u00fablico en general las expresiones de la Civilizaci\u00f3n Caral: c\u00f3mo se form\u00f3 y su relevancia cient\u00edfica; la obra humana en armon\u00eda con la naturaleza y el manejo del territorio andino con visi\u00f3n de cuenca, entre otros.<\/p>\n<p style=\"text-align: justify;\">El p\u00fablico puede visitar la muestra de martes a viernes de 10 de la ma\u00f1ana a seis de la tarde y los s\u00e1bados y domingos de once de la ma\u00f1ana a ocho de la noche.<\/p>\n<p style=\"text-align: justify;\">Quienes deseen conocer m\u00e1s de la exposici\u00f3n pueden ingresar a <a href=\"http:\/\/www.zonacaral.gob.pe\/villaelsalvador\/\">zonacaral.gob.pe\/villaelsalvador<\/a><\/p>\n<p><iframe src=\"\/\/embedsocial.com\/facebook_album\/album_photos\/1446706852034839\" width=\"900\" height=\"1500\" frameborder=\"0\" marginwidth=\"0\" marginheight=\"0\" scrolling=\"yes\"><\/iframe><\/p>\n<div style=\"color: #1f1f1f;\">\n<p style=\"text-align: justify;\"><strong>Fuente: <span style=\"color: #993300;\"><a href=\"http:\/\/www.andina.com.pe\/agencia\/noticia-abren-exhibicion-350-objetos-de-civilizacion-caral-villa-salvador-670057.aspx\"><span style=\"color: #993300;\">Agencia Andina<\/span><\/a><\/span><\/strong><\/p>\n<p style=\"text-align: justify;\">Fecha de publicaci\u00f3n: 08\/06\/2017<\/p>\n<\/div>\n","protected":false},"excerpt":{"rendered":"<p>Se abri\u00f3 en Villa El Salvador la exposici\u00f3n museogr\u00e1fica gratuita de 350 objetos de la Civilizaci\u00f3n Caral que estar\u00e1 a [&hellip;]<\/p>\n","protected":false},"author":1,"featured_media":11537,"comment_status":"closed","ping_status":"open","sticky":false,"template":"","format":"standard","meta":{"_acf_changed":false,"site-sidebar-layout":"default","site-content-layout":"","ast-site-content-layout":"default","site-content-style":"default","site-sidebar-style":"default","ast-global-header-display":"","ast-banner-title-visibility":"","ast-main-header-display":"","ast-hfb-above-header-display":"","ast-hfb-below-header-display":"","ast-hfb-mobile-header-display":"","site-post-title":"","ast-breadcrumbs-content":"","ast-featured-img":"","footer-sml-layout":"","ast-disable-related-posts":"","theme-transparent-header-meta":"","adv-header-id-meta":"","stick-header-meta":"","header-above-stick-meta":"","header-main-stick-meta":"","header-below-stick-meta":"","astra-migrate-meta-layouts":"default","ast-page-background-enabled":"default","ast-page-background-meta":{"desktop":{"background-color":"var(--ast-global-color-5)","background-image":"","background-repeat":"repeat","background-position":"center center","background-size":"auto","background-attachment":"scroll","background-type":"","background-media":"","overlay-type":"","overlay-color":"","overlay-opacity":"","overlay-gradient":""},"tablet":{"background-color":"","background-image":"","background-repeat":"repeat","background-position":"center center","background-size":"auto","background-attachment":"scroll","background-type":"","background-media":"","overlay-type":"","overlay-color":"","overlay-opacity":"","overlay-gradient":""},"mobile":{"background-color":"","background-image":"","background-repeat":"repeat","background-position":"center center","background-size":"auto","background-attachment":"scroll","background-type":"","background-media":"","overlay-type":"","overlay-color":"","overlay-opacity":"","overlay-gradient":""}},"ast-content-background-meta":{"desktop":{"background-color":"var(--ast-global-color-4)","background-image":"","background-repeat":"repeat","background-position":"center center","background-size":"auto","background-attachment":"scroll","background-type":"","background-media":"","overlay-type":"","overlay-color":"","overlay-opacity":"","overlay-gradient":""},"tablet":{"background-color":"var(--ast-global-color-4)","background-image":"","background-repeat":"repeat","background-position":"center center","background-size":"auto","background-attachment":"scroll","background-type":"","background-media":"","overlay-type":"","overlay-color":"","overlay-opacity":"","overlay-gradient":""},"mobile":{"background-color":"var(--ast-global-color-4)","background-image":"","background-repeat":"repeat","background-position":"center center","background-size":"auto","background-attachment":"scroll","background-type":"","background-media":"","overlay-type":"","overlay-color":"","overlay-opacity":"","overlay-gradient":""}},"footnotes":""},"categories":[208],"tags":[55,123,130,131],"class_list":["post-11536","post","type-post","status-publish","format-standard","has-post-thumbnail","hentry","category-noticias","tag-caral","tag-exposicion","tag-museografica","tag-villa-el-salvador"],"acf":[],"yoast_head":"<!-- This site is optimized with the Yoast SEO plugin v27.3 - https:\/\/yoast.com\/product\/yoast-seo-wordpress\/ -->\n<title>Abren exhibici\u00f3n de 350 objetos de Caral en Villa El Salvador<\/title>\n<meta name=\"description\" content=\"Se abri\u00f3 en Villa El Salvador la exposici\u00f3n museogr\u00e1fica gratuita de 350 objetos de la Civilizaci\u00f3n Caral que estar\u00e1 a disposici\u00f3n del p\u00fablico hasta el 6 de agosto. \u201cTransmisi\u00f3n de los valores de la Civilizaci\u00f3n Caral, 5000 a\u00f1os de vida organizada, en armon\u00eda entre la sociedad y la naturaleza\u201d se denomina esta exhibici\u00f3n, inform\u00f3 el Ministerio de Cultura.\" \/>\n<meta name=\"robots\" content=\"index, follow, max-snippet:-1, max-image-preview:large, max-video-preview:-1\" \/>\n<link rel=\"canonical\" href=\"https:\/\/zonacaral.gob.pe\/es\/noticias\/abren-exhibicion-de-350-objetos-de-la-civilizacion-caral-en-villa-el-salvador\/\" \/>\n<meta property=\"og:locale\" content=\"es_ES\" \/>\n<meta property=\"og:type\" content=\"article\" \/>\n<meta property=\"og:title\" content=\"Abren exhibici\u00f3n de 350 objetos de Caral en Villa El Salvador\" \/>\n<meta property=\"og:description\" content=\"Se abri\u00f3 en Villa El Salvador la exposici\u00f3n museogr\u00e1fica gratuita de 350 objetos de la Civilizaci\u00f3n Caral que estar\u00e1 a disposici\u00f3n del p\u00fablico hasta el 6 de agosto. \u201cTransmisi\u00f3n de los valores de la Civilizaci\u00f3n Caral, 5000 a\u00f1os de vida organizada, en armon\u00eda entre la sociedad y la naturaleza\u201d se denomina esta exhibici\u00f3n, inform\u00f3 el Ministerio de Cultura.\" \/>\n<meta property=\"og:url\" content=\"https:\/\/zonacaral.gob.pe\/es\/noticias\/abren-exhibicion-de-350-objetos-de-la-civilizacion-caral-en-villa-el-salvador\/\" \/>\n<meta property=\"og:site_name\" content=\"Zona Caral\" \/>\n<meta property=\"article:published_time\" content=\"2017-06-09T16:24:58+00:00\" \/>\n<meta property=\"og:image\" content=\"https:\/\/zonacaral.gob.pe\/wp-content\/uploads\/2017\/06\/andina-expo-ves.jpg\" \/>\n\t<meta property=\"og:image:width\" content=\"800\" \/>\n\t<meta property=\"og:image:height\" content=\"471\" \/>\n\t<meta property=\"og:image:type\" content=\"image\/jpeg\" \/>\n<meta name=\"author\" content=\"Zona Caral Administrador\" \/>\n<meta name=\"twitter:card\" content=\"summary_large_image\" \/>\n<meta name=\"twitter:label1\" content=\"Written by\" \/>\n\t<meta name=\"twitter:data1\" content=\"Zona Caral Administrador\" \/>\n\t<meta name=\"twitter:label2\" content=\"Est. reading time\" \/>\n\t<meta name=\"twitter:data2\" content=\"2 minutos\" \/>\n<script type=\"application\/ld+json\" class=\"yoast-schema-graph\">{\"@context\":\"https:\\\/\\\/schema.org\",\"@graph\":[{\"@type\":\"Article\",\"@id\":\"https:\\\/\\\/zonacaral.gob.pe\\\/es\\\/noticias\\\/abren-exhibicion-de-350-objetos-de-la-civilizacion-caral-en-villa-el-salvador\\\/#article\",\"isPartOf\":{\"@id\":\"https:\\\/\\\/zonacaral.gob.pe\\\/es\\\/noticias\\\/abren-exhibicion-de-350-objetos-de-la-civilizacion-caral-en-villa-el-salvador\\\/\"},\"author\":{\"name\":\"Zona Caral Administrador\",\"@id\":\"https:\\\/\\\/zonacaral.gob.pe\\\/es\\\/#\\\/schema\\\/person\\\/beddb4d22f71a7230c5b90913270a0ee\"},\"headline\":\"Abren exhibici\u00f3n de 350 objetos de la Civilizaci\u00f3n Caral en Villa El Salvador\",\"datePublished\":\"2017-06-09T16:24:58+00:00\",\"mainEntityOfPage\":{\"@id\":\"https:\\\/\\\/zonacaral.gob.pe\\\/es\\\/noticias\\\/abren-exhibicion-de-350-objetos-de-la-civilizacion-caral-en-villa-el-salvador\\\/\"},\"wordCount\":345,\"image\":{\"@id\":\"https:\\\/\\\/zonacaral.gob.pe\\\/es\\\/noticias\\\/abren-exhibicion-de-350-objetos-de-la-civilizacion-caral-en-villa-el-salvador\\\/#primaryimage\"},\"thumbnailUrl\":\"https:\\\/\\\/zonacaral.gob.pe\\\/wp-content\\\/uploads\\\/2017\\\/06\\\/andina-expo-ves.jpg\",\"keywords\":[\"caral\",\"exposicion\",\"museogr\u00e1fica\",\"villa el salvador\"],\"articleSection\":[\"noticias\"],\"inLanguage\":\"es-PE\"},{\"@type\":\"WebPage\",\"@id\":\"https:\\\/\\\/zonacaral.gob.pe\\\/es\\\/noticias\\\/abren-exhibicion-de-350-objetos-de-la-civilizacion-caral-en-villa-el-salvador\\\/\",\"url\":\"https:\\\/\\\/zonacaral.gob.pe\\\/es\\\/noticias\\\/abren-exhibicion-de-350-objetos-de-la-civilizacion-caral-en-villa-el-salvador\\\/\",\"name\":\"Abren exhibici\u00f3n de 350 objetos de Caral en Villa El Salvador\",\"isPartOf\":{\"@id\":\"https:\\\/\\\/zonacaral.gob.pe\\\/es\\\/#website\"},\"primaryImageOfPage\":{\"@id\":\"https:\\\/\\\/zonacaral.gob.pe\\\/es\\\/noticias\\\/abren-exhibicion-de-350-objetos-de-la-civilizacion-caral-en-villa-el-salvador\\\/#primaryimage\"},\"image\":{\"@id\":\"https:\\\/\\\/zonacaral.gob.pe\\\/es\\\/noticias\\\/abren-exhibicion-de-350-objetos-de-la-civilizacion-caral-en-villa-el-salvador\\\/#primaryimage\"},\"thumbnailUrl\":\"https:\\\/\\\/zonacaral.gob.pe\\\/wp-content\\\/uploads\\\/2017\\\/06\\\/andina-expo-ves.jpg\",\"datePublished\":\"2017-06-09T16:24:58+00:00\",\"author\":{\"@id\":\"https:\\\/\\\/zonacaral.gob.pe\\\/es\\\/#\\\/schema\\\/person\\\/beddb4d22f71a7230c5b90913270a0ee\"},\"description\":\"Se abri\u00f3 en Villa El Salvador la exposici\u00f3n museogr\u00e1fica gratuita de 350 objetos de la Civilizaci\u00f3n Caral que estar\u00e1 a disposici\u00f3n del p\u00fablico hasta el 6 de agosto. \u201cTransmisi\u00f3n de los valores de la Civilizaci\u00f3n Caral, 5000 a\u00f1os de vida organizada, en armon\u00eda entre la sociedad y la naturaleza\u201d se denomina esta exhibici\u00f3n, inform\u00f3 el Ministerio de Cultura.\",\"breadcrumb\":{\"@id\":\"https:\\\/\\\/zonacaral.gob.pe\\\/es\\\/noticias\\\/abren-exhibicion-de-350-objetos-de-la-civilizacion-caral-en-villa-el-salvador\\\/#breadcrumb\"},\"inLanguage\":\"es-PE\",\"potentialAction\":[{\"@type\":\"ReadAction\",\"target\":[\"https:\\\/\\\/zonacaral.gob.pe\\\/es\\\/noticias\\\/abren-exhibicion-de-350-objetos-de-la-civilizacion-caral-en-villa-el-salvador\\\/\"]}]},{\"@type\":\"ImageObject\",\"inLanguage\":\"es-PE\",\"@id\":\"https:\\\/\\\/zonacaral.gob.pe\\\/es\\\/noticias\\\/abren-exhibicion-de-350-objetos-de-la-civilizacion-caral-en-villa-el-salvador\\\/#primaryimage\",\"url\":\"https:\\\/\\\/zonacaral.gob.pe\\\/wp-content\\\/uploads\\\/2017\\\/06\\\/andina-expo-ves.jpg\",\"contentUrl\":\"https:\\\/\\\/zonacaral.gob.pe\\\/wp-content\\\/uploads\\\/2017\\\/06\\\/andina-expo-ves.jpg\",\"width\":800,\"height\":471},{\"@type\":\"BreadcrumbList\",\"@id\":\"https:\\\/\\\/zonacaral.gob.pe\\\/es\\\/noticias\\\/abren-exhibicion-de-350-objetos-de-la-civilizacion-caral-en-villa-el-salvador\\\/#breadcrumb\",\"itemListElement\":[{\"@type\":\"ListItem\",\"position\":1,\"name\":\"Portada\",\"item\":\"https:\\\/\\\/zonacaral.gob.pe\\\/\"},{\"@type\":\"ListItem\",\"position\":2,\"name\":\"Abren exhibici\u00f3n de 350 objetos de la Civilizaci\u00f3n Caral en Villa El Salvador\"}]},{\"@type\":\"WebSite\",\"@id\":\"https:\\\/\\\/zonacaral.gob.pe\\\/es\\\/#website\",\"url\":\"https:\\\/\\\/zonacaral.gob.pe\\\/es\\\/\",\"name\":\"Zona Caral\",\"description\":\"Investigamos, conservamos y difundimos el patrimonio cultural de la Civilizaci\u00f3n Caral, la m\u00e1s antigua de Am\u00e9rica.\",\"potentialAction\":[{\"@type\":\"SearchAction\",\"target\":{\"@type\":\"EntryPoint\",\"urlTemplate\":\"https:\\\/\\\/zonacaral.gob.pe\\\/es\\\/?s={search_term_string}\"},\"query-input\":{\"@type\":\"PropertyValueSpecification\",\"valueRequired\":true,\"valueName\":\"search_term_string\"}}],\"inLanguage\":\"es-PE\"},{\"@type\":\"Person\",\"@id\":\"https:\\\/\\\/zonacaral.gob.pe\\\/es\\\/#\\\/schema\\\/person\\\/beddb4d22f71a7230c5b90913270a0ee\",\"name\":\"Zona Caral Administrador\",\"image\":{\"@type\":\"ImageObject\",\"inLanguage\":\"es-PE\",\"@id\":\"https:\\\/\\\/secure.gravatar.com\\\/avatar\\\/e4be162918a696358376de6446614e0f0f4062bdc5d170d6d540ada3d8b58c12?s=96&d=mm&r=g\",\"url\":\"https:\\\/\\\/secure.gravatar.com\\\/avatar\\\/e4be162918a696358376de6446614e0f0f4062bdc5d170d6d540ada3d8b58c12?s=96&d=mm&r=g\",\"contentUrl\":\"https:\\\/\\\/secure.gravatar.com\\\/avatar\\\/e4be162918a696358376de6446614e0f0f4062bdc5d170d6d540ada3d8b58c12?s=96&d=mm&r=g\",\"caption\":\"Zona Caral Administrador\"},\"sameAs\":[\"https:\\\/\\\/zonacaral.gob.pe\"],\"url\":\"https:\\\/\\\/zonacaral.gob.pe\\\/es\\\/noticias\\\/author\\\/ad_zonacaral\\\/\"}]}<\/script>\n<!-- \/ Yoast SEO plugin. -->","yoast_head_json":{"title":"Abren exhibici\u00f3n de 350 objetos de Caral en Villa El Salvador","description":"Se abri\u00f3 en Villa El Salvador la exposici\u00f3n museogr\u00e1fica gratuita de 350 objetos de la Civilizaci\u00f3n Caral que estar\u00e1 a disposici\u00f3n del p\u00fablico hasta el 6 de agosto. \u201cTransmisi\u00f3n de los valores de la Civilizaci\u00f3n Caral, 5000 a\u00f1os de vida organizada, en armon\u00eda entre la sociedad y la naturaleza\u201d se denomina esta exhibici\u00f3n, inform\u00f3 el Ministerio de Cultura.","robots":{"index":"index","follow":"follow","max-snippet":"max-snippet:-1","max-image-preview":"max-image-preview:large","max-video-preview":"max-video-preview:-1"},"canonical":"https:\/\/zonacaral.gob.pe\/es\/noticias\/abren-exhibicion-de-350-objetos-de-la-civilizacion-caral-en-villa-el-salvador\/","og_locale":"es_ES","og_type":"article","og_title":"Abren exhibici\u00f3n de 350 objetos de Caral en Villa El Salvador","og_description":"Se abri\u00f3 en Villa El Salvador la exposici\u00f3n museogr\u00e1fica gratuita de 350 objetos de la Civilizaci\u00f3n Caral que estar\u00e1 a disposici\u00f3n del p\u00fablico hasta el 6 de agosto. \u201cTransmisi\u00f3n de los valores de la Civilizaci\u00f3n Caral, 5000 a\u00f1os de vida organizada, en armon\u00eda entre la sociedad y la naturaleza\u201d se denomina esta exhibici\u00f3n, inform\u00f3 el Ministerio de Cultura.","og_url":"https:\/\/zonacaral.gob.pe\/es\/noticias\/abren-exhibicion-de-350-objetos-de-la-civilizacion-caral-en-villa-el-salvador\/","og_site_name":"Zona Caral","article_published_time":"2017-06-09T16:24:58+00:00","og_image":[{"width":800,"height":471,"url":"https:\/\/zonacaral.gob.pe\/wp-content\/uploads\/2017\/06\/andina-expo-ves.jpg","type":"image\/jpeg"}],"author":"Zona Caral Administrador","twitter_card":"summary_large_image","twitter_misc":{"Written by":"Zona Caral Administrador","Est. reading time":"2 minutos"},"schema":{"@context":"https:\/\/schema.org","@graph":[{"@type":"Article","@id":"https:\/\/zonacaral.gob.pe\/es\/noticias\/abren-exhibicion-de-350-objetos-de-la-civilizacion-caral-en-villa-el-salvador\/#article","isPartOf":{"@id":"https:\/\/zonacaral.gob.pe\/es\/noticias\/abren-exhibicion-de-350-objetos-de-la-civilizacion-caral-en-villa-el-salvador\/"},"author":{"name":"Zona Caral Administrador","@id":"https:\/\/zonacaral.gob.pe\/es\/#\/schema\/person\/beddb4d22f71a7230c5b90913270a0ee"},"headline":"Abren exhibici\u00f3n de 350 objetos de la Civilizaci\u00f3n Caral en Villa El Salvador","datePublished":"2017-06-09T16:24:58+00:00","mainEntityOfPage":{"@id":"https:\/\/zonacaral.gob.pe\/es\/noticias\/abren-exhibicion-de-350-objetos-de-la-civilizacion-caral-en-villa-el-salvador\/"},"wordCount":345,"image":{"@id":"https:\/\/zonacaral.gob.pe\/es\/noticias\/abren-exhibicion-de-350-objetos-de-la-civilizacion-caral-en-villa-el-salvador\/#primaryimage"},"thumbnailUrl":"https:\/\/zonacaral.gob.pe\/wp-content\/uploads\/2017\/06\/andina-expo-ves.jpg","keywords":["caral","exposicion","museogr\u00e1fica","villa el salvador"],"articleSection":["noticias"],"inLanguage":"es-PE"},{"@type":"WebPage","@id":"https:\/\/zonacaral.gob.pe\/es\/noticias\/abren-exhibicion-de-350-objetos-de-la-civilizacion-caral-en-villa-el-salvador\/","url":"https:\/\/zonacaral.gob.pe\/es\/noticias\/abren-exhibicion-de-350-objetos-de-la-civilizacion-caral-en-villa-el-salvador\/","name":"Abren exhibici\u00f3n de 350 objetos de Caral en Villa El Salvador","isPartOf":{"@id":"https:\/\/zonacaral.gob.pe\/es\/#website"},"primaryImageOfPage":{"@id":"https:\/\/zonacaral.gob.pe\/es\/noticias\/abren-exhibicion-de-350-objetos-de-la-civilizacion-caral-en-villa-el-salvador\/#primaryimage"},"image":{"@id":"https:\/\/zonacaral.gob.pe\/es\/noticias\/abren-exhibicion-de-350-objetos-de-la-civilizacion-caral-en-villa-el-salvador\/#primaryimage"},"thumbnailUrl":"https:\/\/zonacaral.gob.pe\/wp-content\/uploads\/2017\/06\/andina-expo-ves.jpg","datePublished":"2017-06-09T16:24:58+00:00","author":{"@id":"https:\/\/zonacaral.gob.pe\/es\/#\/schema\/person\/beddb4d22f71a7230c5b90913270a0ee"},"description":"Se abri\u00f3 en Villa El Salvador la exposici\u00f3n museogr\u00e1fica gratuita de 350 objetos de la Civilizaci\u00f3n Caral que estar\u00e1 a disposici\u00f3n del p\u00fablico hasta el 6 de agosto. \u201cTransmisi\u00f3n de los valores de la Civilizaci\u00f3n Caral, 5000 a\u00f1os de vida organizada, en armon\u00eda entre la sociedad y la naturaleza\u201d se denomina esta exhibici\u00f3n, inform\u00f3 el Ministerio de Cultura.","breadcrumb":{"@id":"https:\/\/zonacaral.gob.pe\/es\/noticias\/abren-exhibicion-de-350-objetos-de-la-civilizacion-caral-en-villa-el-salvador\/#breadcrumb"},"inLanguage":"es-PE","potentialAction":[{"@type":"ReadAction","target":["https:\/\/zonacaral.gob.pe\/es\/noticias\/abren-exhibicion-de-350-objetos-de-la-civilizacion-caral-en-villa-el-salvador\/"]}]},{"@type":"ImageObject","inLanguage":"es-PE","@id":"https:\/\/zonacaral.gob.pe\/es\/noticias\/abren-exhibicion-de-350-objetos-de-la-civilizacion-caral-en-villa-el-salvador\/#primaryimage","url":"https:\/\/zonacaral.gob.pe\/wp-content\/uploads\/2017\/06\/andina-expo-ves.jpg","contentUrl":"https:\/\/zonacaral.gob.pe\/wp-content\/uploads\/2017\/06\/andina-expo-ves.jpg","width":800,"height":471},{"@type":"BreadcrumbList","@id":"https:\/\/zonacaral.gob.pe\/es\/noticias\/abren-exhibicion-de-350-objetos-de-la-civilizacion-caral-en-villa-el-salvador\/#breadcrumb","itemListElement":[{"@type":"ListItem","position":1,"name":"Portada","item":"https:\/\/zonacaral.gob.pe\/"},{"@type":"ListItem","position":2,"name":"Abren exhibici\u00f3n de 350 objetos de la Civilizaci\u00f3n Caral en Villa El Salvador"}]},{"@type":"WebSite","@id":"https:\/\/zonacaral.gob.pe\/es\/#website","url":"https:\/\/zonacaral.gob.pe\/es\/","name":"Zona Caral","description":"Investigamos, conservamos y difundimos el patrimonio cultural de la Civilizaci\u00f3n Caral, la m\u00e1s antigua de Am\u00e9rica.","potentialAction":[{"@type":"SearchAction","target":{"@type":"EntryPoint","urlTemplate":"https:\/\/zonacaral.gob.pe\/es\/?s={search_term_string}"},"query-input":{"@type":"PropertyValueSpecification","valueRequired":true,"valueName":"search_term_string"}}],"inLanguage":"es-PE"},{"@type":"Person","@id":"https:\/\/zonacaral.gob.pe\/es\/#\/schema\/person\/beddb4d22f71a7230c5b90913270a0ee","name":"Zona Caral Administrador","image":{"@type":"ImageObject","inLanguage":"es-PE","@id":"https:\/\/secure.gravatar.com\/avatar\/e4be162918a696358376de6446614e0f0f4062bdc5d170d6d540ada3d8b58c12?s=96&d=mm&r=g","url":"https:\/\/secure.gravatar.com\/avatar\/e4be162918a696358376de6446614e0f0f4062bdc5d170d6d540ada3d8b58c12?s=96&d=mm&r=g","contentUrl":"https:\/\/secure.gravatar.com\/avatar\/e4be162918a696358376de6446614e0f0f4062bdc5d170d6d540ada3d8b58c12?s=96&d=mm&r=g","caption":"Zona Caral Administrador"},"sameAs":["https:\/\/zonacaral.gob.pe"],"url":"https:\/\/zonacaral.gob.pe\/es\/noticias\/author\/ad_zonacaral\/"}]}},"_links":{"self":[{"href":"https:\/\/zonacaral.gob.pe\/es\/wp-json\/wp\/v2\/posts\/11536","targetHints":{"allow":["GET"]}}],"collection":[{"href":"https:\/\/zonacaral.gob.pe\/es\/wp-json\/wp\/v2\/posts"}],"about":[{"href":"https:\/\/zonacaral.gob.pe\/es\/wp-json\/wp\/v2\/types\/post"}],"author":[{"embeddable":true,"href":"https:\/\/zonacaral.gob.pe\/es\/wp-json\/wp\/v2\/users\/1"}],"replies":[{"embeddable":true,"href":"https:\/\/zonacaral.gob.pe\/es\/wp-json\/wp\/v2\/comments?post=11536"}],"version-history":[{"count":0,"href":"https:\/\/zonacaral.gob.pe\/es\/wp-json\/wp\/v2\/posts\/11536\/revisions"}],"wp:featuredmedia":[{"embeddable":true,"href":"https:\/\/zonacaral.gob.pe\/es\/wp-json\/wp\/v2\/media\/11537"}],"wp:attachment":[{"href":"https:\/\/zonacaral.gob.pe\/es\/wp-json\/wp\/v2\/media?parent=11536"}],"wp:term":[{"taxonomy":"category","embeddable":true,"href":"https:\/\/zonacaral.gob.pe\/es\/wp-json\/wp\/v2\/categories?post=11536"},{"taxonomy":"post_tag","embeddable":true,"href":"https:\/\/zonacaral.gob.pe\/es\/wp-json\/wp\/v2\/tags?post=11536"}],"curies":[{"name":"wp","href":"https:\/\/api.w.org\/{rel}","templated":true}]}}