{"id":11541,"date":"2017-06-01T11:46:57","date_gmt":"2017-06-01T16:46:57","guid":{"rendered":"http:\/\/www.zonacaral.gob.pe\/?p=11541"},"modified":"2017-06-01T11:46:57","modified_gmt":"2017-06-01T16:46:57","slug":"especialistas-recontruiran-el-rostro-de-la-dama-de-los-cuatro-tupus","status":"publish","type":"post","link":"https:\/\/zonacaral.gob.pe\/es\/noticias\/especialistas-recontruiran-el-rostro-de-la-dama-de-los-cuatro-tupus\/","title":{"rendered":"Especialistas realizan la reconstrucci\u00f3n del rostro de la Dama de los Cuatro Tupus."},"content":{"rendered":"<figure class=\"pic-autor\" style=\"color: #4d4d4d; text-align: justify;\"><\/figure>\n<blockquote>\n<p style=\"text-align: justify;\"><span style=\"color: #404040;\">La Zona Arqueol\u00f3gica Caral (ZAC) y la Universidad Inca Garcilaso de la Vega (UIGV) suscriben un importante acuerdo de cooperaci\u00f3n interinstitucional que permitir\u00e1 ejecutar el Proyecto de Reconstrucci\u00f3n Facial Forense de la Dama de los Cuatro Tupus. Con ello se busca hacer una gran contribuci\u00f3n a la cultura de nuestro pa\u00eds y difundir la historia de la civilizaci\u00f3n m\u00e1s antigua de Am\u00e9rica.<\/span><\/p>\n<\/blockquote>\n<p>Con este acuerdo, los representantes de la Facultad de Ingenier\u00eda de Sistemas, C\u00f3mputo y Telecomunicaciones (FISCT) de la UIGV, junto con el reconocido cient\u00edfico brasile\u00f1o C\u00edcero Moraes, podr\u00e1n realizar una tomograf\u00eda y el registro bioantropol\u00f3gico detallado del cr\u00e1neo de la Dama de los Cuatro Tupus, cuyo entierro fue recuperado en el edificio p\u00fablico Los \u00cddolos del sitio arqueol\u00f3gico \u00c1spero, Ciudad Pesquera de la Civilizaci\u00f3n Caral.<\/p>\n<p>El hallazgo de la Dama de los Cuatro Tupus fue presentado al mundo por la directora de la Zona Arqueol\u00f3gica Caral, doctora Ruth Shady Sol\u00eds, en abril de 2016 y fue considerado por el Instituto de Arqueolog\u00eda Americano como uno de los diez descubrimientos m\u00e1s importantes del mundo durante el pasado a\u00f1o. Los resultados de los an\u00e1lisis identificaron que se trata de un personaje de hace m\u00e1s de 4500 a\u00f1os, una mujer de aproximadamente 40 a\u00f1os. Del lugar en que fue colocado el entierro y del contexto de materiales asociados al entierro se infiere el alto estatus social que alcanz\u00f3. Durante el ritual de enterramiento fueron dispuestos, como parte del ajuar funerario, objetos muy preciados por la sociedad de \u00c1spero: cuatro tupus o prendedores con dise\u00f1os de aves y monos, finamente elaborados en huesos de animales mam\u00edferos; un collar con cuentas de Spondylus (objeto de lujo s\u00edmbolo de posici\u00f3n alta) y un dije elaborado en mineral aglomerado de silicatos con \u00f3xidos.<\/p>\n<p>La firma del convenio se desarroll\u00f3 en la sala de sesiones del Rectorado y estuvo a cargo del rector, doctor Luis Cervantes Li\u00f1\u00e1n y la directora de la ZAC, doctora Ruth Shady Sol\u00eds. En la reuni\u00f3n tambi\u00e9n estuvieron presentes el subdirector de investigaci\u00f3n y conservaci\u00f3n de materiales arqueol\u00f3gicos de la ZAC, licenciado Pedro Novoa Bellota, el decano de la FISCT-UIGV, doctor An\u00edbal Quispe Barzola, as\u00ed como el past decano de dicha facultad, doctor Eduardo Ugaz Burga.<\/p>\n<p>Tras la firma del acuerdo, la doctora Ruth Shady Sol\u00eds manifest\u00f3 su satisfacci\u00f3n por hacer realidad esta colaboraci\u00f3n mutua que contribuir\u00e1 en dar a conocer la gran importancia hist\u00f3rica que tiene la civilizaci\u00f3n de Caral para nuestro pa\u00eds, que apareci\u00f3 hace unos 5000 a\u00f1os (3000-1800 a. C.), siendo la m\u00e1s antigua del Per\u00fa y de Am\u00e9rica.<\/p>\n<p>\u201cEsta civilizaci\u00f3n entr\u00f3 a esa etapa de desarrollo antes que cualquier otra poblaci\u00f3n que ya estaba en Am\u00e9rica, demostrando que podemos asumir retos en un territorio dif\u00edcil y que hemos salido adelante con el trabajo; por ello, la sociedad civil deber\u00eda valorar esta parte de nuestra historia, lo que sin duda mejorar\u00eda la autoestima de nuestros j\u00f3venes\u201d, acot\u00f3 la reconocida arque\u00f3loga y educadora.<\/p>\n<p>Del mismo modo, la doctora Ruth Shady Sol\u00eds explic\u00f3 que actualmente est\u00e1n trabajando en once sitios arqueol\u00f3gicos porque quieren entender el sistema social y los cambios que se fueron dando a trav\u00e9s de los miles de a\u00f1os de gran prestigio que tuvo esta civilizaci\u00f3n, como por ejemplo la crisis y el colapso que ocasion\u00f3 en su momento el cambio clim\u00e1tico, lo que podr\u00eda generar reflexiones en el presente.<\/p>\n<p>Por su parte, el doctor Luis Cervantes Li\u00f1\u00e1n resalt\u00f3 el excelente trabajo que viene realizando la doctora Ruth Shady para la revalorizaci\u00f3n de la civilizaci\u00f3n Caral y sus aportes a la cultura peruana. Asimismo, expres\u00f3 el honor que representa para la Universidad Inca Garcilaso de la Vega poder contribuir a la difusi\u00f3n de la historia de nuestro pa\u00eds con el desarrollo de proyectos de innovaci\u00f3n y aplicaci\u00f3n tecnol\u00f3gica digital para la reconstrucci\u00f3n facial de la Dama de los Cuatro Tupus, hecho que trascender\u00e1 fronteras.<\/p>\n<p>Una vez culminado el acto de suscripci\u00f3n del convenio, la m\u00e1xima autoridad de la Universidad Inca Garcilaso de la Vega entreg\u00f3 a los representantes de la Zona Arqueol\u00f3gica Caral la edici\u00f3n completa de \u201cLos Comentarios Reales de los Incas\u201d, obra maestra del Inca Garcilaso de la Vega, con la edici\u00f3n del Fondo Editorial de la UIGV.<\/p>\n<figure id=\"attachment_11543\" aria-describedby=\"caption-attachment-11543\" style=\"width: 600px\" class=\"wp-caption aligncenter\"><img fetchpriority=\"high\" decoding=\"async\" class=\"wp-image-11543\" src=\"http:\/\/www.zonacaral.gob.pe\/wp-content\/uploads\/2017\/06\/2017-05-31_inca-garcilazo-dama-tupus-02.jpg\" alt=\"2017-05-31_inca-garcilazo-dama-tupus-02\" width=\"600\" height=\"377\" srcset=\"https:\/\/zonacaral.gob.pe\/wp-content\/uploads\/2017\/06\/2017-05-31_inca-garcilazo-dama-tupus-02.jpg 1000w, https:\/\/zonacaral.gob.pe\/wp-content\/uploads\/2017\/06\/2017-05-31_inca-garcilazo-dama-tupus-02-300x189.jpg 300w, https:\/\/zonacaral.gob.pe\/wp-content\/uploads\/2017\/06\/2017-05-31_inca-garcilazo-dama-tupus-02-768x483.jpg 768w\" sizes=\"(max-width: 600px) 100vw, 600px\" \/><figcaption id=\"caption-attachment-11543\" class=\"wp-caption-text\">Firma de convenio a cargo de la Dra. Ruth Shady Sol\u00eds y el Rector de la Universidad Dr. Luis Cervantes Li\u00f1an<\/figcaption><\/figure>\n<figure id=\"attachment_11621\" aria-describedby=\"caption-attachment-11621\" style=\"width: 600px\" class=\"wp-caption aligncenter\"><img decoding=\"async\" class=\"wp-image-11621\" src=\"http:\/\/www.zonacaral.gob.pe\/wp-content\/uploads\/2017\/06\/2017-05-31_inca-garcilazo-dama-tupus-04.jpg\" alt=\"2017-05-31_inca-garcilazo-dama-tupus-04\" width=\"600\" height=\"497\" srcset=\"https:\/\/zonacaral.gob.pe\/wp-content\/uploads\/2017\/06\/2017-05-31_inca-garcilazo-dama-tupus-04.jpg 800w, https:\/\/zonacaral.gob.pe\/wp-content\/uploads\/2017\/06\/2017-05-31_inca-garcilazo-dama-tupus-04-300x248.jpg 300w, https:\/\/zonacaral.gob.pe\/wp-content\/uploads\/2017\/06\/2017-05-31_inca-garcilazo-dama-tupus-04-768x636.jpg 768w\" sizes=\"(max-width: 600px) 100vw, 600px\" \/><figcaption id=\"caption-attachment-11621\" class=\"wp-caption-text\">Imagen de la Dama de los Cuatro Tupus<\/figcaption><\/figure>\n<p>&nbsp;<\/p>\n<p><strong>Fuente: Universidad Inca Garcilaso de la Vega<\/strong><\/p>\n<div style=\"color: #1f1f1f;\">\n<p style=\"text-align: justify;\">Fecha de publicaci\u00f3n: 01\/06\/2017<\/p>\n<\/div>\n","protected":false},"excerpt":{"rendered":"<p>La Zona Arqueol\u00f3gica Caral (ZAC) y la Universidad Inca Garcilaso de la Vega (UIGV) suscriben un importante acuerdo de cooperaci\u00f3n [&hellip;]<\/p>\n","protected":false},"author":1,"featured_media":11544,"comment_status":"closed","ping_status":"open","sticky":false,"template":"","format":"standard","meta":{"_acf_changed":false,"site-sidebar-layout":"default","site-content-layout":"","ast-site-content-layout":"default","site-content-style":"default","site-sidebar-style":"default","ast-global-header-display":"","ast-banner-title-visibility":"","ast-main-header-display":"","ast-hfb-above-header-display":"","ast-hfb-below-header-display":"","ast-hfb-mobile-header-display":"","site-post-title":"","ast-breadcrumbs-content":"","ast-featured-img":"","footer-sml-layout":"","ast-disable-related-posts":"","theme-transparent-header-meta":"","adv-header-id-meta":"","stick-header-meta":"","header-above-stick-meta":"","header-main-stick-meta":"","header-below-stick-meta":"","astra-migrate-meta-layouts":"default","ast-page-background-enabled":"default","ast-page-background-meta":{"desktop":{"background-color":"var(--ast-global-color-5)","background-image":"","background-repeat":"repeat","background-position":"center center","background-size":"auto","background-attachment":"scroll","background-type":"","background-media":"","overlay-type":"","overlay-color":"","overlay-opacity":"","overlay-gradient":""},"tablet":{"background-color":"","background-image":"","background-repeat":"repeat","background-position":"center center","background-size":"auto","background-attachment":"scroll","background-type":"","background-media":"","overlay-type":"","overlay-color":"","overlay-opacity":"","overlay-gradient":""},"mobile":{"background-color":"","background-image":"","background-repeat":"repeat","background-position":"center center","background-size":"auto","background-attachment":"scroll","background-type":"","background-media":"","overlay-type":"","overlay-color":"","overlay-opacity":"","overlay-gradient":""}},"ast-content-background-meta":{"desktop":{"background-color":"var(--ast-global-color-4)","background-image":"","background-repeat":"repeat","background-position":"center center","background-size":"auto","background-attachment":"scroll","background-type":"","background-media":"","overlay-type":"","overlay-color":"","overlay-opacity":"","overlay-gradient":""},"tablet":{"background-color":"var(--ast-global-color-4)","background-image":"","background-repeat":"repeat","background-position":"center center","background-size":"auto","background-attachment":"scroll","background-type":"","background-media":"","overlay-type":"","overlay-color":"","overlay-opacity":"","overlay-gradient":""},"mobile":{"background-color":"var(--ast-global-color-4)","background-image":"","background-repeat":"repeat","background-position":"center center","background-size":"auto","background-attachment":"scroll","background-type":"","background-media":"","overlay-type":"","overlay-color":"","overlay-opacity":"","overlay-gradient":""}},"footnotes":""},"categories":[208],"tags":[55,83],"class_list":["post-11541","post","type-post","status-publish","format-standard","has-post-thumbnail","hentry","category-noticias","tag-caral","tag-convenio"],"acf":[],"yoast_head":"<!-- This site is optimized with the Yoast SEO plugin v27.3 - https:\/\/yoast.com\/product\/yoast-seo-wordpress\/ -->\n<title>Especialistas reconstruir\u00e1n rostro de la Dama de los Tupus<\/title>\n<meta name=\"description\" content=\"La Zona Arqueol\u00f3gica Caral y la Universidad Inca Garcilaso de la Vega suscriben un importante acuerdo de cooperaci\u00f3n interinstitucional que permitir\u00e1 ejecutar el Proyecto de Reconstrucci\u00f3n Facial Forense de la Dama de los Cuatro Tupus. Con ello se busca hacer una gran contribuci\u00f3n a la cultura de nuestro pa\u00eds y difundir la historia de la civilizaci\u00f3n m\u00e1s antigua de Am\u00e9rica.\" \/>\n<meta name=\"robots\" content=\"index, follow, max-snippet:-1, max-image-preview:large, max-video-preview:-1\" \/>\n<link rel=\"canonical\" href=\"https:\/\/zonacaral.gob.pe\/es\/noticias\/especialistas-recontruiran-el-rostro-de-la-dama-de-los-cuatro-tupus\/\" \/>\n<meta property=\"og:locale\" content=\"es_ES\" \/>\n<meta property=\"og:type\" content=\"article\" \/>\n<meta property=\"og:title\" content=\"Especialistas reconstruir\u00e1n rostro de la Dama de los Tupus\" \/>\n<meta property=\"og:description\" content=\"La Zona Arqueol\u00f3gica Caral y la Universidad Inca Garcilaso de la Vega suscriben un importante acuerdo de cooperaci\u00f3n interinstitucional que permitir\u00e1 ejecutar el Proyecto de Reconstrucci\u00f3n Facial Forense de la Dama de los Cuatro Tupus. Con ello se busca hacer una gran contribuci\u00f3n a la cultura de nuestro pa\u00eds y difundir la historia de la civilizaci\u00f3n m\u00e1s antigua de Am\u00e9rica.\" \/>\n<meta property=\"og:url\" content=\"https:\/\/zonacaral.gob.pe\/es\/noticias\/especialistas-recontruiran-el-rostro-de-la-dama-de-los-cuatro-tupus\/\" \/>\n<meta property=\"og:site_name\" content=\"Zona Caral\" \/>\n<meta property=\"article:published_time\" content=\"2017-06-01T16:46:57+00:00\" \/>\n<meta property=\"og:image\" content=\"https:\/\/zonacaral.gob.pe\/wp-content\/uploads\/2017\/06\/2017-05-31_inca-garcilazo-dama-tupus-01.jpg\" \/>\n\t<meta property=\"og:image:width\" content=\"800\" \/>\n\t<meta property=\"og:image:height\" content=\"510\" \/>\n\t<meta property=\"og:image:type\" content=\"image\/jpeg\" \/>\n<meta name=\"author\" content=\"Zona Caral Administrador\" \/>\n<meta name=\"twitter:card\" content=\"summary_large_image\" \/>\n<meta name=\"twitter:label1\" content=\"Written by\" \/>\n\t<meta name=\"twitter:data1\" content=\"Zona Caral Administrador\" \/>\n\t<meta name=\"twitter:label2\" content=\"Est. reading time\" \/>\n\t<meta name=\"twitter:data2\" content=\"4 minutos\" \/>\n<script type=\"application\/ld+json\" class=\"yoast-schema-graph\">{\"@context\":\"https:\\\/\\\/schema.org\",\"@graph\":[{\"@type\":\"Article\",\"@id\":\"https:\\\/\\\/zonacaral.gob.pe\\\/es\\\/noticias\\\/especialistas-recontruiran-el-rostro-de-la-dama-de-los-cuatro-tupus\\\/#article\",\"isPartOf\":{\"@id\":\"https:\\\/\\\/zonacaral.gob.pe\\\/es\\\/noticias\\\/especialistas-recontruiran-el-rostro-de-la-dama-de-los-cuatro-tupus\\\/\"},\"author\":{\"name\":\"Zona Caral Administrador\",\"@id\":\"https:\\\/\\\/zonacaral.gob.pe\\\/es\\\/#\\\/schema\\\/person\\\/beddb4d22f71a7230c5b90913270a0ee\"},\"headline\":\"Especialistas realizan la reconstrucci\u00f3n del rostro de la Dama de los Cuatro Tupus.\",\"datePublished\":\"2017-06-01T16:46:57+00:00\",\"mainEntityOfPage\":{\"@id\":\"https:\\\/\\\/zonacaral.gob.pe\\\/es\\\/noticias\\\/especialistas-recontruiran-el-rostro-de-la-dama-de-los-cuatro-tupus\\\/\"},\"wordCount\":838,\"image\":{\"@id\":\"https:\\\/\\\/zonacaral.gob.pe\\\/es\\\/noticias\\\/especialistas-recontruiran-el-rostro-de-la-dama-de-los-cuatro-tupus\\\/#primaryimage\"},\"thumbnailUrl\":\"https:\\\/\\\/zonacaral.gob.pe\\\/wp-content\\\/uploads\\\/2017\\\/06\\\/2017-05-31_inca-garcilazo-dama-tupus-01.jpg\",\"keywords\":[\"caral\",\"convenio\"],\"articleSection\":[\"noticias\"],\"inLanguage\":\"es-PE\"},{\"@type\":\"WebPage\",\"@id\":\"https:\\\/\\\/zonacaral.gob.pe\\\/es\\\/noticias\\\/especialistas-recontruiran-el-rostro-de-la-dama-de-los-cuatro-tupus\\\/\",\"url\":\"https:\\\/\\\/zonacaral.gob.pe\\\/es\\\/noticias\\\/especialistas-recontruiran-el-rostro-de-la-dama-de-los-cuatro-tupus\\\/\",\"name\":\"Especialistas reconstruir\u00e1n rostro de la Dama de los Tupus\",\"isPartOf\":{\"@id\":\"https:\\\/\\\/zonacaral.gob.pe\\\/es\\\/#website\"},\"primaryImageOfPage\":{\"@id\":\"https:\\\/\\\/zonacaral.gob.pe\\\/es\\\/noticias\\\/especialistas-recontruiran-el-rostro-de-la-dama-de-los-cuatro-tupus\\\/#primaryimage\"},\"image\":{\"@id\":\"https:\\\/\\\/zonacaral.gob.pe\\\/es\\\/noticias\\\/especialistas-recontruiran-el-rostro-de-la-dama-de-los-cuatro-tupus\\\/#primaryimage\"},\"thumbnailUrl\":\"https:\\\/\\\/zonacaral.gob.pe\\\/wp-content\\\/uploads\\\/2017\\\/06\\\/2017-05-31_inca-garcilazo-dama-tupus-01.jpg\",\"datePublished\":\"2017-06-01T16:46:57+00:00\",\"author\":{\"@id\":\"https:\\\/\\\/zonacaral.gob.pe\\\/es\\\/#\\\/schema\\\/person\\\/beddb4d22f71a7230c5b90913270a0ee\"},\"description\":\"La Zona Arqueol\u00f3gica Caral y la Universidad Inca Garcilaso de la Vega suscriben un importante acuerdo de cooperaci\u00f3n interinstitucional que permitir\u00e1 ejecutar el Proyecto de Reconstrucci\u00f3n Facial Forense de la Dama de los Cuatro Tupus. Con ello se busca hacer una gran contribuci\u00f3n a la cultura de nuestro pa\u00eds y difundir la historia de la civilizaci\u00f3n m\u00e1s antigua de Am\u00e9rica.\",\"breadcrumb\":{\"@id\":\"https:\\\/\\\/zonacaral.gob.pe\\\/es\\\/noticias\\\/especialistas-recontruiran-el-rostro-de-la-dama-de-los-cuatro-tupus\\\/#breadcrumb\"},\"inLanguage\":\"es-PE\",\"potentialAction\":[{\"@type\":\"ReadAction\",\"target\":[\"https:\\\/\\\/zonacaral.gob.pe\\\/es\\\/noticias\\\/especialistas-recontruiran-el-rostro-de-la-dama-de-los-cuatro-tupus\\\/\"]}]},{\"@type\":\"ImageObject\",\"inLanguage\":\"es-PE\",\"@id\":\"https:\\\/\\\/zonacaral.gob.pe\\\/es\\\/noticias\\\/especialistas-recontruiran-el-rostro-de-la-dama-de-los-cuatro-tupus\\\/#primaryimage\",\"url\":\"https:\\\/\\\/zonacaral.gob.pe\\\/wp-content\\\/uploads\\\/2017\\\/06\\\/2017-05-31_inca-garcilazo-dama-tupus-01.jpg\",\"contentUrl\":\"https:\\\/\\\/zonacaral.gob.pe\\\/wp-content\\\/uploads\\\/2017\\\/06\\\/2017-05-31_inca-garcilazo-dama-tupus-01.jpg\",\"width\":800,\"height\":510},{\"@type\":\"BreadcrumbList\",\"@id\":\"https:\\\/\\\/zonacaral.gob.pe\\\/es\\\/noticias\\\/especialistas-recontruiran-el-rostro-de-la-dama-de-los-cuatro-tupus\\\/#breadcrumb\",\"itemListElement\":[{\"@type\":\"ListItem\",\"position\":1,\"name\":\"Portada\",\"item\":\"https:\\\/\\\/zonacaral.gob.pe\\\/\"},{\"@type\":\"ListItem\",\"position\":2,\"name\":\"Especialistas realizan la reconstrucci\u00f3n del rostro de la Dama de los Cuatro Tupus.\"}]},{\"@type\":\"WebSite\",\"@id\":\"https:\\\/\\\/zonacaral.gob.pe\\\/es\\\/#website\",\"url\":\"https:\\\/\\\/zonacaral.gob.pe\\\/es\\\/\",\"name\":\"Zona Caral\",\"description\":\"Investigamos, conservamos y difundimos el patrimonio cultural de la Civilizaci\u00f3n Caral, la m\u00e1s antigua de Am\u00e9rica.\",\"potentialAction\":[{\"@type\":\"SearchAction\",\"target\":{\"@type\":\"EntryPoint\",\"urlTemplate\":\"https:\\\/\\\/zonacaral.gob.pe\\\/es\\\/?s={search_term_string}\"},\"query-input\":{\"@type\":\"PropertyValueSpecification\",\"valueRequired\":true,\"valueName\":\"search_term_string\"}}],\"inLanguage\":\"es-PE\"},{\"@type\":\"Person\",\"@id\":\"https:\\\/\\\/zonacaral.gob.pe\\\/es\\\/#\\\/schema\\\/person\\\/beddb4d22f71a7230c5b90913270a0ee\",\"name\":\"Zona Caral Administrador\",\"image\":{\"@type\":\"ImageObject\",\"inLanguage\":\"es-PE\",\"@id\":\"https:\\\/\\\/secure.gravatar.com\\\/avatar\\\/e4be162918a696358376de6446614e0f0f4062bdc5d170d6d540ada3d8b58c12?s=96&d=mm&r=g\",\"url\":\"https:\\\/\\\/secure.gravatar.com\\\/avatar\\\/e4be162918a696358376de6446614e0f0f4062bdc5d170d6d540ada3d8b58c12?s=96&d=mm&r=g\",\"contentUrl\":\"https:\\\/\\\/secure.gravatar.com\\\/avatar\\\/e4be162918a696358376de6446614e0f0f4062bdc5d170d6d540ada3d8b58c12?s=96&d=mm&r=g\",\"caption\":\"Zona Caral Administrador\"},\"sameAs\":[\"https:\\\/\\\/zonacaral.gob.pe\"],\"url\":\"https:\\\/\\\/zonacaral.gob.pe\\\/es\\\/noticias\\\/author\\\/ad_zonacaral\\\/\"}]}<\/script>\n<!-- \/ Yoast SEO plugin. -->","yoast_head_json":{"title":"Especialistas reconstruir\u00e1n rostro de la Dama de los Tupus","description":"La Zona Arqueol\u00f3gica Caral y la Universidad Inca Garcilaso de la Vega suscriben un importante acuerdo de cooperaci\u00f3n interinstitucional que permitir\u00e1 ejecutar el Proyecto de Reconstrucci\u00f3n Facial Forense de la Dama de los Cuatro Tupus. Con ello se busca hacer una gran contribuci\u00f3n a la cultura de nuestro pa\u00eds y difundir la historia de la civilizaci\u00f3n m\u00e1s antigua de Am\u00e9rica.","robots":{"index":"index","follow":"follow","max-snippet":"max-snippet:-1","max-image-preview":"max-image-preview:large","max-video-preview":"max-video-preview:-1"},"canonical":"https:\/\/zonacaral.gob.pe\/es\/noticias\/especialistas-recontruiran-el-rostro-de-la-dama-de-los-cuatro-tupus\/","og_locale":"es_ES","og_type":"article","og_title":"Especialistas reconstruir\u00e1n rostro de la Dama de los Tupus","og_description":"La Zona Arqueol\u00f3gica Caral y la Universidad Inca Garcilaso de la Vega suscriben un importante acuerdo de cooperaci\u00f3n interinstitucional que permitir\u00e1 ejecutar el Proyecto de Reconstrucci\u00f3n Facial Forense de la Dama de los Cuatro Tupus. Con ello se busca hacer una gran contribuci\u00f3n a la cultura de nuestro pa\u00eds y difundir la historia de la civilizaci\u00f3n m\u00e1s antigua de Am\u00e9rica.","og_url":"https:\/\/zonacaral.gob.pe\/es\/noticias\/especialistas-recontruiran-el-rostro-de-la-dama-de-los-cuatro-tupus\/","og_site_name":"Zona Caral","article_published_time":"2017-06-01T16:46:57+00:00","og_image":[{"width":800,"height":510,"url":"https:\/\/zonacaral.gob.pe\/wp-content\/uploads\/2017\/06\/2017-05-31_inca-garcilazo-dama-tupus-01.jpg","type":"image\/jpeg"}],"author":"Zona Caral Administrador","twitter_card":"summary_large_image","twitter_misc":{"Written by":"Zona Caral Administrador","Est. reading time":"4 minutos"},"schema":{"@context":"https:\/\/schema.org","@graph":[{"@type":"Article","@id":"https:\/\/zonacaral.gob.pe\/es\/noticias\/especialistas-recontruiran-el-rostro-de-la-dama-de-los-cuatro-tupus\/#article","isPartOf":{"@id":"https:\/\/zonacaral.gob.pe\/es\/noticias\/especialistas-recontruiran-el-rostro-de-la-dama-de-los-cuatro-tupus\/"},"author":{"name":"Zona Caral Administrador","@id":"https:\/\/zonacaral.gob.pe\/es\/#\/schema\/person\/beddb4d22f71a7230c5b90913270a0ee"},"headline":"Especialistas realizan la reconstrucci\u00f3n del rostro de la Dama de los Cuatro Tupus.","datePublished":"2017-06-01T16:46:57+00:00","mainEntityOfPage":{"@id":"https:\/\/zonacaral.gob.pe\/es\/noticias\/especialistas-recontruiran-el-rostro-de-la-dama-de-los-cuatro-tupus\/"},"wordCount":838,"image":{"@id":"https:\/\/zonacaral.gob.pe\/es\/noticias\/especialistas-recontruiran-el-rostro-de-la-dama-de-los-cuatro-tupus\/#primaryimage"},"thumbnailUrl":"https:\/\/zonacaral.gob.pe\/wp-content\/uploads\/2017\/06\/2017-05-31_inca-garcilazo-dama-tupus-01.jpg","keywords":["caral","convenio"],"articleSection":["noticias"],"inLanguage":"es-PE"},{"@type":"WebPage","@id":"https:\/\/zonacaral.gob.pe\/es\/noticias\/especialistas-recontruiran-el-rostro-de-la-dama-de-los-cuatro-tupus\/","url":"https:\/\/zonacaral.gob.pe\/es\/noticias\/especialistas-recontruiran-el-rostro-de-la-dama-de-los-cuatro-tupus\/","name":"Especialistas reconstruir\u00e1n rostro de la Dama de los Tupus","isPartOf":{"@id":"https:\/\/zonacaral.gob.pe\/es\/#website"},"primaryImageOfPage":{"@id":"https:\/\/zonacaral.gob.pe\/es\/noticias\/especialistas-recontruiran-el-rostro-de-la-dama-de-los-cuatro-tupus\/#primaryimage"},"image":{"@id":"https:\/\/zonacaral.gob.pe\/es\/noticias\/especialistas-recontruiran-el-rostro-de-la-dama-de-los-cuatro-tupus\/#primaryimage"},"thumbnailUrl":"https:\/\/zonacaral.gob.pe\/wp-content\/uploads\/2017\/06\/2017-05-31_inca-garcilazo-dama-tupus-01.jpg","datePublished":"2017-06-01T16:46:57+00:00","author":{"@id":"https:\/\/zonacaral.gob.pe\/es\/#\/schema\/person\/beddb4d22f71a7230c5b90913270a0ee"},"description":"La Zona Arqueol\u00f3gica Caral y la Universidad Inca Garcilaso de la Vega suscriben un importante acuerdo de cooperaci\u00f3n interinstitucional que permitir\u00e1 ejecutar el Proyecto de Reconstrucci\u00f3n Facial Forense de la Dama de los Cuatro Tupus. Con ello se busca hacer una gran contribuci\u00f3n a la cultura de nuestro pa\u00eds y difundir la historia de la civilizaci\u00f3n m\u00e1s antigua de Am\u00e9rica.","breadcrumb":{"@id":"https:\/\/zonacaral.gob.pe\/es\/noticias\/especialistas-recontruiran-el-rostro-de-la-dama-de-los-cuatro-tupus\/#breadcrumb"},"inLanguage":"es-PE","potentialAction":[{"@type":"ReadAction","target":["https:\/\/zonacaral.gob.pe\/es\/noticias\/especialistas-recontruiran-el-rostro-de-la-dama-de-los-cuatro-tupus\/"]}]},{"@type":"ImageObject","inLanguage":"es-PE","@id":"https:\/\/zonacaral.gob.pe\/es\/noticias\/especialistas-recontruiran-el-rostro-de-la-dama-de-los-cuatro-tupus\/#primaryimage","url":"https:\/\/zonacaral.gob.pe\/wp-content\/uploads\/2017\/06\/2017-05-31_inca-garcilazo-dama-tupus-01.jpg","contentUrl":"https:\/\/zonacaral.gob.pe\/wp-content\/uploads\/2017\/06\/2017-05-31_inca-garcilazo-dama-tupus-01.jpg","width":800,"height":510},{"@type":"BreadcrumbList","@id":"https:\/\/zonacaral.gob.pe\/es\/noticias\/especialistas-recontruiran-el-rostro-de-la-dama-de-los-cuatro-tupus\/#breadcrumb","itemListElement":[{"@type":"ListItem","position":1,"name":"Portada","item":"https:\/\/zonacaral.gob.pe\/"},{"@type":"ListItem","position":2,"name":"Especialistas realizan la reconstrucci\u00f3n del rostro de la Dama de los Cuatro Tupus."}]},{"@type":"WebSite","@id":"https:\/\/zonacaral.gob.pe\/es\/#website","url":"https:\/\/zonacaral.gob.pe\/es\/","name":"Zona Caral","description":"Investigamos, conservamos y difundimos el patrimonio cultural de la Civilizaci\u00f3n Caral, la m\u00e1s antigua de Am\u00e9rica.","potentialAction":[{"@type":"SearchAction","target":{"@type":"EntryPoint","urlTemplate":"https:\/\/zonacaral.gob.pe\/es\/?s={search_term_string}"},"query-input":{"@type":"PropertyValueSpecification","valueRequired":true,"valueName":"search_term_string"}}],"inLanguage":"es-PE"},{"@type":"Person","@id":"https:\/\/zonacaral.gob.pe\/es\/#\/schema\/person\/beddb4d22f71a7230c5b90913270a0ee","name":"Zona Caral Administrador","image":{"@type":"ImageObject","inLanguage":"es-PE","@id":"https:\/\/secure.gravatar.com\/avatar\/e4be162918a696358376de6446614e0f0f4062bdc5d170d6d540ada3d8b58c12?s=96&d=mm&r=g","url":"https:\/\/secure.gravatar.com\/avatar\/e4be162918a696358376de6446614e0f0f4062bdc5d170d6d540ada3d8b58c12?s=96&d=mm&r=g","contentUrl":"https:\/\/secure.gravatar.com\/avatar\/e4be162918a696358376de6446614e0f0f4062bdc5d170d6d540ada3d8b58c12?s=96&d=mm&r=g","caption":"Zona Caral Administrador"},"sameAs":["https:\/\/zonacaral.gob.pe"],"url":"https:\/\/zonacaral.gob.pe\/es\/noticias\/author\/ad_zonacaral\/"}]}},"_links":{"self":[{"href":"https:\/\/zonacaral.gob.pe\/es\/wp-json\/wp\/v2\/posts\/11541","targetHints":{"allow":["GET"]}}],"collection":[{"href":"https:\/\/zonacaral.gob.pe\/es\/wp-json\/wp\/v2\/posts"}],"about":[{"href":"https:\/\/zonacaral.gob.pe\/es\/wp-json\/wp\/v2\/types\/post"}],"author":[{"embeddable":true,"href":"https:\/\/zonacaral.gob.pe\/es\/wp-json\/wp\/v2\/users\/1"}],"replies":[{"embeddable":true,"href":"https:\/\/zonacaral.gob.pe\/es\/wp-json\/wp\/v2\/comments?post=11541"}],"version-history":[{"count":0,"href":"https:\/\/zonacaral.gob.pe\/es\/wp-json\/wp\/v2\/posts\/11541\/revisions"}],"wp:featuredmedia":[{"embeddable":true,"href":"https:\/\/zonacaral.gob.pe\/es\/wp-json\/wp\/v2\/media\/11544"}],"wp:attachment":[{"href":"https:\/\/zonacaral.gob.pe\/es\/wp-json\/wp\/v2\/media?parent=11541"}],"wp:term":[{"taxonomy":"category","embeddable":true,"href":"https:\/\/zonacaral.gob.pe\/es\/wp-json\/wp\/v2\/categories?post=11541"},{"taxonomy":"post_tag","embeddable":true,"href":"https:\/\/zonacaral.gob.pe\/es\/wp-json\/wp\/v2\/tags?post=11541"}],"curies":[{"name":"wp","href":"https:\/\/api.w.org\/{rel}","templated":true}]}}