{"id":11624,"date":"2017-07-25T11:40:34","date_gmt":"2017-07-25T16:40:34","guid":{"rendered":"http:\/\/www.zonacaral.gob.pe\/?p=11624"},"modified":"2017-07-25T11:40:34","modified_gmt":"2017-07-25T16:40:34","slug":"la-civilizacion-caral-participara-en-la-22-feria-internacional-del-libro-fil-lima","status":"publish","type":"post","link":"https:\/\/zonacaral.gob.pe\/es\/noticias\/la-civilizacion-caral-participara-en-la-22-feria-internacional-del-libro-fil-lima\/","title":{"rendered":"La Civilizaci\u00f3n Caral participara en la 22\u00b0 Feria Internacional del Libro \u2013 FIL LIMA"},"content":{"rendered":"<figure class=\"pic-autor\" style=\"color: #4d4d4d; text-align: justify;\"><\/figure>\n<blockquote>\n<p style=\"text-align: justify;\">Se presentar\u00e1n las \u00faltimas publicaciones sobre la investigaci\u00f3n en los centros urbanos de la Civilizaci\u00f3n Caral. Vis\u00edtenos en el stand n\u00b0 61.<\/p>\n<\/blockquote>\n<p>La Zona Arqueol\u00f3gica Caral (ZAC), unidad ejecutora 003 del Ministerio de Cultura, responsable de las actividades de investigaci\u00f3n, conservaci\u00f3n y difusi\u00f3n de los valores sociales y culturales de Caral, la civilizaci\u00f3n m\u00e1s antigua de Am\u00e9rica (3000-1900 a.C.); participa en la Feria Internacional del Libro \u2013 FIL Lima 2017 con las siguientes actividades:<\/p>\n<ul>\n<li>Exhibici\u00f3n-venta de publicaciones sobre la investigaci\u00f3n en el emblem\u00e1tico sitio Ciudad Sagrada de Caral, Patrimonio Mundial (UNESCO, 2009) y en otros nueve sitios arqueol\u00f3gicos en la cuenca de Supe: Chupacigarro, Miraya, Lurihuasi, Allpacoto, Pueblo Nuevo, Piedra Parada, El Molino, Era de Pando y \u00c1spero; adem\u00e1s del sitio arqueol\u00f3gico Vichama, en la cuenca de Huaura. Esta actividad se realizar\u00e1 desde el 21 de julio hasta el 6 de agosto, en el horario de 11:00 am a 9:30 pm.<\/li>\n<li>Conferencia: \u201cLos valores de la civilizaci\u00f3n Caral y el patrimonio cultural como eje del desarrollo social\u201d, a cargo del arque\u00f3logo Pedro Novoa, Subdirector de Investigaci\u00f3n y An\u00e1lisis de Materiales de la ZAC y del arquitecto Yoshio Cano, Jefe de Dise\u00f1o Museogr\u00e1fico y Arquitectura de la ZAC. La actividad se llevar\u00e1 a cabo el viernes 4 de agosto, de 4:00 pm a 4:45 pm, en el auditorio Cesar Vallejo.<\/li>\n<li>Taller de cer\u00e1mica para ni\u00f1os \u201cModelando en arcilla a la civilizaci\u00f3n Caral\u201d, a cargo del ingeniero Mois\u00e9s Paucar Gonzales, miembro del equipo de Relaciones Comunitarias de la ZAC. Esta actividad se desarrollar\u00e1 el viernes 4 de agosto, de 4:00 pm a 6:00 pm, en la biblioteca infantil municipal.<\/li>\n<\/ul>\n<p><strong>Fuente: <span style=\"color: #993300;\"><a href=\"http:\/\/peruenpositivo.com\/la-civilizacion-caral-participara-en-la-22-feria-internacional-del-libro-fil-lima\/\"><span style=\"color: #993300;\">Per\u00fa en Positivo<\/span><\/a><\/span><\/strong><\/p>\n<div style=\"color: #1f1f1f;\">\n<p style=\"text-align: justify;\">Fecha de publicaci\u00f3n: 24\/07\/2017<\/p>\n<\/div>\n","protected":false},"excerpt":{"rendered":"<p>Se presentar\u00e1n las \u00faltimas publicaciones sobre la investigaci\u00f3n en los centros urbanos de la Civilizaci\u00f3n Caral. Vis\u00edtenos en el stand [&hellip;]<\/p>\n","protected":false},"author":1,"featured_media":11627,"comment_status":"closed","ping_status":"open","sticky":false,"template":"","format":"standard","meta":{"_acf_changed":false,"site-sidebar-layout":"default","site-content-layout":"","ast-site-content-layout":"default","site-content-style":"default","site-sidebar-style":"default","ast-global-header-display":"","ast-banner-title-visibility":"","ast-main-header-display":"","ast-hfb-above-header-display":"","ast-hfb-below-header-display":"","ast-hfb-mobile-header-display":"","site-post-title":"","ast-breadcrumbs-content":"","ast-featured-img":"","footer-sml-layout":"","ast-disable-related-posts":"","theme-transparent-header-meta":"","adv-header-id-meta":"","stick-header-meta":"","header-above-stick-meta":"","header-main-stick-meta":"","header-below-stick-meta":"","astra-migrate-meta-layouts":"default","ast-page-background-enabled":"default","ast-page-background-meta":{"desktop":{"background-color":"var(--ast-global-color-5)","background-image":"","background-repeat":"repeat","background-position":"center center","background-size":"auto","background-attachment":"scroll","background-type":"","background-media":"","overlay-type":"","overlay-color":"","overlay-opacity":"","overlay-gradient":""},"tablet":{"background-color":"","background-image":"","background-repeat":"repeat","background-position":"center center","background-size":"auto","background-attachment":"scroll","background-type":"","background-media":"","overlay-type":"","overlay-color":"","overlay-opacity":"","overlay-gradient":""},"mobile":{"background-color":"","background-image":"","background-repeat":"repeat","background-position":"center center","background-size":"auto","background-attachment":"scroll","background-type":"","background-media":"","overlay-type":"","overlay-color":"","overlay-opacity":"","overlay-gradient":""}},"ast-content-background-meta":{"desktop":{"background-color":"var(--ast-global-color-4)","background-image":"","background-repeat":"repeat","background-position":"center center","background-size":"auto","background-attachment":"scroll","background-type":"","background-media":"","overlay-type":"","overlay-color":"","overlay-opacity":"","overlay-gradient":""},"tablet":{"background-color":"var(--ast-global-color-4)","background-image":"","background-repeat":"repeat","background-position":"center center","background-size":"auto","background-attachment":"scroll","background-type":"","background-media":"","overlay-type":"","overlay-color":"","overlay-opacity":"","overlay-gradient":""},"mobile":{"background-color":"var(--ast-global-color-4)","background-image":"","background-repeat":"repeat","background-position":"center center","background-size":"auto","background-attachment":"scroll","background-type":"","background-media":"","overlay-type":"","overlay-color":"","overlay-opacity":"","overlay-gradient":""}},"footnotes":""},"categories":[208],"tags":[55,123,130,131],"class_list":["post-11624","post","type-post","status-publish","format-standard","has-post-thumbnail","hentry","category-noticias","tag-caral","tag-exposicion","tag-museografica","tag-villa-el-salvador"],"acf":[],"yoast_head":"<!-- This site is optimized with the Yoast SEO plugin v27.3 - https:\/\/yoast.com\/product\/yoast-seo-wordpress\/ -->\n<title>La Civilizaci\u00f3n Caral participara en la 22\u00b0 FIL LIMA<\/title>\n<meta name=\"description\" content=\"Se presentar\u00e1n las \u00faltimas publicaciones sobre la investigaci\u00f3n en los centros urbanos de la Civilizaci\u00f3n Caral. Vis\u00edtenos en el stand n\u00b0 61.\" \/>\n<meta name=\"robots\" content=\"index, follow, max-snippet:-1, max-image-preview:large, max-video-preview:-1\" \/>\n<link rel=\"canonical\" href=\"https:\/\/zonacaral.gob.pe\/es\/noticias\/la-civilizacion-caral-participara-en-la-22-feria-internacional-del-libro-fil-lima\/\" \/>\n<meta property=\"og:locale\" content=\"es_ES\" \/>\n<meta property=\"og:type\" content=\"article\" \/>\n<meta property=\"og:title\" content=\"La Civilizaci\u00f3n Caral participara en la 22\u00b0 FIL LIMA\" \/>\n<meta property=\"og:description\" content=\"Se presentar\u00e1n las \u00faltimas publicaciones sobre la investigaci\u00f3n en los centros urbanos de la Civilizaci\u00f3n Caral. Vis\u00edtenos en el stand n\u00b0 61.\" \/>\n<meta property=\"og:url\" content=\"https:\/\/zonacaral.gob.pe\/es\/noticias\/la-civilizacion-caral-participara-en-la-22-feria-internacional-del-libro-fil-lima\/\" \/>\n<meta property=\"og:site_name\" content=\"Zona Caral\" \/>\n<meta property=\"article:published_time\" content=\"2017-07-25T16:40:34+00:00\" \/>\n<meta property=\"og:image\" content=\"https:\/\/zonacaral.gob.pe\/wp-content\/uploads\/2017\/07\/POST-FERIA-LIBRO-BOOKS.jpg\" \/>\n\t<meta property=\"og:image:width\" content=\"1000\" \/>\n\t<meta property=\"og:image:height\" content=\"714\" \/>\n\t<meta property=\"og:image:type\" content=\"image\/jpeg\" \/>\n<meta name=\"author\" content=\"Zona Caral Administrador\" \/>\n<meta name=\"twitter:card\" content=\"summary_large_image\" \/>\n<meta name=\"twitter:label1\" content=\"Written by\" \/>\n\t<meta name=\"twitter:data1\" content=\"Zona Caral Administrador\" \/>\n\t<meta name=\"twitter:label2\" content=\"Est. reading time\" \/>\n\t<meta name=\"twitter:data2\" content=\"1 minuto\" \/>\n<script type=\"application\/ld+json\" class=\"yoast-schema-graph\">{\"@context\":\"https:\\\/\\\/schema.org\",\"@graph\":[{\"@type\":\"Article\",\"@id\":\"https:\\\/\\\/zonacaral.gob.pe\\\/es\\\/noticias\\\/la-civilizacion-caral-participara-en-la-22-feria-internacional-del-libro-fil-lima\\\/#article\",\"isPartOf\":{\"@id\":\"https:\\\/\\\/zonacaral.gob.pe\\\/es\\\/noticias\\\/la-civilizacion-caral-participara-en-la-22-feria-internacional-del-libro-fil-lima\\\/\"},\"author\":{\"name\":\"Zona Caral Administrador\",\"@id\":\"https:\\\/\\\/zonacaral.gob.pe\\\/es\\\/#\\\/schema\\\/person\\\/beddb4d22f71a7230c5b90913270a0ee\"},\"headline\":\"La Civilizaci\u00f3n Caral participara en la 22\u00b0 Feria Internacional del Libro \u2013 FIL LIMA\",\"datePublished\":\"2017-07-25T16:40:34+00:00\",\"mainEntityOfPage\":{\"@id\":\"https:\\\/\\\/zonacaral.gob.pe\\\/es\\\/noticias\\\/la-civilizacion-caral-participara-en-la-22-feria-internacional-del-libro-fil-lima\\\/\"},\"wordCount\":301,\"image\":{\"@id\":\"https:\\\/\\\/zonacaral.gob.pe\\\/es\\\/noticias\\\/la-civilizacion-caral-participara-en-la-22-feria-internacional-del-libro-fil-lima\\\/#primaryimage\"},\"thumbnailUrl\":\"https:\\\/\\\/zonacaral.gob.pe\\\/wp-content\\\/uploads\\\/2017\\\/07\\\/POST-FERIA-LIBRO-BOOKS.jpg\",\"keywords\":[\"caral\",\"exposicion\",\"museogr\u00e1fica\",\"villa el salvador\"],\"articleSection\":[\"noticias\"],\"inLanguage\":\"es-PE\"},{\"@type\":\"WebPage\",\"@id\":\"https:\\\/\\\/zonacaral.gob.pe\\\/es\\\/noticias\\\/la-civilizacion-caral-participara-en-la-22-feria-internacional-del-libro-fil-lima\\\/\",\"url\":\"https:\\\/\\\/zonacaral.gob.pe\\\/es\\\/noticias\\\/la-civilizacion-caral-participara-en-la-22-feria-internacional-del-libro-fil-lima\\\/\",\"name\":\"La Civilizaci\u00f3n Caral participara en la 22\u00b0 FIL LIMA\",\"isPartOf\":{\"@id\":\"https:\\\/\\\/zonacaral.gob.pe\\\/es\\\/#website\"},\"primaryImageOfPage\":{\"@id\":\"https:\\\/\\\/zonacaral.gob.pe\\\/es\\\/noticias\\\/la-civilizacion-caral-participara-en-la-22-feria-internacional-del-libro-fil-lima\\\/#primaryimage\"},\"image\":{\"@id\":\"https:\\\/\\\/zonacaral.gob.pe\\\/es\\\/noticias\\\/la-civilizacion-caral-participara-en-la-22-feria-internacional-del-libro-fil-lima\\\/#primaryimage\"},\"thumbnailUrl\":\"https:\\\/\\\/zonacaral.gob.pe\\\/wp-content\\\/uploads\\\/2017\\\/07\\\/POST-FERIA-LIBRO-BOOKS.jpg\",\"datePublished\":\"2017-07-25T16:40:34+00:00\",\"author\":{\"@id\":\"https:\\\/\\\/zonacaral.gob.pe\\\/es\\\/#\\\/schema\\\/person\\\/beddb4d22f71a7230c5b90913270a0ee\"},\"description\":\"Se presentar\u00e1n las \u00faltimas publicaciones sobre la investigaci\u00f3n en los centros urbanos de la Civilizaci\u00f3n Caral. Vis\u00edtenos en el stand n\u00b0 61.\",\"breadcrumb\":{\"@id\":\"https:\\\/\\\/zonacaral.gob.pe\\\/es\\\/noticias\\\/la-civilizacion-caral-participara-en-la-22-feria-internacional-del-libro-fil-lima\\\/#breadcrumb\"},\"inLanguage\":\"es-PE\",\"potentialAction\":[{\"@type\":\"ReadAction\",\"target\":[\"https:\\\/\\\/zonacaral.gob.pe\\\/es\\\/noticias\\\/la-civilizacion-caral-participara-en-la-22-feria-internacional-del-libro-fil-lima\\\/\"]}]},{\"@type\":\"ImageObject\",\"inLanguage\":\"es-PE\",\"@id\":\"https:\\\/\\\/zonacaral.gob.pe\\\/es\\\/noticias\\\/la-civilizacion-caral-participara-en-la-22-feria-internacional-del-libro-fil-lima\\\/#primaryimage\",\"url\":\"https:\\\/\\\/zonacaral.gob.pe\\\/wp-content\\\/uploads\\\/2017\\\/07\\\/POST-FERIA-LIBRO-BOOKS.jpg\",\"contentUrl\":\"https:\\\/\\\/zonacaral.gob.pe\\\/wp-content\\\/uploads\\\/2017\\\/07\\\/POST-FERIA-LIBRO-BOOKS.jpg\",\"width\":1000,\"height\":714},{\"@type\":\"BreadcrumbList\",\"@id\":\"https:\\\/\\\/zonacaral.gob.pe\\\/es\\\/noticias\\\/la-civilizacion-caral-participara-en-la-22-feria-internacional-del-libro-fil-lima\\\/#breadcrumb\",\"itemListElement\":[{\"@type\":\"ListItem\",\"position\":1,\"name\":\"Portada\",\"item\":\"https:\\\/\\\/zonacaral.gob.pe\\\/\"},{\"@type\":\"ListItem\",\"position\":2,\"name\":\"La Civilizaci\u00f3n Caral participara en la 22\u00b0 Feria Internacional del Libro \u2013 FIL LIMA\"}]},{\"@type\":\"WebSite\",\"@id\":\"https:\\\/\\\/zonacaral.gob.pe\\\/es\\\/#website\",\"url\":\"https:\\\/\\\/zonacaral.gob.pe\\\/es\\\/\",\"name\":\"Zona Caral\",\"description\":\"Investigamos, conservamos y difundimos el patrimonio cultural de la Civilizaci\u00f3n Caral, la m\u00e1s antigua de Am\u00e9rica.\",\"potentialAction\":[{\"@type\":\"SearchAction\",\"target\":{\"@type\":\"EntryPoint\",\"urlTemplate\":\"https:\\\/\\\/zonacaral.gob.pe\\\/es\\\/?s={search_term_string}\"},\"query-input\":{\"@type\":\"PropertyValueSpecification\",\"valueRequired\":true,\"valueName\":\"search_term_string\"}}],\"inLanguage\":\"es-PE\"},{\"@type\":\"Person\",\"@id\":\"https:\\\/\\\/zonacaral.gob.pe\\\/es\\\/#\\\/schema\\\/person\\\/beddb4d22f71a7230c5b90913270a0ee\",\"name\":\"Zona Caral Administrador\",\"image\":{\"@type\":\"ImageObject\",\"inLanguage\":\"es-PE\",\"@id\":\"https:\\\/\\\/secure.gravatar.com\\\/avatar\\\/e4be162918a696358376de6446614e0f0f4062bdc5d170d6d540ada3d8b58c12?s=96&d=mm&r=g\",\"url\":\"https:\\\/\\\/secure.gravatar.com\\\/avatar\\\/e4be162918a696358376de6446614e0f0f4062bdc5d170d6d540ada3d8b58c12?s=96&d=mm&r=g\",\"contentUrl\":\"https:\\\/\\\/secure.gravatar.com\\\/avatar\\\/e4be162918a696358376de6446614e0f0f4062bdc5d170d6d540ada3d8b58c12?s=96&d=mm&r=g\",\"caption\":\"Zona Caral Administrador\"},\"sameAs\":[\"https:\\\/\\\/zonacaral.gob.pe\"],\"url\":\"https:\\\/\\\/zonacaral.gob.pe\\\/es\\\/noticias\\\/author\\\/ad_zonacaral\\\/\"}]}<\/script>\n<!-- \/ Yoast SEO plugin. -->","yoast_head_json":{"title":"La Civilizaci\u00f3n Caral participara en la 22\u00b0 FIL LIMA","description":"Se presentar\u00e1n las \u00faltimas publicaciones sobre la investigaci\u00f3n en los centros urbanos de la Civilizaci\u00f3n Caral. Vis\u00edtenos en el stand n\u00b0 61.","robots":{"index":"index","follow":"follow","max-snippet":"max-snippet:-1","max-image-preview":"max-image-preview:large","max-video-preview":"max-video-preview:-1"},"canonical":"https:\/\/zonacaral.gob.pe\/es\/noticias\/la-civilizacion-caral-participara-en-la-22-feria-internacional-del-libro-fil-lima\/","og_locale":"es_ES","og_type":"article","og_title":"La Civilizaci\u00f3n Caral participara en la 22\u00b0 FIL LIMA","og_description":"Se presentar\u00e1n las \u00faltimas publicaciones sobre la investigaci\u00f3n en los centros urbanos de la Civilizaci\u00f3n Caral. Vis\u00edtenos en el stand n\u00b0 61.","og_url":"https:\/\/zonacaral.gob.pe\/es\/noticias\/la-civilizacion-caral-participara-en-la-22-feria-internacional-del-libro-fil-lima\/","og_site_name":"Zona Caral","article_published_time":"2017-07-25T16:40:34+00:00","og_image":[{"width":1000,"height":714,"url":"https:\/\/zonacaral.gob.pe\/wp-content\/uploads\/2017\/07\/POST-FERIA-LIBRO-BOOKS.jpg","type":"image\/jpeg"}],"author":"Zona Caral Administrador","twitter_card":"summary_large_image","twitter_misc":{"Written by":"Zona Caral Administrador","Est. reading time":"1 minuto"},"schema":{"@context":"https:\/\/schema.org","@graph":[{"@type":"Article","@id":"https:\/\/zonacaral.gob.pe\/es\/noticias\/la-civilizacion-caral-participara-en-la-22-feria-internacional-del-libro-fil-lima\/#article","isPartOf":{"@id":"https:\/\/zonacaral.gob.pe\/es\/noticias\/la-civilizacion-caral-participara-en-la-22-feria-internacional-del-libro-fil-lima\/"},"author":{"name":"Zona Caral Administrador","@id":"https:\/\/zonacaral.gob.pe\/es\/#\/schema\/person\/beddb4d22f71a7230c5b90913270a0ee"},"headline":"La Civilizaci\u00f3n Caral participara en la 22\u00b0 Feria Internacional del Libro \u2013 FIL LIMA","datePublished":"2017-07-25T16:40:34+00:00","mainEntityOfPage":{"@id":"https:\/\/zonacaral.gob.pe\/es\/noticias\/la-civilizacion-caral-participara-en-la-22-feria-internacional-del-libro-fil-lima\/"},"wordCount":301,"image":{"@id":"https:\/\/zonacaral.gob.pe\/es\/noticias\/la-civilizacion-caral-participara-en-la-22-feria-internacional-del-libro-fil-lima\/#primaryimage"},"thumbnailUrl":"https:\/\/zonacaral.gob.pe\/wp-content\/uploads\/2017\/07\/POST-FERIA-LIBRO-BOOKS.jpg","keywords":["caral","exposicion","museogr\u00e1fica","villa el salvador"],"articleSection":["noticias"],"inLanguage":"es-PE"},{"@type":"WebPage","@id":"https:\/\/zonacaral.gob.pe\/es\/noticias\/la-civilizacion-caral-participara-en-la-22-feria-internacional-del-libro-fil-lima\/","url":"https:\/\/zonacaral.gob.pe\/es\/noticias\/la-civilizacion-caral-participara-en-la-22-feria-internacional-del-libro-fil-lima\/","name":"La Civilizaci\u00f3n Caral participara en la 22\u00b0 FIL LIMA","isPartOf":{"@id":"https:\/\/zonacaral.gob.pe\/es\/#website"},"primaryImageOfPage":{"@id":"https:\/\/zonacaral.gob.pe\/es\/noticias\/la-civilizacion-caral-participara-en-la-22-feria-internacional-del-libro-fil-lima\/#primaryimage"},"image":{"@id":"https:\/\/zonacaral.gob.pe\/es\/noticias\/la-civilizacion-caral-participara-en-la-22-feria-internacional-del-libro-fil-lima\/#primaryimage"},"thumbnailUrl":"https:\/\/zonacaral.gob.pe\/wp-content\/uploads\/2017\/07\/POST-FERIA-LIBRO-BOOKS.jpg","datePublished":"2017-07-25T16:40:34+00:00","author":{"@id":"https:\/\/zonacaral.gob.pe\/es\/#\/schema\/person\/beddb4d22f71a7230c5b90913270a0ee"},"description":"Se presentar\u00e1n las \u00faltimas publicaciones sobre la investigaci\u00f3n en los centros urbanos de la Civilizaci\u00f3n Caral. Vis\u00edtenos en el stand n\u00b0 61.","breadcrumb":{"@id":"https:\/\/zonacaral.gob.pe\/es\/noticias\/la-civilizacion-caral-participara-en-la-22-feria-internacional-del-libro-fil-lima\/#breadcrumb"},"inLanguage":"es-PE","potentialAction":[{"@type":"ReadAction","target":["https:\/\/zonacaral.gob.pe\/es\/noticias\/la-civilizacion-caral-participara-en-la-22-feria-internacional-del-libro-fil-lima\/"]}]},{"@type":"ImageObject","inLanguage":"es-PE","@id":"https:\/\/zonacaral.gob.pe\/es\/noticias\/la-civilizacion-caral-participara-en-la-22-feria-internacional-del-libro-fil-lima\/#primaryimage","url":"https:\/\/zonacaral.gob.pe\/wp-content\/uploads\/2017\/07\/POST-FERIA-LIBRO-BOOKS.jpg","contentUrl":"https:\/\/zonacaral.gob.pe\/wp-content\/uploads\/2017\/07\/POST-FERIA-LIBRO-BOOKS.jpg","width":1000,"height":714},{"@type":"BreadcrumbList","@id":"https:\/\/zonacaral.gob.pe\/es\/noticias\/la-civilizacion-caral-participara-en-la-22-feria-internacional-del-libro-fil-lima\/#breadcrumb","itemListElement":[{"@type":"ListItem","position":1,"name":"Portada","item":"https:\/\/zonacaral.gob.pe\/"},{"@type":"ListItem","position":2,"name":"La Civilizaci\u00f3n Caral participara en la 22\u00b0 Feria Internacional del Libro \u2013 FIL LIMA"}]},{"@type":"WebSite","@id":"https:\/\/zonacaral.gob.pe\/es\/#website","url":"https:\/\/zonacaral.gob.pe\/es\/","name":"Zona Caral","description":"Investigamos, conservamos y difundimos el patrimonio cultural de la Civilizaci\u00f3n Caral, la m\u00e1s antigua de Am\u00e9rica.","potentialAction":[{"@type":"SearchAction","target":{"@type":"EntryPoint","urlTemplate":"https:\/\/zonacaral.gob.pe\/es\/?s={search_term_string}"},"query-input":{"@type":"PropertyValueSpecification","valueRequired":true,"valueName":"search_term_string"}}],"inLanguage":"es-PE"},{"@type":"Person","@id":"https:\/\/zonacaral.gob.pe\/es\/#\/schema\/person\/beddb4d22f71a7230c5b90913270a0ee","name":"Zona Caral Administrador","image":{"@type":"ImageObject","inLanguage":"es-PE","@id":"https:\/\/secure.gravatar.com\/avatar\/e4be162918a696358376de6446614e0f0f4062bdc5d170d6d540ada3d8b58c12?s=96&d=mm&r=g","url":"https:\/\/secure.gravatar.com\/avatar\/e4be162918a696358376de6446614e0f0f4062bdc5d170d6d540ada3d8b58c12?s=96&d=mm&r=g","contentUrl":"https:\/\/secure.gravatar.com\/avatar\/e4be162918a696358376de6446614e0f0f4062bdc5d170d6d540ada3d8b58c12?s=96&d=mm&r=g","caption":"Zona Caral Administrador"},"sameAs":["https:\/\/zonacaral.gob.pe"],"url":"https:\/\/zonacaral.gob.pe\/es\/noticias\/author\/ad_zonacaral\/"}]}},"_links":{"self":[{"href":"https:\/\/zonacaral.gob.pe\/es\/wp-json\/wp\/v2\/posts\/11624","targetHints":{"allow":["GET"]}}],"collection":[{"href":"https:\/\/zonacaral.gob.pe\/es\/wp-json\/wp\/v2\/posts"}],"about":[{"href":"https:\/\/zonacaral.gob.pe\/es\/wp-json\/wp\/v2\/types\/post"}],"author":[{"embeddable":true,"href":"https:\/\/zonacaral.gob.pe\/es\/wp-json\/wp\/v2\/users\/1"}],"replies":[{"embeddable":true,"href":"https:\/\/zonacaral.gob.pe\/es\/wp-json\/wp\/v2\/comments?post=11624"}],"version-history":[{"count":0,"href":"https:\/\/zonacaral.gob.pe\/es\/wp-json\/wp\/v2\/posts\/11624\/revisions"}],"wp:featuredmedia":[{"embeddable":true,"href":"https:\/\/zonacaral.gob.pe\/es\/wp-json\/wp\/v2\/media\/11627"}],"wp:attachment":[{"href":"https:\/\/zonacaral.gob.pe\/es\/wp-json\/wp\/v2\/media?parent=11624"}],"wp:term":[{"taxonomy":"category","embeddable":true,"href":"https:\/\/zonacaral.gob.pe\/es\/wp-json\/wp\/v2\/categories?post=11624"},{"taxonomy":"post_tag","embeddable":true,"href":"https:\/\/zonacaral.gob.pe\/es\/wp-json\/wp\/v2\/tags?post=11624"}],"curies":[{"name":"wp","href":"https:\/\/api.w.org\/{rel}","templated":true}]}}