{"id":11629,"date":"2017-07-22T12:48:12","date_gmt":"2017-07-22T17:48:12","guid":{"rendered":"http:\/\/www.zonacaral.gob.pe\/?p=11629"},"modified":"2017-07-22T12:48:12","modified_gmt":"2017-07-22T17:48:12","slug":"fiestas-patrias-oportunidad-para-visitar-la-ciudad-sagrada-de-caral-aspero-y-vichama","status":"publish","type":"post","link":"https:\/\/zonacaral.gob.pe\/es\/noticias\/fiestas-patrias-oportunidad-para-visitar-la-ciudad-sagrada-de-caral-aspero-y-vichama\/","title":{"rendered":"Fiestas Patrias: oportunidad para visitar la Ciudad Sagrada de Caral, \u00c1spero y Vichama"},"content":{"rendered":"<figure class=\"pic-autor\" style=\"color: #4d4d4d; text-align: justify;\"><\/figure>\n<blockquote>\n<p style=\"text-align: justify;\">Se presentar\u00e1n las \u00faltimas publicaciones sobre la investigaci\u00f3n en los centros urbanos de la Civilizaci\u00f3n Caral. Vis\u00edtenos en el stand n\u00b0 61.<\/p>\n<\/blockquote>\n<p>Durante el fin de semana largo por Fiestas Patrias, del 27 al 30 de julio, los sitios arqueol\u00f3gicos: Ciudad Sagrada de Caral (Patrimonio Mundial, UNESCO 2009), \u00c1spero y Vichama atender\u00e1n al p\u00fablico de manera habitual, inform\u00f3 el Ministerio de Cultura. Los sitios arqueol\u00f3gicos Ciudad Sagrada de Caral, \u00c1spero y Vichama cuentan con instalaciones para recibir adecuadamente a los visitantes. El Centro de Recepci\u00f3n dispone de boleter\u00eda, estacionamientos para autos y buses, servicios higi\u00e9nicos, comedores, m\u00f3dulos de artesanos, una tienda de recuerdos y publicaciones sobre la Civilizaci\u00f3n Caral y un Centro de Interpretaci\u00f3n. Cada sitio arqueol\u00f3gico ha sido implementado con un Circuito de Visita.<\/p>\n<p>Durante el recorrido por el sitio arqueol\u00f3gico Ciudad Sagrada de Caral los visitantes podr\u00e1n apreciar el centro urbano, edificado en la margen izquierda del r\u00edo Supe, en la denominada Zona Capital de la Civilizaci\u00f3n Caral. Asimismo, podr\u00e1n conocer el trabajo que realiza el personal profesional y t\u00e9cnico de la Zona Arqueol\u00f3gica Caral en las \u00e1reas de excavaci\u00f3n, investigaci\u00f3n, conservaci\u00f3n y puesta en valor. Tambi\u00e9n podr\u00e1n visitar el Centro de Interpretaci\u00f3n y la exposici\u00f3n museogr\u00e1fica \u00abT\u00fanel de la Ciencia: Caral, 5000 a\u00f1os de producci\u00f3n de conocimientos en Ciencia y Tecnolog\u00eda\u00bb.<\/p>\n<p>El recorrido en el sitio arqueol\u00f3gico de Vichama, la Ciudad Agropesquera permitir\u00e1 apreciar sus conjuntos arquitect\u00f3nicos dispuestos seg\u00fan un dise\u00f1o urbano planificado y las expresiones de su organizaci\u00f3n social y sistema religioso. En el a\u00f1o 2015, fueron halladas tres esculturas de barro no cocido, que fueran consideradas por la National Geographic Society como uno de los diez hallazgos m\u00e1s destacados en ese mismo a\u00f1o.<\/p>\n<p>La visita al sitio arqueol\u00f3gico de \u00c1spero, la Ciudad Pesquera de la Civilizaci\u00f3n Caral comprende un recorrido por las principales edificaciones como el edificio piramidal Las Flautas donde, en un recinto ceremonial, fueron encontrados los instrumentos musicales de \u00c1spero, un conjunto de ocho flautas traversas. Del mismo modo, el edificio p\u00fablico Los \u00cddolos, donde fue recuperado el entierro de la \u201cDama de los Cuatro Tupus\u201d de 4500 a\u00f1os de antig\u00fcedad, considerado por el Instituto de Arqueolog\u00eda de Am\u00e9rica como uno de los diez descubrimientos m\u00e1s importantes del mundo en el a\u00f1o 2016.<\/p>\n<p>La Zona Arqueol\u00f3gica Caral tambi\u00e9n organiza un Programa de Viajes Educativos. Se trata de un servicio cultural orientado a la difusi\u00f3n de la historia social recuperada en la Ciudad Sagrada de Caral y los centros urbanos de la Civilizaci\u00f3n Caral: \u00c1spero, Ciudad Pesquera y Vichama, Ciudad Agropesquera; as\u00ed tambi\u00e9n busca promocionarlos como destinos tur\u00edsticos. El programa se desarrolla en un d\u00eda e incluye: transporte, guiado, almuerzo y tickets de entrada a los destinos de la Civilizaci\u00f3n Caral. Las salidas son semanales, todos los s\u00e1bados y domingos de cada mes.<\/p>\n<p><img fetchpriority=\"high\" decoding=\"async\" class=\"alignnone\" src=\"http:\/\/portal.andina.com.pe\/EDPFotografia3\/thumbnail\/2017\/07\/21\/000437056M.jpg\" alt=\"\" width=\"500\" height=\"337\" \/><\/p>\n<p>Sito arqueol\u00f3gico de Caral Tomar el desv\u00edo que se encuentra a la altura del kil\u00f3metro 184 de la carretera Panamericana Norte, ingresar al valle de Supe, provincia de Barranca, departamento de Lima.<\/p>\n<p><img decoding=\"async\" class=\"alignnone\" src=\"http:\/\/portal.andina.com.pe\/EDPFotografia3\/thumbnail\/2017\/07\/21\/000437055M.jpg\" alt=\"\" width=\"500\" height=\"378\" \/><\/p>\n<p>Sito arqueol\u00f3gico de \u00c1spero Seguir por el desv\u00edo que se encuentra a la altura del kil\u00f3metro 192 de la carretera Panamericana Norte, hacia el distrito de Supe Puerto en la provincia de Barranca, departamento de Lima.<\/p>\n<p><img decoding=\"async\" class=\"alignnone\" src=\"http:\/\/portal.andina.com.pe\/EDPFotografia3\/thumbnail\/2016\/12\/23\/000394936M.jpg\" alt=\"\" width=\"500\" height=\"337\" \/><\/p>\n<p>Sitio arqueol\u00f3gico de Vichama Tomar el desv\u00edo que se encuentra a la altura del kil\u00f3metro 159 de la carretera Panamericana Norte, hacia el distrito de V\u00e9gueta en la provincia de Huaura, departamento de Lima.<\/p>\n<p>Horario de atenci\u00f3n De lunes a domingo, incluso feriados, de 9:00 a.m. a 4:00 p.m. Para mayor informaci\u00f3n puede comunicarse con la Oficina de Promoci\u00f3n Tur\u00edstica de la Zona Arqueol\u00f3gica Caral a los tel\u00e9fonos 205 2517 \/ 955 881 340 \/ RPM *0054155 o escriba a: viajeseducativos@zonacaral.gob.pe<\/p>\n<p><strong>Fuente:\u00a0<span style=\"color: #993300;\"><a href=\"http:\/\/www.andina.com.pe\/agencia\/noticia-fiestas-patrias-oportunidad-para-visitar-ciudad-sagrada-caral-aspero-y-vichama-675745.aspx\"><span style=\"color: #993300;\">Agencia Andina<\/span><\/a><\/span><\/strong><\/p>\n<div style=\"color: #1f1f1f;\">\n<p style=\"text-align: justify;\">Fecha de publicaci\u00f3n: 22\/07\/2017<\/p>\n<\/div>\n","protected":false},"excerpt":{"rendered":"<p>Se presentar\u00e1n las \u00faltimas publicaciones sobre la investigaci\u00f3n en los centros urbanos de la Civilizaci\u00f3n Caral. Vis\u00edtenos en el stand [&hellip;]<\/p>\n","protected":false},"author":1,"featured_media":11632,"comment_status":"closed","ping_status":"open","sticky":false,"template":"","format":"standard","meta":{"_acf_changed":false,"site-sidebar-layout":"default","site-content-layout":"","ast-site-content-layout":"default","site-content-style":"default","site-sidebar-style":"default","ast-global-header-display":"","ast-banner-title-visibility":"","ast-main-header-display":"","ast-hfb-above-header-display":"","ast-hfb-below-header-display":"","ast-hfb-mobile-header-display":"","site-post-title":"","ast-breadcrumbs-content":"","ast-featured-img":"","footer-sml-layout":"","ast-disable-related-posts":"","theme-transparent-header-meta":"","adv-header-id-meta":"","stick-header-meta":"","header-above-stick-meta":"","header-main-stick-meta":"","header-below-stick-meta":"","astra-migrate-meta-layouts":"default","ast-page-background-enabled":"default","ast-page-background-meta":{"desktop":{"background-color":"var(--ast-global-color-5)","background-image":"","background-repeat":"repeat","background-position":"center center","background-size":"auto","background-attachment":"scroll","background-type":"","background-media":"","overlay-type":"","overlay-color":"","overlay-opacity":"","overlay-gradient":""},"tablet":{"background-color":"","background-image":"","background-repeat":"repeat","background-position":"center center","background-size":"auto","background-attachment":"scroll","background-type":"","background-media":"","overlay-type":"","overlay-color":"","overlay-opacity":"","overlay-gradient":""},"mobile":{"background-color":"","background-image":"","background-repeat":"repeat","background-position":"center center","background-size":"auto","background-attachment":"scroll","background-type":"","background-media":"","overlay-type":"","overlay-color":"","overlay-opacity":"","overlay-gradient":""}},"ast-content-background-meta":{"desktop":{"background-color":"var(--ast-global-color-4)","background-image":"","background-repeat":"repeat","background-position":"center center","background-size":"auto","background-attachment":"scroll","background-type":"","background-media":"","overlay-type":"","overlay-color":"","overlay-opacity":"","overlay-gradient":""},"tablet":{"background-color":"var(--ast-global-color-4)","background-image":"","background-repeat":"repeat","background-position":"center center","background-size":"auto","background-attachment":"scroll","background-type":"","background-media":"","overlay-type":"","overlay-color":"","overlay-opacity":"","overlay-gradient":""},"mobile":{"background-color":"var(--ast-global-color-4)","background-image":"","background-repeat":"repeat","background-position":"center center","background-size":"auto","background-attachment":"scroll","background-type":"","background-media":"","overlay-type":"","overlay-color":"","overlay-opacity":"","overlay-gradient":""}},"footnotes":""},"categories":[208],"tags":[63,55,132,61],"class_list":["post-11629","post","type-post","status-publish","format-standard","has-post-thumbnail","hentry","category-noticias","tag-aspero","tag-caral","tag-fiestas-patrias","tag-vichama"],"acf":[],"yoast_head":"<!-- This site is optimized with the Yoast SEO plugin v27.3 - https:\/\/yoast.com\/product\/yoast-seo-wordpress\/ -->\n<title>Fiestas Patrias: oportunidad para visitar Caral, \u00c1spero y Vichama<\/title>\n<meta name=\"description\" content=\"Durante el fin de semana largo por Fiestas Patrias, del 27 al 30 de julio, los sitios arqueol\u00f3gicos: Ciudad Sagrada de Caral (Patrimonio Mundial, UNESCO 2009), \u00c1spero y Vichama atender\u00e1n al p\u00fablico de manera habitual, inform\u00f3 el Ministerio de Cultura. Comparte informaci\u00f3n, comparte valores \u00a9 Copyright Agencia Peruana de noticias Andina\" \/>\n<meta name=\"robots\" content=\"index, follow, max-snippet:-1, max-image-preview:large, max-video-preview:-1\" \/>\n<link rel=\"canonical\" href=\"https:\/\/zonacaral.gob.pe\/es\/noticias\/fiestas-patrias-oportunidad-para-visitar-la-ciudad-sagrada-de-caral-aspero-y-vichama\/\" \/>\n<meta property=\"og:locale\" content=\"es_ES\" \/>\n<meta property=\"og:type\" content=\"article\" \/>\n<meta property=\"og:title\" content=\"Fiestas Patrias: oportunidad para visitar Caral, \u00c1spero y Vichama\" \/>\n<meta property=\"og:description\" content=\"Durante el fin de semana largo por Fiestas Patrias, del 27 al 30 de julio, los sitios arqueol\u00f3gicos: Ciudad Sagrada de Caral (Patrimonio Mundial, UNESCO 2009), \u00c1spero y Vichama atender\u00e1n al p\u00fablico de manera habitual, inform\u00f3 el Ministerio de Cultura. Comparte informaci\u00f3n, comparte valores \u00a9 Copyright Agencia Peruana de noticias Andina\" \/>\n<meta property=\"og:url\" content=\"https:\/\/zonacaral.gob.pe\/es\/noticias\/fiestas-patrias-oportunidad-para-visitar-la-ciudad-sagrada-de-caral-aspero-y-vichama\/\" \/>\n<meta property=\"og:site_name\" content=\"Zona Caral\" \/>\n<meta property=\"article:published_time\" content=\"2017-07-22T17:48:12+00:00\" \/>\n<meta property=\"og:image\" content=\"https:\/\/zonacaral.gob.pe\/wp-content\/uploads\/2017\/07\/SALIDA.jpg\" \/>\n\t<meta property=\"og:image:width\" content=\"800\" \/>\n\t<meta property=\"og:image:height\" content=\"442\" \/>\n\t<meta property=\"og:image:type\" content=\"image\/jpeg\" \/>\n<meta name=\"author\" content=\"Zona Caral Administrador\" \/>\n<meta name=\"twitter:card\" content=\"summary_large_image\" \/>\n<meta name=\"twitter:label1\" content=\"Written by\" \/>\n\t<meta name=\"twitter:data1\" content=\"Zona Caral Administrador\" \/>\n\t<meta name=\"twitter:label2\" content=\"Est. reading time\" \/>\n\t<meta name=\"twitter:data2\" content=\"3 minutos\" \/>\n<script type=\"application\/ld+json\" class=\"yoast-schema-graph\">{\"@context\":\"https:\\\/\\\/schema.org\",\"@graph\":[{\"@type\":\"Article\",\"@id\":\"https:\\\/\\\/zonacaral.gob.pe\\\/es\\\/noticias\\\/fiestas-patrias-oportunidad-para-visitar-la-ciudad-sagrada-de-caral-aspero-y-vichama\\\/#article\",\"isPartOf\":{\"@id\":\"https:\\\/\\\/zonacaral.gob.pe\\\/es\\\/noticias\\\/fiestas-patrias-oportunidad-para-visitar-la-ciudad-sagrada-de-caral-aspero-y-vichama\\\/\"},\"author\":{\"name\":\"Zona Caral Administrador\",\"@id\":\"https:\\\/\\\/zonacaral.gob.pe\\\/es\\\/#\\\/schema\\\/person\\\/beddb4d22f71a7230c5b90913270a0ee\"},\"headline\":\"Fiestas Patrias: oportunidad para visitar la Ciudad Sagrada de Caral, \u00c1spero y Vichama\",\"datePublished\":\"2017-07-22T17:48:12+00:00\",\"mainEntityOfPage\":{\"@id\":\"https:\\\/\\\/zonacaral.gob.pe\\\/es\\\/noticias\\\/fiestas-patrias-oportunidad-para-visitar-la-ciudad-sagrada-de-caral-aspero-y-vichama\\\/\"},\"wordCount\":688,\"image\":{\"@id\":\"https:\\\/\\\/zonacaral.gob.pe\\\/es\\\/noticias\\\/fiestas-patrias-oportunidad-para-visitar-la-ciudad-sagrada-de-caral-aspero-y-vichama\\\/#primaryimage\"},\"thumbnailUrl\":\"https:\\\/\\\/zonacaral.gob.pe\\\/wp-content\\\/uploads\\\/2017\\\/07\\\/SALIDA.jpg\",\"keywords\":[\"Aspero\",\"caral\",\"fiestas patrias\",\"vichama\"],\"articleSection\":[\"noticias\"],\"inLanguage\":\"es-PE\"},{\"@type\":\"WebPage\",\"@id\":\"https:\\\/\\\/zonacaral.gob.pe\\\/es\\\/noticias\\\/fiestas-patrias-oportunidad-para-visitar-la-ciudad-sagrada-de-caral-aspero-y-vichama\\\/\",\"url\":\"https:\\\/\\\/zonacaral.gob.pe\\\/es\\\/noticias\\\/fiestas-patrias-oportunidad-para-visitar-la-ciudad-sagrada-de-caral-aspero-y-vichama\\\/\",\"name\":\"Fiestas Patrias: oportunidad para visitar Caral, \u00c1spero y Vichama\",\"isPartOf\":{\"@id\":\"https:\\\/\\\/zonacaral.gob.pe\\\/es\\\/#website\"},\"primaryImageOfPage\":{\"@id\":\"https:\\\/\\\/zonacaral.gob.pe\\\/es\\\/noticias\\\/fiestas-patrias-oportunidad-para-visitar-la-ciudad-sagrada-de-caral-aspero-y-vichama\\\/#primaryimage\"},\"image\":{\"@id\":\"https:\\\/\\\/zonacaral.gob.pe\\\/es\\\/noticias\\\/fiestas-patrias-oportunidad-para-visitar-la-ciudad-sagrada-de-caral-aspero-y-vichama\\\/#primaryimage\"},\"thumbnailUrl\":\"https:\\\/\\\/zonacaral.gob.pe\\\/wp-content\\\/uploads\\\/2017\\\/07\\\/SALIDA.jpg\",\"datePublished\":\"2017-07-22T17:48:12+00:00\",\"author\":{\"@id\":\"https:\\\/\\\/zonacaral.gob.pe\\\/es\\\/#\\\/schema\\\/person\\\/beddb4d22f71a7230c5b90913270a0ee\"},\"description\":\"Durante el fin de semana largo por Fiestas Patrias, del 27 al 30 de julio, los sitios arqueol\u00f3gicos: Ciudad Sagrada de Caral (Patrimonio Mundial, UNESCO 2009), \u00c1spero y Vichama atender\u00e1n al p\u00fablico de manera habitual, inform\u00f3 el Ministerio de Cultura. Comparte informaci\u00f3n, comparte valores \u00a9 Copyright Agencia Peruana de noticias Andina\",\"breadcrumb\":{\"@id\":\"https:\\\/\\\/zonacaral.gob.pe\\\/es\\\/noticias\\\/fiestas-patrias-oportunidad-para-visitar-la-ciudad-sagrada-de-caral-aspero-y-vichama\\\/#breadcrumb\"},\"inLanguage\":\"es-PE\",\"potentialAction\":[{\"@type\":\"ReadAction\",\"target\":[\"https:\\\/\\\/zonacaral.gob.pe\\\/es\\\/noticias\\\/fiestas-patrias-oportunidad-para-visitar-la-ciudad-sagrada-de-caral-aspero-y-vichama\\\/\"]}]},{\"@type\":\"ImageObject\",\"inLanguage\":\"es-PE\",\"@id\":\"https:\\\/\\\/zonacaral.gob.pe\\\/es\\\/noticias\\\/fiestas-patrias-oportunidad-para-visitar-la-ciudad-sagrada-de-caral-aspero-y-vichama\\\/#primaryimage\",\"url\":\"https:\\\/\\\/zonacaral.gob.pe\\\/wp-content\\\/uploads\\\/2017\\\/07\\\/SALIDA.jpg\",\"contentUrl\":\"https:\\\/\\\/zonacaral.gob.pe\\\/wp-content\\\/uploads\\\/2017\\\/07\\\/SALIDA.jpg\",\"width\":800,\"height\":442},{\"@type\":\"BreadcrumbList\",\"@id\":\"https:\\\/\\\/zonacaral.gob.pe\\\/es\\\/noticias\\\/fiestas-patrias-oportunidad-para-visitar-la-ciudad-sagrada-de-caral-aspero-y-vichama\\\/#breadcrumb\",\"itemListElement\":[{\"@type\":\"ListItem\",\"position\":1,\"name\":\"Portada\",\"item\":\"https:\\\/\\\/zonacaral.gob.pe\\\/\"},{\"@type\":\"ListItem\",\"position\":2,\"name\":\"Fiestas Patrias: oportunidad para visitar la Ciudad Sagrada de Caral, \u00c1spero y Vichama\"}]},{\"@type\":\"WebSite\",\"@id\":\"https:\\\/\\\/zonacaral.gob.pe\\\/es\\\/#website\",\"url\":\"https:\\\/\\\/zonacaral.gob.pe\\\/es\\\/\",\"name\":\"Zona Caral\",\"description\":\"Investigamos, conservamos y difundimos el patrimonio cultural de la Civilizaci\u00f3n Caral, la m\u00e1s antigua de Am\u00e9rica.\",\"potentialAction\":[{\"@type\":\"SearchAction\",\"target\":{\"@type\":\"EntryPoint\",\"urlTemplate\":\"https:\\\/\\\/zonacaral.gob.pe\\\/es\\\/?s={search_term_string}\"},\"query-input\":{\"@type\":\"PropertyValueSpecification\",\"valueRequired\":true,\"valueName\":\"search_term_string\"}}],\"inLanguage\":\"es-PE\"},{\"@type\":\"Person\",\"@id\":\"https:\\\/\\\/zonacaral.gob.pe\\\/es\\\/#\\\/schema\\\/person\\\/beddb4d22f71a7230c5b90913270a0ee\",\"name\":\"Zona Caral Administrador\",\"image\":{\"@type\":\"ImageObject\",\"inLanguage\":\"es-PE\",\"@id\":\"https:\\\/\\\/secure.gravatar.com\\\/avatar\\\/e4be162918a696358376de6446614e0f0f4062bdc5d170d6d540ada3d8b58c12?s=96&d=mm&r=g\",\"url\":\"https:\\\/\\\/secure.gravatar.com\\\/avatar\\\/e4be162918a696358376de6446614e0f0f4062bdc5d170d6d540ada3d8b58c12?s=96&d=mm&r=g\",\"contentUrl\":\"https:\\\/\\\/secure.gravatar.com\\\/avatar\\\/e4be162918a696358376de6446614e0f0f4062bdc5d170d6d540ada3d8b58c12?s=96&d=mm&r=g\",\"caption\":\"Zona Caral Administrador\"},\"sameAs\":[\"https:\\\/\\\/zonacaral.gob.pe\"],\"url\":\"https:\\\/\\\/zonacaral.gob.pe\\\/es\\\/noticias\\\/author\\\/ad_zonacaral\\\/\"}]}<\/script>\n<!-- \/ Yoast SEO plugin. -->","yoast_head_json":{"title":"Fiestas Patrias: oportunidad para visitar Caral, \u00c1spero y Vichama","description":"Durante el fin de semana largo por Fiestas Patrias, del 27 al 30 de julio, los sitios arqueol\u00f3gicos: Ciudad Sagrada de Caral (Patrimonio Mundial, UNESCO 2009), \u00c1spero y Vichama atender\u00e1n al p\u00fablico de manera habitual, inform\u00f3 el Ministerio de Cultura. Comparte informaci\u00f3n, comparte valores \u00a9 Copyright Agencia Peruana de noticias Andina","robots":{"index":"index","follow":"follow","max-snippet":"max-snippet:-1","max-image-preview":"max-image-preview:large","max-video-preview":"max-video-preview:-1"},"canonical":"https:\/\/zonacaral.gob.pe\/es\/noticias\/fiestas-patrias-oportunidad-para-visitar-la-ciudad-sagrada-de-caral-aspero-y-vichama\/","og_locale":"es_ES","og_type":"article","og_title":"Fiestas Patrias: oportunidad para visitar Caral, \u00c1spero y Vichama","og_description":"Durante el fin de semana largo por Fiestas Patrias, del 27 al 30 de julio, los sitios arqueol\u00f3gicos: Ciudad Sagrada de Caral (Patrimonio Mundial, UNESCO 2009), \u00c1spero y Vichama atender\u00e1n al p\u00fablico de manera habitual, inform\u00f3 el Ministerio de Cultura. Comparte informaci\u00f3n, comparte valores \u00a9 Copyright Agencia Peruana de noticias Andina","og_url":"https:\/\/zonacaral.gob.pe\/es\/noticias\/fiestas-patrias-oportunidad-para-visitar-la-ciudad-sagrada-de-caral-aspero-y-vichama\/","og_site_name":"Zona Caral","article_published_time":"2017-07-22T17:48:12+00:00","og_image":[{"width":800,"height":442,"url":"https:\/\/zonacaral.gob.pe\/wp-content\/uploads\/2017\/07\/SALIDA.jpg","type":"image\/jpeg"}],"author":"Zona Caral Administrador","twitter_card":"summary_large_image","twitter_misc":{"Written by":"Zona Caral Administrador","Est. reading time":"3 minutos"},"schema":{"@context":"https:\/\/schema.org","@graph":[{"@type":"Article","@id":"https:\/\/zonacaral.gob.pe\/es\/noticias\/fiestas-patrias-oportunidad-para-visitar-la-ciudad-sagrada-de-caral-aspero-y-vichama\/#article","isPartOf":{"@id":"https:\/\/zonacaral.gob.pe\/es\/noticias\/fiestas-patrias-oportunidad-para-visitar-la-ciudad-sagrada-de-caral-aspero-y-vichama\/"},"author":{"name":"Zona Caral Administrador","@id":"https:\/\/zonacaral.gob.pe\/es\/#\/schema\/person\/beddb4d22f71a7230c5b90913270a0ee"},"headline":"Fiestas Patrias: oportunidad para visitar la Ciudad Sagrada de Caral, \u00c1spero y Vichama","datePublished":"2017-07-22T17:48:12+00:00","mainEntityOfPage":{"@id":"https:\/\/zonacaral.gob.pe\/es\/noticias\/fiestas-patrias-oportunidad-para-visitar-la-ciudad-sagrada-de-caral-aspero-y-vichama\/"},"wordCount":688,"image":{"@id":"https:\/\/zonacaral.gob.pe\/es\/noticias\/fiestas-patrias-oportunidad-para-visitar-la-ciudad-sagrada-de-caral-aspero-y-vichama\/#primaryimage"},"thumbnailUrl":"https:\/\/zonacaral.gob.pe\/wp-content\/uploads\/2017\/07\/SALIDA.jpg","keywords":["Aspero","caral","fiestas patrias","vichama"],"articleSection":["noticias"],"inLanguage":"es-PE"},{"@type":"WebPage","@id":"https:\/\/zonacaral.gob.pe\/es\/noticias\/fiestas-patrias-oportunidad-para-visitar-la-ciudad-sagrada-de-caral-aspero-y-vichama\/","url":"https:\/\/zonacaral.gob.pe\/es\/noticias\/fiestas-patrias-oportunidad-para-visitar-la-ciudad-sagrada-de-caral-aspero-y-vichama\/","name":"Fiestas Patrias: oportunidad para visitar Caral, \u00c1spero y Vichama","isPartOf":{"@id":"https:\/\/zonacaral.gob.pe\/es\/#website"},"primaryImageOfPage":{"@id":"https:\/\/zonacaral.gob.pe\/es\/noticias\/fiestas-patrias-oportunidad-para-visitar-la-ciudad-sagrada-de-caral-aspero-y-vichama\/#primaryimage"},"image":{"@id":"https:\/\/zonacaral.gob.pe\/es\/noticias\/fiestas-patrias-oportunidad-para-visitar-la-ciudad-sagrada-de-caral-aspero-y-vichama\/#primaryimage"},"thumbnailUrl":"https:\/\/zonacaral.gob.pe\/wp-content\/uploads\/2017\/07\/SALIDA.jpg","datePublished":"2017-07-22T17:48:12+00:00","author":{"@id":"https:\/\/zonacaral.gob.pe\/es\/#\/schema\/person\/beddb4d22f71a7230c5b90913270a0ee"},"description":"Durante el fin de semana largo por Fiestas Patrias, del 27 al 30 de julio, los sitios arqueol\u00f3gicos: Ciudad Sagrada de Caral (Patrimonio Mundial, UNESCO 2009), \u00c1spero y Vichama atender\u00e1n al p\u00fablico de manera habitual, inform\u00f3 el Ministerio de Cultura. Comparte informaci\u00f3n, comparte valores \u00a9 Copyright Agencia Peruana de noticias Andina","breadcrumb":{"@id":"https:\/\/zonacaral.gob.pe\/es\/noticias\/fiestas-patrias-oportunidad-para-visitar-la-ciudad-sagrada-de-caral-aspero-y-vichama\/#breadcrumb"},"inLanguage":"es-PE","potentialAction":[{"@type":"ReadAction","target":["https:\/\/zonacaral.gob.pe\/es\/noticias\/fiestas-patrias-oportunidad-para-visitar-la-ciudad-sagrada-de-caral-aspero-y-vichama\/"]}]},{"@type":"ImageObject","inLanguage":"es-PE","@id":"https:\/\/zonacaral.gob.pe\/es\/noticias\/fiestas-patrias-oportunidad-para-visitar-la-ciudad-sagrada-de-caral-aspero-y-vichama\/#primaryimage","url":"https:\/\/zonacaral.gob.pe\/wp-content\/uploads\/2017\/07\/SALIDA.jpg","contentUrl":"https:\/\/zonacaral.gob.pe\/wp-content\/uploads\/2017\/07\/SALIDA.jpg","width":800,"height":442},{"@type":"BreadcrumbList","@id":"https:\/\/zonacaral.gob.pe\/es\/noticias\/fiestas-patrias-oportunidad-para-visitar-la-ciudad-sagrada-de-caral-aspero-y-vichama\/#breadcrumb","itemListElement":[{"@type":"ListItem","position":1,"name":"Portada","item":"https:\/\/zonacaral.gob.pe\/"},{"@type":"ListItem","position":2,"name":"Fiestas Patrias: oportunidad para visitar la Ciudad Sagrada de Caral, \u00c1spero y Vichama"}]},{"@type":"WebSite","@id":"https:\/\/zonacaral.gob.pe\/es\/#website","url":"https:\/\/zonacaral.gob.pe\/es\/","name":"Zona Caral","description":"Investigamos, conservamos y difundimos el patrimonio cultural de la Civilizaci\u00f3n Caral, la m\u00e1s antigua de Am\u00e9rica.","potentialAction":[{"@type":"SearchAction","target":{"@type":"EntryPoint","urlTemplate":"https:\/\/zonacaral.gob.pe\/es\/?s={search_term_string}"},"query-input":{"@type":"PropertyValueSpecification","valueRequired":true,"valueName":"search_term_string"}}],"inLanguage":"es-PE"},{"@type":"Person","@id":"https:\/\/zonacaral.gob.pe\/es\/#\/schema\/person\/beddb4d22f71a7230c5b90913270a0ee","name":"Zona Caral Administrador","image":{"@type":"ImageObject","inLanguage":"es-PE","@id":"https:\/\/secure.gravatar.com\/avatar\/e4be162918a696358376de6446614e0f0f4062bdc5d170d6d540ada3d8b58c12?s=96&d=mm&r=g","url":"https:\/\/secure.gravatar.com\/avatar\/e4be162918a696358376de6446614e0f0f4062bdc5d170d6d540ada3d8b58c12?s=96&d=mm&r=g","contentUrl":"https:\/\/secure.gravatar.com\/avatar\/e4be162918a696358376de6446614e0f0f4062bdc5d170d6d540ada3d8b58c12?s=96&d=mm&r=g","caption":"Zona Caral Administrador"},"sameAs":["https:\/\/zonacaral.gob.pe"],"url":"https:\/\/zonacaral.gob.pe\/es\/noticias\/author\/ad_zonacaral\/"}]}},"_links":{"self":[{"href":"https:\/\/zonacaral.gob.pe\/es\/wp-json\/wp\/v2\/posts\/11629","targetHints":{"allow":["GET"]}}],"collection":[{"href":"https:\/\/zonacaral.gob.pe\/es\/wp-json\/wp\/v2\/posts"}],"about":[{"href":"https:\/\/zonacaral.gob.pe\/es\/wp-json\/wp\/v2\/types\/post"}],"author":[{"embeddable":true,"href":"https:\/\/zonacaral.gob.pe\/es\/wp-json\/wp\/v2\/users\/1"}],"replies":[{"embeddable":true,"href":"https:\/\/zonacaral.gob.pe\/es\/wp-json\/wp\/v2\/comments?post=11629"}],"version-history":[{"count":0,"href":"https:\/\/zonacaral.gob.pe\/es\/wp-json\/wp\/v2\/posts\/11629\/revisions"}],"wp:featuredmedia":[{"embeddable":true,"href":"https:\/\/zonacaral.gob.pe\/es\/wp-json\/wp\/v2\/media\/11632"}],"wp:attachment":[{"href":"https:\/\/zonacaral.gob.pe\/es\/wp-json\/wp\/v2\/media?parent=11629"}],"wp:term":[{"taxonomy":"category","embeddable":true,"href":"https:\/\/zonacaral.gob.pe\/es\/wp-json\/wp\/v2\/categories?post=11629"},{"taxonomy":"post_tag","embeddable":true,"href":"https:\/\/zonacaral.gob.pe\/es\/wp-json\/wp\/v2\/tags?post=11629"}],"curies":[{"name":"wp","href":"https:\/\/api.w.org\/{rel}","templated":true}]}}