{"id":11702,"date":"2017-08-15T10:48:56","date_gmt":"2017-08-15T15:48:56","guid":{"rendered":"http:\/\/www.zonacaral.gob.pe\/?p=11702"},"modified":"2017-08-15T10:48:56","modified_gmt":"2017-08-15T15:48:56","slug":"presentan-exposicion-sobre-civilizacion-caral-en-la-gran-biblioteca-publica-de-lima","status":"publish","type":"post","link":"https:\/\/zonacaral.gob.pe\/es\/noticias\/presentan-exposicion-sobre-civilizacion-caral-en-la-gran-biblioteca-publica-de-lima\/","title":{"rendered":"Presentan exposici\u00f3n sobre Civilizaci\u00f3n Caral en la Gran Biblioteca P\u00fablica de Lima"},"content":{"rendered":"<figure class=\"pic-autor\" style=\"color: #4d4d4d; text-align: justify;\"><\/figure>\n<blockquote>\n<p style=\"text-align: justify;\">En el acto inaugural estar\u00e1 la Dra. Ruth Shady Sol\u00eds, directora de la Zona Arqueol\u00f3gica Caral<\/p>\n<\/blockquote>\n<p style=\"text-align: justify;\">La Biblioteca Nacional del Per\u00fa (BNP) y la Zona Arqueol\u00f3gica Caral inaugurar\u00e1n el martes 15 de agosto, a las 6: 30p.m., la exposici\u00f3n museogr\u00e1fica \u201cTransmisi\u00f3n de los valores de la civilizaci\u00f3n Caral, 5000 a\u00f1os de vida organizada en armon\u00eda entre la sociedad y la naturaleza\u201d.<\/p>\n<p style=\"text-align: justify;\">El objetivo de esta exposici\u00f3n es dar a conocer al p\u00fablico en general la importancia de Caral como la civilizaci\u00f3n \u201cmadre\u201d de todas las culturas prehisp\u00e1nicas, cuya aparici\u00f3n coincide con otras civilizaciones milenarias surgidas en China, India, Egipto y Mesopotamia.<\/p>\n<p style=\"text-align: justify;\">En dicha muestra se exhibir\u00e1n alrededor de 350 piezas museogr\u00e1ficas, entre tejidos, instrumentos musicales y patrones de enterramientos, as\u00ed como infograf\u00edas, maquetas y l\u00edneas de tiempo que dar\u00e1n a conocer al p\u00fablico el avanzado desarrollo que alcanz\u00f3 la civilizaci\u00f3n m\u00e1s antigua de Am\u00e9rica.<\/p>\n<p style=\"text-align: justify;\">En el acto inaugural estar\u00e1n presentes Alejandro Neyra, director nacional de la Biblioteca Nacional del Per\u00fa, y la Dra. Ruth Shady Sol\u00eds, directora de la Zona Arqueol\u00f3gica Caral, Unidad Ejecutora 003 del Ministerio de Cultura, quien presentar\u00e1 la exposici\u00f3n museogr\u00e1fica.<\/p>\n<p style=\"text-align: justify;\">La inauguraci\u00f3n se realizar\u00e1 el martes 15 de agosto, a las 6:30 p.m., en Sala de Exposiciones de la Gran Biblioteca P\u00fablica de Lima (Av. Abancay cuadra 4, Lima). Ingreso libre.<\/p>\n<p style=\"text-align: justify;\">Las visitas a la exposici\u00f3n se realizar\u00e1n desde el martes 15 de agosto hasta el s\u00e1bado 11 de noviembre, en los siguientes horarios: De lunes a viernes: de 9:00 am. a 1:00 pm., y de 2:00 a 8:00 pm. Mientras que los s\u00e1bados ser\u00e1n de 9:00 am. a 1:00 pm, y de 2:00 a 6:00 pm.<\/p>\n<p style=\"text-align: justify;\">Los grupos interesados en asistir a las visitas guiadas pueden escribir al correo dtsnb@bnp.gob.pe o llamar al tel\u00e9fono 513.6900 anexo 7661.<\/p>\n<p style=\"text-align: justify;\">Revisar toda la informaci\u00f3n de la exposici\u00f3n en la p\u00e1gina web oficial.\u00a0<a href=\"http:\/\/www.zonacaral.gob.pe\/bibliotecanacional\/\">zonacaral.gob.pe\/bibliotecanacional<\/a><\/p>\n<p style=\"text-align: justify;\"><strong>Fuente:\u00a0<a href=\"http:\/\/diariocorreo.pe\/cultura\/presentan-exposicion-sobre-civilizacion-caral-en-la-gran-biblioteca-publica-de-lima-767617\/\"><span style=\"color: #993300;\">Diario Correo<\/span><\/a><\/strong><\/p>\n<div style=\"color: #1f1f1f;\">\n<p style=\"text-align: justify;\">Fecha de publicaci\u00f3n: 14\/08\/2017<\/p>\n<\/div>\n","protected":false},"excerpt":{"rendered":"<p>En el acto inaugural estar\u00e1 la Dra. Ruth Shady Sol\u00eds, directora de la Zona Arqueol\u00f3gica Caral La Biblioteca Nacional del [&hellip;]<\/p>\n","protected":false},"author":1,"featured_media":11703,"comment_status":"closed","ping_status":"open","sticky":false,"template":"","format":"standard","meta":{"_acf_changed":false,"site-sidebar-layout":"default","site-content-layout":"","ast-site-content-layout":"default","site-content-style":"default","site-sidebar-style":"default","ast-global-header-display":"","ast-banner-title-visibility":"","ast-main-header-display":"","ast-hfb-above-header-display":"","ast-hfb-below-header-display":"","ast-hfb-mobile-header-display":"","site-post-title":"","ast-breadcrumbs-content":"","ast-featured-img":"","footer-sml-layout":"","ast-disable-related-posts":"","theme-transparent-header-meta":"","adv-header-id-meta":"","stick-header-meta":"","header-above-stick-meta":"","header-main-stick-meta":"","header-below-stick-meta":"","astra-migrate-meta-layouts":"default","ast-page-background-enabled":"default","ast-page-background-meta":{"desktop":{"background-color":"var(--ast-global-color-5)","background-image":"","background-repeat":"repeat","background-position":"center center","background-size":"auto","background-attachment":"scroll","background-type":"","background-media":"","overlay-type":"","overlay-color":"","overlay-opacity":"","overlay-gradient":""},"tablet":{"background-color":"","background-image":"","background-repeat":"repeat","background-position":"center center","background-size":"auto","background-attachment":"scroll","background-type":"","background-media":"","overlay-type":"","overlay-color":"","overlay-opacity":"","overlay-gradient":""},"mobile":{"background-color":"","background-image":"","background-repeat":"repeat","background-position":"center center","background-size":"auto","background-attachment":"scroll","background-type":"","background-media":"","overlay-type":"","overlay-color":"","overlay-opacity":"","overlay-gradient":""}},"ast-content-background-meta":{"desktop":{"background-color":"var(--ast-global-color-4)","background-image":"","background-repeat":"repeat","background-position":"center center","background-size":"auto","background-attachment":"scroll","background-type":"","background-media":"","overlay-type":"","overlay-color":"","overlay-opacity":"","overlay-gradient":""},"tablet":{"background-color":"var(--ast-global-color-4)","background-image":"","background-repeat":"repeat","background-position":"center center","background-size":"auto","background-attachment":"scroll","background-type":"","background-media":"","overlay-type":"","overlay-color":"","overlay-opacity":"","overlay-gradient":""},"mobile":{"background-color":"var(--ast-global-color-4)","background-image":"","background-repeat":"repeat","background-position":"center center","background-size":"auto","background-attachment":"scroll","background-type":"","background-media":"","overlay-type":"","overlay-color":"","overlay-opacity":"","overlay-gradient":""}},"footnotes":""},"categories":[208],"tags":[133,55,123,130,134],"class_list":["post-11702","post","type-post","status-publish","format-standard","has-post-thumbnail","hentry","category-noticias","tag-biblioteca","tag-caral","tag-exposicion","tag-museografica","tag-nacional"],"acf":[],"yoast_head":"<!-- This site is optimized with the Yoast SEO plugin v27.3 - https:\/\/yoast.com\/product\/yoast-seo-wordpress\/ -->\n<title>Exposici\u00f3n sobre Caral en la Biblioteca Nacional<\/title>\n<meta name=\"description\" content=\"La Biblioteca Nacional del Per\u00fa (BNP) y la Zona Arqueol\u00f3gica Caral inaugurar\u00e1n el martes 15 de agosto, a las 6: 30p.m., la exposici\u00f3n museogr\u00e1fica \u201cTransmisi\u00f3n de los valores de la civilizaci\u00f3n Caral, 5000 a\u00f1os de vida organizada en armon\u00eda entre la sociedad y la naturaleza\u201d.\" \/>\n<meta name=\"robots\" content=\"index, follow, max-snippet:-1, max-image-preview:large, max-video-preview:-1\" \/>\n<link rel=\"canonical\" href=\"https:\/\/zonacaral.gob.pe\/es\/noticias\/presentan-exposicion-sobre-civilizacion-caral-en-la-gran-biblioteca-publica-de-lima\/\" \/>\n<meta property=\"og:locale\" content=\"es_ES\" \/>\n<meta property=\"og:type\" content=\"article\" \/>\n<meta property=\"og:title\" content=\"Exposici\u00f3n sobre Caral en la Biblioteca Nacional\" \/>\n<meta property=\"og:description\" content=\"La Biblioteca Nacional del Per\u00fa (BNP) y la Zona Arqueol\u00f3gica Caral inaugurar\u00e1n el martes 15 de agosto, a las 6: 30p.m., la exposici\u00f3n museogr\u00e1fica \u201cTransmisi\u00f3n de los valores de la civilizaci\u00f3n Caral, 5000 a\u00f1os de vida organizada en armon\u00eda entre la sociedad y la naturaleza\u201d.\" \/>\n<meta property=\"og:url\" content=\"https:\/\/zonacaral.gob.pe\/es\/noticias\/presentan-exposicion-sobre-civilizacion-caral-en-la-gran-biblioteca-publica-de-lima\/\" \/>\n<meta property=\"og:site_name\" content=\"Zona Caral\" \/>\n<meta property=\"article:published_time\" content=\"2017-08-15T15:48:56+00:00\" \/>\n<meta property=\"og:image\" content=\"https:\/\/zonacaral.gob.pe\/wp-content\/uploads\/2017\/08\/15-08-2017.jpg\" \/>\n\t<meta property=\"og:image:width\" content=\"1000\" \/>\n\t<meta property=\"og:image:height\" content=\"500\" \/>\n\t<meta property=\"og:image:type\" content=\"image\/jpeg\" \/>\n<meta name=\"author\" content=\"Zona Caral Administrador\" \/>\n<meta name=\"twitter:card\" content=\"summary_large_image\" \/>\n<meta name=\"twitter:label1\" content=\"Written by\" \/>\n\t<meta name=\"twitter:data1\" content=\"Zona Caral Administrador\" \/>\n\t<meta name=\"twitter:label2\" content=\"Est. reading time\" \/>\n\t<meta name=\"twitter:data2\" content=\"2 minutos\" \/>\n<script type=\"application\/ld+json\" class=\"yoast-schema-graph\">{\"@context\":\"https:\\\/\\\/schema.org\",\"@graph\":[{\"@type\":\"Article\",\"@id\":\"https:\\\/\\\/zonacaral.gob.pe\\\/es\\\/noticias\\\/presentan-exposicion-sobre-civilizacion-caral-en-la-gran-biblioteca-publica-de-lima\\\/#article\",\"isPartOf\":{\"@id\":\"https:\\\/\\\/zonacaral.gob.pe\\\/es\\\/noticias\\\/presentan-exposicion-sobre-civilizacion-caral-en-la-gran-biblioteca-publica-de-lima\\\/\"},\"author\":{\"name\":\"Zona Caral Administrador\",\"@id\":\"https:\\\/\\\/zonacaral.gob.pe\\\/es\\\/#\\\/schema\\\/person\\\/beddb4d22f71a7230c5b90913270a0ee\"},\"headline\":\"Presentan exposici\u00f3n sobre Civilizaci\u00f3n Caral en la Gran Biblioteca P\u00fablica de Lima\",\"datePublished\":\"2017-08-15T15:48:56+00:00\",\"mainEntityOfPage\":{\"@id\":\"https:\\\/\\\/zonacaral.gob.pe\\\/es\\\/noticias\\\/presentan-exposicion-sobre-civilizacion-caral-en-la-gran-biblioteca-publica-de-lima\\\/\"},\"wordCount\":355,\"image\":{\"@id\":\"https:\\\/\\\/zonacaral.gob.pe\\\/es\\\/noticias\\\/presentan-exposicion-sobre-civilizacion-caral-en-la-gran-biblioteca-publica-de-lima\\\/#primaryimage\"},\"thumbnailUrl\":\"https:\\\/\\\/zonacaral.gob.pe\\\/wp-content\\\/uploads\\\/2017\\\/08\\\/15-08-2017.jpg\",\"keywords\":[\"biblioteca\",\"caral\",\"exposicion\",\"museogr\u00e1fica\",\"nacional\"],\"articleSection\":[\"noticias\"],\"inLanguage\":\"es-PE\"},{\"@type\":\"WebPage\",\"@id\":\"https:\\\/\\\/zonacaral.gob.pe\\\/es\\\/noticias\\\/presentan-exposicion-sobre-civilizacion-caral-en-la-gran-biblioteca-publica-de-lima\\\/\",\"url\":\"https:\\\/\\\/zonacaral.gob.pe\\\/es\\\/noticias\\\/presentan-exposicion-sobre-civilizacion-caral-en-la-gran-biblioteca-publica-de-lima\\\/\",\"name\":\"Exposici\u00f3n sobre Caral en la Biblioteca Nacional\",\"isPartOf\":{\"@id\":\"https:\\\/\\\/zonacaral.gob.pe\\\/es\\\/#website\"},\"primaryImageOfPage\":{\"@id\":\"https:\\\/\\\/zonacaral.gob.pe\\\/es\\\/noticias\\\/presentan-exposicion-sobre-civilizacion-caral-en-la-gran-biblioteca-publica-de-lima\\\/#primaryimage\"},\"image\":{\"@id\":\"https:\\\/\\\/zonacaral.gob.pe\\\/es\\\/noticias\\\/presentan-exposicion-sobre-civilizacion-caral-en-la-gran-biblioteca-publica-de-lima\\\/#primaryimage\"},\"thumbnailUrl\":\"https:\\\/\\\/zonacaral.gob.pe\\\/wp-content\\\/uploads\\\/2017\\\/08\\\/15-08-2017.jpg\",\"datePublished\":\"2017-08-15T15:48:56+00:00\",\"author\":{\"@id\":\"https:\\\/\\\/zonacaral.gob.pe\\\/es\\\/#\\\/schema\\\/person\\\/beddb4d22f71a7230c5b90913270a0ee\"},\"description\":\"La Biblioteca Nacional del Per\u00fa (BNP) y la Zona Arqueol\u00f3gica Caral inaugurar\u00e1n el martes 15 de agosto, a las 6: 30p.m., la exposici\u00f3n museogr\u00e1fica \u201cTransmisi\u00f3n de los valores de la civilizaci\u00f3n Caral, 5000 a\u00f1os de vida organizada en armon\u00eda entre la sociedad y la naturaleza\u201d.\",\"breadcrumb\":{\"@id\":\"https:\\\/\\\/zonacaral.gob.pe\\\/es\\\/noticias\\\/presentan-exposicion-sobre-civilizacion-caral-en-la-gran-biblioteca-publica-de-lima\\\/#breadcrumb\"},\"inLanguage\":\"es-PE\",\"potentialAction\":[{\"@type\":\"ReadAction\",\"target\":[\"https:\\\/\\\/zonacaral.gob.pe\\\/es\\\/noticias\\\/presentan-exposicion-sobre-civilizacion-caral-en-la-gran-biblioteca-publica-de-lima\\\/\"]}]},{\"@type\":\"ImageObject\",\"inLanguage\":\"es-PE\",\"@id\":\"https:\\\/\\\/zonacaral.gob.pe\\\/es\\\/noticias\\\/presentan-exposicion-sobre-civilizacion-caral-en-la-gran-biblioteca-publica-de-lima\\\/#primaryimage\",\"url\":\"https:\\\/\\\/zonacaral.gob.pe\\\/wp-content\\\/uploads\\\/2017\\\/08\\\/15-08-2017.jpg\",\"contentUrl\":\"https:\\\/\\\/zonacaral.gob.pe\\\/wp-content\\\/uploads\\\/2017\\\/08\\\/15-08-2017.jpg\",\"width\":1000,\"height\":500},{\"@type\":\"BreadcrumbList\",\"@id\":\"https:\\\/\\\/zonacaral.gob.pe\\\/es\\\/noticias\\\/presentan-exposicion-sobre-civilizacion-caral-en-la-gran-biblioteca-publica-de-lima\\\/#breadcrumb\",\"itemListElement\":[{\"@type\":\"ListItem\",\"position\":1,\"name\":\"Portada\",\"item\":\"https:\\\/\\\/zonacaral.gob.pe\\\/\"},{\"@type\":\"ListItem\",\"position\":2,\"name\":\"Presentan exposici\u00f3n sobre Civilizaci\u00f3n Caral en la Gran Biblioteca P\u00fablica de Lima\"}]},{\"@type\":\"WebSite\",\"@id\":\"https:\\\/\\\/zonacaral.gob.pe\\\/es\\\/#website\",\"url\":\"https:\\\/\\\/zonacaral.gob.pe\\\/es\\\/\",\"name\":\"Zona Caral\",\"description\":\"Investigamos, conservamos y difundimos el patrimonio cultural de la Civilizaci\u00f3n Caral, la m\u00e1s antigua de Am\u00e9rica.\",\"potentialAction\":[{\"@type\":\"SearchAction\",\"target\":{\"@type\":\"EntryPoint\",\"urlTemplate\":\"https:\\\/\\\/zonacaral.gob.pe\\\/es\\\/?s={search_term_string}\"},\"query-input\":{\"@type\":\"PropertyValueSpecification\",\"valueRequired\":true,\"valueName\":\"search_term_string\"}}],\"inLanguage\":\"es-PE\"},{\"@type\":\"Person\",\"@id\":\"https:\\\/\\\/zonacaral.gob.pe\\\/es\\\/#\\\/schema\\\/person\\\/beddb4d22f71a7230c5b90913270a0ee\",\"name\":\"Zona Caral Administrador\",\"image\":{\"@type\":\"ImageObject\",\"inLanguage\":\"es-PE\",\"@id\":\"https:\\\/\\\/secure.gravatar.com\\\/avatar\\\/e4be162918a696358376de6446614e0f0f4062bdc5d170d6d540ada3d8b58c12?s=96&d=mm&r=g\",\"url\":\"https:\\\/\\\/secure.gravatar.com\\\/avatar\\\/e4be162918a696358376de6446614e0f0f4062bdc5d170d6d540ada3d8b58c12?s=96&d=mm&r=g\",\"contentUrl\":\"https:\\\/\\\/secure.gravatar.com\\\/avatar\\\/e4be162918a696358376de6446614e0f0f4062bdc5d170d6d540ada3d8b58c12?s=96&d=mm&r=g\",\"caption\":\"Zona Caral Administrador\"},\"sameAs\":[\"https:\\\/\\\/zonacaral.gob.pe\"],\"url\":\"https:\\\/\\\/zonacaral.gob.pe\\\/es\\\/noticias\\\/author\\\/ad_zonacaral\\\/\"}]}<\/script>\n<!-- \/ Yoast SEO plugin. -->","yoast_head_json":{"title":"Exposici\u00f3n sobre Caral en la Biblioteca Nacional","description":"La Biblioteca Nacional del Per\u00fa (BNP) y la Zona Arqueol\u00f3gica Caral inaugurar\u00e1n el martes 15 de agosto, a las 6: 30p.m., la exposici\u00f3n museogr\u00e1fica \u201cTransmisi\u00f3n de los valores de la civilizaci\u00f3n Caral, 5000 a\u00f1os de vida organizada en armon\u00eda entre la sociedad y la naturaleza\u201d.","robots":{"index":"index","follow":"follow","max-snippet":"max-snippet:-1","max-image-preview":"max-image-preview:large","max-video-preview":"max-video-preview:-1"},"canonical":"https:\/\/zonacaral.gob.pe\/es\/noticias\/presentan-exposicion-sobre-civilizacion-caral-en-la-gran-biblioteca-publica-de-lima\/","og_locale":"es_ES","og_type":"article","og_title":"Exposici\u00f3n sobre Caral en la Biblioteca Nacional","og_description":"La Biblioteca Nacional del Per\u00fa (BNP) y la Zona Arqueol\u00f3gica Caral inaugurar\u00e1n el martes 15 de agosto, a las 6: 30p.m., la exposici\u00f3n museogr\u00e1fica \u201cTransmisi\u00f3n de los valores de la civilizaci\u00f3n Caral, 5000 a\u00f1os de vida organizada en armon\u00eda entre la sociedad y la naturaleza\u201d.","og_url":"https:\/\/zonacaral.gob.pe\/es\/noticias\/presentan-exposicion-sobre-civilizacion-caral-en-la-gran-biblioteca-publica-de-lima\/","og_site_name":"Zona Caral","article_published_time":"2017-08-15T15:48:56+00:00","og_image":[{"width":1000,"height":500,"url":"https:\/\/zonacaral.gob.pe\/wp-content\/uploads\/2017\/08\/15-08-2017.jpg","type":"image\/jpeg"}],"author":"Zona Caral Administrador","twitter_card":"summary_large_image","twitter_misc":{"Written by":"Zona Caral Administrador","Est. reading time":"2 minutos"},"schema":{"@context":"https:\/\/schema.org","@graph":[{"@type":"Article","@id":"https:\/\/zonacaral.gob.pe\/es\/noticias\/presentan-exposicion-sobre-civilizacion-caral-en-la-gran-biblioteca-publica-de-lima\/#article","isPartOf":{"@id":"https:\/\/zonacaral.gob.pe\/es\/noticias\/presentan-exposicion-sobre-civilizacion-caral-en-la-gran-biblioteca-publica-de-lima\/"},"author":{"name":"Zona Caral Administrador","@id":"https:\/\/zonacaral.gob.pe\/es\/#\/schema\/person\/beddb4d22f71a7230c5b90913270a0ee"},"headline":"Presentan exposici\u00f3n sobre Civilizaci\u00f3n Caral en la Gran Biblioteca P\u00fablica de Lima","datePublished":"2017-08-15T15:48:56+00:00","mainEntityOfPage":{"@id":"https:\/\/zonacaral.gob.pe\/es\/noticias\/presentan-exposicion-sobre-civilizacion-caral-en-la-gran-biblioteca-publica-de-lima\/"},"wordCount":355,"image":{"@id":"https:\/\/zonacaral.gob.pe\/es\/noticias\/presentan-exposicion-sobre-civilizacion-caral-en-la-gran-biblioteca-publica-de-lima\/#primaryimage"},"thumbnailUrl":"https:\/\/zonacaral.gob.pe\/wp-content\/uploads\/2017\/08\/15-08-2017.jpg","keywords":["biblioteca","caral","exposicion","museogr\u00e1fica","nacional"],"articleSection":["noticias"],"inLanguage":"es-PE"},{"@type":"WebPage","@id":"https:\/\/zonacaral.gob.pe\/es\/noticias\/presentan-exposicion-sobre-civilizacion-caral-en-la-gran-biblioteca-publica-de-lima\/","url":"https:\/\/zonacaral.gob.pe\/es\/noticias\/presentan-exposicion-sobre-civilizacion-caral-en-la-gran-biblioteca-publica-de-lima\/","name":"Exposici\u00f3n sobre Caral en la Biblioteca Nacional","isPartOf":{"@id":"https:\/\/zonacaral.gob.pe\/es\/#website"},"primaryImageOfPage":{"@id":"https:\/\/zonacaral.gob.pe\/es\/noticias\/presentan-exposicion-sobre-civilizacion-caral-en-la-gran-biblioteca-publica-de-lima\/#primaryimage"},"image":{"@id":"https:\/\/zonacaral.gob.pe\/es\/noticias\/presentan-exposicion-sobre-civilizacion-caral-en-la-gran-biblioteca-publica-de-lima\/#primaryimage"},"thumbnailUrl":"https:\/\/zonacaral.gob.pe\/wp-content\/uploads\/2017\/08\/15-08-2017.jpg","datePublished":"2017-08-15T15:48:56+00:00","author":{"@id":"https:\/\/zonacaral.gob.pe\/es\/#\/schema\/person\/beddb4d22f71a7230c5b90913270a0ee"},"description":"La Biblioteca Nacional del Per\u00fa (BNP) y la Zona Arqueol\u00f3gica Caral inaugurar\u00e1n el martes 15 de agosto, a las 6: 30p.m., la exposici\u00f3n museogr\u00e1fica \u201cTransmisi\u00f3n de los valores de la civilizaci\u00f3n Caral, 5000 a\u00f1os de vida organizada en armon\u00eda entre la sociedad y la naturaleza\u201d.","breadcrumb":{"@id":"https:\/\/zonacaral.gob.pe\/es\/noticias\/presentan-exposicion-sobre-civilizacion-caral-en-la-gran-biblioteca-publica-de-lima\/#breadcrumb"},"inLanguage":"es-PE","potentialAction":[{"@type":"ReadAction","target":["https:\/\/zonacaral.gob.pe\/es\/noticias\/presentan-exposicion-sobre-civilizacion-caral-en-la-gran-biblioteca-publica-de-lima\/"]}]},{"@type":"ImageObject","inLanguage":"es-PE","@id":"https:\/\/zonacaral.gob.pe\/es\/noticias\/presentan-exposicion-sobre-civilizacion-caral-en-la-gran-biblioteca-publica-de-lima\/#primaryimage","url":"https:\/\/zonacaral.gob.pe\/wp-content\/uploads\/2017\/08\/15-08-2017.jpg","contentUrl":"https:\/\/zonacaral.gob.pe\/wp-content\/uploads\/2017\/08\/15-08-2017.jpg","width":1000,"height":500},{"@type":"BreadcrumbList","@id":"https:\/\/zonacaral.gob.pe\/es\/noticias\/presentan-exposicion-sobre-civilizacion-caral-en-la-gran-biblioteca-publica-de-lima\/#breadcrumb","itemListElement":[{"@type":"ListItem","position":1,"name":"Portada","item":"https:\/\/zonacaral.gob.pe\/"},{"@type":"ListItem","position":2,"name":"Presentan exposici\u00f3n sobre Civilizaci\u00f3n Caral en la Gran Biblioteca P\u00fablica de Lima"}]},{"@type":"WebSite","@id":"https:\/\/zonacaral.gob.pe\/es\/#website","url":"https:\/\/zonacaral.gob.pe\/es\/","name":"Zona Caral","description":"Investigamos, conservamos y difundimos el patrimonio cultural de la Civilizaci\u00f3n Caral, la m\u00e1s antigua de Am\u00e9rica.","potentialAction":[{"@type":"SearchAction","target":{"@type":"EntryPoint","urlTemplate":"https:\/\/zonacaral.gob.pe\/es\/?s={search_term_string}"},"query-input":{"@type":"PropertyValueSpecification","valueRequired":true,"valueName":"search_term_string"}}],"inLanguage":"es-PE"},{"@type":"Person","@id":"https:\/\/zonacaral.gob.pe\/es\/#\/schema\/person\/beddb4d22f71a7230c5b90913270a0ee","name":"Zona Caral Administrador","image":{"@type":"ImageObject","inLanguage":"es-PE","@id":"https:\/\/secure.gravatar.com\/avatar\/e4be162918a696358376de6446614e0f0f4062bdc5d170d6d540ada3d8b58c12?s=96&d=mm&r=g","url":"https:\/\/secure.gravatar.com\/avatar\/e4be162918a696358376de6446614e0f0f4062bdc5d170d6d540ada3d8b58c12?s=96&d=mm&r=g","contentUrl":"https:\/\/secure.gravatar.com\/avatar\/e4be162918a696358376de6446614e0f0f4062bdc5d170d6d540ada3d8b58c12?s=96&d=mm&r=g","caption":"Zona Caral Administrador"},"sameAs":["https:\/\/zonacaral.gob.pe"],"url":"https:\/\/zonacaral.gob.pe\/es\/noticias\/author\/ad_zonacaral\/"}]}},"_links":{"self":[{"href":"https:\/\/zonacaral.gob.pe\/es\/wp-json\/wp\/v2\/posts\/11702","targetHints":{"allow":["GET"]}}],"collection":[{"href":"https:\/\/zonacaral.gob.pe\/es\/wp-json\/wp\/v2\/posts"}],"about":[{"href":"https:\/\/zonacaral.gob.pe\/es\/wp-json\/wp\/v2\/types\/post"}],"author":[{"embeddable":true,"href":"https:\/\/zonacaral.gob.pe\/es\/wp-json\/wp\/v2\/users\/1"}],"replies":[{"embeddable":true,"href":"https:\/\/zonacaral.gob.pe\/es\/wp-json\/wp\/v2\/comments?post=11702"}],"version-history":[{"count":0,"href":"https:\/\/zonacaral.gob.pe\/es\/wp-json\/wp\/v2\/posts\/11702\/revisions"}],"wp:featuredmedia":[{"embeddable":true,"href":"https:\/\/zonacaral.gob.pe\/es\/wp-json\/wp\/v2\/media\/11703"}],"wp:attachment":[{"href":"https:\/\/zonacaral.gob.pe\/es\/wp-json\/wp\/v2\/media?parent=11702"}],"wp:term":[{"taxonomy":"category","embeddable":true,"href":"https:\/\/zonacaral.gob.pe\/es\/wp-json\/wp\/v2\/categories?post=11702"},{"taxonomy":"post_tag","embeddable":true,"href":"https:\/\/zonacaral.gob.pe\/es\/wp-json\/wp\/v2\/tags?post=11702"}],"curies":[{"name":"wp","href":"https:\/\/api.w.org\/{rel}","templated":true}]}}