{"id":11709,"date":"2017-08-15T11:26:51","date_gmt":"2017-08-15T16:26:51","guid":{"rendered":"http:\/\/www.zonacaral.gob.pe\/?p=11709"},"modified":"2017-08-15T11:26:51","modified_gmt":"2017-08-15T16:26:51","slug":"la-zona-arqueologica-caral-y-la-biblioteca-nacional-del-peru-presentan-exposicion-museografica-de-caral","status":"publish","type":"post","link":"https:\/\/zonacaral.gob.pe\/es\/noticias\/la-zona-arqueologica-caral-y-la-biblioteca-nacional-del-peru-presentan-exposicion-museografica-de-caral\/","title":{"rendered":"La Zona Arqueol\u00f3gica Caral y la Biblioteca Nacional del Per\u00fa presentan exposici\u00f3n museogr\u00e1fica de Caral"},"content":{"rendered":"<figure class=\"pic-autor\" style=\"color: #4d4d4d; text-align: justify;\"><\/figure>\n<blockquote>\n<p style=\"text-align: justify;\">\u00abTransmisi\u00f3n de los valores de la Civilizaci\u00f3n Caral, 5000 a\u00f1os de Vida Organizada, en Armon\u00eda entre la Sociedad y la Naturaleza\u00bb<\/p>\n<\/blockquote>\n<p>La Zona Arqueol\u00f3gica Caral, UE 003 del Ministerio de Cultura, en co-organizaci\u00f3n con la Biblioteca Nacional del Per\u00fa, inaugurar\u00e1 el 15 de agosto de 2017 a las 6:30 pm, la exposici\u00f3n museogr\u00e1fica titulada: \u00abTransmisi\u00f3n de los valores de la Civilizaci\u00f3n Caral, 5000 a\u00f1os de Vida Organizada, en Armon\u00eda entre la Sociedad y la Naturaleza\u00bb que se presenta gratuitamente, en beneficio de la poblaci\u00f3n del centro hist\u00f3rico de Lima y de distritos vecinos, en la Gran Biblioteca P\u00fablica de Lima, ubicada en la avenida Abancay 4ta. cuadra, s\/n, Lima.<\/p>\n<p>La inauguraci\u00f3n estar\u00e1 a cargo de la Directora de la Zona Arqueol\u00f3gica Caral, doctora Ruth Shady Sol\u00eds y del Director de la Biblioteca Nacional del Per\u00fa, Alejandro Neyra S\u00e1nchez.<\/p>\n<p>El programa Exposici\u00f3n Museogr\u00e1fica, de la Zona Arqueol\u00f3gica Caral es una estrategia de proyecci\u00f3n cultural y educativa que permite transmitir al p\u00fablico en general las expresiones de la Civilizaci\u00f3n Caral: c\u00f3mo se form\u00f3 y su relevancia cient\u00edfica; la obra humana en armon\u00eda con la naturaleza; el manejo del territorio andino con visi\u00f3n de cuenca; la importancia del intercambio intercultural en condiciones de paz; el conocimiento desarrollado en ciencia y tecnolog\u00eda; la sociedad civil organizada y la equidad de g\u00e9nero; la visi\u00f3n de la vida integrada, el arte, la importancia de la religi\u00f3n, la ideolog\u00eda y la cosmovisi\u00f3n; la trascendencia de la Civilizaci\u00f3n Caral para el Per\u00fa y el Mundo; y, los principales destinos de Caral, la ruta de los or\u00edgenes de civilizaci\u00f3n andina; entre otros.<\/p>\n<p>La exposici\u00f3n conformada por una colecci\u00f3n arqueol\u00f3gica de 350 objetos culturales de la Civilizaci\u00f3n Caral exhibir\u00e1 el ajuar funerario de la \u201cDama de los Cuatro Tupus\u201d, entierro de 4500 a\u00f1os de antig\u00fcedad recuperado en el sitio arqueol\u00f3gico \u00c1spero, considerado por el Instituto de Arqueolog\u00eda de Am\u00e9rica como uno de los diez descubrimientos m\u00e1s importantes del mundo en el a\u00f1o 2016. Tambi\u00e9n se expondr\u00e1 el conjunto de tres esculturas de Vichama, que corresponden a una sacerdotisa y las otras dos esculturas a dos personajes de alta jerarqu\u00eda, consideradas por la National Geographic Society como uno de los diez hallazgos m\u00e1s destacados en el a\u00f1o 2015.<\/p>\n<p>La muestra busca ilustrar sobre los diversos aspectos del sistema social de la Civilizaci\u00f3n Caral y sintetiza los resultados de 23 a\u00f1os de investigaci\u00f3n y gesti\u00f3n, con visi\u00f3n integral, del patrimonio arqueol\u00f3gico de la Civilizaci\u00f3n Caral, la m\u00e1s antigua de Am\u00e9rica (3000-1900 a.C.). Entre los recursos museogr\u00e1ficos se podr\u00e1 apreciar esculturas hiperrealistas de varios personajes de la sociedad Caral (Huno de Supe, la maestra textilera, el ingeniero caralino y la sacerdotisa de Miraya) adem\u00e1s de escenograf\u00edas, a escala humana, vitrinas y maquetas interactivas, videos multimedia, proyecciones video mapping, entre otros recursos.<\/p>\n<p>Entre los logros alcanzados por la Zona Arqueol\u00f3gica Caral destacan la aplicaci\u00f3n de un programa de desarrollo socioecon\u00f3mico en las poblaciones del entorno y la declaraci\u00f3n de la Ciudad Sagrada de Caral como Patrimonio Mundial por parte de la UNESCO, distinci\u00f3n que beneficia a nuestro pa\u00eds y reconoce el valor universal excepcional de Caral. Esta labor es realizada por arque\u00f3logos peruanos, liderados por la doctora Ruth Shady Sol\u00eds.<\/p>\n<p>La Zona Arqueol\u00f3gica Caral expresa un especial reconocimiento al Teatro Universitario del Centro Cultural de la Universidad Nacional Mayor de San Marcos y a la Escuela Nacional Superior de Folklore Jos\u00e9 Mar\u00eda Arguedas por sumarse a nuestros esfuerzos.<\/p>\n<p style=\"text-align: justify;\">Revisar toda la informaci\u00f3n de la exposici\u00f3n en la p\u00e1gina web oficial.\u00a0<a href=\"http:\/\/www.zonacaral.gob.pe\/bibliotecanacional\/\">zonacaral.gob.pe\/bibliotecanacional<\/a><\/p>\n<p style=\"text-align: justify;\"><strong>Fuente:\u00a0Prensa ZAC<\/strong><\/p>\n<div style=\"color: #1f1f1f;\">\n<p style=\"text-align: justify;\">Fecha de publicaci\u00f3n: 15\/08\/2017<\/p>\n<\/div>\n","protected":false},"excerpt":{"rendered":"<p>\u00abTransmisi\u00f3n de los valores de la Civilizaci\u00f3n Caral, 5000 a\u00f1os de Vida Organizada, en Armon\u00eda entre la Sociedad y la [&hellip;]<\/p>\n","protected":false},"author":1,"featured_media":11712,"comment_status":"closed","ping_status":"open","sticky":false,"template":"","format":"standard","meta":{"_acf_changed":false,"site-sidebar-layout":"default","site-content-layout":"","ast-site-content-layout":"default","site-content-style":"default","site-sidebar-style":"default","ast-global-header-display":"","ast-banner-title-visibility":"","ast-main-header-display":"","ast-hfb-above-header-display":"","ast-hfb-below-header-display":"","ast-hfb-mobile-header-display":"","site-post-title":"","ast-breadcrumbs-content":"","ast-featured-img":"","footer-sml-layout":"","ast-disable-related-posts":"","theme-transparent-header-meta":"","adv-header-id-meta":"","stick-header-meta":"","header-above-stick-meta":"","header-main-stick-meta":"","header-below-stick-meta":"","astra-migrate-meta-layouts":"default","ast-page-background-enabled":"default","ast-page-background-meta":{"desktop":{"background-color":"var(--ast-global-color-5)","background-image":"","background-repeat":"repeat","background-position":"center center","background-size":"auto","background-attachment":"scroll","background-type":"","background-media":"","overlay-type":"","overlay-color":"","overlay-opacity":"","overlay-gradient":""},"tablet":{"background-color":"","background-image":"","background-repeat":"repeat","background-position":"center center","background-size":"auto","background-attachment":"scroll","background-type":"","background-media":"","overlay-type":"","overlay-color":"","overlay-opacity":"","overlay-gradient":""},"mobile":{"background-color":"","background-image":"","background-repeat":"repeat","background-position":"center center","background-size":"auto","background-attachment":"scroll","background-type":"","background-media":"","overlay-type":"","overlay-color":"","overlay-opacity":"","overlay-gradient":""}},"ast-content-background-meta":{"desktop":{"background-color":"var(--ast-global-color-4)","background-image":"","background-repeat":"repeat","background-position":"center center","background-size":"auto","background-attachment":"scroll","background-type":"","background-media":"","overlay-type":"","overlay-color":"","overlay-opacity":"","overlay-gradient":""},"tablet":{"background-color":"var(--ast-global-color-4)","background-image":"","background-repeat":"repeat","background-position":"center center","background-size":"auto","background-attachment":"scroll","background-type":"","background-media":"","overlay-type":"","overlay-color":"","overlay-opacity":"","overlay-gradient":""},"mobile":{"background-color":"var(--ast-global-color-4)","background-image":"","background-repeat":"repeat","background-position":"center center","background-size":"auto","background-attachment":"scroll","background-type":"","background-media":"","overlay-type":"","overlay-color":"","overlay-opacity":"","overlay-gradient":""}},"footnotes":""},"categories":[208],"tags":[133,55,123,130,134],"class_list":["post-11709","post","type-post","status-publish","format-standard","has-post-thumbnail","hentry","category-noticias","tag-biblioteca","tag-caral","tag-exposicion","tag-museografica","tag-nacional"],"acf":[],"yoast_head":"<!-- This site is optimized with the Yoast SEO plugin v27.3 - https:\/\/yoast.com\/product\/yoast-seo-wordpress\/ -->\n<title>La Zona Arqueol\u00f3gica Caral y la Biblioteca Nacional del Per\u00fa presentan exposici\u00f3n museogr\u00e1fica de Caral<\/title>\n<meta name=\"description\" content=\"La Zona Arqueol\u00f3gica Caral, UE 003 del Ministerio de Cultura, en co-organizaci\u00f3n con la Biblioteca Nacional del Per\u00fa, inaugurar\u00e1 el 15 de agosto de 2017 a las 6:30 pm, la exposici\u00f3n museogr\u00e1fica titulada: \u00abTransmisi\u00f3n de los valores de la Civilizaci\u00f3n Caral, 5000 a\u00f1os de Vida Organizada, en Armon\u00eda entre la Sociedad y la Naturaleza\u00bb que se presenta gratuitamente, en beneficio de la poblaci\u00f3n del centro hist\u00f3rico de Lima y de distritos vecinos, en la Gran Biblioteca P\u00fablica de Lima, ubicada en la avenida Abancay 4ta. cuadra, s\/n, Lima.\" \/>\n<meta name=\"robots\" content=\"index, follow, max-snippet:-1, max-image-preview:large, max-video-preview:-1\" \/>\n<link rel=\"canonical\" href=\"https:\/\/zonacaral.gob.pe\/es\/noticias\/la-zona-arqueologica-caral-y-la-biblioteca-nacional-del-peru-presentan-exposicion-museografica-de-caral\/\" \/>\n<meta property=\"og:locale\" content=\"es_ES\" \/>\n<meta property=\"og:type\" content=\"article\" \/>\n<meta property=\"og:title\" content=\"La Zona Arqueol\u00f3gica Caral y la Biblioteca Nacional del Per\u00fa presentan exposici\u00f3n museogr\u00e1fica de Caral\" \/>\n<meta property=\"og:description\" content=\"La Zona Arqueol\u00f3gica Caral, UE 003 del Ministerio de Cultura, en co-organizaci\u00f3n con la Biblioteca Nacional del Per\u00fa, inaugurar\u00e1 el 15 de agosto de 2017 a las 6:30 pm, la exposici\u00f3n museogr\u00e1fica titulada: \u00abTransmisi\u00f3n de los valores de la Civilizaci\u00f3n Caral, 5000 a\u00f1os de Vida Organizada, en Armon\u00eda entre la Sociedad y la Naturaleza\u00bb que se presenta gratuitamente, en beneficio de la poblaci\u00f3n del centro hist\u00f3rico de Lima y de distritos vecinos, en la Gran Biblioteca P\u00fablica de Lima, ubicada en la avenida Abancay 4ta. cuadra, s\/n, Lima.\" \/>\n<meta property=\"og:url\" content=\"https:\/\/zonacaral.gob.pe\/es\/noticias\/la-zona-arqueologica-caral-y-la-biblioteca-nacional-del-peru-presentan-exposicion-museografica-de-caral\/\" \/>\n<meta property=\"og:site_name\" content=\"Zona Caral\" \/>\n<meta property=\"article:published_time\" content=\"2017-08-15T16:26:51+00:00\" \/>\n<meta property=\"og:image\" content=\"https:\/\/zonacaral.gob.pe\/wp-content\/uploads\/2017\/08\/BANNER-FACEBOOK-EXPO-BN.jpg\" \/>\n\t<meta property=\"og:image:width\" content=\"1000\" \/>\n\t<meta property=\"og:image:height\" content=\"462\" \/>\n\t<meta property=\"og:image:type\" content=\"image\/jpeg\" \/>\n<meta name=\"author\" content=\"Zona Caral Administrador\" \/>\n<meta name=\"twitter:card\" content=\"summary_large_image\" \/>\n<meta name=\"twitter:label1\" content=\"Written by\" \/>\n\t<meta name=\"twitter:data1\" content=\"Zona Caral Administrador\" \/>\n\t<meta name=\"twitter:label2\" content=\"Est. reading time\" \/>\n\t<meta name=\"twitter:data2\" content=\"3 minutos\" \/>\n<script type=\"application\/ld+json\" class=\"yoast-schema-graph\">{\"@context\":\"https:\\\/\\\/schema.org\",\"@graph\":[{\"@type\":\"Article\",\"@id\":\"https:\\\/\\\/zonacaral.gob.pe\\\/en\\\/noticias\\\/la-zona-arqueologica-caral-y-la-biblioteca-nacional-del-peru-presentan-exposicion-museografica-de-caral\\\/#article\",\"isPartOf\":{\"@id\":\"https:\\\/\\\/zonacaral.gob.pe\\\/en\\\/noticias\\\/la-zona-arqueologica-caral-y-la-biblioteca-nacional-del-peru-presentan-exposicion-museografica-de-caral\\\/\"},\"author\":{\"name\":\"Zona Caral Administrador\",\"@id\":\"https:\\\/\\\/zonacaral.gob.pe\\\/es\\\/#\\\/schema\\\/person\\\/beddb4d22f71a7230c5b90913270a0ee\"},\"headline\":\"La Zona Arqueol\u00f3gica Caral y la Biblioteca Nacional del Per\u00fa presentan exposici\u00f3n museogr\u00e1fica de Caral\",\"datePublished\":\"2017-08-15T16:26:51+00:00\",\"mainEntityOfPage\":{\"@id\":\"https:\\\/\\\/zonacaral.gob.pe\\\/en\\\/noticias\\\/la-zona-arqueologica-caral-y-la-biblioteca-nacional-del-peru-presentan-exposicion-museografica-de-caral\\\/\"},\"wordCount\":674,\"image\":{\"@id\":\"https:\\\/\\\/zonacaral.gob.pe\\\/en\\\/noticias\\\/la-zona-arqueologica-caral-y-la-biblioteca-nacional-del-peru-presentan-exposicion-museografica-de-caral\\\/#primaryimage\"},\"thumbnailUrl\":\"https:\\\/\\\/zonacaral.gob.pe\\\/wp-content\\\/uploads\\\/2017\\\/08\\\/BANNER-FACEBOOK-EXPO-BN.jpg\",\"keywords\":[\"biblioteca\",\"caral\",\"exposicion\",\"museogr\u00e1fica\",\"nacional\"],\"articleSection\":[\"noticias\"],\"inLanguage\":\"es-PE\"},{\"@type\":\"WebPage\",\"@id\":\"https:\\\/\\\/zonacaral.gob.pe\\\/en\\\/noticias\\\/la-zona-arqueologica-caral-y-la-biblioteca-nacional-del-peru-presentan-exposicion-museografica-de-caral\\\/\",\"url\":\"https:\\\/\\\/zonacaral.gob.pe\\\/en\\\/noticias\\\/la-zona-arqueologica-caral-y-la-biblioteca-nacional-del-peru-presentan-exposicion-museografica-de-caral\\\/\",\"name\":\"La Zona Arqueol\u00f3gica Caral y la Biblioteca Nacional del Per\u00fa presentan exposici\u00f3n museogr\u00e1fica de Caral\",\"isPartOf\":{\"@id\":\"https:\\\/\\\/zonacaral.gob.pe\\\/es\\\/#website\"},\"primaryImageOfPage\":{\"@id\":\"https:\\\/\\\/zonacaral.gob.pe\\\/en\\\/noticias\\\/la-zona-arqueologica-caral-y-la-biblioteca-nacional-del-peru-presentan-exposicion-museografica-de-caral\\\/#primaryimage\"},\"image\":{\"@id\":\"https:\\\/\\\/zonacaral.gob.pe\\\/en\\\/noticias\\\/la-zona-arqueologica-caral-y-la-biblioteca-nacional-del-peru-presentan-exposicion-museografica-de-caral\\\/#primaryimage\"},\"thumbnailUrl\":\"https:\\\/\\\/zonacaral.gob.pe\\\/wp-content\\\/uploads\\\/2017\\\/08\\\/BANNER-FACEBOOK-EXPO-BN.jpg\",\"datePublished\":\"2017-08-15T16:26:51+00:00\",\"author\":{\"@id\":\"https:\\\/\\\/zonacaral.gob.pe\\\/es\\\/#\\\/schema\\\/person\\\/beddb4d22f71a7230c5b90913270a0ee\"},\"description\":\"La Zona Arqueol\u00f3gica Caral, UE 003 del Ministerio de Cultura, en co-organizaci\u00f3n con la Biblioteca Nacional del Per\u00fa, inaugurar\u00e1 el 15 de agosto de 2017 a las 6:30 pm, la exposici\u00f3n museogr\u00e1fica titulada: \u00abTransmisi\u00f3n de los valores de la Civilizaci\u00f3n Caral, 5000 a\u00f1os de Vida Organizada, en Armon\u00eda entre la Sociedad y la Naturaleza\u00bb que se presenta gratuitamente, en beneficio de la poblaci\u00f3n del centro hist\u00f3rico de Lima y de distritos vecinos, en la Gran Biblioteca P\u00fablica de Lima, ubicada en la avenida Abancay 4ta. cuadra, s\\\/n, Lima.\",\"breadcrumb\":{\"@id\":\"https:\\\/\\\/zonacaral.gob.pe\\\/en\\\/noticias\\\/la-zona-arqueologica-caral-y-la-biblioteca-nacional-del-peru-presentan-exposicion-museografica-de-caral\\\/#breadcrumb\"},\"inLanguage\":\"es-PE\",\"potentialAction\":[{\"@type\":\"ReadAction\",\"target\":[\"https:\\\/\\\/zonacaral.gob.pe\\\/en\\\/noticias\\\/la-zona-arqueologica-caral-y-la-biblioteca-nacional-del-peru-presentan-exposicion-museografica-de-caral\\\/\"]}]},{\"@type\":\"ImageObject\",\"inLanguage\":\"es-PE\",\"@id\":\"https:\\\/\\\/zonacaral.gob.pe\\\/en\\\/noticias\\\/la-zona-arqueologica-caral-y-la-biblioteca-nacional-del-peru-presentan-exposicion-museografica-de-caral\\\/#primaryimage\",\"url\":\"https:\\\/\\\/zonacaral.gob.pe\\\/wp-content\\\/uploads\\\/2017\\\/08\\\/BANNER-FACEBOOK-EXPO-BN.jpg\",\"contentUrl\":\"https:\\\/\\\/zonacaral.gob.pe\\\/wp-content\\\/uploads\\\/2017\\\/08\\\/BANNER-FACEBOOK-EXPO-BN.jpg\",\"width\":1000,\"height\":462},{\"@type\":\"BreadcrumbList\",\"@id\":\"https:\\\/\\\/zonacaral.gob.pe\\\/en\\\/noticias\\\/la-zona-arqueologica-caral-y-la-biblioteca-nacional-del-peru-presentan-exposicion-museografica-de-caral\\\/#breadcrumb\",\"itemListElement\":[{\"@type\":\"ListItem\",\"position\":1,\"name\":\"Portada\",\"item\":\"https:\\\/\\\/zonacaral.gob.pe\\\/\"},{\"@type\":\"ListItem\",\"position\":2,\"name\":\"La Zona Arqueol\u00f3gica Caral y la Biblioteca Nacional del Per\u00fa presentan exposici\u00f3n museogr\u00e1fica de Caral\"}]},{\"@type\":\"WebSite\",\"@id\":\"https:\\\/\\\/zonacaral.gob.pe\\\/es\\\/#website\",\"url\":\"https:\\\/\\\/zonacaral.gob.pe\\\/es\\\/\",\"name\":\"Zona Caral\",\"description\":\"Investigamos, conservamos y difundimos el patrimonio cultural de la Civilizaci\u00f3n Caral, la m\u00e1s antigua de Am\u00e9rica.\",\"potentialAction\":[{\"@type\":\"SearchAction\",\"target\":{\"@type\":\"EntryPoint\",\"urlTemplate\":\"https:\\\/\\\/zonacaral.gob.pe\\\/es\\\/?s={search_term_string}\"},\"query-input\":{\"@type\":\"PropertyValueSpecification\",\"valueRequired\":true,\"valueName\":\"search_term_string\"}}],\"inLanguage\":\"es-PE\"},{\"@type\":\"Person\",\"@id\":\"https:\\\/\\\/zonacaral.gob.pe\\\/es\\\/#\\\/schema\\\/person\\\/beddb4d22f71a7230c5b90913270a0ee\",\"name\":\"Zona Caral Administrador\",\"image\":{\"@type\":\"ImageObject\",\"inLanguage\":\"es-PE\",\"@id\":\"https:\\\/\\\/secure.gravatar.com\\\/avatar\\\/e4be162918a696358376de6446614e0f0f4062bdc5d170d6d540ada3d8b58c12?s=96&d=mm&r=g\",\"url\":\"https:\\\/\\\/secure.gravatar.com\\\/avatar\\\/e4be162918a696358376de6446614e0f0f4062bdc5d170d6d540ada3d8b58c12?s=96&d=mm&r=g\",\"contentUrl\":\"https:\\\/\\\/secure.gravatar.com\\\/avatar\\\/e4be162918a696358376de6446614e0f0f4062bdc5d170d6d540ada3d8b58c12?s=96&d=mm&r=g\",\"caption\":\"Zona Caral Administrador\"},\"sameAs\":[\"https:\\\/\\\/zonacaral.gob.pe\"],\"url\":\"https:\\\/\\\/zonacaral.gob.pe\\\/es\\\/noticias\\\/author\\\/ad_zonacaral\\\/\"}]}<\/script>\n<!-- \/ Yoast SEO plugin. -->","yoast_head_json":{"title":"La Zona Arqueol\u00f3gica Caral y la Biblioteca Nacional del Per\u00fa presentan exposici\u00f3n museogr\u00e1fica de Caral","description":"La Zona Arqueol\u00f3gica Caral, UE 003 del Ministerio de Cultura, en co-organizaci\u00f3n con la Biblioteca Nacional del Per\u00fa, inaugurar\u00e1 el 15 de agosto de 2017 a las 6:30 pm, la exposici\u00f3n museogr\u00e1fica titulada: \u00abTransmisi\u00f3n de los valores de la Civilizaci\u00f3n Caral, 5000 a\u00f1os de Vida Organizada, en Armon\u00eda entre la Sociedad y la Naturaleza\u00bb que se presenta gratuitamente, en beneficio de la poblaci\u00f3n del centro hist\u00f3rico de Lima y de distritos vecinos, en la Gran Biblioteca P\u00fablica de Lima, ubicada en la avenida Abancay 4ta. cuadra, s\/n, Lima.","robots":{"index":"index","follow":"follow","max-snippet":"max-snippet:-1","max-image-preview":"max-image-preview:large","max-video-preview":"max-video-preview:-1"},"canonical":"https:\/\/zonacaral.gob.pe\/es\/noticias\/la-zona-arqueologica-caral-y-la-biblioteca-nacional-del-peru-presentan-exposicion-museografica-de-caral\/","og_locale":"es_ES","og_type":"article","og_title":"La Zona Arqueol\u00f3gica Caral y la Biblioteca Nacional del Per\u00fa presentan exposici\u00f3n museogr\u00e1fica de Caral","og_description":"La Zona Arqueol\u00f3gica Caral, UE 003 del Ministerio de Cultura, en co-organizaci\u00f3n con la Biblioteca Nacional del Per\u00fa, inaugurar\u00e1 el 15 de agosto de 2017 a las 6:30 pm, la exposici\u00f3n museogr\u00e1fica titulada: \u00abTransmisi\u00f3n de los valores de la Civilizaci\u00f3n Caral, 5000 a\u00f1os de Vida Organizada, en Armon\u00eda entre la Sociedad y la Naturaleza\u00bb que se presenta gratuitamente, en beneficio de la poblaci\u00f3n del centro hist\u00f3rico de Lima y de distritos vecinos, en la Gran Biblioteca P\u00fablica de Lima, ubicada en la avenida Abancay 4ta. cuadra, s\/n, Lima.","og_url":"https:\/\/zonacaral.gob.pe\/es\/noticias\/la-zona-arqueologica-caral-y-la-biblioteca-nacional-del-peru-presentan-exposicion-museografica-de-caral\/","og_site_name":"Zona Caral","article_published_time":"2017-08-15T16:26:51+00:00","og_image":[{"width":1000,"height":462,"url":"https:\/\/zonacaral.gob.pe\/wp-content\/uploads\/2017\/08\/BANNER-FACEBOOK-EXPO-BN.jpg","type":"image\/jpeg"}],"author":"Zona Caral Administrador","twitter_card":"summary_large_image","twitter_misc":{"Written by":"Zona Caral Administrador","Est. reading time":"3 minutos"},"schema":{"@context":"https:\/\/schema.org","@graph":[{"@type":"Article","@id":"https:\/\/zonacaral.gob.pe\/en\/noticias\/la-zona-arqueologica-caral-y-la-biblioteca-nacional-del-peru-presentan-exposicion-museografica-de-caral\/#article","isPartOf":{"@id":"https:\/\/zonacaral.gob.pe\/en\/noticias\/la-zona-arqueologica-caral-y-la-biblioteca-nacional-del-peru-presentan-exposicion-museografica-de-caral\/"},"author":{"name":"Zona Caral Administrador","@id":"https:\/\/zonacaral.gob.pe\/es\/#\/schema\/person\/beddb4d22f71a7230c5b90913270a0ee"},"headline":"La Zona Arqueol\u00f3gica Caral y la Biblioteca Nacional del Per\u00fa presentan exposici\u00f3n museogr\u00e1fica de Caral","datePublished":"2017-08-15T16:26:51+00:00","mainEntityOfPage":{"@id":"https:\/\/zonacaral.gob.pe\/en\/noticias\/la-zona-arqueologica-caral-y-la-biblioteca-nacional-del-peru-presentan-exposicion-museografica-de-caral\/"},"wordCount":674,"image":{"@id":"https:\/\/zonacaral.gob.pe\/en\/noticias\/la-zona-arqueologica-caral-y-la-biblioteca-nacional-del-peru-presentan-exposicion-museografica-de-caral\/#primaryimage"},"thumbnailUrl":"https:\/\/zonacaral.gob.pe\/wp-content\/uploads\/2017\/08\/BANNER-FACEBOOK-EXPO-BN.jpg","keywords":["biblioteca","caral","exposicion","museogr\u00e1fica","nacional"],"articleSection":["noticias"],"inLanguage":"es-PE"},{"@type":"WebPage","@id":"https:\/\/zonacaral.gob.pe\/en\/noticias\/la-zona-arqueologica-caral-y-la-biblioteca-nacional-del-peru-presentan-exposicion-museografica-de-caral\/","url":"https:\/\/zonacaral.gob.pe\/en\/noticias\/la-zona-arqueologica-caral-y-la-biblioteca-nacional-del-peru-presentan-exposicion-museografica-de-caral\/","name":"La Zona Arqueol\u00f3gica Caral y la Biblioteca Nacional del Per\u00fa presentan exposici\u00f3n museogr\u00e1fica de Caral","isPartOf":{"@id":"https:\/\/zonacaral.gob.pe\/es\/#website"},"primaryImageOfPage":{"@id":"https:\/\/zonacaral.gob.pe\/en\/noticias\/la-zona-arqueologica-caral-y-la-biblioteca-nacional-del-peru-presentan-exposicion-museografica-de-caral\/#primaryimage"},"image":{"@id":"https:\/\/zonacaral.gob.pe\/en\/noticias\/la-zona-arqueologica-caral-y-la-biblioteca-nacional-del-peru-presentan-exposicion-museografica-de-caral\/#primaryimage"},"thumbnailUrl":"https:\/\/zonacaral.gob.pe\/wp-content\/uploads\/2017\/08\/BANNER-FACEBOOK-EXPO-BN.jpg","datePublished":"2017-08-15T16:26:51+00:00","author":{"@id":"https:\/\/zonacaral.gob.pe\/es\/#\/schema\/person\/beddb4d22f71a7230c5b90913270a0ee"},"description":"La Zona Arqueol\u00f3gica Caral, UE 003 del Ministerio de Cultura, en co-organizaci\u00f3n con la Biblioteca Nacional del Per\u00fa, inaugurar\u00e1 el 15 de agosto de 2017 a las 6:30 pm, la exposici\u00f3n museogr\u00e1fica titulada: \u00abTransmisi\u00f3n de los valores de la Civilizaci\u00f3n Caral, 5000 a\u00f1os de Vida Organizada, en Armon\u00eda entre la Sociedad y la Naturaleza\u00bb que se presenta gratuitamente, en beneficio de la poblaci\u00f3n del centro hist\u00f3rico de Lima y de distritos vecinos, en la Gran Biblioteca P\u00fablica de Lima, ubicada en la avenida Abancay 4ta. cuadra, s\/n, Lima.","breadcrumb":{"@id":"https:\/\/zonacaral.gob.pe\/en\/noticias\/la-zona-arqueologica-caral-y-la-biblioteca-nacional-del-peru-presentan-exposicion-museografica-de-caral\/#breadcrumb"},"inLanguage":"es-PE","potentialAction":[{"@type":"ReadAction","target":["https:\/\/zonacaral.gob.pe\/en\/noticias\/la-zona-arqueologica-caral-y-la-biblioteca-nacional-del-peru-presentan-exposicion-museografica-de-caral\/"]}]},{"@type":"ImageObject","inLanguage":"es-PE","@id":"https:\/\/zonacaral.gob.pe\/en\/noticias\/la-zona-arqueologica-caral-y-la-biblioteca-nacional-del-peru-presentan-exposicion-museografica-de-caral\/#primaryimage","url":"https:\/\/zonacaral.gob.pe\/wp-content\/uploads\/2017\/08\/BANNER-FACEBOOK-EXPO-BN.jpg","contentUrl":"https:\/\/zonacaral.gob.pe\/wp-content\/uploads\/2017\/08\/BANNER-FACEBOOK-EXPO-BN.jpg","width":1000,"height":462},{"@type":"BreadcrumbList","@id":"https:\/\/zonacaral.gob.pe\/en\/noticias\/la-zona-arqueologica-caral-y-la-biblioteca-nacional-del-peru-presentan-exposicion-museografica-de-caral\/#breadcrumb","itemListElement":[{"@type":"ListItem","position":1,"name":"Portada","item":"https:\/\/zonacaral.gob.pe\/"},{"@type":"ListItem","position":2,"name":"La Zona Arqueol\u00f3gica Caral y la Biblioteca Nacional del Per\u00fa presentan exposici\u00f3n museogr\u00e1fica de Caral"}]},{"@type":"WebSite","@id":"https:\/\/zonacaral.gob.pe\/es\/#website","url":"https:\/\/zonacaral.gob.pe\/es\/","name":"Zona Caral","description":"Investigamos, conservamos y difundimos el patrimonio cultural de la Civilizaci\u00f3n Caral, la m\u00e1s antigua de Am\u00e9rica.","potentialAction":[{"@type":"SearchAction","target":{"@type":"EntryPoint","urlTemplate":"https:\/\/zonacaral.gob.pe\/es\/?s={search_term_string}"},"query-input":{"@type":"PropertyValueSpecification","valueRequired":true,"valueName":"search_term_string"}}],"inLanguage":"es-PE"},{"@type":"Person","@id":"https:\/\/zonacaral.gob.pe\/es\/#\/schema\/person\/beddb4d22f71a7230c5b90913270a0ee","name":"Zona Caral Administrador","image":{"@type":"ImageObject","inLanguage":"es-PE","@id":"https:\/\/secure.gravatar.com\/avatar\/e4be162918a696358376de6446614e0f0f4062bdc5d170d6d540ada3d8b58c12?s=96&d=mm&r=g","url":"https:\/\/secure.gravatar.com\/avatar\/e4be162918a696358376de6446614e0f0f4062bdc5d170d6d540ada3d8b58c12?s=96&d=mm&r=g","contentUrl":"https:\/\/secure.gravatar.com\/avatar\/e4be162918a696358376de6446614e0f0f4062bdc5d170d6d540ada3d8b58c12?s=96&d=mm&r=g","caption":"Zona Caral Administrador"},"sameAs":["https:\/\/zonacaral.gob.pe"],"url":"https:\/\/zonacaral.gob.pe\/es\/noticias\/author\/ad_zonacaral\/"}]}},"_links":{"self":[{"href":"https:\/\/zonacaral.gob.pe\/es\/wp-json\/wp\/v2\/posts\/11709","targetHints":{"allow":["GET"]}}],"collection":[{"href":"https:\/\/zonacaral.gob.pe\/es\/wp-json\/wp\/v2\/posts"}],"about":[{"href":"https:\/\/zonacaral.gob.pe\/es\/wp-json\/wp\/v2\/types\/post"}],"author":[{"embeddable":true,"href":"https:\/\/zonacaral.gob.pe\/es\/wp-json\/wp\/v2\/users\/1"}],"replies":[{"embeddable":true,"href":"https:\/\/zonacaral.gob.pe\/es\/wp-json\/wp\/v2\/comments?post=11709"}],"version-history":[{"count":0,"href":"https:\/\/zonacaral.gob.pe\/es\/wp-json\/wp\/v2\/posts\/11709\/revisions"}],"wp:featuredmedia":[{"embeddable":true,"href":"https:\/\/zonacaral.gob.pe\/es\/wp-json\/wp\/v2\/media\/11712"}],"wp:attachment":[{"href":"https:\/\/zonacaral.gob.pe\/es\/wp-json\/wp\/v2\/media?parent=11709"}],"wp:term":[{"taxonomy":"category","embeddable":true,"href":"https:\/\/zonacaral.gob.pe\/es\/wp-json\/wp\/v2\/categories?post=11709"},{"taxonomy":"post_tag","embeddable":true,"href":"https:\/\/zonacaral.gob.pe\/es\/wp-json\/wp\/v2\/tags?post=11709"}],"curies":[{"name":"wp","href":"https:\/\/api.w.org\/{rel}","templated":true}]}}