{"id":11759,"date":"2017-08-19T11:14:16","date_gmt":"2017-08-19T16:14:16","guid":{"rendered":"http:\/\/www.zonacaral.gob.pe\/?p=11759"},"modified":"2017-08-19T11:14:16","modified_gmt":"2017-08-19T16:14:16","slug":"inauguran-exposicion-transmision-de-los-valores-de-la-civilizacion-caral-en-la-gran-biblioteca-publica-de-lima","status":"publish","type":"post","link":"https:\/\/zonacaral.gob.pe\/es\/noticias\/inauguran-exposicion-transmision-de-los-valores-de-la-civilizacion-caral-en-la-gran-biblioteca-publica-de-lima\/","title":{"rendered":"Inauguran exposici\u00f3n \u201cTransmisi\u00f3n de los valores de la civilizaci\u00f3n Caral\u201d en la Gran Biblioteca P\u00fablica de Lima"},"content":{"rendered":"<figure class=\"pic-autor\" style=\"color: #4d4d4d; text-align: justify;\"><\/figure>\n<blockquote>\n<p style=\"text-align: justify;\">Ruth Shady, directora de la Zona Arqueol\u00f3gica Caral, y Alejandro Neyra, director de la Biblioteca Nacional del Per\u00fa, participaron de la ceremonia de inauguraci\u00f3n.<\/p>\n<\/blockquote>\n<p>El pasado martes 15 de agosto, la Biblioteca Nacional del Per\u00fa (BNP) y la Zona Arqueol\u00f3gica Caral inauguraron la exposici\u00f3n \u201cTransmisi\u00f3n de los valores de la civilizaci\u00f3n Caral, 5000 a\u00f1os de vida organizada en armon\u00eda entre la sociedad y la naturaleza\u201d en la sala de exposiciones de la Gran Biblioteca P\u00fablica de Lima. El objetivo de la muestra es reconocer la importancia de los valores sociales y culturales de Caral.<\/p>\n<p>Desarrollada casi en simult\u00e1neo con las culturas de Mesopotamia, Egipto, India y China, aunque plenamente aislada de estas, Caral, la civilizaci\u00f3n m\u00e1s antigua de Am\u00e9rica, sent\u00f3 las bases estructurales de la organizaci\u00f3n social y pol\u00edtica que tendr\u00edan las poblaciones de los andes centrales del Per\u00fa.<\/p>\n<p>Lejos de representar imposici\u00f3n, Caral fue un \u201cs\u00edmbolo de integraci\u00f3n\u201d ya que foment\u00f3 la interacci\u00f3n intercultural en condiciones de paz e inici\u00f3 un proceso de integraci\u00f3n social, seg\u00fan coment\u00f3 Ruth Shady, directora de la Zona Arqueol\u00f3gica Caral: \u201cHubo respeto hacia las otras culturas\u201d.<\/p>\n<p>Shady tambi\u00e9n destac\u00f3 que, m\u00e1s all\u00e1 del valor tur\u00edstico, debemos reconocer a las culturas por sus aportes que contribuyen de manera tangible al desarrollo de nuestra sociedad: \u201cDeber\u00edamos conocer los valores sociales de Caral porque estamos perdiendo sus conocimientos y tecnolog\u00edas\u201d, se\u00f1al\u00f3.<\/p>\n<p>Entre sus aportes m\u00e1s significativos est\u00e1 su capacidad para mitigar los efectos de movimientos s\u00edsmicos con el uso de \u201cshicras\u201d, que garantizaban la estabilidad de las construcciones, o los conocimientos sobre ingenier\u00eda hidr\u00e1ulica que les permit\u00eda canalizar la fuerza de los vientos mediante conductos subterr\u00e1neos para mantener encendido el fuego de los fogones. Es as\u00ed que, seg\u00fan Shady, se desmitifica la idea de que los antiguos peruanos se desempe\u00f1aron solo como artesanos.<\/p>\n<p>La igualdad de g\u00e9nero, un tema bastante abordado en los \u00faltimos a\u00f1os, tambi\u00e9n fue un aporte de los antiguos habitantes de Caral, donde la mujer desempe\u00f1\u00f3 roles significativos en el manejo del poder.<\/p>\n<p>Cabe se\u00f1alar que la exposici\u00f3n podr\u00e1 ser visitada hasta el 11 de noviembre en la Gran Biblioteca P\u00fablica de Lima (Av. Abancay cuadra 4, Centro Hist\u00f3rico de Lima), en el horario de lunes a viernes de 9:00 a.m. a 1:00 p.m., y de 2:00 p.m. a 8:00 p.m; y los s\u00e1bados de 9:00 a.m. a 1:00 p.m, y de 2:00 p.m. a 6:00 p.m. El ingreso es libre.<\/p>\n<p style=\"text-align: justify;\">Revisar toda la informaci\u00f3n de la exposici\u00f3n en la p\u00e1gina web oficial.\u00a0<a href=\"http:\/\/www.zonacaral.gob.pe\/bibliotecanacional\/\">zonacaral.gob.pe\/bibliotecanacional<\/a><\/p>\n<p style=\"text-align: justify;\"><strong>Fuente:\u00a0<span style=\"color: #993300;\"><a href=\"https:\/\/tvrobles.lamula.pe\/2017\/08\/18\/inauguran-exposicion-transmision-de-los-valores-de-la-civilizacion-caral-en-la-gran-biblioteca-publica-de-lima\/tvrobles\/\" target=\"_blank\"><span style=\"color: #993300;\">TV Robles<\/span><\/a><\/span><\/strong><\/p>\n<div style=\"color: #1f1f1f;\">\n<p style=\"text-align: justify;\">Fecha de publicaci\u00f3n: 18\/08\/2017<\/p>\n<\/div>\n","protected":false},"excerpt":{"rendered":"<p>Ruth Shady, directora de la Zona Arqueol\u00f3gica Caral, y Alejandro Neyra, director de la Biblioteca Nacional del Per\u00fa, participaron de [&hellip;]<\/p>\n","protected":false},"author":1,"featured_media":11760,"comment_status":"closed","ping_status":"open","sticky":false,"template":"","format":"standard","meta":{"_acf_changed":false,"site-sidebar-layout":"default","site-content-layout":"","ast-site-content-layout":"default","site-content-style":"default","site-sidebar-style":"default","ast-global-header-display":"","ast-banner-title-visibility":"","ast-main-header-display":"","ast-hfb-above-header-display":"","ast-hfb-below-header-display":"","ast-hfb-mobile-header-display":"","site-post-title":"","ast-breadcrumbs-content":"","ast-featured-img":"","footer-sml-layout":"","ast-disable-related-posts":"","theme-transparent-header-meta":"","adv-header-id-meta":"","stick-header-meta":"","header-above-stick-meta":"","header-main-stick-meta":"","header-below-stick-meta":"","astra-migrate-meta-layouts":"default","ast-page-background-enabled":"default","ast-page-background-meta":{"desktop":{"background-color":"var(--ast-global-color-5)","background-image":"","background-repeat":"repeat","background-position":"center center","background-size":"auto","background-attachment":"scroll","background-type":"","background-media":"","overlay-type":"","overlay-color":"","overlay-opacity":"","overlay-gradient":""},"tablet":{"background-color":"","background-image":"","background-repeat":"repeat","background-position":"center center","background-size":"auto","background-attachment":"scroll","background-type":"","background-media":"","overlay-type":"","overlay-color":"","overlay-opacity":"","overlay-gradient":""},"mobile":{"background-color":"","background-image":"","background-repeat":"repeat","background-position":"center center","background-size":"auto","background-attachment":"scroll","background-type":"","background-media":"","overlay-type":"","overlay-color":"","overlay-opacity":"","overlay-gradient":""}},"ast-content-background-meta":{"desktop":{"background-color":"var(--ast-global-color-4)","background-image":"","background-repeat":"repeat","background-position":"center center","background-size":"auto","background-attachment":"scroll","background-type":"","background-media":"","overlay-type":"","overlay-color":"","overlay-opacity":"","overlay-gradient":""},"tablet":{"background-color":"var(--ast-global-color-4)","background-image":"","background-repeat":"repeat","background-position":"center center","background-size":"auto","background-attachment":"scroll","background-type":"","background-media":"","overlay-type":"","overlay-color":"","overlay-opacity":"","overlay-gradient":""},"mobile":{"background-color":"var(--ast-global-color-4)","background-image":"","background-repeat":"repeat","background-position":"center center","background-size":"auto","background-attachment":"scroll","background-type":"","background-media":"","overlay-type":"","overlay-color":"","overlay-opacity":"","overlay-gradient":""}},"footnotes":""},"categories":[208],"tags":[133,55,123,130,134],"class_list":["post-11759","post","type-post","status-publish","format-standard","has-post-thumbnail","hentry","category-noticias","tag-biblioteca","tag-caral","tag-exposicion","tag-museografica","tag-nacional"],"acf":[],"yoast_head":"<!-- This site is optimized with the Yoast SEO plugin v27.3 - https:\/\/yoast.com\/product\/yoast-seo-wordpress\/ -->\n<title>Inauguran exposici\u00f3n \u201cTransmisi\u00f3n de los valores de la civilizaci\u00f3n Caral\u201d en la Gran Biblioteca P\u00fablica de Lima<\/title>\n<meta name=\"description\" content=\"El pasado martes 15 de agosto, la Biblioteca Nacional del Per\u00fa (BNP) y la Zona Arqueol\u00f3gica Caral inauguraron la exposici\u00f3n \u201cTransmisi\u00f3n de los valores de la civilizaci\u00f3n Caral, 5000 a\u00f1os de vida organizada en armon\u00eda entre la sociedad y la naturaleza\u201d en la sala de exposiciones de la Gran Biblioteca P\u00fablica de Lima. El objetivo de la muestra es reconocer la importancia de los valores sociales y culturales de Caral.\" \/>\n<meta name=\"robots\" content=\"index, follow, max-snippet:-1, max-image-preview:large, max-video-preview:-1\" \/>\n<link rel=\"canonical\" href=\"https:\/\/zonacaral.gob.pe\/es\/noticias\/inauguran-exposicion-transmision-de-los-valores-de-la-civilizacion-caral-en-la-gran-biblioteca-publica-de-lima\/\" \/>\n<meta property=\"og:locale\" content=\"es_ES\" \/>\n<meta property=\"og:type\" content=\"article\" \/>\n<meta property=\"og:title\" content=\"Inauguran exposici\u00f3n \u201cTransmisi\u00f3n de los valores de la civilizaci\u00f3n Caral\u201d en la Gran Biblioteca P\u00fablica de Lima\" \/>\n<meta property=\"og:description\" content=\"El pasado martes 15 de agosto, la Biblioteca Nacional del Per\u00fa (BNP) y la Zona Arqueol\u00f3gica Caral inauguraron la exposici\u00f3n \u201cTransmisi\u00f3n de los valores de la civilizaci\u00f3n Caral, 5000 a\u00f1os de vida organizada en armon\u00eda entre la sociedad y la naturaleza\u201d en la sala de exposiciones de la Gran Biblioteca P\u00fablica de Lima. El objetivo de la muestra es reconocer la importancia de los valores sociales y culturales de Caral.\" \/>\n<meta property=\"og:url\" content=\"https:\/\/zonacaral.gob.pe\/es\/noticias\/inauguran-exposicion-transmision-de-los-valores-de-la-civilizacion-caral-en-la-gran-biblioteca-publica-de-lima\/\" \/>\n<meta property=\"og:site_name\" content=\"Zona Caral\" \/>\n<meta property=\"article:published_time\" content=\"2017-08-19T16:14:16+00:00\" \/>\n<meta property=\"og:image\" content=\"https:\/\/zonacaral.gob.pe\/wp-content\/uploads\/2017\/09\/expo-bn-tvrobles.jpg\" \/>\n\t<meta property=\"og:image:width\" content=\"700\" \/>\n\t<meta property=\"og:image:height\" content=\"467\" \/>\n\t<meta property=\"og:image:type\" content=\"image\/jpeg\" \/>\n<meta name=\"author\" content=\"Zona Caral Administrador\" \/>\n<meta name=\"twitter:card\" content=\"summary_large_image\" \/>\n<meta name=\"twitter:label1\" content=\"Written by\" \/>\n\t<meta name=\"twitter:data1\" content=\"Zona Caral Administrador\" \/>\n\t<meta name=\"twitter:label2\" content=\"Est. reading time\" \/>\n\t<meta name=\"twitter:data2\" content=\"2 minutos\" \/>\n<script type=\"application\/ld+json\" class=\"yoast-schema-graph\">{\"@context\":\"https:\\\/\\\/schema.org\",\"@graph\":[{\"@type\":\"Article\",\"@id\":\"https:\\\/\\\/zonacaral.gob.pe\\\/es\\\/noticias\\\/inauguran-exposicion-transmision-de-los-valores-de-la-civilizacion-caral-en-la-gran-biblioteca-publica-de-lima\\\/#article\",\"isPartOf\":{\"@id\":\"https:\\\/\\\/zonacaral.gob.pe\\\/es\\\/noticias\\\/inauguran-exposicion-transmision-de-los-valores-de-la-civilizacion-caral-en-la-gran-biblioteca-publica-de-lima\\\/\"},\"author\":{\"name\":\"Zona Caral Administrador\",\"@id\":\"https:\\\/\\\/zonacaral.gob.pe\\\/es\\\/#\\\/schema\\\/person\\\/beddb4d22f71a7230c5b90913270a0ee\"},\"headline\":\"Inauguran exposici\u00f3n \u201cTransmisi\u00f3n de los valores de la civilizaci\u00f3n Caral\u201d en la Gran Biblioteca P\u00fablica de Lima\",\"datePublished\":\"2017-08-19T16:14:16+00:00\",\"mainEntityOfPage\":{\"@id\":\"https:\\\/\\\/zonacaral.gob.pe\\\/es\\\/noticias\\\/inauguran-exposicion-transmision-de-los-valores-de-la-civilizacion-caral-en-la-gran-biblioteca-publica-de-lima\\\/\"},\"wordCount\":485,\"image\":{\"@id\":\"https:\\\/\\\/zonacaral.gob.pe\\\/es\\\/noticias\\\/inauguran-exposicion-transmision-de-los-valores-de-la-civilizacion-caral-en-la-gran-biblioteca-publica-de-lima\\\/#primaryimage\"},\"thumbnailUrl\":\"https:\\\/\\\/zonacaral.gob.pe\\\/wp-content\\\/uploads\\\/2017\\\/09\\\/expo-bn-tvrobles.jpg\",\"keywords\":[\"biblioteca\",\"caral\",\"exposicion\",\"museogr\u00e1fica\",\"nacional\"],\"articleSection\":[\"noticias\"],\"inLanguage\":\"es-PE\"},{\"@type\":\"WebPage\",\"@id\":\"https:\\\/\\\/zonacaral.gob.pe\\\/es\\\/noticias\\\/inauguran-exposicion-transmision-de-los-valores-de-la-civilizacion-caral-en-la-gran-biblioteca-publica-de-lima\\\/\",\"url\":\"https:\\\/\\\/zonacaral.gob.pe\\\/es\\\/noticias\\\/inauguran-exposicion-transmision-de-los-valores-de-la-civilizacion-caral-en-la-gran-biblioteca-publica-de-lima\\\/\",\"name\":\"Inauguran exposici\u00f3n \u201cTransmisi\u00f3n de los valores de la civilizaci\u00f3n Caral\u201d en la Gran Biblioteca P\u00fablica de Lima\",\"isPartOf\":{\"@id\":\"https:\\\/\\\/zonacaral.gob.pe\\\/es\\\/#website\"},\"primaryImageOfPage\":{\"@id\":\"https:\\\/\\\/zonacaral.gob.pe\\\/es\\\/noticias\\\/inauguran-exposicion-transmision-de-los-valores-de-la-civilizacion-caral-en-la-gran-biblioteca-publica-de-lima\\\/#primaryimage\"},\"image\":{\"@id\":\"https:\\\/\\\/zonacaral.gob.pe\\\/es\\\/noticias\\\/inauguran-exposicion-transmision-de-los-valores-de-la-civilizacion-caral-en-la-gran-biblioteca-publica-de-lima\\\/#primaryimage\"},\"thumbnailUrl\":\"https:\\\/\\\/zonacaral.gob.pe\\\/wp-content\\\/uploads\\\/2017\\\/09\\\/expo-bn-tvrobles.jpg\",\"datePublished\":\"2017-08-19T16:14:16+00:00\",\"author\":{\"@id\":\"https:\\\/\\\/zonacaral.gob.pe\\\/es\\\/#\\\/schema\\\/person\\\/beddb4d22f71a7230c5b90913270a0ee\"},\"description\":\"El pasado martes 15 de agosto, la Biblioteca Nacional del Per\u00fa (BNP) y la Zona Arqueol\u00f3gica Caral inauguraron la exposici\u00f3n \u201cTransmisi\u00f3n de los valores de la civilizaci\u00f3n Caral, 5000 a\u00f1os de vida organizada en armon\u00eda entre la sociedad y la naturaleza\u201d en la sala de exposiciones de la Gran Biblioteca P\u00fablica de Lima. El objetivo de la muestra es reconocer la importancia de los valores sociales y culturales de Caral.\",\"breadcrumb\":{\"@id\":\"https:\\\/\\\/zonacaral.gob.pe\\\/es\\\/noticias\\\/inauguran-exposicion-transmision-de-los-valores-de-la-civilizacion-caral-en-la-gran-biblioteca-publica-de-lima\\\/#breadcrumb\"},\"inLanguage\":\"es-PE\",\"potentialAction\":[{\"@type\":\"ReadAction\",\"target\":[\"https:\\\/\\\/zonacaral.gob.pe\\\/es\\\/noticias\\\/inauguran-exposicion-transmision-de-los-valores-de-la-civilizacion-caral-en-la-gran-biblioteca-publica-de-lima\\\/\"]}]},{\"@type\":\"ImageObject\",\"inLanguage\":\"es-PE\",\"@id\":\"https:\\\/\\\/zonacaral.gob.pe\\\/es\\\/noticias\\\/inauguran-exposicion-transmision-de-los-valores-de-la-civilizacion-caral-en-la-gran-biblioteca-publica-de-lima\\\/#primaryimage\",\"url\":\"https:\\\/\\\/zonacaral.gob.pe\\\/wp-content\\\/uploads\\\/2017\\\/09\\\/expo-bn-tvrobles.jpg\",\"contentUrl\":\"https:\\\/\\\/zonacaral.gob.pe\\\/wp-content\\\/uploads\\\/2017\\\/09\\\/expo-bn-tvrobles.jpg\",\"width\":700,\"height\":467},{\"@type\":\"BreadcrumbList\",\"@id\":\"https:\\\/\\\/zonacaral.gob.pe\\\/es\\\/noticias\\\/inauguran-exposicion-transmision-de-los-valores-de-la-civilizacion-caral-en-la-gran-biblioteca-publica-de-lima\\\/#breadcrumb\",\"itemListElement\":[{\"@type\":\"ListItem\",\"position\":1,\"name\":\"Portada\",\"item\":\"https:\\\/\\\/zonacaral.gob.pe\\\/\"},{\"@type\":\"ListItem\",\"position\":2,\"name\":\"Inauguran exposici\u00f3n \u201cTransmisi\u00f3n de los valores de la civilizaci\u00f3n Caral\u201d en la Gran Biblioteca P\u00fablica de Lima\"}]},{\"@type\":\"WebSite\",\"@id\":\"https:\\\/\\\/zonacaral.gob.pe\\\/es\\\/#website\",\"url\":\"https:\\\/\\\/zonacaral.gob.pe\\\/es\\\/\",\"name\":\"Zona Caral\",\"description\":\"Investigamos, conservamos y difundimos el patrimonio cultural de la Civilizaci\u00f3n Caral, la m\u00e1s antigua de Am\u00e9rica.\",\"potentialAction\":[{\"@type\":\"SearchAction\",\"target\":{\"@type\":\"EntryPoint\",\"urlTemplate\":\"https:\\\/\\\/zonacaral.gob.pe\\\/es\\\/?s={search_term_string}\"},\"query-input\":{\"@type\":\"PropertyValueSpecification\",\"valueRequired\":true,\"valueName\":\"search_term_string\"}}],\"inLanguage\":\"es-PE\"},{\"@type\":\"Person\",\"@id\":\"https:\\\/\\\/zonacaral.gob.pe\\\/es\\\/#\\\/schema\\\/person\\\/beddb4d22f71a7230c5b90913270a0ee\",\"name\":\"Zona Caral Administrador\",\"image\":{\"@type\":\"ImageObject\",\"inLanguage\":\"es-PE\",\"@id\":\"https:\\\/\\\/secure.gravatar.com\\\/avatar\\\/e4be162918a696358376de6446614e0f0f4062bdc5d170d6d540ada3d8b58c12?s=96&d=mm&r=g\",\"url\":\"https:\\\/\\\/secure.gravatar.com\\\/avatar\\\/e4be162918a696358376de6446614e0f0f4062bdc5d170d6d540ada3d8b58c12?s=96&d=mm&r=g\",\"contentUrl\":\"https:\\\/\\\/secure.gravatar.com\\\/avatar\\\/e4be162918a696358376de6446614e0f0f4062bdc5d170d6d540ada3d8b58c12?s=96&d=mm&r=g\",\"caption\":\"Zona Caral Administrador\"},\"sameAs\":[\"https:\\\/\\\/zonacaral.gob.pe\"],\"url\":\"https:\\\/\\\/zonacaral.gob.pe\\\/es\\\/noticias\\\/author\\\/ad_zonacaral\\\/\"}]}<\/script>\n<!-- \/ Yoast SEO plugin. -->","yoast_head_json":{"title":"Inauguran exposici\u00f3n \u201cTransmisi\u00f3n de los valores de la civilizaci\u00f3n Caral\u201d en la Gran Biblioteca P\u00fablica de Lima","description":"El pasado martes 15 de agosto, la Biblioteca Nacional del Per\u00fa (BNP) y la Zona Arqueol\u00f3gica Caral inauguraron la exposici\u00f3n \u201cTransmisi\u00f3n de los valores de la civilizaci\u00f3n Caral, 5000 a\u00f1os de vida organizada en armon\u00eda entre la sociedad y la naturaleza\u201d en la sala de exposiciones de la Gran Biblioteca P\u00fablica de Lima. El objetivo de la muestra es reconocer la importancia de los valores sociales y culturales de Caral.","robots":{"index":"index","follow":"follow","max-snippet":"max-snippet:-1","max-image-preview":"max-image-preview:large","max-video-preview":"max-video-preview:-1"},"canonical":"https:\/\/zonacaral.gob.pe\/es\/noticias\/inauguran-exposicion-transmision-de-los-valores-de-la-civilizacion-caral-en-la-gran-biblioteca-publica-de-lima\/","og_locale":"es_ES","og_type":"article","og_title":"Inauguran exposici\u00f3n \u201cTransmisi\u00f3n de los valores de la civilizaci\u00f3n Caral\u201d en la Gran Biblioteca P\u00fablica de Lima","og_description":"El pasado martes 15 de agosto, la Biblioteca Nacional del Per\u00fa (BNP) y la Zona Arqueol\u00f3gica Caral inauguraron la exposici\u00f3n \u201cTransmisi\u00f3n de los valores de la civilizaci\u00f3n Caral, 5000 a\u00f1os de vida organizada en armon\u00eda entre la sociedad y la naturaleza\u201d en la sala de exposiciones de la Gran Biblioteca P\u00fablica de Lima. El objetivo de la muestra es reconocer la importancia de los valores sociales y culturales de Caral.","og_url":"https:\/\/zonacaral.gob.pe\/es\/noticias\/inauguran-exposicion-transmision-de-los-valores-de-la-civilizacion-caral-en-la-gran-biblioteca-publica-de-lima\/","og_site_name":"Zona Caral","article_published_time":"2017-08-19T16:14:16+00:00","og_image":[{"width":700,"height":467,"url":"https:\/\/zonacaral.gob.pe\/wp-content\/uploads\/2017\/09\/expo-bn-tvrobles.jpg","type":"image\/jpeg"}],"author":"Zona Caral Administrador","twitter_card":"summary_large_image","twitter_misc":{"Written by":"Zona Caral Administrador","Est. reading time":"2 minutos"},"schema":{"@context":"https:\/\/schema.org","@graph":[{"@type":"Article","@id":"https:\/\/zonacaral.gob.pe\/es\/noticias\/inauguran-exposicion-transmision-de-los-valores-de-la-civilizacion-caral-en-la-gran-biblioteca-publica-de-lima\/#article","isPartOf":{"@id":"https:\/\/zonacaral.gob.pe\/es\/noticias\/inauguran-exposicion-transmision-de-los-valores-de-la-civilizacion-caral-en-la-gran-biblioteca-publica-de-lima\/"},"author":{"name":"Zona Caral Administrador","@id":"https:\/\/zonacaral.gob.pe\/es\/#\/schema\/person\/beddb4d22f71a7230c5b90913270a0ee"},"headline":"Inauguran exposici\u00f3n \u201cTransmisi\u00f3n de los valores de la civilizaci\u00f3n Caral\u201d en la Gran Biblioteca P\u00fablica de Lima","datePublished":"2017-08-19T16:14:16+00:00","mainEntityOfPage":{"@id":"https:\/\/zonacaral.gob.pe\/es\/noticias\/inauguran-exposicion-transmision-de-los-valores-de-la-civilizacion-caral-en-la-gran-biblioteca-publica-de-lima\/"},"wordCount":485,"image":{"@id":"https:\/\/zonacaral.gob.pe\/es\/noticias\/inauguran-exposicion-transmision-de-los-valores-de-la-civilizacion-caral-en-la-gran-biblioteca-publica-de-lima\/#primaryimage"},"thumbnailUrl":"https:\/\/zonacaral.gob.pe\/wp-content\/uploads\/2017\/09\/expo-bn-tvrobles.jpg","keywords":["biblioteca","caral","exposicion","museogr\u00e1fica","nacional"],"articleSection":["noticias"],"inLanguage":"es-PE"},{"@type":"WebPage","@id":"https:\/\/zonacaral.gob.pe\/es\/noticias\/inauguran-exposicion-transmision-de-los-valores-de-la-civilizacion-caral-en-la-gran-biblioteca-publica-de-lima\/","url":"https:\/\/zonacaral.gob.pe\/es\/noticias\/inauguran-exposicion-transmision-de-los-valores-de-la-civilizacion-caral-en-la-gran-biblioteca-publica-de-lima\/","name":"Inauguran exposici\u00f3n \u201cTransmisi\u00f3n de los valores de la civilizaci\u00f3n Caral\u201d en la Gran Biblioteca P\u00fablica de Lima","isPartOf":{"@id":"https:\/\/zonacaral.gob.pe\/es\/#website"},"primaryImageOfPage":{"@id":"https:\/\/zonacaral.gob.pe\/es\/noticias\/inauguran-exposicion-transmision-de-los-valores-de-la-civilizacion-caral-en-la-gran-biblioteca-publica-de-lima\/#primaryimage"},"image":{"@id":"https:\/\/zonacaral.gob.pe\/es\/noticias\/inauguran-exposicion-transmision-de-los-valores-de-la-civilizacion-caral-en-la-gran-biblioteca-publica-de-lima\/#primaryimage"},"thumbnailUrl":"https:\/\/zonacaral.gob.pe\/wp-content\/uploads\/2017\/09\/expo-bn-tvrobles.jpg","datePublished":"2017-08-19T16:14:16+00:00","author":{"@id":"https:\/\/zonacaral.gob.pe\/es\/#\/schema\/person\/beddb4d22f71a7230c5b90913270a0ee"},"description":"El pasado martes 15 de agosto, la Biblioteca Nacional del Per\u00fa (BNP) y la Zona Arqueol\u00f3gica Caral inauguraron la exposici\u00f3n \u201cTransmisi\u00f3n de los valores de la civilizaci\u00f3n Caral, 5000 a\u00f1os de vida organizada en armon\u00eda entre la sociedad y la naturaleza\u201d en la sala de exposiciones de la Gran Biblioteca P\u00fablica de Lima. El objetivo de la muestra es reconocer la importancia de los valores sociales y culturales de Caral.","breadcrumb":{"@id":"https:\/\/zonacaral.gob.pe\/es\/noticias\/inauguran-exposicion-transmision-de-los-valores-de-la-civilizacion-caral-en-la-gran-biblioteca-publica-de-lima\/#breadcrumb"},"inLanguage":"es-PE","potentialAction":[{"@type":"ReadAction","target":["https:\/\/zonacaral.gob.pe\/es\/noticias\/inauguran-exposicion-transmision-de-los-valores-de-la-civilizacion-caral-en-la-gran-biblioteca-publica-de-lima\/"]}]},{"@type":"ImageObject","inLanguage":"es-PE","@id":"https:\/\/zonacaral.gob.pe\/es\/noticias\/inauguran-exposicion-transmision-de-los-valores-de-la-civilizacion-caral-en-la-gran-biblioteca-publica-de-lima\/#primaryimage","url":"https:\/\/zonacaral.gob.pe\/wp-content\/uploads\/2017\/09\/expo-bn-tvrobles.jpg","contentUrl":"https:\/\/zonacaral.gob.pe\/wp-content\/uploads\/2017\/09\/expo-bn-tvrobles.jpg","width":700,"height":467},{"@type":"BreadcrumbList","@id":"https:\/\/zonacaral.gob.pe\/es\/noticias\/inauguran-exposicion-transmision-de-los-valores-de-la-civilizacion-caral-en-la-gran-biblioteca-publica-de-lima\/#breadcrumb","itemListElement":[{"@type":"ListItem","position":1,"name":"Portada","item":"https:\/\/zonacaral.gob.pe\/"},{"@type":"ListItem","position":2,"name":"Inauguran exposici\u00f3n \u201cTransmisi\u00f3n de los valores de la civilizaci\u00f3n Caral\u201d en la Gran Biblioteca P\u00fablica de Lima"}]},{"@type":"WebSite","@id":"https:\/\/zonacaral.gob.pe\/es\/#website","url":"https:\/\/zonacaral.gob.pe\/es\/","name":"Zona Caral","description":"Investigamos, conservamos y difundimos el patrimonio cultural de la Civilizaci\u00f3n Caral, la m\u00e1s antigua de Am\u00e9rica.","potentialAction":[{"@type":"SearchAction","target":{"@type":"EntryPoint","urlTemplate":"https:\/\/zonacaral.gob.pe\/es\/?s={search_term_string}"},"query-input":{"@type":"PropertyValueSpecification","valueRequired":true,"valueName":"search_term_string"}}],"inLanguage":"es-PE"},{"@type":"Person","@id":"https:\/\/zonacaral.gob.pe\/es\/#\/schema\/person\/beddb4d22f71a7230c5b90913270a0ee","name":"Zona Caral Administrador","image":{"@type":"ImageObject","inLanguage":"es-PE","@id":"https:\/\/secure.gravatar.com\/avatar\/e4be162918a696358376de6446614e0f0f4062bdc5d170d6d540ada3d8b58c12?s=96&d=mm&r=g","url":"https:\/\/secure.gravatar.com\/avatar\/e4be162918a696358376de6446614e0f0f4062bdc5d170d6d540ada3d8b58c12?s=96&d=mm&r=g","contentUrl":"https:\/\/secure.gravatar.com\/avatar\/e4be162918a696358376de6446614e0f0f4062bdc5d170d6d540ada3d8b58c12?s=96&d=mm&r=g","caption":"Zona Caral Administrador"},"sameAs":["https:\/\/zonacaral.gob.pe"],"url":"https:\/\/zonacaral.gob.pe\/es\/noticias\/author\/ad_zonacaral\/"}]}},"_links":{"self":[{"href":"https:\/\/zonacaral.gob.pe\/es\/wp-json\/wp\/v2\/posts\/11759","targetHints":{"allow":["GET"]}}],"collection":[{"href":"https:\/\/zonacaral.gob.pe\/es\/wp-json\/wp\/v2\/posts"}],"about":[{"href":"https:\/\/zonacaral.gob.pe\/es\/wp-json\/wp\/v2\/types\/post"}],"author":[{"embeddable":true,"href":"https:\/\/zonacaral.gob.pe\/es\/wp-json\/wp\/v2\/users\/1"}],"replies":[{"embeddable":true,"href":"https:\/\/zonacaral.gob.pe\/es\/wp-json\/wp\/v2\/comments?post=11759"}],"version-history":[{"count":0,"href":"https:\/\/zonacaral.gob.pe\/es\/wp-json\/wp\/v2\/posts\/11759\/revisions"}],"wp:featuredmedia":[{"embeddable":true,"href":"https:\/\/zonacaral.gob.pe\/es\/wp-json\/wp\/v2\/media\/11760"}],"wp:attachment":[{"href":"https:\/\/zonacaral.gob.pe\/es\/wp-json\/wp\/v2\/media?parent=11759"}],"wp:term":[{"taxonomy":"category","embeddable":true,"href":"https:\/\/zonacaral.gob.pe\/es\/wp-json\/wp\/v2\/categories?post=11759"},{"taxonomy":"post_tag","embeddable":true,"href":"https:\/\/zonacaral.gob.pe\/es\/wp-json\/wp\/v2\/tags?post=11759"}],"curies":[{"name":"wp","href":"https:\/\/api.w.org\/{rel}","templated":true}]}}