{"id":11775,"date":"2017-09-19T16:01:18","date_gmt":"2017-09-19T21:01:18","guid":{"rendered":"http:\/\/www.zonacaral.gob.pe\/?p=11775"},"modified":"2017-09-19T16:01:18","modified_gmt":"2017-09-19T21:01:18","slug":"shicras-son-primera-piedra-de-villa-deportiva-para-panamericanos-2019","status":"publish","type":"post","link":"https:\/\/zonacaral.gob.pe\/es\/noticias\/shicras-son-primera-piedra-de-villa-deportiva-para-panamericanos-2019\/","title":{"rendered":"\u00abShicras\u00bb son primera piedra de Villa Deportiva para Panamericanos 2019"},"content":{"rendered":"<figure class=\"pic-autor\" style=\"color: #4d4d4d; text-align: justify;\"><\/figure>\n<blockquote><p>La Villa Panamericana tendr\u00e1 1.092 viviendas en siete edificios de entre diecinueve y veinte pisos<\/p><\/blockquote>\n<p style=\"text-align: justify;\">La Villa Deportiva de los Juegos Panamericanos de Lima 2019 comenz\u00f3 a construirse este mi\u00e9rcoles al ponerse la primera piedra del complejo urbano, donde se alojar\u00e1 la gran mayor\u00eda de los 6.600 deportistas que participar\u00e1n en las competiciones.<\/p>\n<p style=\"text-align: justify;\">La primera piedra de la Villa Panamericana, como se llamar\u00e1 la sede, consisti\u00f3 en un conjunto de \u00abshicras\u00bb, una t\u00e9cnica constructiva del Antiguo Per\u00fa consistente en hacer muros con piedras agrupadas en redes de cuerda, que dan a la estructura una mayor resistencia para soportar terremotos.<\/p>\n<p style=\"text-align: justify;\">Las \u00abshicras\u00bb fueron colocadas por el presidente Pedro Pablo Kuczynski, y el presidente de la Organizaci\u00f3n Deportiva Panamericana (Odepa), el chileno Neven Ilic, en una ceremonia ambientada en las culturas prehisp\u00e1nicas del Per\u00fa como la civilizaci\u00f3n de Caral, la m\u00e1s antigua de Am\u00e9rica.<\/p>\n<p style=\"text-align: justify;\">En el acto tambi\u00e9n participaron el presidente del comit\u00e9 organizador de los Juegos Panamericanos de Lima 2019, Carlos Neuhaus; el ministro de Transportes y Comunicaciones, Bruno Giuffra; y el alcalde de Villa El Salvador, Guido Peralta, en cuyo distrito se erigir\u00e1 la villa.<\/p>\n<p style=\"text-align: justify;\">Kuczynski asegur\u00f3 que la Villa Panamericana permitir\u00e1 tener a Villa El Salvador, situado en el sur de Lima, a las afueras de la capital peruana, \u00abun centro habitacional de primer nivel\u00bb, que despu\u00e9s ser\u00e1 utilizado para proyectos de vivienda social.<\/p>\n<p style=\"text-align: justify;\">\u00abEstoy muy contento de que estemos empezando. Estoy seguro de que Ilic ha tenido que estar un poco nervioso, pero ya ve que por fin est\u00e1n empezando, y sabemos que estar\u00e1 todo listo para los Panamericanos\u00bb, dijo Kuczynski ante las dudas suscitadas por la proximidad de los Juegos y los lentos avances en obras.<\/p>\n<p style=\"text-align: justify;\">Neuhaus explic\u00f3 que la Villa Panamericana tendr\u00e1 1.092 viviendas en siete edificios de entre diecinueve y veinte pisos, que estar\u00e1n finalizados \u00aba m\u00e1s tardar en febrero de 2019, y si lo hacen bien, lo m\u00e1s probable es que terminen antes\u00bb.<\/p>\n<p style=\"text-align: justify;\">El presidente del Copal valor\u00f3 los trabajos realizados previamente por el Ej\u00e9rcito del Per\u00fa para nivelar el terreno donde se levantar\u00e1 la villa, lo que permiti\u00f3 reducir en tres meses el per\u00edodo de la construcci\u00f3n.<\/p>\n<p style=\"text-align: justify;\">Por su parte, Ilic resalt\u00f3 que las obras para los Panamericanos de 2019 comiencen con una tan simb\u00f3lica e importante como la villa, \u00abun tremendo proyecto para Per\u00fa y para el desarrollo de su deporte\u00bb.<\/p>\n<p style=\"text-align: justify;\">\u00abEs un punto de partida espectacular. Quiero reconocer el tremendo compromiso del presidente y del trabajo realizado por el equipo liderado por Neuhaus\u00bb, destac\u00f3 Ilic.<\/p>\n<p style=\"text-align: justify;\">La Villa Panamericana ser\u00e1 construida por Besco, la filial en Per\u00fa del grupo chileno Besalco, y tendr\u00e1 un coste de alrededor de 313 millones de soles (unos 96 millones de d\u00f3lares), cerca de un 60 % menos que el proyecto original, que contemplaba 39 torres con apartamentos de 95 metros cuadrados en lugar de los 75 metros cuadrados actuales.<\/p>\n<p><iframe style=\"border: none; overflow: hidden;\" src=\"https:\/\/www.facebook.com\/plugins\/video.php?href=https%3A%2F%2Fwww.facebook.com%2FCARALPERU%2Fvideos%2F1546607168711473%2F&amp;show_text=0&amp;width=476\" width=\"476\" height=\"476\" frameborder=\"0\" scrolling=\"no\" allowfullscreen=\"allowfullscreen\"><\/iframe><\/p>\n<p style=\"text-align: justify;\"><strong>Fuente:\u00a0<a href=\"http:\/\/diariocorreo.pe\/deportes\/ppk-pone-primera-piedra-de-villa-deportiva-para-panamericanos-2019-773581\/\" target=\"_blank\"><span style=\"color: #993300;\">Diario\u00a0Correo<\/span><\/a><\/strong><\/p>\n<div style=\"color: #1f1f1f;\">\n<p style=\"text-align: justify;\">Fecha de publicaci\u00f3n: 13\/09\/2017<\/p>\n<\/div>\n","protected":false},"excerpt":{"rendered":"<p>La Villa Panamericana tendr\u00e1 1.092 viviendas en siete edificios de entre diecinueve y veinte pisos La Villa Deportiva de los [&hellip;]<\/p>\n","protected":false},"author":1,"featured_media":11777,"comment_status":"closed","ping_status":"open","sticky":false,"template":"","format":"standard","meta":{"_acf_changed":false,"site-sidebar-layout":"default","site-content-layout":"","ast-site-content-layout":"default","site-content-style":"default","site-sidebar-style":"default","ast-global-header-display":"","ast-banner-title-visibility":"","ast-main-header-display":"","ast-hfb-above-header-display":"","ast-hfb-below-header-display":"","ast-hfb-mobile-header-display":"","site-post-title":"","ast-breadcrumbs-content":"","ast-featured-img":"","footer-sml-layout":"","ast-disable-related-posts":"","theme-transparent-header-meta":"","adv-header-id-meta":"","stick-header-meta":"","header-above-stick-meta":"","header-main-stick-meta":"","header-below-stick-meta":"","astra-migrate-meta-layouts":"default","ast-page-background-enabled":"default","ast-page-background-meta":{"desktop":{"background-color":"var(--ast-global-color-5)","background-image":"","background-repeat":"repeat","background-position":"center center","background-size":"auto","background-attachment":"scroll","background-type":"","background-media":"","overlay-type":"","overlay-color":"","overlay-opacity":"","overlay-gradient":""},"tablet":{"background-color":"","background-image":"","background-repeat":"repeat","background-position":"center center","background-size":"auto","background-attachment":"scroll","background-type":"","background-media":"","overlay-type":"","overlay-color":"","overlay-opacity":"","overlay-gradient":""},"mobile":{"background-color":"","background-image":"","background-repeat":"repeat","background-position":"center center","background-size":"auto","background-attachment":"scroll","background-type":"","background-media":"","overlay-type":"","overlay-color":"","overlay-opacity":"","overlay-gradient":""}},"ast-content-background-meta":{"desktop":{"background-color":"var(--ast-global-color-4)","background-image":"","background-repeat":"repeat","background-position":"center center","background-size":"auto","background-attachment":"scroll","background-type":"","background-media":"","overlay-type":"","overlay-color":"","overlay-opacity":"","overlay-gradient":""},"tablet":{"background-color":"var(--ast-global-color-4)","background-image":"","background-repeat":"repeat","background-position":"center center","background-size":"auto","background-attachment":"scroll","background-type":"","background-media":"","overlay-type":"","overlay-color":"","overlay-opacity":"","overlay-gradient":""},"mobile":{"background-color":"var(--ast-global-color-4)","background-image":"","background-repeat":"repeat","background-position":"center center","background-size":"auto","background-attachment":"scroll","background-type":"","background-media":"","overlay-type":"","overlay-color":"","overlay-opacity":"","overlay-gradient":""}},"footnotes":""},"categories":[208],"tags":[55,123,135,136],"class_list":["post-11775","post","type-post","status-publish","format-standard","has-post-thumbnail","hentry","category-noticias","tag-caral","tag-exposicion","tag-lima19","tag-panamericanos"],"acf":[],"yoast_head":"<!-- This site is optimized with the Yoast SEO plugin v27.3 - https:\/\/yoast.com\/product\/yoast-seo-wordpress\/ -->\n<title>&quot;Shicras&quot; son primera piedra de Villa Deportiva para Panamericanos 2019<\/title>\n<meta name=\"description\" content=\"La Villa Deportiva de los Juegos Panamericanos de Lima 2019 comenz\u00f3 a construirse este mi\u00e9rcoles al ponerse la primera piedra del complejo urbano, donde se alojar\u00e1 la gran mayor\u00eda de los 6.600 deportistas que participar\u00e1n en las competiciones.\" \/>\n<meta name=\"robots\" content=\"index, follow, max-snippet:-1, max-image-preview:large, max-video-preview:-1\" \/>\n<link rel=\"canonical\" href=\"https:\/\/zonacaral.gob.pe\/es\/noticias\/shicras-son-primera-piedra-de-villa-deportiva-para-panamericanos-2019\/\" \/>\n<meta property=\"og:locale\" content=\"es_ES\" \/>\n<meta property=\"og:type\" content=\"article\" \/>\n<meta property=\"og:title\" content=\"&quot;Shicras&quot; son primera piedra de Villa Deportiva para Panamericanos 2019\" \/>\n<meta property=\"og:description\" content=\"La Villa Deportiva de los Juegos Panamericanos de Lima 2019 comenz\u00f3 a construirse este mi\u00e9rcoles al ponerse la primera piedra del complejo urbano, donde se alojar\u00e1 la gran mayor\u00eda de los 6.600 deportistas que participar\u00e1n en las competiciones.\" \/>\n<meta property=\"og:url\" content=\"https:\/\/zonacaral.gob.pe\/es\/noticias\/shicras-son-primera-piedra-de-villa-deportiva-para-panamericanos-2019\/\" \/>\n<meta property=\"og:site_name\" content=\"Zona Caral\" \/>\n<meta property=\"article:published_time\" content=\"2017-09-19T21:01:18+00:00\" \/>\n<meta property=\"og:image\" content=\"https:\/\/zonacaral.gob.pe\/wp-content\/uploads\/2017\/09\/lima19-18-09-2017.jpeg\" \/>\n\t<meta property=\"og:image:width\" content=\"1296\" \/>\n\t<meta property=\"og:image:height\" content=\"864\" \/>\n\t<meta property=\"og:image:type\" content=\"image\/jpeg\" \/>\n<meta name=\"author\" content=\"Zona Caral Administrador\" \/>\n<meta name=\"twitter:card\" content=\"summary_large_image\" \/>\n<meta name=\"twitter:label1\" content=\"Written by\" \/>\n\t<meta name=\"twitter:data1\" content=\"Zona Caral Administrador\" \/>\n\t<meta name=\"twitter:label2\" content=\"Est. reading time\" \/>\n\t<meta name=\"twitter:data2\" content=\"2 minutos\" \/>\n<script type=\"application\/ld+json\" class=\"yoast-schema-graph\">{\"@context\":\"https:\\\/\\\/schema.org\",\"@graph\":[{\"@type\":\"Article\",\"@id\":\"https:\\\/\\\/zonacaral.gob.pe\\\/es\\\/noticias\\\/shicras-son-primera-piedra-de-villa-deportiva-para-panamericanos-2019\\\/#article\",\"isPartOf\":{\"@id\":\"https:\\\/\\\/zonacaral.gob.pe\\\/es\\\/noticias\\\/shicras-son-primera-piedra-de-villa-deportiva-para-panamericanos-2019\\\/\"},\"author\":{\"name\":\"Zona Caral Administrador\",\"@id\":\"https:\\\/\\\/zonacaral.gob.pe\\\/es\\\/#\\\/schema\\\/person\\\/beddb4d22f71a7230c5b90913270a0ee\"},\"headline\":\"\u00abShicras\u00bb son primera piedra de Villa Deportiva para Panamericanos 2019\",\"datePublished\":\"2017-09-19T21:01:18+00:00\",\"mainEntityOfPage\":{\"@id\":\"https:\\\/\\\/zonacaral.gob.pe\\\/es\\\/noticias\\\/shicras-son-primera-piedra-de-villa-deportiva-para-panamericanos-2019\\\/\"},\"wordCount\":495,\"image\":{\"@id\":\"https:\\\/\\\/zonacaral.gob.pe\\\/es\\\/noticias\\\/shicras-son-primera-piedra-de-villa-deportiva-para-panamericanos-2019\\\/#primaryimage\"},\"thumbnailUrl\":\"https:\\\/\\\/zonacaral.gob.pe\\\/wp-content\\\/uploads\\\/2017\\\/09\\\/lima19-18-09-2017.jpeg\",\"keywords\":[\"caral\",\"exposicion\",\"lima19\",\"panamericanos\"],\"articleSection\":[\"noticias\"],\"inLanguage\":\"es-PE\"},{\"@type\":\"WebPage\",\"@id\":\"https:\\\/\\\/zonacaral.gob.pe\\\/es\\\/noticias\\\/shicras-son-primera-piedra-de-villa-deportiva-para-panamericanos-2019\\\/\",\"url\":\"https:\\\/\\\/zonacaral.gob.pe\\\/es\\\/noticias\\\/shicras-son-primera-piedra-de-villa-deportiva-para-panamericanos-2019\\\/\",\"name\":\"\\\"Shicras\\\" son primera piedra de Villa Deportiva para Panamericanos 2019\",\"isPartOf\":{\"@id\":\"https:\\\/\\\/zonacaral.gob.pe\\\/es\\\/#website\"},\"primaryImageOfPage\":{\"@id\":\"https:\\\/\\\/zonacaral.gob.pe\\\/es\\\/noticias\\\/shicras-son-primera-piedra-de-villa-deportiva-para-panamericanos-2019\\\/#primaryimage\"},\"image\":{\"@id\":\"https:\\\/\\\/zonacaral.gob.pe\\\/es\\\/noticias\\\/shicras-son-primera-piedra-de-villa-deportiva-para-panamericanos-2019\\\/#primaryimage\"},\"thumbnailUrl\":\"https:\\\/\\\/zonacaral.gob.pe\\\/wp-content\\\/uploads\\\/2017\\\/09\\\/lima19-18-09-2017.jpeg\",\"datePublished\":\"2017-09-19T21:01:18+00:00\",\"author\":{\"@id\":\"https:\\\/\\\/zonacaral.gob.pe\\\/es\\\/#\\\/schema\\\/person\\\/beddb4d22f71a7230c5b90913270a0ee\"},\"description\":\"La Villa Deportiva de los Juegos Panamericanos de Lima 2019 comenz\u00f3 a construirse este mi\u00e9rcoles al ponerse la primera piedra del complejo urbano, donde se alojar\u00e1 la gran mayor\u00eda de los 6.600 deportistas que participar\u00e1n en las competiciones.\",\"breadcrumb\":{\"@id\":\"https:\\\/\\\/zonacaral.gob.pe\\\/es\\\/noticias\\\/shicras-son-primera-piedra-de-villa-deportiva-para-panamericanos-2019\\\/#breadcrumb\"},\"inLanguage\":\"es-PE\",\"potentialAction\":[{\"@type\":\"ReadAction\",\"target\":[\"https:\\\/\\\/zonacaral.gob.pe\\\/es\\\/noticias\\\/shicras-son-primera-piedra-de-villa-deportiva-para-panamericanos-2019\\\/\"]}]},{\"@type\":\"ImageObject\",\"inLanguage\":\"es-PE\",\"@id\":\"https:\\\/\\\/zonacaral.gob.pe\\\/es\\\/noticias\\\/shicras-son-primera-piedra-de-villa-deportiva-para-panamericanos-2019\\\/#primaryimage\",\"url\":\"https:\\\/\\\/zonacaral.gob.pe\\\/wp-content\\\/uploads\\\/2017\\\/09\\\/lima19-18-09-2017.jpeg\",\"contentUrl\":\"https:\\\/\\\/zonacaral.gob.pe\\\/wp-content\\\/uploads\\\/2017\\\/09\\\/lima19-18-09-2017.jpeg\",\"width\":1296,\"height\":864},{\"@type\":\"BreadcrumbList\",\"@id\":\"https:\\\/\\\/zonacaral.gob.pe\\\/es\\\/noticias\\\/shicras-son-primera-piedra-de-villa-deportiva-para-panamericanos-2019\\\/#breadcrumb\",\"itemListElement\":[{\"@type\":\"ListItem\",\"position\":1,\"name\":\"Portada\",\"item\":\"https:\\\/\\\/zonacaral.gob.pe\\\/\"},{\"@type\":\"ListItem\",\"position\":2,\"name\":\"\u00abShicras\u00bb son primera piedra de Villa Deportiva para Panamericanos 2019\"}]},{\"@type\":\"WebSite\",\"@id\":\"https:\\\/\\\/zonacaral.gob.pe\\\/es\\\/#website\",\"url\":\"https:\\\/\\\/zonacaral.gob.pe\\\/es\\\/\",\"name\":\"Zona Caral\",\"description\":\"Investigamos, conservamos y difundimos el patrimonio cultural de la Civilizaci\u00f3n Caral, la m\u00e1s antigua de Am\u00e9rica.\",\"potentialAction\":[{\"@type\":\"SearchAction\",\"target\":{\"@type\":\"EntryPoint\",\"urlTemplate\":\"https:\\\/\\\/zonacaral.gob.pe\\\/es\\\/?s={search_term_string}\"},\"query-input\":{\"@type\":\"PropertyValueSpecification\",\"valueRequired\":true,\"valueName\":\"search_term_string\"}}],\"inLanguage\":\"es-PE\"},{\"@type\":\"Person\",\"@id\":\"https:\\\/\\\/zonacaral.gob.pe\\\/es\\\/#\\\/schema\\\/person\\\/beddb4d22f71a7230c5b90913270a0ee\",\"name\":\"Zona Caral Administrador\",\"image\":{\"@type\":\"ImageObject\",\"inLanguage\":\"es-PE\",\"@id\":\"https:\\\/\\\/secure.gravatar.com\\\/avatar\\\/e4be162918a696358376de6446614e0f0f4062bdc5d170d6d540ada3d8b58c12?s=96&d=mm&r=g\",\"url\":\"https:\\\/\\\/secure.gravatar.com\\\/avatar\\\/e4be162918a696358376de6446614e0f0f4062bdc5d170d6d540ada3d8b58c12?s=96&d=mm&r=g\",\"contentUrl\":\"https:\\\/\\\/secure.gravatar.com\\\/avatar\\\/e4be162918a696358376de6446614e0f0f4062bdc5d170d6d540ada3d8b58c12?s=96&d=mm&r=g\",\"caption\":\"Zona Caral Administrador\"},\"sameAs\":[\"https:\\\/\\\/zonacaral.gob.pe\"],\"url\":\"https:\\\/\\\/zonacaral.gob.pe\\\/es\\\/noticias\\\/author\\\/ad_zonacaral\\\/\"}]}<\/script>\n<!-- \/ Yoast SEO plugin. -->","yoast_head_json":{"title":"\"Shicras\" son primera piedra de Villa Deportiva para Panamericanos 2019","description":"La Villa Deportiva de los Juegos Panamericanos de Lima 2019 comenz\u00f3 a construirse este mi\u00e9rcoles al ponerse la primera piedra del complejo urbano, donde se alojar\u00e1 la gran mayor\u00eda de los 6.600 deportistas que participar\u00e1n en las competiciones.","robots":{"index":"index","follow":"follow","max-snippet":"max-snippet:-1","max-image-preview":"max-image-preview:large","max-video-preview":"max-video-preview:-1"},"canonical":"https:\/\/zonacaral.gob.pe\/es\/noticias\/shicras-son-primera-piedra-de-villa-deportiva-para-panamericanos-2019\/","og_locale":"es_ES","og_type":"article","og_title":"\"Shicras\" son primera piedra de Villa Deportiva para Panamericanos 2019","og_description":"La Villa Deportiva de los Juegos Panamericanos de Lima 2019 comenz\u00f3 a construirse este mi\u00e9rcoles al ponerse la primera piedra del complejo urbano, donde se alojar\u00e1 la gran mayor\u00eda de los 6.600 deportistas que participar\u00e1n en las competiciones.","og_url":"https:\/\/zonacaral.gob.pe\/es\/noticias\/shicras-son-primera-piedra-de-villa-deportiva-para-panamericanos-2019\/","og_site_name":"Zona Caral","article_published_time":"2017-09-19T21:01:18+00:00","og_image":[{"width":1296,"height":864,"url":"https:\/\/zonacaral.gob.pe\/wp-content\/uploads\/2017\/09\/lima19-18-09-2017.jpeg","type":"image\/jpeg"}],"author":"Zona Caral Administrador","twitter_card":"summary_large_image","twitter_misc":{"Written by":"Zona Caral Administrador","Est. reading time":"2 minutos"},"schema":{"@context":"https:\/\/schema.org","@graph":[{"@type":"Article","@id":"https:\/\/zonacaral.gob.pe\/es\/noticias\/shicras-son-primera-piedra-de-villa-deportiva-para-panamericanos-2019\/#article","isPartOf":{"@id":"https:\/\/zonacaral.gob.pe\/es\/noticias\/shicras-son-primera-piedra-de-villa-deportiva-para-panamericanos-2019\/"},"author":{"name":"Zona Caral Administrador","@id":"https:\/\/zonacaral.gob.pe\/es\/#\/schema\/person\/beddb4d22f71a7230c5b90913270a0ee"},"headline":"\u00abShicras\u00bb son primera piedra de Villa Deportiva para Panamericanos 2019","datePublished":"2017-09-19T21:01:18+00:00","mainEntityOfPage":{"@id":"https:\/\/zonacaral.gob.pe\/es\/noticias\/shicras-son-primera-piedra-de-villa-deportiva-para-panamericanos-2019\/"},"wordCount":495,"image":{"@id":"https:\/\/zonacaral.gob.pe\/es\/noticias\/shicras-son-primera-piedra-de-villa-deportiva-para-panamericanos-2019\/#primaryimage"},"thumbnailUrl":"https:\/\/zonacaral.gob.pe\/wp-content\/uploads\/2017\/09\/lima19-18-09-2017.jpeg","keywords":["caral","exposicion","lima19","panamericanos"],"articleSection":["noticias"],"inLanguage":"es-PE"},{"@type":"WebPage","@id":"https:\/\/zonacaral.gob.pe\/es\/noticias\/shicras-son-primera-piedra-de-villa-deportiva-para-panamericanos-2019\/","url":"https:\/\/zonacaral.gob.pe\/es\/noticias\/shicras-son-primera-piedra-de-villa-deportiva-para-panamericanos-2019\/","name":"\"Shicras\" son primera piedra de Villa Deportiva para Panamericanos 2019","isPartOf":{"@id":"https:\/\/zonacaral.gob.pe\/es\/#website"},"primaryImageOfPage":{"@id":"https:\/\/zonacaral.gob.pe\/es\/noticias\/shicras-son-primera-piedra-de-villa-deportiva-para-panamericanos-2019\/#primaryimage"},"image":{"@id":"https:\/\/zonacaral.gob.pe\/es\/noticias\/shicras-son-primera-piedra-de-villa-deportiva-para-panamericanos-2019\/#primaryimage"},"thumbnailUrl":"https:\/\/zonacaral.gob.pe\/wp-content\/uploads\/2017\/09\/lima19-18-09-2017.jpeg","datePublished":"2017-09-19T21:01:18+00:00","author":{"@id":"https:\/\/zonacaral.gob.pe\/es\/#\/schema\/person\/beddb4d22f71a7230c5b90913270a0ee"},"description":"La Villa Deportiva de los Juegos Panamericanos de Lima 2019 comenz\u00f3 a construirse este mi\u00e9rcoles al ponerse la primera piedra del complejo urbano, donde se alojar\u00e1 la gran mayor\u00eda de los 6.600 deportistas que participar\u00e1n en las competiciones.","breadcrumb":{"@id":"https:\/\/zonacaral.gob.pe\/es\/noticias\/shicras-son-primera-piedra-de-villa-deportiva-para-panamericanos-2019\/#breadcrumb"},"inLanguage":"es-PE","potentialAction":[{"@type":"ReadAction","target":["https:\/\/zonacaral.gob.pe\/es\/noticias\/shicras-son-primera-piedra-de-villa-deportiva-para-panamericanos-2019\/"]}]},{"@type":"ImageObject","inLanguage":"es-PE","@id":"https:\/\/zonacaral.gob.pe\/es\/noticias\/shicras-son-primera-piedra-de-villa-deportiva-para-panamericanos-2019\/#primaryimage","url":"https:\/\/zonacaral.gob.pe\/wp-content\/uploads\/2017\/09\/lima19-18-09-2017.jpeg","contentUrl":"https:\/\/zonacaral.gob.pe\/wp-content\/uploads\/2017\/09\/lima19-18-09-2017.jpeg","width":1296,"height":864},{"@type":"BreadcrumbList","@id":"https:\/\/zonacaral.gob.pe\/es\/noticias\/shicras-son-primera-piedra-de-villa-deportiva-para-panamericanos-2019\/#breadcrumb","itemListElement":[{"@type":"ListItem","position":1,"name":"Portada","item":"https:\/\/zonacaral.gob.pe\/"},{"@type":"ListItem","position":2,"name":"\u00abShicras\u00bb son primera piedra de Villa Deportiva para Panamericanos 2019"}]},{"@type":"WebSite","@id":"https:\/\/zonacaral.gob.pe\/es\/#website","url":"https:\/\/zonacaral.gob.pe\/es\/","name":"Zona Caral","description":"Investigamos, conservamos y difundimos el patrimonio cultural de la Civilizaci\u00f3n Caral, la m\u00e1s antigua de Am\u00e9rica.","potentialAction":[{"@type":"SearchAction","target":{"@type":"EntryPoint","urlTemplate":"https:\/\/zonacaral.gob.pe\/es\/?s={search_term_string}"},"query-input":{"@type":"PropertyValueSpecification","valueRequired":true,"valueName":"search_term_string"}}],"inLanguage":"es-PE"},{"@type":"Person","@id":"https:\/\/zonacaral.gob.pe\/es\/#\/schema\/person\/beddb4d22f71a7230c5b90913270a0ee","name":"Zona Caral Administrador","image":{"@type":"ImageObject","inLanguage":"es-PE","@id":"https:\/\/secure.gravatar.com\/avatar\/e4be162918a696358376de6446614e0f0f4062bdc5d170d6d540ada3d8b58c12?s=96&d=mm&r=g","url":"https:\/\/secure.gravatar.com\/avatar\/e4be162918a696358376de6446614e0f0f4062bdc5d170d6d540ada3d8b58c12?s=96&d=mm&r=g","contentUrl":"https:\/\/secure.gravatar.com\/avatar\/e4be162918a696358376de6446614e0f0f4062bdc5d170d6d540ada3d8b58c12?s=96&d=mm&r=g","caption":"Zona Caral Administrador"},"sameAs":["https:\/\/zonacaral.gob.pe"],"url":"https:\/\/zonacaral.gob.pe\/es\/noticias\/author\/ad_zonacaral\/"}]}},"_links":{"self":[{"href":"https:\/\/zonacaral.gob.pe\/es\/wp-json\/wp\/v2\/posts\/11775","targetHints":{"allow":["GET"]}}],"collection":[{"href":"https:\/\/zonacaral.gob.pe\/es\/wp-json\/wp\/v2\/posts"}],"about":[{"href":"https:\/\/zonacaral.gob.pe\/es\/wp-json\/wp\/v2\/types\/post"}],"author":[{"embeddable":true,"href":"https:\/\/zonacaral.gob.pe\/es\/wp-json\/wp\/v2\/users\/1"}],"replies":[{"embeddable":true,"href":"https:\/\/zonacaral.gob.pe\/es\/wp-json\/wp\/v2\/comments?post=11775"}],"version-history":[{"count":0,"href":"https:\/\/zonacaral.gob.pe\/es\/wp-json\/wp\/v2\/posts\/11775\/revisions"}],"wp:featuredmedia":[{"embeddable":true,"href":"https:\/\/zonacaral.gob.pe\/es\/wp-json\/wp\/v2\/media\/11777"}],"wp:attachment":[{"href":"https:\/\/zonacaral.gob.pe\/es\/wp-json\/wp\/v2\/media?parent=11775"}],"wp:term":[{"taxonomy":"category","embeddable":true,"href":"https:\/\/zonacaral.gob.pe\/es\/wp-json\/wp\/v2\/categories?post=11775"},{"taxonomy":"post_tag","embeddable":true,"href":"https:\/\/zonacaral.gob.pe\/es\/wp-json\/wp\/v2\/tags?post=11775"}],"curies":[{"name":"wp","href":"https:\/\/api.w.org\/{rel}","templated":true}]}}