{"id":11859,"date":"2017-10-19T15:54:00","date_gmt":"2017-10-19T20:54:00","guid":{"rendered":"http:\/\/www.zonacaral.gob.pe\/?p=11859"},"modified":"2017-10-19T15:54:00","modified_gmt":"2017-10-19T20:54:00","slug":"universidad-garcilaso-condecoro-a-directora-y-arqueologos-de-la-zona-arqueologica-caral","status":"publish","type":"post","link":"https:\/\/zonacaral.gob.pe\/es\/noticias\/universidad-garcilaso-condecoro-a-directora-y-arqueologos-de-la-zona-arqueologica-caral\/","title":{"rendered":"Universidad Garcilaso condecor\u00f3 a directora y arque\u00f3logos de la Zona Arqueol\u00f3gica Caral"},"content":{"rendered":"<figure class=\"pic-autor\" style=\"color: #4d4d4d; text-align: justify;\"><\/figure>\n<blockquote>\n<p style=\"text-align: justify;\">En reconocimiento a su destacada trayectoria en la investigaci\u00f3n, su gran aporte a nuestra cultura y los trabajos realizados en la revalorizaci\u00f3n de la arqueolog\u00eda peruana, la Universidad Garcilaso otorg\u00f3 el grado de Doctor Honoris Causa a la directora de la Zona Arqueol\u00f3gica Caral (ZAC) Dra. Ruth Shady Sol\u00eds. Del mismo modo, esta casa de estudios entreg\u00f3 la Medalla Inca Garcilaso de la Vega al grupo de arque\u00f3logos que trabajan en la mencionada zona arqueol\u00f3gica.<\/p>\n<\/blockquote>\n<p>La Dra. Ruth Shady Sol\u00eds es una destaca antrop\u00f3loga, arque\u00f3loga y educadora reconocida por su labor de revalorizaci\u00f3n y dataci\u00f3n de Caral. Adem\u00e1s de directora de la ZAC, actualmente dirige la Escuela Acad\u00e9mica Profesional de Arqueolog\u00eda de la Facultad de Ciencias Sociales de la Universidad Nacional Mayor de San Marcos y ha desempe\u00f1ado cargos importantes como Decana del Colegio Profesional de Arque\u00f3logos del Per\u00fa, presidenta del Comit\u00e9 Nacional del Per\u00fa del Consejo Internacional de Monumentos y Sitios (ICOMOS), directora del Museo Nacional de Arqueolog\u00eda y Antropolog\u00eda del Per\u00fa, entre otros.<\/p>\n<p>La ceremonia de condecoraci\u00f3n, que se desarroll\u00f3 en las instalaciones de la Facultad de las Ingenier\u00edas y de Comercio Exterior y Relaciones Internacionales, estuvo presidida por el rector Dr. Luis Cervantes Li\u00f1\u00e1n, el vicerrector acad\u00e9mico Dr. Jorge Lazo Manrique, el vicerrector de investigaci\u00f3n y posgrado Dr. Juan Carlos C\u00f3rdova Palacios, el decano de la Facultad de Ingenier\u00eda de Sistemas, C\u00f3mputo y Telecomunicaciones Dr. An\u00edbal Quispe Barzola y la homenajeada Dra. Ruth Shady Sol\u00eds.<\/p>\n<p>Del mismo modo, estuvieron presentes los decanos de las diversas facultades, el grupo de trabajo de la Zona Arqueol\u00f3gica Caral, as\u00ed como docentes, estudiantes y amistades de la flamante homenajeada.<\/p>\n<p>El evento se inici\u00f3 con la lectura de la semblanza de la agasajada a cargo del decano anfitri\u00f3n Dr. An\u00edbal Quispe Barzola, quien resalt\u00f3 el excelente trabajo que viene realizando la Dra. Ruth Shady Sol\u00eds, caracterizado por la aproximaci\u00f3n multidisciplinaria y la vinculaci\u00f3n del patrimonio arqueol\u00f3gico con las poblaciones actuales del entorno peruano, as\u00ed como la producci\u00f3n cient\u00edfica y la ejecuci\u00f3n de proyectos con responsabilidad social.<\/p>\n<p>Despu\u00e9s de recordar sus principales publicaciones, condecoraciones, cargos e investigaciones, el Decano explic\u00f3 que la homenajeada ha obtenido becas en diversos programas de estudios como el funcionamiento de laboratorios cient\u00edficos con experiencia en los centros del \u201cMuseo de Louvre\u201d en Par\u00eds, \u201cSophia Ant\u00edpolis\u201d en Niza y en el \u201cInstituto de Energ\u00eda Nuclear\u201d en Grenoble; as\u00ed como en la organizaci\u00f3n de museos en Washington, Philadelphia, New York, Arizona, New M\u00e9xico, Berkeley y Los \u00c1ngeles en Estados Unidos; as\u00ed como en Z\u00farich (Suiza).<\/p>\n<p>El Dr. An\u00edbal Quispe resalt\u00f3 tambi\u00e9n la labor de la Dra. Ruth Shady en la Zona Arqueol\u00f3gica Caral, cuyo esfuerzo permiti\u00f3 que la Ciudad Sagrada de Caral ingrese en la lista del Patrimonio Mundial de la UNESCO en el 2009. \u201cEn 1994 fund\u00f3 el Proyecto Arqueol\u00f3gico Caral, que inici\u00f3 con la investigaci\u00f3n en Caral-Supe (conocido en esa \u00e9poca como Chupacigarro). Desde el 2003 dirige el Proyecto Especial Arqueol\u00f3gico Caral-Supe, con la finalidad de investigar, conservar y poner en valor este importante sitio que tiene evidencias de la formaci\u00f3n del Estado pristino, de las formas de vida urbana y de la civilizaci\u00f3n\u201d, apunt\u00f3.<\/p>\n<p>Seguidamente, la primera autoridad de la Universidad Dr. Luis Cervantes Li\u00f1\u00e1n, en reconocimiento a su sobresaliente labor en beneficio de la cultura peruana y la humanidad, hizo entrega de la Resoluci\u00f3n de Consejo Universitario, medalla y diploma que otorgan el grado de Doctor Honoris Causa a la Dra. Ruth Shady Sol\u00eds, manifestando su satisfacci\u00f3n por reconocer a profesionales como ella, dispuestos a cambiar la historia del Per\u00fa.<\/p>\n<p>Tras la condecoraci\u00f3n, la homenajeada brind\u00f3 palabras de agradecimiento a las autoridades de la Universidad Garcilaso por el otorgamiento de la significativa designaci\u00f3n del t\u00edtulo honorifico de Doctora Honoris Causa, adem\u00e1s de expresar su reconocimiento a los miembros de la alta direcci\u00f3n de la Zona Arqueolog\u00eda Caral por el trabajo que vienen desarrollando.<\/p>\n<p>\u201cEs muy grato para m\u00ed recibir esta distinci\u00f3n coincidiendo con el mes en que celebramos el 23\u00b0 aniversario de los inicios de nuestra labor de investigaci\u00f3n, conservaci\u00f3n y difusi\u00f3n de la historia social de la civilizaci\u00f3n Caral y tambi\u00e9n con el esfuerzo de convertir a ese importante patrimonio arqueol\u00f3gico en un eje que coadyuve a promover cambios que mejoren las condiciones de vida de nuestra sociedad\u201d, sentenci\u00f3.<\/p>\n<p>Reconocimiento al equipo de trabajo de la ZAC<\/p>\n<p>En la ceremonia, el rector Dr. Luis Cervantes Li\u00f1\u00e1n tambi\u00e9n entreg\u00f3 la Medalla Inca Garcilaso de la Vega a los arque\u00f3logos que trabajan con la Dra. Ruth Shady en la Zona Arqueol\u00f3gica Caral, en reconocimiento a su trayectoria personal, profesional y acad\u00e9mica, as\u00ed como por su aporte en investigaci\u00f3n arqueol\u00f3gica en museolog\u00eda y museograf\u00eda. Se trata del Mg. Pedro Novoa Bellota, el Mg. Carlos Leiva Arroyo, el Lic. Marco Machacuay Romero y la Arq. Edna Quispe Loayza.<\/p>\n<p>Finalmente, las autoridades e invitados se fotografiaron con los homenajeados, para luego pasar al brindis de honor, con el cual se puso broche de oro a la ceremonia de reconocimiento.<\/p>\n<p>&nbsp;<\/p>\n<p style=\"text-align: justify;\"><strong>Fuente:\u00a0<span style=\"color: #993300;\"><a href=\"https:\/\/www.uigv.edu.pe\/wp\/universidad-garcilaso-condecoro-a-directora-y-arqueologos-de-la-zona-arqueologica-caral\/\" target=\"_blank\"><span style=\"color: #993300;\">Prensa Universidad Inca Garcilaso de la Vega<\/span><\/a><\/span><\/strong><\/p>\n<div style=\"color: #1f1f1f;\">\n<p style=\"text-align: justify;\">Fecha de publicaci\u00f3n: 19\/10\/2017<\/p>\n<\/div>\n","protected":false},"excerpt":{"rendered":"<p>En reconocimiento a su destacada trayectoria en la investigaci\u00f3n, su gran aporte a nuestra cultura y los trabajos realizados en [&hellip;]<\/p>\n","protected":false},"author":1,"featured_media":11860,"comment_status":"closed","ping_status":"open","sticky":false,"template":"","format":"standard","meta":{"_acf_changed":false,"site-sidebar-layout":"default","site-content-layout":"","ast-site-content-layout":"default","site-content-style":"default","site-sidebar-style":"default","ast-global-header-display":"","ast-banner-title-visibility":"","ast-main-header-display":"","ast-hfb-above-header-display":"","ast-hfb-below-header-display":"","ast-hfb-mobile-header-display":"","site-post-title":"","ast-breadcrumbs-content":"","ast-featured-img":"","footer-sml-layout":"","ast-disable-related-posts":"","theme-transparent-header-meta":"","adv-header-id-meta":"","stick-header-meta":"","header-above-stick-meta":"","header-main-stick-meta":"","header-below-stick-meta":"","astra-migrate-meta-layouts":"default","ast-page-background-enabled":"default","ast-page-background-meta":{"desktop":{"background-color":"var(--ast-global-color-5)","background-image":"","background-repeat":"repeat","background-position":"center center","background-size":"auto","background-attachment":"scroll","background-type":"","background-media":"","overlay-type":"","overlay-color":"","overlay-opacity":"","overlay-gradient":""},"tablet":{"background-color":"","background-image":"","background-repeat":"repeat","background-position":"center center","background-size":"auto","background-attachment":"scroll","background-type":"","background-media":"","overlay-type":"","overlay-color":"","overlay-opacity":"","overlay-gradient":""},"mobile":{"background-color":"","background-image":"","background-repeat":"repeat","background-position":"center center","background-size":"auto","background-attachment":"scroll","background-type":"","background-media":"","overlay-type":"","overlay-color":"","overlay-opacity":"","overlay-gradient":""}},"ast-content-background-meta":{"desktop":{"background-color":"var(--ast-global-color-4)","background-image":"","background-repeat":"repeat","background-position":"center center","background-size":"auto","background-attachment":"scroll","background-type":"","background-media":"","overlay-type":"","overlay-color":"","overlay-opacity":"","overlay-gradient":""},"tablet":{"background-color":"var(--ast-global-color-4)","background-image":"","background-repeat":"repeat","background-position":"center center","background-size":"auto","background-attachment":"scroll","background-type":"","background-media":"","overlay-type":"","overlay-color":"","overlay-opacity":"","overlay-gradient":""},"mobile":{"background-color":"var(--ast-global-color-4)","background-image":"","background-repeat":"repeat","background-position":"center center","background-size":"auto","background-attachment":"scroll","background-type":"","background-media":"","overlay-type":"","overlay-color":"","overlay-opacity":"","overlay-gradient":""}},"footnotes":""},"categories":[208],"tags":[139,82,140],"class_list":["post-11859","post","type-post","status-publish","format-standard","has-post-thumbnail","hentry","category-noticias","tag-honoris-causa","tag-ruth-shady","tag-uigv"],"acf":[],"yoast_head":"<!-- This site is optimized with the Yoast SEO plugin v27.3 - https:\/\/yoast.com\/product\/yoast-seo-wordpress\/ -->\n<title>Directora y arque\u00f3logos de la Zona Arqueol\u00f3gica Caral son condecorados<\/title>\n<meta name=\"description\" content=\"En reconocimiento a su destacada trayectoria en la investigaci\u00f3n, su gran aporte a nuestra cultura y los trabajos realizados en la revalorizaci\u00f3n de la arqueolog\u00eda peruana, la Universidad Garcilaso otorg\u00f3 el grado de Doctor Honoris Causa a la directora de la Zona Arqueol\u00f3gica Caral (ZAC) Dra. Ruth Shady Sol\u00eds. Del mismo modo, esta casa de estudios entreg\u00f3 la Medalla Inca Garcilaso de la Vega al grupo de arque\u00f3logos que trabajan en la mencionada zona arqueol\u00f3gica.\" \/>\n<meta name=\"robots\" content=\"index, follow, max-snippet:-1, max-image-preview:large, max-video-preview:-1\" \/>\n<link rel=\"canonical\" href=\"https:\/\/zonacaral.gob.pe\/es\/noticias\/universidad-garcilaso-condecoro-a-directora-y-arqueologos-de-la-zona-arqueologica-caral\/\" \/>\n<meta property=\"og:locale\" content=\"es_ES\" \/>\n<meta property=\"og:type\" content=\"article\" \/>\n<meta property=\"og:title\" content=\"Directora y arque\u00f3logos de la Zona Arqueol\u00f3gica Caral son condecorados\" \/>\n<meta property=\"og:description\" content=\"En reconocimiento a su destacada trayectoria en la investigaci\u00f3n, su gran aporte a nuestra cultura y los trabajos realizados en la revalorizaci\u00f3n de la arqueolog\u00eda peruana, la Universidad Garcilaso otorg\u00f3 el grado de Doctor Honoris Causa a la directora de la Zona Arqueol\u00f3gica Caral (ZAC) Dra. Ruth Shady Sol\u00eds. Del mismo modo, esta casa de estudios entreg\u00f3 la Medalla Inca Garcilaso de la Vega al grupo de arque\u00f3logos que trabajan en la mencionada zona arqueol\u00f3gica.\" \/>\n<meta property=\"og:url\" content=\"https:\/\/zonacaral.gob.pe\/es\/noticias\/universidad-garcilaso-condecoro-a-directora-y-arqueologos-de-la-zona-arqueologica-caral\/\" \/>\n<meta property=\"og:site_name\" content=\"Zona Caral\" \/>\n<meta property=\"article:published_time\" content=\"2017-10-19T20:54:00+00:00\" \/>\n<meta property=\"og:image\" content=\"https:\/\/zonacaral.gob.pe\/wp-content\/uploads\/2017\/10\/honoris-causa-02.jpg\" \/>\n\t<meta property=\"og:image:width\" content=\"1100\" \/>\n\t<meta property=\"og:image:height\" content=\"742\" \/>\n\t<meta property=\"og:image:type\" content=\"image\/jpeg\" \/>\n<meta name=\"author\" content=\"Zona Caral Administrador\" \/>\n<meta name=\"twitter:card\" content=\"summary_large_image\" \/>\n<meta name=\"twitter:label1\" content=\"Written by\" \/>\n\t<meta name=\"twitter:data1\" content=\"Zona Caral Administrador\" \/>\n\t<meta name=\"twitter:label2\" content=\"Est. reading time\" \/>\n\t<meta name=\"twitter:data2\" content=\"5 minutos\" \/>\n<script type=\"application\/ld+json\" class=\"yoast-schema-graph\">{\"@context\":\"https:\\\/\\\/schema.org\",\"@graph\":[{\"@type\":\"Article\",\"@id\":\"https:\\\/\\\/zonacaral.gob.pe\\\/es\\\/noticias\\\/universidad-garcilaso-condecoro-a-directora-y-arqueologos-de-la-zona-arqueologica-caral\\\/#article\",\"isPartOf\":{\"@id\":\"https:\\\/\\\/zonacaral.gob.pe\\\/es\\\/noticias\\\/universidad-garcilaso-condecoro-a-directora-y-arqueologos-de-la-zona-arqueologica-caral\\\/\"},\"author\":{\"name\":\"Zona Caral Administrador\",\"@id\":\"https:\\\/\\\/zonacaral.gob.pe\\\/es\\\/#\\\/schema\\\/person\\\/beddb4d22f71a7230c5b90913270a0ee\"},\"headline\":\"Universidad Garcilaso condecor\u00f3 a directora y arque\u00f3logos de la Zona Arqueol\u00f3gica Caral\",\"datePublished\":\"2017-10-19T20:54:00+00:00\",\"mainEntityOfPage\":{\"@id\":\"https:\\\/\\\/zonacaral.gob.pe\\\/es\\\/noticias\\\/universidad-garcilaso-condecoro-a-directora-y-arqueologos-de-la-zona-arqueologica-caral\\\/\"},\"wordCount\":923,\"image\":{\"@id\":\"https:\\\/\\\/zonacaral.gob.pe\\\/es\\\/noticias\\\/universidad-garcilaso-condecoro-a-directora-y-arqueologos-de-la-zona-arqueologica-caral\\\/#primaryimage\"},\"thumbnailUrl\":\"https:\\\/\\\/zonacaral.gob.pe\\\/wp-content\\\/uploads\\\/2017\\\/10\\\/honoris-causa-02.jpg\",\"keywords\":[\"honoris causa\",\"Ruth Shady\",\"uigv\"],\"articleSection\":[\"noticias\"],\"inLanguage\":\"es-PE\"},{\"@type\":\"WebPage\",\"@id\":\"https:\\\/\\\/zonacaral.gob.pe\\\/es\\\/noticias\\\/universidad-garcilaso-condecoro-a-directora-y-arqueologos-de-la-zona-arqueologica-caral\\\/\",\"url\":\"https:\\\/\\\/zonacaral.gob.pe\\\/es\\\/noticias\\\/universidad-garcilaso-condecoro-a-directora-y-arqueologos-de-la-zona-arqueologica-caral\\\/\",\"name\":\"Directora y arque\u00f3logos de la Zona Arqueol\u00f3gica Caral son condecorados\",\"isPartOf\":{\"@id\":\"https:\\\/\\\/zonacaral.gob.pe\\\/es\\\/#website\"},\"primaryImageOfPage\":{\"@id\":\"https:\\\/\\\/zonacaral.gob.pe\\\/es\\\/noticias\\\/universidad-garcilaso-condecoro-a-directora-y-arqueologos-de-la-zona-arqueologica-caral\\\/#primaryimage\"},\"image\":{\"@id\":\"https:\\\/\\\/zonacaral.gob.pe\\\/es\\\/noticias\\\/universidad-garcilaso-condecoro-a-directora-y-arqueologos-de-la-zona-arqueologica-caral\\\/#primaryimage\"},\"thumbnailUrl\":\"https:\\\/\\\/zonacaral.gob.pe\\\/wp-content\\\/uploads\\\/2017\\\/10\\\/honoris-causa-02.jpg\",\"datePublished\":\"2017-10-19T20:54:00+00:00\",\"author\":{\"@id\":\"https:\\\/\\\/zonacaral.gob.pe\\\/es\\\/#\\\/schema\\\/person\\\/beddb4d22f71a7230c5b90913270a0ee\"},\"description\":\"En reconocimiento a su destacada trayectoria en la investigaci\u00f3n, su gran aporte a nuestra cultura y los trabajos realizados en la revalorizaci\u00f3n de la arqueolog\u00eda peruana, la Universidad Garcilaso otorg\u00f3 el grado de Doctor Honoris Causa a la directora de la Zona Arqueol\u00f3gica Caral (ZAC) Dra. Ruth Shady Sol\u00eds. Del mismo modo, esta casa de estudios entreg\u00f3 la Medalla Inca Garcilaso de la Vega al grupo de arque\u00f3logos que trabajan en la mencionada zona arqueol\u00f3gica.\",\"breadcrumb\":{\"@id\":\"https:\\\/\\\/zonacaral.gob.pe\\\/es\\\/noticias\\\/universidad-garcilaso-condecoro-a-directora-y-arqueologos-de-la-zona-arqueologica-caral\\\/#breadcrumb\"},\"inLanguage\":\"es-PE\",\"potentialAction\":[{\"@type\":\"ReadAction\",\"target\":[\"https:\\\/\\\/zonacaral.gob.pe\\\/es\\\/noticias\\\/universidad-garcilaso-condecoro-a-directora-y-arqueologos-de-la-zona-arqueologica-caral\\\/\"]}]},{\"@type\":\"ImageObject\",\"inLanguage\":\"es-PE\",\"@id\":\"https:\\\/\\\/zonacaral.gob.pe\\\/es\\\/noticias\\\/universidad-garcilaso-condecoro-a-directora-y-arqueologos-de-la-zona-arqueologica-caral\\\/#primaryimage\",\"url\":\"https:\\\/\\\/zonacaral.gob.pe\\\/wp-content\\\/uploads\\\/2017\\\/10\\\/honoris-causa-02.jpg\",\"contentUrl\":\"https:\\\/\\\/zonacaral.gob.pe\\\/wp-content\\\/uploads\\\/2017\\\/10\\\/honoris-causa-02.jpg\",\"width\":1100,\"height\":742},{\"@type\":\"BreadcrumbList\",\"@id\":\"https:\\\/\\\/zonacaral.gob.pe\\\/es\\\/noticias\\\/universidad-garcilaso-condecoro-a-directora-y-arqueologos-de-la-zona-arqueologica-caral\\\/#breadcrumb\",\"itemListElement\":[{\"@type\":\"ListItem\",\"position\":1,\"name\":\"Portada\",\"item\":\"https:\\\/\\\/zonacaral.gob.pe\\\/\"},{\"@type\":\"ListItem\",\"position\":2,\"name\":\"Universidad Garcilaso condecor\u00f3 a directora y arque\u00f3logos de la Zona Arqueol\u00f3gica Caral\"}]},{\"@type\":\"WebSite\",\"@id\":\"https:\\\/\\\/zonacaral.gob.pe\\\/es\\\/#website\",\"url\":\"https:\\\/\\\/zonacaral.gob.pe\\\/es\\\/\",\"name\":\"Zona Caral\",\"description\":\"Investigamos, conservamos y difundimos el patrimonio cultural de la Civilizaci\u00f3n Caral, la m\u00e1s antigua de Am\u00e9rica.\",\"potentialAction\":[{\"@type\":\"SearchAction\",\"target\":{\"@type\":\"EntryPoint\",\"urlTemplate\":\"https:\\\/\\\/zonacaral.gob.pe\\\/es\\\/?s={search_term_string}\"},\"query-input\":{\"@type\":\"PropertyValueSpecification\",\"valueRequired\":true,\"valueName\":\"search_term_string\"}}],\"inLanguage\":\"es-PE\"},{\"@type\":\"Person\",\"@id\":\"https:\\\/\\\/zonacaral.gob.pe\\\/es\\\/#\\\/schema\\\/person\\\/beddb4d22f71a7230c5b90913270a0ee\",\"name\":\"Zona Caral Administrador\",\"image\":{\"@type\":\"ImageObject\",\"inLanguage\":\"es-PE\",\"@id\":\"https:\\\/\\\/secure.gravatar.com\\\/avatar\\\/e4be162918a696358376de6446614e0f0f4062bdc5d170d6d540ada3d8b58c12?s=96&d=mm&r=g\",\"url\":\"https:\\\/\\\/secure.gravatar.com\\\/avatar\\\/e4be162918a696358376de6446614e0f0f4062bdc5d170d6d540ada3d8b58c12?s=96&d=mm&r=g\",\"contentUrl\":\"https:\\\/\\\/secure.gravatar.com\\\/avatar\\\/e4be162918a696358376de6446614e0f0f4062bdc5d170d6d540ada3d8b58c12?s=96&d=mm&r=g\",\"caption\":\"Zona Caral Administrador\"},\"sameAs\":[\"https:\\\/\\\/zonacaral.gob.pe\"],\"url\":\"https:\\\/\\\/zonacaral.gob.pe\\\/es\\\/noticias\\\/author\\\/ad_zonacaral\\\/\"}]}<\/script>\n<!-- \/ Yoast SEO plugin. -->","yoast_head_json":{"title":"Directora y arque\u00f3logos de la Zona Arqueol\u00f3gica Caral son condecorados","description":"En reconocimiento a su destacada trayectoria en la investigaci\u00f3n, su gran aporte a nuestra cultura y los trabajos realizados en la revalorizaci\u00f3n de la arqueolog\u00eda peruana, la Universidad Garcilaso otorg\u00f3 el grado de Doctor Honoris Causa a la directora de la Zona Arqueol\u00f3gica Caral (ZAC) Dra. Ruth Shady Sol\u00eds. Del mismo modo, esta casa de estudios entreg\u00f3 la Medalla Inca Garcilaso de la Vega al grupo de arque\u00f3logos que trabajan en la mencionada zona arqueol\u00f3gica.","robots":{"index":"index","follow":"follow","max-snippet":"max-snippet:-1","max-image-preview":"max-image-preview:large","max-video-preview":"max-video-preview:-1"},"canonical":"https:\/\/zonacaral.gob.pe\/es\/noticias\/universidad-garcilaso-condecoro-a-directora-y-arqueologos-de-la-zona-arqueologica-caral\/","og_locale":"es_ES","og_type":"article","og_title":"Directora y arque\u00f3logos de la Zona Arqueol\u00f3gica Caral son condecorados","og_description":"En reconocimiento a su destacada trayectoria en la investigaci\u00f3n, su gran aporte a nuestra cultura y los trabajos realizados en la revalorizaci\u00f3n de la arqueolog\u00eda peruana, la Universidad Garcilaso otorg\u00f3 el grado de Doctor Honoris Causa a la directora de la Zona Arqueol\u00f3gica Caral (ZAC) Dra. Ruth Shady Sol\u00eds. Del mismo modo, esta casa de estudios entreg\u00f3 la Medalla Inca Garcilaso de la Vega al grupo de arque\u00f3logos que trabajan en la mencionada zona arqueol\u00f3gica.","og_url":"https:\/\/zonacaral.gob.pe\/es\/noticias\/universidad-garcilaso-condecoro-a-directora-y-arqueologos-de-la-zona-arqueologica-caral\/","og_site_name":"Zona Caral","article_published_time":"2017-10-19T20:54:00+00:00","og_image":[{"width":1100,"height":742,"url":"https:\/\/zonacaral.gob.pe\/wp-content\/uploads\/2017\/10\/honoris-causa-02.jpg","type":"image\/jpeg"}],"author":"Zona Caral Administrador","twitter_card":"summary_large_image","twitter_misc":{"Written by":"Zona Caral Administrador","Est. reading time":"5 minutos"},"schema":{"@context":"https:\/\/schema.org","@graph":[{"@type":"Article","@id":"https:\/\/zonacaral.gob.pe\/es\/noticias\/universidad-garcilaso-condecoro-a-directora-y-arqueologos-de-la-zona-arqueologica-caral\/#article","isPartOf":{"@id":"https:\/\/zonacaral.gob.pe\/es\/noticias\/universidad-garcilaso-condecoro-a-directora-y-arqueologos-de-la-zona-arqueologica-caral\/"},"author":{"name":"Zona Caral Administrador","@id":"https:\/\/zonacaral.gob.pe\/es\/#\/schema\/person\/beddb4d22f71a7230c5b90913270a0ee"},"headline":"Universidad Garcilaso condecor\u00f3 a directora y arque\u00f3logos de la Zona Arqueol\u00f3gica Caral","datePublished":"2017-10-19T20:54:00+00:00","mainEntityOfPage":{"@id":"https:\/\/zonacaral.gob.pe\/es\/noticias\/universidad-garcilaso-condecoro-a-directora-y-arqueologos-de-la-zona-arqueologica-caral\/"},"wordCount":923,"image":{"@id":"https:\/\/zonacaral.gob.pe\/es\/noticias\/universidad-garcilaso-condecoro-a-directora-y-arqueologos-de-la-zona-arqueologica-caral\/#primaryimage"},"thumbnailUrl":"https:\/\/zonacaral.gob.pe\/wp-content\/uploads\/2017\/10\/honoris-causa-02.jpg","keywords":["honoris causa","Ruth Shady","uigv"],"articleSection":["noticias"],"inLanguage":"es-PE"},{"@type":"WebPage","@id":"https:\/\/zonacaral.gob.pe\/es\/noticias\/universidad-garcilaso-condecoro-a-directora-y-arqueologos-de-la-zona-arqueologica-caral\/","url":"https:\/\/zonacaral.gob.pe\/es\/noticias\/universidad-garcilaso-condecoro-a-directora-y-arqueologos-de-la-zona-arqueologica-caral\/","name":"Directora y arque\u00f3logos de la Zona Arqueol\u00f3gica Caral son condecorados","isPartOf":{"@id":"https:\/\/zonacaral.gob.pe\/es\/#website"},"primaryImageOfPage":{"@id":"https:\/\/zonacaral.gob.pe\/es\/noticias\/universidad-garcilaso-condecoro-a-directora-y-arqueologos-de-la-zona-arqueologica-caral\/#primaryimage"},"image":{"@id":"https:\/\/zonacaral.gob.pe\/es\/noticias\/universidad-garcilaso-condecoro-a-directora-y-arqueologos-de-la-zona-arqueologica-caral\/#primaryimage"},"thumbnailUrl":"https:\/\/zonacaral.gob.pe\/wp-content\/uploads\/2017\/10\/honoris-causa-02.jpg","datePublished":"2017-10-19T20:54:00+00:00","author":{"@id":"https:\/\/zonacaral.gob.pe\/es\/#\/schema\/person\/beddb4d22f71a7230c5b90913270a0ee"},"description":"En reconocimiento a su destacada trayectoria en la investigaci\u00f3n, su gran aporte a nuestra cultura y los trabajos realizados en la revalorizaci\u00f3n de la arqueolog\u00eda peruana, la Universidad Garcilaso otorg\u00f3 el grado de Doctor Honoris Causa a la directora de la Zona Arqueol\u00f3gica Caral (ZAC) Dra. Ruth Shady Sol\u00eds. Del mismo modo, esta casa de estudios entreg\u00f3 la Medalla Inca Garcilaso de la Vega al grupo de arque\u00f3logos que trabajan en la mencionada zona arqueol\u00f3gica.","breadcrumb":{"@id":"https:\/\/zonacaral.gob.pe\/es\/noticias\/universidad-garcilaso-condecoro-a-directora-y-arqueologos-de-la-zona-arqueologica-caral\/#breadcrumb"},"inLanguage":"es-PE","potentialAction":[{"@type":"ReadAction","target":["https:\/\/zonacaral.gob.pe\/es\/noticias\/universidad-garcilaso-condecoro-a-directora-y-arqueologos-de-la-zona-arqueologica-caral\/"]}]},{"@type":"ImageObject","inLanguage":"es-PE","@id":"https:\/\/zonacaral.gob.pe\/es\/noticias\/universidad-garcilaso-condecoro-a-directora-y-arqueologos-de-la-zona-arqueologica-caral\/#primaryimage","url":"https:\/\/zonacaral.gob.pe\/wp-content\/uploads\/2017\/10\/honoris-causa-02.jpg","contentUrl":"https:\/\/zonacaral.gob.pe\/wp-content\/uploads\/2017\/10\/honoris-causa-02.jpg","width":1100,"height":742},{"@type":"BreadcrumbList","@id":"https:\/\/zonacaral.gob.pe\/es\/noticias\/universidad-garcilaso-condecoro-a-directora-y-arqueologos-de-la-zona-arqueologica-caral\/#breadcrumb","itemListElement":[{"@type":"ListItem","position":1,"name":"Portada","item":"https:\/\/zonacaral.gob.pe\/"},{"@type":"ListItem","position":2,"name":"Universidad Garcilaso condecor\u00f3 a directora y arque\u00f3logos de la Zona Arqueol\u00f3gica Caral"}]},{"@type":"WebSite","@id":"https:\/\/zonacaral.gob.pe\/es\/#website","url":"https:\/\/zonacaral.gob.pe\/es\/","name":"Zona Caral","description":"Investigamos, conservamos y difundimos el patrimonio cultural de la Civilizaci\u00f3n Caral, la m\u00e1s antigua de Am\u00e9rica.","potentialAction":[{"@type":"SearchAction","target":{"@type":"EntryPoint","urlTemplate":"https:\/\/zonacaral.gob.pe\/es\/?s={search_term_string}"},"query-input":{"@type":"PropertyValueSpecification","valueRequired":true,"valueName":"search_term_string"}}],"inLanguage":"es-PE"},{"@type":"Person","@id":"https:\/\/zonacaral.gob.pe\/es\/#\/schema\/person\/beddb4d22f71a7230c5b90913270a0ee","name":"Zona Caral Administrador","image":{"@type":"ImageObject","inLanguage":"es-PE","@id":"https:\/\/secure.gravatar.com\/avatar\/e4be162918a696358376de6446614e0f0f4062bdc5d170d6d540ada3d8b58c12?s=96&d=mm&r=g","url":"https:\/\/secure.gravatar.com\/avatar\/e4be162918a696358376de6446614e0f0f4062bdc5d170d6d540ada3d8b58c12?s=96&d=mm&r=g","contentUrl":"https:\/\/secure.gravatar.com\/avatar\/e4be162918a696358376de6446614e0f0f4062bdc5d170d6d540ada3d8b58c12?s=96&d=mm&r=g","caption":"Zona Caral Administrador"},"sameAs":["https:\/\/zonacaral.gob.pe"],"url":"https:\/\/zonacaral.gob.pe\/es\/noticias\/author\/ad_zonacaral\/"}]}},"_links":{"self":[{"href":"https:\/\/zonacaral.gob.pe\/es\/wp-json\/wp\/v2\/posts\/11859","targetHints":{"allow":["GET"]}}],"collection":[{"href":"https:\/\/zonacaral.gob.pe\/es\/wp-json\/wp\/v2\/posts"}],"about":[{"href":"https:\/\/zonacaral.gob.pe\/es\/wp-json\/wp\/v2\/types\/post"}],"author":[{"embeddable":true,"href":"https:\/\/zonacaral.gob.pe\/es\/wp-json\/wp\/v2\/users\/1"}],"replies":[{"embeddable":true,"href":"https:\/\/zonacaral.gob.pe\/es\/wp-json\/wp\/v2\/comments?post=11859"}],"version-history":[{"count":0,"href":"https:\/\/zonacaral.gob.pe\/es\/wp-json\/wp\/v2\/posts\/11859\/revisions"}],"wp:featuredmedia":[{"embeddable":true,"href":"https:\/\/zonacaral.gob.pe\/es\/wp-json\/wp\/v2\/media\/11860"}],"wp:attachment":[{"href":"https:\/\/zonacaral.gob.pe\/es\/wp-json\/wp\/v2\/media?parent=11859"}],"wp:term":[{"taxonomy":"category","embeddable":true,"href":"https:\/\/zonacaral.gob.pe\/es\/wp-json\/wp\/v2\/categories?post=11859"},{"taxonomy":"post_tag","embeddable":true,"href":"https:\/\/zonacaral.gob.pe\/es\/wp-json\/wp\/v2\/tags?post=11859"}],"curies":[{"name":"wp","href":"https:\/\/api.w.org\/{rel}","templated":true}]}}