{"id":11873,"date":"2017-10-20T12:40:41","date_gmt":"2017-10-20T17:40:41","guid":{"rendered":"http:\/\/www.zonacaral.gob.pe\/?p=11873"},"modified":"2017-10-20T12:40:41","modified_gmt":"2017-10-20T17:40:41","slug":"aspero-ciudad-pesquera-de-la-civilizacion-caral-recibe-la-visita-del-consul-de-japon","status":"publish","type":"post","link":"https:\/\/zonacaral.gob.pe\/es\/noticias\/aspero-ciudad-pesquera-de-la-civilizacion-caral-recibe-la-visita-del-consul-de-japon\/","title":{"rendered":"\u00c1spero, Ciudad Pesquera de la Civilizaci\u00f3n Caral recibe la visita del C\u00f3nsul de Jap\u00f3n"},"content":{"rendered":"<figure class=\"pic-autor\" style=\"color: #4d4d4d; text-align: justify;\"><\/figure>\n<p>El C\u00f3nsul de Jap\u00f3n en el Per\u00fa, Tateo Ohashi visit\u00f3 el sitio arqueol\u00f3gico \u00c1spero, Ciudad Pesquera de la Civilizaci\u00f3n Caral, el domingo 15 de octubre de 2017, acompa\u00f1ado de una delegaci\u00f3n de estudiantes y miembros de instituciones peruano japonesas de la ciudad de Lima.<\/p>\n<p>La bienvenida y guiado en el centro arqueol\u00f3gico fue realizada por arque\u00f3logos de la sede \u00c1spero de la Zona Arqueol\u00f3gica Caral, Unidad Ejecutora 003 del Ministerio de Cultura.<\/p>\n<p>La delegaci\u00f3n que acompa\u00f1\u00f3 al c\u00f3nsul Tateo Ohashi estuvo conformada por la Coordinadora del Museo de la Inmigraci\u00f3n Japonesa al Per\u00fa \u00abCarlos Chiyoteru Hiraoka\u00bb, se\u00f1ora Norma Hiromi Maegushiku Oyakawa; el Presidente de la Asociaci\u00f3n Okinawense del Per\u00fa, se\u00f1or Luis Arturo Yara Chinen; la Presidenta de la Asociaci\u00f3n Femenina Peruano Japonesa \u201cFujinkai\u201d, se\u00f1ora Rosa Yamanija de Aniya. Asimismo, por alumnos de los colegios peruano japon\u00e9s \u00abLa Victoria\u00bb, \u201cHideyo Noguchi\u201d y \u00abJos\u00e9 G\u00e1lvez\u00bb.<\/p>\n<p>La visita se efectu\u00f3 como parte del recorrido realizado por la delegaci\u00f3n en la provincia de Barranca, hasta donde llegaron para celebrar el Ohigan de Primavera, tradici\u00f3n que honra la memoria de sus ancestros. La ceremonia fue realizada en el cementerio japon\u00e9s \u201dSan Nicol\u00e1s\u201d, ubicado en el distrito de Supe, provincia de Barranca, Lima.<\/p>\n<p><img fetchpriority=\"high\" decoding=\"async\" class=\"alignnone wp-image-11876 size-medium\" src=\"http:\/\/www.zonacaral.gob.pe\/wp-content\/uploads\/2017\/10\/consul-japones-aspero-2017-03-300x168.jpg\" alt=\"consul-japones-aspero-2017-03\" width=\"300\" height=\"168\" srcset=\"https:\/\/zonacaral.gob.pe\/wp-content\/uploads\/2017\/10\/consul-japones-aspero-2017-03-300x168.jpg 300w, https:\/\/zonacaral.gob.pe\/wp-content\/uploads\/2017\/10\/consul-japones-aspero-2017-03-1024x575.jpg 1024w, https:\/\/zonacaral.gob.pe\/wp-content\/uploads\/2017\/10\/consul-japones-aspero-2017-03-768x431.jpg 768w, https:\/\/zonacaral.gob.pe\/wp-content\/uploads\/2017\/10\/consul-japones-aspero-2017-03.jpg 1040w\" sizes=\"(max-width: 300px) 100vw, 300px\" \/><img decoding=\"async\" class=\"alignnone wp-image-11875 size-medium\" src=\"http:\/\/www.zonacaral.gob.pe\/wp-content\/uploads\/2017\/10\/consul-japones-aspero-2017-02-300x168.jpg\" alt=\"consul-japones-aspero-2017-02\" width=\"300\" height=\"168\" srcset=\"https:\/\/zonacaral.gob.pe\/wp-content\/uploads\/2017\/10\/consul-japones-aspero-2017-02-300x168.jpg 300w, https:\/\/zonacaral.gob.pe\/wp-content\/uploads\/2017\/10\/consul-japones-aspero-2017-02-1024x575.jpg 1024w, https:\/\/zonacaral.gob.pe\/wp-content\/uploads\/2017\/10\/consul-japones-aspero-2017-02-768x431.jpg 768w, https:\/\/zonacaral.gob.pe\/wp-content\/uploads\/2017\/10\/consul-japones-aspero-2017-02.jpg 1040w\" sizes=\"(max-width: 300px) 100vw, 300px\" \/><\/p>\n<p style=\"text-align: justify;\"><strong>Fuente: Prensa ZAC<\/strong><\/p>\n<div style=\"color: #1f1f1f;\">\n<p style=\"text-align: justify;\">Fecha de publicaci\u00f3n: 20\/10\/2017<\/p>\n<\/div>\n","protected":false},"excerpt":{"rendered":"<p>El C\u00f3nsul de Jap\u00f3n en el Per\u00fa, Tateo Ohashi visit\u00f3 el sitio arqueol\u00f3gico \u00c1spero, Ciudad Pesquera de la Civilizaci\u00f3n Caral, [&hellip;]<\/p>\n","protected":false},"author":1,"featured_media":11874,"comment_status":"closed","ping_status":"open","sticky":false,"template":"","format":"standard","meta":{"_acf_changed":false,"site-sidebar-layout":"default","site-content-layout":"","ast-site-content-layout":"default","site-content-style":"default","site-sidebar-style":"default","ast-global-header-display":"","ast-banner-title-visibility":"","ast-main-header-display":"","ast-hfb-above-header-display":"","ast-hfb-below-header-display":"","ast-hfb-mobile-header-display":"","site-post-title":"","ast-breadcrumbs-content":"","ast-featured-img":"","footer-sml-layout":"","ast-disable-related-posts":"","theme-transparent-header-meta":"","adv-header-id-meta":"","stick-header-meta":"","header-above-stick-meta":"","header-main-stick-meta":"","header-below-stick-meta":"","astra-migrate-meta-layouts":"default","ast-page-background-enabled":"default","ast-page-background-meta":{"desktop":{"background-color":"var(--ast-global-color-5)","background-image":"","background-repeat":"repeat","background-position":"center center","background-size":"auto","background-attachment":"scroll","background-type":"","background-media":"","overlay-type":"","overlay-color":"","overlay-opacity":"","overlay-gradient":""},"tablet":{"background-color":"","background-image":"","background-repeat":"repeat","background-position":"center center","background-size":"auto","background-attachment":"scroll","background-type":"","background-media":"","overlay-type":"","overlay-color":"","overlay-opacity":"","overlay-gradient":""},"mobile":{"background-color":"","background-image":"","background-repeat":"repeat","background-position":"center center","background-size":"auto","background-attachment":"scroll","background-type":"","background-media":"","overlay-type":"","overlay-color":"","overlay-opacity":"","overlay-gradient":""}},"ast-content-background-meta":{"desktop":{"background-color":"var(--ast-global-color-4)","background-image":"","background-repeat":"repeat","background-position":"center center","background-size":"auto","background-attachment":"scroll","background-type":"","background-media":"","overlay-type":"","overlay-color":"","overlay-opacity":"","overlay-gradient":""},"tablet":{"background-color":"var(--ast-global-color-4)","background-image":"","background-repeat":"repeat","background-position":"center center","background-size":"auto","background-attachment":"scroll","background-type":"","background-media":"","overlay-type":"","overlay-color":"","overlay-opacity":"","overlay-gradient":""},"mobile":{"background-color":"var(--ast-global-color-4)","background-image":"","background-repeat":"repeat","background-position":"center center","background-size":"auto","background-attachment":"scroll","background-type":"","background-media":"","overlay-type":"","overlay-color":"","overlay-opacity":"","overlay-gradient":""}},"footnotes":""},"categories":[208],"tags":[63,55],"class_list":["post-11873","post","type-post","status-publish","format-standard","has-post-thumbnail","hentry","category-noticias","tag-aspero","tag-caral"],"acf":[],"yoast_head":"<!-- This site is optimized with the Yoast SEO plugin v27.3 - https:\/\/yoast.com\/product\/yoast-seo-wordpress\/ -->\n<title>C\u00f3nsul de Jap\u00f3n visita \u00c1spero, Ciudad Pesquera de Caral<\/title>\n<meta name=\"description\" content=\"El C\u00f3nsul de Jap\u00f3n en el Per\u00fa, Tateo Ohashi visit\u00f3 el sitio arqueol\u00f3gico \u00c1spero, Ciudad Pesquera de la Civilizaci\u00f3n Caral, el domingo 15 de octubre de 2017, acompa\u00f1ado de una delegaci\u00f3n de estudiantes y miembros de instituciones peruano japonesas de la ciudad de Lima.\" \/>\n<meta name=\"robots\" content=\"index, follow, max-snippet:-1, max-image-preview:large, max-video-preview:-1\" \/>\n<link rel=\"canonical\" href=\"https:\/\/zonacaral.gob.pe\/es\/noticias\/aspero-ciudad-pesquera-de-la-civilizacion-caral-recibe-la-visita-del-consul-de-japon\/\" \/>\n<meta property=\"og:locale\" content=\"es_ES\" \/>\n<meta property=\"og:type\" content=\"article\" \/>\n<meta property=\"og:title\" content=\"C\u00f3nsul de Jap\u00f3n visita \u00c1spero, Ciudad Pesquera de Caral\" \/>\n<meta property=\"og:description\" content=\"El C\u00f3nsul de Jap\u00f3n en el Per\u00fa, Tateo Ohashi visit\u00f3 el sitio arqueol\u00f3gico \u00c1spero, Ciudad Pesquera de la Civilizaci\u00f3n Caral, el domingo 15 de octubre de 2017, acompa\u00f1ado de una delegaci\u00f3n de estudiantes y miembros de instituciones peruano japonesas de la ciudad de Lima.\" \/>\n<meta property=\"og:url\" content=\"https:\/\/zonacaral.gob.pe\/es\/noticias\/aspero-ciudad-pesquera-de-la-civilizacion-caral-recibe-la-visita-del-consul-de-japon\/\" \/>\n<meta property=\"og:site_name\" content=\"Zona Caral\" \/>\n<meta property=\"article:published_time\" content=\"2017-10-20T17:40:41+00:00\" \/>\n<meta property=\"og:image\" content=\"https:\/\/zonacaral.gob.pe\/wp-content\/uploads\/2017\/10\/consul-japones-aspero-2017-01.jpg\" \/>\n\t<meta property=\"og:image:width\" content=\"1032\" \/>\n\t<meta property=\"og:image:height\" content=\"581\" \/>\n\t<meta property=\"og:image:type\" content=\"image\/jpeg\" \/>\n<meta name=\"author\" content=\"Zona Caral Administrador\" \/>\n<meta name=\"twitter:card\" content=\"summary_large_image\" \/>\n<meta name=\"twitter:label1\" content=\"Written by\" \/>\n\t<meta name=\"twitter:data1\" content=\"Zona Caral Administrador\" \/>\n\t<meta name=\"twitter:label2\" content=\"Est. reading time\" \/>\n\t<meta name=\"twitter:data2\" content=\"1 minuto\" \/>\n<script type=\"application\/ld+json\" class=\"yoast-schema-graph\">{\"@context\":\"https:\\\/\\\/schema.org\",\"@graph\":[{\"@type\":\"Article\",\"@id\":\"https:\\\/\\\/zonacaral.gob.pe\\\/es\\\/noticias\\\/aspero-ciudad-pesquera-de-la-civilizacion-caral-recibe-la-visita-del-consul-de-japon\\\/#article\",\"isPartOf\":{\"@id\":\"https:\\\/\\\/zonacaral.gob.pe\\\/es\\\/noticias\\\/aspero-ciudad-pesquera-de-la-civilizacion-caral-recibe-la-visita-del-consul-de-japon\\\/\"},\"author\":{\"name\":\"Zona Caral Administrador\",\"@id\":\"https:\\\/\\\/zonacaral.gob.pe\\\/es\\\/#\\\/schema\\\/person\\\/beddb4d22f71a7230c5b90913270a0ee\"},\"headline\":\"\u00c1spero, Ciudad Pesquera de la Civilizaci\u00f3n Caral recibe la visita del C\u00f3nsul de Jap\u00f3n\",\"datePublished\":\"2017-10-20T17:40:41+00:00\",\"mainEntityOfPage\":{\"@id\":\"https:\\\/\\\/zonacaral.gob.pe\\\/es\\\/noticias\\\/aspero-ciudad-pesquera-de-la-civilizacion-caral-recibe-la-visita-del-consul-de-japon\\\/\"},\"wordCount\":241,\"image\":{\"@id\":\"https:\\\/\\\/zonacaral.gob.pe\\\/es\\\/noticias\\\/aspero-ciudad-pesquera-de-la-civilizacion-caral-recibe-la-visita-del-consul-de-japon\\\/#primaryimage\"},\"thumbnailUrl\":\"https:\\\/\\\/zonacaral.gob.pe\\\/wp-content\\\/uploads\\\/2017\\\/10\\\/consul-japones-aspero-2017-01.jpg\",\"keywords\":[\"Aspero\",\"caral\"],\"articleSection\":[\"noticias\"],\"inLanguage\":\"es-PE\"},{\"@type\":\"WebPage\",\"@id\":\"https:\\\/\\\/zonacaral.gob.pe\\\/es\\\/noticias\\\/aspero-ciudad-pesquera-de-la-civilizacion-caral-recibe-la-visita-del-consul-de-japon\\\/\",\"url\":\"https:\\\/\\\/zonacaral.gob.pe\\\/es\\\/noticias\\\/aspero-ciudad-pesquera-de-la-civilizacion-caral-recibe-la-visita-del-consul-de-japon\\\/\",\"name\":\"C\u00f3nsul de Jap\u00f3n visita \u00c1spero, Ciudad Pesquera de Caral\",\"isPartOf\":{\"@id\":\"https:\\\/\\\/zonacaral.gob.pe\\\/es\\\/#website\"},\"primaryImageOfPage\":{\"@id\":\"https:\\\/\\\/zonacaral.gob.pe\\\/es\\\/noticias\\\/aspero-ciudad-pesquera-de-la-civilizacion-caral-recibe-la-visita-del-consul-de-japon\\\/#primaryimage\"},\"image\":{\"@id\":\"https:\\\/\\\/zonacaral.gob.pe\\\/es\\\/noticias\\\/aspero-ciudad-pesquera-de-la-civilizacion-caral-recibe-la-visita-del-consul-de-japon\\\/#primaryimage\"},\"thumbnailUrl\":\"https:\\\/\\\/zonacaral.gob.pe\\\/wp-content\\\/uploads\\\/2017\\\/10\\\/consul-japones-aspero-2017-01.jpg\",\"datePublished\":\"2017-10-20T17:40:41+00:00\",\"author\":{\"@id\":\"https:\\\/\\\/zonacaral.gob.pe\\\/es\\\/#\\\/schema\\\/person\\\/beddb4d22f71a7230c5b90913270a0ee\"},\"description\":\"El C\u00f3nsul de Jap\u00f3n en el Per\u00fa, Tateo Ohashi visit\u00f3 el sitio arqueol\u00f3gico \u00c1spero, Ciudad Pesquera de la Civilizaci\u00f3n Caral, el domingo 15 de octubre de 2017, acompa\u00f1ado de una delegaci\u00f3n de estudiantes y miembros de instituciones peruano japonesas de la ciudad de Lima.\",\"breadcrumb\":{\"@id\":\"https:\\\/\\\/zonacaral.gob.pe\\\/es\\\/noticias\\\/aspero-ciudad-pesquera-de-la-civilizacion-caral-recibe-la-visita-del-consul-de-japon\\\/#breadcrumb\"},\"inLanguage\":\"es-PE\",\"potentialAction\":[{\"@type\":\"ReadAction\",\"target\":[\"https:\\\/\\\/zonacaral.gob.pe\\\/es\\\/noticias\\\/aspero-ciudad-pesquera-de-la-civilizacion-caral-recibe-la-visita-del-consul-de-japon\\\/\"]}]},{\"@type\":\"ImageObject\",\"inLanguage\":\"es-PE\",\"@id\":\"https:\\\/\\\/zonacaral.gob.pe\\\/es\\\/noticias\\\/aspero-ciudad-pesquera-de-la-civilizacion-caral-recibe-la-visita-del-consul-de-japon\\\/#primaryimage\",\"url\":\"https:\\\/\\\/zonacaral.gob.pe\\\/wp-content\\\/uploads\\\/2017\\\/10\\\/consul-japones-aspero-2017-01.jpg\",\"contentUrl\":\"https:\\\/\\\/zonacaral.gob.pe\\\/wp-content\\\/uploads\\\/2017\\\/10\\\/consul-japones-aspero-2017-01.jpg\",\"width\":1032,\"height\":581},{\"@type\":\"BreadcrumbList\",\"@id\":\"https:\\\/\\\/zonacaral.gob.pe\\\/es\\\/noticias\\\/aspero-ciudad-pesquera-de-la-civilizacion-caral-recibe-la-visita-del-consul-de-japon\\\/#breadcrumb\",\"itemListElement\":[{\"@type\":\"ListItem\",\"position\":1,\"name\":\"Portada\",\"item\":\"https:\\\/\\\/zonacaral.gob.pe\\\/\"},{\"@type\":\"ListItem\",\"position\":2,\"name\":\"\u00c1spero, Ciudad Pesquera de la Civilizaci\u00f3n Caral recibe la visita del C\u00f3nsul de Jap\u00f3n\"}]},{\"@type\":\"WebSite\",\"@id\":\"https:\\\/\\\/zonacaral.gob.pe\\\/es\\\/#website\",\"url\":\"https:\\\/\\\/zonacaral.gob.pe\\\/es\\\/\",\"name\":\"Zona Caral\",\"description\":\"Investigamos, conservamos y difundimos el patrimonio cultural de la Civilizaci\u00f3n Caral, la m\u00e1s antigua de Am\u00e9rica.\",\"potentialAction\":[{\"@type\":\"SearchAction\",\"target\":{\"@type\":\"EntryPoint\",\"urlTemplate\":\"https:\\\/\\\/zonacaral.gob.pe\\\/es\\\/?s={search_term_string}\"},\"query-input\":{\"@type\":\"PropertyValueSpecification\",\"valueRequired\":true,\"valueName\":\"search_term_string\"}}],\"inLanguage\":\"es-PE\"},{\"@type\":\"Person\",\"@id\":\"https:\\\/\\\/zonacaral.gob.pe\\\/es\\\/#\\\/schema\\\/person\\\/beddb4d22f71a7230c5b90913270a0ee\",\"name\":\"Zona Caral Administrador\",\"image\":{\"@type\":\"ImageObject\",\"inLanguage\":\"es-PE\",\"@id\":\"https:\\\/\\\/secure.gravatar.com\\\/avatar\\\/e4be162918a696358376de6446614e0f0f4062bdc5d170d6d540ada3d8b58c12?s=96&d=mm&r=g\",\"url\":\"https:\\\/\\\/secure.gravatar.com\\\/avatar\\\/e4be162918a696358376de6446614e0f0f4062bdc5d170d6d540ada3d8b58c12?s=96&d=mm&r=g\",\"contentUrl\":\"https:\\\/\\\/secure.gravatar.com\\\/avatar\\\/e4be162918a696358376de6446614e0f0f4062bdc5d170d6d540ada3d8b58c12?s=96&d=mm&r=g\",\"caption\":\"Zona Caral Administrador\"},\"sameAs\":[\"https:\\\/\\\/zonacaral.gob.pe\"],\"url\":\"https:\\\/\\\/zonacaral.gob.pe\\\/es\\\/noticias\\\/author\\\/ad_zonacaral\\\/\"}]}<\/script>\n<!-- \/ Yoast SEO plugin. -->","yoast_head_json":{"title":"C\u00f3nsul de Jap\u00f3n visita \u00c1spero, Ciudad Pesquera de Caral","description":"El C\u00f3nsul de Jap\u00f3n en el Per\u00fa, Tateo Ohashi visit\u00f3 el sitio arqueol\u00f3gico \u00c1spero, Ciudad Pesquera de la Civilizaci\u00f3n Caral, el domingo 15 de octubre de 2017, acompa\u00f1ado de una delegaci\u00f3n de estudiantes y miembros de instituciones peruano japonesas de la ciudad de Lima.","robots":{"index":"index","follow":"follow","max-snippet":"max-snippet:-1","max-image-preview":"max-image-preview:large","max-video-preview":"max-video-preview:-1"},"canonical":"https:\/\/zonacaral.gob.pe\/es\/noticias\/aspero-ciudad-pesquera-de-la-civilizacion-caral-recibe-la-visita-del-consul-de-japon\/","og_locale":"es_ES","og_type":"article","og_title":"C\u00f3nsul de Jap\u00f3n visita \u00c1spero, Ciudad Pesquera de Caral","og_description":"El C\u00f3nsul de Jap\u00f3n en el Per\u00fa, Tateo Ohashi visit\u00f3 el sitio arqueol\u00f3gico \u00c1spero, Ciudad Pesquera de la Civilizaci\u00f3n Caral, el domingo 15 de octubre de 2017, acompa\u00f1ado de una delegaci\u00f3n de estudiantes y miembros de instituciones peruano japonesas de la ciudad de Lima.","og_url":"https:\/\/zonacaral.gob.pe\/es\/noticias\/aspero-ciudad-pesquera-de-la-civilizacion-caral-recibe-la-visita-del-consul-de-japon\/","og_site_name":"Zona Caral","article_published_time":"2017-10-20T17:40:41+00:00","og_image":[{"width":1032,"height":581,"url":"https:\/\/zonacaral.gob.pe\/wp-content\/uploads\/2017\/10\/consul-japones-aspero-2017-01.jpg","type":"image\/jpeg"}],"author":"Zona Caral Administrador","twitter_card":"summary_large_image","twitter_misc":{"Written by":"Zona Caral Administrador","Est. reading time":"1 minuto"},"schema":{"@context":"https:\/\/schema.org","@graph":[{"@type":"Article","@id":"https:\/\/zonacaral.gob.pe\/es\/noticias\/aspero-ciudad-pesquera-de-la-civilizacion-caral-recibe-la-visita-del-consul-de-japon\/#article","isPartOf":{"@id":"https:\/\/zonacaral.gob.pe\/es\/noticias\/aspero-ciudad-pesquera-de-la-civilizacion-caral-recibe-la-visita-del-consul-de-japon\/"},"author":{"name":"Zona Caral Administrador","@id":"https:\/\/zonacaral.gob.pe\/es\/#\/schema\/person\/beddb4d22f71a7230c5b90913270a0ee"},"headline":"\u00c1spero, Ciudad Pesquera de la Civilizaci\u00f3n Caral recibe la visita del C\u00f3nsul de Jap\u00f3n","datePublished":"2017-10-20T17:40:41+00:00","mainEntityOfPage":{"@id":"https:\/\/zonacaral.gob.pe\/es\/noticias\/aspero-ciudad-pesquera-de-la-civilizacion-caral-recibe-la-visita-del-consul-de-japon\/"},"wordCount":241,"image":{"@id":"https:\/\/zonacaral.gob.pe\/es\/noticias\/aspero-ciudad-pesquera-de-la-civilizacion-caral-recibe-la-visita-del-consul-de-japon\/#primaryimage"},"thumbnailUrl":"https:\/\/zonacaral.gob.pe\/wp-content\/uploads\/2017\/10\/consul-japones-aspero-2017-01.jpg","keywords":["Aspero","caral"],"articleSection":["noticias"],"inLanguage":"es-PE"},{"@type":"WebPage","@id":"https:\/\/zonacaral.gob.pe\/es\/noticias\/aspero-ciudad-pesquera-de-la-civilizacion-caral-recibe-la-visita-del-consul-de-japon\/","url":"https:\/\/zonacaral.gob.pe\/es\/noticias\/aspero-ciudad-pesquera-de-la-civilizacion-caral-recibe-la-visita-del-consul-de-japon\/","name":"C\u00f3nsul de Jap\u00f3n visita \u00c1spero, Ciudad Pesquera de Caral","isPartOf":{"@id":"https:\/\/zonacaral.gob.pe\/es\/#website"},"primaryImageOfPage":{"@id":"https:\/\/zonacaral.gob.pe\/es\/noticias\/aspero-ciudad-pesquera-de-la-civilizacion-caral-recibe-la-visita-del-consul-de-japon\/#primaryimage"},"image":{"@id":"https:\/\/zonacaral.gob.pe\/es\/noticias\/aspero-ciudad-pesquera-de-la-civilizacion-caral-recibe-la-visita-del-consul-de-japon\/#primaryimage"},"thumbnailUrl":"https:\/\/zonacaral.gob.pe\/wp-content\/uploads\/2017\/10\/consul-japones-aspero-2017-01.jpg","datePublished":"2017-10-20T17:40:41+00:00","author":{"@id":"https:\/\/zonacaral.gob.pe\/es\/#\/schema\/person\/beddb4d22f71a7230c5b90913270a0ee"},"description":"El C\u00f3nsul de Jap\u00f3n en el Per\u00fa, Tateo Ohashi visit\u00f3 el sitio arqueol\u00f3gico \u00c1spero, Ciudad Pesquera de la Civilizaci\u00f3n Caral, el domingo 15 de octubre de 2017, acompa\u00f1ado de una delegaci\u00f3n de estudiantes y miembros de instituciones peruano japonesas de la ciudad de Lima.","breadcrumb":{"@id":"https:\/\/zonacaral.gob.pe\/es\/noticias\/aspero-ciudad-pesquera-de-la-civilizacion-caral-recibe-la-visita-del-consul-de-japon\/#breadcrumb"},"inLanguage":"es-PE","potentialAction":[{"@type":"ReadAction","target":["https:\/\/zonacaral.gob.pe\/es\/noticias\/aspero-ciudad-pesquera-de-la-civilizacion-caral-recibe-la-visita-del-consul-de-japon\/"]}]},{"@type":"ImageObject","inLanguage":"es-PE","@id":"https:\/\/zonacaral.gob.pe\/es\/noticias\/aspero-ciudad-pesquera-de-la-civilizacion-caral-recibe-la-visita-del-consul-de-japon\/#primaryimage","url":"https:\/\/zonacaral.gob.pe\/wp-content\/uploads\/2017\/10\/consul-japones-aspero-2017-01.jpg","contentUrl":"https:\/\/zonacaral.gob.pe\/wp-content\/uploads\/2017\/10\/consul-japones-aspero-2017-01.jpg","width":1032,"height":581},{"@type":"BreadcrumbList","@id":"https:\/\/zonacaral.gob.pe\/es\/noticias\/aspero-ciudad-pesquera-de-la-civilizacion-caral-recibe-la-visita-del-consul-de-japon\/#breadcrumb","itemListElement":[{"@type":"ListItem","position":1,"name":"Portada","item":"https:\/\/zonacaral.gob.pe\/"},{"@type":"ListItem","position":2,"name":"\u00c1spero, Ciudad Pesquera de la Civilizaci\u00f3n Caral recibe la visita del C\u00f3nsul de Jap\u00f3n"}]},{"@type":"WebSite","@id":"https:\/\/zonacaral.gob.pe\/es\/#website","url":"https:\/\/zonacaral.gob.pe\/es\/","name":"Zona Caral","description":"Investigamos, conservamos y difundimos el patrimonio cultural de la Civilizaci\u00f3n Caral, la m\u00e1s antigua de Am\u00e9rica.","potentialAction":[{"@type":"SearchAction","target":{"@type":"EntryPoint","urlTemplate":"https:\/\/zonacaral.gob.pe\/es\/?s={search_term_string}"},"query-input":{"@type":"PropertyValueSpecification","valueRequired":true,"valueName":"search_term_string"}}],"inLanguage":"es-PE"},{"@type":"Person","@id":"https:\/\/zonacaral.gob.pe\/es\/#\/schema\/person\/beddb4d22f71a7230c5b90913270a0ee","name":"Zona Caral Administrador","image":{"@type":"ImageObject","inLanguage":"es-PE","@id":"https:\/\/secure.gravatar.com\/avatar\/e4be162918a696358376de6446614e0f0f4062bdc5d170d6d540ada3d8b58c12?s=96&d=mm&r=g","url":"https:\/\/secure.gravatar.com\/avatar\/e4be162918a696358376de6446614e0f0f4062bdc5d170d6d540ada3d8b58c12?s=96&d=mm&r=g","contentUrl":"https:\/\/secure.gravatar.com\/avatar\/e4be162918a696358376de6446614e0f0f4062bdc5d170d6d540ada3d8b58c12?s=96&d=mm&r=g","caption":"Zona Caral Administrador"},"sameAs":["https:\/\/zonacaral.gob.pe"],"url":"https:\/\/zonacaral.gob.pe\/es\/noticias\/author\/ad_zonacaral\/"}]}},"_links":{"self":[{"href":"https:\/\/zonacaral.gob.pe\/es\/wp-json\/wp\/v2\/posts\/11873","targetHints":{"allow":["GET"]}}],"collection":[{"href":"https:\/\/zonacaral.gob.pe\/es\/wp-json\/wp\/v2\/posts"}],"about":[{"href":"https:\/\/zonacaral.gob.pe\/es\/wp-json\/wp\/v2\/types\/post"}],"author":[{"embeddable":true,"href":"https:\/\/zonacaral.gob.pe\/es\/wp-json\/wp\/v2\/users\/1"}],"replies":[{"embeddable":true,"href":"https:\/\/zonacaral.gob.pe\/es\/wp-json\/wp\/v2\/comments?post=11873"}],"version-history":[{"count":0,"href":"https:\/\/zonacaral.gob.pe\/es\/wp-json\/wp\/v2\/posts\/11873\/revisions"}],"wp:featuredmedia":[{"embeddable":true,"href":"https:\/\/zonacaral.gob.pe\/es\/wp-json\/wp\/v2\/media\/11874"}],"wp:attachment":[{"href":"https:\/\/zonacaral.gob.pe\/es\/wp-json\/wp\/v2\/media?parent=11873"}],"wp:term":[{"taxonomy":"category","embeddable":true,"href":"https:\/\/zonacaral.gob.pe\/es\/wp-json\/wp\/v2\/categories?post=11873"},{"taxonomy":"post_tag","embeddable":true,"href":"https:\/\/zonacaral.gob.pe\/es\/wp-json\/wp\/v2\/tags?post=11873"}],"curies":[{"name":"wp","href":"https:\/\/api.w.org\/{rel}","templated":true}]}}