{"id":11939,"date":"2017-11-09T09:50:31","date_gmt":"2017-11-09T14:50:31","guid":{"rendered":"http:\/\/www.zonacaral.gob.pe\/?p=11939"},"modified":"2017-11-09T09:50:31","modified_gmt":"2017-11-09T14:50:31","slug":"caral-el-amanecer-de-la-arqueologia-peruana","status":"publish","type":"post","link":"https:\/\/zonacaral.gob.pe\/es\/noticias\/caral-el-amanecer-de-la-arqueologia-peruana\/","title":{"rendered":"Caral: el amanecer de la arqueolog\u00eda peruana"},"content":{"rendered":"<figure class=\"pic-autor\" style=\"color: #4d4d4d; text-align: justify;\"><\/figure>\n<blockquote>\n<p id=\"p471986-m700-2-701\" class=\"news-summary\" style=\"font-weight: normal; color: #444444;\">Ya consolidado como un destino privilegiado, esta ciudad sagrada permite repensar las pol\u00edticas culturares del Estado<\/p>\n<\/blockquote>\n<p>Dicen muchas cosas del Norte Chico. Que su comida es soberbia. Que a\u00fan dispone de playas que son tesoros escondidos. Que las investigaciones en relaci\u00f3n a sus vestigios prehisp\u00e1nicos van a cambiar la historia del Per\u00fa. Dicen bien.<\/p>\n<p>Caral, por ejemplo, es considerado en la actualidad el amanecer de la arqueolog\u00eda peruana, lugar que antes ocupaba Chav\u00edn. All\u00ed se inici\u00f3 la civilizaci\u00f3n americana, a la par que en Mesopotamia, Egipto y China. Esta ciudad, erigida hace 5 mil a\u00f1os, posee notables pir\u00e1mides y plazas circulares hundidas. Pero nadie \u2018le dio bola\u2019 hasta inicios de este siglo. Fueron las excavaciones de la estudiosa Ruth Shady en los a\u00f1os 90 las que permitieron que emergiera bajo la piel del desierto una urbe de alta complejidad arquitect\u00f3nica de 66 hect\u00e1reas de extensi\u00f3n.<\/p>\n<p>En Supe, luego de almorzar en el restaurante Charito (imperdibles los tamales y el ceviche de pato), pudimos apreciar un pasacalle donde destacaron ni\u00f1os tocando melod\u00edas con flautas semejantes a las halladas en el recinto arqueol\u00f3gico de Caral (que fueron hechas con huesos de pel\u00edcanos). Tambi\u00e9n se ha retomado la tradici\u00f3n de elaborar prendas con algod\u00f3n nativo. Es decir, hay un rescate cultural que los pobladores asumen con orgullo.<\/p>\n<p>No estoy en desacuerdo con la nueva ley del cine y considero rid\u00edculo el presupuesto destinado al Ministerio de Cultura, pero deber\u00eda existir una estrategia pol\u00edtica que priorice la puesta en valor de monumentos arqueol\u00f3gicos. La Huaca de la Luna, Pucllana, Choquequirao, Cahuachi y el mismo Caral demuestran que as\u00ed se activa el turismo y la econom\u00eda local, creando innumerables puestos de trabajo y generando, adem\u00e1s, identidad y autoestima.<\/p>\n<p><script>\/\/ <![CDATA[\n(function(d, s, id){var js; if (d.getElementById(id)) {return;} js = d.createElement(s); js.id = id; js.src = \"https:\/\/embedsocial.com\/embedscript\/ei.js\"; d.getElementsByTagName(\"head\")[0].appendChild(js);}(document, \"script\", \"EmbedSocialScript\"));\n\/\/ ]]><\/script><\/p>\n<p style=\"text-align: justify;\"><a href=\"https:\/\/elcomercio.pe\/somos\/caral-amanecer-arqueologia-peruana-noticia-471986\" target=\"_blank\"><strong>Fuente:\u00a0El Comercio<\/strong><\/a><\/p>\n<div style=\"color: #1f1f1f;\">\n<p style=\"text-align: justify;\">Fecha de publicaci\u00f3n: 07\/11\/2017<\/p>\n<\/div>\n","protected":false},"excerpt":{"rendered":"<p>Ya consolidado como un destino privilegiado, esta ciudad sagrada permite repensar las pol\u00edticas culturares del Estado Dicen muchas cosas del [&hellip;]<\/p>\n","protected":false},"author":1,"featured_media":11940,"comment_status":"closed","ping_status":"open","sticky":false,"template":"","format":"standard","meta":{"_acf_changed":false,"site-sidebar-layout":"default","site-content-layout":"","ast-site-content-layout":"default","site-content-style":"default","site-sidebar-style":"default","ast-global-header-display":"","ast-banner-title-visibility":"","ast-main-header-display":"","ast-hfb-above-header-display":"","ast-hfb-below-header-display":"","ast-hfb-mobile-header-display":"","site-post-title":"","ast-breadcrumbs-content":"","ast-featured-img":"","footer-sml-layout":"","ast-disable-related-posts":"","theme-transparent-header-meta":"","adv-header-id-meta":"","stick-header-meta":"","header-above-stick-meta":"","header-main-stick-meta":"","header-below-stick-meta":"","astra-migrate-meta-layouts":"default","ast-page-background-enabled":"default","ast-page-background-meta":{"desktop":{"background-color":"var(--ast-global-color-5)","background-image":"","background-repeat":"repeat","background-position":"center center","background-size":"auto","background-attachment":"scroll","background-type":"","background-media":"","overlay-type":"","overlay-color":"","overlay-opacity":"","overlay-gradient":""},"tablet":{"background-color":"","background-image":"","background-repeat":"repeat","background-position":"center center","background-size":"auto","background-attachment":"scroll","background-type":"","background-media":"","overlay-type":"","overlay-color":"","overlay-opacity":"","overlay-gradient":""},"mobile":{"background-color":"","background-image":"","background-repeat":"repeat","background-position":"center center","background-size":"auto","background-attachment":"scroll","background-type":"","background-media":"","overlay-type":"","overlay-color":"","overlay-opacity":"","overlay-gradient":""}},"ast-content-background-meta":{"desktop":{"background-color":"var(--ast-global-color-4)","background-image":"","background-repeat":"repeat","background-position":"center center","background-size":"auto","background-attachment":"scroll","background-type":"","background-media":"","overlay-type":"","overlay-color":"","overlay-opacity":"","overlay-gradient":""},"tablet":{"background-color":"var(--ast-global-color-4)","background-image":"","background-repeat":"repeat","background-position":"center center","background-size":"auto","background-attachment":"scroll","background-type":"","background-media":"","overlay-type":"","overlay-color":"","overlay-opacity":"","overlay-gradient":""},"mobile":{"background-color":"var(--ast-global-color-4)","background-image":"","background-repeat":"repeat","background-position":"center center","background-size":"auto","background-attachment":"scroll","background-type":"","background-media":"","overlay-type":"","overlay-color":"","overlay-opacity":"","overlay-gradient":""}},"footnotes":""},"categories":[208],"tags":[54,55],"class_list":["post-11939","post","type-post","status-publish","format-standard","has-post-thumbnail","hentry","category-noticias","tag-aniversario","tag-caral"],"acf":[],"yoast_head":"<!-- This site is optimized with the Yoast SEO plugin v27.3 - https:\/\/yoast.com\/product\/yoast-seo-wordpress\/ -->\n<title>Caral: el amanecer de la arqueolog\u00eda peruana<\/title>\n<meta name=\"description\" content=\"Dicen muchas cosas del Norte Chico. Que su comida es soberbia. Que a\u00fan dispone de playas que son tesoros escondidos. Que las investigaciones en relaci\u00f3n a sus vestigios prehisp\u00e1nicos van a cambiar la historia del Per\u00fa. Dicen bien.\" \/>\n<meta name=\"robots\" content=\"index, follow, max-snippet:-1, max-image-preview:large, max-video-preview:-1\" \/>\n<link rel=\"canonical\" href=\"https:\/\/zonacaral.gob.pe\/es\/noticias\/caral-el-amanecer-de-la-arqueologia-peruana\/\" \/>\n<meta property=\"og:locale\" content=\"es_ES\" \/>\n<meta property=\"og:type\" content=\"article\" \/>\n<meta property=\"og:title\" content=\"Caral: el amanecer de la arqueolog\u00eda peruana\" \/>\n<meta property=\"og:description\" content=\"Dicen muchas cosas del Norte Chico. Que su comida es soberbia. Que a\u00fan dispone de playas que son tesoros escondidos. Que las investigaciones en relaci\u00f3n a sus vestigios prehisp\u00e1nicos van a cambiar la historia del Per\u00fa. Dicen bien.\" \/>\n<meta property=\"og:url\" content=\"https:\/\/zonacaral.gob.pe\/es\/noticias\/caral-el-amanecer-de-la-arqueologia-peruana\/\" \/>\n<meta property=\"og:site_name\" content=\"Zona Caral\" \/>\n<meta property=\"article:published_time\" content=\"2017-11-09T14:50:31+00:00\" \/>\n<meta property=\"og:image\" content=\"https:\/\/zonacaral.gob.pe\/wp-content\/uploads\/2017\/11\/amanecer-caral.jpeg\" \/>\n\t<meta property=\"og:image:width\" content=\"620\" \/>\n\t<meta property=\"og:image:height\" content=\"356\" \/>\n\t<meta property=\"og:image:type\" content=\"image\/jpeg\" \/>\n<meta name=\"author\" content=\"Zona Caral Administrador\" \/>\n<meta name=\"twitter:card\" content=\"summary_large_image\" \/>\n<meta name=\"twitter:label1\" content=\"Written by\" \/>\n\t<meta name=\"twitter:data1\" content=\"Zona Caral Administrador\" \/>\n\t<meta name=\"twitter:label2\" content=\"Est. reading time\" \/>\n\t<meta name=\"twitter:data2\" content=\"2 minutos\" \/>\n<script type=\"application\/ld+json\" class=\"yoast-schema-graph\">{\"@context\":\"https:\\\/\\\/schema.org\",\"@graph\":[{\"@type\":\"Article\",\"@id\":\"https:\\\/\\\/zonacaral.gob.pe\\\/en\\\/noticias\\\/caral-el-amanecer-de-la-arqueologia-peruana\\\/#article\",\"isPartOf\":{\"@id\":\"https:\\\/\\\/zonacaral.gob.pe\\\/en\\\/noticias\\\/caral-el-amanecer-de-la-arqueologia-peruana\\\/\"},\"author\":{\"name\":\"Zona Caral Administrador\",\"@id\":\"https:\\\/\\\/zonacaral.gob.pe\\\/es\\\/#\\\/schema\\\/person\\\/beddb4d22f71a7230c5b90913270a0ee\"},\"headline\":\"Caral: el amanecer de la arqueolog\u00eda peruana\",\"datePublished\":\"2017-11-09T14:50:31+00:00\",\"mainEntityOfPage\":{\"@id\":\"https:\\\/\\\/zonacaral.gob.pe\\\/en\\\/noticias\\\/caral-el-amanecer-de-la-arqueologia-peruana\\\/\"},\"wordCount\":321,\"image\":{\"@id\":\"https:\\\/\\\/zonacaral.gob.pe\\\/en\\\/noticias\\\/caral-el-amanecer-de-la-arqueologia-peruana\\\/#primaryimage\"},\"thumbnailUrl\":\"https:\\\/\\\/zonacaral.gob.pe\\\/wp-content\\\/uploads\\\/2017\\\/11\\\/amanecer-caral.jpeg\",\"keywords\":[\"aniversario\",\"caral\"],\"articleSection\":[\"noticias\"],\"inLanguage\":\"es-PE\"},{\"@type\":\"WebPage\",\"@id\":\"https:\\\/\\\/zonacaral.gob.pe\\\/en\\\/noticias\\\/caral-el-amanecer-de-la-arqueologia-peruana\\\/\",\"url\":\"https:\\\/\\\/zonacaral.gob.pe\\\/en\\\/noticias\\\/caral-el-amanecer-de-la-arqueologia-peruana\\\/\",\"name\":\"Caral: el amanecer de la arqueolog\u00eda peruana\",\"isPartOf\":{\"@id\":\"https:\\\/\\\/zonacaral.gob.pe\\\/es\\\/#website\"},\"primaryImageOfPage\":{\"@id\":\"https:\\\/\\\/zonacaral.gob.pe\\\/en\\\/noticias\\\/caral-el-amanecer-de-la-arqueologia-peruana\\\/#primaryimage\"},\"image\":{\"@id\":\"https:\\\/\\\/zonacaral.gob.pe\\\/en\\\/noticias\\\/caral-el-amanecer-de-la-arqueologia-peruana\\\/#primaryimage\"},\"thumbnailUrl\":\"https:\\\/\\\/zonacaral.gob.pe\\\/wp-content\\\/uploads\\\/2017\\\/11\\\/amanecer-caral.jpeg\",\"datePublished\":\"2017-11-09T14:50:31+00:00\",\"author\":{\"@id\":\"https:\\\/\\\/zonacaral.gob.pe\\\/es\\\/#\\\/schema\\\/person\\\/beddb4d22f71a7230c5b90913270a0ee\"},\"description\":\"Dicen muchas cosas del Norte Chico. Que su comida es soberbia. Que a\u00fan dispone de playas que son tesoros escondidos. Que las investigaciones en relaci\u00f3n a sus vestigios prehisp\u00e1nicos van a cambiar la historia del Per\u00fa. Dicen bien.\",\"breadcrumb\":{\"@id\":\"https:\\\/\\\/zonacaral.gob.pe\\\/en\\\/noticias\\\/caral-el-amanecer-de-la-arqueologia-peruana\\\/#breadcrumb\"},\"inLanguage\":\"es-PE\",\"potentialAction\":[{\"@type\":\"ReadAction\",\"target\":[\"https:\\\/\\\/zonacaral.gob.pe\\\/en\\\/noticias\\\/caral-el-amanecer-de-la-arqueologia-peruana\\\/\"]}]},{\"@type\":\"ImageObject\",\"inLanguage\":\"es-PE\",\"@id\":\"https:\\\/\\\/zonacaral.gob.pe\\\/en\\\/noticias\\\/caral-el-amanecer-de-la-arqueologia-peruana\\\/#primaryimage\",\"url\":\"https:\\\/\\\/zonacaral.gob.pe\\\/wp-content\\\/uploads\\\/2017\\\/11\\\/amanecer-caral.jpeg\",\"contentUrl\":\"https:\\\/\\\/zonacaral.gob.pe\\\/wp-content\\\/uploads\\\/2017\\\/11\\\/amanecer-caral.jpeg\",\"width\":620,\"height\":356},{\"@type\":\"BreadcrumbList\",\"@id\":\"https:\\\/\\\/zonacaral.gob.pe\\\/en\\\/noticias\\\/caral-el-amanecer-de-la-arqueologia-peruana\\\/#breadcrumb\",\"itemListElement\":[{\"@type\":\"ListItem\",\"position\":1,\"name\":\"Portada\",\"item\":\"https:\\\/\\\/zonacaral.gob.pe\\\/\"},{\"@type\":\"ListItem\",\"position\":2,\"name\":\"Caral: el amanecer de la arqueolog\u00eda peruana\"}]},{\"@type\":\"WebSite\",\"@id\":\"https:\\\/\\\/zonacaral.gob.pe\\\/es\\\/#website\",\"url\":\"https:\\\/\\\/zonacaral.gob.pe\\\/es\\\/\",\"name\":\"Zona Caral\",\"description\":\"Investigamos, conservamos y difundimos el patrimonio cultural de la Civilizaci\u00f3n Caral, la m\u00e1s antigua de Am\u00e9rica.\",\"potentialAction\":[{\"@type\":\"SearchAction\",\"target\":{\"@type\":\"EntryPoint\",\"urlTemplate\":\"https:\\\/\\\/zonacaral.gob.pe\\\/es\\\/?s={search_term_string}\"},\"query-input\":{\"@type\":\"PropertyValueSpecification\",\"valueRequired\":true,\"valueName\":\"search_term_string\"}}],\"inLanguage\":\"es-PE\"},{\"@type\":\"Person\",\"@id\":\"https:\\\/\\\/zonacaral.gob.pe\\\/es\\\/#\\\/schema\\\/person\\\/beddb4d22f71a7230c5b90913270a0ee\",\"name\":\"Zona Caral Administrador\",\"image\":{\"@type\":\"ImageObject\",\"inLanguage\":\"es-PE\",\"@id\":\"https:\\\/\\\/secure.gravatar.com\\\/avatar\\\/e4be162918a696358376de6446614e0f0f4062bdc5d170d6d540ada3d8b58c12?s=96&d=mm&r=g\",\"url\":\"https:\\\/\\\/secure.gravatar.com\\\/avatar\\\/e4be162918a696358376de6446614e0f0f4062bdc5d170d6d540ada3d8b58c12?s=96&d=mm&r=g\",\"contentUrl\":\"https:\\\/\\\/secure.gravatar.com\\\/avatar\\\/e4be162918a696358376de6446614e0f0f4062bdc5d170d6d540ada3d8b58c12?s=96&d=mm&r=g\",\"caption\":\"Zona Caral Administrador\"},\"sameAs\":[\"https:\\\/\\\/zonacaral.gob.pe\"],\"url\":\"https:\\\/\\\/zonacaral.gob.pe\\\/es\\\/noticias\\\/author\\\/ad_zonacaral\\\/\"}]}<\/script>\n<!-- \/ Yoast SEO plugin. -->","yoast_head_json":{"title":"Caral: el amanecer de la arqueolog\u00eda peruana","description":"Dicen muchas cosas del Norte Chico. Que su comida es soberbia. Que a\u00fan dispone de playas que son tesoros escondidos. Que las investigaciones en relaci\u00f3n a sus vestigios prehisp\u00e1nicos van a cambiar la historia del Per\u00fa. Dicen bien.","robots":{"index":"index","follow":"follow","max-snippet":"max-snippet:-1","max-image-preview":"max-image-preview:large","max-video-preview":"max-video-preview:-1"},"canonical":"https:\/\/zonacaral.gob.pe\/es\/noticias\/caral-el-amanecer-de-la-arqueologia-peruana\/","og_locale":"es_ES","og_type":"article","og_title":"Caral: el amanecer de la arqueolog\u00eda peruana","og_description":"Dicen muchas cosas del Norte Chico. Que su comida es soberbia. Que a\u00fan dispone de playas que son tesoros escondidos. Que las investigaciones en relaci\u00f3n a sus vestigios prehisp\u00e1nicos van a cambiar la historia del Per\u00fa. Dicen bien.","og_url":"https:\/\/zonacaral.gob.pe\/es\/noticias\/caral-el-amanecer-de-la-arqueologia-peruana\/","og_site_name":"Zona Caral","article_published_time":"2017-11-09T14:50:31+00:00","og_image":[{"width":620,"height":356,"url":"https:\/\/zonacaral.gob.pe\/wp-content\/uploads\/2017\/11\/amanecer-caral.jpeg","type":"image\/jpeg"}],"author":"Zona Caral Administrador","twitter_card":"summary_large_image","twitter_misc":{"Written by":"Zona Caral Administrador","Est. reading time":"2 minutos"},"schema":{"@context":"https:\/\/schema.org","@graph":[{"@type":"Article","@id":"https:\/\/zonacaral.gob.pe\/en\/noticias\/caral-el-amanecer-de-la-arqueologia-peruana\/#article","isPartOf":{"@id":"https:\/\/zonacaral.gob.pe\/en\/noticias\/caral-el-amanecer-de-la-arqueologia-peruana\/"},"author":{"name":"Zona Caral Administrador","@id":"https:\/\/zonacaral.gob.pe\/es\/#\/schema\/person\/beddb4d22f71a7230c5b90913270a0ee"},"headline":"Caral: el amanecer de la arqueolog\u00eda peruana","datePublished":"2017-11-09T14:50:31+00:00","mainEntityOfPage":{"@id":"https:\/\/zonacaral.gob.pe\/en\/noticias\/caral-el-amanecer-de-la-arqueologia-peruana\/"},"wordCount":321,"image":{"@id":"https:\/\/zonacaral.gob.pe\/en\/noticias\/caral-el-amanecer-de-la-arqueologia-peruana\/#primaryimage"},"thumbnailUrl":"https:\/\/zonacaral.gob.pe\/wp-content\/uploads\/2017\/11\/amanecer-caral.jpeg","keywords":["aniversario","caral"],"articleSection":["noticias"],"inLanguage":"es-PE"},{"@type":"WebPage","@id":"https:\/\/zonacaral.gob.pe\/en\/noticias\/caral-el-amanecer-de-la-arqueologia-peruana\/","url":"https:\/\/zonacaral.gob.pe\/en\/noticias\/caral-el-amanecer-de-la-arqueologia-peruana\/","name":"Caral: el amanecer de la arqueolog\u00eda peruana","isPartOf":{"@id":"https:\/\/zonacaral.gob.pe\/es\/#website"},"primaryImageOfPage":{"@id":"https:\/\/zonacaral.gob.pe\/en\/noticias\/caral-el-amanecer-de-la-arqueologia-peruana\/#primaryimage"},"image":{"@id":"https:\/\/zonacaral.gob.pe\/en\/noticias\/caral-el-amanecer-de-la-arqueologia-peruana\/#primaryimage"},"thumbnailUrl":"https:\/\/zonacaral.gob.pe\/wp-content\/uploads\/2017\/11\/amanecer-caral.jpeg","datePublished":"2017-11-09T14:50:31+00:00","author":{"@id":"https:\/\/zonacaral.gob.pe\/es\/#\/schema\/person\/beddb4d22f71a7230c5b90913270a0ee"},"description":"Dicen muchas cosas del Norte Chico. Que su comida es soberbia. Que a\u00fan dispone de playas que son tesoros escondidos. Que las investigaciones en relaci\u00f3n a sus vestigios prehisp\u00e1nicos van a cambiar la historia del Per\u00fa. Dicen bien.","breadcrumb":{"@id":"https:\/\/zonacaral.gob.pe\/en\/noticias\/caral-el-amanecer-de-la-arqueologia-peruana\/#breadcrumb"},"inLanguage":"es-PE","potentialAction":[{"@type":"ReadAction","target":["https:\/\/zonacaral.gob.pe\/en\/noticias\/caral-el-amanecer-de-la-arqueologia-peruana\/"]}]},{"@type":"ImageObject","inLanguage":"es-PE","@id":"https:\/\/zonacaral.gob.pe\/en\/noticias\/caral-el-amanecer-de-la-arqueologia-peruana\/#primaryimage","url":"https:\/\/zonacaral.gob.pe\/wp-content\/uploads\/2017\/11\/amanecer-caral.jpeg","contentUrl":"https:\/\/zonacaral.gob.pe\/wp-content\/uploads\/2017\/11\/amanecer-caral.jpeg","width":620,"height":356},{"@type":"BreadcrumbList","@id":"https:\/\/zonacaral.gob.pe\/en\/noticias\/caral-el-amanecer-de-la-arqueologia-peruana\/#breadcrumb","itemListElement":[{"@type":"ListItem","position":1,"name":"Portada","item":"https:\/\/zonacaral.gob.pe\/"},{"@type":"ListItem","position":2,"name":"Caral: el amanecer de la arqueolog\u00eda peruana"}]},{"@type":"WebSite","@id":"https:\/\/zonacaral.gob.pe\/es\/#website","url":"https:\/\/zonacaral.gob.pe\/es\/","name":"Zona Caral","description":"Investigamos, conservamos y difundimos el patrimonio cultural de la Civilizaci\u00f3n Caral, la m\u00e1s antigua de Am\u00e9rica.","potentialAction":[{"@type":"SearchAction","target":{"@type":"EntryPoint","urlTemplate":"https:\/\/zonacaral.gob.pe\/es\/?s={search_term_string}"},"query-input":{"@type":"PropertyValueSpecification","valueRequired":true,"valueName":"search_term_string"}}],"inLanguage":"es-PE"},{"@type":"Person","@id":"https:\/\/zonacaral.gob.pe\/es\/#\/schema\/person\/beddb4d22f71a7230c5b90913270a0ee","name":"Zona Caral Administrador","image":{"@type":"ImageObject","inLanguage":"es-PE","@id":"https:\/\/secure.gravatar.com\/avatar\/e4be162918a696358376de6446614e0f0f4062bdc5d170d6d540ada3d8b58c12?s=96&d=mm&r=g","url":"https:\/\/secure.gravatar.com\/avatar\/e4be162918a696358376de6446614e0f0f4062bdc5d170d6d540ada3d8b58c12?s=96&d=mm&r=g","contentUrl":"https:\/\/secure.gravatar.com\/avatar\/e4be162918a696358376de6446614e0f0f4062bdc5d170d6d540ada3d8b58c12?s=96&d=mm&r=g","caption":"Zona Caral Administrador"},"sameAs":["https:\/\/zonacaral.gob.pe"],"url":"https:\/\/zonacaral.gob.pe\/es\/noticias\/author\/ad_zonacaral\/"}]}},"_links":{"self":[{"href":"https:\/\/zonacaral.gob.pe\/es\/wp-json\/wp\/v2\/posts\/11939","targetHints":{"allow":["GET"]}}],"collection":[{"href":"https:\/\/zonacaral.gob.pe\/es\/wp-json\/wp\/v2\/posts"}],"about":[{"href":"https:\/\/zonacaral.gob.pe\/es\/wp-json\/wp\/v2\/types\/post"}],"author":[{"embeddable":true,"href":"https:\/\/zonacaral.gob.pe\/es\/wp-json\/wp\/v2\/users\/1"}],"replies":[{"embeddable":true,"href":"https:\/\/zonacaral.gob.pe\/es\/wp-json\/wp\/v2\/comments?post=11939"}],"version-history":[{"count":0,"href":"https:\/\/zonacaral.gob.pe\/es\/wp-json\/wp\/v2\/posts\/11939\/revisions"}],"wp:featuredmedia":[{"embeddable":true,"href":"https:\/\/zonacaral.gob.pe\/es\/wp-json\/wp\/v2\/media\/11940"}],"wp:attachment":[{"href":"https:\/\/zonacaral.gob.pe\/es\/wp-json\/wp\/v2\/media?parent=11939"}],"wp:term":[{"taxonomy":"category","embeddable":true,"href":"https:\/\/zonacaral.gob.pe\/es\/wp-json\/wp\/v2\/categories?post=11939"},{"taxonomy":"post_tag","embeddable":true,"href":"https:\/\/zonacaral.gob.pe\/es\/wp-json\/wp\/v2\/tags?post=11939"}],"curies":[{"name":"wp","href":"https:\/\/api.w.org\/{rel}","templated":true}]}}