{"id":11947,"date":"2017-11-13T16:33:31","date_gmt":"2017-11-13T21:33:31","guid":{"rendered":"http:\/\/www.zonacaral.gob.pe\/?p=11947"},"modified":"2017-11-13T16:33:31","modified_gmt":"2017-11-13T21:33:31","slug":"cual-es-la-contribucion-de-la-civilizacion-caral-en-ciencia-y-tecnologia","status":"publish","type":"post","link":"https:\/\/zonacaral.gob.pe\/es\/noticias\/cual-es-la-contribucion-de-la-civilizacion-caral-en-ciencia-y-tecnologia\/","title":{"rendered":"\u00bfCu\u00e1l es la contribuci\u00f3n de la civilizaci\u00f3n Caral en ciencia y tecnolog\u00eda?"},"content":{"rendered":"<figure class=\"pic-autor\" style=\"color: #4d4d4d; text-align: justify;\"><\/figure>\n<blockquote>\n<p class=\"news-summary\" style=\"font-weight: normal; color: #444444;\">Expertos lo explican en Feria Per\u00fa con Ciencia<\/p>\n<\/blockquote>\n<p>La Zona Arqueol\u00f3gica Caral (ZAC) del Ministerio de Cultura participa con la exposici\u00f3n museogr\u00e1fica \u00abLa Producci\u00f3n de Conocimientos en Armon\u00eda con la Inteligencia Emocional para el Buen Vivir\u00bb, en la \u00abFeria Per\u00fa con Ciencia\u00bb del Consejo Nacional de Ciencia, Tecnolog\u00eda e Innovaci\u00f3n Tecnol\u00f3gica (Concytec).<\/p>\n<p>Han transcurrido 23 a\u00f1os desde que, en 1994, la doctora Ruth Shady Sol\u00eds y un grupo de arque\u00f3logos iniciaran investigaciones en el valle de Supe. Los estudios realizados han puesto al descubierto que las sociedades de la civilizaci\u00f3n Caral alcanzaron un impresionante desarrollo a nivel cultural y cient\u00edfico.<\/p>\n<p>A trav\u00e9s de la exposici\u00f3n museogr\u00e1fica, se podr\u00e1 apreciar y conocer el desarrollo cient\u00edfico producido, hace 5 000 a\u00f1os, en la Civilizaci\u00f3n m\u00e1s antigua de Am\u00e9rica.<\/p>\n<p>Los peruanos conocer\u00e1n c\u00f3mo se manej\u00f3 esta parte de nuestro territorio en el pasado, qu\u00e9 resultados se obtuvieron; as\u00ed como tambi\u00e9n: qu\u00e9 ciencia y tecnolog\u00eda fueron aplicados en diversos campos de la vida organizada: la estabilidad de las estructuras edificadas aplicando tecnolog\u00edas constructivas sostenibles y sismorresistentes.<\/p>\n<p>Igualmente, se podr\u00e1 conocer el manejo gen\u00e9tico de especies agr\u00edcolas (algod\u00f3n de colores naturales), el registro astron\u00f3mico en la medici\u00f3n del tiempo y en la predicci\u00f3n de cambios clim\u00e1ticos, la identificaci\u00f3n de plantas con propiedades medicinales (sauce, guayaba, etc.), la resistencia de fibras vegetales como la cortaderia, o la calidad, longitud y suavidad del algod\u00f3n de colores, el manejo de la energ\u00eda del viento (mec\u00e1nica de fluidos) y del sol (secado de alimentos para su conservaci\u00f3n por periodos largos), entre otros.<\/p>\n<p>La Zona Arqueol\u00f3gica Caral realiza la investigaci\u00f3n, conservaci\u00f3n y puesta en valor, con visi\u00f3n integral, de doce centros urbanos: Ciudad Sagrada de Caral, Chupacigarro, Miraya, Lurihuasi, Allpacoto, Pueblo Nuevo, \u00c1spero, Piedra Parada, El Molino y Era de Pando, ubicados en la provincia de Barranca; y, Pe\u00f1ico y Vichama, ubicado en la provincia de Huaura, para que en la comparaci\u00f3n de las evidencias se infiera los diversos aspectos del sistema social, del desarrollo precoz de esta civilizaci\u00f3n, la m\u00e1s antigua de Am\u00e9rica, y de los cambios que fueron d\u00e1ndose a trav\u00e9s del tiempo.<\/p>\n<p>As\u00ed, como tambi\u00e9n, para generar reflexiones sobre nuestra realidad actual a partir de los saberes de nuestros antepasados as\u00ed como promover un polo de desarrollo social y tur\u00edstico en el \u00e1rea norcentral del Per\u00fa.<\/p>\n<p>El sitio arqueol\u00f3gico Ciudad Sagrada de Caral, con su planificaci\u00f3n urbana y arquitectura compleja, representa una obra maestra del genio creador peruano, que a\u00fan sigue sorprendiendo en nuestros tiempos, indicaron voceros del Ministerio de Cultura.<\/p>\n<p>Su aporte, como testimonio excepcional de la Civilizaci\u00f3n Caral y de su tradici\u00f3n cultural, le ha valido que en el a\u00f1o 2002, fuera declarado Patrimonio Cultural de la Naci\u00f3n; y, en el a\u00f1o 2009, Patrimonio Mundial por el Centro del Patrimonio Mundial de la UNESCO. Esta distinci\u00f3n representa el reconocimiento mundial al aporte de la cultura peruana.<\/p>\n<p><strong>D\u00f3nde<\/strong><\/p>\n<p>La exhibici\u00f3n de la Zona Arqueol\u00f3gica Caral se encuentra en los m\u00f3dulos n\u00b0 39 y 40 de la \u00abFeria Per\u00fa Con Ciencia\u00bb que se realiza en el Centro de Convenciones del centro comercial Plaza Lima Norte. El espacio expositivo puede ser visitado del 9 al 12 de noviembre de 2017, en el horario: jueves y viernes de 11:00 am a 9:00 pm, y s\u00e1bado y domingo de 10:00 am a 9:00 pm. El ingreso es libre.<\/p>\n<p><script>\/\/ <![CDATA[\n(function(d, s, id){var js; if (d.getElementById(id)) {return;} js = d.createElement(s); js.id = id; js.src = \"https:\/\/embedsocial.com\/embedscript\/ei.js\"; d.getElementsByTagName(\"head\")[0].appendChild(js);}(document, \"script\", \"EmbedSocialScript\"));\n\/\/ ]]><\/script><\/p>\n<p style=\"text-align: justify;\"><a href=\"http:\/\/andina.pe\/agencia\/noticia-%C2%BFcual-es-contribucion-de-civilizacion-caral-ciencia-y-tecnologia-689426.aspx\"><strong>Fuente:\u00a0Agencia Andina<\/strong><\/a><\/p>\n<div style=\"color: #1f1f1f;\">\n<p style=\"text-align: justify;\">Fecha de publicaci\u00f3n: 11\/11\/2017<\/p>\n<\/div>\n","protected":false},"excerpt":{"rendered":"<p>Expertos lo explican en Feria Per\u00fa con Ciencia La Zona Arqueol\u00f3gica Caral (ZAC) del Ministerio de Cultura participa con la [&hellip;]<\/p>\n","protected":false},"author":1,"featured_media":11948,"comment_status":"closed","ping_status":"open","sticky":false,"template":"","format":"standard","meta":{"_acf_changed":false,"site-sidebar-layout":"default","site-content-layout":"","ast-site-content-layout":"default","site-content-style":"default","site-sidebar-style":"default","ast-global-header-display":"","ast-banner-title-visibility":"","ast-main-header-display":"","ast-hfb-above-header-display":"","ast-hfb-below-header-display":"","ast-hfb-mobile-header-display":"","site-post-title":"","ast-breadcrumbs-content":"","ast-featured-img":"","footer-sml-layout":"","ast-disable-related-posts":"","theme-transparent-header-meta":"","adv-header-id-meta":"","stick-header-meta":"","header-above-stick-meta":"","header-main-stick-meta":"","header-below-stick-meta":"","astra-migrate-meta-layouts":"default","ast-page-background-enabled":"default","ast-page-background-meta":{"desktop":{"background-color":"var(--ast-global-color-5)","background-image":"","background-repeat":"repeat","background-position":"center center","background-size":"auto","background-attachment":"scroll","background-type":"","background-media":"","overlay-type":"","overlay-color":"","overlay-opacity":"","overlay-gradient":""},"tablet":{"background-color":"","background-image":"","background-repeat":"repeat","background-position":"center center","background-size":"auto","background-attachment":"scroll","background-type":"","background-media":"","overlay-type":"","overlay-color":"","overlay-opacity":"","overlay-gradient":""},"mobile":{"background-color":"","background-image":"","background-repeat":"repeat","background-position":"center center","background-size":"auto","background-attachment":"scroll","background-type":"","background-media":"","overlay-type":"","overlay-color":"","overlay-opacity":"","overlay-gradient":""}},"ast-content-background-meta":{"desktop":{"background-color":"var(--ast-global-color-4)","background-image":"","background-repeat":"repeat","background-position":"center center","background-size":"auto","background-attachment":"scroll","background-type":"","background-media":"","overlay-type":"","overlay-color":"","overlay-opacity":"","overlay-gradient":""},"tablet":{"background-color":"var(--ast-global-color-4)","background-image":"","background-repeat":"repeat","background-position":"center center","background-size":"auto","background-attachment":"scroll","background-type":"","background-media":"","overlay-type":"","overlay-color":"","overlay-opacity":"","overlay-gradient":""},"mobile":{"background-color":"var(--ast-global-color-4)","background-image":"","background-repeat":"repeat","background-position":"center center","background-size":"auto","background-attachment":"scroll","background-type":"","background-media":"","overlay-type":"","overlay-color":"","overlay-opacity":"","overlay-gradient":""}},"footnotes":""},"categories":[208],"tags":[55,141],"class_list":["post-11947","post","type-post","status-publish","format-standard","has-post-thumbnail","hentry","category-noticias","tag-caral","tag-concytec"],"acf":[],"yoast_head":"<!-- This site is optimized with the Yoast SEO plugin v27.3 - https:\/\/yoast.com\/product\/yoast-seo-wordpress\/ -->\n<title>\u00bfCu\u00e1l es la contribuci\u00f3n de la civilizaci\u00f3n Caral en ciencia y tecnolog\u00eda?<\/title>\n<meta name=\"description\" content=\"La Zona Arqueol\u00f3gica Caral (ZAC) del Ministerio de Cultura participa con la exposici\u00f3n museogr\u00e1fica &quot;La Producci\u00f3n de Conocimientos en Armon\u00eda con la Inteligencia Emocional para el Buen Vivir&quot;, en la &quot;Feria Per\u00fa con Ciencia&quot; del Consejo Nacional de Ciencia, Tecnolog\u00eda e Innovaci\u00f3n Tecnol\u00f3gica (Concytec).\" \/>\n<meta name=\"robots\" content=\"index, follow, max-snippet:-1, max-image-preview:large, max-video-preview:-1\" \/>\n<link rel=\"canonical\" href=\"https:\/\/zonacaral.gob.pe\/es\/noticias\/cual-es-la-contribucion-de-la-civilizacion-caral-en-ciencia-y-tecnologia\/\" \/>\n<meta property=\"og:locale\" content=\"es_ES\" \/>\n<meta property=\"og:type\" content=\"article\" \/>\n<meta property=\"og:title\" content=\"\u00bfCu\u00e1l es la contribuci\u00f3n de la civilizaci\u00f3n Caral en ciencia y tecnolog\u00eda?\" \/>\n<meta property=\"og:description\" content=\"La Zona Arqueol\u00f3gica Caral (ZAC) del Ministerio de Cultura participa con la exposici\u00f3n museogr\u00e1fica &quot;La Producci\u00f3n de Conocimientos en Armon\u00eda con la Inteligencia Emocional para el Buen Vivir&quot;, en la &quot;Feria Per\u00fa con Ciencia&quot; del Consejo Nacional de Ciencia, Tecnolog\u00eda e Innovaci\u00f3n Tecnol\u00f3gica (Concytec).\" \/>\n<meta property=\"og:url\" content=\"https:\/\/zonacaral.gob.pe\/es\/noticias\/cual-es-la-contribucion-de-la-civilizacion-caral-en-ciencia-y-tecnologia\/\" \/>\n<meta property=\"og:site_name\" content=\"Zona Caral\" \/>\n<meta property=\"article:published_time\" content=\"2017-11-13T21:33:31+00:00\" \/>\n<meta property=\"og:image\" content=\"https:\/\/zonacaral.gob.pe\/wp-content\/uploads\/2017\/11\/sismorresistente-caral-concytec.jpg\" \/>\n\t<meta property=\"og:image:width\" content=\"800\" \/>\n\t<meta property=\"og:image:height\" content=\"502\" \/>\n\t<meta property=\"og:image:type\" content=\"image\/jpeg\" \/>\n<meta name=\"author\" content=\"Zona Caral Administrador\" \/>\n<meta name=\"twitter:card\" content=\"summary_large_image\" \/>\n<meta name=\"twitter:label1\" content=\"Written by\" \/>\n\t<meta name=\"twitter:data1\" content=\"Zona Caral Administrador\" \/>\n\t<meta name=\"twitter:label2\" content=\"Est. reading time\" \/>\n\t<meta name=\"twitter:data2\" content=\"3 minutos\" \/>\n<script type=\"application\/ld+json\" class=\"yoast-schema-graph\">{\"@context\":\"https:\\\/\\\/schema.org\",\"@graph\":[{\"@type\":\"Article\",\"@id\":\"https:\\\/\\\/zonacaral.gob.pe\\\/en\\\/noticias\\\/cual-es-la-contribucion-de-la-civilizacion-caral-en-ciencia-y-tecnologia\\\/#article\",\"isPartOf\":{\"@id\":\"https:\\\/\\\/zonacaral.gob.pe\\\/en\\\/noticias\\\/cual-es-la-contribucion-de-la-civilizacion-caral-en-ciencia-y-tecnologia\\\/\"},\"author\":{\"name\":\"Zona Caral Administrador\",\"@id\":\"https:\\\/\\\/zonacaral.gob.pe\\\/es\\\/#\\\/schema\\\/person\\\/beddb4d22f71a7230c5b90913270a0ee\"},\"headline\":\"\u00bfCu\u00e1l es la contribuci\u00f3n de la civilizaci\u00f3n Caral en ciencia y tecnolog\u00eda?\",\"datePublished\":\"2017-11-13T21:33:31+00:00\",\"mainEntityOfPage\":{\"@id\":\"https:\\\/\\\/zonacaral.gob.pe\\\/en\\\/noticias\\\/cual-es-la-contribucion-de-la-civilizacion-caral-en-ciencia-y-tecnologia\\\/\"},\"wordCount\":621,\"image\":{\"@id\":\"https:\\\/\\\/zonacaral.gob.pe\\\/en\\\/noticias\\\/cual-es-la-contribucion-de-la-civilizacion-caral-en-ciencia-y-tecnologia\\\/#primaryimage\"},\"thumbnailUrl\":\"https:\\\/\\\/zonacaral.gob.pe\\\/wp-content\\\/uploads\\\/2017\\\/11\\\/sismorresistente-caral-concytec.jpg\",\"keywords\":[\"caral\",\"concytec\"],\"articleSection\":[\"noticias\"],\"inLanguage\":\"es-PE\"},{\"@type\":\"WebPage\",\"@id\":\"https:\\\/\\\/zonacaral.gob.pe\\\/en\\\/noticias\\\/cual-es-la-contribucion-de-la-civilizacion-caral-en-ciencia-y-tecnologia\\\/\",\"url\":\"https:\\\/\\\/zonacaral.gob.pe\\\/en\\\/noticias\\\/cual-es-la-contribucion-de-la-civilizacion-caral-en-ciencia-y-tecnologia\\\/\",\"name\":\"\u00bfCu\u00e1l es la contribuci\u00f3n de la civilizaci\u00f3n Caral en ciencia y tecnolog\u00eda?\",\"isPartOf\":{\"@id\":\"https:\\\/\\\/zonacaral.gob.pe\\\/es\\\/#website\"},\"primaryImageOfPage\":{\"@id\":\"https:\\\/\\\/zonacaral.gob.pe\\\/en\\\/noticias\\\/cual-es-la-contribucion-de-la-civilizacion-caral-en-ciencia-y-tecnologia\\\/#primaryimage\"},\"image\":{\"@id\":\"https:\\\/\\\/zonacaral.gob.pe\\\/en\\\/noticias\\\/cual-es-la-contribucion-de-la-civilizacion-caral-en-ciencia-y-tecnologia\\\/#primaryimage\"},\"thumbnailUrl\":\"https:\\\/\\\/zonacaral.gob.pe\\\/wp-content\\\/uploads\\\/2017\\\/11\\\/sismorresistente-caral-concytec.jpg\",\"datePublished\":\"2017-11-13T21:33:31+00:00\",\"author\":{\"@id\":\"https:\\\/\\\/zonacaral.gob.pe\\\/es\\\/#\\\/schema\\\/person\\\/beddb4d22f71a7230c5b90913270a0ee\"},\"description\":\"La Zona Arqueol\u00f3gica Caral (ZAC) del Ministerio de Cultura participa con la exposici\u00f3n museogr\u00e1fica \\\"La Producci\u00f3n de Conocimientos en Armon\u00eda con la Inteligencia Emocional para el Buen Vivir\\\", en la \\\"Feria Per\u00fa con Ciencia\\\" del Consejo Nacional de Ciencia, Tecnolog\u00eda e Innovaci\u00f3n Tecnol\u00f3gica (Concytec).\",\"breadcrumb\":{\"@id\":\"https:\\\/\\\/zonacaral.gob.pe\\\/en\\\/noticias\\\/cual-es-la-contribucion-de-la-civilizacion-caral-en-ciencia-y-tecnologia\\\/#breadcrumb\"},\"inLanguage\":\"es-PE\",\"potentialAction\":[{\"@type\":\"ReadAction\",\"target\":[\"https:\\\/\\\/zonacaral.gob.pe\\\/en\\\/noticias\\\/cual-es-la-contribucion-de-la-civilizacion-caral-en-ciencia-y-tecnologia\\\/\"]}]},{\"@type\":\"ImageObject\",\"inLanguage\":\"es-PE\",\"@id\":\"https:\\\/\\\/zonacaral.gob.pe\\\/en\\\/noticias\\\/cual-es-la-contribucion-de-la-civilizacion-caral-en-ciencia-y-tecnologia\\\/#primaryimage\",\"url\":\"https:\\\/\\\/zonacaral.gob.pe\\\/wp-content\\\/uploads\\\/2017\\\/11\\\/sismorresistente-caral-concytec.jpg\",\"contentUrl\":\"https:\\\/\\\/zonacaral.gob.pe\\\/wp-content\\\/uploads\\\/2017\\\/11\\\/sismorresistente-caral-concytec.jpg\",\"width\":800,\"height\":502},{\"@type\":\"BreadcrumbList\",\"@id\":\"https:\\\/\\\/zonacaral.gob.pe\\\/en\\\/noticias\\\/cual-es-la-contribucion-de-la-civilizacion-caral-en-ciencia-y-tecnologia\\\/#breadcrumb\",\"itemListElement\":[{\"@type\":\"ListItem\",\"position\":1,\"name\":\"Portada\",\"item\":\"https:\\\/\\\/zonacaral.gob.pe\\\/\"},{\"@type\":\"ListItem\",\"position\":2,\"name\":\"\u00bfCu\u00e1l es la contribuci\u00f3n de la civilizaci\u00f3n Caral en ciencia y tecnolog\u00eda?\"}]},{\"@type\":\"WebSite\",\"@id\":\"https:\\\/\\\/zonacaral.gob.pe\\\/es\\\/#website\",\"url\":\"https:\\\/\\\/zonacaral.gob.pe\\\/es\\\/\",\"name\":\"Zona Caral\",\"description\":\"Investigamos, conservamos y difundimos el patrimonio cultural de la Civilizaci\u00f3n Caral, la m\u00e1s antigua de Am\u00e9rica.\",\"potentialAction\":[{\"@type\":\"SearchAction\",\"target\":{\"@type\":\"EntryPoint\",\"urlTemplate\":\"https:\\\/\\\/zonacaral.gob.pe\\\/es\\\/?s={search_term_string}\"},\"query-input\":{\"@type\":\"PropertyValueSpecification\",\"valueRequired\":true,\"valueName\":\"search_term_string\"}}],\"inLanguage\":\"es-PE\"},{\"@type\":\"Person\",\"@id\":\"https:\\\/\\\/zonacaral.gob.pe\\\/es\\\/#\\\/schema\\\/person\\\/beddb4d22f71a7230c5b90913270a0ee\",\"name\":\"Zona Caral Administrador\",\"image\":{\"@type\":\"ImageObject\",\"inLanguage\":\"es-PE\",\"@id\":\"https:\\\/\\\/secure.gravatar.com\\\/avatar\\\/e4be162918a696358376de6446614e0f0f4062bdc5d170d6d540ada3d8b58c12?s=96&d=mm&r=g\",\"url\":\"https:\\\/\\\/secure.gravatar.com\\\/avatar\\\/e4be162918a696358376de6446614e0f0f4062bdc5d170d6d540ada3d8b58c12?s=96&d=mm&r=g\",\"contentUrl\":\"https:\\\/\\\/secure.gravatar.com\\\/avatar\\\/e4be162918a696358376de6446614e0f0f4062bdc5d170d6d540ada3d8b58c12?s=96&d=mm&r=g\",\"caption\":\"Zona Caral Administrador\"},\"sameAs\":[\"https:\\\/\\\/zonacaral.gob.pe\"],\"url\":\"https:\\\/\\\/zonacaral.gob.pe\\\/es\\\/noticias\\\/author\\\/ad_zonacaral\\\/\"}]}<\/script>\n<!-- \/ Yoast SEO plugin. -->","yoast_head_json":{"title":"\u00bfCu\u00e1l es la contribuci\u00f3n de la civilizaci\u00f3n Caral en ciencia y tecnolog\u00eda?","description":"La Zona Arqueol\u00f3gica Caral (ZAC) del Ministerio de Cultura participa con la exposici\u00f3n museogr\u00e1fica \"La Producci\u00f3n de Conocimientos en Armon\u00eda con la Inteligencia Emocional para el Buen Vivir\", en la \"Feria Per\u00fa con Ciencia\" del Consejo Nacional de Ciencia, Tecnolog\u00eda e Innovaci\u00f3n Tecnol\u00f3gica (Concytec).","robots":{"index":"index","follow":"follow","max-snippet":"max-snippet:-1","max-image-preview":"max-image-preview:large","max-video-preview":"max-video-preview:-1"},"canonical":"https:\/\/zonacaral.gob.pe\/es\/noticias\/cual-es-la-contribucion-de-la-civilizacion-caral-en-ciencia-y-tecnologia\/","og_locale":"es_ES","og_type":"article","og_title":"\u00bfCu\u00e1l es la contribuci\u00f3n de la civilizaci\u00f3n Caral en ciencia y tecnolog\u00eda?","og_description":"La Zona Arqueol\u00f3gica Caral (ZAC) del Ministerio de Cultura participa con la exposici\u00f3n museogr\u00e1fica \"La Producci\u00f3n de Conocimientos en Armon\u00eda con la Inteligencia Emocional para el Buen Vivir\", en la \"Feria Per\u00fa con Ciencia\" del Consejo Nacional de Ciencia, Tecnolog\u00eda e Innovaci\u00f3n Tecnol\u00f3gica (Concytec).","og_url":"https:\/\/zonacaral.gob.pe\/es\/noticias\/cual-es-la-contribucion-de-la-civilizacion-caral-en-ciencia-y-tecnologia\/","og_site_name":"Zona Caral","article_published_time":"2017-11-13T21:33:31+00:00","og_image":[{"width":800,"height":502,"url":"https:\/\/zonacaral.gob.pe\/wp-content\/uploads\/2017\/11\/sismorresistente-caral-concytec.jpg","type":"image\/jpeg"}],"author":"Zona Caral Administrador","twitter_card":"summary_large_image","twitter_misc":{"Written by":"Zona Caral Administrador","Est. reading time":"3 minutos"},"schema":{"@context":"https:\/\/schema.org","@graph":[{"@type":"Article","@id":"https:\/\/zonacaral.gob.pe\/en\/noticias\/cual-es-la-contribucion-de-la-civilizacion-caral-en-ciencia-y-tecnologia\/#article","isPartOf":{"@id":"https:\/\/zonacaral.gob.pe\/en\/noticias\/cual-es-la-contribucion-de-la-civilizacion-caral-en-ciencia-y-tecnologia\/"},"author":{"name":"Zona Caral Administrador","@id":"https:\/\/zonacaral.gob.pe\/es\/#\/schema\/person\/beddb4d22f71a7230c5b90913270a0ee"},"headline":"\u00bfCu\u00e1l es la contribuci\u00f3n de la civilizaci\u00f3n Caral en ciencia y tecnolog\u00eda?","datePublished":"2017-11-13T21:33:31+00:00","mainEntityOfPage":{"@id":"https:\/\/zonacaral.gob.pe\/en\/noticias\/cual-es-la-contribucion-de-la-civilizacion-caral-en-ciencia-y-tecnologia\/"},"wordCount":621,"image":{"@id":"https:\/\/zonacaral.gob.pe\/en\/noticias\/cual-es-la-contribucion-de-la-civilizacion-caral-en-ciencia-y-tecnologia\/#primaryimage"},"thumbnailUrl":"https:\/\/zonacaral.gob.pe\/wp-content\/uploads\/2017\/11\/sismorresistente-caral-concytec.jpg","keywords":["caral","concytec"],"articleSection":["noticias"],"inLanguage":"es-PE"},{"@type":"WebPage","@id":"https:\/\/zonacaral.gob.pe\/en\/noticias\/cual-es-la-contribucion-de-la-civilizacion-caral-en-ciencia-y-tecnologia\/","url":"https:\/\/zonacaral.gob.pe\/en\/noticias\/cual-es-la-contribucion-de-la-civilizacion-caral-en-ciencia-y-tecnologia\/","name":"\u00bfCu\u00e1l es la contribuci\u00f3n de la civilizaci\u00f3n Caral en ciencia y tecnolog\u00eda?","isPartOf":{"@id":"https:\/\/zonacaral.gob.pe\/es\/#website"},"primaryImageOfPage":{"@id":"https:\/\/zonacaral.gob.pe\/en\/noticias\/cual-es-la-contribucion-de-la-civilizacion-caral-en-ciencia-y-tecnologia\/#primaryimage"},"image":{"@id":"https:\/\/zonacaral.gob.pe\/en\/noticias\/cual-es-la-contribucion-de-la-civilizacion-caral-en-ciencia-y-tecnologia\/#primaryimage"},"thumbnailUrl":"https:\/\/zonacaral.gob.pe\/wp-content\/uploads\/2017\/11\/sismorresistente-caral-concytec.jpg","datePublished":"2017-11-13T21:33:31+00:00","author":{"@id":"https:\/\/zonacaral.gob.pe\/es\/#\/schema\/person\/beddb4d22f71a7230c5b90913270a0ee"},"description":"La Zona Arqueol\u00f3gica Caral (ZAC) del Ministerio de Cultura participa con la exposici\u00f3n museogr\u00e1fica \"La Producci\u00f3n de Conocimientos en Armon\u00eda con la Inteligencia Emocional para el Buen Vivir\", en la \"Feria Per\u00fa con Ciencia\" del Consejo Nacional de Ciencia, Tecnolog\u00eda e Innovaci\u00f3n Tecnol\u00f3gica (Concytec).","breadcrumb":{"@id":"https:\/\/zonacaral.gob.pe\/en\/noticias\/cual-es-la-contribucion-de-la-civilizacion-caral-en-ciencia-y-tecnologia\/#breadcrumb"},"inLanguage":"es-PE","potentialAction":[{"@type":"ReadAction","target":["https:\/\/zonacaral.gob.pe\/en\/noticias\/cual-es-la-contribucion-de-la-civilizacion-caral-en-ciencia-y-tecnologia\/"]}]},{"@type":"ImageObject","inLanguage":"es-PE","@id":"https:\/\/zonacaral.gob.pe\/en\/noticias\/cual-es-la-contribucion-de-la-civilizacion-caral-en-ciencia-y-tecnologia\/#primaryimage","url":"https:\/\/zonacaral.gob.pe\/wp-content\/uploads\/2017\/11\/sismorresistente-caral-concytec.jpg","contentUrl":"https:\/\/zonacaral.gob.pe\/wp-content\/uploads\/2017\/11\/sismorresistente-caral-concytec.jpg","width":800,"height":502},{"@type":"BreadcrumbList","@id":"https:\/\/zonacaral.gob.pe\/en\/noticias\/cual-es-la-contribucion-de-la-civilizacion-caral-en-ciencia-y-tecnologia\/#breadcrumb","itemListElement":[{"@type":"ListItem","position":1,"name":"Portada","item":"https:\/\/zonacaral.gob.pe\/"},{"@type":"ListItem","position":2,"name":"\u00bfCu\u00e1l es la contribuci\u00f3n de la civilizaci\u00f3n Caral en ciencia y tecnolog\u00eda?"}]},{"@type":"WebSite","@id":"https:\/\/zonacaral.gob.pe\/es\/#website","url":"https:\/\/zonacaral.gob.pe\/es\/","name":"Zona Caral","description":"Investigamos, conservamos y difundimos el patrimonio cultural de la Civilizaci\u00f3n Caral, la m\u00e1s antigua de Am\u00e9rica.","potentialAction":[{"@type":"SearchAction","target":{"@type":"EntryPoint","urlTemplate":"https:\/\/zonacaral.gob.pe\/es\/?s={search_term_string}"},"query-input":{"@type":"PropertyValueSpecification","valueRequired":true,"valueName":"search_term_string"}}],"inLanguage":"es-PE"},{"@type":"Person","@id":"https:\/\/zonacaral.gob.pe\/es\/#\/schema\/person\/beddb4d22f71a7230c5b90913270a0ee","name":"Zona Caral Administrador","image":{"@type":"ImageObject","inLanguage":"es-PE","@id":"https:\/\/secure.gravatar.com\/avatar\/e4be162918a696358376de6446614e0f0f4062bdc5d170d6d540ada3d8b58c12?s=96&d=mm&r=g","url":"https:\/\/secure.gravatar.com\/avatar\/e4be162918a696358376de6446614e0f0f4062bdc5d170d6d540ada3d8b58c12?s=96&d=mm&r=g","contentUrl":"https:\/\/secure.gravatar.com\/avatar\/e4be162918a696358376de6446614e0f0f4062bdc5d170d6d540ada3d8b58c12?s=96&d=mm&r=g","caption":"Zona Caral Administrador"},"sameAs":["https:\/\/zonacaral.gob.pe"],"url":"https:\/\/zonacaral.gob.pe\/es\/noticias\/author\/ad_zonacaral\/"}]}},"_links":{"self":[{"href":"https:\/\/zonacaral.gob.pe\/es\/wp-json\/wp\/v2\/posts\/11947","targetHints":{"allow":["GET"]}}],"collection":[{"href":"https:\/\/zonacaral.gob.pe\/es\/wp-json\/wp\/v2\/posts"}],"about":[{"href":"https:\/\/zonacaral.gob.pe\/es\/wp-json\/wp\/v2\/types\/post"}],"author":[{"embeddable":true,"href":"https:\/\/zonacaral.gob.pe\/es\/wp-json\/wp\/v2\/users\/1"}],"replies":[{"embeddable":true,"href":"https:\/\/zonacaral.gob.pe\/es\/wp-json\/wp\/v2\/comments?post=11947"}],"version-history":[{"count":0,"href":"https:\/\/zonacaral.gob.pe\/es\/wp-json\/wp\/v2\/posts\/11947\/revisions"}],"wp:featuredmedia":[{"embeddable":true,"href":"https:\/\/zonacaral.gob.pe\/es\/wp-json\/wp\/v2\/media\/11948"}],"wp:attachment":[{"href":"https:\/\/zonacaral.gob.pe\/es\/wp-json\/wp\/v2\/media?parent=11947"}],"wp:term":[{"taxonomy":"category","embeddable":true,"href":"https:\/\/zonacaral.gob.pe\/es\/wp-json\/wp\/v2\/categories?post=11947"},{"taxonomy":"post_tag","embeddable":true,"href":"https:\/\/zonacaral.gob.pe\/es\/wp-json\/wp\/v2\/tags?post=11947"}],"curies":[{"name":"wp","href":"https:\/\/api.w.org\/{rel}","templated":true}]}}