{"id":12006,"date":"2017-12-01T15:51:56","date_gmt":"2017-12-01T20:51:56","guid":{"rendered":"http:\/\/www.zonacaral.gob.pe\/?p=12006"},"modified":"2017-12-01T15:51:56","modified_gmt":"2017-12-01T20:51:56","slug":"exposicion-museografica-sobre-la-civilizacion-caral-recibe-la-visita-del-director-de-la-biblioteca-nacional-de-chile","status":"publish","type":"post","link":"https:\/\/zonacaral.gob.pe\/es\/noticias\/exposicion-museografica-sobre-la-civilizacion-caral-recibe-la-visita-del-director-de-la-biblioteca-nacional-de-chile\/","title":{"rendered":"Exposici\u00f3n museogr\u00e1fica sobre la Civilizaci\u00f3n Caral, recibe la visita del Director de la Biblioteca Nacional de Chile"},"content":{"rendered":"<figure class=\"pic-autor\" style=\"color: #4d4d4d; text-align: justify;\"><\/figure>\n<p class=\"news-summary\" style=\"font-weight: normal; color: #444444;\">El Director de la Biblioteca Nacional de Chile, Pedro Pablo Zegers Blanchet visit\u00f3 la <a href=\"\/exposici%C3%B3n%20museogr%C3%A1fica\" target=\"_blank\">exposici\u00f3n museogr\u00e1fica <\/a>\u00abTransmisi\u00f3n de los Valores de la Civilizaci\u00f3n Caral. 5 000 a\u00f1os de Vida Organizada en Armon\u00eda entre la Sociedad y la Naturaleza\u00bb, que se presenta en la Gran Biblioteca P\u00fablica de Lima.<\/p>\n<p>El Director de la Biblioteca Nacional de Chile, acompa\u00f1ado por la Directora de la Gran Biblioteca P\u00fablica de Lima, Emma Camacho Gonzales, realiz\u00f3 el recorrido por la exposici\u00f3n museogr\u00e1fica que exhibe una colecci\u00f3n arqueol\u00f3gica de m\u00e1s de 350 objetos culturales que ilustran sobre los diversos aspectos del sistema social de la Civilizaci\u00f3n Caral, resultado de 23 a\u00f1os de investigaciones realizadas por arque\u00f3logos peruanos liderados por Ruth Shady Sol\u00eds, Directora de la Zona Arqueol\u00f3gica Caral.<\/p>\n<p>La visita de Zegers Blanchet, efectuada el 22 de noviembre de 2017, se realiz\u00f3 en el marco de su llegada a nuestro pa\u00eds para suscribir dos importantes acuerdos interinstitucionales que permitir\u00e1n la devoluci\u00f3n de 720 libros pertenecientes a la Biblioteca Nacional del Per\u00fa y que se encuentran en las dependencias de la Biblioteca Nacional de Chile; asimismo, establecer mecanismos de cooperaci\u00f3n para fortalecer los servicios que ambas entidades prestan a favor de sus usuarios.<\/p>\n<p>La exposici\u00f3n museogr\u00e1fica sobre la Civilizaci\u00f3n Caral se presenta en la <a href=\"https:\/\/www.google.com.pe\/maps\/place\/Gran+Biblioteca+P%C3%83%C2%BAblica+de+Lima\/@-12.0501653,-77.0284697,15z\/data=!4m5!3m4!1s0x0:0x2b571cf0ab2f6575!8m2!3d-12.0501653!4d-77.0284697\" target=\"_blank\">Gran Biblioteca P\u00fablica de Lima<\/a> (avenida Abancay, cuadra 4, Cercado de Lima). Puede visitarla de lunes a viernes de 9:00 am a 6:00 pm y s\u00e1bados de 10:00 am a 6:00 pm, hasta el s\u00e1bado 16 de diciembre de 2017.<\/p>\n<p><script>\/\/ <![CDATA[\n(function(d, s, id){var js; if (d.getElementById(id)) {return;} js = d.createElement(s); js.id = id; js.src = \"https:\/\/embedsocial.com\/embedscript\/ei.js\"; d.getElementsByTagName(\"head\")[0].appendChild(js);}(document, \"script\", \"EmbedSocialScript\"));\n\/\/ ]]><\/script><\/p>\n<p style=\"text-align: justify;\"><span style=\"color: #993300;\"><strong>Fuente:\u00a0Prensa ZAC<\/strong><\/span><\/p>\n<div style=\"color: #1f1f1f;\">\n<p style=\"text-align: justify;\">Fecha de publicaci\u00f3n: 01\/12\/2017<\/p>\n<\/div>\n","protected":false},"excerpt":{"rendered":"<p>El Director de la Biblioteca Nacional de Chile, Pedro Pablo Zegers Blanchet visit\u00f3 la exposici\u00f3n museogr\u00e1fica \u00abTransmisi\u00f3n de los Valores [&hellip;]<\/p>\n","protected":false},"author":1,"featured_media":12007,"comment_status":"closed","ping_status":"open","sticky":false,"template":"","format":"standard","meta":{"_acf_changed":false,"site-sidebar-layout":"default","site-content-layout":"","ast-site-content-layout":"default","site-content-style":"default","site-sidebar-style":"default","ast-global-header-display":"","ast-banner-title-visibility":"","ast-main-header-display":"","ast-hfb-above-header-display":"","ast-hfb-below-header-display":"","ast-hfb-mobile-header-display":"","site-post-title":"","ast-breadcrumbs-content":"","ast-featured-img":"","footer-sml-layout":"","ast-disable-related-posts":"","theme-transparent-header-meta":"","adv-header-id-meta":"","stick-header-meta":"","header-above-stick-meta":"","header-main-stick-meta":"","header-below-stick-meta":"","astra-migrate-meta-layouts":"default","ast-page-background-enabled":"default","ast-page-background-meta":{"desktop":{"background-color":"var(--ast-global-color-5)","background-image":"","background-repeat":"repeat","background-position":"center center","background-size":"auto","background-attachment":"scroll","background-type":"","background-media":"","overlay-type":"","overlay-color":"","overlay-opacity":"","overlay-gradient":""},"tablet":{"background-color":"","background-image":"","background-repeat":"repeat","background-position":"center center","background-size":"auto","background-attachment":"scroll","background-type":"","background-media":"","overlay-type":"","overlay-color":"","overlay-opacity":"","overlay-gradient":""},"mobile":{"background-color":"","background-image":"","background-repeat":"repeat","background-position":"center center","background-size":"auto","background-attachment":"scroll","background-type":"","background-media":"","overlay-type":"","overlay-color":"","overlay-opacity":"","overlay-gradient":""}},"ast-content-background-meta":{"desktop":{"background-color":"var(--ast-global-color-4)","background-image":"","background-repeat":"repeat","background-position":"center center","background-size":"auto","background-attachment":"scroll","background-type":"","background-media":"","overlay-type":"","overlay-color":"","overlay-opacity":"","overlay-gradient":""},"tablet":{"background-color":"var(--ast-global-color-4)","background-image":"","background-repeat":"repeat","background-position":"center center","background-size":"auto","background-attachment":"scroll","background-type":"","background-media":"","overlay-type":"","overlay-color":"","overlay-opacity":"","overlay-gradient":""},"mobile":{"background-color":"var(--ast-global-color-4)","background-image":"","background-repeat":"repeat","background-position":"center center","background-size":"auto","background-attachment":"scroll","background-type":"","background-media":"","overlay-type":"","overlay-color":"","overlay-opacity":"","overlay-gradient":""}},"footnotes":""},"categories":[208],"tags":[142,55,123],"class_list":["post-12006","post","type-post","status-publish","format-standard","has-post-thumbnail","hentry","category-noticias","tag-biblioteca-nacional","tag-caral","tag-exposicion"],"acf":[],"yoast_head":"<!-- This site is optimized with the Yoast SEO plugin v27.3 - https:\/\/yoast.com\/product\/yoast-seo-wordpress\/ -->\n<title>Director de la BN de Chile visita exposici\u00f3n de Caral<\/title>\n<meta name=\"description\" content=\"El Director de la Biblioteca Nacional de Chile, Pedro Pablo Zegers Blanchet visit\u00f3 la exposici\u00f3n museogr\u00e1fica \u00abTransmisi\u00f3n de los Valores de la Civilizaci\u00f3n Caral. 5 000 a\u00f1os de Vida Organizada en Armon\u00eda entre la Sociedad y la Naturaleza\u00bb, que se presenta en la Gran Biblioteca P\u00fablica de Lima.\" \/>\n<meta name=\"robots\" content=\"index, follow, max-snippet:-1, max-image-preview:large, max-video-preview:-1\" \/>\n<link rel=\"canonical\" href=\"https:\/\/zonacaral.gob.pe\/es\/noticias\/exposicion-museografica-sobre-la-civilizacion-caral-recibe-la-visita-del-director-de-la-biblioteca-nacional-de-chile\/\" \/>\n<meta property=\"og:locale\" content=\"es_ES\" \/>\n<meta property=\"og:type\" content=\"article\" \/>\n<meta property=\"og:title\" content=\"Director de la BN de Chile visita exposici\u00f3n de Caral\" \/>\n<meta property=\"og:description\" content=\"El Director de la Biblioteca Nacional de Chile, Pedro Pablo Zegers Blanchet visit\u00f3 la exposici\u00f3n museogr\u00e1fica \u00abTransmisi\u00f3n de los Valores de la Civilizaci\u00f3n Caral. 5 000 a\u00f1os de Vida Organizada en Armon\u00eda entre la Sociedad y la Naturaleza\u00bb, que se presenta en la Gran Biblioteca P\u00fablica de Lima.\" \/>\n<meta property=\"og:url\" content=\"https:\/\/zonacaral.gob.pe\/es\/noticias\/exposicion-museografica-sobre-la-civilizacion-caral-recibe-la-visita-del-director-de-la-biblioteca-nacional-de-chile\/\" \/>\n<meta property=\"og:site_name\" content=\"Zona Caral\" \/>\n<meta property=\"article:published_time\" content=\"2017-12-01T20:51:56+00:00\" \/>\n<meta property=\"og:image\" content=\"https:\/\/zonacaral.gob.pe\/wp-content\/uploads\/2017\/12\/director-chile.jpg\" \/>\n\t<meta property=\"og:image:width\" content=\"800\" \/>\n\t<meta property=\"og:image:height\" content=\"477\" \/>\n\t<meta property=\"og:image:type\" content=\"image\/jpeg\" \/>\n<meta name=\"author\" content=\"Zona Caral Administrador\" \/>\n<meta name=\"twitter:card\" content=\"summary_large_image\" \/>\n<meta name=\"twitter:label1\" content=\"Written by\" \/>\n\t<meta name=\"twitter:data1\" content=\"Zona Caral Administrador\" \/>\n\t<meta name=\"twitter:label2\" content=\"Est. reading time\" \/>\n\t<meta name=\"twitter:data2\" content=\"1 minuto\" \/>\n<script type=\"application\/ld+json\" class=\"yoast-schema-graph\">{\"@context\":\"https:\\\/\\\/schema.org\",\"@graph\":[{\"@type\":\"Article\",\"@id\":\"https:\\\/\\\/zonacaral.gob.pe\\\/es\\\/noticias\\\/exposicion-museografica-sobre-la-civilizacion-caral-recibe-la-visita-del-director-de-la-biblioteca-nacional-de-chile\\\/#article\",\"isPartOf\":{\"@id\":\"https:\\\/\\\/zonacaral.gob.pe\\\/es\\\/noticias\\\/exposicion-museografica-sobre-la-civilizacion-caral-recibe-la-visita-del-director-de-la-biblioteca-nacional-de-chile\\\/\"},\"author\":{\"name\":\"Zona Caral Administrador\",\"@id\":\"https:\\\/\\\/zonacaral.gob.pe\\\/es\\\/#\\\/schema\\\/person\\\/beddb4d22f71a7230c5b90913270a0ee\"},\"headline\":\"Exposici\u00f3n museogr\u00e1fica sobre la Civilizaci\u00f3n Caral, recibe la visita del Director de la Biblioteca Nacional de Chile\",\"datePublished\":\"2017-12-01T20:51:56+00:00\",\"mainEntityOfPage\":{\"@id\":\"https:\\\/\\\/zonacaral.gob.pe\\\/es\\\/noticias\\\/exposicion-museografica-sobre-la-civilizacion-caral-recibe-la-visita-del-director-de-la-biblioteca-nacional-de-chile\\\/\"},\"wordCount\":289,\"image\":{\"@id\":\"https:\\\/\\\/zonacaral.gob.pe\\\/es\\\/noticias\\\/exposicion-museografica-sobre-la-civilizacion-caral-recibe-la-visita-del-director-de-la-biblioteca-nacional-de-chile\\\/#primaryimage\"},\"thumbnailUrl\":\"https:\\\/\\\/zonacaral.gob.pe\\\/wp-content\\\/uploads\\\/2017\\\/12\\\/director-chile.jpg\",\"keywords\":[\"biblioteca nacional\",\"caral\",\"exposicion\"],\"articleSection\":[\"noticias\"],\"inLanguage\":\"es-PE\"},{\"@type\":\"WebPage\",\"@id\":\"https:\\\/\\\/zonacaral.gob.pe\\\/es\\\/noticias\\\/exposicion-museografica-sobre-la-civilizacion-caral-recibe-la-visita-del-director-de-la-biblioteca-nacional-de-chile\\\/\",\"url\":\"https:\\\/\\\/zonacaral.gob.pe\\\/es\\\/noticias\\\/exposicion-museografica-sobre-la-civilizacion-caral-recibe-la-visita-del-director-de-la-biblioteca-nacional-de-chile\\\/\",\"name\":\"Director de la BN de Chile visita exposici\u00f3n de Caral\",\"isPartOf\":{\"@id\":\"https:\\\/\\\/zonacaral.gob.pe\\\/es\\\/#website\"},\"primaryImageOfPage\":{\"@id\":\"https:\\\/\\\/zonacaral.gob.pe\\\/es\\\/noticias\\\/exposicion-museografica-sobre-la-civilizacion-caral-recibe-la-visita-del-director-de-la-biblioteca-nacional-de-chile\\\/#primaryimage\"},\"image\":{\"@id\":\"https:\\\/\\\/zonacaral.gob.pe\\\/es\\\/noticias\\\/exposicion-museografica-sobre-la-civilizacion-caral-recibe-la-visita-del-director-de-la-biblioteca-nacional-de-chile\\\/#primaryimage\"},\"thumbnailUrl\":\"https:\\\/\\\/zonacaral.gob.pe\\\/wp-content\\\/uploads\\\/2017\\\/12\\\/director-chile.jpg\",\"datePublished\":\"2017-12-01T20:51:56+00:00\",\"author\":{\"@id\":\"https:\\\/\\\/zonacaral.gob.pe\\\/es\\\/#\\\/schema\\\/person\\\/beddb4d22f71a7230c5b90913270a0ee\"},\"description\":\"El Director de la Biblioteca Nacional de Chile, Pedro Pablo Zegers Blanchet visit\u00f3 la exposici\u00f3n museogr\u00e1fica \u00abTransmisi\u00f3n de los Valores de la Civilizaci\u00f3n Caral. 5 000 a\u00f1os de Vida Organizada en Armon\u00eda entre la Sociedad y la Naturaleza\u00bb, que se presenta en la Gran Biblioteca P\u00fablica de Lima.\",\"breadcrumb\":{\"@id\":\"https:\\\/\\\/zonacaral.gob.pe\\\/es\\\/noticias\\\/exposicion-museografica-sobre-la-civilizacion-caral-recibe-la-visita-del-director-de-la-biblioteca-nacional-de-chile\\\/#breadcrumb\"},\"inLanguage\":\"es-PE\",\"potentialAction\":[{\"@type\":\"ReadAction\",\"target\":[\"https:\\\/\\\/zonacaral.gob.pe\\\/es\\\/noticias\\\/exposicion-museografica-sobre-la-civilizacion-caral-recibe-la-visita-del-director-de-la-biblioteca-nacional-de-chile\\\/\"]}]},{\"@type\":\"ImageObject\",\"inLanguage\":\"es-PE\",\"@id\":\"https:\\\/\\\/zonacaral.gob.pe\\\/es\\\/noticias\\\/exposicion-museografica-sobre-la-civilizacion-caral-recibe-la-visita-del-director-de-la-biblioteca-nacional-de-chile\\\/#primaryimage\",\"url\":\"https:\\\/\\\/zonacaral.gob.pe\\\/wp-content\\\/uploads\\\/2017\\\/12\\\/director-chile.jpg\",\"contentUrl\":\"https:\\\/\\\/zonacaral.gob.pe\\\/wp-content\\\/uploads\\\/2017\\\/12\\\/director-chile.jpg\",\"width\":800,\"height\":477},{\"@type\":\"BreadcrumbList\",\"@id\":\"https:\\\/\\\/zonacaral.gob.pe\\\/es\\\/noticias\\\/exposicion-museografica-sobre-la-civilizacion-caral-recibe-la-visita-del-director-de-la-biblioteca-nacional-de-chile\\\/#breadcrumb\",\"itemListElement\":[{\"@type\":\"ListItem\",\"position\":1,\"name\":\"Portada\",\"item\":\"https:\\\/\\\/zonacaral.gob.pe\\\/\"},{\"@type\":\"ListItem\",\"position\":2,\"name\":\"Exposici\u00f3n museogr\u00e1fica sobre la Civilizaci\u00f3n Caral, recibe la visita del Director de la Biblioteca Nacional de Chile\"}]},{\"@type\":\"WebSite\",\"@id\":\"https:\\\/\\\/zonacaral.gob.pe\\\/es\\\/#website\",\"url\":\"https:\\\/\\\/zonacaral.gob.pe\\\/es\\\/\",\"name\":\"Zona Caral\",\"description\":\"Investigamos, conservamos y difundimos el patrimonio cultural de la Civilizaci\u00f3n Caral, la m\u00e1s antigua de Am\u00e9rica.\",\"potentialAction\":[{\"@type\":\"SearchAction\",\"target\":{\"@type\":\"EntryPoint\",\"urlTemplate\":\"https:\\\/\\\/zonacaral.gob.pe\\\/es\\\/?s={search_term_string}\"},\"query-input\":{\"@type\":\"PropertyValueSpecification\",\"valueRequired\":true,\"valueName\":\"search_term_string\"}}],\"inLanguage\":\"es-PE\"},{\"@type\":\"Person\",\"@id\":\"https:\\\/\\\/zonacaral.gob.pe\\\/es\\\/#\\\/schema\\\/person\\\/beddb4d22f71a7230c5b90913270a0ee\",\"name\":\"Zona Caral Administrador\",\"image\":{\"@type\":\"ImageObject\",\"inLanguage\":\"es-PE\",\"@id\":\"https:\\\/\\\/secure.gravatar.com\\\/avatar\\\/e4be162918a696358376de6446614e0f0f4062bdc5d170d6d540ada3d8b58c12?s=96&d=mm&r=g\",\"url\":\"https:\\\/\\\/secure.gravatar.com\\\/avatar\\\/e4be162918a696358376de6446614e0f0f4062bdc5d170d6d540ada3d8b58c12?s=96&d=mm&r=g\",\"contentUrl\":\"https:\\\/\\\/secure.gravatar.com\\\/avatar\\\/e4be162918a696358376de6446614e0f0f4062bdc5d170d6d540ada3d8b58c12?s=96&d=mm&r=g\",\"caption\":\"Zona Caral Administrador\"},\"sameAs\":[\"https:\\\/\\\/zonacaral.gob.pe\"],\"url\":\"https:\\\/\\\/zonacaral.gob.pe\\\/es\\\/noticias\\\/author\\\/ad_zonacaral\\\/\"}]}<\/script>\n<!-- \/ Yoast SEO plugin. -->","yoast_head_json":{"title":"Director de la BN de Chile visita exposici\u00f3n de Caral","description":"El Director de la Biblioteca Nacional de Chile, Pedro Pablo Zegers Blanchet visit\u00f3 la exposici\u00f3n museogr\u00e1fica \u00abTransmisi\u00f3n de los Valores de la Civilizaci\u00f3n Caral. 5 000 a\u00f1os de Vida Organizada en Armon\u00eda entre la Sociedad y la Naturaleza\u00bb, que se presenta en la Gran Biblioteca P\u00fablica de Lima.","robots":{"index":"index","follow":"follow","max-snippet":"max-snippet:-1","max-image-preview":"max-image-preview:large","max-video-preview":"max-video-preview:-1"},"canonical":"https:\/\/zonacaral.gob.pe\/es\/noticias\/exposicion-museografica-sobre-la-civilizacion-caral-recibe-la-visita-del-director-de-la-biblioteca-nacional-de-chile\/","og_locale":"es_ES","og_type":"article","og_title":"Director de la BN de Chile visita exposici\u00f3n de Caral","og_description":"El Director de la Biblioteca Nacional de Chile, Pedro Pablo Zegers Blanchet visit\u00f3 la exposici\u00f3n museogr\u00e1fica \u00abTransmisi\u00f3n de los Valores de la Civilizaci\u00f3n Caral. 5 000 a\u00f1os de Vida Organizada en Armon\u00eda entre la Sociedad y la Naturaleza\u00bb, que se presenta en la Gran Biblioteca P\u00fablica de Lima.","og_url":"https:\/\/zonacaral.gob.pe\/es\/noticias\/exposicion-museografica-sobre-la-civilizacion-caral-recibe-la-visita-del-director-de-la-biblioteca-nacional-de-chile\/","og_site_name":"Zona Caral","article_published_time":"2017-12-01T20:51:56+00:00","og_image":[{"width":800,"height":477,"url":"https:\/\/zonacaral.gob.pe\/wp-content\/uploads\/2017\/12\/director-chile.jpg","type":"image\/jpeg"}],"author":"Zona Caral Administrador","twitter_card":"summary_large_image","twitter_misc":{"Written by":"Zona Caral Administrador","Est. reading time":"1 minuto"},"schema":{"@context":"https:\/\/schema.org","@graph":[{"@type":"Article","@id":"https:\/\/zonacaral.gob.pe\/es\/noticias\/exposicion-museografica-sobre-la-civilizacion-caral-recibe-la-visita-del-director-de-la-biblioteca-nacional-de-chile\/#article","isPartOf":{"@id":"https:\/\/zonacaral.gob.pe\/es\/noticias\/exposicion-museografica-sobre-la-civilizacion-caral-recibe-la-visita-del-director-de-la-biblioteca-nacional-de-chile\/"},"author":{"name":"Zona Caral Administrador","@id":"https:\/\/zonacaral.gob.pe\/es\/#\/schema\/person\/beddb4d22f71a7230c5b90913270a0ee"},"headline":"Exposici\u00f3n museogr\u00e1fica sobre la Civilizaci\u00f3n Caral, recibe la visita del Director de la Biblioteca Nacional de Chile","datePublished":"2017-12-01T20:51:56+00:00","mainEntityOfPage":{"@id":"https:\/\/zonacaral.gob.pe\/es\/noticias\/exposicion-museografica-sobre-la-civilizacion-caral-recibe-la-visita-del-director-de-la-biblioteca-nacional-de-chile\/"},"wordCount":289,"image":{"@id":"https:\/\/zonacaral.gob.pe\/es\/noticias\/exposicion-museografica-sobre-la-civilizacion-caral-recibe-la-visita-del-director-de-la-biblioteca-nacional-de-chile\/#primaryimage"},"thumbnailUrl":"https:\/\/zonacaral.gob.pe\/wp-content\/uploads\/2017\/12\/director-chile.jpg","keywords":["biblioteca nacional","caral","exposicion"],"articleSection":["noticias"],"inLanguage":"es-PE"},{"@type":"WebPage","@id":"https:\/\/zonacaral.gob.pe\/es\/noticias\/exposicion-museografica-sobre-la-civilizacion-caral-recibe-la-visita-del-director-de-la-biblioteca-nacional-de-chile\/","url":"https:\/\/zonacaral.gob.pe\/es\/noticias\/exposicion-museografica-sobre-la-civilizacion-caral-recibe-la-visita-del-director-de-la-biblioteca-nacional-de-chile\/","name":"Director de la BN de Chile visita exposici\u00f3n de Caral","isPartOf":{"@id":"https:\/\/zonacaral.gob.pe\/es\/#website"},"primaryImageOfPage":{"@id":"https:\/\/zonacaral.gob.pe\/es\/noticias\/exposicion-museografica-sobre-la-civilizacion-caral-recibe-la-visita-del-director-de-la-biblioteca-nacional-de-chile\/#primaryimage"},"image":{"@id":"https:\/\/zonacaral.gob.pe\/es\/noticias\/exposicion-museografica-sobre-la-civilizacion-caral-recibe-la-visita-del-director-de-la-biblioteca-nacional-de-chile\/#primaryimage"},"thumbnailUrl":"https:\/\/zonacaral.gob.pe\/wp-content\/uploads\/2017\/12\/director-chile.jpg","datePublished":"2017-12-01T20:51:56+00:00","author":{"@id":"https:\/\/zonacaral.gob.pe\/es\/#\/schema\/person\/beddb4d22f71a7230c5b90913270a0ee"},"description":"El Director de la Biblioteca Nacional de Chile, Pedro Pablo Zegers Blanchet visit\u00f3 la exposici\u00f3n museogr\u00e1fica \u00abTransmisi\u00f3n de los Valores de la Civilizaci\u00f3n Caral. 5 000 a\u00f1os de Vida Organizada en Armon\u00eda entre la Sociedad y la Naturaleza\u00bb, que se presenta en la Gran Biblioteca P\u00fablica de Lima.","breadcrumb":{"@id":"https:\/\/zonacaral.gob.pe\/es\/noticias\/exposicion-museografica-sobre-la-civilizacion-caral-recibe-la-visita-del-director-de-la-biblioteca-nacional-de-chile\/#breadcrumb"},"inLanguage":"es-PE","potentialAction":[{"@type":"ReadAction","target":["https:\/\/zonacaral.gob.pe\/es\/noticias\/exposicion-museografica-sobre-la-civilizacion-caral-recibe-la-visita-del-director-de-la-biblioteca-nacional-de-chile\/"]}]},{"@type":"ImageObject","inLanguage":"es-PE","@id":"https:\/\/zonacaral.gob.pe\/es\/noticias\/exposicion-museografica-sobre-la-civilizacion-caral-recibe-la-visita-del-director-de-la-biblioteca-nacional-de-chile\/#primaryimage","url":"https:\/\/zonacaral.gob.pe\/wp-content\/uploads\/2017\/12\/director-chile.jpg","contentUrl":"https:\/\/zonacaral.gob.pe\/wp-content\/uploads\/2017\/12\/director-chile.jpg","width":800,"height":477},{"@type":"BreadcrumbList","@id":"https:\/\/zonacaral.gob.pe\/es\/noticias\/exposicion-museografica-sobre-la-civilizacion-caral-recibe-la-visita-del-director-de-la-biblioteca-nacional-de-chile\/#breadcrumb","itemListElement":[{"@type":"ListItem","position":1,"name":"Portada","item":"https:\/\/zonacaral.gob.pe\/"},{"@type":"ListItem","position":2,"name":"Exposici\u00f3n museogr\u00e1fica sobre la Civilizaci\u00f3n Caral, recibe la visita del Director de la Biblioteca Nacional de Chile"}]},{"@type":"WebSite","@id":"https:\/\/zonacaral.gob.pe\/es\/#website","url":"https:\/\/zonacaral.gob.pe\/es\/","name":"Zona Caral","description":"Investigamos, conservamos y difundimos el patrimonio cultural de la Civilizaci\u00f3n Caral, la m\u00e1s antigua de Am\u00e9rica.","potentialAction":[{"@type":"SearchAction","target":{"@type":"EntryPoint","urlTemplate":"https:\/\/zonacaral.gob.pe\/es\/?s={search_term_string}"},"query-input":{"@type":"PropertyValueSpecification","valueRequired":true,"valueName":"search_term_string"}}],"inLanguage":"es-PE"},{"@type":"Person","@id":"https:\/\/zonacaral.gob.pe\/es\/#\/schema\/person\/beddb4d22f71a7230c5b90913270a0ee","name":"Zona Caral Administrador","image":{"@type":"ImageObject","inLanguage":"es-PE","@id":"https:\/\/secure.gravatar.com\/avatar\/e4be162918a696358376de6446614e0f0f4062bdc5d170d6d540ada3d8b58c12?s=96&d=mm&r=g","url":"https:\/\/secure.gravatar.com\/avatar\/e4be162918a696358376de6446614e0f0f4062bdc5d170d6d540ada3d8b58c12?s=96&d=mm&r=g","contentUrl":"https:\/\/secure.gravatar.com\/avatar\/e4be162918a696358376de6446614e0f0f4062bdc5d170d6d540ada3d8b58c12?s=96&d=mm&r=g","caption":"Zona Caral Administrador"},"sameAs":["https:\/\/zonacaral.gob.pe"],"url":"https:\/\/zonacaral.gob.pe\/es\/noticias\/author\/ad_zonacaral\/"}]}},"_links":{"self":[{"href":"https:\/\/zonacaral.gob.pe\/es\/wp-json\/wp\/v2\/posts\/12006","targetHints":{"allow":["GET"]}}],"collection":[{"href":"https:\/\/zonacaral.gob.pe\/es\/wp-json\/wp\/v2\/posts"}],"about":[{"href":"https:\/\/zonacaral.gob.pe\/es\/wp-json\/wp\/v2\/types\/post"}],"author":[{"embeddable":true,"href":"https:\/\/zonacaral.gob.pe\/es\/wp-json\/wp\/v2\/users\/1"}],"replies":[{"embeddable":true,"href":"https:\/\/zonacaral.gob.pe\/es\/wp-json\/wp\/v2\/comments?post=12006"}],"version-history":[{"count":0,"href":"https:\/\/zonacaral.gob.pe\/es\/wp-json\/wp\/v2\/posts\/12006\/revisions"}],"wp:featuredmedia":[{"embeddable":true,"href":"https:\/\/zonacaral.gob.pe\/es\/wp-json\/wp\/v2\/media\/12007"}],"wp:attachment":[{"href":"https:\/\/zonacaral.gob.pe\/es\/wp-json\/wp\/v2\/media?parent=12006"}],"wp:term":[{"taxonomy":"category","embeddable":true,"href":"https:\/\/zonacaral.gob.pe\/es\/wp-json\/wp\/v2\/categories?post=12006"},{"taxonomy":"post_tag","embeddable":true,"href":"https:\/\/zonacaral.gob.pe\/es\/wp-json\/wp\/v2\/tags?post=12006"}],"curies":[{"name":"wp","href":"https:\/\/api.w.org\/{rel}","templated":true}]}}