{"id":12049,"date":"2017-12-29T01:54:36","date_gmt":"2017-12-29T06:54:36","guid":{"rendered":"http:\/\/www.zonacaral.gob.pe\/?p=12049"},"modified":"2017-12-29T01:54:36","modified_gmt":"2017-12-29T06:54:36","slug":"ano-nuevo-en-caral-regreso-al-pasado","status":"publish","type":"post","link":"https:\/\/zonacaral.gob.pe\/es\/noticias\/ano-nuevo-en-caral-regreso-al-pasado\/","title":{"rendered":"A\u00f1o Nuevo en Caral: Regreso al pasado"},"content":{"rendered":"<figure class=\"pic-autor\" style=\"color: #4d4d4d; text-align: justify;\"><\/figure>\n<blockquote>\n<p class=\"news-summary\" style=\"font-weight: normal; color: #444444;\">Dos d\u00edas y una noche para recargar energ\u00edas en la cuna de la civilizaci\u00f3n americana<\/p>\n<\/blockquote>\n<p class=\"news-summary\" style=\"font-weight: normal; color: #444444;\">Veintitr\u00e9s a\u00f1os despu\u00e9s de que Ruth Shady y su equip o \u2018 iniciaran las investigaciones arqueol\u00f3gicas en el valle de Supe y descubrieran las primeras pir\u00e1mides de Caral, la zona se ha convertido en un punto ineludible para cualquier persona interesada en los albores dela cultura peruana. Hoy se sabe que hace 5 mil a\u00f1os esta Ciudad alberg\u00f3 a la civilizaci\u00f3n m\u00e1s antigua de Am\u00e9rica. Para quienes a\u00fan no han recorrido parte de sus 66 hect\u00e1reas, este \ufb01n de a\u00f1o la Zona Arqueol\u00f3gica Caral (ZAC) ha organizado una singular versi\u00f3n de sus ya conocidos Viajes Educativos. Adem\u00e1s de darle la bienvenida al 2018 en la ciudad sagrada, se ha programado visitar la ciudad agropesquera de Vichama \u2014uno de los 1 1 asentamientos a cargo de la ZAC\u2014, la albuf\u00e9ra de Medio Mundo y la playa La Isla en Supe Puerto.<\/p>\n<h3>Fin de A\u00f1o Cultural<\/h3>\n<p class=\"news-summary\" style=\"font-weight: normal; color: #444444;\">Aunque espor\u00e1dicamente, los viajes a Caral promovidos por la ZAC empezaron en el 2001. Dos a\u00f1os despu\u00e9s la\u00a0idea de difundir la importancia de este milenario centro urbano se consolid\u00f3. Desde entonces m\u00e1s de 62 .000 personas, han llegado para conocer los or\u00edgenes de la primera civilizaci\u00f3n peruana y sorprenderse con los valores que lideraban esta sociedad. Este 31 de diciembre la aventura cultural se inicia en Vichama, con sus conjuntos arquitect\u00f3nicos y las escenas en alto y bajo relieve que decoran sus muros. En la albufera de Medio Mundo los Visitantes podr\u00e1n dar un paseo en bote. M\u00e1s tarde, se levantar\u00e1 el campamento y en medio de una fogata un narrador de cuentos m\u00edsticos ser\u00e1 la antesala del A\u00f1o Nuevo. La ma\u00f1ana del primer d\u00eda del a\u00f1o estar\u00e1 dedicada a recorrer las principales edificaciones de Caral. Como \ufb01n de viaje se visitar\u00e1 la playa La\u00a0Isla donde, adem\u00e1s de apreciar un bello paisaje, los viajeros\u00a0podr\u00e1n darse un chapuz\u00f3n.<\/p>\n<h3>Viajes Educativos<\/h3>\n<p>La Zona Arqueol\u00f3gica Caral (ZAC) promueve la participaci\u00f3n de la poblaci\u00f3n que habita en el \u00e1rea de in\ufb02uencia de los sitios arqueol\u00f3gicos que protege. Es as\u00ed que la Asociaci\u00f3n Vianderas de Caral brinda el servicio de alimentaci\u00f3n y los miembros de la Asociaci\u00f3n Puntapaj son los orientadores tur\u00edsticos de los Viajeros. Para enero se han programado 9 salidas a Caral. Estas Son las primeras.<\/p>\n<p>LUNES 01 y S\u00c1BADO 6 DE ENERO: Incluye visita a la ciudad pesquera de \u00c1spero y a la playa La Isla.<\/p>\n<p>DOMINGO 07 DE ENERO: Incluye visita a la ciudad agropesquera de Vichama y a la playa La Isla.<\/p>\n<p><script>\/\/ <![CDATA[\n(function(d, s, id){var js; if (d.getElementById(id)) {return;} js = d.createElement(s); js.id = id; js.src = \"https:\/\/embedsocial.com\/embedscript\/ei.js\"; d.getElementsByTagName(\"head\")[0].appendChild(js);}(document, \"script\", \"EmbedSocialScript\"));\n\/\/ ]]><\/script><\/p>\n<p style=\"text-align: justify;\"><span style=\"color: #993300;\"><strong>Fuente:\u00a0El Comercio<\/strong><\/span><\/p>\n<div style=\"color: #1f1f1f;\">\n<p style=\"text-align: justify;\">Fecha de publicaci\u00f3n: 28\/12\/2017<\/p>\n<\/div>\n","protected":false},"excerpt":{"rendered":"<p>Dos d\u00edas y una noche para recargar energ\u00edas en la cuna de la civilizaci\u00f3n americana Veintitr\u00e9s a\u00f1os despu\u00e9s de que [&hellip;]<\/p>\n","protected":false},"author":1,"featured_media":12054,"comment_status":"closed","ping_status":"open","sticky":false,"template":"","format":"standard","meta":{"_acf_changed":false,"site-sidebar-layout":"default","site-content-layout":"","ast-site-content-layout":"default","site-content-style":"default","site-sidebar-style":"default","ast-global-header-display":"","ast-banner-title-visibility":"","ast-main-header-display":"","ast-hfb-above-header-display":"","ast-hfb-below-header-display":"","ast-hfb-mobile-header-display":"","site-post-title":"","ast-breadcrumbs-content":"","ast-featured-img":"","footer-sml-layout":"","ast-disable-related-posts":"","theme-transparent-header-meta":"","adv-header-id-meta":"","stick-header-meta":"","header-above-stick-meta":"","header-main-stick-meta":"","header-below-stick-meta":"","astra-migrate-meta-layouts":"default","ast-page-background-enabled":"default","ast-page-background-meta":{"desktop":{"background-color":"var(--ast-global-color-5)","background-image":"","background-repeat":"repeat","background-position":"center center","background-size":"auto","background-attachment":"scroll","background-type":"","background-media":"","overlay-type":"","overlay-color":"","overlay-opacity":"","overlay-gradient":""},"tablet":{"background-color":"","background-image":"","background-repeat":"repeat","background-position":"center center","background-size":"auto","background-attachment":"scroll","background-type":"","background-media":"","overlay-type":"","overlay-color":"","overlay-opacity":"","overlay-gradient":""},"mobile":{"background-color":"","background-image":"","background-repeat":"repeat","background-position":"center center","background-size":"auto","background-attachment":"scroll","background-type":"","background-media":"","overlay-type":"","overlay-color":"","overlay-opacity":"","overlay-gradient":""}},"ast-content-background-meta":{"desktop":{"background-color":"var(--ast-global-color-4)","background-image":"","background-repeat":"repeat","background-position":"center center","background-size":"auto","background-attachment":"scroll","background-type":"","background-media":"","overlay-type":"","overlay-color":"","overlay-opacity":"","overlay-gradient":""},"tablet":{"background-color":"var(--ast-global-color-4)","background-image":"","background-repeat":"repeat","background-position":"center center","background-size":"auto","background-attachment":"scroll","background-type":"","background-media":"","overlay-type":"","overlay-color":"","overlay-opacity":"","overlay-gradient":""},"mobile":{"background-color":"var(--ast-global-color-4)","background-image":"","background-repeat":"repeat","background-position":"center center","background-size":"auto","background-attachment":"scroll","background-type":"","background-media":"","overlay-type":"","overlay-color":"","overlay-opacity":"","overlay-gradient":""}},"footnotes":""},"categories":[208],"tags":[143,55,71],"class_list":["post-12049","post","type-post","status-publish","format-standard","has-post-thumbnail","hentry","category-noticias","tag-ano-nuevo","tag-caral","tag-viajes-educativos"],"acf":[],"yoast_head":"<!-- This site is optimized with the Yoast SEO plugin v27.3 - https:\/\/yoast.com\/product\/yoast-seo-wordpress\/ -->\n<title>A\u00f1o Nuevo en Caral: Regreso al pasado<\/title>\n<meta name=\"description\" content=\"Para quienes a\u00fan no han recorrido parte de sus 66 hect\u00e1reas, este \ufb01n de a\u00f1o la Zona Arqueol\u00f3gica Caral (ZAC) ha organizado una singular versi\u00f3n de sus ya conocidos Viajes Educativos. Adem\u00e1s de darle la bienvenida al 2018 en la ciudad sagrada, se ha programado visitar la ciudad agropesquera de Vichama \u2014uno de los 1 1 asentamientos a cargo de la ZAC\u2014, la albuf\u00e9ra de Medio Mundo y la playa La Isla en Supe Puerto.\" \/>\n<meta name=\"robots\" content=\"index, follow, max-snippet:-1, max-image-preview:large, max-video-preview:-1\" \/>\n<link rel=\"canonical\" href=\"https:\/\/zonacaral.gob.pe\/es\/noticias\/ano-nuevo-en-caral-regreso-al-pasado\/\" \/>\n<meta property=\"og:locale\" content=\"es_ES\" \/>\n<meta property=\"og:type\" content=\"article\" \/>\n<meta property=\"og:title\" content=\"A\u00f1o Nuevo en Caral: Regreso al pasado\" \/>\n<meta property=\"og:description\" content=\"Para quienes a\u00fan no han recorrido parte de sus 66 hect\u00e1reas, este \ufb01n de a\u00f1o la Zona Arqueol\u00f3gica Caral (ZAC) ha organizado una singular versi\u00f3n de sus ya conocidos Viajes Educativos. Adem\u00e1s de darle la bienvenida al 2018 en la ciudad sagrada, se ha programado visitar la ciudad agropesquera de Vichama \u2014uno de los 1 1 asentamientos a cargo de la ZAC\u2014, la albuf\u00e9ra de Medio Mundo y la playa La Isla en Supe Puerto.\" \/>\n<meta property=\"og:url\" content=\"https:\/\/zonacaral.gob.pe\/es\/noticias\/ano-nuevo-en-caral-regreso-al-pasado\/\" \/>\n<meta property=\"og:site_name\" content=\"Zona Caral\" \/>\n<meta property=\"article:published_time\" content=\"2017-12-29T06:54:36+00:00\" \/>\n<meta property=\"og:image\" content=\"https:\/\/zonacaral.gob.pe\/wp-content\/uploads\/2017\/12\/ano-nuevo-2018.jpg\" \/>\n\t<meta property=\"og:image:width\" content=\"800\" \/>\n\t<meta property=\"og:image:height\" content=\"600\" \/>\n\t<meta property=\"og:image:type\" content=\"image\/jpeg\" \/>\n<meta name=\"author\" content=\"Zona Caral Administrador\" \/>\n<meta name=\"twitter:card\" content=\"summary_large_image\" \/>\n<meta name=\"twitter:label1\" content=\"Written by\" \/>\n\t<meta name=\"twitter:data1\" content=\"Zona Caral Administrador\" \/>\n\t<meta name=\"twitter:label2\" content=\"Est. reading time\" \/>\n\t<meta name=\"twitter:data2\" content=\"2 minutos\" \/>\n<script type=\"application\/ld+json\" class=\"yoast-schema-graph\">{\"@context\":\"https:\\\/\\\/schema.org\",\"@graph\":[{\"@type\":\"Article\",\"@id\":\"https:\\\/\\\/zonacaral.gob.pe\\\/en\\\/noticias\\\/ano-nuevo-en-caral-regreso-al-pasado\\\/#article\",\"isPartOf\":{\"@id\":\"https:\\\/\\\/zonacaral.gob.pe\\\/en\\\/noticias\\\/ano-nuevo-en-caral-regreso-al-pasado\\\/\"},\"author\":{\"name\":\"Zona Caral Administrador\",\"@id\":\"https:\\\/\\\/zonacaral.gob.pe\\\/es\\\/#\\\/schema\\\/person\\\/beddb4d22f71a7230c5b90913270a0ee\"},\"headline\":\"A\u00f1o Nuevo en Caral: Regreso al pasado\",\"datePublished\":\"2017-12-29T06:54:36+00:00\",\"mainEntityOfPage\":{\"@id\":\"https:\\\/\\\/zonacaral.gob.pe\\\/en\\\/noticias\\\/ano-nuevo-en-caral-regreso-al-pasado\\\/\"},\"wordCount\":472,\"image\":{\"@id\":\"https:\\\/\\\/zonacaral.gob.pe\\\/en\\\/noticias\\\/ano-nuevo-en-caral-regreso-al-pasado\\\/#primaryimage\"},\"thumbnailUrl\":\"https:\\\/\\\/zonacaral.gob.pe\\\/wp-content\\\/uploads\\\/2017\\\/12\\\/ano-nuevo-2018.jpg\",\"keywords\":[\"a\u00f1o nuevo\",\"caral\",\"viajes educativos\"],\"articleSection\":[\"noticias\"],\"inLanguage\":\"es-PE\"},{\"@type\":\"WebPage\",\"@id\":\"https:\\\/\\\/zonacaral.gob.pe\\\/en\\\/noticias\\\/ano-nuevo-en-caral-regreso-al-pasado\\\/\",\"url\":\"https:\\\/\\\/zonacaral.gob.pe\\\/en\\\/noticias\\\/ano-nuevo-en-caral-regreso-al-pasado\\\/\",\"name\":\"A\u00f1o Nuevo en Caral: Regreso al pasado\",\"isPartOf\":{\"@id\":\"https:\\\/\\\/zonacaral.gob.pe\\\/es\\\/#website\"},\"primaryImageOfPage\":{\"@id\":\"https:\\\/\\\/zonacaral.gob.pe\\\/en\\\/noticias\\\/ano-nuevo-en-caral-regreso-al-pasado\\\/#primaryimage\"},\"image\":{\"@id\":\"https:\\\/\\\/zonacaral.gob.pe\\\/en\\\/noticias\\\/ano-nuevo-en-caral-regreso-al-pasado\\\/#primaryimage\"},\"thumbnailUrl\":\"https:\\\/\\\/zonacaral.gob.pe\\\/wp-content\\\/uploads\\\/2017\\\/12\\\/ano-nuevo-2018.jpg\",\"datePublished\":\"2017-12-29T06:54:36+00:00\",\"author\":{\"@id\":\"https:\\\/\\\/zonacaral.gob.pe\\\/es\\\/#\\\/schema\\\/person\\\/beddb4d22f71a7230c5b90913270a0ee\"},\"description\":\"Para quienes a\u00fan no han recorrido parte de sus 66 hect\u00e1reas, este \ufb01n de a\u00f1o la Zona Arqueol\u00f3gica Caral (ZAC) ha organizado una singular versi\u00f3n de sus ya conocidos Viajes Educativos. Adem\u00e1s de darle la bienvenida al 2018 en la ciudad sagrada, se ha programado visitar la ciudad agropesquera de Vichama \u2014uno de los 1 1 asentamientos a cargo de la ZAC\u2014, la albuf\u00e9ra de Medio Mundo y la playa La Isla en Supe Puerto.\",\"breadcrumb\":{\"@id\":\"https:\\\/\\\/zonacaral.gob.pe\\\/en\\\/noticias\\\/ano-nuevo-en-caral-regreso-al-pasado\\\/#breadcrumb\"},\"inLanguage\":\"es-PE\",\"potentialAction\":[{\"@type\":\"ReadAction\",\"target\":[\"https:\\\/\\\/zonacaral.gob.pe\\\/en\\\/noticias\\\/ano-nuevo-en-caral-regreso-al-pasado\\\/\"]}]},{\"@type\":\"ImageObject\",\"inLanguage\":\"es-PE\",\"@id\":\"https:\\\/\\\/zonacaral.gob.pe\\\/en\\\/noticias\\\/ano-nuevo-en-caral-regreso-al-pasado\\\/#primaryimage\",\"url\":\"https:\\\/\\\/zonacaral.gob.pe\\\/wp-content\\\/uploads\\\/2017\\\/12\\\/ano-nuevo-2018.jpg\",\"contentUrl\":\"https:\\\/\\\/zonacaral.gob.pe\\\/wp-content\\\/uploads\\\/2017\\\/12\\\/ano-nuevo-2018.jpg\",\"width\":800,\"height\":600},{\"@type\":\"BreadcrumbList\",\"@id\":\"https:\\\/\\\/zonacaral.gob.pe\\\/en\\\/noticias\\\/ano-nuevo-en-caral-regreso-al-pasado\\\/#breadcrumb\",\"itemListElement\":[{\"@type\":\"ListItem\",\"position\":1,\"name\":\"Portada\",\"item\":\"https:\\\/\\\/zonacaral.gob.pe\\\/\"},{\"@type\":\"ListItem\",\"position\":2,\"name\":\"A\u00f1o Nuevo en Caral: Regreso al pasado\"}]},{\"@type\":\"WebSite\",\"@id\":\"https:\\\/\\\/zonacaral.gob.pe\\\/es\\\/#website\",\"url\":\"https:\\\/\\\/zonacaral.gob.pe\\\/es\\\/\",\"name\":\"Zona Caral\",\"description\":\"Investigamos, conservamos y difundimos el patrimonio cultural de la Civilizaci\u00f3n Caral, la m\u00e1s antigua de Am\u00e9rica.\",\"potentialAction\":[{\"@type\":\"SearchAction\",\"target\":{\"@type\":\"EntryPoint\",\"urlTemplate\":\"https:\\\/\\\/zonacaral.gob.pe\\\/es\\\/?s={search_term_string}\"},\"query-input\":{\"@type\":\"PropertyValueSpecification\",\"valueRequired\":true,\"valueName\":\"search_term_string\"}}],\"inLanguage\":\"es-PE\"},{\"@type\":\"Person\",\"@id\":\"https:\\\/\\\/zonacaral.gob.pe\\\/es\\\/#\\\/schema\\\/person\\\/beddb4d22f71a7230c5b90913270a0ee\",\"name\":\"Zona Caral Administrador\",\"image\":{\"@type\":\"ImageObject\",\"inLanguage\":\"es-PE\",\"@id\":\"https:\\\/\\\/secure.gravatar.com\\\/avatar\\\/e4be162918a696358376de6446614e0f0f4062bdc5d170d6d540ada3d8b58c12?s=96&d=mm&r=g\",\"url\":\"https:\\\/\\\/secure.gravatar.com\\\/avatar\\\/e4be162918a696358376de6446614e0f0f4062bdc5d170d6d540ada3d8b58c12?s=96&d=mm&r=g\",\"contentUrl\":\"https:\\\/\\\/secure.gravatar.com\\\/avatar\\\/e4be162918a696358376de6446614e0f0f4062bdc5d170d6d540ada3d8b58c12?s=96&d=mm&r=g\",\"caption\":\"Zona Caral Administrador\"},\"sameAs\":[\"https:\\\/\\\/zonacaral.gob.pe\"],\"url\":\"https:\\\/\\\/zonacaral.gob.pe\\\/es\\\/noticias\\\/author\\\/ad_zonacaral\\\/\"}]}<\/script>\n<!-- \/ Yoast SEO plugin. -->","yoast_head_json":{"title":"A\u00f1o Nuevo en Caral: Regreso al pasado","description":"Para quienes a\u00fan no han recorrido parte de sus 66 hect\u00e1reas, este \ufb01n de a\u00f1o la Zona Arqueol\u00f3gica Caral (ZAC) ha organizado una singular versi\u00f3n de sus ya conocidos Viajes Educativos. Adem\u00e1s de darle la bienvenida al 2018 en la ciudad sagrada, se ha programado visitar la ciudad agropesquera de Vichama \u2014uno de los 1 1 asentamientos a cargo de la ZAC\u2014, la albuf\u00e9ra de Medio Mundo y la playa La Isla en Supe Puerto.","robots":{"index":"index","follow":"follow","max-snippet":"max-snippet:-1","max-image-preview":"max-image-preview:large","max-video-preview":"max-video-preview:-1"},"canonical":"https:\/\/zonacaral.gob.pe\/es\/noticias\/ano-nuevo-en-caral-regreso-al-pasado\/","og_locale":"es_ES","og_type":"article","og_title":"A\u00f1o Nuevo en Caral: Regreso al pasado","og_description":"Para quienes a\u00fan no han recorrido parte de sus 66 hect\u00e1reas, este \ufb01n de a\u00f1o la Zona Arqueol\u00f3gica Caral (ZAC) ha organizado una singular versi\u00f3n de sus ya conocidos Viajes Educativos. Adem\u00e1s de darle la bienvenida al 2018 en la ciudad sagrada, se ha programado visitar la ciudad agropesquera de Vichama \u2014uno de los 1 1 asentamientos a cargo de la ZAC\u2014, la albuf\u00e9ra de Medio Mundo y la playa La Isla en Supe Puerto.","og_url":"https:\/\/zonacaral.gob.pe\/es\/noticias\/ano-nuevo-en-caral-regreso-al-pasado\/","og_site_name":"Zona Caral","article_published_time":"2017-12-29T06:54:36+00:00","og_image":[{"width":800,"height":600,"url":"https:\/\/zonacaral.gob.pe\/wp-content\/uploads\/2017\/12\/ano-nuevo-2018.jpg","type":"image\/jpeg"}],"author":"Zona Caral Administrador","twitter_card":"summary_large_image","twitter_misc":{"Written by":"Zona Caral Administrador","Est. reading time":"2 minutos"},"schema":{"@context":"https:\/\/schema.org","@graph":[{"@type":"Article","@id":"https:\/\/zonacaral.gob.pe\/en\/noticias\/ano-nuevo-en-caral-regreso-al-pasado\/#article","isPartOf":{"@id":"https:\/\/zonacaral.gob.pe\/en\/noticias\/ano-nuevo-en-caral-regreso-al-pasado\/"},"author":{"name":"Zona Caral Administrador","@id":"https:\/\/zonacaral.gob.pe\/es\/#\/schema\/person\/beddb4d22f71a7230c5b90913270a0ee"},"headline":"A\u00f1o Nuevo en Caral: Regreso al pasado","datePublished":"2017-12-29T06:54:36+00:00","mainEntityOfPage":{"@id":"https:\/\/zonacaral.gob.pe\/en\/noticias\/ano-nuevo-en-caral-regreso-al-pasado\/"},"wordCount":472,"image":{"@id":"https:\/\/zonacaral.gob.pe\/en\/noticias\/ano-nuevo-en-caral-regreso-al-pasado\/#primaryimage"},"thumbnailUrl":"https:\/\/zonacaral.gob.pe\/wp-content\/uploads\/2017\/12\/ano-nuevo-2018.jpg","keywords":["a\u00f1o nuevo","caral","viajes educativos"],"articleSection":["noticias"],"inLanguage":"es-PE"},{"@type":"WebPage","@id":"https:\/\/zonacaral.gob.pe\/en\/noticias\/ano-nuevo-en-caral-regreso-al-pasado\/","url":"https:\/\/zonacaral.gob.pe\/en\/noticias\/ano-nuevo-en-caral-regreso-al-pasado\/","name":"A\u00f1o Nuevo en Caral: Regreso al pasado","isPartOf":{"@id":"https:\/\/zonacaral.gob.pe\/es\/#website"},"primaryImageOfPage":{"@id":"https:\/\/zonacaral.gob.pe\/en\/noticias\/ano-nuevo-en-caral-regreso-al-pasado\/#primaryimage"},"image":{"@id":"https:\/\/zonacaral.gob.pe\/en\/noticias\/ano-nuevo-en-caral-regreso-al-pasado\/#primaryimage"},"thumbnailUrl":"https:\/\/zonacaral.gob.pe\/wp-content\/uploads\/2017\/12\/ano-nuevo-2018.jpg","datePublished":"2017-12-29T06:54:36+00:00","author":{"@id":"https:\/\/zonacaral.gob.pe\/es\/#\/schema\/person\/beddb4d22f71a7230c5b90913270a0ee"},"description":"Para quienes a\u00fan no han recorrido parte de sus 66 hect\u00e1reas, este \ufb01n de a\u00f1o la Zona Arqueol\u00f3gica Caral (ZAC) ha organizado una singular versi\u00f3n de sus ya conocidos Viajes Educativos. Adem\u00e1s de darle la bienvenida al 2018 en la ciudad sagrada, se ha programado visitar la ciudad agropesquera de Vichama \u2014uno de los 1 1 asentamientos a cargo de la ZAC\u2014, la albuf\u00e9ra de Medio Mundo y la playa La Isla en Supe Puerto.","breadcrumb":{"@id":"https:\/\/zonacaral.gob.pe\/en\/noticias\/ano-nuevo-en-caral-regreso-al-pasado\/#breadcrumb"},"inLanguage":"es-PE","potentialAction":[{"@type":"ReadAction","target":["https:\/\/zonacaral.gob.pe\/en\/noticias\/ano-nuevo-en-caral-regreso-al-pasado\/"]}]},{"@type":"ImageObject","inLanguage":"es-PE","@id":"https:\/\/zonacaral.gob.pe\/en\/noticias\/ano-nuevo-en-caral-regreso-al-pasado\/#primaryimage","url":"https:\/\/zonacaral.gob.pe\/wp-content\/uploads\/2017\/12\/ano-nuevo-2018.jpg","contentUrl":"https:\/\/zonacaral.gob.pe\/wp-content\/uploads\/2017\/12\/ano-nuevo-2018.jpg","width":800,"height":600},{"@type":"BreadcrumbList","@id":"https:\/\/zonacaral.gob.pe\/en\/noticias\/ano-nuevo-en-caral-regreso-al-pasado\/#breadcrumb","itemListElement":[{"@type":"ListItem","position":1,"name":"Portada","item":"https:\/\/zonacaral.gob.pe\/"},{"@type":"ListItem","position":2,"name":"A\u00f1o Nuevo en Caral: Regreso al pasado"}]},{"@type":"WebSite","@id":"https:\/\/zonacaral.gob.pe\/es\/#website","url":"https:\/\/zonacaral.gob.pe\/es\/","name":"Zona Caral","description":"Investigamos, conservamos y difundimos el patrimonio cultural de la Civilizaci\u00f3n Caral, la m\u00e1s antigua de Am\u00e9rica.","potentialAction":[{"@type":"SearchAction","target":{"@type":"EntryPoint","urlTemplate":"https:\/\/zonacaral.gob.pe\/es\/?s={search_term_string}"},"query-input":{"@type":"PropertyValueSpecification","valueRequired":true,"valueName":"search_term_string"}}],"inLanguage":"es-PE"},{"@type":"Person","@id":"https:\/\/zonacaral.gob.pe\/es\/#\/schema\/person\/beddb4d22f71a7230c5b90913270a0ee","name":"Zona Caral Administrador","image":{"@type":"ImageObject","inLanguage":"es-PE","@id":"https:\/\/secure.gravatar.com\/avatar\/e4be162918a696358376de6446614e0f0f4062bdc5d170d6d540ada3d8b58c12?s=96&d=mm&r=g","url":"https:\/\/secure.gravatar.com\/avatar\/e4be162918a696358376de6446614e0f0f4062bdc5d170d6d540ada3d8b58c12?s=96&d=mm&r=g","contentUrl":"https:\/\/secure.gravatar.com\/avatar\/e4be162918a696358376de6446614e0f0f4062bdc5d170d6d540ada3d8b58c12?s=96&d=mm&r=g","caption":"Zona Caral Administrador"},"sameAs":["https:\/\/zonacaral.gob.pe"],"url":"https:\/\/zonacaral.gob.pe\/es\/noticias\/author\/ad_zonacaral\/"}]}},"_links":{"self":[{"href":"https:\/\/zonacaral.gob.pe\/es\/wp-json\/wp\/v2\/posts\/12049","targetHints":{"allow":["GET"]}}],"collection":[{"href":"https:\/\/zonacaral.gob.pe\/es\/wp-json\/wp\/v2\/posts"}],"about":[{"href":"https:\/\/zonacaral.gob.pe\/es\/wp-json\/wp\/v2\/types\/post"}],"author":[{"embeddable":true,"href":"https:\/\/zonacaral.gob.pe\/es\/wp-json\/wp\/v2\/users\/1"}],"replies":[{"embeddable":true,"href":"https:\/\/zonacaral.gob.pe\/es\/wp-json\/wp\/v2\/comments?post=12049"}],"version-history":[{"count":0,"href":"https:\/\/zonacaral.gob.pe\/es\/wp-json\/wp\/v2\/posts\/12049\/revisions"}],"wp:featuredmedia":[{"embeddable":true,"href":"https:\/\/zonacaral.gob.pe\/es\/wp-json\/wp\/v2\/media\/12054"}],"wp:attachment":[{"href":"https:\/\/zonacaral.gob.pe\/es\/wp-json\/wp\/v2\/media?parent=12049"}],"wp:term":[{"taxonomy":"category","embeddable":true,"href":"https:\/\/zonacaral.gob.pe\/es\/wp-json\/wp\/v2\/categories?post=12049"},{"taxonomy":"post_tag","embeddable":true,"href":"https:\/\/zonacaral.gob.pe\/es\/wp-json\/wp\/v2\/tags?post=12049"}],"curies":[{"name":"wp","href":"https:\/\/api.w.org\/{rel}","templated":true}]}}