{"id":12115,"date":"2018-02-02T10:32:37","date_gmt":"2018-02-02T15:32:37","guid":{"rendered":"http:\/\/www.zonacaral.gob.pe\/?p=12115"},"modified":"2018-02-02T10:32:37","modified_gmt":"2018-02-02T15:32:37","slug":"caral-en-la-sexta-reunion-anual-de-la-comision-de-organizacion-regional-de-ordenamiento-pesquero-del-pacifico-sur","status":"publish","type":"post","link":"https:\/\/zonacaral.gob.pe\/es\/noticias\/caral-en-la-sexta-reunion-anual-de-la-comision-de-organizacion-regional-de-ordenamiento-pesquero-del-pacifico-sur\/","title":{"rendered":"Caral en la Sexta Reuni\u00f3n Anual de la Comisi\u00f3n de Organizaci\u00f3n Regional de Ordenamiento Pesquero del Pac\u00edfico Sur"},"content":{"rendered":"<figure class=\"pic-autor\" style=\"color: #4d4d4d; text-align: justify;\"><\/figure>\n<blockquote>\n<p class=\"news-summary\" style=\"font-weight: normal; color: #444444;\">Del 26 de enero al 03 de febrero de 2018 en el JW Marriott Hotel Lima.<\/p>\n<\/blockquote>\n<p class=\"news-summary\" style=\"font-weight: normal; color: #444444;\">La Zona Arqueol\u00f3gica Caral, UE 003 del Ministerio de Cultura, en co-organizaci\u00f3n con el Ministerio de la Producci\u00f3n, presenta la exposici\u00f3n museogr\u00e1fica \u00abLa Civilizaci\u00f3n Caral, 5 000 a\u00f1os de Ciencia y Tecnolog\u00eda Pesquera\u00bb. Esta actividad se realiza en el marco de la Sexta Reuni\u00f3n Anual de la Comisi\u00f3n de Organizaci\u00f3n Regional de Ordenamiento Pesquero del Pac\u00edfico Sur (OROP-PS), evento que ha sido declarado de inter\u00e9s nacional.<\/p>\n<p>La exposici\u00f3n cuenta con novedosos recursos museogr\u00e1ficos interactivos que ilustran sobre los diversos aspectos del sistema social de la Civilizaci\u00f3n Caral, resultado de 23 a\u00f1os de investigaci\u00f3n y gesti\u00f3n, con visi\u00f3n integral, del patrimonio arqueol\u00f3gico de la Civilizaci\u00f3n Caral, la m\u00e1s antigua de Am\u00e9rica (3000-1900 a.C.). Esta labor viene siendo realizada por arque\u00f3logos peruanos liderados por la doctora Ruth Shady Sol\u00eds.<\/p>\n<p>A trav\u00e9s de la exposici\u00f3n museogr\u00e1fica, los representantes de los Estados cooperantes de la OROP-PS: Australia, Chile, China, Uni\u00f3n Europea, Corea, Dinamarca, Nueva Zelanda, Islas Cook, Cuba, Ecuador, Rusia, China Taipei, Estados Unidos y Vanuatu; podr\u00e1n conocer c\u00f3mo se manej\u00f3 esta parte del territorio en el pasado, la implementaci\u00f3n de redes de interacci\u00f3n intercultural y la complementariedad econ\u00f3mica agro-pesquera, en tiempos de la Civilizaci\u00f3n Caral.<\/p>\n<p>As\u00ed tambi\u00e9n, se expone la producci\u00f3n de conocimientos en ciencia y tecnolog\u00eda y los resultados que se obtuvieron en diversos campos de la vida organizada: ingenier\u00eda estructural y construcciones sostenibles (construcciones sismorresistentes); mec\u00e1nica de fluidos: aplicaci\u00f3n del efecto Venturi para el manejo de la energ\u00eda del viento, y la energ\u00eda solar para el secado de alimentos para su conservaci\u00f3n por periodos largos; gen\u00e9tica aplicada al mejoramiento de especies agr\u00edcolas, la identificaci\u00f3n de plantas con propiedades medicinales (sauce, guayaba, etc.), la resistencia de fibras vegetales como la cortaderia, o la calidad, longitud y suavidad del algod\u00f3n de colores; la importancia del recurso marino; gesti\u00f3n del agua a trav\u00e9s del sistema de puquios; el registro del movimiento astral para el control del tiempo y predecir los cambios clim\u00e1ticos; entre otros.<\/p>\n<p>La muestra tambi\u00e9n exhibe la tecnolog\u00eda pesquera registrada en \u00c1spero, la Ciudad Pesquera de la Civilizaci\u00f3n Caral, hace 5 000 a\u00f1os. Durante el per\u00edodo Formativo Inicial (3000-1900 a. C.), la poblaci\u00f3n de \u00c1spero particip\u00f3 en el proceso de formaci\u00f3n de la primera civilizaci\u00f3n andina. Mediante la extracci\u00f3n de recursos marinos, en especial de peces \u2013como anchoveta- y de moluscos, se integr\u00f3 a la red de intercambio con los pobladores del interior del valle, entre \u00e9stos los de la Ciudad Sagrada de Caral. De ellos, obtuvo, en particular, la fibra de algod\u00f3n, necesaria para la manufactura de las redes y sedales de pesca, los mates para flotadores y productos vegetales para su alimentaci\u00f3n.<\/p>\n<p>Los vestigios recuperados son indicadores de la interacci\u00f3n entre la sociedad de \u00c1spero y otros centros urbanos de la Civilizaci\u00f3n Caral; asimismo indican que ambas sociedades compartieron creencias y manifestaciones ideol\u00f3gicas. Esta red se extendi\u00f3 a lugares m\u00e1s lejanos en la sierra y selva de nuestro pa\u00eds y hacia la costa de Ecuador. Prueba de ello son los dise\u00f1os y materiales con los cuales confeccionaron los objetos encontrados tanto en el valle de Supe como en el litoral.<\/p>\n<p>La muestra se presenta hasta el s\u00e1bado 03 de febrero de 2018, en el foyer del centro de convenciones del JW Marriott Hotel Lima.<\/p>\n<p><img fetchpriority=\"high\" decoding=\"async\" class=\"alignnone wp-image-12118\" src=\"http:\/\/www.zonacaral.gob.pe\/wp-content\/uploads\/2018\/02\/marriot-expo-31-01-2018.jpg\" alt=\"marriot-expo-31-01-2018\" width=\"600\" height=\"401\" srcset=\"https:\/\/zonacaral.gob.pe\/wp-content\/uploads\/2018\/02\/marriot-expo-31-01-2018.jpg 800w, https:\/\/zonacaral.gob.pe\/wp-content\/uploads\/2018\/02\/marriot-expo-31-01-2018-300x200.jpg 300w, https:\/\/zonacaral.gob.pe\/wp-content\/uploads\/2018\/02\/marriot-expo-31-01-2018-768x513.jpg 768w\" sizes=\"(max-width: 600px) 100vw, 600px\" \/><\/p>\n<p>&nbsp;<\/p>\n<p><span style=\"color: #993300;\"><strong>Fuente:\u00a0Prensa ZAC<\/strong><\/span><\/p>\n<div style=\"color: #1f1f1f;\">\n<p style=\"text-align: justify;\">Fecha de publicaci\u00f3n: 31\/01\/208<\/p>\n<\/div>\n","protected":false},"excerpt":{"rendered":"<p>Del 26 de enero al 03 de febrero de 2018 en el JW Marriott Hotel Lima. La Zona Arqueol\u00f3gica Caral, [&hellip;]<\/p>\n","protected":false},"author":1,"featured_media":12116,"comment_status":"closed","ping_status":"open","sticky":false,"template":"","format":"standard","meta":{"_acf_changed":false,"site-sidebar-layout":"default","site-content-layout":"","ast-site-content-layout":"default","site-content-style":"default","site-sidebar-style":"default","ast-global-header-display":"","ast-banner-title-visibility":"","ast-main-header-display":"","ast-hfb-above-header-display":"","ast-hfb-below-header-display":"","ast-hfb-mobile-header-display":"","site-post-title":"","ast-breadcrumbs-content":"","ast-featured-img":"","footer-sml-layout":"","ast-disable-related-posts":"","theme-transparent-header-meta":"","adv-header-id-meta":"","stick-header-meta":"","header-above-stick-meta":"","header-main-stick-meta":"","header-below-stick-meta":"","astra-migrate-meta-layouts":"default","ast-page-background-enabled":"default","ast-page-background-meta":{"desktop":{"background-color":"var(--ast-global-color-5)","background-image":"","background-repeat":"repeat","background-position":"center center","background-size":"auto","background-attachment":"scroll","background-type":"","background-media":"","overlay-type":"","overlay-color":"","overlay-opacity":"","overlay-gradient":""},"tablet":{"background-color":"","background-image":"","background-repeat":"repeat","background-position":"center center","background-size":"auto","background-attachment":"scroll","background-type":"","background-media":"","overlay-type":"","overlay-color":"","overlay-opacity":"","overlay-gradient":""},"mobile":{"background-color":"","background-image":"","background-repeat":"repeat","background-position":"center center","background-size":"auto","background-attachment":"scroll","background-type":"","background-media":"","overlay-type":"","overlay-color":"","overlay-opacity":"","overlay-gradient":""}},"ast-content-background-meta":{"desktop":{"background-color":"var(--ast-global-color-4)","background-image":"","background-repeat":"repeat","background-position":"center center","background-size":"auto","background-attachment":"scroll","background-type":"","background-media":"","overlay-type":"","overlay-color":"","overlay-opacity":"","overlay-gradient":""},"tablet":{"background-color":"var(--ast-global-color-4)","background-image":"","background-repeat":"repeat","background-position":"center center","background-size":"auto","background-attachment":"scroll","background-type":"","background-media":"","overlay-type":"","overlay-color":"","overlay-opacity":"","overlay-gradient":""},"mobile":{"background-color":"var(--ast-global-color-4)","background-image":"","background-repeat":"repeat","background-position":"center center","background-size":"auto","background-attachment":"scroll","background-type":"","background-media":"","overlay-type":"","overlay-color":"","overlay-opacity":"","overlay-gradient":""}},"footnotes":""},"categories":[208],"tags":[55,123,144],"class_list":["post-12115","post","type-post","status-publish","format-standard","has-post-thumbnail","hentry","category-noticias","tag-caral","tag-exposicion","tag-ministerio-produccion"],"acf":[],"yoast_head":"<!-- This site is optimized with the Yoast SEO plugin v27.3 - https:\/\/yoast.com\/product\/yoast-seo-wordpress\/ -->\n<title>Caral en la Sexta Reuni\u00f3n de Ordenamiento Pesquero del Pac\u00edfico Sur<\/title>\n<meta name=\"description\" content=\"La Zona Arqueol\u00f3gica Caral, UE 003 del Ministerio de Cultura, en co-organizaci\u00f3n con el Ministerio de la Producci\u00f3n, presenta la exposici\u00f3n museogr\u00e1fica \u00abLa Civilizaci\u00f3n Caral, 5 000 a\u00f1os de Ciencia y Tecnolog\u00eda Pesquera\u00bb. Esta actividad se realiza en el marco de la Sexta Reuni\u00f3n Anual de la Comisi\u00f3n de Organizaci\u00f3n Regional de Ordenamiento Pesquero del Pac\u00edfico Sur (OROP-PS), evento que ha sido declarado de inter\u00e9s nacional.\" \/>\n<meta name=\"robots\" content=\"index, follow, max-snippet:-1, max-image-preview:large, max-video-preview:-1\" \/>\n<link rel=\"canonical\" href=\"https:\/\/zonacaral.gob.pe\/es\/noticias\/caral-en-la-sexta-reunion-anual-de-la-comision-de-organizacion-regional-de-ordenamiento-pesquero-del-pacifico-sur\/\" \/>\n<meta property=\"og:locale\" content=\"es_ES\" \/>\n<meta property=\"og:type\" content=\"article\" \/>\n<meta property=\"og:title\" content=\"Caral en la Sexta Reuni\u00f3n de Ordenamiento Pesquero del Pac\u00edfico Sur\" \/>\n<meta property=\"og:description\" content=\"La Zona Arqueol\u00f3gica Caral, UE 003 del Ministerio de Cultura, en co-organizaci\u00f3n con el Ministerio de la Producci\u00f3n, presenta la exposici\u00f3n museogr\u00e1fica \u00abLa Civilizaci\u00f3n Caral, 5 000 a\u00f1os de Ciencia y Tecnolog\u00eda Pesquera\u00bb. Esta actividad se realiza en el marco de la Sexta Reuni\u00f3n Anual de la Comisi\u00f3n de Organizaci\u00f3n Regional de Ordenamiento Pesquero del Pac\u00edfico Sur (OROP-PS), evento que ha sido declarado de inter\u00e9s nacional.\" \/>\n<meta property=\"og:url\" content=\"https:\/\/zonacaral.gob.pe\/es\/noticias\/caral-en-la-sexta-reunion-anual-de-la-comision-de-organizacion-regional-de-ordenamiento-pesquero-del-pacifico-sur\/\" \/>\n<meta property=\"og:site_name\" content=\"Zona Caral\" \/>\n<meta property=\"article:published_time\" content=\"2018-02-02T15:32:37+00:00\" \/>\n<meta property=\"og:image\" content=\"https:\/\/zonacaral.gob.pe\/wp-content\/uploads\/2018\/02\/marriot-31-01-2018.jpg\" \/>\n\t<meta property=\"og:image:width\" content=\"800\" \/>\n\t<meta property=\"og:image:height\" content=\"534\" \/>\n\t<meta property=\"og:image:type\" content=\"image\/jpeg\" \/>\n<meta name=\"author\" content=\"Zona Caral Administrador\" \/>\n<meta name=\"twitter:card\" content=\"summary_large_image\" \/>\n<meta name=\"twitter:label1\" content=\"Written by\" \/>\n\t<meta name=\"twitter:data1\" content=\"Zona Caral Administrador\" \/>\n\t<meta name=\"twitter:label2\" content=\"Est. reading time\" \/>\n\t<meta name=\"twitter:data2\" content=\"3 minutos\" \/>\n<script type=\"application\/ld+json\" class=\"yoast-schema-graph\">{\"@context\":\"https:\\\/\\\/schema.org\",\"@graph\":[{\"@type\":\"Article\",\"@id\":\"https:\\\/\\\/zonacaral.gob.pe\\\/es\\\/noticias\\\/caral-en-la-sexta-reunion-anual-de-la-comision-de-organizacion-regional-de-ordenamiento-pesquero-del-pacifico-sur\\\/#article\",\"isPartOf\":{\"@id\":\"https:\\\/\\\/zonacaral.gob.pe\\\/es\\\/noticias\\\/caral-en-la-sexta-reunion-anual-de-la-comision-de-organizacion-regional-de-ordenamiento-pesquero-del-pacifico-sur\\\/\"},\"author\":{\"name\":\"Zona Caral Administrador\",\"@id\":\"https:\\\/\\\/zonacaral.gob.pe\\\/es\\\/#\\\/schema\\\/person\\\/beddb4d22f71a7230c5b90913270a0ee\"},\"headline\":\"Caral en la Sexta Reuni\u00f3n Anual de la Comisi\u00f3n de Organizaci\u00f3n Regional de Ordenamiento Pesquero del Pac\u00edfico Sur\",\"datePublished\":\"2018-02-02T15:32:37+00:00\",\"mainEntityOfPage\":{\"@id\":\"https:\\\/\\\/zonacaral.gob.pe\\\/es\\\/noticias\\\/caral-en-la-sexta-reunion-anual-de-la-comision-de-organizacion-regional-de-ordenamiento-pesquero-del-pacifico-sur\\\/\"},\"wordCount\":640,\"image\":{\"@id\":\"https:\\\/\\\/zonacaral.gob.pe\\\/es\\\/noticias\\\/caral-en-la-sexta-reunion-anual-de-la-comision-de-organizacion-regional-de-ordenamiento-pesquero-del-pacifico-sur\\\/#primaryimage\"},\"thumbnailUrl\":\"https:\\\/\\\/zonacaral.gob.pe\\\/wp-content\\\/uploads\\\/2018\\\/02\\\/marriot-31-01-2018.jpg\",\"keywords\":[\"caral\",\"exposicion\",\"ministerio produccion\"],\"articleSection\":[\"noticias\"],\"inLanguage\":\"es-PE\"},{\"@type\":\"WebPage\",\"@id\":\"https:\\\/\\\/zonacaral.gob.pe\\\/es\\\/noticias\\\/caral-en-la-sexta-reunion-anual-de-la-comision-de-organizacion-regional-de-ordenamiento-pesquero-del-pacifico-sur\\\/\",\"url\":\"https:\\\/\\\/zonacaral.gob.pe\\\/es\\\/noticias\\\/caral-en-la-sexta-reunion-anual-de-la-comision-de-organizacion-regional-de-ordenamiento-pesquero-del-pacifico-sur\\\/\",\"name\":\"Caral en la Sexta Reuni\u00f3n de Ordenamiento Pesquero del Pac\u00edfico Sur\",\"isPartOf\":{\"@id\":\"https:\\\/\\\/zonacaral.gob.pe\\\/es\\\/#website\"},\"primaryImageOfPage\":{\"@id\":\"https:\\\/\\\/zonacaral.gob.pe\\\/es\\\/noticias\\\/caral-en-la-sexta-reunion-anual-de-la-comision-de-organizacion-regional-de-ordenamiento-pesquero-del-pacifico-sur\\\/#primaryimage\"},\"image\":{\"@id\":\"https:\\\/\\\/zonacaral.gob.pe\\\/es\\\/noticias\\\/caral-en-la-sexta-reunion-anual-de-la-comision-de-organizacion-regional-de-ordenamiento-pesquero-del-pacifico-sur\\\/#primaryimage\"},\"thumbnailUrl\":\"https:\\\/\\\/zonacaral.gob.pe\\\/wp-content\\\/uploads\\\/2018\\\/02\\\/marriot-31-01-2018.jpg\",\"datePublished\":\"2018-02-02T15:32:37+00:00\",\"author\":{\"@id\":\"https:\\\/\\\/zonacaral.gob.pe\\\/es\\\/#\\\/schema\\\/person\\\/beddb4d22f71a7230c5b90913270a0ee\"},\"description\":\"La Zona Arqueol\u00f3gica Caral, UE 003 del Ministerio de Cultura, en co-organizaci\u00f3n con el Ministerio de la Producci\u00f3n, presenta la exposici\u00f3n museogr\u00e1fica \u00abLa Civilizaci\u00f3n Caral, 5 000 a\u00f1os de Ciencia y Tecnolog\u00eda Pesquera\u00bb. Esta actividad se realiza en el marco de la Sexta Reuni\u00f3n Anual de la Comisi\u00f3n de Organizaci\u00f3n Regional de Ordenamiento Pesquero del Pac\u00edfico Sur (OROP-PS), evento que ha sido declarado de inter\u00e9s nacional.\",\"breadcrumb\":{\"@id\":\"https:\\\/\\\/zonacaral.gob.pe\\\/es\\\/noticias\\\/caral-en-la-sexta-reunion-anual-de-la-comision-de-organizacion-regional-de-ordenamiento-pesquero-del-pacifico-sur\\\/#breadcrumb\"},\"inLanguage\":\"es-PE\",\"potentialAction\":[{\"@type\":\"ReadAction\",\"target\":[\"https:\\\/\\\/zonacaral.gob.pe\\\/es\\\/noticias\\\/caral-en-la-sexta-reunion-anual-de-la-comision-de-organizacion-regional-de-ordenamiento-pesquero-del-pacifico-sur\\\/\"]}]},{\"@type\":\"ImageObject\",\"inLanguage\":\"es-PE\",\"@id\":\"https:\\\/\\\/zonacaral.gob.pe\\\/es\\\/noticias\\\/caral-en-la-sexta-reunion-anual-de-la-comision-de-organizacion-regional-de-ordenamiento-pesquero-del-pacifico-sur\\\/#primaryimage\",\"url\":\"https:\\\/\\\/zonacaral.gob.pe\\\/wp-content\\\/uploads\\\/2018\\\/02\\\/marriot-31-01-2018.jpg\",\"contentUrl\":\"https:\\\/\\\/zonacaral.gob.pe\\\/wp-content\\\/uploads\\\/2018\\\/02\\\/marriot-31-01-2018.jpg\",\"width\":800,\"height\":534},{\"@type\":\"BreadcrumbList\",\"@id\":\"https:\\\/\\\/zonacaral.gob.pe\\\/es\\\/noticias\\\/caral-en-la-sexta-reunion-anual-de-la-comision-de-organizacion-regional-de-ordenamiento-pesquero-del-pacifico-sur\\\/#breadcrumb\",\"itemListElement\":[{\"@type\":\"ListItem\",\"position\":1,\"name\":\"Portada\",\"item\":\"https:\\\/\\\/zonacaral.gob.pe\\\/\"},{\"@type\":\"ListItem\",\"position\":2,\"name\":\"Caral en la Sexta Reuni\u00f3n Anual de la Comisi\u00f3n de Organizaci\u00f3n Regional de Ordenamiento Pesquero del Pac\u00edfico Sur\"}]},{\"@type\":\"WebSite\",\"@id\":\"https:\\\/\\\/zonacaral.gob.pe\\\/es\\\/#website\",\"url\":\"https:\\\/\\\/zonacaral.gob.pe\\\/es\\\/\",\"name\":\"Zona Caral\",\"description\":\"Investigamos, conservamos y difundimos el patrimonio cultural de la Civilizaci\u00f3n Caral, la m\u00e1s antigua de Am\u00e9rica.\",\"potentialAction\":[{\"@type\":\"SearchAction\",\"target\":{\"@type\":\"EntryPoint\",\"urlTemplate\":\"https:\\\/\\\/zonacaral.gob.pe\\\/es\\\/?s={search_term_string}\"},\"query-input\":{\"@type\":\"PropertyValueSpecification\",\"valueRequired\":true,\"valueName\":\"search_term_string\"}}],\"inLanguage\":\"es-PE\"},{\"@type\":\"Person\",\"@id\":\"https:\\\/\\\/zonacaral.gob.pe\\\/es\\\/#\\\/schema\\\/person\\\/beddb4d22f71a7230c5b90913270a0ee\",\"name\":\"Zona Caral Administrador\",\"image\":{\"@type\":\"ImageObject\",\"inLanguage\":\"es-PE\",\"@id\":\"https:\\\/\\\/secure.gravatar.com\\\/avatar\\\/e4be162918a696358376de6446614e0f0f4062bdc5d170d6d540ada3d8b58c12?s=96&d=mm&r=g\",\"url\":\"https:\\\/\\\/secure.gravatar.com\\\/avatar\\\/e4be162918a696358376de6446614e0f0f4062bdc5d170d6d540ada3d8b58c12?s=96&d=mm&r=g\",\"contentUrl\":\"https:\\\/\\\/secure.gravatar.com\\\/avatar\\\/e4be162918a696358376de6446614e0f0f4062bdc5d170d6d540ada3d8b58c12?s=96&d=mm&r=g\",\"caption\":\"Zona Caral Administrador\"},\"sameAs\":[\"https:\\\/\\\/zonacaral.gob.pe\"],\"url\":\"https:\\\/\\\/zonacaral.gob.pe\\\/es\\\/noticias\\\/author\\\/ad_zonacaral\\\/\"}]}<\/script>\n<!-- \/ Yoast SEO plugin. -->","yoast_head_json":{"title":"Caral en la Sexta Reuni\u00f3n de Ordenamiento Pesquero del Pac\u00edfico Sur","description":"La Zona Arqueol\u00f3gica Caral, UE 003 del Ministerio de Cultura, en co-organizaci\u00f3n con el Ministerio de la Producci\u00f3n, presenta la exposici\u00f3n museogr\u00e1fica \u00abLa Civilizaci\u00f3n Caral, 5 000 a\u00f1os de Ciencia y Tecnolog\u00eda Pesquera\u00bb. Esta actividad se realiza en el marco de la Sexta Reuni\u00f3n Anual de la Comisi\u00f3n de Organizaci\u00f3n Regional de Ordenamiento Pesquero del Pac\u00edfico Sur (OROP-PS), evento que ha sido declarado de inter\u00e9s nacional.","robots":{"index":"index","follow":"follow","max-snippet":"max-snippet:-1","max-image-preview":"max-image-preview:large","max-video-preview":"max-video-preview:-1"},"canonical":"https:\/\/zonacaral.gob.pe\/es\/noticias\/caral-en-la-sexta-reunion-anual-de-la-comision-de-organizacion-regional-de-ordenamiento-pesquero-del-pacifico-sur\/","og_locale":"es_ES","og_type":"article","og_title":"Caral en la Sexta Reuni\u00f3n de Ordenamiento Pesquero del Pac\u00edfico Sur","og_description":"La Zona Arqueol\u00f3gica Caral, UE 003 del Ministerio de Cultura, en co-organizaci\u00f3n con el Ministerio de la Producci\u00f3n, presenta la exposici\u00f3n museogr\u00e1fica \u00abLa Civilizaci\u00f3n Caral, 5 000 a\u00f1os de Ciencia y Tecnolog\u00eda Pesquera\u00bb. Esta actividad se realiza en el marco de la Sexta Reuni\u00f3n Anual de la Comisi\u00f3n de Organizaci\u00f3n Regional de Ordenamiento Pesquero del Pac\u00edfico Sur (OROP-PS), evento que ha sido declarado de inter\u00e9s nacional.","og_url":"https:\/\/zonacaral.gob.pe\/es\/noticias\/caral-en-la-sexta-reunion-anual-de-la-comision-de-organizacion-regional-de-ordenamiento-pesquero-del-pacifico-sur\/","og_site_name":"Zona Caral","article_published_time":"2018-02-02T15:32:37+00:00","og_image":[{"width":800,"height":534,"url":"https:\/\/zonacaral.gob.pe\/wp-content\/uploads\/2018\/02\/marriot-31-01-2018.jpg","type":"image\/jpeg"}],"author":"Zona Caral Administrador","twitter_card":"summary_large_image","twitter_misc":{"Written by":"Zona Caral Administrador","Est. reading time":"3 minutos"},"schema":{"@context":"https:\/\/schema.org","@graph":[{"@type":"Article","@id":"https:\/\/zonacaral.gob.pe\/es\/noticias\/caral-en-la-sexta-reunion-anual-de-la-comision-de-organizacion-regional-de-ordenamiento-pesquero-del-pacifico-sur\/#article","isPartOf":{"@id":"https:\/\/zonacaral.gob.pe\/es\/noticias\/caral-en-la-sexta-reunion-anual-de-la-comision-de-organizacion-regional-de-ordenamiento-pesquero-del-pacifico-sur\/"},"author":{"name":"Zona Caral Administrador","@id":"https:\/\/zonacaral.gob.pe\/es\/#\/schema\/person\/beddb4d22f71a7230c5b90913270a0ee"},"headline":"Caral en la Sexta Reuni\u00f3n Anual de la Comisi\u00f3n de Organizaci\u00f3n Regional de Ordenamiento Pesquero del Pac\u00edfico Sur","datePublished":"2018-02-02T15:32:37+00:00","mainEntityOfPage":{"@id":"https:\/\/zonacaral.gob.pe\/es\/noticias\/caral-en-la-sexta-reunion-anual-de-la-comision-de-organizacion-regional-de-ordenamiento-pesquero-del-pacifico-sur\/"},"wordCount":640,"image":{"@id":"https:\/\/zonacaral.gob.pe\/es\/noticias\/caral-en-la-sexta-reunion-anual-de-la-comision-de-organizacion-regional-de-ordenamiento-pesquero-del-pacifico-sur\/#primaryimage"},"thumbnailUrl":"https:\/\/zonacaral.gob.pe\/wp-content\/uploads\/2018\/02\/marriot-31-01-2018.jpg","keywords":["caral","exposicion","ministerio produccion"],"articleSection":["noticias"],"inLanguage":"es-PE"},{"@type":"WebPage","@id":"https:\/\/zonacaral.gob.pe\/es\/noticias\/caral-en-la-sexta-reunion-anual-de-la-comision-de-organizacion-regional-de-ordenamiento-pesquero-del-pacifico-sur\/","url":"https:\/\/zonacaral.gob.pe\/es\/noticias\/caral-en-la-sexta-reunion-anual-de-la-comision-de-organizacion-regional-de-ordenamiento-pesquero-del-pacifico-sur\/","name":"Caral en la Sexta Reuni\u00f3n de Ordenamiento Pesquero del Pac\u00edfico Sur","isPartOf":{"@id":"https:\/\/zonacaral.gob.pe\/es\/#website"},"primaryImageOfPage":{"@id":"https:\/\/zonacaral.gob.pe\/es\/noticias\/caral-en-la-sexta-reunion-anual-de-la-comision-de-organizacion-regional-de-ordenamiento-pesquero-del-pacifico-sur\/#primaryimage"},"image":{"@id":"https:\/\/zonacaral.gob.pe\/es\/noticias\/caral-en-la-sexta-reunion-anual-de-la-comision-de-organizacion-regional-de-ordenamiento-pesquero-del-pacifico-sur\/#primaryimage"},"thumbnailUrl":"https:\/\/zonacaral.gob.pe\/wp-content\/uploads\/2018\/02\/marriot-31-01-2018.jpg","datePublished":"2018-02-02T15:32:37+00:00","author":{"@id":"https:\/\/zonacaral.gob.pe\/es\/#\/schema\/person\/beddb4d22f71a7230c5b90913270a0ee"},"description":"La Zona Arqueol\u00f3gica Caral, UE 003 del Ministerio de Cultura, en co-organizaci\u00f3n con el Ministerio de la Producci\u00f3n, presenta la exposici\u00f3n museogr\u00e1fica \u00abLa Civilizaci\u00f3n Caral, 5 000 a\u00f1os de Ciencia y Tecnolog\u00eda Pesquera\u00bb. Esta actividad se realiza en el marco de la Sexta Reuni\u00f3n Anual de la Comisi\u00f3n de Organizaci\u00f3n Regional de Ordenamiento Pesquero del Pac\u00edfico Sur (OROP-PS), evento que ha sido declarado de inter\u00e9s nacional.","breadcrumb":{"@id":"https:\/\/zonacaral.gob.pe\/es\/noticias\/caral-en-la-sexta-reunion-anual-de-la-comision-de-organizacion-regional-de-ordenamiento-pesquero-del-pacifico-sur\/#breadcrumb"},"inLanguage":"es-PE","potentialAction":[{"@type":"ReadAction","target":["https:\/\/zonacaral.gob.pe\/es\/noticias\/caral-en-la-sexta-reunion-anual-de-la-comision-de-organizacion-regional-de-ordenamiento-pesquero-del-pacifico-sur\/"]}]},{"@type":"ImageObject","inLanguage":"es-PE","@id":"https:\/\/zonacaral.gob.pe\/es\/noticias\/caral-en-la-sexta-reunion-anual-de-la-comision-de-organizacion-regional-de-ordenamiento-pesquero-del-pacifico-sur\/#primaryimage","url":"https:\/\/zonacaral.gob.pe\/wp-content\/uploads\/2018\/02\/marriot-31-01-2018.jpg","contentUrl":"https:\/\/zonacaral.gob.pe\/wp-content\/uploads\/2018\/02\/marriot-31-01-2018.jpg","width":800,"height":534},{"@type":"BreadcrumbList","@id":"https:\/\/zonacaral.gob.pe\/es\/noticias\/caral-en-la-sexta-reunion-anual-de-la-comision-de-organizacion-regional-de-ordenamiento-pesquero-del-pacifico-sur\/#breadcrumb","itemListElement":[{"@type":"ListItem","position":1,"name":"Portada","item":"https:\/\/zonacaral.gob.pe\/"},{"@type":"ListItem","position":2,"name":"Caral en la Sexta Reuni\u00f3n Anual de la Comisi\u00f3n de Organizaci\u00f3n Regional de Ordenamiento Pesquero del Pac\u00edfico Sur"}]},{"@type":"WebSite","@id":"https:\/\/zonacaral.gob.pe\/es\/#website","url":"https:\/\/zonacaral.gob.pe\/es\/","name":"Zona Caral","description":"Investigamos, conservamos y difundimos el patrimonio cultural de la Civilizaci\u00f3n Caral, la m\u00e1s antigua de Am\u00e9rica.","potentialAction":[{"@type":"SearchAction","target":{"@type":"EntryPoint","urlTemplate":"https:\/\/zonacaral.gob.pe\/es\/?s={search_term_string}"},"query-input":{"@type":"PropertyValueSpecification","valueRequired":true,"valueName":"search_term_string"}}],"inLanguage":"es-PE"},{"@type":"Person","@id":"https:\/\/zonacaral.gob.pe\/es\/#\/schema\/person\/beddb4d22f71a7230c5b90913270a0ee","name":"Zona Caral Administrador","image":{"@type":"ImageObject","inLanguage":"es-PE","@id":"https:\/\/secure.gravatar.com\/avatar\/e4be162918a696358376de6446614e0f0f4062bdc5d170d6d540ada3d8b58c12?s=96&d=mm&r=g","url":"https:\/\/secure.gravatar.com\/avatar\/e4be162918a696358376de6446614e0f0f4062bdc5d170d6d540ada3d8b58c12?s=96&d=mm&r=g","contentUrl":"https:\/\/secure.gravatar.com\/avatar\/e4be162918a696358376de6446614e0f0f4062bdc5d170d6d540ada3d8b58c12?s=96&d=mm&r=g","caption":"Zona Caral Administrador"},"sameAs":["https:\/\/zonacaral.gob.pe"],"url":"https:\/\/zonacaral.gob.pe\/es\/noticias\/author\/ad_zonacaral\/"}]}},"_links":{"self":[{"href":"https:\/\/zonacaral.gob.pe\/es\/wp-json\/wp\/v2\/posts\/12115","targetHints":{"allow":["GET"]}}],"collection":[{"href":"https:\/\/zonacaral.gob.pe\/es\/wp-json\/wp\/v2\/posts"}],"about":[{"href":"https:\/\/zonacaral.gob.pe\/es\/wp-json\/wp\/v2\/types\/post"}],"author":[{"embeddable":true,"href":"https:\/\/zonacaral.gob.pe\/es\/wp-json\/wp\/v2\/users\/1"}],"replies":[{"embeddable":true,"href":"https:\/\/zonacaral.gob.pe\/es\/wp-json\/wp\/v2\/comments?post=12115"}],"version-history":[{"count":0,"href":"https:\/\/zonacaral.gob.pe\/es\/wp-json\/wp\/v2\/posts\/12115\/revisions"}],"wp:featuredmedia":[{"embeddable":true,"href":"https:\/\/zonacaral.gob.pe\/es\/wp-json\/wp\/v2\/media\/12116"}],"wp:attachment":[{"href":"https:\/\/zonacaral.gob.pe\/es\/wp-json\/wp\/v2\/media?parent=12115"}],"wp:term":[{"taxonomy":"category","embeddable":true,"href":"https:\/\/zonacaral.gob.pe\/es\/wp-json\/wp\/v2\/categories?post=12115"},{"taxonomy":"post_tag","embeddable":true,"href":"https:\/\/zonacaral.gob.pe\/es\/wp-json\/wp\/v2\/tags?post=12115"}],"curies":[{"name":"wp","href":"https:\/\/api.w.org\/{rel}","templated":true}]}}