{"id":12226,"date":"2018-03-08T10:56:18","date_gmt":"2018-03-08T15:56:18","guid":{"rendered":"http:\/\/www.zonacaral.gob.pe\/?p=12226"},"modified":"2018-03-08T10:56:18","modified_gmt":"2018-03-08T15:56:18","slug":"dia-de-la-mujer-la-importancia-de-la-mujer-hace-4500-anos-en-caral","status":"publish","type":"post","link":"https:\/\/zonacaral.gob.pe\/es\/noticias\/dia-de-la-mujer-la-importancia-de-la-mujer-hace-4500-anos-en-caral\/","title":{"rendered":"D\u00eda de la Mujer: La importancia de la mujer hace 4,500 a\u00f1os en Caral"},"content":{"rendered":"<figure class=\"pic-autor\" style=\"color: #4d4d4d; text-align: justify;\"><\/figure>\n<p style=\"text-align: justify;\">En el marco de las celebraciones por el D\u00eda Internacional de la Mujer, buscamos resaltar su importancia y su rol protag\u00f3nico en nuestra sociedad. Resaltar su aporte, no solo en los hogares, si no en diversos campos como en la ciencia, la tecnolog\u00eda, la salud, la educaci\u00f3n, la ingenier\u00eda, y hasta en altos cargos, dentro de empresa o instituciones.<\/p>\n<p style=\"text-align: justify;\">Eso mismo, suced\u00eda en las antiguas ciudades, como hace 4,500 a\u00f1os en \u00c1spero, asentamiento pesquero de la civilizaci\u00f3n de Caral), lugar donde fue hallada, en el Edificio P\u00fablico Los \u00cddolos, \u201cLa Dama de los Cuatro Tupus\u201d, en el 2016.<\/p>\n<p style=\"text-align: justify;\">El cuerpo estaba envuelto con un tejido de fibra de junco, sujetado por soguillas. Fue cubierto con una capa de ceniza. Y en la base se hallaron restos de una ofrenda consistente en un cuenco de calabaza, ra\u00edz de camote y semillas de l\u00facuma y calabaza.<\/p>\n<p style=\"text-align: justify;\"><a href=\"http:\/\/www.zonacaral.gob.pe\/aspero\/mundo\/\"><strong><span style=\"color: #000000;\">CONOCE M\u00c1S SOBRE LA DAMA DE LOS CUATRO TUPUS AQU\u00cd<\/span><\/strong><\/a><\/p>\n<h3 style=\"text-align: justify;\"><strong>Ofrendas de tres esculturas antropomorfas de alto status<br \/>\n<\/strong><\/h3>\n<p style=\"text-align: justify;\">Asimismo, dentro de Vichama, zona construida en los tiempos finales de la civilizaci\u00f3n Caral, se encontr\u00f3 una ofrenda compuesta por tres im\u00e1genes, dos mujeres y un hombre. Aqu\u00ed las dos mujeres, son representaciones de personas de un alto status dentro de dicha sociedad,<\/p>\n<p style=\"text-align: justify;\"><span style=\"color: #000000;\"><a href=\"http:\/\/www.zonacaral.gob.pe\/vichama\/mundo\/\"><span style=\"color: #000000;\"><strong>CONOCE M\u00c1S SOBRE EST\u00c1S OFRENDAS<\/strong><\/span><\/a><\/span><\/p>\n<h3 style=\"text-align: justify;\"><strong>D\u00eda internacional de la mujer<\/strong><\/h3>\n<p style=\"text-align: justify;\">Las mujeres, desde tiempos atr\u00e1s, han tenido mucha importancia y valor en las sociedades, as\u00ed como tambi\u00e9n llegaron a ocupar altos cargos, demostrando la igualdad de g\u00e9nero en nuestro pa\u00eds. Por lo que, merecen seguir teniendo ese reconocimiento y consideraci\u00f3n en las \u00e9pocas modernas.\u00a0<span style=\"color: #222222;\">\u00a1FELIZ D\u00cdA DE LA MUJER!<\/span><\/p>\n<p class=\"news-summary\" style=\"font-weight: normal; color: #444444;\"><strong style=\"color: #993300;\">Fuente: Prensa ZAC<\/strong><\/p>\n<div style=\"color: #1f1f1f;\">\n<p style=\"text-align: justify;\">Fecha de publicaci\u00f3n: 08\/03\/2018<\/p>\n<\/div>\n","protected":false},"excerpt":{"rendered":"<p>En el marco de las celebraciones por el D\u00eda Internacional de la Mujer, buscamos resaltar su importancia y su rol [&hellip;]<\/p>\n","protected":false},"author":1,"featured_media":12227,"comment_status":"closed","ping_status":"open","sticky":false,"template":"","format":"standard","meta":{"_acf_changed":false,"site-sidebar-layout":"default","site-content-layout":"","ast-site-content-layout":"default","site-content-style":"default","site-sidebar-style":"default","ast-global-header-display":"","ast-banner-title-visibility":"","ast-main-header-display":"","ast-hfb-above-header-display":"","ast-hfb-below-header-display":"","ast-hfb-mobile-header-display":"","site-post-title":"","ast-breadcrumbs-content":"","ast-featured-img":"","footer-sml-layout":"","ast-disable-related-posts":"","theme-transparent-header-meta":"","adv-header-id-meta":"","stick-header-meta":"","header-above-stick-meta":"","header-main-stick-meta":"","header-below-stick-meta":"","astra-migrate-meta-layouts":"default","ast-page-background-enabled":"default","ast-page-background-meta":{"desktop":{"background-color":"var(--ast-global-color-5)","background-image":"","background-repeat":"repeat","background-position":"center center","background-size":"auto","background-attachment":"scroll","background-type":"","background-media":"","overlay-type":"","overlay-color":"","overlay-opacity":"","overlay-gradient":""},"tablet":{"background-color":"","background-image":"","background-repeat":"repeat","background-position":"center center","background-size":"auto","background-attachment":"scroll","background-type":"","background-media":"","overlay-type":"","overlay-color":"","overlay-opacity":"","overlay-gradient":""},"mobile":{"background-color":"","background-image":"","background-repeat":"repeat","background-position":"center center","background-size":"auto","background-attachment":"scroll","background-type":"","background-media":"","overlay-type":"","overlay-color":"","overlay-opacity":"","overlay-gradient":""}},"ast-content-background-meta":{"desktop":{"background-color":"var(--ast-global-color-4)","background-image":"","background-repeat":"repeat","background-position":"center center","background-size":"auto","background-attachment":"scroll","background-type":"","background-media":"","overlay-type":"","overlay-color":"","overlay-opacity":"","overlay-gradient":""},"tablet":{"background-color":"var(--ast-global-color-4)","background-image":"","background-repeat":"repeat","background-position":"center center","background-size":"auto","background-attachment":"scroll","background-type":"","background-media":"","overlay-type":"","overlay-color":"","overlay-opacity":"","overlay-gradient":""},"mobile":{"background-color":"var(--ast-global-color-4)","background-image":"","background-repeat":"repeat","background-position":"center center","background-size":"auto","background-attachment":"scroll","background-type":"","background-media":"","overlay-type":"","overlay-color":"","overlay-opacity":"","overlay-gradient":""}},"footnotes":""},"categories":[208],"tags":[63,55,65,61],"class_list":["post-12226","post","type-post","status-publish","format-standard","has-post-thumbnail","hentry","category-noticias","tag-aspero","tag-caral","tag-mujer","tag-vichama"],"acf":[],"yoast_head":"<!-- This site is optimized with the Yoast SEO plugin v27.3 - https:\/\/yoast.com\/product\/yoast-seo-wordpress\/ -->\n<title>D\u00eda de la Mujer: La importancia de la mujer hace 4,500 a\u00f1os en Caral<\/title>\n<meta name=\"description\" content=\"Buscamos resaltar su importancia y su rol protag\u00f3nico en nuestra sociedad. Resaltar su aporte, no solo en los hogares, si no en diversos campos como en la ciencia, la tecnolog\u00eda, la salud, la educaci\u00f3n, la ingenier\u00eda, y hasta en altos cargos, dentro de empresa o instituciones.\" \/>\n<meta name=\"robots\" content=\"index, follow, max-snippet:-1, max-image-preview:large, max-video-preview:-1\" \/>\n<link rel=\"canonical\" href=\"https:\/\/zonacaral.gob.pe\/es\/noticias\/dia-de-la-mujer-la-importancia-de-la-mujer-hace-4500-anos-en-caral\/\" \/>\n<meta property=\"og:locale\" content=\"es_ES\" \/>\n<meta property=\"og:type\" content=\"article\" \/>\n<meta property=\"og:title\" content=\"D\u00eda de la Mujer: La importancia de la mujer hace 4,500 a\u00f1os en Caral\" \/>\n<meta property=\"og:description\" content=\"Buscamos resaltar su importancia y su rol protag\u00f3nico en nuestra sociedad. Resaltar su aporte, no solo en los hogares, si no en diversos campos como en la ciencia, la tecnolog\u00eda, la salud, la educaci\u00f3n, la ingenier\u00eda, y hasta en altos cargos, dentro de empresa o instituciones.\" \/>\n<meta property=\"og:url\" content=\"https:\/\/zonacaral.gob.pe\/es\/noticias\/dia-de-la-mujer-la-importancia-de-la-mujer-hace-4500-anos-en-caral\/\" \/>\n<meta property=\"og:site_name\" content=\"Zona Caral\" \/>\n<meta property=\"article:published_time\" content=\"2018-03-08T15:56:18+00:00\" \/>\n<meta property=\"og:image\" content=\"https:\/\/zonacaral.gob.pe\/wp-content\/uploads\/2018\/03\/dia-de-la-mujer-caral.jpg\" \/>\n\t<meta property=\"og:image:width\" content=\"800\" \/>\n\t<meta property=\"og:image:height\" content=\"444\" \/>\n\t<meta property=\"og:image:type\" content=\"image\/jpeg\" \/>\n<meta name=\"author\" content=\"Zona Caral Administrador\" \/>\n<meta name=\"twitter:card\" content=\"summary_large_image\" \/>\n<meta name=\"twitter:label1\" content=\"Written by\" \/>\n\t<meta name=\"twitter:data1\" content=\"Zona Caral Administrador\" \/>\n\t<meta name=\"twitter:label2\" content=\"Est. reading time\" \/>\n\t<meta name=\"twitter:data2\" content=\"1 minuto\" \/>\n<script type=\"application\/ld+json\" class=\"yoast-schema-graph\">{\"@context\":\"https:\\\/\\\/schema.org\",\"@graph\":[{\"@type\":\"Article\",\"@id\":\"https:\\\/\\\/zonacaral.gob.pe\\\/es\\\/noticias\\\/dia-de-la-mujer-la-importancia-de-la-mujer-hace-4500-anos-en-caral\\\/#article\",\"isPartOf\":{\"@id\":\"https:\\\/\\\/zonacaral.gob.pe\\\/es\\\/noticias\\\/dia-de-la-mujer-la-importancia-de-la-mujer-hace-4500-anos-en-caral\\\/\"},\"author\":{\"name\":\"Zona Caral Administrador\",\"@id\":\"https:\\\/\\\/zonacaral.gob.pe\\\/es\\\/#\\\/schema\\\/person\\\/beddb4d22f71a7230c5b90913270a0ee\"},\"headline\":\"D\u00eda de la Mujer: La importancia de la mujer hace 4,500 a\u00f1os en Caral\",\"datePublished\":\"2018-03-08T15:56:18+00:00\",\"mainEntityOfPage\":{\"@id\":\"https:\\\/\\\/zonacaral.gob.pe\\\/es\\\/noticias\\\/dia-de-la-mujer-la-importancia-de-la-mujer-hace-4500-anos-en-caral\\\/\"},\"wordCount\":307,\"image\":{\"@id\":\"https:\\\/\\\/zonacaral.gob.pe\\\/es\\\/noticias\\\/dia-de-la-mujer-la-importancia-de-la-mujer-hace-4500-anos-en-caral\\\/#primaryimage\"},\"thumbnailUrl\":\"https:\\\/\\\/zonacaral.gob.pe\\\/wp-content\\\/uploads\\\/2018\\\/03\\\/dia-de-la-mujer-caral.jpg\",\"keywords\":[\"Aspero\",\"caral\",\"mujer\",\"vichama\"],\"articleSection\":[\"noticias\"],\"inLanguage\":\"es-PE\"},{\"@type\":\"WebPage\",\"@id\":\"https:\\\/\\\/zonacaral.gob.pe\\\/es\\\/noticias\\\/dia-de-la-mujer-la-importancia-de-la-mujer-hace-4500-anos-en-caral\\\/\",\"url\":\"https:\\\/\\\/zonacaral.gob.pe\\\/es\\\/noticias\\\/dia-de-la-mujer-la-importancia-de-la-mujer-hace-4500-anos-en-caral\\\/\",\"name\":\"D\u00eda de la Mujer: La importancia de la mujer hace 4,500 a\u00f1os en Caral\",\"isPartOf\":{\"@id\":\"https:\\\/\\\/zonacaral.gob.pe\\\/es\\\/#website\"},\"primaryImageOfPage\":{\"@id\":\"https:\\\/\\\/zonacaral.gob.pe\\\/es\\\/noticias\\\/dia-de-la-mujer-la-importancia-de-la-mujer-hace-4500-anos-en-caral\\\/#primaryimage\"},\"image\":{\"@id\":\"https:\\\/\\\/zonacaral.gob.pe\\\/es\\\/noticias\\\/dia-de-la-mujer-la-importancia-de-la-mujer-hace-4500-anos-en-caral\\\/#primaryimage\"},\"thumbnailUrl\":\"https:\\\/\\\/zonacaral.gob.pe\\\/wp-content\\\/uploads\\\/2018\\\/03\\\/dia-de-la-mujer-caral.jpg\",\"datePublished\":\"2018-03-08T15:56:18+00:00\",\"author\":{\"@id\":\"https:\\\/\\\/zonacaral.gob.pe\\\/es\\\/#\\\/schema\\\/person\\\/beddb4d22f71a7230c5b90913270a0ee\"},\"description\":\"Buscamos resaltar su importancia y su rol protag\u00f3nico en nuestra sociedad. Resaltar su aporte, no solo en los hogares, si no en diversos campos como en la ciencia, la tecnolog\u00eda, la salud, la educaci\u00f3n, la ingenier\u00eda, y hasta en altos cargos, dentro de empresa o instituciones.\",\"breadcrumb\":{\"@id\":\"https:\\\/\\\/zonacaral.gob.pe\\\/es\\\/noticias\\\/dia-de-la-mujer-la-importancia-de-la-mujer-hace-4500-anos-en-caral\\\/#breadcrumb\"},\"inLanguage\":\"es-PE\",\"potentialAction\":[{\"@type\":\"ReadAction\",\"target\":[\"https:\\\/\\\/zonacaral.gob.pe\\\/es\\\/noticias\\\/dia-de-la-mujer-la-importancia-de-la-mujer-hace-4500-anos-en-caral\\\/\"]}]},{\"@type\":\"ImageObject\",\"inLanguage\":\"es-PE\",\"@id\":\"https:\\\/\\\/zonacaral.gob.pe\\\/es\\\/noticias\\\/dia-de-la-mujer-la-importancia-de-la-mujer-hace-4500-anos-en-caral\\\/#primaryimage\",\"url\":\"https:\\\/\\\/zonacaral.gob.pe\\\/wp-content\\\/uploads\\\/2018\\\/03\\\/dia-de-la-mujer-caral.jpg\",\"contentUrl\":\"https:\\\/\\\/zonacaral.gob.pe\\\/wp-content\\\/uploads\\\/2018\\\/03\\\/dia-de-la-mujer-caral.jpg\",\"width\":800,\"height\":444},{\"@type\":\"BreadcrumbList\",\"@id\":\"https:\\\/\\\/zonacaral.gob.pe\\\/es\\\/noticias\\\/dia-de-la-mujer-la-importancia-de-la-mujer-hace-4500-anos-en-caral\\\/#breadcrumb\",\"itemListElement\":[{\"@type\":\"ListItem\",\"position\":1,\"name\":\"Portada\",\"item\":\"https:\\\/\\\/zonacaral.gob.pe\\\/\"},{\"@type\":\"ListItem\",\"position\":2,\"name\":\"D\u00eda de la Mujer: La importancia de la mujer hace 4,500 a\u00f1os en Caral\"}]},{\"@type\":\"WebSite\",\"@id\":\"https:\\\/\\\/zonacaral.gob.pe\\\/es\\\/#website\",\"url\":\"https:\\\/\\\/zonacaral.gob.pe\\\/es\\\/\",\"name\":\"Zona Caral\",\"description\":\"Investigamos, conservamos y difundimos el patrimonio cultural de la Civilizaci\u00f3n Caral, la m\u00e1s antigua de Am\u00e9rica.\",\"potentialAction\":[{\"@type\":\"SearchAction\",\"target\":{\"@type\":\"EntryPoint\",\"urlTemplate\":\"https:\\\/\\\/zonacaral.gob.pe\\\/es\\\/?s={search_term_string}\"},\"query-input\":{\"@type\":\"PropertyValueSpecification\",\"valueRequired\":true,\"valueName\":\"search_term_string\"}}],\"inLanguage\":\"es-PE\"},{\"@type\":\"Person\",\"@id\":\"https:\\\/\\\/zonacaral.gob.pe\\\/es\\\/#\\\/schema\\\/person\\\/beddb4d22f71a7230c5b90913270a0ee\",\"name\":\"Zona Caral Administrador\",\"image\":{\"@type\":\"ImageObject\",\"inLanguage\":\"es-PE\",\"@id\":\"https:\\\/\\\/secure.gravatar.com\\\/avatar\\\/e4be162918a696358376de6446614e0f0f4062bdc5d170d6d540ada3d8b58c12?s=96&d=mm&r=g\",\"url\":\"https:\\\/\\\/secure.gravatar.com\\\/avatar\\\/e4be162918a696358376de6446614e0f0f4062bdc5d170d6d540ada3d8b58c12?s=96&d=mm&r=g\",\"contentUrl\":\"https:\\\/\\\/secure.gravatar.com\\\/avatar\\\/e4be162918a696358376de6446614e0f0f4062bdc5d170d6d540ada3d8b58c12?s=96&d=mm&r=g\",\"caption\":\"Zona Caral Administrador\"},\"sameAs\":[\"https:\\\/\\\/zonacaral.gob.pe\"],\"url\":\"https:\\\/\\\/zonacaral.gob.pe\\\/es\\\/noticias\\\/author\\\/ad_zonacaral\\\/\"}]}<\/script>\n<!-- \/ Yoast SEO plugin. -->","yoast_head_json":{"title":"D\u00eda de la Mujer: La importancia de la mujer hace 4,500 a\u00f1os en Caral","description":"Buscamos resaltar su importancia y su rol protag\u00f3nico en nuestra sociedad. Resaltar su aporte, no solo en los hogares, si no en diversos campos como en la ciencia, la tecnolog\u00eda, la salud, la educaci\u00f3n, la ingenier\u00eda, y hasta en altos cargos, dentro de empresa o instituciones.","robots":{"index":"index","follow":"follow","max-snippet":"max-snippet:-1","max-image-preview":"max-image-preview:large","max-video-preview":"max-video-preview:-1"},"canonical":"https:\/\/zonacaral.gob.pe\/es\/noticias\/dia-de-la-mujer-la-importancia-de-la-mujer-hace-4500-anos-en-caral\/","og_locale":"es_ES","og_type":"article","og_title":"D\u00eda de la Mujer: La importancia de la mujer hace 4,500 a\u00f1os en Caral","og_description":"Buscamos resaltar su importancia y su rol protag\u00f3nico en nuestra sociedad. Resaltar su aporte, no solo en los hogares, si no en diversos campos como en la ciencia, la tecnolog\u00eda, la salud, la educaci\u00f3n, la ingenier\u00eda, y hasta en altos cargos, dentro de empresa o instituciones.","og_url":"https:\/\/zonacaral.gob.pe\/es\/noticias\/dia-de-la-mujer-la-importancia-de-la-mujer-hace-4500-anos-en-caral\/","og_site_name":"Zona Caral","article_published_time":"2018-03-08T15:56:18+00:00","og_image":[{"width":800,"height":444,"url":"https:\/\/zonacaral.gob.pe\/wp-content\/uploads\/2018\/03\/dia-de-la-mujer-caral.jpg","type":"image\/jpeg"}],"author":"Zona Caral Administrador","twitter_card":"summary_large_image","twitter_misc":{"Written by":"Zona Caral Administrador","Est. reading time":"1 minuto"},"schema":{"@context":"https:\/\/schema.org","@graph":[{"@type":"Article","@id":"https:\/\/zonacaral.gob.pe\/es\/noticias\/dia-de-la-mujer-la-importancia-de-la-mujer-hace-4500-anos-en-caral\/#article","isPartOf":{"@id":"https:\/\/zonacaral.gob.pe\/es\/noticias\/dia-de-la-mujer-la-importancia-de-la-mujer-hace-4500-anos-en-caral\/"},"author":{"name":"Zona Caral Administrador","@id":"https:\/\/zonacaral.gob.pe\/es\/#\/schema\/person\/beddb4d22f71a7230c5b90913270a0ee"},"headline":"D\u00eda de la Mujer: La importancia de la mujer hace 4,500 a\u00f1os en Caral","datePublished":"2018-03-08T15:56:18+00:00","mainEntityOfPage":{"@id":"https:\/\/zonacaral.gob.pe\/es\/noticias\/dia-de-la-mujer-la-importancia-de-la-mujer-hace-4500-anos-en-caral\/"},"wordCount":307,"image":{"@id":"https:\/\/zonacaral.gob.pe\/es\/noticias\/dia-de-la-mujer-la-importancia-de-la-mujer-hace-4500-anos-en-caral\/#primaryimage"},"thumbnailUrl":"https:\/\/zonacaral.gob.pe\/wp-content\/uploads\/2018\/03\/dia-de-la-mujer-caral.jpg","keywords":["Aspero","caral","mujer","vichama"],"articleSection":["noticias"],"inLanguage":"es-PE"},{"@type":"WebPage","@id":"https:\/\/zonacaral.gob.pe\/es\/noticias\/dia-de-la-mujer-la-importancia-de-la-mujer-hace-4500-anos-en-caral\/","url":"https:\/\/zonacaral.gob.pe\/es\/noticias\/dia-de-la-mujer-la-importancia-de-la-mujer-hace-4500-anos-en-caral\/","name":"D\u00eda de la Mujer: La importancia de la mujer hace 4,500 a\u00f1os en Caral","isPartOf":{"@id":"https:\/\/zonacaral.gob.pe\/es\/#website"},"primaryImageOfPage":{"@id":"https:\/\/zonacaral.gob.pe\/es\/noticias\/dia-de-la-mujer-la-importancia-de-la-mujer-hace-4500-anos-en-caral\/#primaryimage"},"image":{"@id":"https:\/\/zonacaral.gob.pe\/es\/noticias\/dia-de-la-mujer-la-importancia-de-la-mujer-hace-4500-anos-en-caral\/#primaryimage"},"thumbnailUrl":"https:\/\/zonacaral.gob.pe\/wp-content\/uploads\/2018\/03\/dia-de-la-mujer-caral.jpg","datePublished":"2018-03-08T15:56:18+00:00","author":{"@id":"https:\/\/zonacaral.gob.pe\/es\/#\/schema\/person\/beddb4d22f71a7230c5b90913270a0ee"},"description":"Buscamos resaltar su importancia y su rol protag\u00f3nico en nuestra sociedad. Resaltar su aporte, no solo en los hogares, si no en diversos campos como en la ciencia, la tecnolog\u00eda, la salud, la educaci\u00f3n, la ingenier\u00eda, y hasta en altos cargos, dentro de empresa o instituciones.","breadcrumb":{"@id":"https:\/\/zonacaral.gob.pe\/es\/noticias\/dia-de-la-mujer-la-importancia-de-la-mujer-hace-4500-anos-en-caral\/#breadcrumb"},"inLanguage":"es-PE","potentialAction":[{"@type":"ReadAction","target":["https:\/\/zonacaral.gob.pe\/es\/noticias\/dia-de-la-mujer-la-importancia-de-la-mujer-hace-4500-anos-en-caral\/"]}]},{"@type":"ImageObject","inLanguage":"es-PE","@id":"https:\/\/zonacaral.gob.pe\/es\/noticias\/dia-de-la-mujer-la-importancia-de-la-mujer-hace-4500-anos-en-caral\/#primaryimage","url":"https:\/\/zonacaral.gob.pe\/wp-content\/uploads\/2018\/03\/dia-de-la-mujer-caral.jpg","contentUrl":"https:\/\/zonacaral.gob.pe\/wp-content\/uploads\/2018\/03\/dia-de-la-mujer-caral.jpg","width":800,"height":444},{"@type":"BreadcrumbList","@id":"https:\/\/zonacaral.gob.pe\/es\/noticias\/dia-de-la-mujer-la-importancia-de-la-mujer-hace-4500-anos-en-caral\/#breadcrumb","itemListElement":[{"@type":"ListItem","position":1,"name":"Portada","item":"https:\/\/zonacaral.gob.pe\/"},{"@type":"ListItem","position":2,"name":"D\u00eda de la Mujer: La importancia de la mujer hace 4,500 a\u00f1os en Caral"}]},{"@type":"WebSite","@id":"https:\/\/zonacaral.gob.pe\/es\/#website","url":"https:\/\/zonacaral.gob.pe\/es\/","name":"Zona Caral","description":"Investigamos, conservamos y difundimos el patrimonio cultural de la Civilizaci\u00f3n Caral, la m\u00e1s antigua de Am\u00e9rica.","potentialAction":[{"@type":"SearchAction","target":{"@type":"EntryPoint","urlTemplate":"https:\/\/zonacaral.gob.pe\/es\/?s={search_term_string}"},"query-input":{"@type":"PropertyValueSpecification","valueRequired":true,"valueName":"search_term_string"}}],"inLanguage":"es-PE"},{"@type":"Person","@id":"https:\/\/zonacaral.gob.pe\/es\/#\/schema\/person\/beddb4d22f71a7230c5b90913270a0ee","name":"Zona Caral Administrador","image":{"@type":"ImageObject","inLanguage":"es-PE","@id":"https:\/\/secure.gravatar.com\/avatar\/e4be162918a696358376de6446614e0f0f4062bdc5d170d6d540ada3d8b58c12?s=96&d=mm&r=g","url":"https:\/\/secure.gravatar.com\/avatar\/e4be162918a696358376de6446614e0f0f4062bdc5d170d6d540ada3d8b58c12?s=96&d=mm&r=g","contentUrl":"https:\/\/secure.gravatar.com\/avatar\/e4be162918a696358376de6446614e0f0f4062bdc5d170d6d540ada3d8b58c12?s=96&d=mm&r=g","caption":"Zona Caral Administrador"},"sameAs":["https:\/\/zonacaral.gob.pe"],"url":"https:\/\/zonacaral.gob.pe\/es\/noticias\/author\/ad_zonacaral\/"}]}},"_links":{"self":[{"href":"https:\/\/zonacaral.gob.pe\/es\/wp-json\/wp\/v2\/posts\/12226","targetHints":{"allow":["GET"]}}],"collection":[{"href":"https:\/\/zonacaral.gob.pe\/es\/wp-json\/wp\/v2\/posts"}],"about":[{"href":"https:\/\/zonacaral.gob.pe\/es\/wp-json\/wp\/v2\/types\/post"}],"author":[{"embeddable":true,"href":"https:\/\/zonacaral.gob.pe\/es\/wp-json\/wp\/v2\/users\/1"}],"replies":[{"embeddable":true,"href":"https:\/\/zonacaral.gob.pe\/es\/wp-json\/wp\/v2\/comments?post=12226"}],"version-history":[{"count":0,"href":"https:\/\/zonacaral.gob.pe\/es\/wp-json\/wp\/v2\/posts\/12226\/revisions"}],"wp:featuredmedia":[{"embeddable":true,"href":"https:\/\/zonacaral.gob.pe\/es\/wp-json\/wp\/v2\/media\/12227"}],"wp:attachment":[{"href":"https:\/\/zonacaral.gob.pe\/es\/wp-json\/wp\/v2\/media?parent=12226"}],"wp:term":[{"taxonomy":"category","embeddable":true,"href":"https:\/\/zonacaral.gob.pe\/es\/wp-json\/wp\/v2\/categories?post=12226"},{"taxonomy":"post_tag","embeddable":true,"href":"https:\/\/zonacaral.gob.pe\/es\/wp-json\/wp\/v2\/tags?post=12226"}],"curies":[{"name":"wp","href":"https:\/\/api.w.org\/{rel}","templated":true}]}}