{"id":12323,"date":"2018-03-19T16:58:23","date_gmt":"2018-03-19T21:58:23","guid":{"rendered":"http:\/\/www.zonacaral.gob.pe\/?p=12323"},"modified":"2018-03-19T16:58:23","modified_gmt":"2018-03-19T21:58:23","slug":"embajador-de-la-india-maravillado-de-caral","status":"publish","type":"post","link":"https:\/\/zonacaral.gob.pe\/es\/noticias\/embajador-de-la-india-maravillado-de-caral\/","title":{"rendered":"Embajador de la India maravillado de Caral"},"content":{"rendered":"<figure class=\"pic-autor\" style=\"color: #4d4d4d; text-align: justify;\"><\/figure>\n<blockquote><p>Propuso realizar en este sitio un evento internacional de Yoga y que se trabaje en la implementaci\u00f3n de un sistema de paneles solares.<\/p><\/blockquote>\n<p style=\"text-align: justify;\">El embajador de la India en Per\u00fa, Mandarapu Subbarayudu, visit\u00f3 este fin de semana Caral, primera civilizaci\u00f3n de Am\u00e9rica, acompa\u00f1ado de su esposa e hijo, y qued\u00f3 maravillado de las imponentes construcciones, del clima, as\u00ed como tambi\u00e9n del Valle de Supe y Vichama.<\/p>\n<p style=\"text-align: justify;\">En esta visita tambi\u00e9n particip\u00f3 el director del Centro Cultural de la India Aayam Gupta y representantes de la Zona Arqueol\u00f3gica Caral, como su director, Plinio Guill\u00e9n.<\/p>\n<p style=\"text-align: justify;\">En su recorrido, el embajador visit\u00f3 las pir\u00e1mides y viviendas de la cultura de Caral, Patrimonio Cultural de la Humanidad, asimismo degust\u00f3 de la comida local. \u00c9l y su familia se animaron a tomarse fotos en cada sitio.<\/p>\n<p style=\"text-align: justify;\">En sus expresiones, tras calificar de espectacular a este sitio arqueol\u00f3gico, propuso que en Caral se impulse un sistema de paneles solares para lograr su perenne iluminaci\u00f3n y aprovechar esta para tambi\u00e9n dotar de luz a los centros poblados aleda\u00f1os.<\/p>\n<p style=\"text-align: justify;\">Asimismo, vio oportuno su visita para proponer la realizaci\u00f3n de su evento internacional de yoga, en los espacios de este centro arqueol\u00f3gico, con el objetivo de juntar ambas culturas: la de Am\u00e9rica y la India.<\/p>\n<p style=\"text-align: justify;\">Luego visit\u00f3 Vichama, ciudad agropesquera, cuyas edificaciones son consideradas como las \u00faltimas construcciones de Caral, de las cuales qued\u00f3 \u201casombrado\u201d. El embajador de la India aprovech\u00f3 el momento para tomarse fotos junto a su familia.<\/p>\n<p class=\"news-summary\" style=\"font-weight: normal; color: #444444;\"><strong style=\"color: #993300;\">Fuen<span style=\"color: #993300;\">te:\u00a0Prensa ZAC<\/span><\/strong><\/p>\n<div style=\"color: #1f1f1f;\">\n<p style=\"text-align: justify;\">Fecha de publicaci\u00f3n: 19\/03\/2018<\/p>\n<\/div>\n","protected":false},"excerpt":{"rendered":"<p>Propuso realizar en este sitio un evento internacional de Yoga y que se trabaje en la implementaci\u00f3n de un sistema [&hellip;]<\/p>\n","protected":false},"author":1,"featured_media":12325,"comment_status":"closed","ping_status":"open","sticky":false,"template":"","format":"standard","meta":{"_acf_changed":false,"site-sidebar-layout":"default","site-content-layout":"","ast-site-content-layout":"default","site-content-style":"default","site-sidebar-style":"default","ast-global-header-display":"","ast-banner-title-visibility":"","ast-main-header-display":"","ast-hfb-above-header-display":"","ast-hfb-below-header-display":"","ast-hfb-mobile-header-display":"","site-post-title":"","ast-breadcrumbs-content":"","ast-featured-img":"","footer-sml-layout":"","ast-disable-related-posts":"","theme-transparent-header-meta":"","adv-header-id-meta":"","stick-header-meta":"","header-above-stick-meta":"","header-main-stick-meta":"","header-below-stick-meta":"","astra-migrate-meta-layouts":"default","ast-page-background-enabled":"default","ast-page-background-meta":{"desktop":{"background-color":"var(--ast-global-color-5)","background-image":"","background-repeat":"repeat","background-position":"center center","background-size":"auto","background-attachment":"scroll","background-type":"","background-media":"","overlay-type":"","overlay-color":"","overlay-opacity":"","overlay-gradient":""},"tablet":{"background-color":"","background-image":"","background-repeat":"repeat","background-position":"center center","background-size":"auto","background-attachment":"scroll","background-type":"","background-media":"","overlay-type":"","overlay-color":"","overlay-opacity":"","overlay-gradient":""},"mobile":{"background-color":"","background-image":"","background-repeat":"repeat","background-position":"center center","background-size":"auto","background-attachment":"scroll","background-type":"","background-media":"","overlay-type":"","overlay-color":"","overlay-opacity":"","overlay-gradient":""}},"ast-content-background-meta":{"desktop":{"background-color":"var(--ast-global-color-4)","background-image":"","background-repeat":"repeat","background-position":"center center","background-size":"auto","background-attachment":"scroll","background-type":"","background-media":"","overlay-type":"","overlay-color":"","overlay-opacity":"","overlay-gradient":""},"tablet":{"background-color":"var(--ast-global-color-4)","background-image":"","background-repeat":"repeat","background-position":"center center","background-size":"auto","background-attachment":"scroll","background-type":"","background-media":"","overlay-type":"","overlay-color":"","overlay-opacity":"","overlay-gradient":""},"mobile":{"background-color":"var(--ast-global-color-4)","background-image":"","background-repeat":"repeat","background-position":"center center","background-size":"auto","background-attachment":"scroll","background-type":"","background-media":"","overlay-type":"","overlay-color":"","overlay-opacity":"","overlay-gradient":""}},"footnotes":""},"categories":[208],"tags":[55,66,67,61,68],"class_list":["post-12323","post","type-post","status-publish","format-standard","has-post-thumbnail","hentry","category-noticias","tag-caral","tag-embajador","tag-india","tag-vichama","tag-yoga"],"acf":[],"yoast_head":"<!-- This site is optimized with the Yoast SEO plugin v27.3 - https:\/\/yoast.com\/product\/yoast-seo-wordpress\/ -->\n<title>Embajador de la India maravillado de Caral<\/title>\n<meta name=\"description\" content=\"El embajador de la India en Per\u00fa, Mandarapu Subbarayudu, visit\u00f3 este fin de semana Caral, primera civilizaci\u00f3n de la Am\u00e9rica, acompa\u00f1ado de su esposa e hijo, y qued\u00f3 maravillado de las imponentes construcciones, del clima, as\u00ed como tambi\u00e9n del Valle de Supe.\" \/>\n<meta name=\"robots\" content=\"index, follow, max-snippet:-1, max-image-preview:large, max-video-preview:-1\" \/>\n<link rel=\"canonical\" href=\"https:\/\/zonacaral.gob.pe\/es\/noticias\/embajador-de-la-india-maravillado-de-caral\/\" \/>\n<meta property=\"og:locale\" content=\"es_ES\" \/>\n<meta property=\"og:type\" content=\"article\" \/>\n<meta property=\"og:title\" content=\"Embajador de la India maravillado de Caral\" \/>\n<meta property=\"og:description\" content=\"El embajador de la India en Per\u00fa, Mandarapu Subbarayudu, visit\u00f3 este fin de semana Caral, primera civilizaci\u00f3n de la Am\u00e9rica, acompa\u00f1ado de su esposa e hijo, y qued\u00f3 maravillado de las imponentes construcciones, del clima, as\u00ed como tambi\u00e9n del Valle de Supe.\" \/>\n<meta property=\"og:url\" content=\"https:\/\/zonacaral.gob.pe\/es\/noticias\/embajador-de-la-india-maravillado-de-caral\/\" \/>\n<meta property=\"og:site_name\" content=\"Zona Caral\" \/>\n<meta property=\"article:published_time\" content=\"2018-03-19T21:58:23+00:00\" \/>\n<meta property=\"og:image\" content=\"https:\/\/zonacaral.gob.pe\/wp-content\/uploads\/2018\/03\/visita-embajador-india-01.jpg\" \/>\n\t<meta property=\"og:image:width\" content=\"800\" \/>\n\t<meta property=\"og:image:height\" content=\"600\" \/>\n\t<meta property=\"og:image:type\" content=\"image\/jpeg\" \/>\n<meta name=\"author\" content=\"Zona Caral Administrador\" \/>\n<meta name=\"twitter:card\" content=\"summary_large_image\" \/>\n<meta name=\"twitter:label1\" content=\"Written by\" \/>\n\t<meta name=\"twitter:data1\" content=\"Zona Caral Administrador\" \/>\n\t<meta name=\"twitter:label2\" content=\"Est. reading time\" \/>\n\t<meta name=\"twitter:data2\" content=\"1 minuto\" \/>\n<script type=\"application\/ld+json\" class=\"yoast-schema-graph\">{\"@context\":\"https:\\\/\\\/schema.org\",\"@graph\":[{\"@type\":\"Article\",\"@id\":\"https:\\\/\\\/zonacaral.gob.pe\\\/es\\\/noticias\\\/embajador-de-la-india-maravillado-de-caral\\\/#article\",\"isPartOf\":{\"@id\":\"https:\\\/\\\/zonacaral.gob.pe\\\/es\\\/noticias\\\/embajador-de-la-india-maravillado-de-caral\\\/\"},\"author\":{\"name\":\"Zona Caral Administrador\",\"@id\":\"https:\\\/\\\/zonacaral.gob.pe\\\/es\\\/#\\\/schema\\\/person\\\/beddb4d22f71a7230c5b90913270a0ee\"},\"headline\":\"Embajador de la India maravillado de Caral\",\"datePublished\":\"2018-03-19T21:58:23+00:00\",\"mainEntityOfPage\":{\"@id\":\"https:\\\/\\\/zonacaral.gob.pe\\\/es\\\/noticias\\\/embajador-de-la-india-maravillado-de-caral\\\/\"},\"wordCount\":271,\"image\":{\"@id\":\"https:\\\/\\\/zonacaral.gob.pe\\\/es\\\/noticias\\\/embajador-de-la-india-maravillado-de-caral\\\/#primaryimage\"},\"thumbnailUrl\":\"https:\\\/\\\/zonacaral.gob.pe\\\/wp-content\\\/uploads\\\/2018\\\/03\\\/visita-embajador-india-01.jpg\",\"keywords\":[\"caral\",\"embajador\",\"india\",\"vichama\",\"yoga\"],\"articleSection\":[\"noticias\"],\"inLanguage\":\"es-PE\"},{\"@type\":\"WebPage\",\"@id\":\"https:\\\/\\\/zonacaral.gob.pe\\\/es\\\/noticias\\\/embajador-de-la-india-maravillado-de-caral\\\/\",\"url\":\"https:\\\/\\\/zonacaral.gob.pe\\\/es\\\/noticias\\\/embajador-de-la-india-maravillado-de-caral\\\/\",\"name\":\"Embajador de la India maravillado de Caral\",\"isPartOf\":{\"@id\":\"https:\\\/\\\/zonacaral.gob.pe\\\/es\\\/#website\"},\"primaryImageOfPage\":{\"@id\":\"https:\\\/\\\/zonacaral.gob.pe\\\/es\\\/noticias\\\/embajador-de-la-india-maravillado-de-caral\\\/#primaryimage\"},\"image\":{\"@id\":\"https:\\\/\\\/zonacaral.gob.pe\\\/es\\\/noticias\\\/embajador-de-la-india-maravillado-de-caral\\\/#primaryimage\"},\"thumbnailUrl\":\"https:\\\/\\\/zonacaral.gob.pe\\\/wp-content\\\/uploads\\\/2018\\\/03\\\/visita-embajador-india-01.jpg\",\"datePublished\":\"2018-03-19T21:58:23+00:00\",\"author\":{\"@id\":\"https:\\\/\\\/zonacaral.gob.pe\\\/es\\\/#\\\/schema\\\/person\\\/beddb4d22f71a7230c5b90913270a0ee\"},\"description\":\"El embajador de la India en Per\u00fa, Mandarapu Subbarayudu, visit\u00f3 este fin de semana Caral, primera civilizaci\u00f3n de la Am\u00e9rica, acompa\u00f1ado de su esposa e hijo, y qued\u00f3 maravillado de las imponentes construcciones, del clima, as\u00ed como tambi\u00e9n del Valle de Supe.\",\"breadcrumb\":{\"@id\":\"https:\\\/\\\/zonacaral.gob.pe\\\/es\\\/noticias\\\/embajador-de-la-india-maravillado-de-caral\\\/#breadcrumb\"},\"inLanguage\":\"es-PE\",\"potentialAction\":[{\"@type\":\"ReadAction\",\"target\":[\"https:\\\/\\\/zonacaral.gob.pe\\\/es\\\/noticias\\\/embajador-de-la-india-maravillado-de-caral\\\/\"]}]},{\"@type\":\"ImageObject\",\"inLanguage\":\"es-PE\",\"@id\":\"https:\\\/\\\/zonacaral.gob.pe\\\/es\\\/noticias\\\/embajador-de-la-india-maravillado-de-caral\\\/#primaryimage\",\"url\":\"https:\\\/\\\/zonacaral.gob.pe\\\/wp-content\\\/uploads\\\/2018\\\/03\\\/visita-embajador-india-01.jpg\",\"contentUrl\":\"https:\\\/\\\/zonacaral.gob.pe\\\/wp-content\\\/uploads\\\/2018\\\/03\\\/visita-embajador-india-01.jpg\",\"width\":800,\"height\":600},{\"@type\":\"BreadcrumbList\",\"@id\":\"https:\\\/\\\/zonacaral.gob.pe\\\/es\\\/noticias\\\/embajador-de-la-india-maravillado-de-caral\\\/#breadcrumb\",\"itemListElement\":[{\"@type\":\"ListItem\",\"position\":1,\"name\":\"Portada\",\"item\":\"https:\\\/\\\/zonacaral.gob.pe\\\/\"},{\"@type\":\"ListItem\",\"position\":2,\"name\":\"Embajador de la India maravillado de Caral\"}]},{\"@type\":\"WebSite\",\"@id\":\"https:\\\/\\\/zonacaral.gob.pe\\\/es\\\/#website\",\"url\":\"https:\\\/\\\/zonacaral.gob.pe\\\/es\\\/\",\"name\":\"Zona Caral\",\"description\":\"Investigamos, conservamos y difundimos el patrimonio cultural de la Civilizaci\u00f3n Caral, la m\u00e1s antigua de Am\u00e9rica.\",\"potentialAction\":[{\"@type\":\"SearchAction\",\"target\":{\"@type\":\"EntryPoint\",\"urlTemplate\":\"https:\\\/\\\/zonacaral.gob.pe\\\/es\\\/?s={search_term_string}\"},\"query-input\":{\"@type\":\"PropertyValueSpecification\",\"valueRequired\":true,\"valueName\":\"search_term_string\"}}],\"inLanguage\":\"es-PE\"},{\"@type\":\"Person\",\"@id\":\"https:\\\/\\\/zonacaral.gob.pe\\\/es\\\/#\\\/schema\\\/person\\\/beddb4d22f71a7230c5b90913270a0ee\",\"name\":\"Zona Caral Administrador\",\"image\":{\"@type\":\"ImageObject\",\"inLanguage\":\"es-PE\",\"@id\":\"https:\\\/\\\/secure.gravatar.com\\\/avatar\\\/e4be162918a696358376de6446614e0f0f4062bdc5d170d6d540ada3d8b58c12?s=96&d=mm&r=g\",\"url\":\"https:\\\/\\\/secure.gravatar.com\\\/avatar\\\/e4be162918a696358376de6446614e0f0f4062bdc5d170d6d540ada3d8b58c12?s=96&d=mm&r=g\",\"contentUrl\":\"https:\\\/\\\/secure.gravatar.com\\\/avatar\\\/e4be162918a696358376de6446614e0f0f4062bdc5d170d6d540ada3d8b58c12?s=96&d=mm&r=g\",\"caption\":\"Zona Caral Administrador\"},\"sameAs\":[\"https:\\\/\\\/zonacaral.gob.pe\"],\"url\":\"https:\\\/\\\/zonacaral.gob.pe\\\/es\\\/noticias\\\/author\\\/ad_zonacaral\\\/\"}]}<\/script>\n<!-- \/ Yoast SEO plugin. -->","yoast_head_json":{"title":"Embajador de la India maravillado de Caral","description":"El embajador de la India en Per\u00fa, Mandarapu Subbarayudu, visit\u00f3 este fin de semana Caral, primera civilizaci\u00f3n de la Am\u00e9rica, acompa\u00f1ado de su esposa e hijo, y qued\u00f3 maravillado de las imponentes construcciones, del clima, as\u00ed como tambi\u00e9n del Valle de Supe.","robots":{"index":"index","follow":"follow","max-snippet":"max-snippet:-1","max-image-preview":"max-image-preview:large","max-video-preview":"max-video-preview:-1"},"canonical":"https:\/\/zonacaral.gob.pe\/es\/noticias\/embajador-de-la-india-maravillado-de-caral\/","og_locale":"es_ES","og_type":"article","og_title":"Embajador de la India maravillado de Caral","og_description":"El embajador de la India en Per\u00fa, Mandarapu Subbarayudu, visit\u00f3 este fin de semana Caral, primera civilizaci\u00f3n de la Am\u00e9rica, acompa\u00f1ado de su esposa e hijo, y qued\u00f3 maravillado de las imponentes construcciones, del clima, as\u00ed como tambi\u00e9n del Valle de Supe.","og_url":"https:\/\/zonacaral.gob.pe\/es\/noticias\/embajador-de-la-india-maravillado-de-caral\/","og_site_name":"Zona Caral","article_published_time":"2018-03-19T21:58:23+00:00","og_image":[{"width":800,"height":600,"url":"https:\/\/zonacaral.gob.pe\/wp-content\/uploads\/2018\/03\/visita-embajador-india-01.jpg","type":"image\/jpeg"}],"author":"Zona Caral Administrador","twitter_card":"summary_large_image","twitter_misc":{"Written by":"Zona Caral Administrador","Est. reading time":"1 minuto"},"schema":{"@context":"https:\/\/schema.org","@graph":[{"@type":"Article","@id":"https:\/\/zonacaral.gob.pe\/es\/noticias\/embajador-de-la-india-maravillado-de-caral\/#article","isPartOf":{"@id":"https:\/\/zonacaral.gob.pe\/es\/noticias\/embajador-de-la-india-maravillado-de-caral\/"},"author":{"name":"Zona Caral Administrador","@id":"https:\/\/zonacaral.gob.pe\/es\/#\/schema\/person\/beddb4d22f71a7230c5b90913270a0ee"},"headline":"Embajador de la India maravillado de Caral","datePublished":"2018-03-19T21:58:23+00:00","mainEntityOfPage":{"@id":"https:\/\/zonacaral.gob.pe\/es\/noticias\/embajador-de-la-india-maravillado-de-caral\/"},"wordCount":271,"image":{"@id":"https:\/\/zonacaral.gob.pe\/es\/noticias\/embajador-de-la-india-maravillado-de-caral\/#primaryimage"},"thumbnailUrl":"https:\/\/zonacaral.gob.pe\/wp-content\/uploads\/2018\/03\/visita-embajador-india-01.jpg","keywords":["caral","embajador","india","vichama","yoga"],"articleSection":["noticias"],"inLanguage":"es-PE"},{"@type":"WebPage","@id":"https:\/\/zonacaral.gob.pe\/es\/noticias\/embajador-de-la-india-maravillado-de-caral\/","url":"https:\/\/zonacaral.gob.pe\/es\/noticias\/embajador-de-la-india-maravillado-de-caral\/","name":"Embajador de la India maravillado de Caral","isPartOf":{"@id":"https:\/\/zonacaral.gob.pe\/es\/#website"},"primaryImageOfPage":{"@id":"https:\/\/zonacaral.gob.pe\/es\/noticias\/embajador-de-la-india-maravillado-de-caral\/#primaryimage"},"image":{"@id":"https:\/\/zonacaral.gob.pe\/es\/noticias\/embajador-de-la-india-maravillado-de-caral\/#primaryimage"},"thumbnailUrl":"https:\/\/zonacaral.gob.pe\/wp-content\/uploads\/2018\/03\/visita-embajador-india-01.jpg","datePublished":"2018-03-19T21:58:23+00:00","author":{"@id":"https:\/\/zonacaral.gob.pe\/es\/#\/schema\/person\/beddb4d22f71a7230c5b90913270a0ee"},"description":"El embajador de la India en Per\u00fa, Mandarapu Subbarayudu, visit\u00f3 este fin de semana Caral, primera civilizaci\u00f3n de la Am\u00e9rica, acompa\u00f1ado de su esposa e hijo, y qued\u00f3 maravillado de las imponentes construcciones, del clima, as\u00ed como tambi\u00e9n del Valle de Supe.","breadcrumb":{"@id":"https:\/\/zonacaral.gob.pe\/es\/noticias\/embajador-de-la-india-maravillado-de-caral\/#breadcrumb"},"inLanguage":"es-PE","potentialAction":[{"@type":"ReadAction","target":["https:\/\/zonacaral.gob.pe\/es\/noticias\/embajador-de-la-india-maravillado-de-caral\/"]}]},{"@type":"ImageObject","inLanguage":"es-PE","@id":"https:\/\/zonacaral.gob.pe\/es\/noticias\/embajador-de-la-india-maravillado-de-caral\/#primaryimage","url":"https:\/\/zonacaral.gob.pe\/wp-content\/uploads\/2018\/03\/visita-embajador-india-01.jpg","contentUrl":"https:\/\/zonacaral.gob.pe\/wp-content\/uploads\/2018\/03\/visita-embajador-india-01.jpg","width":800,"height":600},{"@type":"BreadcrumbList","@id":"https:\/\/zonacaral.gob.pe\/es\/noticias\/embajador-de-la-india-maravillado-de-caral\/#breadcrumb","itemListElement":[{"@type":"ListItem","position":1,"name":"Portada","item":"https:\/\/zonacaral.gob.pe\/"},{"@type":"ListItem","position":2,"name":"Embajador de la India maravillado de Caral"}]},{"@type":"WebSite","@id":"https:\/\/zonacaral.gob.pe\/es\/#website","url":"https:\/\/zonacaral.gob.pe\/es\/","name":"Zona Caral","description":"Investigamos, conservamos y difundimos el patrimonio cultural de la Civilizaci\u00f3n Caral, la m\u00e1s antigua de Am\u00e9rica.","potentialAction":[{"@type":"SearchAction","target":{"@type":"EntryPoint","urlTemplate":"https:\/\/zonacaral.gob.pe\/es\/?s={search_term_string}"},"query-input":{"@type":"PropertyValueSpecification","valueRequired":true,"valueName":"search_term_string"}}],"inLanguage":"es-PE"},{"@type":"Person","@id":"https:\/\/zonacaral.gob.pe\/es\/#\/schema\/person\/beddb4d22f71a7230c5b90913270a0ee","name":"Zona Caral Administrador","image":{"@type":"ImageObject","inLanguage":"es-PE","@id":"https:\/\/secure.gravatar.com\/avatar\/e4be162918a696358376de6446614e0f0f4062bdc5d170d6d540ada3d8b58c12?s=96&d=mm&r=g","url":"https:\/\/secure.gravatar.com\/avatar\/e4be162918a696358376de6446614e0f0f4062bdc5d170d6d540ada3d8b58c12?s=96&d=mm&r=g","contentUrl":"https:\/\/secure.gravatar.com\/avatar\/e4be162918a696358376de6446614e0f0f4062bdc5d170d6d540ada3d8b58c12?s=96&d=mm&r=g","caption":"Zona Caral Administrador"},"sameAs":["https:\/\/zonacaral.gob.pe"],"url":"https:\/\/zonacaral.gob.pe\/es\/noticias\/author\/ad_zonacaral\/"}]}},"_links":{"self":[{"href":"https:\/\/zonacaral.gob.pe\/es\/wp-json\/wp\/v2\/posts\/12323","targetHints":{"allow":["GET"]}}],"collection":[{"href":"https:\/\/zonacaral.gob.pe\/es\/wp-json\/wp\/v2\/posts"}],"about":[{"href":"https:\/\/zonacaral.gob.pe\/es\/wp-json\/wp\/v2\/types\/post"}],"author":[{"embeddable":true,"href":"https:\/\/zonacaral.gob.pe\/es\/wp-json\/wp\/v2\/users\/1"}],"replies":[{"embeddable":true,"href":"https:\/\/zonacaral.gob.pe\/es\/wp-json\/wp\/v2\/comments?post=12323"}],"version-history":[{"count":0,"href":"https:\/\/zonacaral.gob.pe\/es\/wp-json\/wp\/v2\/posts\/12323\/revisions"}],"wp:featuredmedia":[{"embeddable":true,"href":"https:\/\/zonacaral.gob.pe\/es\/wp-json\/wp\/v2\/media\/12325"}],"wp:attachment":[{"href":"https:\/\/zonacaral.gob.pe\/es\/wp-json\/wp\/v2\/media?parent=12323"}],"wp:term":[{"taxonomy":"category","embeddable":true,"href":"https:\/\/zonacaral.gob.pe\/es\/wp-json\/wp\/v2\/categories?post=12323"},{"taxonomy":"post_tag","embeddable":true,"href":"https:\/\/zonacaral.gob.pe\/es\/wp-json\/wp\/v2\/tags?post=12323"}],"curies":[{"name":"wp","href":"https:\/\/api.w.org\/{rel}","templated":true}]}}