{"id":12368,"date":"2018-03-21T10:02:36","date_gmt":"2018-03-21T15:02:36","guid":{"rendered":"http:\/\/www.zonacaral.gob.pe\/?p=12368"},"modified":"2018-03-21T10:02:36","modified_gmt":"2018-03-21T15:02:36","slug":"semana-santa-acampa-en-caral-iluminada","status":"publish","type":"post","link":"https:\/\/zonacaral.gob.pe\/es\/noticias\/semana-santa-acampa-en-caral-iluminada\/","title":{"rendered":"Semana Santa: Acampa en Caral iluminada"},"content":{"rendered":"<figure class=\"pic-autor\" style=\"color: #4d4d4d; text-align: justify;\"><\/figure>\n<p style=\"text-align: justify;\">La Ciudad Sagrada de Caral, primera civilizaci\u00f3n de Am\u00e9rica, se iluminar\u00e1 para acoger a sus visitantes que lleguen por la noche el pr\u00f3ximo viernes (30 de marzo), en el marco de las festividades por Semana Santa.\u2028\u2028 Este esfuerzo, de la Zona Arqueol\u00f3gica Caral, se realiza en el marco del segundo Tinkuy (que en espa\u00f1ol significa \u201cEncuentro\u201d) a desarrollarse los d\u00edas viernes 30 y s\u00e1bado 31; as\u00ed como tambi\u00e9n podr\u00e1n disfrutar de este evento los visitantes que lleguen por el feriado largo y decidan acampar en Caral.<\/p>\n<h3 style=\"text-align: justify;\">\u201cTinkuy &#8211; Caral\u201d (viernes 30 y s\u00e1bado 31 de Marzo)<\/h3>\n<p style=\"text-align: justify;\">Desde temprano (el viernes a las 9:00 a.m.) recorre con nosotros la Ciudad Sagrada de Caral, donde podr\u00e1s interactuar con personajes de la Civilizaci\u00f3n Caral, as\u00ed como tambi\u00e9n el \u00abCentro de Interpretaci\u00f3n\u00bb, el \u00abT\u00fanel de la Ciencia y Tecnolog\u00eda Andina\u00bb, y an\u00edmate a recorrer el \u00abBosque de los Huarangos\u00bb, el cual se ofrece de manera especial a todos los visitantes en \u00e9sas fechas.<\/p>\n<p style=\"text-align: justify;\">Participa del Catu Caral, donde podr\u00e1s degustar platos y postres t\u00edpicos de la culinaria local, comprar productos de la zona y las creaciones de los m\u00e1s destacados artesanos locales.<\/p>\n<p style=\"text-align: justify;\">Tambi\u00e9n participa de los talleres de cer\u00e1mica y pintura, para ni\u00f1os y adultos, donde se desarrollar\u00e1n como tema los valores de la Civilizaci\u00f3n Caral que hemos elegido.<\/p>\n<p style=\"text-align: justify;\">Por la noche, desde las 6:30 p.m. acomp\u00e1\u00f1anos en el recorrido nocturno por la Ciudad Sagrada de Caral, la cual estar\u00e1 iluminada y ofrecer\u00e1 una majestuosa vista. En el camino personajes de la Civilizaci\u00f3n Caral te contar\u00e1n como se forj\u00f3, hace 5,000 a\u00f1os, la civilizaci\u00f3n m\u00e1s antigua de Am\u00e9rica.<\/p>\n<p style=\"text-align: justify;\">Al finalizar, alrededor de una fogata, te esperar\u00e1n los \u201cAbuelos Cuentacuentos\u201d de la Casa de la Literatura, con la tradici\u00f3n oral de nuestros antepasados. Actividad que por primera vez se realizar\u00e1 en este sitio.<\/p>\n<p style=\"text-align: justify;\">El s\u00e1bado 31, despu\u00e9s de un buen desayuno en el lugar, puedes animarte a visitar:<\/p>\n<p style=\"text-align: justify;\">\u00c1spero: la ciudad que abasteci\u00f3 de productos marinos a los habitantes de la Ciudad Sagrada y a los habitantes del valle de Supe y su playa \u201cLa Isla del Fara\u00f3n\u201d. Ubicada hacia el norte a 45 minutos de Caral.<\/p>\n<p style=\"text-align: justify;\">Vichama (ubicada a 30 de minutos de \u00c1spero): es la ciudad agropesquera, cuyas edificaciones son consideradas como las \u00faltimas construcciones de Caral. Est\u00e1 ubicada en el distrito de V\u00e9gueta, Huaura-Huacho. En este lugar tambi\u00e9n puedes visitar su Museo Comunitario.<\/p>\n<h3 style=\"text-align: justify;\">DATO<\/h3>\n<p style=\"text-align: justify;\">Las salidas por Semana Santa, organizadas por la Zona Arqueol\u00f3gica Caral (ZAC), se realizar\u00e1n a diario, desde el jueves 29 y hasta el 1 de abril. (<span style=\"color: #993300;\"><a href=\"http:\/\/www.zonacaral.gob.pe\/viajes-educativos\/salidas-semanales\/semana-santa-30-31\/\"><span style=\"color: #993300;\">Ingresa aqu\u00ed y averigua sobre nuestros viajes educativos<\/span><\/a><\/span>)<\/p>\n<p style=\"text-align: justify;\">Estos viajes puedes realizarlo tambi\u00e9n de manera particular, solo no dejes de visitar la primera civilizaci\u00f3n de Am\u00e9rica, Patrimonio de la Humanidad.<\/p>\n<p style=\"text-align: justify;\">\u00a1Caral, \u00c1spero y Vichama, te esperan esta Semana Santa!<\/p>\n<p class=\"news-summary\" style=\"font-weight: normal; color: #444444;\"><strong style=\"color: #993300;\">Fuen<span style=\"color: #993300;\">te:\u00a0Prensa ZAC<\/span><\/strong><\/p>\n<div style=\"color: #1f1f1f;\">\n<p style=\"text-align: justify;\">Fecha de publicaci\u00f3n: 21\/03\/2018<\/p>\n<\/div>\n","protected":false},"excerpt":{"rendered":"<p>La Ciudad Sagrada de Caral, primera civilizaci\u00f3n de Am\u00e9rica, se iluminar\u00e1 para acoger a sus visitantes que lleguen por la [&hellip;]<\/p>\n","protected":false},"author":1,"featured_media":12369,"comment_status":"closed","ping_status":"open","sticky":false,"template":"","format":"standard","meta":{"_acf_changed":false,"site-sidebar-layout":"default","site-content-layout":"","ast-site-content-layout":"default","site-content-style":"default","site-sidebar-style":"default","ast-global-header-display":"","ast-banner-title-visibility":"","ast-main-header-display":"","ast-hfb-above-header-display":"","ast-hfb-below-header-display":"","ast-hfb-mobile-header-display":"","site-post-title":"","ast-breadcrumbs-content":"","ast-featured-img":"","footer-sml-layout":"","ast-disable-related-posts":"","theme-transparent-header-meta":"","adv-header-id-meta":"","stick-header-meta":"","header-above-stick-meta":"","header-main-stick-meta":"","header-below-stick-meta":"","astra-migrate-meta-layouts":"default","ast-page-background-enabled":"default","ast-page-background-meta":{"desktop":{"background-color":"var(--ast-global-color-5)","background-image":"","background-repeat":"repeat","background-position":"center center","background-size":"auto","background-attachment":"scroll","background-type":"","background-media":"","overlay-type":"","overlay-color":"","overlay-opacity":"","overlay-gradient":""},"tablet":{"background-color":"","background-image":"","background-repeat":"repeat","background-position":"center center","background-size":"auto","background-attachment":"scroll","background-type":"","background-media":"","overlay-type":"","overlay-color":"","overlay-opacity":"","overlay-gradient":""},"mobile":{"background-color":"","background-image":"","background-repeat":"repeat","background-position":"center center","background-size":"auto","background-attachment":"scroll","background-type":"","background-media":"","overlay-type":"","overlay-color":"","overlay-opacity":"","overlay-gradient":""}},"ast-content-background-meta":{"desktop":{"background-color":"var(--ast-global-color-4)","background-image":"","background-repeat":"repeat","background-position":"center center","background-size":"auto","background-attachment":"scroll","background-type":"","background-media":"","overlay-type":"","overlay-color":"","overlay-opacity":"","overlay-gradient":""},"tablet":{"background-color":"var(--ast-global-color-4)","background-image":"","background-repeat":"repeat","background-position":"center center","background-size":"auto","background-attachment":"scroll","background-type":"","background-media":"","overlay-type":"","overlay-color":"","overlay-opacity":"","overlay-gradient":""},"mobile":{"background-color":"var(--ast-global-color-4)","background-image":"","background-repeat":"repeat","background-position":"center center","background-size":"auto","background-attachment":"scroll","background-type":"","background-media":"","overlay-type":"","overlay-color":"","overlay-opacity":"","overlay-gradient":""}},"footnotes":""},"categories":[208],"tags":[63,55,150,61],"class_list":["post-12368","post","type-post","status-publish","format-standard","has-post-thumbnail","hentry","category-noticias","tag-aspero","tag-caral","tag-semana-santa","tag-vichama"],"acf":[],"yoast_head":"<!-- This site is optimized with the Yoast SEO plugin v27.3 - https:\/\/yoast.com\/product\/yoast-seo-wordpress\/ -->\n<title>Semana Santa: Acampa en Caral iluminada<\/title>\n<meta name=\"description\" content=\"Caral se iluminar\u00e1 para acoger a sus visitantes que lleguen por la noche el pr\u00f3ximo viernes (30 de marzo), en el marco de las festividades por Semana Santa.\u2028\u2028Este esfuerzo, de la Zona Arqueol\u00f3gica Caral, se realiza en el marco del segundo Tinkuy (que en espa\u00f1ol significa \u201cEncuentro\u201d) a desarrollarse los d\u00edas viernes 30 y s\u00e1bado 31; as\u00ed como tambi\u00e9n podr\u00e1n disfrutar de este evento los visitantes que lleguen por el feriado largo y decidan acampar en Caral.\" \/>\n<meta name=\"robots\" content=\"index, follow, max-snippet:-1, max-image-preview:large, max-video-preview:-1\" \/>\n<link rel=\"canonical\" href=\"https:\/\/zonacaral.gob.pe\/es\/noticias\/semana-santa-acampa-en-caral-iluminada\/\" \/>\n<meta property=\"og:locale\" content=\"es_ES\" \/>\n<meta property=\"og:type\" content=\"article\" \/>\n<meta property=\"og:title\" content=\"Semana Santa: Acampa en Caral iluminada\" \/>\n<meta property=\"og:description\" content=\"Caral se iluminar\u00e1 para acoger a sus visitantes que lleguen por la noche el pr\u00f3ximo viernes (30 de marzo), en el marco de las festividades por Semana Santa.\u2028\u2028Este esfuerzo, de la Zona Arqueol\u00f3gica Caral, se realiza en el marco del segundo Tinkuy (que en espa\u00f1ol significa \u201cEncuentro\u201d) a desarrollarse los d\u00edas viernes 30 y s\u00e1bado 31; as\u00ed como tambi\u00e9n podr\u00e1n disfrutar de este evento los visitantes que lleguen por el feriado largo y decidan acampar en Caral.\" \/>\n<meta property=\"og:url\" content=\"https:\/\/zonacaral.gob.pe\/es\/noticias\/semana-santa-acampa-en-caral-iluminada\/\" \/>\n<meta property=\"og:site_name\" content=\"Zona Caral\" \/>\n<meta property=\"article:published_time\" content=\"2018-03-21T15:02:36+00:00\" \/>\n<meta property=\"og:image\" content=\"https:\/\/zonacaral.gob.pe\/wp-content\/uploads\/2018\/03\/semana-santa-caral-01.jpg\" \/>\n\t<meta property=\"og:image:width\" content=\"800\" \/>\n\t<meta property=\"og:image:height\" content=\"450\" \/>\n\t<meta property=\"og:image:type\" content=\"image\/jpeg\" \/>\n<meta name=\"author\" content=\"Zona Caral Administrador\" \/>\n<meta name=\"twitter:card\" content=\"summary_large_image\" \/>\n<meta name=\"twitter:label1\" content=\"Written by\" \/>\n\t<meta name=\"twitter:data1\" content=\"Zona Caral Administrador\" \/>\n\t<meta name=\"twitter:label2\" content=\"Est. reading time\" \/>\n\t<meta name=\"twitter:data2\" content=\"2 minutos\" \/>\n<script type=\"application\/ld+json\" class=\"yoast-schema-graph\">{\"@context\":\"https:\\\/\\\/schema.org\",\"@graph\":[{\"@type\":\"Article\",\"@id\":\"https:\\\/\\\/zonacaral.gob.pe\\\/en\\\/noticias\\\/semana-santa-acampa-en-caral-iluminada\\\/#article\",\"isPartOf\":{\"@id\":\"https:\\\/\\\/zonacaral.gob.pe\\\/en\\\/noticias\\\/semana-santa-acampa-en-caral-iluminada\\\/\"},\"author\":{\"name\":\"Zona Caral Administrador\",\"@id\":\"https:\\\/\\\/zonacaral.gob.pe\\\/es\\\/#\\\/schema\\\/person\\\/beddb4d22f71a7230c5b90913270a0ee\"},\"headline\":\"Semana Santa: Acampa en Caral iluminada\",\"datePublished\":\"2018-03-21T15:02:36+00:00\",\"mainEntityOfPage\":{\"@id\":\"https:\\\/\\\/zonacaral.gob.pe\\\/en\\\/noticias\\\/semana-santa-acampa-en-caral-iluminada\\\/\"},\"wordCount\":503,\"image\":{\"@id\":\"https:\\\/\\\/zonacaral.gob.pe\\\/en\\\/noticias\\\/semana-santa-acampa-en-caral-iluminada\\\/#primaryimage\"},\"thumbnailUrl\":\"https:\\\/\\\/zonacaral.gob.pe\\\/wp-content\\\/uploads\\\/2018\\\/03\\\/semana-santa-caral-01.jpg\",\"keywords\":[\"Aspero\",\"caral\",\"semana santa\",\"vichama\"],\"articleSection\":[\"noticias\"],\"inLanguage\":\"es-PE\"},{\"@type\":\"WebPage\",\"@id\":\"https:\\\/\\\/zonacaral.gob.pe\\\/en\\\/noticias\\\/semana-santa-acampa-en-caral-iluminada\\\/\",\"url\":\"https:\\\/\\\/zonacaral.gob.pe\\\/en\\\/noticias\\\/semana-santa-acampa-en-caral-iluminada\\\/\",\"name\":\"Semana Santa: Acampa en Caral iluminada\",\"isPartOf\":{\"@id\":\"https:\\\/\\\/zonacaral.gob.pe\\\/es\\\/#website\"},\"primaryImageOfPage\":{\"@id\":\"https:\\\/\\\/zonacaral.gob.pe\\\/en\\\/noticias\\\/semana-santa-acampa-en-caral-iluminada\\\/#primaryimage\"},\"image\":{\"@id\":\"https:\\\/\\\/zonacaral.gob.pe\\\/en\\\/noticias\\\/semana-santa-acampa-en-caral-iluminada\\\/#primaryimage\"},\"thumbnailUrl\":\"https:\\\/\\\/zonacaral.gob.pe\\\/wp-content\\\/uploads\\\/2018\\\/03\\\/semana-santa-caral-01.jpg\",\"datePublished\":\"2018-03-21T15:02:36+00:00\",\"author\":{\"@id\":\"https:\\\/\\\/zonacaral.gob.pe\\\/es\\\/#\\\/schema\\\/person\\\/beddb4d22f71a7230c5b90913270a0ee\"},\"description\":\"Caral se iluminar\u00e1 para acoger a sus visitantes que lleguen por la noche el pr\u00f3ximo viernes (30 de marzo), en el marco de las festividades por Semana Santa.\\u2028\\u2028Este esfuerzo, de la Zona Arqueol\u00f3gica Caral, se realiza en el marco del segundo Tinkuy (que en espa\u00f1ol significa \u201cEncuentro\u201d) a desarrollarse los d\u00edas viernes 30 y s\u00e1bado 31; as\u00ed como tambi\u00e9n podr\u00e1n disfrutar de este evento los visitantes que lleguen por el feriado largo y decidan acampar en Caral.\",\"breadcrumb\":{\"@id\":\"https:\\\/\\\/zonacaral.gob.pe\\\/en\\\/noticias\\\/semana-santa-acampa-en-caral-iluminada\\\/#breadcrumb\"},\"inLanguage\":\"es-PE\",\"potentialAction\":[{\"@type\":\"ReadAction\",\"target\":[\"https:\\\/\\\/zonacaral.gob.pe\\\/en\\\/noticias\\\/semana-santa-acampa-en-caral-iluminada\\\/\"]}]},{\"@type\":\"ImageObject\",\"inLanguage\":\"es-PE\",\"@id\":\"https:\\\/\\\/zonacaral.gob.pe\\\/en\\\/noticias\\\/semana-santa-acampa-en-caral-iluminada\\\/#primaryimage\",\"url\":\"https:\\\/\\\/zonacaral.gob.pe\\\/wp-content\\\/uploads\\\/2018\\\/03\\\/semana-santa-caral-01.jpg\",\"contentUrl\":\"https:\\\/\\\/zonacaral.gob.pe\\\/wp-content\\\/uploads\\\/2018\\\/03\\\/semana-santa-caral-01.jpg\",\"width\":800,\"height\":450},{\"@type\":\"BreadcrumbList\",\"@id\":\"https:\\\/\\\/zonacaral.gob.pe\\\/en\\\/noticias\\\/semana-santa-acampa-en-caral-iluminada\\\/#breadcrumb\",\"itemListElement\":[{\"@type\":\"ListItem\",\"position\":1,\"name\":\"Portada\",\"item\":\"https:\\\/\\\/zonacaral.gob.pe\\\/\"},{\"@type\":\"ListItem\",\"position\":2,\"name\":\"Semana Santa: Acampa en Caral iluminada\"}]},{\"@type\":\"WebSite\",\"@id\":\"https:\\\/\\\/zonacaral.gob.pe\\\/es\\\/#website\",\"url\":\"https:\\\/\\\/zonacaral.gob.pe\\\/es\\\/\",\"name\":\"Zona Caral\",\"description\":\"Investigamos, conservamos y difundimos el patrimonio cultural de la Civilizaci\u00f3n Caral, la m\u00e1s antigua de Am\u00e9rica.\",\"potentialAction\":[{\"@type\":\"SearchAction\",\"target\":{\"@type\":\"EntryPoint\",\"urlTemplate\":\"https:\\\/\\\/zonacaral.gob.pe\\\/es\\\/?s={search_term_string}\"},\"query-input\":{\"@type\":\"PropertyValueSpecification\",\"valueRequired\":true,\"valueName\":\"search_term_string\"}}],\"inLanguage\":\"es-PE\"},{\"@type\":\"Person\",\"@id\":\"https:\\\/\\\/zonacaral.gob.pe\\\/es\\\/#\\\/schema\\\/person\\\/beddb4d22f71a7230c5b90913270a0ee\",\"name\":\"Zona Caral Administrador\",\"image\":{\"@type\":\"ImageObject\",\"inLanguage\":\"es-PE\",\"@id\":\"https:\\\/\\\/secure.gravatar.com\\\/avatar\\\/e4be162918a696358376de6446614e0f0f4062bdc5d170d6d540ada3d8b58c12?s=96&d=mm&r=g\",\"url\":\"https:\\\/\\\/secure.gravatar.com\\\/avatar\\\/e4be162918a696358376de6446614e0f0f4062bdc5d170d6d540ada3d8b58c12?s=96&d=mm&r=g\",\"contentUrl\":\"https:\\\/\\\/secure.gravatar.com\\\/avatar\\\/e4be162918a696358376de6446614e0f0f4062bdc5d170d6d540ada3d8b58c12?s=96&d=mm&r=g\",\"caption\":\"Zona Caral Administrador\"},\"sameAs\":[\"https:\\\/\\\/zonacaral.gob.pe\"],\"url\":\"https:\\\/\\\/zonacaral.gob.pe\\\/es\\\/noticias\\\/author\\\/ad_zonacaral\\\/\"}]}<\/script>\n<!-- \/ Yoast SEO plugin. -->","yoast_head_json":{"title":"Semana Santa: Acampa en Caral iluminada","description":"Caral se iluminar\u00e1 para acoger a sus visitantes que lleguen por la noche el pr\u00f3ximo viernes (30 de marzo), en el marco de las festividades por Semana Santa.\u2028\u2028Este esfuerzo, de la Zona Arqueol\u00f3gica Caral, se realiza en el marco del segundo Tinkuy (que en espa\u00f1ol significa \u201cEncuentro\u201d) a desarrollarse los d\u00edas viernes 30 y s\u00e1bado 31; as\u00ed como tambi\u00e9n podr\u00e1n disfrutar de este evento los visitantes que lleguen por el feriado largo y decidan acampar en Caral.","robots":{"index":"index","follow":"follow","max-snippet":"max-snippet:-1","max-image-preview":"max-image-preview:large","max-video-preview":"max-video-preview:-1"},"canonical":"https:\/\/zonacaral.gob.pe\/es\/noticias\/semana-santa-acampa-en-caral-iluminada\/","og_locale":"es_ES","og_type":"article","og_title":"Semana Santa: Acampa en Caral iluminada","og_description":"Caral se iluminar\u00e1 para acoger a sus visitantes que lleguen por la noche el pr\u00f3ximo viernes (30 de marzo), en el marco de las festividades por Semana Santa.\u2028\u2028Este esfuerzo, de la Zona Arqueol\u00f3gica Caral, se realiza en el marco del segundo Tinkuy (que en espa\u00f1ol significa \u201cEncuentro\u201d) a desarrollarse los d\u00edas viernes 30 y s\u00e1bado 31; as\u00ed como tambi\u00e9n podr\u00e1n disfrutar de este evento los visitantes que lleguen por el feriado largo y decidan acampar en Caral.","og_url":"https:\/\/zonacaral.gob.pe\/es\/noticias\/semana-santa-acampa-en-caral-iluminada\/","og_site_name":"Zona Caral","article_published_time":"2018-03-21T15:02:36+00:00","og_image":[{"width":800,"height":450,"url":"https:\/\/zonacaral.gob.pe\/wp-content\/uploads\/2018\/03\/semana-santa-caral-01.jpg","type":"image\/jpeg"}],"author":"Zona Caral Administrador","twitter_card":"summary_large_image","twitter_misc":{"Written by":"Zona Caral Administrador","Est. reading time":"2 minutos"},"schema":{"@context":"https:\/\/schema.org","@graph":[{"@type":"Article","@id":"https:\/\/zonacaral.gob.pe\/en\/noticias\/semana-santa-acampa-en-caral-iluminada\/#article","isPartOf":{"@id":"https:\/\/zonacaral.gob.pe\/en\/noticias\/semana-santa-acampa-en-caral-iluminada\/"},"author":{"name":"Zona Caral Administrador","@id":"https:\/\/zonacaral.gob.pe\/es\/#\/schema\/person\/beddb4d22f71a7230c5b90913270a0ee"},"headline":"Semana Santa: Acampa en Caral iluminada","datePublished":"2018-03-21T15:02:36+00:00","mainEntityOfPage":{"@id":"https:\/\/zonacaral.gob.pe\/en\/noticias\/semana-santa-acampa-en-caral-iluminada\/"},"wordCount":503,"image":{"@id":"https:\/\/zonacaral.gob.pe\/en\/noticias\/semana-santa-acampa-en-caral-iluminada\/#primaryimage"},"thumbnailUrl":"https:\/\/zonacaral.gob.pe\/wp-content\/uploads\/2018\/03\/semana-santa-caral-01.jpg","keywords":["Aspero","caral","semana santa","vichama"],"articleSection":["noticias"],"inLanguage":"es-PE"},{"@type":"WebPage","@id":"https:\/\/zonacaral.gob.pe\/en\/noticias\/semana-santa-acampa-en-caral-iluminada\/","url":"https:\/\/zonacaral.gob.pe\/en\/noticias\/semana-santa-acampa-en-caral-iluminada\/","name":"Semana Santa: Acampa en Caral iluminada","isPartOf":{"@id":"https:\/\/zonacaral.gob.pe\/es\/#website"},"primaryImageOfPage":{"@id":"https:\/\/zonacaral.gob.pe\/en\/noticias\/semana-santa-acampa-en-caral-iluminada\/#primaryimage"},"image":{"@id":"https:\/\/zonacaral.gob.pe\/en\/noticias\/semana-santa-acampa-en-caral-iluminada\/#primaryimage"},"thumbnailUrl":"https:\/\/zonacaral.gob.pe\/wp-content\/uploads\/2018\/03\/semana-santa-caral-01.jpg","datePublished":"2018-03-21T15:02:36+00:00","author":{"@id":"https:\/\/zonacaral.gob.pe\/es\/#\/schema\/person\/beddb4d22f71a7230c5b90913270a0ee"},"description":"Caral se iluminar\u00e1 para acoger a sus visitantes que lleguen por la noche el pr\u00f3ximo viernes (30 de marzo), en el marco de las festividades por Semana Santa.\u2028\u2028Este esfuerzo, de la Zona Arqueol\u00f3gica Caral, se realiza en el marco del segundo Tinkuy (que en espa\u00f1ol significa \u201cEncuentro\u201d) a desarrollarse los d\u00edas viernes 30 y s\u00e1bado 31; as\u00ed como tambi\u00e9n podr\u00e1n disfrutar de este evento los visitantes que lleguen por el feriado largo y decidan acampar en Caral.","breadcrumb":{"@id":"https:\/\/zonacaral.gob.pe\/en\/noticias\/semana-santa-acampa-en-caral-iluminada\/#breadcrumb"},"inLanguage":"es-PE","potentialAction":[{"@type":"ReadAction","target":["https:\/\/zonacaral.gob.pe\/en\/noticias\/semana-santa-acampa-en-caral-iluminada\/"]}]},{"@type":"ImageObject","inLanguage":"es-PE","@id":"https:\/\/zonacaral.gob.pe\/en\/noticias\/semana-santa-acampa-en-caral-iluminada\/#primaryimage","url":"https:\/\/zonacaral.gob.pe\/wp-content\/uploads\/2018\/03\/semana-santa-caral-01.jpg","contentUrl":"https:\/\/zonacaral.gob.pe\/wp-content\/uploads\/2018\/03\/semana-santa-caral-01.jpg","width":800,"height":450},{"@type":"BreadcrumbList","@id":"https:\/\/zonacaral.gob.pe\/en\/noticias\/semana-santa-acampa-en-caral-iluminada\/#breadcrumb","itemListElement":[{"@type":"ListItem","position":1,"name":"Portada","item":"https:\/\/zonacaral.gob.pe\/"},{"@type":"ListItem","position":2,"name":"Semana Santa: Acampa en Caral iluminada"}]},{"@type":"WebSite","@id":"https:\/\/zonacaral.gob.pe\/es\/#website","url":"https:\/\/zonacaral.gob.pe\/es\/","name":"Zona Caral","description":"Investigamos, conservamos y difundimos el patrimonio cultural de la Civilizaci\u00f3n Caral, la m\u00e1s antigua de Am\u00e9rica.","potentialAction":[{"@type":"SearchAction","target":{"@type":"EntryPoint","urlTemplate":"https:\/\/zonacaral.gob.pe\/es\/?s={search_term_string}"},"query-input":{"@type":"PropertyValueSpecification","valueRequired":true,"valueName":"search_term_string"}}],"inLanguage":"es-PE"},{"@type":"Person","@id":"https:\/\/zonacaral.gob.pe\/es\/#\/schema\/person\/beddb4d22f71a7230c5b90913270a0ee","name":"Zona Caral Administrador","image":{"@type":"ImageObject","inLanguage":"es-PE","@id":"https:\/\/secure.gravatar.com\/avatar\/e4be162918a696358376de6446614e0f0f4062bdc5d170d6d540ada3d8b58c12?s=96&d=mm&r=g","url":"https:\/\/secure.gravatar.com\/avatar\/e4be162918a696358376de6446614e0f0f4062bdc5d170d6d540ada3d8b58c12?s=96&d=mm&r=g","contentUrl":"https:\/\/secure.gravatar.com\/avatar\/e4be162918a696358376de6446614e0f0f4062bdc5d170d6d540ada3d8b58c12?s=96&d=mm&r=g","caption":"Zona Caral Administrador"},"sameAs":["https:\/\/zonacaral.gob.pe"],"url":"https:\/\/zonacaral.gob.pe\/es\/noticias\/author\/ad_zonacaral\/"}]}},"_links":{"self":[{"href":"https:\/\/zonacaral.gob.pe\/es\/wp-json\/wp\/v2\/posts\/12368","targetHints":{"allow":["GET"]}}],"collection":[{"href":"https:\/\/zonacaral.gob.pe\/es\/wp-json\/wp\/v2\/posts"}],"about":[{"href":"https:\/\/zonacaral.gob.pe\/es\/wp-json\/wp\/v2\/types\/post"}],"author":[{"embeddable":true,"href":"https:\/\/zonacaral.gob.pe\/es\/wp-json\/wp\/v2\/users\/1"}],"replies":[{"embeddable":true,"href":"https:\/\/zonacaral.gob.pe\/es\/wp-json\/wp\/v2\/comments?post=12368"}],"version-history":[{"count":0,"href":"https:\/\/zonacaral.gob.pe\/es\/wp-json\/wp\/v2\/posts\/12368\/revisions"}],"wp:featuredmedia":[{"embeddable":true,"href":"https:\/\/zonacaral.gob.pe\/es\/wp-json\/wp\/v2\/media\/12369"}],"wp:attachment":[{"href":"https:\/\/zonacaral.gob.pe\/es\/wp-json\/wp\/v2\/media?parent=12368"}],"wp:term":[{"taxonomy":"category","embeddable":true,"href":"https:\/\/zonacaral.gob.pe\/es\/wp-json\/wp\/v2\/categories?post=12368"},{"taxonomy":"post_tag","embeddable":true,"href":"https:\/\/zonacaral.gob.pe\/es\/wp-json\/wp\/v2\/tags?post=12368"}],"curies":[{"name":"wp","href":"https:\/\/api.w.org\/{rel}","templated":true}]}}