{"id":12378,"date":"2018-03-19T10:51:57","date_gmt":"2018-03-19T15:51:57","guid":{"rendered":"http:\/\/www.zonacaral.gob.pe\/?p=12378"},"modified":"2018-03-19T10:51:57","modified_gmt":"2018-03-19T15:51:57","slug":"semana-santa-sugerencias-para-un-viaje-seguro","status":"publish","type":"post","link":"https:\/\/zonacaral.gob.pe\/es\/noticias\/semana-santa-sugerencias-para-un-viaje-seguro\/","title":{"rendered":"Semana Santa: sugerencias para un viaje seguro"},"content":{"rendered":"<figure class=\"pic-autor\" style=\"color: #4d4d4d; text-align: justify;\"><\/figure>\n<p>Se acerca el feriado largo de Semana Santa y es una oportunidad para recorrer el Per\u00fa. Hacer turismo es una experiencia \u00fanica e inolvidable, permitiendo no solo conocer bellos paisajes, sino tambi\u00e9n nuestra historia y tradiciones.<\/p>\n<p>Por ello, el Ministerio de Comercio Exterior y Turismo (Mincetur) te ofrece unas sugerencias para que tengas un viaje seguro y as\u00ed puedas disfrutar al m\u00e1ximo de esta experiencia.<\/p>\n<ol>\n<li><strong>SERVICIOS FORMALES.<\/strong> Es fundamental informarte, consultar y contratar servicios tur\u00edsticos formales. Para ello puedes consultar el Directorio Nacional de Prestadores de Servicios Tur\u00edsticos Calificados del Mincetur. \u00c9ste se encuentra alojado en la p\u00e1gina web <span style=\"color: #993300;\"><a href=\"https:\/\/www.mincetur.gob.pe\/\"><span style=\"color: #993300;\">www.mincetur.gob.pe<\/span><\/a><\/span>, espec\u00edficamente en la pesta\u00f1a Turismo. Tambi\u00e9n puedes acceder a trav\u00e9s del enlace <span style=\"color: #993300;\"><a href=\"https:\/\/goo.gl\/cGf6P3\"><span style=\"color: #993300;\">https:\/\/goo.gl\/cGf6P3<\/span><\/a><\/span>.<\/li>\n<li><strong>EXIGE COMPROBANTE DE PAGO<\/strong>. Recuerda que esto te ayudar\u00e1 a realizar cualquier reclamo posterior.<\/li>\n<li><strong>NO CONTRATES SERVICIOS AMBULATORIOS<\/strong>. Nunca contrates servicios tur\u00edsticos que se ofrezcan de manera ambulatoria. La seguridad es primero.<\/li>\n<li><strong>CONDICIONES DE SERVICIO<\/strong>. Aseg\u00farate que la agencia de viajes y turismo especifique las condiciones del servicio. Es decir, detalle de lugares, horarios y servicios incluidos por el pago realizado.<\/li>\n<li><strong>IPER\u00da<\/strong>. No dudes en llamar al servicio de atenci\u00f3n al turista IPer\u00fa (<span style=\"color: #993300;\"><a href=\"https:\/\/www.peru.travel\/es-lat\/iperu.aspx\"><span style=\"color: #993300;\">https:\/\/www.peru.travel\/es-lat\/iperu.aspx<\/span><\/a><\/span>). La atenci\u00f3n es las 24 horas al d\u00eda y el tel\u00e9fono es (01) 5748000. Se ofrece informaci\u00f3n tur\u00edstica sobre atractivos, destinos y empresas que brindan servicios tur\u00edsticos, as\u00ed como medios de transporte confiables. Tambi\u00e9n, orientaci\u00f3n y asesoramiento cuando los servicios tur\u00edsticos contratados no fueron prestados de acuerdo a lo ofrecido.<\/li>\n<\/ol>\n<h3>DATO<\/h3>\n<p style=\"text-align: justify;\"><span style=\"color: #222222;\">El feriado largo por Semana Santa se llevar\u00e1 a cabo del jueves 29 de marzo al domingo 1 de abril.<\/span><\/p>\n<p class=\"news-summary\" style=\"font-weight: normal; color: #444444;\"><strong style=\"color: #993300;\">Fuen<span style=\"color: #993300;\">te: <\/span><a href=\"https:\/\/www.mincetur.gob.pe\/\" target=\"_blank\">MINCETUR<\/a><\/strong><\/p>\n<div style=\"color: #1f1f1f;\">\n<p style=\"text-align: justify;\">Fecha de publicaci\u00f3n: 19\/03\/2018<\/p>\n<\/div>\n","protected":false},"excerpt":{"rendered":"<p>Se acerca el feriado largo de Semana Santa y es una oportunidad para recorrer el Per\u00fa. Hacer turismo es una [&hellip;]<\/p>\n","protected":false},"author":1,"featured_media":12379,"comment_status":"closed","ping_status":"open","sticky":false,"template":"","format":"standard","meta":{"_acf_changed":false,"site-sidebar-layout":"default","site-content-layout":"","ast-site-content-layout":"default","site-content-style":"default","site-sidebar-style":"default","ast-global-header-display":"","ast-banner-title-visibility":"","ast-main-header-display":"","ast-hfb-above-header-display":"","ast-hfb-below-header-display":"","ast-hfb-mobile-header-display":"","site-post-title":"","ast-breadcrumbs-content":"","ast-featured-img":"","footer-sml-layout":"","ast-disable-related-posts":"","theme-transparent-header-meta":"","adv-header-id-meta":"","stick-header-meta":"","header-above-stick-meta":"","header-main-stick-meta":"","header-below-stick-meta":"","astra-migrate-meta-layouts":"default","ast-page-background-enabled":"default","ast-page-background-meta":{"desktop":{"background-color":"var(--ast-global-color-5)","background-image":"","background-repeat":"repeat","background-position":"center center","background-size":"auto","background-attachment":"scroll","background-type":"","background-media":"","overlay-type":"","overlay-color":"","overlay-opacity":"","overlay-gradient":""},"tablet":{"background-color":"","background-image":"","background-repeat":"repeat","background-position":"center center","background-size":"auto","background-attachment":"scroll","background-type":"","background-media":"","overlay-type":"","overlay-color":"","overlay-opacity":"","overlay-gradient":""},"mobile":{"background-color":"","background-image":"","background-repeat":"repeat","background-position":"center center","background-size":"auto","background-attachment":"scroll","background-type":"","background-media":"","overlay-type":"","overlay-color":"","overlay-opacity":"","overlay-gradient":""}},"ast-content-background-meta":{"desktop":{"background-color":"var(--ast-global-color-4)","background-image":"","background-repeat":"repeat","background-position":"center center","background-size":"auto","background-attachment":"scroll","background-type":"","background-media":"","overlay-type":"","overlay-color":"","overlay-opacity":"","overlay-gradient":""},"tablet":{"background-color":"var(--ast-global-color-4)","background-image":"","background-repeat":"repeat","background-position":"center center","background-size":"auto","background-attachment":"scroll","background-type":"","background-media":"","overlay-type":"","overlay-color":"","overlay-opacity":"","overlay-gradient":""},"mobile":{"background-color":"var(--ast-global-color-4)","background-image":"","background-repeat":"repeat","background-position":"center center","background-size":"auto","background-attachment":"scroll","background-type":"","background-media":"","overlay-type":"","overlay-color":"","overlay-opacity":"","overlay-gradient":""}},"footnotes":""},"categories":[208],"tags":[63,55,156,150,61],"class_list":["post-12378","post","type-post","status-publish","format-standard","has-post-thumbnail","hentry","category-noticias","tag-aspero","tag-caral","tag-mincetur","tag-semana-santa","tag-vichama"],"acf":[],"yoast_head":"<!-- This site is optimized with the Yoast SEO plugin v27.3 - https:\/\/yoast.com\/product\/yoast-seo-wordpress\/ -->\n<title>Semana Santa: sugerencias para un viaje seguro<\/title>\n<meta name=\"description\" content=\"Se acerca el feriado largo de Semana Santa y es una oportunidad para recorrer el Per\u00fa. Hacer turismo es una experiencia \u00fanica e inolvidable, permitiendo no solo conocer bellos paisajes, sino tambi\u00e9n nuestra historia y tradiciones.\" \/>\n<meta name=\"robots\" content=\"index, follow, max-snippet:-1, max-image-preview:large, max-video-preview:-1\" \/>\n<link rel=\"canonical\" href=\"https:\/\/zonacaral.gob.pe\/es\/noticias\/semana-santa-sugerencias-para-un-viaje-seguro\/\" \/>\n<meta property=\"og:locale\" content=\"es_ES\" \/>\n<meta property=\"og:type\" content=\"article\" \/>\n<meta property=\"og:title\" content=\"Semana Santa: sugerencias para un viaje seguro\" \/>\n<meta property=\"og:description\" content=\"Se acerca el feriado largo de Semana Santa y es una oportunidad para recorrer el Per\u00fa. Hacer turismo es una experiencia \u00fanica e inolvidable, permitiendo no solo conocer bellos paisajes, sino tambi\u00e9n nuestra historia y tradiciones.\" \/>\n<meta property=\"og:url\" content=\"https:\/\/zonacaral.gob.pe\/es\/noticias\/semana-santa-sugerencias-para-un-viaje-seguro\/\" \/>\n<meta property=\"og:site_name\" content=\"Zona Caral\" \/>\n<meta property=\"article:published_time\" content=\"2018-03-19T15:51:57+00:00\" \/>\n<meta property=\"og:image\" content=\"https:\/\/zonacaral.gob.pe\/wp-content\/uploads\/2018\/03\/recomendaciones-semana-santa-caral.jpg\" \/>\n\t<meta property=\"og:image:width\" content=\"810\" \/>\n\t<meta property=\"og:image:height\" content=\"410\" \/>\n\t<meta property=\"og:image:type\" content=\"image\/jpeg\" \/>\n<meta name=\"author\" content=\"Zona Caral Administrador\" \/>\n<meta name=\"twitter:card\" content=\"summary_large_image\" \/>\n<meta name=\"twitter:label1\" content=\"Written by\" \/>\n\t<meta name=\"twitter:data1\" content=\"Zona Caral Administrador\" \/>\n\t<meta name=\"twitter:label2\" content=\"Est. reading time\" \/>\n\t<meta name=\"twitter:data2\" content=\"1 minuto\" \/>\n<script type=\"application\/ld+json\" class=\"yoast-schema-graph\">{\"@context\":\"https:\\\/\\\/schema.org\",\"@graph\":[{\"@type\":\"Article\",\"@id\":\"https:\\\/\\\/zonacaral.gob.pe\\\/es\\\/noticias\\\/semana-santa-sugerencias-para-un-viaje-seguro\\\/#article\",\"isPartOf\":{\"@id\":\"https:\\\/\\\/zonacaral.gob.pe\\\/es\\\/noticias\\\/semana-santa-sugerencias-para-un-viaje-seguro\\\/\"},\"author\":{\"name\":\"Zona Caral Administrador\",\"@id\":\"https:\\\/\\\/zonacaral.gob.pe\\\/es\\\/#\\\/schema\\\/person\\\/beddb4d22f71a7230c5b90913270a0ee\"},\"headline\":\"Semana Santa: sugerencias para un viaje seguro\",\"datePublished\":\"2018-03-19T15:51:57+00:00\",\"mainEntityOfPage\":{\"@id\":\"https:\\\/\\\/zonacaral.gob.pe\\\/es\\\/noticias\\\/semana-santa-sugerencias-para-un-viaje-seguro\\\/\"},\"wordCount\":300,\"image\":{\"@id\":\"https:\\\/\\\/zonacaral.gob.pe\\\/es\\\/noticias\\\/semana-santa-sugerencias-para-un-viaje-seguro\\\/#primaryimage\"},\"thumbnailUrl\":\"https:\\\/\\\/zonacaral.gob.pe\\\/wp-content\\\/uploads\\\/2018\\\/03\\\/recomendaciones-semana-santa-caral.jpg\",\"keywords\":[\"Aspero\",\"caral\",\"mincetur\",\"semana santa\",\"vichama\"],\"articleSection\":[\"noticias\"],\"inLanguage\":\"es-PE\"},{\"@type\":\"WebPage\",\"@id\":\"https:\\\/\\\/zonacaral.gob.pe\\\/es\\\/noticias\\\/semana-santa-sugerencias-para-un-viaje-seguro\\\/\",\"url\":\"https:\\\/\\\/zonacaral.gob.pe\\\/es\\\/noticias\\\/semana-santa-sugerencias-para-un-viaje-seguro\\\/\",\"name\":\"Semana Santa: sugerencias para un viaje seguro\",\"isPartOf\":{\"@id\":\"https:\\\/\\\/zonacaral.gob.pe\\\/es\\\/#website\"},\"primaryImageOfPage\":{\"@id\":\"https:\\\/\\\/zonacaral.gob.pe\\\/es\\\/noticias\\\/semana-santa-sugerencias-para-un-viaje-seguro\\\/#primaryimage\"},\"image\":{\"@id\":\"https:\\\/\\\/zonacaral.gob.pe\\\/es\\\/noticias\\\/semana-santa-sugerencias-para-un-viaje-seguro\\\/#primaryimage\"},\"thumbnailUrl\":\"https:\\\/\\\/zonacaral.gob.pe\\\/wp-content\\\/uploads\\\/2018\\\/03\\\/recomendaciones-semana-santa-caral.jpg\",\"datePublished\":\"2018-03-19T15:51:57+00:00\",\"author\":{\"@id\":\"https:\\\/\\\/zonacaral.gob.pe\\\/es\\\/#\\\/schema\\\/person\\\/beddb4d22f71a7230c5b90913270a0ee\"},\"description\":\"Se acerca el feriado largo de Semana Santa y es una oportunidad para recorrer el Per\u00fa. Hacer turismo es una experiencia \u00fanica e inolvidable, permitiendo no solo conocer bellos paisajes, sino tambi\u00e9n nuestra historia y tradiciones.\",\"breadcrumb\":{\"@id\":\"https:\\\/\\\/zonacaral.gob.pe\\\/es\\\/noticias\\\/semana-santa-sugerencias-para-un-viaje-seguro\\\/#breadcrumb\"},\"inLanguage\":\"es-PE\",\"potentialAction\":[{\"@type\":\"ReadAction\",\"target\":[\"https:\\\/\\\/zonacaral.gob.pe\\\/es\\\/noticias\\\/semana-santa-sugerencias-para-un-viaje-seguro\\\/\"]}]},{\"@type\":\"ImageObject\",\"inLanguage\":\"es-PE\",\"@id\":\"https:\\\/\\\/zonacaral.gob.pe\\\/es\\\/noticias\\\/semana-santa-sugerencias-para-un-viaje-seguro\\\/#primaryimage\",\"url\":\"https:\\\/\\\/zonacaral.gob.pe\\\/wp-content\\\/uploads\\\/2018\\\/03\\\/recomendaciones-semana-santa-caral.jpg\",\"contentUrl\":\"https:\\\/\\\/zonacaral.gob.pe\\\/wp-content\\\/uploads\\\/2018\\\/03\\\/recomendaciones-semana-santa-caral.jpg\",\"width\":810,\"height\":410},{\"@type\":\"BreadcrumbList\",\"@id\":\"https:\\\/\\\/zonacaral.gob.pe\\\/es\\\/noticias\\\/semana-santa-sugerencias-para-un-viaje-seguro\\\/#breadcrumb\",\"itemListElement\":[{\"@type\":\"ListItem\",\"position\":1,\"name\":\"Portada\",\"item\":\"https:\\\/\\\/zonacaral.gob.pe\\\/\"},{\"@type\":\"ListItem\",\"position\":2,\"name\":\"Semana Santa: sugerencias para un viaje seguro\"}]},{\"@type\":\"WebSite\",\"@id\":\"https:\\\/\\\/zonacaral.gob.pe\\\/es\\\/#website\",\"url\":\"https:\\\/\\\/zonacaral.gob.pe\\\/es\\\/\",\"name\":\"Zona Caral\",\"description\":\"Investigamos, conservamos y difundimos el patrimonio cultural de la Civilizaci\u00f3n Caral, la m\u00e1s antigua de Am\u00e9rica.\",\"potentialAction\":[{\"@type\":\"SearchAction\",\"target\":{\"@type\":\"EntryPoint\",\"urlTemplate\":\"https:\\\/\\\/zonacaral.gob.pe\\\/es\\\/?s={search_term_string}\"},\"query-input\":{\"@type\":\"PropertyValueSpecification\",\"valueRequired\":true,\"valueName\":\"search_term_string\"}}],\"inLanguage\":\"es-PE\"},{\"@type\":\"Person\",\"@id\":\"https:\\\/\\\/zonacaral.gob.pe\\\/es\\\/#\\\/schema\\\/person\\\/beddb4d22f71a7230c5b90913270a0ee\",\"name\":\"Zona Caral Administrador\",\"image\":{\"@type\":\"ImageObject\",\"inLanguage\":\"es-PE\",\"@id\":\"https:\\\/\\\/secure.gravatar.com\\\/avatar\\\/e4be162918a696358376de6446614e0f0f4062bdc5d170d6d540ada3d8b58c12?s=96&d=mm&r=g\",\"url\":\"https:\\\/\\\/secure.gravatar.com\\\/avatar\\\/e4be162918a696358376de6446614e0f0f4062bdc5d170d6d540ada3d8b58c12?s=96&d=mm&r=g\",\"contentUrl\":\"https:\\\/\\\/secure.gravatar.com\\\/avatar\\\/e4be162918a696358376de6446614e0f0f4062bdc5d170d6d540ada3d8b58c12?s=96&d=mm&r=g\",\"caption\":\"Zona Caral Administrador\"},\"sameAs\":[\"https:\\\/\\\/zonacaral.gob.pe\"],\"url\":\"https:\\\/\\\/zonacaral.gob.pe\\\/es\\\/noticias\\\/author\\\/ad_zonacaral\\\/\"}]}<\/script>\n<!-- \/ Yoast SEO plugin. -->","yoast_head_json":{"title":"Semana Santa: sugerencias para un viaje seguro","description":"Se acerca el feriado largo de Semana Santa y es una oportunidad para recorrer el Per\u00fa. Hacer turismo es una experiencia \u00fanica e inolvidable, permitiendo no solo conocer bellos paisajes, sino tambi\u00e9n nuestra historia y tradiciones.","robots":{"index":"index","follow":"follow","max-snippet":"max-snippet:-1","max-image-preview":"max-image-preview:large","max-video-preview":"max-video-preview:-1"},"canonical":"https:\/\/zonacaral.gob.pe\/es\/noticias\/semana-santa-sugerencias-para-un-viaje-seguro\/","og_locale":"es_ES","og_type":"article","og_title":"Semana Santa: sugerencias para un viaje seguro","og_description":"Se acerca el feriado largo de Semana Santa y es una oportunidad para recorrer el Per\u00fa. Hacer turismo es una experiencia \u00fanica e inolvidable, permitiendo no solo conocer bellos paisajes, sino tambi\u00e9n nuestra historia y tradiciones.","og_url":"https:\/\/zonacaral.gob.pe\/es\/noticias\/semana-santa-sugerencias-para-un-viaje-seguro\/","og_site_name":"Zona Caral","article_published_time":"2018-03-19T15:51:57+00:00","og_image":[{"width":810,"height":410,"url":"https:\/\/zonacaral.gob.pe\/wp-content\/uploads\/2018\/03\/recomendaciones-semana-santa-caral.jpg","type":"image\/jpeg"}],"author":"Zona Caral Administrador","twitter_card":"summary_large_image","twitter_misc":{"Written by":"Zona Caral Administrador","Est. reading time":"1 minuto"},"schema":{"@context":"https:\/\/schema.org","@graph":[{"@type":"Article","@id":"https:\/\/zonacaral.gob.pe\/es\/noticias\/semana-santa-sugerencias-para-un-viaje-seguro\/#article","isPartOf":{"@id":"https:\/\/zonacaral.gob.pe\/es\/noticias\/semana-santa-sugerencias-para-un-viaje-seguro\/"},"author":{"name":"Zona Caral Administrador","@id":"https:\/\/zonacaral.gob.pe\/es\/#\/schema\/person\/beddb4d22f71a7230c5b90913270a0ee"},"headline":"Semana Santa: sugerencias para un viaje seguro","datePublished":"2018-03-19T15:51:57+00:00","mainEntityOfPage":{"@id":"https:\/\/zonacaral.gob.pe\/es\/noticias\/semana-santa-sugerencias-para-un-viaje-seguro\/"},"wordCount":300,"image":{"@id":"https:\/\/zonacaral.gob.pe\/es\/noticias\/semana-santa-sugerencias-para-un-viaje-seguro\/#primaryimage"},"thumbnailUrl":"https:\/\/zonacaral.gob.pe\/wp-content\/uploads\/2018\/03\/recomendaciones-semana-santa-caral.jpg","keywords":["Aspero","caral","mincetur","semana santa","vichama"],"articleSection":["noticias"],"inLanguage":"es-PE"},{"@type":"WebPage","@id":"https:\/\/zonacaral.gob.pe\/es\/noticias\/semana-santa-sugerencias-para-un-viaje-seguro\/","url":"https:\/\/zonacaral.gob.pe\/es\/noticias\/semana-santa-sugerencias-para-un-viaje-seguro\/","name":"Semana Santa: sugerencias para un viaje seguro","isPartOf":{"@id":"https:\/\/zonacaral.gob.pe\/es\/#website"},"primaryImageOfPage":{"@id":"https:\/\/zonacaral.gob.pe\/es\/noticias\/semana-santa-sugerencias-para-un-viaje-seguro\/#primaryimage"},"image":{"@id":"https:\/\/zonacaral.gob.pe\/es\/noticias\/semana-santa-sugerencias-para-un-viaje-seguro\/#primaryimage"},"thumbnailUrl":"https:\/\/zonacaral.gob.pe\/wp-content\/uploads\/2018\/03\/recomendaciones-semana-santa-caral.jpg","datePublished":"2018-03-19T15:51:57+00:00","author":{"@id":"https:\/\/zonacaral.gob.pe\/es\/#\/schema\/person\/beddb4d22f71a7230c5b90913270a0ee"},"description":"Se acerca el feriado largo de Semana Santa y es una oportunidad para recorrer el Per\u00fa. Hacer turismo es una experiencia \u00fanica e inolvidable, permitiendo no solo conocer bellos paisajes, sino tambi\u00e9n nuestra historia y tradiciones.","breadcrumb":{"@id":"https:\/\/zonacaral.gob.pe\/es\/noticias\/semana-santa-sugerencias-para-un-viaje-seguro\/#breadcrumb"},"inLanguage":"es-PE","potentialAction":[{"@type":"ReadAction","target":["https:\/\/zonacaral.gob.pe\/es\/noticias\/semana-santa-sugerencias-para-un-viaje-seguro\/"]}]},{"@type":"ImageObject","inLanguage":"es-PE","@id":"https:\/\/zonacaral.gob.pe\/es\/noticias\/semana-santa-sugerencias-para-un-viaje-seguro\/#primaryimage","url":"https:\/\/zonacaral.gob.pe\/wp-content\/uploads\/2018\/03\/recomendaciones-semana-santa-caral.jpg","contentUrl":"https:\/\/zonacaral.gob.pe\/wp-content\/uploads\/2018\/03\/recomendaciones-semana-santa-caral.jpg","width":810,"height":410},{"@type":"BreadcrumbList","@id":"https:\/\/zonacaral.gob.pe\/es\/noticias\/semana-santa-sugerencias-para-un-viaje-seguro\/#breadcrumb","itemListElement":[{"@type":"ListItem","position":1,"name":"Portada","item":"https:\/\/zonacaral.gob.pe\/"},{"@type":"ListItem","position":2,"name":"Semana Santa: sugerencias para un viaje seguro"}]},{"@type":"WebSite","@id":"https:\/\/zonacaral.gob.pe\/es\/#website","url":"https:\/\/zonacaral.gob.pe\/es\/","name":"Zona Caral","description":"Investigamos, conservamos y difundimos el patrimonio cultural de la Civilizaci\u00f3n Caral, la m\u00e1s antigua de Am\u00e9rica.","potentialAction":[{"@type":"SearchAction","target":{"@type":"EntryPoint","urlTemplate":"https:\/\/zonacaral.gob.pe\/es\/?s={search_term_string}"},"query-input":{"@type":"PropertyValueSpecification","valueRequired":true,"valueName":"search_term_string"}}],"inLanguage":"es-PE"},{"@type":"Person","@id":"https:\/\/zonacaral.gob.pe\/es\/#\/schema\/person\/beddb4d22f71a7230c5b90913270a0ee","name":"Zona Caral Administrador","image":{"@type":"ImageObject","inLanguage":"es-PE","@id":"https:\/\/secure.gravatar.com\/avatar\/e4be162918a696358376de6446614e0f0f4062bdc5d170d6d540ada3d8b58c12?s=96&d=mm&r=g","url":"https:\/\/secure.gravatar.com\/avatar\/e4be162918a696358376de6446614e0f0f4062bdc5d170d6d540ada3d8b58c12?s=96&d=mm&r=g","contentUrl":"https:\/\/secure.gravatar.com\/avatar\/e4be162918a696358376de6446614e0f0f4062bdc5d170d6d540ada3d8b58c12?s=96&d=mm&r=g","caption":"Zona Caral Administrador"},"sameAs":["https:\/\/zonacaral.gob.pe"],"url":"https:\/\/zonacaral.gob.pe\/es\/noticias\/author\/ad_zonacaral\/"}]}},"_links":{"self":[{"href":"https:\/\/zonacaral.gob.pe\/es\/wp-json\/wp\/v2\/posts\/12378","targetHints":{"allow":["GET"]}}],"collection":[{"href":"https:\/\/zonacaral.gob.pe\/es\/wp-json\/wp\/v2\/posts"}],"about":[{"href":"https:\/\/zonacaral.gob.pe\/es\/wp-json\/wp\/v2\/types\/post"}],"author":[{"embeddable":true,"href":"https:\/\/zonacaral.gob.pe\/es\/wp-json\/wp\/v2\/users\/1"}],"replies":[{"embeddable":true,"href":"https:\/\/zonacaral.gob.pe\/es\/wp-json\/wp\/v2\/comments?post=12378"}],"version-history":[{"count":0,"href":"https:\/\/zonacaral.gob.pe\/es\/wp-json\/wp\/v2\/posts\/12378\/revisions"}],"wp:featuredmedia":[{"embeddable":true,"href":"https:\/\/zonacaral.gob.pe\/es\/wp-json\/wp\/v2\/media\/12379"}],"wp:attachment":[{"href":"https:\/\/zonacaral.gob.pe\/es\/wp-json\/wp\/v2\/media?parent=12378"}],"wp:term":[{"taxonomy":"category","embeddable":true,"href":"https:\/\/zonacaral.gob.pe\/es\/wp-json\/wp\/v2\/categories?post=12378"},{"taxonomy":"post_tag","embeddable":true,"href":"https:\/\/zonacaral.gob.pe\/es\/wp-json\/wp\/v2\/tags?post=12378"}],"curies":[{"name":"wp","href":"https:\/\/api.w.org\/{rel}","templated":true}]}}