{"id":12444,"date":"2018-04-10T12:52:44","date_gmt":"2018-04-10T17:52:44","guid":{"rendered":"http:\/\/www.zonacaral.gob.pe\/?p=12444"},"modified":"2018-04-10T12:52:44","modified_gmt":"2018-04-10T17:52:44","slug":"miles-de-turistas-llegaron-a-caral-aspero-y-vichama-por-semana-santa","status":"publish","type":"post","link":"https:\/\/zonacaral.gob.pe\/es\/noticias\/miles-de-turistas-llegaron-a-caral-aspero-y-vichama-por-semana-santa\/","title":{"rendered":"Miles de turistas llegaron a Caral, \u00c1spero y Vichama por Semana Santa"},"content":{"rendered":"<figure class=\"pic-autor\" style=\"color: #4d4d4d; text-align: justify;\"><\/figure>\n<p>Miles de turistas llegaron el \u00faltimo fin de semana largo, por las celebraciones de semana santa, a los sitios arqueol\u00f3gicos de Caral, \u00c1spero y Vichama; quienes disfrutaron de la hospitalidad, de las actividades organizadas en cada zona y quedaron maravillados de los monumentos arqueol\u00f3gicos.<\/p>\n<p>En Caral, los visitantes, aparte de hacer el recorrido, con guiado local, por las zonas arqueol\u00f3gicas, participaron de las actividades del TINKUY-CARAL, que consta en talleres de pintura, cer\u00e1mica y origami; para grandes y peque\u00f1os. Y por la noche, los que se animaron a acampar, nos acompa\u00f1aron en un guiado especial nocturno. Para ellos, iluminamos las pir\u00e1mides de Caral e intervinieron los personajes de esta cultura, Patrimonio de la Humanidad.<\/p>\n<p>En Vichama, ciudad agropesquera, la celebraci\u00f3n se organiz\u00f3 desde los centros comerciales, paradero de buses, donde se dio la bienvenida a los turistas. Ellos visitaron este centro arqueol\u00f3gico y disfrutaron de la variada gastronom\u00eda local. Cabe precisar que las edificaciones de este lugar son consideradas como las \u00faltimas construcciones de Caral.<\/p>\n<p>Al igual en \u00c1spero, Ciudad Pesquera de la Civilizaci\u00f3n Caral, las visitas se dieron desde muy temprano, a quienes se les guio y explic\u00f3 la importancia de este sitio arqueol\u00f3gico donde el consumo de pescado era la principal fuente de alimentaci\u00f3n, entre ellos el abastecimiento de Anchoveta.<\/p>\n<p>Si a\u00fan no te has animado a visitar estas zonas arqueol\u00f3gicas, te invitamos a visitar nuestra p\u00e1gina web e informarte sobre nuestra programaci\u00f3n de viajes y d\u00edas festivos.<\/p>\n<p><iframe src=\"https:\/\/www.youtube.com\/embed\/mDkwAUoMuR4\" width=\"560\" height=\"315\" frameborder=\"0\" allowfullscreen=\"allowfullscreen\"><\/iframe><\/p>\n<p class=\"news-summary\" style=\"font-weight: normal; color: #444444;\"><strong style=\"color: #993300;\">Fuen<span style=\"color: #993300;\">te:\u00a0Prensa ZAC<\/span><\/strong><\/p>\n<div style=\"color: #1f1f1f;\">\n<p style=\"text-align: justify;\">Fecha de publicaci\u00f3n: 08\/04\/2018<\/p>\n<\/div>\n","protected":false},"excerpt":{"rendered":"<p>Miles de turistas llegaron el \u00faltimo fin de semana largo, por las celebraciones de semana santa, a los sitios arqueol\u00f3gicos [&hellip;]<\/p>\n","protected":false},"author":1,"featured_media":12445,"comment_status":"closed","ping_status":"open","sticky":false,"template":"","format":"standard","meta":{"_acf_changed":false,"site-sidebar-layout":"default","site-content-layout":"","ast-site-content-layout":"default","site-content-style":"default","site-sidebar-style":"default","ast-global-header-display":"","ast-banner-title-visibility":"","ast-main-header-display":"","ast-hfb-above-header-display":"","ast-hfb-below-header-display":"","ast-hfb-mobile-header-display":"","site-post-title":"","ast-breadcrumbs-content":"","ast-featured-img":"","footer-sml-layout":"","ast-disable-related-posts":"","theme-transparent-header-meta":"","adv-header-id-meta":"","stick-header-meta":"","header-above-stick-meta":"","header-main-stick-meta":"","header-below-stick-meta":"","astra-migrate-meta-layouts":"default","ast-page-background-enabled":"default","ast-page-background-meta":{"desktop":{"background-color":"var(--ast-global-color-5)","background-image":"","background-repeat":"repeat","background-position":"center center","background-size":"auto","background-attachment":"scroll","background-type":"","background-media":"","overlay-type":"","overlay-color":"","overlay-opacity":"","overlay-gradient":""},"tablet":{"background-color":"","background-image":"","background-repeat":"repeat","background-position":"center center","background-size":"auto","background-attachment":"scroll","background-type":"","background-media":"","overlay-type":"","overlay-color":"","overlay-opacity":"","overlay-gradient":""},"mobile":{"background-color":"","background-image":"","background-repeat":"repeat","background-position":"center center","background-size":"auto","background-attachment":"scroll","background-type":"","background-media":"","overlay-type":"","overlay-color":"","overlay-opacity":"","overlay-gradient":""}},"ast-content-background-meta":{"desktop":{"background-color":"var(--ast-global-color-4)","background-image":"","background-repeat":"repeat","background-position":"center center","background-size":"auto","background-attachment":"scroll","background-type":"","background-media":"","overlay-type":"","overlay-color":"","overlay-opacity":"","overlay-gradient":""},"tablet":{"background-color":"var(--ast-global-color-4)","background-image":"","background-repeat":"repeat","background-position":"center center","background-size":"auto","background-attachment":"scroll","background-type":"","background-media":"","overlay-type":"","overlay-color":"","overlay-opacity":"","overlay-gradient":""},"mobile":{"background-color":"var(--ast-global-color-4)","background-image":"","background-repeat":"repeat","background-position":"center center","background-size":"auto","background-attachment":"scroll","background-type":"","background-media":"","overlay-type":"","overlay-color":"","overlay-opacity":"","overlay-gradient":""}},"footnotes":""},"categories":[208],"tags":[55,150,151,155],"class_list":["post-12444","post","type-post","status-publish","format-standard","has-post-thumbnail","hentry","category-noticias","tag-caral","tag-semana-santa","tag-tinkuy","tag-tinkuy-caral"],"acf":[],"yoast_head":"<!-- This site is optimized with the Yoast SEO plugin v27.3 - https:\/\/yoast.com\/product\/yoast-seo-wordpress\/ -->\n<title>Miles de turistas llegaron a Caral, \u00c1spero y Vichama por Semana Santa<\/title>\n<meta name=\"description\" content=\"Miles de turistas llegaron el \u00faltimo fin de semana largo, por las celebraciones de semana santa, a los sitios arqueol\u00f3gicos de Caral, \u00c1spero y Vichama; quienes disfrutaron de la hospitalidad, de las actividades organizadas en cada zona y quedaron maravillados de los monumentos arqueol\u00f3gicos.\" \/>\n<meta name=\"robots\" content=\"index, follow, max-snippet:-1, max-image-preview:large, max-video-preview:-1\" \/>\n<link rel=\"canonical\" href=\"https:\/\/zonacaral.gob.pe\/es\/noticias\/miles-de-turistas-llegaron-a-caral-aspero-y-vichama-por-semana-santa\/\" \/>\n<meta property=\"og:locale\" content=\"es_ES\" \/>\n<meta property=\"og:type\" content=\"article\" \/>\n<meta property=\"og:title\" content=\"Miles de turistas llegaron a Caral, \u00c1spero y Vichama por Semana Santa\" \/>\n<meta property=\"og:description\" content=\"Miles de turistas llegaron el \u00faltimo fin de semana largo, por las celebraciones de semana santa, a los sitios arqueol\u00f3gicos de Caral, \u00c1spero y Vichama; quienes disfrutaron de la hospitalidad, de las actividades organizadas en cada zona y quedaron maravillados de los monumentos arqueol\u00f3gicos.\" \/>\n<meta property=\"og:url\" content=\"https:\/\/zonacaral.gob.pe\/es\/noticias\/miles-de-turistas-llegaron-a-caral-aspero-y-vichama-por-semana-santa\/\" \/>\n<meta property=\"og:site_name\" content=\"Zona Caral\" \/>\n<meta property=\"article:published_time\" content=\"2018-04-10T17:52:44+00:00\" \/>\n<meta property=\"og:image\" content=\"https:\/\/zonacaral.gob.pe\/wp-content\/uploads\/2018\/04\/semana-santa-tinkuy-07.jpg\" \/>\n\t<meta property=\"og:image:width\" content=\"1000\" \/>\n\t<meta property=\"og:image:height\" content=\"667\" \/>\n\t<meta property=\"og:image:type\" content=\"image\/jpeg\" \/>\n<meta name=\"author\" content=\"Zona Caral Administrador\" \/>\n<meta name=\"twitter:card\" content=\"summary_large_image\" \/>\n<meta name=\"twitter:label1\" content=\"Written by\" \/>\n\t<meta name=\"twitter:data1\" content=\"Zona Caral Administrador\" \/>\n\t<meta name=\"twitter:label2\" content=\"Est. reading time\" \/>\n\t<meta name=\"twitter:data2\" content=\"1 minuto\" \/>\n<script type=\"application\/ld+json\" class=\"yoast-schema-graph\">{\"@context\":\"https:\\\/\\\/schema.org\",\"@graph\":[{\"@type\":\"Article\",\"@id\":\"https:\\\/\\\/zonacaral.gob.pe\\\/es\\\/noticias\\\/miles-de-turistas-llegaron-a-caral-aspero-y-vichama-por-semana-santa\\\/#article\",\"isPartOf\":{\"@id\":\"https:\\\/\\\/zonacaral.gob.pe\\\/es\\\/noticias\\\/miles-de-turistas-llegaron-a-caral-aspero-y-vichama-por-semana-santa\\\/\"},\"author\":{\"name\":\"Zona Caral Administrador\",\"@id\":\"https:\\\/\\\/zonacaral.gob.pe\\\/es\\\/#\\\/schema\\\/person\\\/beddb4d22f71a7230c5b90913270a0ee\"},\"headline\":\"Miles de turistas llegaron a Caral, \u00c1spero y Vichama por Semana Santa\",\"datePublished\":\"2018-04-10T17:52:44+00:00\",\"mainEntityOfPage\":{\"@id\":\"https:\\\/\\\/zonacaral.gob.pe\\\/es\\\/noticias\\\/miles-de-turistas-llegaron-a-caral-aspero-y-vichama-por-semana-santa\\\/\"},\"wordCount\":277,\"image\":{\"@id\":\"https:\\\/\\\/zonacaral.gob.pe\\\/es\\\/noticias\\\/miles-de-turistas-llegaron-a-caral-aspero-y-vichama-por-semana-santa\\\/#primaryimage\"},\"thumbnailUrl\":\"https:\\\/\\\/zonacaral.gob.pe\\\/wp-content\\\/uploads\\\/2018\\\/04\\\/semana-santa-tinkuy-07.jpg\",\"keywords\":[\"caral\",\"semana santa\",\"tinkuy\",\"tinkuy caral\"],\"articleSection\":[\"noticias\"],\"inLanguage\":\"es-PE\"},{\"@type\":\"WebPage\",\"@id\":\"https:\\\/\\\/zonacaral.gob.pe\\\/es\\\/noticias\\\/miles-de-turistas-llegaron-a-caral-aspero-y-vichama-por-semana-santa\\\/\",\"url\":\"https:\\\/\\\/zonacaral.gob.pe\\\/es\\\/noticias\\\/miles-de-turistas-llegaron-a-caral-aspero-y-vichama-por-semana-santa\\\/\",\"name\":\"Miles de turistas llegaron a Caral, \u00c1spero y Vichama por Semana Santa\",\"isPartOf\":{\"@id\":\"https:\\\/\\\/zonacaral.gob.pe\\\/es\\\/#website\"},\"primaryImageOfPage\":{\"@id\":\"https:\\\/\\\/zonacaral.gob.pe\\\/es\\\/noticias\\\/miles-de-turistas-llegaron-a-caral-aspero-y-vichama-por-semana-santa\\\/#primaryimage\"},\"image\":{\"@id\":\"https:\\\/\\\/zonacaral.gob.pe\\\/es\\\/noticias\\\/miles-de-turistas-llegaron-a-caral-aspero-y-vichama-por-semana-santa\\\/#primaryimage\"},\"thumbnailUrl\":\"https:\\\/\\\/zonacaral.gob.pe\\\/wp-content\\\/uploads\\\/2018\\\/04\\\/semana-santa-tinkuy-07.jpg\",\"datePublished\":\"2018-04-10T17:52:44+00:00\",\"author\":{\"@id\":\"https:\\\/\\\/zonacaral.gob.pe\\\/es\\\/#\\\/schema\\\/person\\\/beddb4d22f71a7230c5b90913270a0ee\"},\"description\":\"Miles de turistas llegaron el \u00faltimo fin de semana largo, por las celebraciones de semana santa, a los sitios arqueol\u00f3gicos de Caral, \u00c1spero y Vichama; quienes disfrutaron de la hospitalidad, de las actividades organizadas en cada zona y quedaron maravillados de los monumentos arqueol\u00f3gicos.\",\"breadcrumb\":{\"@id\":\"https:\\\/\\\/zonacaral.gob.pe\\\/es\\\/noticias\\\/miles-de-turistas-llegaron-a-caral-aspero-y-vichama-por-semana-santa\\\/#breadcrumb\"},\"inLanguage\":\"es-PE\",\"potentialAction\":[{\"@type\":\"ReadAction\",\"target\":[\"https:\\\/\\\/zonacaral.gob.pe\\\/es\\\/noticias\\\/miles-de-turistas-llegaron-a-caral-aspero-y-vichama-por-semana-santa\\\/\"]}]},{\"@type\":\"ImageObject\",\"inLanguage\":\"es-PE\",\"@id\":\"https:\\\/\\\/zonacaral.gob.pe\\\/es\\\/noticias\\\/miles-de-turistas-llegaron-a-caral-aspero-y-vichama-por-semana-santa\\\/#primaryimage\",\"url\":\"https:\\\/\\\/zonacaral.gob.pe\\\/wp-content\\\/uploads\\\/2018\\\/04\\\/semana-santa-tinkuy-07.jpg\",\"contentUrl\":\"https:\\\/\\\/zonacaral.gob.pe\\\/wp-content\\\/uploads\\\/2018\\\/04\\\/semana-santa-tinkuy-07.jpg\",\"width\":1000,\"height\":667},{\"@type\":\"BreadcrumbList\",\"@id\":\"https:\\\/\\\/zonacaral.gob.pe\\\/es\\\/noticias\\\/miles-de-turistas-llegaron-a-caral-aspero-y-vichama-por-semana-santa\\\/#breadcrumb\",\"itemListElement\":[{\"@type\":\"ListItem\",\"position\":1,\"name\":\"Portada\",\"item\":\"https:\\\/\\\/zonacaral.gob.pe\\\/\"},{\"@type\":\"ListItem\",\"position\":2,\"name\":\"Miles de turistas llegaron a Caral, \u00c1spero y Vichama por Semana Santa\"}]},{\"@type\":\"WebSite\",\"@id\":\"https:\\\/\\\/zonacaral.gob.pe\\\/es\\\/#website\",\"url\":\"https:\\\/\\\/zonacaral.gob.pe\\\/es\\\/\",\"name\":\"Zona Caral\",\"description\":\"Investigamos, conservamos y difundimos el patrimonio cultural de la Civilizaci\u00f3n Caral, la m\u00e1s antigua de Am\u00e9rica.\",\"potentialAction\":[{\"@type\":\"SearchAction\",\"target\":{\"@type\":\"EntryPoint\",\"urlTemplate\":\"https:\\\/\\\/zonacaral.gob.pe\\\/es\\\/?s={search_term_string}\"},\"query-input\":{\"@type\":\"PropertyValueSpecification\",\"valueRequired\":true,\"valueName\":\"search_term_string\"}}],\"inLanguage\":\"es-PE\"},{\"@type\":\"Person\",\"@id\":\"https:\\\/\\\/zonacaral.gob.pe\\\/es\\\/#\\\/schema\\\/person\\\/beddb4d22f71a7230c5b90913270a0ee\",\"name\":\"Zona Caral Administrador\",\"image\":{\"@type\":\"ImageObject\",\"inLanguage\":\"es-PE\",\"@id\":\"https:\\\/\\\/secure.gravatar.com\\\/avatar\\\/e4be162918a696358376de6446614e0f0f4062bdc5d170d6d540ada3d8b58c12?s=96&d=mm&r=g\",\"url\":\"https:\\\/\\\/secure.gravatar.com\\\/avatar\\\/e4be162918a696358376de6446614e0f0f4062bdc5d170d6d540ada3d8b58c12?s=96&d=mm&r=g\",\"contentUrl\":\"https:\\\/\\\/secure.gravatar.com\\\/avatar\\\/e4be162918a696358376de6446614e0f0f4062bdc5d170d6d540ada3d8b58c12?s=96&d=mm&r=g\",\"caption\":\"Zona Caral Administrador\"},\"sameAs\":[\"https:\\\/\\\/zonacaral.gob.pe\"],\"url\":\"https:\\\/\\\/zonacaral.gob.pe\\\/es\\\/noticias\\\/author\\\/ad_zonacaral\\\/\"}]}<\/script>\n<!-- \/ Yoast SEO plugin. -->","yoast_head_json":{"title":"Miles de turistas llegaron a Caral, \u00c1spero y Vichama por Semana Santa","description":"Miles de turistas llegaron el \u00faltimo fin de semana largo, por las celebraciones de semana santa, a los sitios arqueol\u00f3gicos de Caral, \u00c1spero y Vichama; quienes disfrutaron de la hospitalidad, de las actividades organizadas en cada zona y quedaron maravillados de los monumentos arqueol\u00f3gicos.","robots":{"index":"index","follow":"follow","max-snippet":"max-snippet:-1","max-image-preview":"max-image-preview:large","max-video-preview":"max-video-preview:-1"},"canonical":"https:\/\/zonacaral.gob.pe\/es\/noticias\/miles-de-turistas-llegaron-a-caral-aspero-y-vichama-por-semana-santa\/","og_locale":"es_ES","og_type":"article","og_title":"Miles de turistas llegaron a Caral, \u00c1spero y Vichama por Semana Santa","og_description":"Miles de turistas llegaron el \u00faltimo fin de semana largo, por las celebraciones de semana santa, a los sitios arqueol\u00f3gicos de Caral, \u00c1spero y Vichama; quienes disfrutaron de la hospitalidad, de las actividades organizadas en cada zona y quedaron maravillados de los monumentos arqueol\u00f3gicos.","og_url":"https:\/\/zonacaral.gob.pe\/es\/noticias\/miles-de-turistas-llegaron-a-caral-aspero-y-vichama-por-semana-santa\/","og_site_name":"Zona Caral","article_published_time":"2018-04-10T17:52:44+00:00","og_image":[{"width":1000,"height":667,"url":"https:\/\/zonacaral.gob.pe\/wp-content\/uploads\/2018\/04\/semana-santa-tinkuy-07.jpg","type":"image\/jpeg"}],"author":"Zona Caral Administrador","twitter_card":"summary_large_image","twitter_misc":{"Written by":"Zona Caral Administrador","Est. reading time":"1 minuto"},"schema":{"@context":"https:\/\/schema.org","@graph":[{"@type":"Article","@id":"https:\/\/zonacaral.gob.pe\/es\/noticias\/miles-de-turistas-llegaron-a-caral-aspero-y-vichama-por-semana-santa\/#article","isPartOf":{"@id":"https:\/\/zonacaral.gob.pe\/es\/noticias\/miles-de-turistas-llegaron-a-caral-aspero-y-vichama-por-semana-santa\/"},"author":{"name":"Zona Caral Administrador","@id":"https:\/\/zonacaral.gob.pe\/es\/#\/schema\/person\/beddb4d22f71a7230c5b90913270a0ee"},"headline":"Miles de turistas llegaron a Caral, \u00c1spero y Vichama por Semana Santa","datePublished":"2018-04-10T17:52:44+00:00","mainEntityOfPage":{"@id":"https:\/\/zonacaral.gob.pe\/es\/noticias\/miles-de-turistas-llegaron-a-caral-aspero-y-vichama-por-semana-santa\/"},"wordCount":277,"image":{"@id":"https:\/\/zonacaral.gob.pe\/es\/noticias\/miles-de-turistas-llegaron-a-caral-aspero-y-vichama-por-semana-santa\/#primaryimage"},"thumbnailUrl":"https:\/\/zonacaral.gob.pe\/wp-content\/uploads\/2018\/04\/semana-santa-tinkuy-07.jpg","keywords":["caral","semana santa","tinkuy","tinkuy caral"],"articleSection":["noticias"],"inLanguage":"es-PE"},{"@type":"WebPage","@id":"https:\/\/zonacaral.gob.pe\/es\/noticias\/miles-de-turistas-llegaron-a-caral-aspero-y-vichama-por-semana-santa\/","url":"https:\/\/zonacaral.gob.pe\/es\/noticias\/miles-de-turistas-llegaron-a-caral-aspero-y-vichama-por-semana-santa\/","name":"Miles de turistas llegaron a Caral, \u00c1spero y Vichama por Semana Santa","isPartOf":{"@id":"https:\/\/zonacaral.gob.pe\/es\/#website"},"primaryImageOfPage":{"@id":"https:\/\/zonacaral.gob.pe\/es\/noticias\/miles-de-turistas-llegaron-a-caral-aspero-y-vichama-por-semana-santa\/#primaryimage"},"image":{"@id":"https:\/\/zonacaral.gob.pe\/es\/noticias\/miles-de-turistas-llegaron-a-caral-aspero-y-vichama-por-semana-santa\/#primaryimage"},"thumbnailUrl":"https:\/\/zonacaral.gob.pe\/wp-content\/uploads\/2018\/04\/semana-santa-tinkuy-07.jpg","datePublished":"2018-04-10T17:52:44+00:00","author":{"@id":"https:\/\/zonacaral.gob.pe\/es\/#\/schema\/person\/beddb4d22f71a7230c5b90913270a0ee"},"description":"Miles de turistas llegaron el \u00faltimo fin de semana largo, por las celebraciones de semana santa, a los sitios arqueol\u00f3gicos de Caral, \u00c1spero y Vichama; quienes disfrutaron de la hospitalidad, de las actividades organizadas en cada zona y quedaron maravillados de los monumentos arqueol\u00f3gicos.","breadcrumb":{"@id":"https:\/\/zonacaral.gob.pe\/es\/noticias\/miles-de-turistas-llegaron-a-caral-aspero-y-vichama-por-semana-santa\/#breadcrumb"},"inLanguage":"es-PE","potentialAction":[{"@type":"ReadAction","target":["https:\/\/zonacaral.gob.pe\/es\/noticias\/miles-de-turistas-llegaron-a-caral-aspero-y-vichama-por-semana-santa\/"]}]},{"@type":"ImageObject","inLanguage":"es-PE","@id":"https:\/\/zonacaral.gob.pe\/es\/noticias\/miles-de-turistas-llegaron-a-caral-aspero-y-vichama-por-semana-santa\/#primaryimage","url":"https:\/\/zonacaral.gob.pe\/wp-content\/uploads\/2018\/04\/semana-santa-tinkuy-07.jpg","contentUrl":"https:\/\/zonacaral.gob.pe\/wp-content\/uploads\/2018\/04\/semana-santa-tinkuy-07.jpg","width":1000,"height":667},{"@type":"BreadcrumbList","@id":"https:\/\/zonacaral.gob.pe\/es\/noticias\/miles-de-turistas-llegaron-a-caral-aspero-y-vichama-por-semana-santa\/#breadcrumb","itemListElement":[{"@type":"ListItem","position":1,"name":"Portada","item":"https:\/\/zonacaral.gob.pe\/"},{"@type":"ListItem","position":2,"name":"Miles de turistas llegaron a Caral, \u00c1spero y Vichama por Semana Santa"}]},{"@type":"WebSite","@id":"https:\/\/zonacaral.gob.pe\/es\/#website","url":"https:\/\/zonacaral.gob.pe\/es\/","name":"Zona Caral","description":"Investigamos, conservamos y difundimos el patrimonio cultural de la Civilizaci\u00f3n Caral, la m\u00e1s antigua de Am\u00e9rica.","potentialAction":[{"@type":"SearchAction","target":{"@type":"EntryPoint","urlTemplate":"https:\/\/zonacaral.gob.pe\/es\/?s={search_term_string}"},"query-input":{"@type":"PropertyValueSpecification","valueRequired":true,"valueName":"search_term_string"}}],"inLanguage":"es-PE"},{"@type":"Person","@id":"https:\/\/zonacaral.gob.pe\/es\/#\/schema\/person\/beddb4d22f71a7230c5b90913270a0ee","name":"Zona Caral Administrador","image":{"@type":"ImageObject","inLanguage":"es-PE","@id":"https:\/\/secure.gravatar.com\/avatar\/e4be162918a696358376de6446614e0f0f4062bdc5d170d6d540ada3d8b58c12?s=96&d=mm&r=g","url":"https:\/\/secure.gravatar.com\/avatar\/e4be162918a696358376de6446614e0f0f4062bdc5d170d6d540ada3d8b58c12?s=96&d=mm&r=g","contentUrl":"https:\/\/secure.gravatar.com\/avatar\/e4be162918a696358376de6446614e0f0f4062bdc5d170d6d540ada3d8b58c12?s=96&d=mm&r=g","caption":"Zona Caral Administrador"},"sameAs":["https:\/\/zonacaral.gob.pe"],"url":"https:\/\/zonacaral.gob.pe\/es\/noticias\/author\/ad_zonacaral\/"}]}},"_links":{"self":[{"href":"https:\/\/zonacaral.gob.pe\/es\/wp-json\/wp\/v2\/posts\/12444","targetHints":{"allow":["GET"]}}],"collection":[{"href":"https:\/\/zonacaral.gob.pe\/es\/wp-json\/wp\/v2\/posts"}],"about":[{"href":"https:\/\/zonacaral.gob.pe\/es\/wp-json\/wp\/v2\/types\/post"}],"author":[{"embeddable":true,"href":"https:\/\/zonacaral.gob.pe\/es\/wp-json\/wp\/v2\/users\/1"}],"replies":[{"embeddable":true,"href":"https:\/\/zonacaral.gob.pe\/es\/wp-json\/wp\/v2\/comments?post=12444"}],"version-history":[{"count":0,"href":"https:\/\/zonacaral.gob.pe\/es\/wp-json\/wp\/v2\/posts\/12444\/revisions"}],"wp:featuredmedia":[{"embeddable":true,"href":"https:\/\/zonacaral.gob.pe\/es\/wp-json\/wp\/v2\/media\/12445"}],"wp:attachment":[{"href":"https:\/\/zonacaral.gob.pe\/es\/wp-json\/wp\/v2\/media?parent=12444"}],"wp:term":[{"taxonomy":"category","embeddable":true,"href":"https:\/\/zonacaral.gob.pe\/es\/wp-json\/wp\/v2\/categories?post=12444"},{"taxonomy":"post_tag","embeddable":true,"href":"https:\/\/zonacaral.gob.pe\/es\/wp-json\/wp\/v2\/tags?post=12444"}],"curies":[{"name":"wp","href":"https:\/\/api.w.org\/{rel}","templated":true}]}}