{"id":12459,"date":"2018-04-10T16:27:40","date_gmt":"2018-04-10T21:27:40","guid":{"rendered":"http:\/\/www.zonacaral.gob.pe\/?p=12459"},"modified":"2018-04-10T16:27:40","modified_gmt":"2018-04-10T21:27:40","slug":"habilitan-por-primera-vez-sitio-arqueologico-era-de-pando","status":"publish","type":"post","link":"https:\/\/zonacaral.gob.pe\/es\/noticias\/habilitan-por-primera-vez-sitio-arqueologico-era-de-pando\/","title":{"rendered":"Habilitan por primera vez sitio arqueol\u00f3gico Era de Pando"},"content":{"rendered":"<figure class=\"pic-autor\" style=\"color: #4d4d4d; text-align: justify;\"><\/figure>\n<p style=\"text-align: justify;\">El sitio arqueol\u00f3gico, Era de Pando, perteneciente a la cultura Caral, primera civilizaci\u00f3n de Am\u00e9rica, fue habilitada por primera vez para recibir la visita de un grupo de estudiantes del lugar. en el marco de las actividades previas por el 13\u00ba Aniversario del \u00c1spero.<\/p>\n<p style=\"text-align: justify;\">Este esfuerzo fue realizado por el equipo de arque\u00f3logos del asentamiento de Era de Pando, a cargo del Lic. Pedro Silva y los arque\u00f3logos Jos\u00e9 Tumbalobos , y las arque\u00f3logas \u2013practicantes- Nataly Oblitas y Johanny Benites.<\/p>\n<p style=\"text-align: justify;\">Para la visita se coordinaron charlas de inducci\u00f3n a los estudiantes de nivel primario del Centro Educativo N\u00ba 20859, ubicado en Centro Poblado de Liman \u2013 Supe Pueblo, con el apoyo de los orientadores tur\u00edsticos locales (OTL) del \u00c1spero. para ello los arque\u00f3logos elaboraron un D\u00edptico did\u00e1ctico sobre Era de Pando, el cual fue entregado a los alumnos.<\/p>\n<p style=\"text-align: justify;\">Se acondicion\u00f3 un circuito de visita delimitado con piedras, colocaron tachos de basura, y se organiz\u00f3 una representaci\u00f3n en la plaza circular del edificio mayor, con el apoyo del personal auxiliar y t\u00e9cnico del mismo asentamiento, vistiendo trajes y atuendos de la \u00e9poca para que la visita guiada fuera m\u00e1s did\u00e1ctica para los estudiantes, profesores y padres de familia.<\/p>\n<p style=\"text-align: justify;\">Esta visita se ha realizado en el marco previo al II Concurso de Pintura LA CREATIVIDAD DE LA NI\u00d1EZ Y EL PATRIMONIO CULTURAL COMO MEDIO PARA LA EDUCACI\u00d3N, Y CUIDADO DEL SITIO ARQUEOL\u00d3GICO ERA DE PANDO que se desarrollar\u00e1 el martes 10 de abril en el local del mismo centro educativo. El objetivo es que los estudiantes pinten de manera libre las expresiones culturales del Sitio Arqueol\u00f3gico de Era de Pando.<\/p>\n<p style=\"text-align: justify;\">\u00a0\u00a1Caral, \u00c1spero y Vichama te esperan esta Semana Santa!<\/p>\n<p class=\"news-summary\" style=\"font-weight: normal; color: #444444;\"><strong style=\"color: #993300;\">Fuen<span style=\"color: #993300;\">te:\u00a0Prensa ZAC<\/span><\/strong><\/p>\n<div style=\"color: #1f1f1f;\">\n<p style=\"text-align: justify;\">Fecha de publicaci\u00f3n: 10\/04\/2018<\/p>\n<\/div>\n","protected":false},"excerpt":{"rendered":"<p>El sitio arqueol\u00f3gico, Era de Pando, perteneciente a la cultura Caral, primera civilizaci\u00f3n de Am\u00e9rica, fue habilitada por primera vez [&hellip;]<\/p>\n","protected":false},"author":1,"featured_media":12464,"comment_status":"closed","ping_status":"open","sticky":false,"template":"","format":"standard","meta":{"_acf_changed":false,"site-sidebar-layout":"default","site-content-layout":"","ast-site-content-layout":"default","site-content-style":"default","site-sidebar-style":"default","ast-global-header-display":"","ast-banner-title-visibility":"","ast-main-header-display":"","ast-hfb-above-header-display":"","ast-hfb-below-header-display":"","ast-hfb-mobile-header-display":"","site-post-title":"","ast-breadcrumbs-content":"","ast-featured-img":"","footer-sml-layout":"","ast-disable-related-posts":"","theme-transparent-header-meta":"","adv-header-id-meta":"","stick-header-meta":"","header-above-stick-meta":"","header-main-stick-meta":"","header-below-stick-meta":"","astra-migrate-meta-layouts":"default","ast-page-background-enabled":"default","ast-page-background-meta":{"desktop":{"background-color":"var(--ast-global-color-5)","background-image":"","background-repeat":"repeat","background-position":"center center","background-size":"auto","background-attachment":"scroll","background-type":"","background-media":"","overlay-type":"","overlay-color":"","overlay-opacity":"","overlay-gradient":""},"tablet":{"background-color":"","background-image":"","background-repeat":"repeat","background-position":"center center","background-size":"auto","background-attachment":"scroll","background-type":"","background-media":"","overlay-type":"","overlay-color":"","overlay-opacity":"","overlay-gradient":""},"mobile":{"background-color":"","background-image":"","background-repeat":"repeat","background-position":"center center","background-size":"auto","background-attachment":"scroll","background-type":"","background-media":"","overlay-type":"","overlay-color":"","overlay-opacity":"","overlay-gradient":""}},"ast-content-background-meta":{"desktop":{"background-color":"var(--ast-global-color-4)","background-image":"","background-repeat":"repeat","background-position":"center center","background-size":"auto","background-attachment":"scroll","background-type":"","background-media":"","overlay-type":"","overlay-color":"","overlay-opacity":"","overlay-gradient":""},"tablet":{"background-color":"var(--ast-global-color-4)","background-image":"","background-repeat":"repeat","background-position":"center center","background-size":"auto","background-attachment":"scroll","background-type":"","background-media":"","overlay-type":"","overlay-color":"","overlay-opacity":"","overlay-gradient":""},"mobile":{"background-color":"var(--ast-global-color-4)","background-image":"","background-repeat":"repeat","background-position":"center center","background-size":"auto","background-attachment":"scroll","background-type":"","background-media":"","overlay-type":"","overlay-color":"","overlay-opacity":"","overlay-gradient":""}},"footnotes":""},"categories":[208],"tags":[55,157],"class_list":["post-12459","post","type-post","status-publish","format-standard","has-post-thumbnail","hentry","category-noticias","tag-caral","tag-era-de-pando"],"acf":[],"yoast_head":"<!-- This site is optimized with the Yoast SEO plugin v27.3 - https:\/\/yoast.com\/product\/yoast-seo-wordpress\/ -->\n<title>Habilitan por primera vez sitio arqueol\u00f3gico Era de Pando<\/title>\n<meta name=\"description\" content=\"El sitio arqueol\u00f3gico, Era de Pando, perteneciente a la cultura Caral, primera civilizaci\u00f3n de Am\u00e9rica, fue habilitada por primera vez para recibir la visita de un grupo de estudiantes del lugar. en el marco de las actividades previas por el 13\u00ba Aniversario del \u00c1spero.\" \/>\n<meta name=\"robots\" content=\"index, follow, max-snippet:-1, max-image-preview:large, max-video-preview:-1\" \/>\n<link rel=\"canonical\" href=\"https:\/\/zonacaral.gob.pe\/es\/noticias\/habilitan-por-primera-vez-sitio-arqueologico-era-de-pando\/\" \/>\n<meta property=\"og:locale\" content=\"es_ES\" \/>\n<meta property=\"og:type\" content=\"article\" \/>\n<meta property=\"og:title\" content=\"Habilitan por primera vez sitio arqueol\u00f3gico Era de Pando\" \/>\n<meta property=\"og:description\" content=\"El sitio arqueol\u00f3gico, Era de Pando, perteneciente a la cultura Caral, primera civilizaci\u00f3n de Am\u00e9rica, fue habilitada por primera vez para recibir la visita de un grupo de estudiantes del lugar. en el marco de las actividades previas por el 13\u00ba Aniversario del \u00c1spero.\" \/>\n<meta property=\"og:url\" content=\"https:\/\/zonacaral.gob.pe\/es\/noticias\/habilitan-por-primera-vez-sitio-arqueologico-era-de-pando\/\" \/>\n<meta property=\"og:site_name\" content=\"Zona Caral\" \/>\n<meta property=\"article:published_time\" content=\"2018-04-10T21:27:40+00:00\" \/>\n<meta property=\"og:image\" content=\"https:\/\/zonacaral.gob.pe\/wp-content\/uploads\/2018\/04\/era-pando-04.jpg\" \/>\n\t<meta property=\"og:image:width\" content=\"1296\" \/>\n\t<meta property=\"og:image:height\" content=\"864\" \/>\n\t<meta property=\"og:image:type\" content=\"image\/jpeg\" \/>\n<meta name=\"author\" content=\"Zona Caral Administrador\" \/>\n<meta name=\"twitter:card\" content=\"summary_large_image\" \/>\n<meta name=\"twitter:label1\" content=\"Written by\" \/>\n\t<meta name=\"twitter:data1\" content=\"Zona Caral Administrador\" \/>\n\t<meta name=\"twitter:label2\" content=\"Est. reading time\" \/>\n\t<meta name=\"twitter:data2\" content=\"1 minuto\" \/>\n<script type=\"application\/ld+json\" class=\"yoast-schema-graph\">{\"@context\":\"https:\\\/\\\/schema.org\",\"@graph\":[{\"@type\":\"Article\",\"@id\":\"https:\\\/\\\/zonacaral.gob.pe\\\/es\\\/noticias\\\/habilitan-por-primera-vez-sitio-arqueologico-era-de-pando\\\/#article\",\"isPartOf\":{\"@id\":\"https:\\\/\\\/zonacaral.gob.pe\\\/es\\\/noticias\\\/habilitan-por-primera-vez-sitio-arqueologico-era-de-pando\\\/\"},\"author\":{\"name\":\"Zona Caral Administrador\",\"@id\":\"https:\\\/\\\/zonacaral.gob.pe\\\/es\\\/#\\\/schema\\\/person\\\/beddb4d22f71a7230c5b90913270a0ee\"},\"headline\":\"Habilitan por primera vez sitio arqueol\u00f3gico Era de Pando\",\"datePublished\":\"2018-04-10T21:27:40+00:00\",\"mainEntityOfPage\":{\"@id\":\"https:\\\/\\\/zonacaral.gob.pe\\\/es\\\/noticias\\\/habilitan-por-primera-vez-sitio-arqueologico-era-de-pando\\\/\"},\"wordCount\":308,\"image\":{\"@id\":\"https:\\\/\\\/zonacaral.gob.pe\\\/es\\\/noticias\\\/habilitan-por-primera-vez-sitio-arqueologico-era-de-pando\\\/#primaryimage\"},\"thumbnailUrl\":\"https:\\\/\\\/zonacaral.gob.pe\\\/wp-content\\\/uploads\\\/2018\\\/04\\\/era-pando-04.jpg\",\"keywords\":[\"caral\",\"era de pando\"],\"articleSection\":[\"noticias\"],\"inLanguage\":\"es-PE\"},{\"@type\":\"WebPage\",\"@id\":\"https:\\\/\\\/zonacaral.gob.pe\\\/es\\\/noticias\\\/habilitan-por-primera-vez-sitio-arqueologico-era-de-pando\\\/\",\"url\":\"https:\\\/\\\/zonacaral.gob.pe\\\/es\\\/noticias\\\/habilitan-por-primera-vez-sitio-arqueologico-era-de-pando\\\/\",\"name\":\"Habilitan por primera vez sitio arqueol\u00f3gico Era de Pando\",\"isPartOf\":{\"@id\":\"https:\\\/\\\/zonacaral.gob.pe\\\/es\\\/#website\"},\"primaryImageOfPage\":{\"@id\":\"https:\\\/\\\/zonacaral.gob.pe\\\/es\\\/noticias\\\/habilitan-por-primera-vez-sitio-arqueologico-era-de-pando\\\/#primaryimage\"},\"image\":{\"@id\":\"https:\\\/\\\/zonacaral.gob.pe\\\/es\\\/noticias\\\/habilitan-por-primera-vez-sitio-arqueologico-era-de-pando\\\/#primaryimage\"},\"thumbnailUrl\":\"https:\\\/\\\/zonacaral.gob.pe\\\/wp-content\\\/uploads\\\/2018\\\/04\\\/era-pando-04.jpg\",\"datePublished\":\"2018-04-10T21:27:40+00:00\",\"author\":{\"@id\":\"https:\\\/\\\/zonacaral.gob.pe\\\/es\\\/#\\\/schema\\\/person\\\/beddb4d22f71a7230c5b90913270a0ee\"},\"description\":\"El sitio arqueol\u00f3gico, Era de Pando, perteneciente a la cultura Caral, primera civilizaci\u00f3n de Am\u00e9rica, fue habilitada por primera vez para recibir la visita de un grupo de estudiantes del lugar. en el marco de las actividades previas por el 13\u00ba Aniversario del \u00c1spero.\",\"breadcrumb\":{\"@id\":\"https:\\\/\\\/zonacaral.gob.pe\\\/es\\\/noticias\\\/habilitan-por-primera-vez-sitio-arqueologico-era-de-pando\\\/#breadcrumb\"},\"inLanguage\":\"es-PE\",\"potentialAction\":[{\"@type\":\"ReadAction\",\"target\":[\"https:\\\/\\\/zonacaral.gob.pe\\\/es\\\/noticias\\\/habilitan-por-primera-vez-sitio-arqueologico-era-de-pando\\\/\"]}]},{\"@type\":\"ImageObject\",\"inLanguage\":\"es-PE\",\"@id\":\"https:\\\/\\\/zonacaral.gob.pe\\\/es\\\/noticias\\\/habilitan-por-primera-vez-sitio-arqueologico-era-de-pando\\\/#primaryimage\",\"url\":\"https:\\\/\\\/zonacaral.gob.pe\\\/wp-content\\\/uploads\\\/2018\\\/04\\\/era-pando-04.jpg\",\"contentUrl\":\"https:\\\/\\\/zonacaral.gob.pe\\\/wp-content\\\/uploads\\\/2018\\\/04\\\/era-pando-04.jpg\",\"width\":1296,\"height\":864},{\"@type\":\"BreadcrumbList\",\"@id\":\"https:\\\/\\\/zonacaral.gob.pe\\\/es\\\/noticias\\\/habilitan-por-primera-vez-sitio-arqueologico-era-de-pando\\\/#breadcrumb\",\"itemListElement\":[{\"@type\":\"ListItem\",\"position\":1,\"name\":\"Portada\",\"item\":\"https:\\\/\\\/zonacaral.gob.pe\\\/\"},{\"@type\":\"ListItem\",\"position\":2,\"name\":\"Habilitan por primera vez sitio arqueol\u00f3gico Era de Pando\"}]},{\"@type\":\"WebSite\",\"@id\":\"https:\\\/\\\/zonacaral.gob.pe\\\/es\\\/#website\",\"url\":\"https:\\\/\\\/zonacaral.gob.pe\\\/es\\\/\",\"name\":\"Zona Caral\",\"description\":\"Investigamos, conservamos y difundimos el patrimonio cultural de la Civilizaci\u00f3n Caral, la m\u00e1s antigua de Am\u00e9rica.\",\"potentialAction\":[{\"@type\":\"SearchAction\",\"target\":{\"@type\":\"EntryPoint\",\"urlTemplate\":\"https:\\\/\\\/zonacaral.gob.pe\\\/es\\\/?s={search_term_string}\"},\"query-input\":{\"@type\":\"PropertyValueSpecification\",\"valueRequired\":true,\"valueName\":\"search_term_string\"}}],\"inLanguage\":\"es-PE\"},{\"@type\":\"Person\",\"@id\":\"https:\\\/\\\/zonacaral.gob.pe\\\/es\\\/#\\\/schema\\\/person\\\/beddb4d22f71a7230c5b90913270a0ee\",\"name\":\"Zona Caral Administrador\",\"image\":{\"@type\":\"ImageObject\",\"inLanguage\":\"es-PE\",\"@id\":\"https:\\\/\\\/secure.gravatar.com\\\/avatar\\\/e4be162918a696358376de6446614e0f0f4062bdc5d170d6d540ada3d8b58c12?s=96&d=mm&r=g\",\"url\":\"https:\\\/\\\/secure.gravatar.com\\\/avatar\\\/e4be162918a696358376de6446614e0f0f4062bdc5d170d6d540ada3d8b58c12?s=96&d=mm&r=g\",\"contentUrl\":\"https:\\\/\\\/secure.gravatar.com\\\/avatar\\\/e4be162918a696358376de6446614e0f0f4062bdc5d170d6d540ada3d8b58c12?s=96&d=mm&r=g\",\"caption\":\"Zona Caral Administrador\"},\"sameAs\":[\"https:\\\/\\\/zonacaral.gob.pe\"],\"url\":\"https:\\\/\\\/zonacaral.gob.pe\\\/es\\\/noticias\\\/author\\\/ad_zonacaral\\\/\"}]}<\/script>\n<!-- \/ Yoast SEO plugin. -->","yoast_head_json":{"title":"Habilitan por primera vez sitio arqueol\u00f3gico Era de Pando","description":"El sitio arqueol\u00f3gico, Era de Pando, perteneciente a la cultura Caral, primera civilizaci\u00f3n de Am\u00e9rica, fue habilitada por primera vez para recibir la visita de un grupo de estudiantes del lugar. en el marco de las actividades previas por el 13\u00ba Aniversario del \u00c1spero.","robots":{"index":"index","follow":"follow","max-snippet":"max-snippet:-1","max-image-preview":"max-image-preview:large","max-video-preview":"max-video-preview:-1"},"canonical":"https:\/\/zonacaral.gob.pe\/es\/noticias\/habilitan-por-primera-vez-sitio-arqueologico-era-de-pando\/","og_locale":"es_ES","og_type":"article","og_title":"Habilitan por primera vez sitio arqueol\u00f3gico Era de Pando","og_description":"El sitio arqueol\u00f3gico, Era de Pando, perteneciente a la cultura Caral, primera civilizaci\u00f3n de Am\u00e9rica, fue habilitada por primera vez para recibir la visita de un grupo de estudiantes del lugar. en el marco de las actividades previas por el 13\u00ba Aniversario del \u00c1spero.","og_url":"https:\/\/zonacaral.gob.pe\/es\/noticias\/habilitan-por-primera-vez-sitio-arqueologico-era-de-pando\/","og_site_name":"Zona Caral","article_published_time":"2018-04-10T21:27:40+00:00","og_image":[{"width":1296,"height":864,"url":"https:\/\/zonacaral.gob.pe\/wp-content\/uploads\/2018\/04\/era-pando-04.jpg","type":"image\/jpeg"}],"author":"Zona Caral Administrador","twitter_card":"summary_large_image","twitter_misc":{"Written by":"Zona Caral Administrador","Est. reading time":"1 minuto"},"schema":{"@context":"https:\/\/schema.org","@graph":[{"@type":"Article","@id":"https:\/\/zonacaral.gob.pe\/es\/noticias\/habilitan-por-primera-vez-sitio-arqueologico-era-de-pando\/#article","isPartOf":{"@id":"https:\/\/zonacaral.gob.pe\/es\/noticias\/habilitan-por-primera-vez-sitio-arqueologico-era-de-pando\/"},"author":{"name":"Zona Caral Administrador","@id":"https:\/\/zonacaral.gob.pe\/es\/#\/schema\/person\/beddb4d22f71a7230c5b90913270a0ee"},"headline":"Habilitan por primera vez sitio arqueol\u00f3gico Era de Pando","datePublished":"2018-04-10T21:27:40+00:00","mainEntityOfPage":{"@id":"https:\/\/zonacaral.gob.pe\/es\/noticias\/habilitan-por-primera-vez-sitio-arqueologico-era-de-pando\/"},"wordCount":308,"image":{"@id":"https:\/\/zonacaral.gob.pe\/es\/noticias\/habilitan-por-primera-vez-sitio-arqueologico-era-de-pando\/#primaryimage"},"thumbnailUrl":"https:\/\/zonacaral.gob.pe\/wp-content\/uploads\/2018\/04\/era-pando-04.jpg","keywords":["caral","era de pando"],"articleSection":["noticias"],"inLanguage":"es-PE"},{"@type":"WebPage","@id":"https:\/\/zonacaral.gob.pe\/es\/noticias\/habilitan-por-primera-vez-sitio-arqueologico-era-de-pando\/","url":"https:\/\/zonacaral.gob.pe\/es\/noticias\/habilitan-por-primera-vez-sitio-arqueologico-era-de-pando\/","name":"Habilitan por primera vez sitio arqueol\u00f3gico Era de Pando","isPartOf":{"@id":"https:\/\/zonacaral.gob.pe\/es\/#website"},"primaryImageOfPage":{"@id":"https:\/\/zonacaral.gob.pe\/es\/noticias\/habilitan-por-primera-vez-sitio-arqueologico-era-de-pando\/#primaryimage"},"image":{"@id":"https:\/\/zonacaral.gob.pe\/es\/noticias\/habilitan-por-primera-vez-sitio-arqueologico-era-de-pando\/#primaryimage"},"thumbnailUrl":"https:\/\/zonacaral.gob.pe\/wp-content\/uploads\/2018\/04\/era-pando-04.jpg","datePublished":"2018-04-10T21:27:40+00:00","author":{"@id":"https:\/\/zonacaral.gob.pe\/es\/#\/schema\/person\/beddb4d22f71a7230c5b90913270a0ee"},"description":"El sitio arqueol\u00f3gico, Era de Pando, perteneciente a la cultura Caral, primera civilizaci\u00f3n de Am\u00e9rica, fue habilitada por primera vez para recibir la visita de un grupo de estudiantes del lugar. en el marco de las actividades previas por el 13\u00ba Aniversario del \u00c1spero.","breadcrumb":{"@id":"https:\/\/zonacaral.gob.pe\/es\/noticias\/habilitan-por-primera-vez-sitio-arqueologico-era-de-pando\/#breadcrumb"},"inLanguage":"es-PE","potentialAction":[{"@type":"ReadAction","target":["https:\/\/zonacaral.gob.pe\/es\/noticias\/habilitan-por-primera-vez-sitio-arqueologico-era-de-pando\/"]}]},{"@type":"ImageObject","inLanguage":"es-PE","@id":"https:\/\/zonacaral.gob.pe\/es\/noticias\/habilitan-por-primera-vez-sitio-arqueologico-era-de-pando\/#primaryimage","url":"https:\/\/zonacaral.gob.pe\/wp-content\/uploads\/2018\/04\/era-pando-04.jpg","contentUrl":"https:\/\/zonacaral.gob.pe\/wp-content\/uploads\/2018\/04\/era-pando-04.jpg","width":1296,"height":864},{"@type":"BreadcrumbList","@id":"https:\/\/zonacaral.gob.pe\/es\/noticias\/habilitan-por-primera-vez-sitio-arqueologico-era-de-pando\/#breadcrumb","itemListElement":[{"@type":"ListItem","position":1,"name":"Portada","item":"https:\/\/zonacaral.gob.pe\/"},{"@type":"ListItem","position":2,"name":"Habilitan por primera vez sitio arqueol\u00f3gico Era de Pando"}]},{"@type":"WebSite","@id":"https:\/\/zonacaral.gob.pe\/es\/#website","url":"https:\/\/zonacaral.gob.pe\/es\/","name":"Zona Caral","description":"Investigamos, conservamos y difundimos el patrimonio cultural de la Civilizaci\u00f3n Caral, la m\u00e1s antigua de Am\u00e9rica.","potentialAction":[{"@type":"SearchAction","target":{"@type":"EntryPoint","urlTemplate":"https:\/\/zonacaral.gob.pe\/es\/?s={search_term_string}"},"query-input":{"@type":"PropertyValueSpecification","valueRequired":true,"valueName":"search_term_string"}}],"inLanguage":"es-PE"},{"@type":"Person","@id":"https:\/\/zonacaral.gob.pe\/es\/#\/schema\/person\/beddb4d22f71a7230c5b90913270a0ee","name":"Zona Caral Administrador","image":{"@type":"ImageObject","inLanguage":"es-PE","@id":"https:\/\/secure.gravatar.com\/avatar\/e4be162918a696358376de6446614e0f0f4062bdc5d170d6d540ada3d8b58c12?s=96&d=mm&r=g","url":"https:\/\/secure.gravatar.com\/avatar\/e4be162918a696358376de6446614e0f0f4062bdc5d170d6d540ada3d8b58c12?s=96&d=mm&r=g","contentUrl":"https:\/\/secure.gravatar.com\/avatar\/e4be162918a696358376de6446614e0f0f4062bdc5d170d6d540ada3d8b58c12?s=96&d=mm&r=g","caption":"Zona Caral Administrador"},"sameAs":["https:\/\/zonacaral.gob.pe"],"url":"https:\/\/zonacaral.gob.pe\/es\/noticias\/author\/ad_zonacaral\/"}]}},"_links":{"self":[{"href":"https:\/\/zonacaral.gob.pe\/es\/wp-json\/wp\/v2\/posts\/12459","targetHints":{"allow":["GET"]}}],"collection":[{"href":"https:\/\/zonacaral.gob.pe\/es\/wp-json\/wp\/v2\/posts"}],"about":[{"href":"https:\/\/zonacaral.gob.pe\/es\/wp-json\/wp\/v2\/types\/post"}],"author":[{"embeddable":true,"href":"https:\/\/zonacaral.gob.pe\/es\/wp-json\/wp\/v2\/users\/1"}],"replies":[{"embeddable":true,"href":"https:\/\/zonacaral.gob.pe\/es\/wp-json\/wp\/v2\/comments?post=12459"}],"version-history":[{"count":0,"href":"https:\/\/zonacaral.gob.pe\/es\/wp-json\/wp\/v2\/posts\/12459\/revisions"}],"wp:featuredmedia":[{"embeddable":true,"href":"https:\/\/zonacaral.gob.pe\/es\/wp-json\/wp\/v2\/media\/12464"}],"wp:attachment":[{"href":"https:\/\/zonacaral.gob.pe\/es\/wp-json\/wp\/v2\/media?parent=12459"}],"wp:term":[{"taxonomy":"category","embeddable":true,"href":"https:\/\/zonacaral.gob.pe\/es\/wp-json\/wp\/v2\/categories?post=12459"},{"taxonomy":"post_tag","embeddable":true,"href":"https:\/\/zonacaral.gob.pe\/es\/wp-json\/wp\/v2\/tags?post=12459"}],"curies":[{"name":"wp","href":"https:\/\/api.w.org\/{rel}","templated":true}]}}