{"id":12482,"date":"2018-04-12T15:57:33","date_gmt":"2018-04-12T20:57:33","guid":{"rendered":"http:\/\/www.zonacaral.gob.pe\/?p=12482"},"modified":"2018-04-12T15:57:33","modified_gmt":"2018-04-12T20:57:33","slug":"tinkuy-vichama-gran-encuentro-cultural","status":"publish","type":"post","link":"https:\/\/zonacaral.gob.pe\/es\/noticias\/tinkuy-vichama-gran-encuentro-cultural\/","title":{"rendered":"Tinkuy Vichama: Gran Encuentro Cultural"},"content":{"rendered":"<figure class=\"pic-autor\" style=\"color: #4d4d4d; text-align: justify;\"><\/figure>\n<p>El programa cultural comunitario \u00abTINKUY\u00bb (en espa\u00f1ol \u201cEncuentro\u201d) es una iniciativa de la Zona Arqueol\u00f3gica Caral, unidad ejecutora 003 del Ministerio de Cultura, concebido con la finalidad de generar un espacio de encuentro y promover iniciativas en diversos campos que contribuyan en la mejora de la comunidad.<\/p>\n<p>\u201cTINKUY\u201d promueve la interacci\u00f3n de los valores sociales y culturales de la Civilizaci\u00f3n Caral y la propuesta del Sumaq Kawsay o buen vivir.<\/p>\n<p>El TINKUY Vichama, ofrecer\u00e1: guiado al Museo Comunitario de V\u00e9gueta; recorrido nocturno por Vichama iluminado; recreaci\u00f3n de personajes ancestrales para contar sus logros m\u00e1s destacados y como los alcanzaron, en paz y armon\u00eda con su entorno natural y social; el Catu Vichama, que es la exposici\u00f3n y venta de productos artesanales y gastron\u00f3micos; y la presentaci\u00f3n de la Orquesta Filarm\u00f3nica Mercedaria de Huacho.<\/p>\n<p>Aqu\u00ed la programaci\u00f3n:<\/p>\n<p>S\u00c1BADO 21 de abril.<\/p>\n<h3>A partir de las 5:00 pm.<\/h3>\n<ol>\n<li style=\"text-align: justify;\">Registro de participantes, en el \u00e1rea de recepci\u00f3n del sitio arqueol\u00f3gico Vichama.<\/li>\n<li style=\"text-align: justify;\">Visita al \u00abMuseo Comunitario de V\u00e9gueta\u00bb. Visita guiada al Museo Comunitario de V\u00e9gueta, donde nos aproximaremos a los nuevos conocimientos sobre la historia social de Vichama, que se vienen recuperando a partir de las investigaciones.<\/li>\n<li style=\"text-align: justify;\">Recorrido nocturno por Vichama. El sitio arqueol\u00f3gico Vichama, Ciudad Agropesquera de V\u00e9gueta, Huaura, Huacho, se ilumina para un recorrido nocturno. S\u00e9 parte de esta experiencia que recrear\u00e1 a los personajes de la Civilizaci\u00f3n Vichama, quienes te contar\u00e1n sus logros m\u00e1s destacados y como los alcanzaron, en paz y armon\u00eda con su entorno natural y social.<\/li>\n<li style=\"text-align: justify;\">Interacci\u00f3n con personajes de la Civilizaci\u00f3n Vichama. Durante el recorrido los visitantes podr\u00e1n interactuar en diferentes puntos del circuito con personajes recreados a partir de la historia de Vichama, los cuales estar\u00e1n desarrollando actividades propias de la \u00e9poca.<\/li>\n<li style=\"text-align: justify;\">Catu Vichama. Exposici\u00f3n y venta de productos artesanales y gastron\u00f3micos de los distritos de V\u00e9gueta y Huaura Se podr\u00e1n degustar platos y postres t\u00edpicos de la culinaria local, as\u00ed como apreciar y comprar las creaciones de los m\u00e1s destacados artesanos locales.<\/li>\n<li style=\"text-align: justify;\">Filarm\u00f3nica Mercedaria &#8211; Huacho<\/li>\n<\/ol>\n<h3>Hora: 8:00 p.m.<\/h3>\n<p>Conformada por alumnos de la Escuela de M\u00fasica Mercedaria de la instituci\u00f3n educativa privada \u201cNuestra Se\u00f1ora de La Merced\u201d, abordaran muchos g\u00e9neros, desde m\u00fasica cl\u00e1sica, pop, rock sinf\u00f3nico hasta piezas del repertorio nacional.<\/p>\n<p><strong>DATO:<\/strong><\/p>\n<p>El sitio arqueol\u00f3gico Vichama est\u00e1 ubicado en el distrito de V\u00e9gueta, provincia de Huaura, al norte de Lima, a la altura del kil\u00f3metro 146 de la Panamericana Norte. Para conocer c\u00f3mo llegar, ingresa aqu\u00ed<br \/>\nEl programa Viajes Educativos de la Zona Arqueol\u00f3gica Caral ha organizo una salida con campamento para disfrutar del \u201cTINKUY Vichama\u201d y otros atractivos tur\u00edsticos del distrito de V\u00e9gueta. Para mayor informaci\u00f3n ingresa a: <a href=\"http:\/\/www.zonacaral.gob.pe\/viajes-educativos\/salidas-semanales\/21-y-22-abril-campamento\/\"><span style=\"color: #993300;\"><strong>zonacaral.gob.pe\/viajes-educativos\/salidas-semanales\/21-y-22-abril-campamento\/<\/strong><\/span><\/a><\/p>\n<p>Tambi\u00e9n puedes conocer los sitios arqueol\u00f3gicos de manera particular, solo no dejes de visitar Vichama, Civilizaci\u00f3n Agropesquera.<\/p>\n<p>\u00a1Te esperamos!<\/p>\n<p class=\"news-summary\" style=\"font-weight: normal; color: #444444;\"><strong style=\"color: #993300;\">Fuen<span style=\"color: #993300;\">te:\u00a0Prensa ZAC<\/span><\/strong><\/p>\n<div style=\"color: #1f1f1f;\">\n<p style=\"text-align: justify;\">Fecha de publicaci\u00f3n: 12\/04\/2018<\/p>\n<\/div>\n","protected":false},"excerpt":{"rendered":"<p>El programa cultural comunitario \u00abTINKUY\u00bb (en espa\u00f1ol \u201cEncuentro\u201d) es una iniciativa de la Zona Arqueol\u00f3gica Caral, unidad ejecutora 003 del [&hellip;]<\/p>\n","protected":false},"author":1,"featured_media":12483,"comment_status":"closed","ping_status":"open","sticky":false,"template":"","format":"standard","meta":{"_acf_changed":false,"site-sidebar-layout":"default","site-content-layout":"","ast-site-content-layout":"default","site-content-style":"default","site-sidebar-style":"default","ast-global-header-display":"","ast-banner-title-visibility":"","ast-main-header-display":"","ast-hfb-above-header-display":"","ast-hfb-below-header-display":"","ast-hfb-mobile-header-display":"","site-post-title":"","ast-breadcrumbs-content":"","ast-featured-img":"","footer-sml-layout":"","ast-disable-related-posts":"","theme-transparent-header-meta":"","adv-header-id-meta":"","stick-header-meta":"","header-above-stick-meta":"","header-main-stick-meta":"","header-below-stick-meta":"","astra-migrate-meta-layouts":"default","ast-page-background-enabled":"default","ast-page-background-meta":{"desktop":{"background-color":"var(--ast-global-color-5)","background-image":"","background-repeat":"repeat","background-position":"center center","background-size":"auto","background-attachment":"scroll","background-type":"","background-media":"","overlay-type":"","overlay-color":"","overlay-opacity":"","overlay-gradient":""},"tablet":{"background-color":"","background-image":"","background-repeat":"repeat","background-position":"center center","background-size":"auto","background-attachment":"scroll","background-type":"","background-media":"","overlay-type":"","overlay-color":"","overlay-opacity":"","overlay-gradient":""},"mobile":{"background-color":"","background-image":"","background-repeat":"repeat","background-position":"center center","background-size":"auto","background-attachment":"scroll","background-type":"","background-media":"","overlay-type":"","overlay-color":"","overlay-opacity":"","overlay-gradient":""}},"ast-content-background-meta":{"desktop":{"background-color":"var(--ast-global-color-4)","background-image":"","background-repeat":"repeat","background-position":"center center","background-size":"auto","background-attachment":"scroll","background-type":"","background-media":"","overlay-type":"","overlay-color":"","overlay-opacity":"","overlay-gradient":""},"tablet":{"background-color":"var(--ast-global-color-4)","background-image":"","background-repeat":"repeat","background-position":"center center","background-size":"auto","background-attachment":"scroll","background-type":"","background-media":"","overlay-type":"","overlay-color":"","overlay-opacity":"","overlay-gradient":""},"mobile":{"background-color":"var(--ast-global-color-4)","background-image":"","background-repeat":"repeat","background-position":"center center","background-size":"auto","background-attachment":"scroll","background-type":"","background-media":"","overlay-type":"","overlay-color":"","overlay-opacity":"","overlay-gradient":""}},"footnotes":""},"categories":[208],"tags":[55,152],"class_list":["post-12482","post","type-post","status-publish","format-standard","has-post-thumbnail","hentry","category-noticias","tag-caral","tag-tinkuy-vichama"],"acf":[],"yoast_head":"<!-- This site is optimized with the Yoast SEO plugin v27.3 - https:\/\/yoast.com\/product\/yoast-seo-wordpress\/ -->\n<title>Tinkuy Vichama: Gran Encuentro Cultural<\/title>\n<meta name=\"description\" content=\"El programa cultural comunitario \u00abTINKUY\u00bb (en espa\u00f1ol \u201cEncuentro\u201d) es una iniciativa de la Zona Arqueol\u00f3gica Caral, unidad ejecutora 003 del Ministerio de Cultura, concebido con la finalidad de generar un espacio de encuentro y promover iniciativas en diversos campos que contribuyan en la mejora de la comunidad.\" \/>\n<meta name=\"robots\" content=\"index, follow, max-snippet:-1, max-image-preview:large, max-video-preview:-1\" \/>\n<link rel=\"canonical\" href=\"https:\/\/zonacaral.gob.pe\/es\/noticias\/tinkuy-vichama-gran-encuentro-cultural\/\" \/>\n<meta property=\"og:locale\" content=\"es_ES\" \/>\n<meta property=\"og:type\" content=\"article\" \/>\n<meta property=\"og:title\" content=\"Tinkuy Vichama: Gran Encuentro Cultural\" \/>\n<meta property=\"og:description\" content=\"El programa cultural comunitario \u00abTINKUY\u00bb (en espa\u00f1ol \u201cEncuentro\u201d) es una iniciativa de la Zona Arqueol\u00f3gica Caral, unidad ejecutora 003 del Ministerio de Cultura, concebido con la finalidad de generar un espacio de encuentro y promover iniciativas en diversos campos que contribuyan en la mejora de la comunidad.\" \/>\n<meta property=\"og:url\" content=\"https:\/\/zonacaral.gob.pe\/es\/noticias\/tinkuy-vichama-gran-encuentro-cultural\/\" \/>\n<meta property=\"og:site_name\" content=\"Zona Caral\" \/>\n<meta property=\"article:published_time\" content=\"2018-04-12T20:57:33+00:00\" \/>\n<meta property=\"og:image\" content=\"https:\/\/zonacaral.gob.pe\/wp-content\/uploads\/2018\/04\/nota-tinkuy-vichama.jpg\" \/>\n\t<meta property=\"og:image:width\" content=\"800\" \/>\n\t<meta property=\"og:image:height\" content=\"420\" \/>\n\t<meta property=\"og:image:type\" content=\"image\/jpeg\" \/>\n<meta name=\"author\" content=\"Zona Caral Administrador\" \/>\n<meta name=\"twitter:card\" content=\"summary_large_image\" \/>\n<meta name=\"twitter:label1\" content=\"Written by\" \/>\n\t<meta name=\"twitter:data1\" content=\"Zona Caral Administrador\" \/>\n\t<meta name=\"twitter:label2\" content=\"Est. reading time\" \/>\n\t<meta name=\"twitter:data2\" content=\"3 minutos\" \/>\n<script type=\"application\/ld+json\" class=\"yoast-schema-graph\">{\"@context\":\"https:\\\/\\\/schema.org\",\"@graph\":[{\"@type\":\"Article\",\"@id\":\"https:\\\/\\\/zonacaral.gob.pe\\\/es\\\/noticias\\\/tinkuy-vichama-gran-encuentro-cultural\\\/#article\",\"isPartOf\":{\"@id\":\"https:\\\/\\\/zonacaral.gob.pe\\\/es\\\/noticias\\\/tinkuy-vichama-gran-encuentro-cultural\\\/\"},\"author\":{\"name\":\"Zona Caral Administrador\",\"@id\":\"https:\\\/\\\/zonacaral.gob.pe\\\/es\\\/#\\\/schema\\\/person\\\/beddb4d22f71a7230c5b90913270a0ee\"},\"headline\":\"Tinkuy Vichama: Gran Encuentro Cultural\",\"datePublished\":\"2018-04-12T20:57:33+00:00\",\"mainEntityOfPage\":{\"@id\":\"https:\\\/\\\/zonacaral.gob.pe\\\/es\\\/noticias\\\/tinkuy-vichama-gran-encuentro-cultural\\\/\"},\"wordCount\":522,\"image\":{\"@id\":\"https:\\\/\\\/zonacaral.gob.pe\\\/es\\\/noticias\\\/tinkuy-vichama-gran-encuentro-cultural\\\/#primaryimage\"},\"thumbnailUrl\":\"https:\\\/\\\/zonacaral.gob.pe\\\/wp-content\\\/uploads\\\/2018\\\/04\\\/nota-tinkuy-vichama.jpg\",\"keywords\":[\"caral\",\"tinkuy vichama\"],\"articleSection\":[\"noticias\"],\"inLanguage\":\"es-PE\"},{\"@type\":\"WebPage\",\"@id\":\"https:\\\/\\\/zonacaral.gob.pe\\\/es\\\/noticias\\\/tinkuy-vichama-gran-encuentro-cultural\\\/\",\"url\":\"https:\\\/\\\/zonacaral.gob.pe\\\/es\\\/noticias\\\/tinkuy-vichama-gran-encuentro-cultural\\\/\",\"name\":\"Tinkuy Vichama: Gran Encuentro Cultural\",\"isPartOf\":{\"@id\":\"https:\\\/\\\/zonacaral.gob.pe\\\/es\\\/#website\"},\"primaryImageOfPage\":{\"@id\":\"https:\\\/\\\/zonacaral.gob.pe\\\/es\\\/noticias\\\/tinkuy-vichama-gran-encuentro-cultural\\\/#primaryimage\"},\"image\":{\"@id\":\"https:\\\/\\\/zonacaral.gob.pe\\\/es\\\/noticias\\\/tinkuy-vichama-gran-encuentro-cultural\\\/#primaryimage\"},\"thumbnailUrl\":\"https:\\\/\\\/zonacaral.gob.pe\\\/wp-content\\\/uploads\\\/2018\\\/04\\\/nota-tinkuy-vichama.jpg\",\"datePublished\":\"2018-04-12T20:57:33+00:00\",\"author\":{\"@id\":\"https:\\\/\\\/zonacaral.gob.pe\\\/es\\\/#\\\/schema\\\/person\\\/beddb4d22f71a7230c5b90913270a0ee\"},\"description\":\"El programa cultural comunitario \u00abTINKUY\u00bb (en espa\u00f1ol \u201cEncuentro\u201d) es una iniciativa de la Zona Arqueol\u00f3gica Caral, unidad ejecutora 003 del Ministerio de Cultura, concebido con la finalidad de generar un espacio de encuentro y promover iniciativas en diversos campos que contribuyan en la mejora de la comunidad.\",\"breadcrumb\":{\"@id\":\"https:\\\/\\\/zonacaral.gob.pe\\\/es\\\/noticias\\\/tinkuy-vichama-gran-encuentro-cultural\\\/#breadcrumb\"},\"inLanguage\":\"es-PE\",\"potentialAction\":[{\"@type\":\"ReadAction\",\"target\":[\"https:\\\/\\\/zonacaral.gob.pe\\\/es\\\/noticias\\\/tinkuy-vichama-gran-encuentro-cultural\\\/\"]}]},{\"@type\":\"ImageObject\",\"inLanguage\":\"es-PE\",\"@id\":\"https:\\\/\\\/zonacaral.gob.pe\\\/es\\\/noticias\\\/tinkuy-vichama-gran-encuentro-cultural\\\/#primaryimage\",\"url\":\"https:\\\/\\\/zonacaral.gob.pe\\\/wp-content\\\/uploads\\\/2018\\\/04\\\/nota-tinkuy-vichama.jpg\",\"contentUrl\":\"https:\\\/\\\/zonacaral.gob.pe\\\/wp-content\\\/uploads\\\/2018\\\/04\\\/nota-tinkuy-vichama.jpg\",\"width\":800,\"height\":420},{\"@type\":\"BreadcrumbList\",\"@id\":\"https:\\\/\\\/zonacaral.gob.pe\\\/es\\\/noticias\\\/tinkuy-vichama-gran-encuentro-cultural\\\/#breadcrumb\",\"itemListElement\":[{\"@type\":\"ListItem\",\"position\":1,\"name\":\"Portada\",\"item\":\"https:\\\/\\\/zonacaral.gob.pe\\\/\"},{\"@type\":\"ListItem\",\"position\":2,\"name\":\"Tinkuy Vichama: Gran Encuentro Cultural\"}]},{\"@type\":\"WebSite\",\"@id\":\"https:\\\/\\\/zonacaral.gob.pe\\\/es\\\/#website\",\"url\":\"https:\\\/\\\/zonacaral.gob.pe\\\/es\\\/\",\"name\":\"Zona Caral\",\"description\":\"Investigamos, conservamos y difundimos el patrimonio cultural de la Civilizaci\u00f3n Caral, la m\u00e1s antigua de Am\u00e9rica.\",\"potentialAction\":[{\"@type\":\"SearchAction\",\"target\":{\"@type\":\"EntryPoint\",\"urlTemplate\":\"https:\\\/\\\/zonacaral.gob.pe\\\/es\\\/?s={search_term_string}\"},\"query-input\":{\"@type\":\"PropertyValueSpecification\",\"valueRequired\":true,\"valueName\":\"search_term_string\"}}],\"inLanguage\":\"es-PE\"},{\"@type\":\"Person\",\"@id\":\"https:\\\/\\\/zonacaral.gob.pe\\\/es\\\/#\\\/schema\\\/person\\\/beddb4d22f71a7230c5b90913270a0ee\",\"name\":\"Zona Caral Administrador\",\"image\":{\"@type\":\"ImageObject\",\"inLanguage\":\"es-PE\",\"@id\":\"https:\\\/\\\/secure.gravatar.com\\\/avatar\\\/e4be162918a696358376de6446614e0f0f4062bdc5d170d6d540ada3d8b58c12?s=96&d=mm&r=g\",\"url\":\"https:\\\/\\\/secure.gravatar.com\\\/avatar\\\/e4be162918a696358376de6446614e0f0f4062bdc5d170d6d540ada3d8b58c12?s=96&d=mm&r=g\",\"contentUrl\":\"https:\\\/\\\/secure.gravatar.com\\\/avatar\\\/e4be162918a696358376de6446614e0f0f4062bdc5d170d6d540ada3d8b58c12?s=96&d=mm&r=g\",\"caption\":\"Zona Caral Administrador\"},\"sameAs\":[\"https:\\\/\\\/zonacaral.gob.pe\"],\"url\":\"https:\\\/\\\/zonacaral.gob.pe\\\/es\\\/noticias\\\/author\\\/ad_zonacaral\\\/\"}]}<\/script>\n<!-- \/ Yoast SEO plugin. -->","yoast_head_json":{"title":"Tinkuy Vichama: Gran Encuentro Cultural","description":"El programa cultural comunitario \u00abTINKUY\u00bb (en espa\u00f1ol \u201cEncuentro\u201d) es una iniciativa de la Zona Arqueol\u00f3gica Caral, unidad ejecutora 003 del Ministerio de Cultura, concebido con la finalidad de generar un espacio de encuentro y promover iniciativas en diversos campos que contribuyan en la mejora de la comunidad.","robots":{"index":"index","follow":"follow","max-snippet":"max-snippet:-1","max-image-preview":"max-image-preview:large","max-video-preview":"max-video-preview:-1"},"canonical":"https:\/\/zonacaral.gob.pe\/es\/noticias\/tinkuy-vichama-gran-encuentro-cultural\/","og_locale":"es_ES","og_type":"article","og_title":"Tinkuy Vichama: Gran Encuentro Cultural","og_description":"El programa cultural comunitario \u00abTINKUY\u00bb (en espa\u00f1ol \u201cEncuentro\u201d) es una iniciativa de la Zona Arqueol\u00f3gica Caral, unidad ejecutora 003 del Ministerio de Cultura, concebido con la finalidad de generar un espacio de encuentro y promover iniciativas en diversos campos que contribuyan en la mejora de la comunidad.","og_url":"https:\/\/zonacaral.gob.pe\/es\/noticias\/tinkuy-vichama-gran-encuentro-cultural\/","og_site_name":"Zona Caral","article_published_time":"2018-04-12T20:57:33+00:00","og_image":[{"width":800,"height":420,"url":"https:\/\/zonacaral.gob.pe\/wp-content\/uploads\/2018\/04\/nota-tinkuy-vichama.jpg","type":"image\/jpeg"}],"author":"Zona Caral Administrador","twitter_card":"summary_large_image","twitter_misc":{"Written by":"Zona Caral Administrador","Est. reading time":"3 minutos"},"schema":{"@context":"https:\/\/schema.org","@graph":[{"@type":"Article","@id":"https:\/\/zonacaral.gob.pe\/es\/noticias\/tinkuy-vichama-gran-encuentro-cultural\/#article","isPartOf":{"@id":"https:\/\/zonacaral.gob.pe\/es\/noticias\/tinkuy-vichama-gran-encuentro-cultural\/"},"author":{"name":"Zona Caral Administrador","@id":"https:\/\/zonacaral.gob.pe\/es\/#\/schema\/person\/beddb4d22f71a7230c5b90913270a0ee"},"headline":"Tinkuy Vichama: Gran Encuentro Cultural","datePublished":"2018-04-12T20:57:33+00:00","mainEntityOfPage":{"@id":"https:\/\/zonacaral.gob.pe\/es\/noticias\/tinkuy-vichama-gran-encuentro-cultural\/"},"wordCount":522,"image":{"@id":"https:\/\/zonacaral.gob.pe\/es\/noticias\/tinkuy-vichama-gran-encuentro-cultural\/#primaryimage"},"thumbnailUrl":"https:\/\/zonacaral.gob.pe\/wp-content\/uploads\/2018\/04\/nota-tinkuy-vichama.jpg","keywords":["caral","tinkuy vichama"],"articleSection":["noticias"],"inLanguage":"es-PE"},{"@type":"WebPage","@id":"https:\/\/zonacaral.gob.pe\/es\/noticias\/tinkuy-vichama-gran-encuentro-cultural\/","url":"https:\/\/zonacaral.gob.pe\/es\/noticias\/tinkuy-vichama-gran-encuentro-cultural\/","name":"Tinkuy Vichama: Gran Encuentro Cultural","isPartOf":{"@id":"https:\/\/zonacaral.gob.pe\/es\/#website"},"primaryImageOfPage":{"@id":"https:\/\/zonacaral.gob.pe\/es\/noticias\/tinkuy-vichama-gran-encuentro-cultural\/#primaryimage"},"image":{"@id":"https:\/\/zonacaral.gob.pe\/es\/noticias\/tinkuy-vichama-gran-encuentro-cultural\/#primaryimage"},"thumbnailUrl":"https:\/\/zonacaral.gob.pe\/wp-content\/uploads\/2018\/04\/nota-tinkuy-vichama.jpg","datePublished":"2018-04-12T20:57:33+00:00","author":{"@id":"https:\/\/zonacaral.gob.pe\/es\/#\/schema\/person\/beddb4d22f71a7230c5b90913270a0ee"},"description":"El programa cultural comunitario \u00abTINKUY\u00bb (en espa\u00f1ol \u201cEncuentro\u201d) es una iniciativa de la Zona Arqueol\u00f3gica Caral, unidad ejecutora 003 del Ministerio de Cultura, concebido con la finalidad de generar un espacio de encuentro y promover iniciativas en diversos campos que contribuyan en la mejora de la comunidad.","breadcrumb":{"@id":"https:\/\/zonacaral.gob.pe\/es\/noticias\/tinkuy-vichama-gran-encuentro-cultural\/#breadcrumb"},"inLanguage":"es-PE","potentialAction":[{"@type":"ReadAction","target":["https:\/\/zonacaral.gob.pe\/es\/noticias\/tinkuy-vichama-gran-encuentro-cultural\/"]}]},{"@type":"ImageObject","inLanguage":"es-PE","@id":"https:\/\/zonacaral.gob.pe\/es\/noticias\/tinkuy-vichama-gran-encuentro-cultural\/#primaryimage","url":"https:\/\/zonacaral.gob.pe\/wp-content\/uploads\/2018\/04\/nota-tinkuy-vichama.jpg","contentUrl":"https:\/\/zonacaral.gob.pe\/wp-content\/uploads\/2018\/04\/nota-tinkuy-vichama.jpg","width":800,"height":420},{"@type":"BreadcrumbList","@id":"https:\/\/zonacaral.gob.pe\/es\/noticias\/tinkuy-vichama-gran-encuentro-cultural\/#breadcrumb","itemListElement":[{"@type":"ListItem","position":1,"name":"Portada","item":"https:\/\/zonacaral.gob.pe\/"},{"@type":"ListItem","position":2,"name":"Tinkuy Vichama: Gran Encuentro Cultural"}]},{"@type":"WebSite","@id":"https:\/\/zonacaral.gob.pe\/es\/#website","url":"https:\/\/zonacaral.gob.pe\/es\/","name":"Zona Caral","description":"Investigamos, conservamos y difundimos el patrimonio cultural de la Civilizaci\u00f3n Caral, la m\u00e1s antigua de Am\u00e9rica.","potentialAction":[{"@type":"SearchAction","target":{"@type":"EntryPoint","urlTemplate":"https:\/\/zonacaral.gob.pe\/es\/?s={search_term_string}"},"query-input":{"@type":"PropertyValueSpecification","valueRequired":true,"valueName":"search_term_string"}}],"inLanguage":"es-PE"},{"@type":"Person","@id":"https:\/\/zonacaral.gob.pe\/es\/#\/schema\/person\/beddb4d22f71a7230c5b90913270a0ee","name":"Zona Caral Administrador","image":{"@type":"ImageObject","inLanguage":"es-PE","@id":"https:\/\/secure.gravatar.com\/avatar\/e4be162918a696358376de6446614e0f0f4062bdc5d170d6d540ada3d8b58c12?s=96&d=mm&r=g","url":"https:\/\/secure.gravatar.com\/avatar\/e4be162918a696358376de6446614e0f0f4062bdc5d170d6d540ada3d8b58c12?s=96&d=mm&r=g","contentUrl":"https:\/\/secure.gravatar.com\/avatar\/e4be162918a696358376de6446614e0f0f4062bdc5d170d6d540ada3d8b58c12?s=96&d=mm&r=g","caption":"Zona Caral Administrador"},"sameAs":["https:\/\/zonacaral.gob.pe"],"url":"https:\/\/zonacaral.gob.pe\/es\/noticias\/author\/ad_zonacaral\/"}]}},"_links":{"self":[{"href":"https:\/\/zonacaral.gob.pe\/es\/wp-json\/wp\/v2\/posts\/12482","targetHints":{"allow":["GET"]}}],"collection":[{"href":"https:\/\/zonacaral.gob.pe\/es\/wp-json\/wp\/v2\/posts"}],"about":[{"href":"https:\/\/zonacaral.gob.pe\/es\/wp-json\/wp\/v2\/types\/post"}],"author":[{"embeddable":true,"href":"https:\/\/zonacaral.gob.pe\/es\/wp-json\/wp\/v2\/users\/1"}],"replies":[{"embeddable":true,"href":"https:\/\/zonacaral.gob.pe\/es\/wp-json\/wp\/v2\/comments?post=12482"}],"version-history":[{"count":0,"href":"https:\/\/zonacaral.gob.pe\/es\/wp-json\/wp\/v2\/posts\/12482\/revisions"}],"wp:featuredmedia":[{"embeddable":true,"href":"https:\/\/zonacaral.gob.pe\/es\/wp-json\/wp\/v2\/media\/12483"}],"wp:attachment":[{"href":"https:\/\/zonacaral.gob.pe\/es\/wp-json\/wp\/v2\/media?parent=12482"}],"wp:term":[{"taxonomy":"category","embeddable":true,"href":"https:\/\/zonacaral.gob.pe\/es\/wp-json\/wp\/v2\/categories?post=12482"},{"taxonomy":"post_tag","embeddable":true,"href":"https:\/\/zonacaral.gob.pe\/es\/wp-json\/wp\/v2\/tags?post=12482"}],"curies":[{"name":"wp","href":"https:\/\/api.w.org\/{rel}","templated":true}]}}