{"id":12490,"date":"2018-04-12T20:04:29","date_gmt":"2018-04-13T01:04:29","guid":{"rendered":"http:\/\/www.zonacaral.gob.pe\/?p=12490"},"modified":"2018-04-12T20:04:29","modified_gmt":"2018-04-13T01:04:29","slug":"te-llevamos-al-tinkuy-vichama-enterate-aqui-como-participar","status":"publish","type":"post","link":"https:\/\/zonacaral.gob.pe\/es\/noticias\/te-llevamos-al-tinkuy-vichama-enterate-aqui-como-participar\/","title":{"rendered":"Te llevamos al TINKUY Vichama: Ent\u00e9rate aqu\u00ed c\u00f3mo participar"},"content":{"rendered":"<figure class=\"pic-autor\" style=\"color: #4d4d4d; text-align: justify;\"><\/figure>\n<p style=\"text-align: justify;\">La Zona Arqueol\u00f3gica de Caral (ZAC) est\u00e1 organizando un viaje educativo de dos d\u00edas (s\u00e1bado 21 y domingo 22 de abril), para quienes deseen desconectarse de la rutina e ingresar en contacto con la naturaleza y nuestra cultura en Vichama, considerada como la Civilizaci\u00f3n Agropesquera de V\u00e9gueta \u2013 Huacho &#8211; Lima.<\/p>\n<p style=\"text-align: justify;\">Los que deseen participar de este paseo, organizado en el marco de las actividades por el Tinkuy \u2013 Vichama, donde se promueve la interacci\u00f3n de los valores sociales y culturales de la Civilizaci\u00f3n Caral y la propuesta del \u201cSumaq Kawsay\u201d o buen vivir, deben inscribirse enviando un correo a:\u00a0<a href=\"mailto:viajeeducativo@zonacaral.gob.pe\">viajeeducativo@zonacaral.gob.pe<\/a>\u00a0o llamando al 01 205-2517.<\/p>\n<p style=\"text-align: justify;\">Cabe resaltar que el programa cultural comunitario \u00abTINKUY\u00bb (en espa\u00f1ol \u201cEncuentro\u201d) es una iniciativa de la ZAC, unidad ejecutora 003 del Ministerio de Cultura, concebido con la finalidad de generar un espacio de encuentro y promover iniciativas en diversos campos que contribuyan en la mejora de la comunidad.<\/p>\n<h3 style=\"text-align: justify;\">\u00bfQU\u00c9 ENCONTRAR\u00c1S?<\/h3>\n<p style=\"text-align: justify;\">El Tinkuy \u2013 Vichama, tendr\u00e1 como principales atractivos el iluminado nocturno de los monumentos ancestrales de este sitio arqueol\u00f3gico y la presentaci\u00f3n de la Filarm\u00f3nica Mercedaria de Huacho.<\/p>\n<p style=\"text-align: justify;\">Conoce la programaci\u00f3n completa de los viajes educativos ingresando aqu\u00ed:\u00a0 <span style=\"color: #993300;\"><strong><a href=\"http:\/\/www.zonacaral.gob.pe\/viajes-educativos\/salidas-semanales\/21-y-22-abril-campamento\/\"><span style=\"color: #993300;\">zonacaral.gob.pe\/viajes-educativos\/salidas-semanales\/21-y-22-abril-campamento\/<\/span><\/a><\/strong><\/span><\/p>\n<h3 style=\"text-align: justify;\"><span lang=\"ES\" style=\"color: #222222;\">DATO:<\/span><\/h3>\n<p style=\"text-align: justify;\"><span lang=\"ES\" style=\"color: #222222;\">La Zona Arqueol\u00f3gica de Vichama, se encuentra ubicada\u00a0<\/span>en el distrito de V\u00e9gueta, provincia de Huaura, al norte de Lima, a la altura del kil\u00f3metro 146 de la Panamericana Norte. Recuerda que tambi\u00e9n puedes visitar este lugar hist\u00f3rico y cultural de manera particular, aqu\u00ed te indicamos c\u00f3mo llegar<strong><span style=\"color: #993300;\">:\u00a0<a href=\"http:\/\/www.zonacaral.gob.pe\/conoce-caral\/como-llegar-a-vichama\/\"><span style=\"color: #993300;\">zonacaral.gob.pe\/conoce-caral\/como-llegar-a-vichama\/<\/span><\/a><\/span><\/strong><\/p>\n<p class=\"news-summary\" style=\"font-weight: normal; color: #444444;\"><strong style=\"color: #993300;\">Fuen<span style=\"color: #993300;\">te:\u00a0Prensa ZAC<\/span><\/strong><\/p>\n<div style=\"color: #1f1f1f;\">\n<p style=\"text-align: justify;\">Fecha de publicaci\u00f3n: 12\/04\/2018<\/p>\n<\/div>\n","protected":false},"excerpt":{"rendered":"<p>La Zona Arqueol\u00f3gica de Caral (ZAC) est\u00e1 organizando un viaje educativo de dos d\u00edas (s\u00e1bado 21 y domingo 22 de [&hellip;]<\/p>\n","protected":false},"author":1,"featured_media":12476,"comment_status":"closed","ping_status":"open","sticky":false,"template":"","format":"standard","meta":{"_acf_changed":false,"site-sidebar-layout":"default","site-content-layout":"","ast-site-content-layout":"default","site-content-style":"default","site-sidebar-style":"default","ast-global-header-display":"","ast-banner-title-visibility":"","ast-main-header-display":"","ast-hfb-above-header-display":"","ast-hfb-below-header-display":"","ast-hfb-mobile-header-display":"","site-post-title":"","ast-breadcrumbs-content":"","ast-featured-img":"","footer-sml-layout":"","ast-disable-related-posts":"","theme-transparent-header-meta":"","adv-header-id-meta":"","stick-header-meta":"","header-above-stick-meta":"","header-main-stick-meta":"","header-below-stick-meta":"","astra-migrate-meta-layouts":"default","ast-page-background-enabled":"default","ast-page-background-meta":{"desktop":{"background-color":"var(--ast-global-color-5)","background-image":"","background-repeat":"repeat","background-position":"center center","background-size":"auto","background-attachment":"scroll","background-type":"","background-media":"","overlay-type":"","overlay-color":"","overlay-opacity":"","overlay-gradient":""},"tablet":{"background-color":"","background-image":"","background-repeat":"repeat","background-position":"center center","background-size":"auto","background-attachment":"scroll","background-type":"","background-media":"","overlay-type":"","overlay-color":"","overlay-opacity":"","overlay-gradient":""},"mobile":{"background-color":"","background-image":"","background-repeat":"repeat","background-position":"center center","background-size":"auto","background-attachment":"scroll","background-type":"","background-media":"","overlay-type":"","overlay-color":"","overlay-opacity":"","overlay-gradient":""}},"ast-content-background-meta":{"desktop":{"background-color":"var(--ast-global-color-4)","background-image":"","background-repeat":"repeat","background-position":"center center","background-size":"auto","background-attachment":"scroll","background-type":"","background-media":"","overlay-type":"","overlay-color":"","overlay-opacity":"","overlay-gradient":""},"tablet":{"background-color":"var(--ast-global-color-4)","background-image":"","background-repeat":"repeat","background-position":"center center","background-size":"auto","background-attachment":"scroll","background-type":"","background-media":"","overlay-type":"","overlay-color":"","overlay-opacity":"","overlay-gradient":""},"mobile":{"background-color":"var(--ast-global-color-4)","background-image":"","background-repeat":"repeat","background-position":"center center","background-size":"auto","background-attachment":"scroll","background-type":"","background-media":"","overlay-type":"","overlay-color":"","overlay-opacity":"","overlay-gradient":""}},"footnotes":""},"categories":[208],"tags":[55,152],"class_list":["post-12490","post","type-post","status-publish","format-standard","has-post-thumbnail","hentry","category-noticias","tag-caral","tag-tinkuy-vichama"],"acf":[],"yoast_head":"<!-- This site is optimized with the Yoast SEO plugin v27.3 - https:\/\/yoast.com\/product\/yoast-seo-wordpress\/ -->\n<title>Te llevamos al TINKUY Vichama: Ent\u00e9rate aqu\u00ed c\u00f3mo participar<\/title>\n<meta name=\"description\" content=\"La Zona Arqueol\u00f3gica de Caral (ZAC) est\u00e1 organizando un viaje educativo de dos d\u00edas (s\u00e1bado 21 y domingo 22 de abril), para quienes deseen desconectarse de la rutina e ingresar en contacto con la naturaleza y nuestra cultura en Vichama, considerada como la Civilizaci\u00f3n Agropesquera de V\u00e9gueta \u2013 Huacho - Lima.\" \/>\n<meta name=\"robots\" content=\"index, follow, max-snippet:-1, max-image-preview:large, max-video-preview:-1\" \/>\n<link rel=\"canonical\" href=\"https:\/\/zonacaral.gob.pe\/es\/noticias\/te-llevamos-al-tinkuy-vichama-enterate-aqui-como-participar\/\" \/>\n<meta property=\"og:locale\" content=\"es_ES\" \/>\n<meta property=\"og:type\" content=\"article\" \/>\n<meta property=\"og:title\" content=\"Te llevamos al TINKUY Vichama: Ent\u00e9rate aqu\u00ed c\u00f3mo participar\" \/>\n<meta property=\"og:description\" content=\"La Zona Arqueol\u00f3gica de Caral (ZAC) est\u00e1 organizando un viaje educativo de dos d\u00edas (s\u00e1bado 21 y domingo 22 de abril), para quienes deseen desconectarse de la rutina e ingresar en contacto con la naturaleza y nuestra cultura en Vichama, considerada como la Civilizaci\u00f3n Agropesquera de V\u00e9gueta \u2013 Huacho - Lima.\" \/>\n<meta property=\"og:url\" content=\"https:\/\/zonacaral.gob.pe\/es\/noticias\/te-llevamos-al-tinkuy-vichama-enterate-aqui-como-participar\/\" \/>\n<meta property=\"og:site_name\" content=\"Zona Caral\" \/>\n<meta property=\"article:published_time\" content=\"2018-04-13T01:04:29+00:00\" \/>\n<meta property=\"og:image\" content=\"https:\/\/zonacaral.gob.pe\/wp-content\/uploads\/2018\/04\/viaje-tinkuy.jpg\" \/>\n\t<meta property=\"og:image:width\" content=\"800\" \/>\n\t<meta property=\"og:image:height\" content=\"420\" \/>\n\t<meta property=\"og:image:type\" content=\"image\/jpeg\" \/>\n<meta name=\"author\" content=\"Zona Caral Administrador\" \/>\n<meta name=\"twitter:card\" content=\"summary_large_image\" \/>\n<meta name=\"twitter:label1\" content=\"Written by\" \/>\n\t<meta name=\"twitter:data1\" content=\"Zona Caral Administrador\" \/>\n\t<meta name=\"twitter:label2\" content=\"Est. reading time\" \/>\n\t<meta name=\"twitter:data2\" content=\"1 minuto\" \/>\n<script type=\"application\/ld+json\" class=\"yoast-schema-graph\">{\"@context\":\"https:\\\/\\\/schema.org\",\"@graph\":[{\"@type\":\"Article\",\"@id\":\"https:\\\/\\\/zonacaral.gob.pe\\\/en\\\/noticias\\\/te-llevamos-al-tinkuy-vichama-enterate-aqui-como-participar\\\/#article\",\"isPartOf\":{\"@id\":\"https:\\\/\\\/zonacaral.gob.pe\\\/en\\\/noticias\\\/te-llevamos-al-tinkuy-vichama-enterate-aqui-como-participar\\\/\"},\"author\":{\"name\":\"Zona Caral Administrador\",\"@id\":\"https:\\\/\\\/zonacaral.gob.pe\\\/es\\\/#\\\/schema\\\/person\\\/beddb4d22f71a7230c5b90913270a0ee\"},\"headline\":\"Te llevamos al TINKUY Vichama: Ent\u00e9rate aqu\u00ed c\u00f3mo participar\",\"datePublished\":\"2018-04-13T01:04:29+00:00\",\"mainEntityOfPage\":{\"@id\":\"https:\\\/\\\/zonacaral.gob.pe\\\/en\\\/noticias\\\/te-llevamos-al-tinkuy-vichama-enterate-aqui-como-participar\\\/\"},\"wordCount\":287,\"image\":{\"@id\":\"https:\\\/\\\/zonacaral.gob.pe\\\/en\\\/noticias\\\/te-llevamos-al-tinkuy-vichama-enterate-aqui-como-participar\\\/#primaryimage\"},\"thumbnailUrl\":\"https:\\\/\\\/zonacaral.gob.pe\\\/wp-content\\\/uploads\\\/2018\\\/04\\\/viaje-tinkuy.jpg\",\"keywords\":[\"caral\",\"tinkuy vichama\"],\"articleSection\":[\"noticias\"],\"inLanguage\":\"es-PE\"},{\"@type\":\"WebPage\",\"@id\":\"https:\\\/\\\/zonacaral.gob.pe\\\/en\\\/noticias\\\/te-llevamos-al-tinkuy-vichama-enterate-aqui-como-participar\\\/\",\"url\":\"https:\\\/\\\/zonacaral.gob.pe\\\/en\\\/noticias\\\/te-llevamos-al-tinkuy-vichama-enterate-aqui-como-participar\\\/\",\"name\":\"Te llevamos al TINKUY Vichama: Ent\u00e9rate aqu\u00ed c\u00f3mo participar\",\"isPartOf\":{\"@id\":\"https:\\\/\\\/zonacaral.gob.pe\\\/es\\\/#website\"},\"primaryImageOfPage\":{\"@id\":\"https:\\\/\\\/zonacaral.gob.pe\\\/en\\\/noticias\\\/te-llevamos-al-tinkuy-vichama-enterate-aqui-como-participar\\\/#primaryimage\"},\"image\":{\"@id\":\"https:\\\/\\\/zonacaral.gob.pe\\\/en\\\/noticias\\\/te-llevamos-al-tinkuy-vichama-enterate-aqui-como-participar\\\/#primaryimage\"},\"thumbnailUrl\":\"https:\\\/\\\/zonacaral.gob.pe\\\/wp-content\\\/uploads\\\/2018\\\/04\\\/viaje-tinkuy.jpg\",\"datePublished\":\"2018-04-13T01:04:29+00:00\",\"author\":{\"@id\":\"https:\\\/\\\/zonacaral.gob.pe\\\/es\\\/#\\\/schema\\\/person\\\/beddb4d22f71a7230c5b90913270a0ee\"},\"description\":\"La Zona Arqueol\u00f3gica de Caral (ZAC) est\u00e1 organizando un viaje educativo de dos d\u00edas (s\u00e1bado 21 y domingo 22 de abril), para quienes deseen desconectarse de la rutina e ingresar en contacto con la naturaleza y nuestra cultura en Vichama, considerada como la Civilizaci\u00f3n Agropesquera de V\u00e9gueta \u2013 Huacho - Lima.\",\"breadcrumb\":{\"@id\":\"https:\\\/\\\/zonacaral.gob.pe\\\/en\\\/noticias\\\/te-llevamos-al-tinkuy-vichama-enterate-aqui-como-participar\\\/#breadcrumb\"},\"inLanguage\":\"es-PE\",\"potentialAction\":[{\"@type\":\"ReadAction\",\"target\":[\"https:\\\/\\\/zonacaral.gob.pe\\\/en\\\/noticias\\\/te-llevamos-al-tinkuy-vichama-enterate-aqui-como-participar\\\/\"]}]},{\"@type\":\"ImageObject\",\"inLanguage\":\"es-PE\",\"@id\":\"https:\\\/\\\/zonacaral.gob.pe\\\/en\\\/noticias\\\/te-llevamos-al-tinkuy-vichama-enterate-aqui-como-participar\\\/#primaryimage\",\"url\":\"https:\\\/\\\/zonacaral.gob.pe\\\/wp-content\\\/uploads\\\/2018\\\/04\\\/viaje-tinkuy.jpg\",\"contentUrl\":\"https:\\\/\\\/zonacaral.gob.pe\\\/wp-content\\\/uploads\\\/2018\\\/04\\\/viaje-tinkuy.jpg\",\"width\":800,\"height\":420},{\"@type\":\"BreadcrumbList\",\"@id\":\"https:\\\/\\\/zonacaral.gob.pe\\\/en\\\/noticias\\\/te-llevamos-al-tinkuy-vichama-enterate-aqui-como-participar\\\/#breadcrumb\",\"itemListElement\":[{\"@type\":\"ListItem\",\"position\":1,\"name\":\"Portada\",\"item\":\"https:\\\/\\\/zonacaral.gob.pe\\\/\"},{\"@type\":\"ListItem\",\"position\":2,\"name\":\"Te llevamos al TINKUY Vichama: Ent\u00e9rate aqu\u00ed c\u00f3mo participar\"}]},{\"@type\":\"WebSite\",\"@id\":\"https:\\\/\\\/zonacaral.gob.pe\\\/es\\\/#website\",\"url\":\"https:\\\/\\\/zonacaral.gob.pe\\\/es\\\/\",\"name\":\"Zona Caral\",\"description\":\"Investigamos, conservamos y difundimos el patrimonio cultural de la Civilizaci\u00f3n Caral, la m\u00e1s antigua de Am\u00e9rica.\",\"potentialAction\":[{\"@type\":\"SearchAction\",\"target\":{\"@type\":\"EntryPoint\",\"urlTemplate\":\"https:\\\/\\\/zonacaral.gob.pe\\\/es\\\/?s={search_term_string}\"},\"query-input\":{\"@type\":\"PropertyValueSpecification\",\"valueRequired\":true,\"valueName\":\"search_term_string\"}}],\"inLanguage\":\"es-PE\"},{\"@type\":\"Person\",\"@id\":\"https:\\\/\\\/zonacaral.gob.pe\\\/es\\\/#\\\/schema\\\/person\\\/beddb4d22f71a7230c5b90913270a0ee\",\"name\":\"Zona Caral Administrador\",\"image\":{\"@type\":\"ImageObject\",\"inLanguage\":\"es-PE\",\"@id\":\"https:\\\/\\\/secure.gravatar.com\\\/avatar\\\/e4be162918a696358376de6446614e0f0f4062bdc5d170d6d540ada3d8b58c12?s=96&d=mm&r=g\",\"url\":\"https:\\\/\\\/secure.gravatar.com\\\/avatar\\\/e4be162918a696358376de6446614e0f0f4062bdc5d170d6d540ada3d8b58c12?s=96&d=mm&r=g\",\"contentUrl\":\"https:\\\/\\\/secure.gravatar.com\\\/avatar\\\/e4be162918a696358376de6446614e0f0f4062bdc5d170d6d540ada3d8b58c12?s=96&d=mm&r=g\",\"caption\":\"Zona Caral Administrador\"},\"sameAs\":[\"https:\\\/\\\/zonacaral.gob.pe\"],\"url\":\"https:\\\/\\\/zonacaral.gob.pe\\\/es\\\/noticias\\\/author\\\/ad_zonacaral\\\/\"}]}<\/script>\n<!-- \/ Yoast SEO plugin. -->","yoast_head_json":{"title":"Te llevamos al TINKUY Vichama: Ent\u00e9rate aqu\u00ed c\u00f3mo participar","description":"La Zona Arqueol\u00f3gica de Caral (ZAC) est\u00e1 organizando un viaje educativo de dos d\u00edas (s\u00e1bado 21 y domingo 22 de abril), para quienes deseen desconectarse de la rutina e ingresar en contacto con la naturaleza y nuestra cultura en Vichama, considerada como la Civilizaci\u00f3n Agropesquera de V\u00e9gueta \u2013 Huacho - Lima.","robots":{"index":"index","follow":"follow","max-snippet":"max-snippet:-1","max-image-preview":"max-image-preview:large","max-video-preview":"max-video-preview:-1"},"canonical":"https:\/\/zonacaral.gob.pe\/es\/noticias\/te-llevamos-al-tinkuy-vichama-enterate-aqui-como-participar\/","og_locale":"es_ES","og_type":"article","og_title":"Te llevamos al TINKUY Vichama: Ent\u00e9rate aqu\u00ed c\u00f3mo participar","og_description":"La Zona Arqueol\u00f3gica de Caral (ZAC) est\u00e1 organizando un viaje educativo de dos d\u00edas (s\u00e1bado 21 y domingo 22 de abril), para quienes deseen desconectarse de la rutina e ingresar en contacto con la naturaleza y nuestra cultura en Vichama, considerada como la Civilizaci\u00f3n Agropesquera de V\u00e9gueta \u2013 Huacho - Lima.","og_url":"https:\/\/zonacaral.gob.pe\/es\/noticias\/te-llevamos-al-tinkuy-vichama-enterate-aqui-como-participar\/","og_site_name":"Zona Caral","article_published_time":"2018-04-13T01:04:29+00:00","og_image":[{"width":800,"height":420,"url":"https:\/\/zonacaral.gob.pe\/wp-content\/uploads\/2018\/04\/viaje-tinkuy.jpg","type":"image\/jpeg"}],"author":"Zona Caral Administrador","twitter_card":"summary_large_image","twitter_misc":{"Written by":"Zona Caral Administrador","Est. reading time":"1 minuto"},"schema":{"@context":"https:\/\/schema.org","@graph":[{"@type":"Article","@id":"https:\/\/zonacaral.gob.pe\/en\/noticias\/te-llevamos-al-tinkuy-vichama-enterate-aqui-como-participar\/#article","isPartOf":{"@id":"https:\/\/zonacaral.gob.pe\/en\/noticias\/te-llevamos-al-tinkuy-vichama-enterate-aqui-como-participar\/"},"author":{"name":"Zona Caral Administrador","@id":"https:\/\/zonacaral.gob.pe\/es\/#\/schema\/person\/beddb4d22f71a7230c5b90913270a0ee"},"headline":"Te llevamos al TINKUY Vichama: Ent\u00e9rate aqu\u00ed c\u00f3mo participar","datePublished":"2018-04-13T01:04:29+00:00","mainEntityOfPage":{"@id":"https:\/\/zonacaral.gob.pe\/en\/noticias\/te-llevamos-al-tinkuy-vichama-enterate-aqui-como-participar\/"},"wordCount":287,"image":{"@id":"https:\/\/zonacaral.gob.pe\/en\/noticias\/te-llevamos-al-tinkuy-vichama-enterate-aqui-como-participar\/#primaryimage"},"thumbnailUrl":"https:\/\/zonacaral.gob.pe\/wp-content\/uploads\/2018\/04\/viaje-tinkuy.jpg","keywords":["caral","tinkuy vichama"],"articleSection":["noticias"],"inLanguage":"es-PE"},{"@type":"WebPage","@id":"https:\/\/zonacaral.gob.pe\/en\/noticias\/te-llevamos-al-tinkuy-vichama-enterate-aqui-como-participar\/","url":"https:\/\/zonacaral.gob.pe\/en\/noticias\/te-llevamos-al-tinkuy-vichama-enterate-aqui-como-participar\/","name":"Te llevamos al TINKUY Vichama: Ent\u00e9rate aqu\u00ed c\u00f3mo participar","isPartOf":{"@id":"https:\/\/zonacaral.gob.pe\/es\/#website"},"primaryImageOfPage":{"@id":"https:\/\/zonacaral.gob.pe\/en\/noticias\/te-llevamos-al-tinkuy-vichama-enterate-aqui-como-participar\/#primaryimage"},"image":{"@id":"https:\/\/zonacaral.gob.pe\/en\/noticias\/te-llevamos-al-tinkuy-vichama-enterate-aqui-como-participar\/#primaryimage"},"thumbnailUrl":"https:\/\/zonacaral.gob.pe\/wp-content\/uploads\/2018\/04\/viaje-tinkuy.jpg","datePublished":"2018-04-13T01:04:29+00:00","author":{"@id":"https:\/\/zonacaral.gob.pe\/es\/#\/schema\/person\/beddb4d22f71a7230c5b90913270a0ee"},"description":"La Zona Arqueol\u00f3gica de Caral (ZAC) est\u00e1 organizando un viaje educativo de dos d\u00edas (s\u00e1bado 21 y domingo 22 de abril), para quienes deseen desconectarse de la rutina e ingresar en contacto con la naturaleza y nuestra cultura en Vichama, considerada como la Civilizaci\u00f3n Agropesquera de V\u00e9gueta \u2013 Huacho - Lima.","breadcrumb":{"@id":"https:\/\/zonacaral.gob.pe\/en\/noticias\/te-llevamos-al-tinkuy-vichama-enterate-aqui-como-participar\/#breadcrumb"},"inLanguage":"es-PE","potentialAction":[{"@type":"ReadAction","target":["https:\/\/zonacaral.gob.pe\/en\/noticias\/te-llevamos-al-tinkuy-vichama-enterate-aqui-como-participar\/"]}]},{"@type":"ImageObject","inLanguage":"es-PE","@id":"https:\/\/zonacaral.gob.pe\/en\/noticias\/te-llevamos-al-tinkuy-vichama-enterate-aqui-como-participar\/#primaryimage","url":"https:\/\/zonacaral.gob.pe\/wp-content\/uploads\/2018\/04\/viaje-tinkuy.jpg","contentUrl":"https:\/\/zonacaral.gob.pe\/wp-content\/uploads\/2018\/04\/viaje-tinkuy.jpg","width":800,"height":420},{"@type":"BreadcrumbList","@id":"https:\/\/zonacaral.gob.pe\/en\/noticias\/te-llevamos-al-tinkuy-vichama-enterate-aqui-como-participar\/#breadcrumb","itemListElement":[{"@type":"ListItem","position":1,"name":"Portada","item":"https:\/\/zonacaral.gob.pe\/"},{"@type":"ListItem","position":2,"name":"Te llevamos al TINKUY Vichama: Ent\u00e9rate aqu\u00ed c\u00f3mo participar"}]},{"@type":"WebSite","@id":"https:\/\/zonacaral.gob.pe\/es\/#website","url":"https:\/\/zonacaral.gob.pe\/es\/","name":"Zona Caral","description":"Investigamos, conservamos y difundimos el patrimonio cultural de la Civilizaci\u00f3n Caral, la m\u00e1s antigua de Am\u00e9rica.","potentialAction":[{"@type":"SearchAction","target":{"@type":"EntryPoint","urlTemplate":"https:\/\/zonacaral.gob.pe\/es\/?s={search_term_string}"},"query-input":{"@type":"PropertyValueSpecification","valueRequired":true,"valueName":"search_term_string"}}],"inLanguage":"es-PE"},{"@type":"Person","@id":"https:\/\/zonacaral.gob.pe\/es\/#\/schema\/person\/beddb4d22f71a7230c5b90913270a0ee","name":"Zona Caral Administrador","image":{"@type":"ImageObject","inLanguage":"es-PE","@id":"https:\/\/secure.gravatar.com\/avatar\/e4be162918a696358376de6446614e0f0f4062bdc5d170d6d540ada3d8b58c12?s=96&d=mm&r=g","url":"https:\/\/secure.gravatar.com\/avatar\/e4be162918a696358376de6446614e0f0f4062bdc5d170d6d540ada3d8b58c12?s=96&d=mm&r=g","contentUrl":"https:\/\/secure.gravatar.com\/avatar\/e4be162918a696358376de6446614e0f0f4062bdc5d170d6d540ada3d8b58c12?s=96&d=mm&r=g","caption":"Zona Caral Administrador"},"sameAs":["https:\/\/zonacaral.gob.pe"],"url":"https:\/\/zonacaral.gob.pe\/es\/noticias\/author\/ad_zonacaral\/"}]}},"_links":{"self":[{"href":"https:\/\/zonacaral.gob.pe\/es\/wp-json\/wp\/v2\/posts\/12490","targetHints":{"allow":["GET"]}}],"collection":[{"href":"https:\/\/zonacaral.gob.pe\/es\/wp-json\/wp\/v2\/posts"}],"about":[{"href":"https:\/\/zonacaral.gob.pe\/es\/wp-json\/wp\/v2\/types\/post"}],"author":[{"embeddable":true,"href":"https:\/\/zonacaral.gob.pe\/es\/wp-json\/wp\/v2\/users\/1"}],"replies":[{"embeddable":true,"href":"https:\/\/zonacaral.gob.pe\/es\/wp-json\/wp\/v2\/comments?post=12490"}],"version-history":[{"count":0,"href":"https:\/\/zonacaral.gob.pe\/es\/wp-json\/wp\/v2\/posts\/12490\/revisions"}],"wp:featuredmedia":[{"embeddable":true,"href":"https:\/\/zonacaral.gob.pe\/es\/wp-json\/wp\/v2\/media\/12476"}],"wp:attachment":[{"href":"https:\/\/zonacaral.gob.pe\/es\/wp-json\/wp\/v2\/media?parent=12490"}],"wp:term":[{"taxonomy":"category","embeddable":true,"href":"https:\/\/zonacaral.gob.pe\/es\/wp-json\/wp\/v2\/categories?post=12490"},{"taxonomy":"post_tag","embeddable":true,"href":"https:\/\/zonacaral.gob.pe\/es\/wp-json\/wp\/v2\/tags?post=12490"}],"curies":[{"name":"wp","href":"https:\/\/api.w.org\/{rel}","templated":true}]}}