{"id":12496,"date":"2018-04-23T12:00:49","date_gmt":"2018-04-23T17:00:49","guid":{"rendered":"http:\/\/www.zonacaral.gob.pe\/?p=12496"},"modified":"2018-04-23T12:00:49","modified_gmt":"2018-04-23T17:00:49","slug":"promueven-el-interes-por-las-tics-en-ninas-y-adolescentes-en-caral","status":"publish","type":"post","link":"https:\/\/zonacaral.gob.pe\/es\/noticias\/promueven-el-interes-por-las-tics-en-ninas-y-adolescentes-en-caral\/","title":{"rendered":"Promueven el inter\u00e9s por las TICs en ni\u00f1as y adolescentes en Caral"},"content":{"rendered":"<figure class=\"pic-autor\" style=\"color: #4d4d4d; text-align: justify;\"><\/figure>\n<blockquote>\n<p style=\"text-align: justify;\">A trav\u00e9s de programa \u201cNosotras y la Tecnolog\u00eda\u201d que se realizar\u00e1 en Caral el 26 de abril pr\u00f3ximo<\/p>\n<\/blockquote>\n<p>La Universidad Nacional de Ingenier\u00eda (UNI) lanzar\u00e1 el jueves 26 de abril pr\u00f3ximo el programa \u201cNosotras y la Tecnolog\u00eda\u201d con el objetivo de promover el inter\u00e9s de las ni\u00f1as y adolescentes por ingresar al mundo de las Tecnolog\u00edas de la Informaci\u00f3n y Comunicaciones (TICs).<\/p>\n<p><img decoding=\"async\" class=\"alignnone wp-image-12540 size-full\" src=\"http:\/\/www.zonacaral.gob.pe\/wp-content\/uploads\/2018\/04\/nina-tic-caral-01.jpg\" alt=\"nina-tic-caral-01\" width=\"100%\" srcset=\"https:\/\/zonacaral.gob.pe\/wp-content\/uploads\/2018\/04\/nina-tic-caral-01.jpg 1800w, https:\/\/zonacaral.gob.pe\/wp-content\/uploads\/2018\/04\/nina-tic-caral-01-300x202.jpg 300w, https:\/\/zonacaral.gob.pe\/wp-content\/uploads\/2018\/04\/nina-tic-caral-01-1024x689.jpg 1024w, https:\/\/zonacaral.gob.pe\/wp-content\/uploads\/2018\/04\/nina-tic-caral-01-768x517.jpg 768w, https:\/\/zonacaral.gob.pe\/wp-content\/uploads\/2018\/04\/nina-tic-caral-01-1536x1034.jpg 1536w\" sizes=\"(max-width: 1800px) 100vw, 1800px\" \/><\/p>\n<p>Esta iniciativa, impulsada por el Instituto Nacional de Investigaci\u00f3n y Capacitaci\u00f3n de Telecomunicaciones (Inictel) de la UNI, tendr\u00e1 como centro inicial de trabajo al centro arqueol\u00f3gico de Caral, gracias a una labor coordinada con la Unidad Ejecutora 003 del Ministerio de Cultura y la UGEL 16 de Barranca.<\/p>\n<p>En el Per\u00fa, la representaci\u00f3n femenina en el \u00e1mbito de la investigaci\u00f3n cient\u00edfica es de menos del 30%, lo que representa uno de los n\u00fameros m\u00e1s bajos en la regi\u00f3n frente a pa\u00edses como <strong>Bolivia (65%), Argentina (53%), Uruguay (49%) y Panam\u00e1 (48%)<\/strong>.<\/p>\n<p><img decoding=\"async\" class=\"alignnone size-full wp-image-12541\" src=\"http:\/\/www.zonacaral.gob.pe\/wp-content\/uploads\/2018\/04\/nina-tic-caral-02.jpg\" alt=\"nina-tic-caral-02\" width=\"100%\" srcset=\"https:\/\/zonacaral.gob.pe\/wp-content\/uploads\/2018\/04\/nina-tic-caral-02.jpg 500w, https:\/\/zonacaral.gob.pe\/wp-content\/uploads\/2018\/04\/nina-tic-caral-02-300x225.jpg 300w\" sizes=\"(max-width: 500px) 100vw, 500px\" \/><\/p>\n<p>La desigualdad entre hombres y mujeres se expone tambi\u00e9n en el \u00e1mbito acad\u00e9mico.<\/p>\n<p>Adem\u00e1s, con respecto a las carreras profesionales espec\u00edficas sobre ciencia y tecnolog\u00eda, hay 4,2 hombres por cada mujer que estudia una carrera relacionada con estos campos, seg\u00fan informes del Consejo Nacional de Ciencia, Tecnolog\u00eda e Innovaci\u00f3n Tecnol\u00f3gica (Concytec).<\/p>\n<p>Previamente, el Inictel-UNI presentar\u00e1 los talleres de: \u201cConoce las herramientas y empod\u00e9rate en el mundo de las TIC\u201d e \u201cInternet, aplicaciones y riesgos\u201d el mi\u00e9rcoles 18 de abril.<\/p>\n<p><img decoding=\"async\" class=\"alignnone size-full wp-image-12542\" src=\"http:\/\/www.zonacaral.gob.pe\/wp-content\/uploads\/2018\/04\/nina-tic-caral-03.jpg\" alt=\"nina-tic-caral-03\" width=\"100%\" srcset=\"https:\/\/zonacaral.gob.pe\/wp-content\/uploads\/2018\/04\/nina-tic-caral-03.jpg 800w, https:\/\/zonacaral.gob.pe\/wp-content\/uploads\/2018\/04\/nina-tic-caral-03-300x167.jpg 300w, https:\/\/zonacaral.gob.pe\/wp-content\/uploads\/2018\/04\/nina-tic-caral-03-768x428.jpg 768w\" sizes=\"(max-width: 800px) 100vw, 800px\" \/><\/p>\n<p>Los talleres, de dos horas cada uno, se llevar\u00e1n a cabo en la Instituci\u00f3n Educativa Pedro Ruiz Gallo del distrito de Supe en la provincia de Barranca en diferentes salones en simult\u00e1neo.<\/p>\n<p>A las alumnas de esta instituci\u00f3n se le suman las estudiantes de las instituciones: \u201cAndr\u00e9s Avelino C\u00e1ceres N\u00b0 21586\u201d, \u201cV\u00edctor Armando Pi\u00f1eda N\u00b020519\u201d, \u201cFrancisco Vidal Lagos, Sagrado Coraz\u00f3n de Jes\u00fas N\u00b0 20523\u201d y \u201cRicardina Lanegra La Rosa\u201d.<\/p>\n<p>Ser\u00e1n 130 estudiantes del tercer, cuarto y quinto a\u00f1o de secundaria que participar\u00e1n en jornadas llenas de aprendizaje sobre las nuevas tecnolog\u00edas.<\/p>\n<p>Es importante mencionar que desde el 2012, el Inictel-UNI desarrolla \u201cNosotras y la Tecnolog\u00eda\u201d en diferentes puntos del Per\u00fa, formando parte de la celebraci\u00f3n del \u201cD\u00eda Internacional de las Ni\u00f1as en las TIC\u201d, organizada por la Uni\u00f3n Internacional de Telecomunicaciones (UIT), el cual se celebra el cuarto jueves de cada mes de abril.<\/p>\n<p><img decoding=\"async\" class=\"alignnone size-full wp-image-12543\" src=\"http:\/\/www.zonacaral.gob.pe\/wp-content\/uploads\/2018\/04\/inictel-ninas-tic-caral.png\" alt=\"inictel-ninas-tic-caral\" width=\"100%\" srcset=\"https:\/\/zonacaral.gob.pe\/wp-content\/uploads\/2018\/04\/inictel-ninas-tic-caral.png 595w, https:\/\/zonacaral.gob.pe\/wp-content\/uploads\/2018\/04\/inictel-ninas-tic-caral-212x300.png 212w\" sizes=\"(max-width: 595px) 100vw, 595px\" \/><\/p>\n<p>&nbsp;<\/p>\n<p class=\"news-summary\" style=\"font-weight: normal; color: #444444;\"><span style=\"color: #993300;\"><strong style=\"color: #993300;\">Fuente:<a href=\"http:\/\/www.inictel-uni.edu.pe\/noticias\/nosotras-y-la-tecnologia-del-inictel-uni-promueve-el-interes-por-las-tics-en-ninas-y\"><span style=\"color: #993300;\">\u00a0<\/span><\/a><a href=\"http:\/\/andina.pe\/AGENCIA\/agencia\/noticia-inicteluni-promueve-interes-las-tecnologias-ninas-y-adolescentes-706471.aspx\"><span style=\"color: #993300;\">Agencia Andina<\/span><\/a><\/strong><\/span><\/p>\n<div style=\"color: #1f1f1f;\">\n<p style=\"text-align: justify;\">Fecha de publicaci\u00f3n: 23\/04\/2018<\/p>\n<\/div>\n","protected":false},"excerpt":{"rendered":"<p>A trav\u00e9s de programa \u201cNosotras y la Tecnolog\u00eda\u201d que se realizar\u00e1 en Caral el 26 de abril pr\u00f3ximo La Universidad [&hellip;]<\/p>\n","protected":false},"author":1,"featured_media":12497,"comment_status":"closed","ping_status":"open","sticky":false,"template":"","format":"standard","meta":{"_acf_changed":false,"site-sidebar-layout":"default","site-content-layout":"","ast-site-content-layout":"default","site-content-style":"default","site-sidebar-style":"default","ast-global-header-display":"","ast-banner-title-visibility":"","ast-main-header-display":"","ast-hfb-above-header-display":"","ast-hfb-below-header-display":"","ast-hfb-mobile-header-display":"","site-post-title":"","ast-breadcrumbs-content":"","ast-featured-img":"","footer-sml-layout":"","ast-disable-related-posts":"","theme-transparent-header-meta":"","adv-header-id-meta":"","stick-header-meta":"","header-above-stick-meta":"","header-main-stick-meta":"","header-below-stick-meta":"","astra-migrate-meta-layouts":"default","ast-page-background-enabled":"default","ast-page-background-meta":{"desktop":{"background-color":"var(--ast-global-color-5)","background-image":"","background-repeat":"repeat","background-position":"center center","background-size":"auto","background-attachment":"scroll","background-type":"","background-media":"","overlay-type":"","overlay-color":"","overlay-opacity":"","overlay-gradient":""},"tablet":{"background-color":"","background-image":"","background-repeat":"repeat","background-position":"center center","background-size":"auto","background-attachment":"scroll","background-type":"","background-media":"","overlay-type":"","overlay-color":"","overlay-opacity":"","overlay-gradient":""},"mobile":{"background-color":"","background-image":"","background-repeat":"repeat","background-position":"center center","background-size":"auto","background-attachment":"scroll","background-type":"","background-media":"","overlay-type":"","overlay-color":"","overlay-opacity":"","overlay-gradient":""}},"ast-content-background-meta":{"desktop":{"background-color":"var(--ast-global-color-4)","background-image":"","background-repeat":"repeat","background-position":"center center","background-size":"auto","background-attachment":"scroll","background-type":"","background-media":"","overlay-type":"","overlay-color":"","overlay-opacity":"","overlay-gradient":""},"tablet":{"background-color":"var(--ast-global-color-4)","background-image":"","background-repeat":"repeat","background-position":"center center","background-size":"auto","background-attachment":"scroll","background-type":"","background-media":"","overlay-type":"","overlay-color":"","overlay-opacity":"","overlay-gradient":""},"mobile":{"background-color":"var(--ast-global-color-4)","background-image":"","background-repeat":"repeat","background-position":"center center","background-size":"auto","background-attachment":"scroll","background-type":"","background-media":"","overlay-type":"","overlay-color":"","overlay-opacity":"","overlay-gradient":""}},"footnotes":""},"categories":[208],"tags":[],"class_list":["post-12496","post","type-post","status-publish","format-standard","has-post-thumbnail","hentry","category-noticias"],"acf":[],"yoast_head":"<!-- This site is optimized with the Yoast SEO plugin v27.3 - https:\/\/yoast.com\/product\/yoast-seo-wordpress\/ -->\n<title>Promueven el inter\u00e9s por las TICs en ni\u00f1as y adolescentes en Caral<\/title>\n<meta name=\"description\" content=\"En el Per\u00fa, la representaci\u00f3n femenina en el \u00e1mbito de la investigaci\u00f3n cient\u00edfica es de menos del 30%, lo que representa uno de los n\u00fameros m\u00e1s bajos en la regi\u00f3n frente a pa\u00edses como Bolivia (65%), Argentina (53%), Uruguay (49%) y Panam\u00e1 (48%). La desigualdad entre hombres y mujeres se expone tambi\u00e9n en el \u00e1mbito acad\u00e9mico. Adem\u00e1s, con respecto a las carreras profesionales espec\u00edficas sobre ciencia y tecnolog\u00eda, hay 4,2 hombres por cada mujer que estudia una carrera relacionada con estos campos, seg\u00fan informes del CONCYTEC.\" \/>\n<meta name=\"robots\" content=\"index, follow, max-snippet:-1, max-image-preview:large, max-video-preview:-1\" \/>\n<link rel=\"canonical\" href=\"https:\/\/zonacaral.gob.pe\/es\/noticias\/promueven-el-interes-por-las-tics-en-ninas-y-adolescentes-en-caral\/\" \/>\n<meta property=\"og:locale\" content=\"es_ES\" \/>\n<meta property=\"og:type\" content=\"article\" \/>\n<meta property=\"og:title\" content=\"Promueven el inter\u00e9s por las TICs en ni\u00f1as y adolescentes en Caral\" \/>\n<meta property=\"og:description\" content=\"En el Per\u00fa, la representaci\u00f3n femenina en el \u00e1mbito de la investigaci\u00f3n cient\u00edfica es de menos del 30%, lo que representa uno de los n\u00fameros m\u00e1s bajos en la regi\u00f3n frente a pa\u00edses como Bolivia (65%), Argentina (53%), Uruguay (49%) y Panam\u00e1 (48%). La desigualdad entre hombres y mujeres se expone tambi\u00e9n en el \u00e1mbito acad\u00e9mico. Adem\u00e1s, con respecto a las carreras profesionales espec\u00edficas sobre ciencia y tecnolog\u00eda, hay 4,2 hombres por cada mujer que estudia una carrera relacionada con estos campos, seg\u00fan informes del CONCYTEC.\" \/>\n<meta property=\"og:url\" content=\"https:\/\/zonacaral.gob.pe\/es\/noticias\/promueven-el-interes-por-las-tics-en-ninas-y-adolescentes-en-caral\/\" \/>\n<meta property=\"og:site_name\" content=\"Zona Caral\" \/>\n<meta property=\"article:published_time\" content=\"2018-04-23T17:00:49+00:00\" \/>\n<meta property=\"og:image\" content=\"https:\/\/zonacaral.gob.pe\/wp-content\/uploads\/2018\/04\/inictel-ninas-caral-tics.jpg\" \/>\n\t<meta property=\"og:image:width\" content=\"1170\" \/>\n\t<meta property=\"og:image:height\" content=\"670\" \/>\n\t<meta property=\"og:image:type\" content=\"image\/jpeg\" \/>\n<meta name=\"author\" content=\"Zona Caral Administrador\" \/>\n<meta name=\"twitter:card\" content=\"summary_large_image\" \/>\n<meta name=\"twitter:label1\" content=\"Written by\" \/>\n\t<meta name=\"twitter:data1\" content=\"Zona Caral Administrador\" \/>\n\t<meta name=\"twitter:label2\" content=\"Est. reading time\" \/>\n\t<meta name=\"twitter:data2\" content=\"2 minutos\" \/>\n<script type=\"application\/ld+json\" class=\"yoast-schema-graph\">{\"@context\":\"https:\\\/\\\/schema.org\",\"@graph\":[{\"@type\":\"Article\",\"@id\":\"https:\\\/\\\/zonacaral.gob.pe\\\/es\\\/noticias\\\/promueven-el-interes-por-las-tics-en-ninas-y-adolescentes-en-caral\\\/#article\",\"isPartOf\":{\"@id\":\"https:\\\/\\\/zonacaral.gob.pe\\\/es\\\/noticias\\\/promueven-el-interes-por-las-tics-en-ninas-y-adolescentes-en-caral\\\/\"},\"author\":{\"name\":\"Zona Caral Administrador\",\"@id\":\"https:\\\/\\\/zonacaral.gob.pe\\\/es\\\/#\\\/schema\\\/person\\\/beddb4d22f71a7230c5b90913270a0ee\"},\"headline\":\"Promueven el inter\u00e9s por las TICs en ni\u00f1as y adolescentes en Caral\",\"datePublished\":\"2018-04-23T17:00:49+00:00\",\"mainEntityOfPage\":{\"@id\":\"https:\\\/\\\/zonacaral.gob.pe\\\/es\\\/noticias\\\/promueven-el-interes-por-las-tics-en-ninas-y-adolescentes-en-caral\\\/\"},\"wordCount\":433,\"image\":{\"@id\":\"https:\\\/\\\/zonacaral.gob.pe\\\/es\\\/noticias\\\/promueven-el-interes-por-las-tics-en-ninas-y-adolescentes-en-caral\\\/#primaryimage\"},\"thumbnailUrl\":\"https:\\\/\\\/zonacaral.gob.pe\\\/wp-content\\\/uploads\\\/2018\\\/04\\\/inictel-ninas-caral-tics.jpg\",\"articleSection\":[\"noticias\"],\"inLanguage\":\"es-PE\"},{\"@type\":\"WebPage\",\"@id\":\"https:\\\/\\\/zonacaral.gob.pe\\\/es\\\/noticias\\\/promueven-el-interes-por-las-tics-en-ninas-y-adolescentes-en-caral\\\/\",\"url\":\"https:\\\/\\\/zonacaral.gob.pe\\\/es\\\/noticias\\\/promueven-el-interes-por-las-tics-en-ninas-y-adolescentes-en-caral\\\/\",\"name\":\"Promueven el inter\u00e9s por las TICs en ni\u00f1as y adolescentes en Caral\",\"isPartOf\":{\"@id\":\"https:\\\/\\\/zonacaral.gob.pe\\\/es\\\/#website\"},\"primaryImageOfPage\":{\"@id\":\"https:\\\/\\\/zonacaral.gob.pe\\\/es\\\/noticias\\\/promueven-el-interes-por-las-tics-en-ninas-y-adolescentes-en-caral\\\/#primaryimage\"},\"image\":{\"@id\":\"https:\\\/\\\/zonacaral.gob.pe\\\/es\\\/noticias\\\/promueven-el-interes-por-las-tics-en-ninas-y-adolescentes-en-caral\\\/#primaryimage\"},\"thumbnailUrl\":\"https:\\\/\\\/zonacaral.gob.pe\\\/wp-content\\\/uploads\\\/2018\\\/04\\\/inictel-ninas-caral-tics.jpg\",\"datePublished\":\"2018-04-23T17:00:49+00:00\",\"author\":{\"@id\":\"https:\\\/\\\/zonacaral.gob.pe\\\/es\\\/#\\\/schema\\\/person\\\/beddb4d22f71a7230c5b90913270a0ee\"},\"description\":\"En el Per\u00fa, la representaci\u00f3n femenina en el \u00e1mbito de la investigaci\u00f3n cient\u00edfica es de menos del 30%, lo que representa uno de los n\u00fameros m\u00e1s bajos en la regi\u00f3n frente a pa\u00edses como Bolivia (65%), Argentina (53%), Uruguay (49%) y Panam\u00e1 (48%). La desigualdad entre hombres y mujeres se expone tambi\u00e9n en el \u00e1mbito acad\u00e9mico. Adem\u00e1s, con respecto a las carreras profesionales espec\u00edficas sobre ciencia y tecnolog\u00eda, hay 4,2 hombres por cada mujer que estudia una carrera relacionada con estos campos, seg\u00fan informes del CONCYTEC.\",\"breadcrumb\":{\"@id\":\"https:\\\/\\\/zonacaral.gob.pe\\\/es\\\/noticias\\\/promueven-el-interes-por-las-tics-en-ninas-y-adolescentes-en-caral\\\/#breadcrumb\"},\"inLanguage\":\"es-PE\",\"potentialAction\":[{\"@type\":\"ReadAction\",\"target\":[\"https:\\\/\\\/zonacaral.gob.pe\\\/es\\\/noticias\\\/promueven-el-interes-por-las-tics-en-ninas-y-adolescentes-en-caral\\\/\"]}]},{\"@type\":\"ImageObject\",\"inLanguage\":\"es-PE\",\"@id\":\"https:\\\/\\\/zonacaral.gob.pe\\\/es\\\/noticias\\\/promueven-el-interes-por-las-tics-en-ninas-y-adolescentes-en-caral\\\/#primaryimage\",\"url\":\"https:\\\/\\\/zonacaral.gob.pe\\\/wp-content\\\/uploads\\\/2018\\\/04\\\/inictel-ninas-caral-tics.jpg\",\"contentUrl\":\"https:\\\/\\\/zonacaral.gob.pe\\\/wp-content\\\/uploads\\\/2018\\\/04\\\/inictel-ninas-caral-tics.jpg\",\"width\":1170,\"height\":670},{\"@type\":\"BreadcrumbList\",\"@id\":\"https:\\\/\\\/zonacaral.gob.pe\\\/es\\\/noticias\\\/promueven-el-interes-por-las-tics-en-ninas-y-adolescentes-en-caral\\\/#breadcrumb\",\"itemListElement\":[{\"@type\":\"ListItem\",\"position\":1,\"name\":\"Portada\",\"item\":\"https:\\\/\\\/zonacaral.gob.pe\\\/\"},{\"@type\":\"ListItem\",\"position\":2,\"name\":\"Promueven el inter\u00e9s por las TICs en ni\u00f1as y adolescentes en Caral\"}]},{\"@type\":\"WebSite\",\"@id\":\"https:\\\/\\\/zonacaral.gob.pe\\\/es\\\/#website\",\"url\":\"https:\\\/\\\/zonacaral.gob.pe\\\/es\\\/\",\"name\":\"Zona Caral\",\"description\":\"Investigamos, conservamos y difundimos el patrimonio cultural de la Civilizaci\u00f3n Caral, la m\u00e1s antigua de Am\u00e9rica.\",\"potentialAction\":[{\"@type\":\"SearchAction\",\"target\":{\"@type\":\"EntryPoint\",\"urlTemplate\":\"https:\\\/\\\/zonacaral.gob.pe\\\/es\\\/?s={search_term_string}\"},\"query-input\":{\"@type\":\"PropertyValueSpecification\",\"valueRequired\":true,\"valueName\":\"search_term_string\"}}],\"inLanguage\":\"es-PE\"},{\"@type\":\"Person\",\"@id\":\"https:\\\/\\\/zonacaral.gob.pe\\\/es\\\/#\\\/schema\\\/person\\\/beddb4d22f71a7230c5b90913270a0ee\",\"name\":\"Zona Caral Administrador\",\"image\":{\"@type\":\"ImageObject\",\"inLanguage\":\"es-PE\",\"@id\":\"https:\\\/\\\/secure.gravatar.com\\\/avatar\\\/e4be162918a696358376de6446614e0f0f4062bdc5d170d6d540ada3d8b58c12?s=96&d=mm&r=g\",\"url\":\"https:\\\/\\\/secure.gravatar.com\\\/avatar\\\/e4be162918a696358376de6446614e0f0f4062bdc5d170d6d540ada3d8b58c12?s=96&d=mm&r=g\",\"contentUrl\":\"https:\\\/\\\/secure.gravatar.com\\\/avatar\\\/e4be162918a696358376de6446614e0f0f4062bdc5d170d6d540ada3d8b58c12?s=96&d=mm&r=g\",\"caption\":\"Zona Caral Administrador\"},\"sameAs\":[\"https:\\\/\\\/zonacaral.gob.pe\"],\"url\":\"https:\\\/\\\/zonacaral.gob.pe\\\/es\\\/noticias\\\/author\\\/ad_zonacaral\\\/\"}]}<\/script>\n<!-- \/ Yoast SEO plugin. -->","yoast_head_json":{"title":"Promueven el inter\u00e9s por las TICs en ni\u00f1as y adolescentes en Caral","description":"En el Per\u00fa, la representaci\u00f3n femenina en el \u00e1mbito de la investigaci\u00f3n cient\u00edfica es de menos del 30%, lo que representa uno de los n\u00fameros m\u00e1s bajos en la regi\u00f3n frente a pa\u00edses como Bolivia (65%), Argentina (53%), Uruguay (49%) y Panam\u00e1 (48%). La desigualdad entre hombres y mujeres se expone tambi\u00e9n en el \u00e1mbito acad\u00e9mico. Adem\u00e1s, con respecto a las carreras profesionales espec\u00edficas sobre ciencia y tecnolog\u00eda, hay 4,2 hombres por cada mujer que estudia una carrera relacionada con estos campos, seg\u00fan informes del CONCYTEC.","robots":{"index":"index","follow":"follow","max-snippet":"max-snippet:-1","max-image-preview":"max-image-preview:large","max-video-preview":"max-video-preview:-1"},"canonical":"https:\/\/zonacaral.gob.pe\/es\/noticias\/promueven-el-interes-por-las-tics-en-ninas-y-adolescentes-en-caral\/","og_locale":"es_ES","og_type":"article","og_title":"Promueven el inter\u00e9s por las TICs en ni\u00f1as y adolescentes en Caral","og_description":"En el Per\u00fa, la representaci\u00f3n femenina en el \u00e1mbito de la investigaci\u00f3n cient\u00edfica es de menos del 30%, lo que representa uno de los n\u00fameros m\u00e1s bajos en la regi\u00f3n frente a pa\u00edses como Bolivia (65%), Argentina (53%), Uruguay (49%) y Panam\u00e1 (48%). La desigualdad entre hombres y mujeres se expone tambi\u00e9n en el \u00e1mbito acad\u00e9mico. Adem\u00e1s, con respecto a las carreras profesionales espec\u00edficas sobre ciencia y tecnolog\u00eda, hay 4,2 hombres por cada mujer que estudia una carrera relacionada con estos campos, seg\u00fan informes del CONCYTEC.","og_url":"https:\/\/zonacaral.gob.pe\/es\/noticias\/promueven-el-interes-por-las-tics-en-ninas-y-adolescentes-en-caral\/","og_site_name":"Zona Caral","article_published_time":"2018-04-23T17:00:49+00:00","og_image":[{"width":1170,"height":670,"url":"https:\/\/zonacaral.gob.pe\/wp-content\/uploads\/2018\/04\/inictel-ninas-caral-tics.jpg","type":"image\/jpeg"}],"author":"Zona Caral Administrador","twitter_card":"summary_large_image","twitter_misc":{"Written by":"Zona Caral Administrador","Est. reading time":"2 minutos"},"schema":{"@context":"https:\/\/schema.org","@graph":[{"@type":"Article","@id":"https:\/\/zonacaral.gob.pe\/es\/noticias\/promueven-el-interes-por-las-tics-en-ninas-y-adolescentes-en-caral\/#article","isPartOf":{"@id":"https:\/\/zonacaral.gob.pe\/es\/noticias\/promueven-el-interes-por-las-tics-en-ninas-y-adolescentes-en-caral\/"},"author":{"name":"Zona Caral Administrador","@id":"https:\/\/zonacaral.gob.pe\/es\/#\/schema\/person\/beddb4d22f71a7230c5b90913270a0ee"},"headline":"Promueven el inter\u00e9s por las TICs en ni\u00f1as y adolescentes en Caral","datePublished":"2018-04-23T17:00:49+00:00","mainEntityOfPage":{"@id":"https:\/\/zonacaral.gob.pe\/es\/noticias\/promueven-el-interes-por-las-tics-en-ninas-y-adolescentes-en-caral\/"},"wordCount":433,"image":{"@id":"https:\/\/zonacaral.gob.pe\/es\/noticias\/promueven-el-interes-por-las-tics-en-ninas-y-adolescentes-en-caral\/#primaryimage"},"thumbnailUrl":"https:\/\/zonacaral.gob.pe\/wp-content\/uploads\/2018\/04\/inictel-ninas-caral-tics.jpg","articleSection":["noticias"],"inLanguage":"es-PE"},{"@type":"WebPage","@id":"https:\/\/zonacaral.gob.pe\/es\/noticias\/promueven-el-interes-por-las-tics-en-ninas-y-adolescentes-en-caral\/","url":"https:\/\/zonacaral.gob.pe\/es\/noticias\/promueven-el-interes-por-las-tics-en-ninas-y-adolescentes-en-caral\/","name":"Promueven el inter\u00e9s por las TICs en ni\u00f1as y adolescentes en Caral","isPartOf":{"@id":"https:\/\/zonacaral.gob.pe\/es\/#website"},"primaryImageOfPage":{"@id":"https:\/\/zonacaral.gob.pe\/es\/noticias\/promueven-el-interes-por-las-tics-en-ninas-y-adolescentes-en-caral\/#primaryimage"},"image":{"@id":"https:\/\/zonacaral.gob.pe\/es\/noticias\/promueven-el-interes-por-las-tics-en-ninas-y-adolescentes-en-caral\/#primaryimage"},"thumbnailUrl":"https:\/\/zonacaral.gob.pe\/wp-content\/uploads\/2018\/04\/inictel-ninas-caral-tics.jpg","datePublished":"2018-04-23T17:00:49+00:00","author":{"@id":"https:\/\/zonacaral.gob.pe\/es\/#\/schema\/person\/beddb4d22f71a7230c5b90913270a0ee"},"description":"En el Per\u00fa, la representaci\u00f3n femenina en el \u00e1mbito de la investigaci\u00f3n cient\u00edfica es de menos del 30%, lo que representa uno de los n\u00fameros m\u00e1s bajos en la regi\u00f3n frente a pa\u00edses como Bolivia (65%), Argentina (53%), Uruguay (49%) y Panam\u00e1 (48%). La desigualdad entre hombres y mujeres se expone tambi\u00e9n en el \u00e1mbito acad\u00e9mico. Adem\u00e1s, con respecto a las carreras profesionales espec\u00edficas sobre ciencia y tecnolog\u00eda, hay 4,2 hombres por cada mujer que estudia una carrera relacionada con estos campos, seg\u00fan informes del CONCYTEC.","breadcrumb":{"@id":"https:\/\/zonacaral.gob.pe\/es\/noticias\/promueven-el-interes-por-las-tics-en-ninas-y-adolescentes-en-caral\/#breadcrumb"},"inLanguage":"es-PE","potentialAction":[{"@type":"ReadAction","target":["https:\/\/zonacaral.gob.pe\/es\/noticias\/promueven-el-interes-por-las-tics-en-ninas-y-adolescentes-en-caral\/"]}]},{"@type":"ImageObject","inLanguage":"es-PE","@id":"https:\/\/zonacaral.gob.pe\/es\/noticias\/promueven-el-interes-por-las-tics-en-ninas-y-adolescentes-en-caral\/#primaryimage","url":"https:\/\/zonacaral.gob.pe\/wp-content\/uploads\/2018\/04\/inictel-ninas-caral-tics.jpg","contentUrl":"https:\/\/zonacaral.gob.pe\/wp-content\/uploads\/2018\/04\/inictel-ninas-caral-tics.jpg","width":1170,"height":670},{"@type":"BreadcrumbList","@id":"https:\/\/zonacaral.gob.pe\/es\/noticias\/promueven-el-interes-por-las-tics-en-ninas-y-adolescentes-en-caral\/#breadcrumb","itemListElement":[{"@type":"ListItem","position":1,"name":"Portada","item":"https:\/\/zonacaral.gob.pe\/"},{"@type":"ListItem","position":2,"name":"Promueven el inter\u00e9s por las TICs en ni\u00f1as y adolescentes en Caral"}]},{"@type":"WebSite","@id":"https:\/\/zonacaral.gob.pe\/es\/#website","url":"https:\/\/zonacaral.gob.pe\/es\/","name":"Zona Caral","description":"Investigamos, conservamos y difundimos el patrimonio cultural de la Civilizaci\u00f3n Caral, la m\u00e1s antigua de Am\u00e9rica.","potentialAction":[{"@type":"SearchAction","target":{"@type":"EntryPoint","urlTemplate":"https:\/\/zonacaral.gob.pe\/es\/?s={search_term_string}"},"query-input":{"@type":"PropertyValueSpecification","valueRequired":true,"valueName":"search_term_string"}}],"inLanguage":"es-PE"},{"@type":"Person","@id":"https:\/\/zonacaral.gob.pe\/es\/#\/schema\/person\/beddb4d22f71a7230c5b90913270a0ee","name":"Zona Caral Administrador","image":{"@type":"ImageObject","inLanguage":"es-PE","@id":"https:\/\/secure.gravatar.com\/avatar\/e4be162918a696358376de6446614e0f0f4062bdc5d170d6d540ada3d8b58c12?s=96&d=mm&r=g","url":"https:\/\/secure.gravatar.com\/avatar\/e4be162918a696358376de6446614e0f0f4062bdc5d170d6d540ada3d8b58c12?s=96&d=mm&r=g","contentUrl":"https:\/\/secure.gravatar.com\/avatar\/e4be162918a696358376de6446614e0f0f4062bdc5d170d6d540ada3d8b58c12?s=96&d=mm&r=g","caption":"Zona Caral Administrador"},"sameAs":["https:\/\/zonacaral.gob.pe"],"url":"https:\/\/zonacaral.gob.pe\/es\/noticias\/author\/ad_zonacaral\/"}]}},"_links":{"self":[{"href":"https:\/\/zonacaral.gob.pe\/es\/wp-json\/wp\/v2\/posts\/12496","targetHints":{"allow":["GET"]}}],"collection":[{"href":"https:\/\/zonacaral.gob.pe\/es\/wp-json\/wp\/v2\/posts"}],"about":[{"href":"https:\/\/zonacaral.gob.pe\/es\/wp-json\/wp\/v2\/types\/post"}],"author":[{"embeddable":true,"href":"https:\/\/zonacaral.gob.pe\/es\/wp-json\/wp\/v2\/users\/1"}],"replies":[{"embeddable":true,"href":"https:\/\/zonacaral.gob.pe\/es\/wp-json\/wp\/v2\/comments?post=12496"}],"version-history":[{"count":0,"href":"https:\/\/zonacaral.gob.pe\/es\/wp-json\/wp\/v2\/posts\/12496\/revisions"}],"wp:featuredmedia":[{"embeddable":true,"href":"https:\/\/zonacaral.gob.pe\/es\/wp-json\/wp\/v2\/media\/12497"}],"wp:attachment":[{"href":"https:\/\/zonacaral.gob.pe\/es\/wp-json\/wp\/v2\/media?parent=12496"}],"wp:term":[{"taxonomy":"category","embeddable":true,"href":"https:\/\/zonacaral.gob.pe\/es\/wp-json\/wp\/v2\/categories?post=12496"},{"taxonomy":"post_tag","embeddable":true,"href":"https:\/\/zonacaral.gob.pe\/es\/wp-json\/wp\/v2\/tags?post=12496"}],"curies":[{"name":"wp","href":"https:\/\/api.w.org\/{rel}","templated":true}]}}