{"id":125,"date":"2014-01-12T11:47:01","date_gmt":"2014-01-12T11:47:01","guid":{"rendered":"http:\/\/pixfill.com\/wp-themes\/medianews\/microsoft-is-launching-in-windows-9-in-september-2014-3\/"},"modified":"2014-01-12T11:47:01","modified_gmt":"2014-01-12T11:47:01","slug":"world-wild-federation-seminar-started-in-genoa-for-the-betterment-of-animals","status":"publish","type":"post","link":"https:\/\/zonacaral.gob.pe\/es\/noticias\/world-wild-federation-seminar-started-in-genoa-for-the-betterment-of-animals\/","title":{"rendered":"El rol de la mujer en los or\u00edgenes de la civilizaci\u00f3n Caral"},"content":{"rendered":"<p>Mientras que en nuestro pa\u00eds todav\u00eda tenemos inconvenientes para consolidar la igualdad de g\u00e9nero, hace 5 mil a\u00f1os en la Civilizaci\u00f3n Caral, la mujer cumpli\u00f3 un rol preponderante en la organizaci\u00f3n social, pol\u00edtica y econ\u00f3mica de la civilizaci\u00f3n m\u00e1s antigua de Am\u00e9rica.<\/p>\n<p>La Zona Arqueol\u00f3gica Caral y Lima V\u00edas Express presentan la exposici\u00f3n museogr\u00e1fica \u201cCaral, el Rol de la Mujer en los Or\u00edgenes de la Civilizaci\u00f3n\u201d desde el 22 de julio hasta el 30 de diciembre, en el Auditorio \u2018Patio Sur\u2019 del Metropolitano (Av. Confraternidad Mz. 72, Chorillos), el ingreso es gratuito para todo el p\u00fablico.<\/p>\n<p>La mujer milenaria de Caral tuvo un rol protag\u00f3nico en la administraci\u00f3n de los antiguos centros urbanos, adem\u00e1s desarrollaron actividades productivas que permitieron el florecimiento de Caral. Un caso emblem\u00e1tico es la \u2018Maestra Textilera\u2019 quien fue representada en una estatuilla de arcilla (no cocida) adornada con finas vestimentas y en posici\u00f3n solemne que demuestra su elevado estatus social.<\/p>\n<p>En la exposici\u00f3n podremos revalorar el rol de la mujer a trav\u00e9s de recursos did\u00e1cticos, infograf\u00edas, estatuillas de arcilla no cocida y otras piezas arqueol\u00f3gicas que representan a las mujeres de \u00e9lite, adem\u00e1s de la magn\u00edfica colecci\u00f3n de instrumentos musicales elaborados en hueso de pel\u00edcano y c\u00f3ndor que usaron los antiguos habitantes de esta milenaria civilizaci\u00f3n.<\/p>\n<p>M\u00e1s datos:<\/p>\n<blockquote><p>La exposici\u00f3n va de lunes a s\u00e1bado de 9:00 AM a 5:00 PM, el ingreso es gratuito para todo el p\u00fablico. Lugar: Auditorio del Patio Sur del Metropolitano, Av. Confraternidad s\/n altura de la Mz. 72 (detr\u00e1s del Instituto Nacional de Rehabilitaci\u00f3n \u2013 Ex cuartel Tarapac\u00e1), Chorrillos.<\/p>\n<p>\u200bDurante todo el a\u00f1o 2014 Lima es Plaza Mayor de la Cultura Iberoamericana. Este es un evento internacional que busca resaltar la producci\u00f3n cultural y creativa de las ciudades. En Lima, la entidad encargada de su organizaci\u00f3n es la Gerencia de Cultura de la Municipalidad de Lima, que tiene un calendario con m\u00e1s de 400 eventos a lo largo del a\u00f1o.<\/p><\/blockquote>\n","protected":false},"excerpt":{"rendered":"<p>Mientras que en nuestro pa\u00eds todav\u00eda tenemos inconvenientes para consolidar la igualdad de g\u00e9nero, hace 5 mil a\u00f1os en la [&hellip;]<\/p>\n","protected":false},"author":1,"featured_media":7965,"comment_status":"open","ping_status":"open","sticky":false,"template":"","format":"standard","meta":{"_acf_changed":false,"site-sidebar-layout":"default","site-content-layout":"","ast-site-content-layout":"default","site-content-style":"default","site-sidebar-style":"default","ast-global-header-display":"","ast-banner-title-visibility":"","ast-main-header-display":"","ast-hfb-above-header-display":"","ast-hfb-below-header-display":"","ast-hfb-mobile-header-display":"","site-post-title":"","ast-breadcrumbs-content":"","ast-featured-img":"","footer-sml-layout":"","ast-disable-related-posts":"","theme-transparent-header-meta":"","adv-header-id-meta":"","stick-header-meta":"","header-above-stick-meta":"","header-main-stick-meta":"","header-below-stick-meta":"","astra-migrate-meta-layouts":"default","ast-page-background-enabled":"default","ast-page-background-meta":{"desktop":{"background-color":"var(--ast-global-color-5)","background-image":"","background-repeat":"repeat","background-position":"center center","background-size":"auto","background-attachment":"scroll","background-type":"","background-media":"","overlay-type":"","overlay-color":"","overlay-opacity":"","overlay-gradient":""},"tablet":{"background-color":"","background-image":"","background-repeat":"repeat","background-position":"center center","background-size":"auto","background-attachment":"scroll","background-type":"","background-media":"","overlay-type":"","overlay-color":"","overlay-opacity":"","overlay-gradient":""},"mobile":{"background-color":"","background-image":"","background-repeat":"repeat","background-position":"center center","background-size":"auto","background-attachment":"scroll","background-type":"","background-media":"","overlay-type":"","overlay-color":"","overlay-opacity":"","overlay-gradient":""}},"ast-content-background-meta":{"desktop":{"background-color":"var(--ast-global-color-4)","background-image":"","background-repeat":"repeat","background-position":"center center","background-size":"auto","background-attachment":"scroll","background-type":"","background-media":"","overlay-type":"","overlay-color":"","overlay-opacity":"","overlay-gradient":""},"tablet":{"background-color":"var(--ast-global-color-4)","background-image":"","background-repeat":"repeat","background-position":"center center","background-size":"auto","background-attachment":"scroll","background-type":"","background-media":"","overlay-type":"","overlay-color":"","overlay-opacity":"","overlay-gradient":""},"mobile":{"background-color":"var(--ast-global-color-4)","background-image":"","background-repeat":"repeat","background-position":"center center","background-size":"auto","background-attachment":"scroll","background-type":"","background-media":"","overlay-type":"","overlay-color":"","overlay-opacity":"","overlay-gradient":""}},"footnotes":""},"categories":[206,207],"tags":[45,46,47,49,50,51,52],"class_list":["post-125","post","type-post","status-publish","format-standard","has-post-thumbnail","hentry","category-blog","category-features","tag-blog","tag-business","tag-fashion","tag-magazine","tag-news","tag-people","tag-sport"],"acf":[],"yoast_head":"<!-- This site is optimized with the Yoast SEO plugin v27.3 - https:\/\/yoast.com\/product\/yoast-seo-wordpress\/ -->\n<title>El rol de la mujer en los or\u00edgenes de la civilizaci\u00f3n Caral - Zona Caral<\/title>\n<meta name=\"robots\" content=\"index, follow, max-snippet:-1, max-image-preview:large, max-video-preview:-1\" \/>\n<link rel=\"canonical\" href=\"https:\/\/zonacaral.gob.pe\/es\/noticias\/world-wild-federation-seminar-started-in-genoa-for-the-betterment-of-animals\/\" \/>\n<meta property=\"og:locale\" content=\"es_ES\" \/>\n<meta property=\"og:type\" content=\"article\" \/>\n<meta property=\"og:title\" content=\"El rol de la mujer en los or\u00edgenes de la civilizaci\u00f3n Caral - Zona Caral\" \/>\n<meta property=\"og:description\" content=\"Mientras que en nuestro pa\u00eds todav\u00eda tenemos inconvenientes para consolidar la igualdad de g\u00e9nero, hace 5 mil a\u00f1os en la [&hellip;]\" \/>\n<meta property=\"og:url\" content=\"https:\/\/zonacaral.gob.pe\/es\/noticias\/world-wild-federation-seminar-started-in-genoa-for-the-betterment-of-animals\/\" \/>\n<meta property=\"og:site_name\" content=\"Zona Caral\" \/>\n<meta property=\"article:published_time\" content=\"2014-01-12T11:47:01+00:00\" \/>\n<meta property=\"og:image\" content=\"https:\/\/zonacaral.gob.pe\/wp-content\/uploads\/2014\/01\/caral.jpg\" \/>\n\t<meta property=\"og:image:width\" content=\"700\" \/>\n\t<meta property=\"og:image:height\" content=\"393\" \/>\n\t<meta property=\"og:image:type\" content=\"image\/jpeg\" \/>\n<meta name=\"author\" content=\"Zona Caral Administrador\" \/>\n<meta name=\"twitter:card\" content=\"summary_large_image\" \/>\n<meta name=\"twitter:label1\" content=\"Written by\" \/>\n\t<meta name=\"twitter:data1\" content=\"Zona Caral Administrador\" \/>\n\t<meta name=\"twitter:label2\" content=\"Est. reading time\" \/>\n\t<meta name=\"twitter:data2\" content=\"2 minutos\" \/>\n<script type=\"application\/ld+json\" class=\"yoast-schema-graph\">{\"@context\":\"https:\\\/\\\/schema.org\",\"@graph\":[{\"@type\":\"Article\",\"@id\":\"https:\\\/\\\/zonacaral.gob.pe\\\/es\\\/noticias\\\/world-wild-federation-seminar-started-in-genoa-for-the-betterment-of-animals\\\/#article\",\"isPartOf\":{\"@id\":\"https:\\\/\\\/zonacaral.gob.pe\\\/es\\\/noticias\\\/world-wild-federation-seminar-started-in-genoa-for-the-betterment-of-animals\\\/\"},\"author\":{\"name\":\"Zona Caral Administrador\",\"@id\":\"https:\\\/\\\/zonacaral.gob.pe\\\/es\\\/#\\\/schema\\\/person\\\/beddb4d22f71a7230c5b90913270a0ee\"},\"headline\":\"El rol de la mujer en los or\u00edgenes de la civilizaci\u00f3n Caral\",\"datePublished\":\"2014-01-12T11:47:01+00:00\",\"mainEntityOfPage\":{\"@id\":\"https:\\\/\\\/zonacaral.gob.pe\\\/es\\\/noticias\\\/world-wild-federation-seminar-started-in-genoa-for-the-betterment-of-animals\\\/\"},\"wordCount\":370,\"commentCount\":0,\"image\":{\"@id\":\"https:\\\/\\\/zonacaral.gob.pe\\\/es\\\/noticias\\\/world-wild-federation-seminar-started-in-genoa-for-the-betterment-of-animals\\\/#primaryimage\"},\"thumbnailUrl\":\"https:\\\/\\\/zonacaral.gob.pe\\\/wp-content\\\/uploads\\\/2014\\\/01\\\/caral.jpg\",\"keywords\":[\"Blog\",\"Business\",\"Fashion\",\"Magazine\",\"News\",\"People\",\"Sport\"],\"articleSection\":[\"Blog\",\"Features\"],\"inLanguage\":\"es-PE\",\"potentialAction\":[{\"@type\":\"CommentAction\",\"name\":\"Comment\",\"target\":[\"https:\\\/\\\/zonacaral.gob.pe\\\/es\\\/noticias\\\/world-wild-federation-seminar-started-in-genoa-for-the-betterment-of-animals\\\/#respond\"]}]},{\"@type\":\"WebPage\",\"@id\":\"https:\\\/\\\/zonacaral.gob.pe\\\/es\\\/noticias\\\/world-wild-federation-seminar-started-in-genoa-for-the-betterment-of-animals\\\/\",\"url\":\"https:\\\/\\\/zonacaral.gob.pe\\\/es\\\/noticias\\\/world-wild-federation-seminar-started-in-genoa-for-the-betterment-of-animals\\\/\",\"name\":\"El rol de la mujer en los or\u00edgenes de la civilizaci\u00f3n Caral - Zona Caral\",\"isPartOf\":{\"@id\":\"https:\\\/\\\/zonacaral.gob.pe\\\/es\\\/#website\"},\"primaryImageOfPage\":{\"@id\":\"https:\\\/\\\/zonacaral.gob.pe\\\/es\\\/noticias\\\/world-wild-federation-seminar-started-in-genoa-for-the-betterment-of-animals\\\/#primaryimage\"},\"image\":{\"@id\":\"https:\\\/\\\/zonacaral.gob.pe\\\/es\\\/noticias\\\/world-wild-federation-seminar-started-in-genoa-for-the-betterment-of-animals\\\/#primaryimage\"},\"thumbnailUrl\":\"https:\\\/\\\/zonacaral.gob.pe\\\/wp-content\\\/uploads\\\/2014\\\/01\\\/caral.jpg\",\"datePublished\":\"2014-01-12T11:47:01+00:00\",\"author\":{\"@id\":\"https:\\\/\\\/zonacaral.gob.pe\\\/es\\\/#\\\/schema\\\/person\\\/beddb4d22f71a7230c5b90913270a0ee\"},\"breadcrumb\":{\"@id\":\"https:\\\/\\\/zonacaral.gob.pe\\\/es\\\/noticias\\\/world-wild-federation-seminar-started-in-genoa-for-the-betterment-of-animals\\\/#breadcrumb\"},\"inLanguage\":\"es-PE\",\"potentialAction\":[{\"@type\":\"ReadAction\",\"target\":[\"https:\\\/\\\/zonacaral.gob.pe\\\/es\\\/noticias\\\/world-wild-federation-seminar-started-in-genoa-for-the-betterment-of-animals\\\/\"]}]},{\"@type\":\"ImageObject\",\"inLanguage\":\"es-PE\",\"@id\":\"https:\\\/\\\/zonacaral.gob.pe\\\/es\\\/noticias\\\/world-wild-federation-seminar-started-in-genoa-for-the-betterment-of-animals\\\/#primaryimage\",\"url\":\"https:\\\/\\\/zonacaral.gob.pe\\\/wp-content\\\/uploads\\\/2014\\\/01\\\/caral.jpg\",\"contentUrl\":\"https:\\\/\\\/zonacaral.gob.pe\\\/wp-content\\\/uploads\\\/2014\\\/01\\\/caral.jpg\",\"width\":700,\"height\":393},{\"@type\":\"BreadcrumbList\",\"@id\":\"https:\\\/\\\/zonacaral.gob.pe\\\/es\\\/noticias\\\/world-wild-federation-seminar-started-in-genoa-for-the-betterment-of-animals\\\/#breadcrumb\",\"itemListElement\":[{\"@type\":\"ListItem\",\"position\":1,\"name\":\"Portada\",\"item\":\"https:\\\/\\\/zonacaral.gob.pe\\\/\"},{\"@type\":\"ListItem\",\"position\":2,\"name\":\"El rol de la mujer en los or\u00edgenes de la civilizaci\u00f3n Caral\"}]},{\"@type\":\"WebSite\",\"@id\":\"https:\\\/\\\/zonacaral.gob.pe\\\/es\\\/#website\",\"url\":\"https:\\\/\\\/zonacaral.gob.pe\\\/es\\\/\",\"name\":\"Zona Caral\",\"description\":\"Investigamos, conservamos y difundimos el patrimonio cultural de la Civilizaci\u00f3n Caral, la m\u00e1s antigua de Am\u00e9rica.\",\"potentialAction\":[{\"@type\":\"SearchAction\",\"target\":{\"@type\":\"EntryPoint\",\"urlTemplate\":\"https:\\\/\\\/zonacaral.gob.pe\\\/es\\\/?s={search_term_string}\"},\"query-input\":{\"@type\":\"PropertyValueSpecification\",\"valueRequired\":true,\"valueName\":\"search_term_string\"}}],\"inLanguage\":\"es-PE\"},{\"@type\":\"Person\",\"@id\":\"https:\\\/\\\/zonacaral.gob.pe\\\/es\\\/#\\\/schema\\\/person\\\/beddb4d22f71a7230c5b90913270a0ee\",\"name\":\"Zona Caral Administrador\",\"image\":{\"@type\":\"ImageObject\",\"inLanguage\":\"es-PE\",\"@id\":\"https:\\\/\\\/secure.gravatar.com\\\/avatar\\\/e4be162918a696358376de6446614e0f0f4062bdc5d170d6d540ada3d8b58c12?s=96&d=mm&r=g\",\"url\":\"https:\\\/\\\/secure.gravatar.com\\\/avatar\\\/e4be162918a696358376de6446614e0f0f4062bdc5d170d6d540ada3d8b58c12?s=96&d=mm&r=g\",\"contentUrl\":\"https:\\\/\\\/secure.gravatar.com\\\/avatar\\\/e4be162918a696358376de6446614e0f0f4062bdc5d170d6d540ada3d8b58c12?s=96&d=mm&r=g\",\"caption\":\"Zona Caral Administrador\"},\"sameAs\":[\"https:\\\/\\\/zonacaral.gob.pe\"],\"url\":\"https:\\\/\\\/zonacaral.gob.pe\\\/es\\\/noticias\\\/author\\\/ad_zonacaral\\\/\"}]}<\/script>\n<!-- \/ Yoast SEO plugin. -->","yoast_head_json":{"title":"El rol de la mujer en los or\u00edgenes de la civilizaci\u00f3n Caral - Zona Caral","robots":{"index":"index","follow":"follow","max-snippet":"max-snippet:-1","max-image-preview":"max-image-preview:large","max-video-preview":"max-video-preview:-1"},"canonical":"https:\/\/zonacaral.gob.pe\/es\/noticias\/world-wild-federation-seminar-started-in-genoa-for-the-betterment-of-animals\/","og_locale":"es_ES","og_type":"article","og_title":"El rol de la mujer en los or\u00edgenes de la civilizaci\u00f3n Caral - Zona Caral","og_description":"Mientras que en nuestro pa\u00eds todav\u00eda tenemos inconvenientes para consolidar la igualdad de g\u00e9nero, hace 5 mil a\u00f1os en la [&hellip;]","og_url":"https:\/\/zonacaral.gob.pe\/es\/noticias\/world-wild-federation-seminar-started-in-genoa-for-the-betterment-of-animals\/","og_site_name":"Zona Caral","article_published_time":"2014-01-12T11:47:01+00:00","og_image":[{"width":700,"height":393,"url":"https:\/\/zonacaral.gob.pe\/wp-content\/uploads\/2014\/01\/caral.jpg","type":"image\/jpeg"}],"author":"Zona Caral Administrador","twitter_card":"summary_large_image","twitter_misc":{"Written by":"Zona Caral Administrador","Est. reading time":"2 minutos"},"schema":{"@context":"https:\/\/schema.org","@graph":[{"@type":"Article","@id":"https:\/\/zonacaral.gob.pe\/es\/noticias\/world-wild-federation-seminar-started-in-genoa-for-the-betterment-of-animals\/#article","isPartOf":{"@id":"https:\/\/zonacaral.gob.pe\/es\/noticias\/world-wild-federation-seminar-started-in-genoa-for-the-betterment-of-animals\/"},"author":{"name":"Zona Caral Administrador","@id":"https:\/\/zonacaral.gob.pe\/es\/#\/schema\/person\/beddb4d22f71a7230c5b90913270a0ee"},"headline":"El rol de la mujer en los or\u00edgenes de la civilizaci\u00f3n Caral","datePublished":"2014-01-12T11:47:01+00:00","mainEntityOfPage":{"@id":"https:\/\/zonacaral.gob.pe\/es\/noticias\/world-wild-federation-seminar-started-in-genoa-for-the-betterment-of-animals\/"},"wordCount":370,"commentCount":0,"image":{"@id":"https:\/\/zonacaral.gob.pe\/es\/noticias\/world-wild-federation-seminar-started-in-genoa-for-the-betterment-of-animals\/#primaryimage"},"thumbnailUrl":"https:\/\/zonacaral.gob.pe\/wp-content\/uploads\/2014\/01\/caral.jpg","keywords":["Blog","Business","Fashion","Magazine","News","People","Sport"],"articleSection":["Blog","Features"],"inLanguage":"es-PE","potentialAction":[{"@type":"CommentAction","name":"Comment","target":["https:\/\/zonacaral.gob.pe\/es\/noticias\/world-wild-federation-seminar-started-in-genoa-for-the-betterment-of-animals\/#respond"]}]},{"@type":"WebPage","@id":"https:\/\/zonacaral.gob.pe\/es\/noticias\/world-wild-federation-seminar-started-in-genoa-for-the-betterment-of-animals\/","url":"https:\/\/zonacaral.gob.pe\/es\/noticias\/world-wild-federation-seminar-started-in-genoa-for-the-betterment-of-animals\/","name":"El rol de la mujer en los or\u00edgenes de la civilizaci\u00f3n Caral - Zona Caral","isPartOf":{"@id":"https:\/\/zonacaral.gob.pe\/es\/#website"},"primaryImageOfPage":{"@id":"https:\/\/zonacaral.gob.pe\/es\/noticias\/world-wild-federation-seminar-started-in-genoa-for-the-betterment-of-animals\/#primaryimage"},"image":{"@id":"https:\/\/zonacaral.gob.pe\/es\/noticias\/world-wild-federation-seminar-started-in-genoa-for-the-betterment-of-animals\/#primaryimage"},"thumbnailUrl":"https:\/\/zonacaral.gob.pe\/wp-content\/uploads\/2014\/01\/caral.jpg","datePublished":"2014-01-12T11:47:01+00:00","author":{"@id":"https:\/\/zonacaral.gob.pe\/es\/#\/schema\/person\/beddb4d22f71a7230c5b90913270a0ee"},"breadcrumb":{"@id":"https:\/\/zonacaral.gob.pe\/es\/noticias\/world-wild-federation-seminar-started-in-genoa-for-the-betterment-of-animals\/#breadcrumb"},"inLanguage":"es-PE","potentialAction":[{"@type":"ReadAction","target":["https:\/\/zonacaral.gob.pe\/es\/noticias\/world-wild-federation-seminar-started-in-genoa-for-the-betterment-of-animals\/"]}]},{"@type":"ImageObject","inLanguage":"es-PE","@id":"https:\/\/zonacaral.gob.pe\/es\/noticias\/world-wild-federation-seminar-started-in-genoa-for-the-betterment-of-animals\/#primaryimage","url":"https:\/\/zonacaral.gob.pe\/wp-content\/uploads\/2014\/01\/caral.jpg","contentUrl":"https:\/\/zonacaral.gob.pe\/wp-content\/uploads\/2014\/01\/caral.jpg","width":700,"height":393},{"@type":"BreadcrumbList","@id":"https:\/\/zonacaral.gob.pe\/es\/noticias\/world-wild-federation-seminar-started-in-genoa-for-the-betterment-of-animals\/#breadcrumb","itemListElement":[{"@type":"ListItem","position":1,"name":"Portada","item":"https:\/\/zonacaral.gob.pe\/"},{"@type":"ListItem","position":2,"name":"El rol de la mujer en los or\u00edgenes de la civilizaci\u00f3n Caral"}]},{"@type":"WebSite","@id":"https:\/\/zonacaral.gob.pe\/es\/#website","url":"https:\/\/zonacaral.gob.pe\/es\/","name":"Zona Caral","description":"Investigamos, conservamos y difundimos el patrimonio cultural de la Civilizaci\u00f3n Caral, la m\u00e1s antigua de Am\u00e9rica.","potentialAction":[{"@type":"SearchAction","target":{"@type":"EntryPoint","urlTemplate":"https:\/\/zonacaral.gob.pe\/es\/?s={search_term_string}"},"query-input":{"@type":"PropertyValueSpecification","valueRequired":true,"valueName":"search_term_string"}}],"inLanguage":"es-PE"},{"@type":"Person","@id":"https:\/\/zonacaral.gob.pe\/es\/#\/schema\/person\/beddb4d22f71a7230c5b90913270a0ee","name":"Zona Caral Administrador","image":{"@type":"ImageObject","inLanguage":"es-PE","@id":"https:\/\/secure.gravatar.com\/avatar\/e4be162918a696358376de6446614e0f0f4062bdc5d170d6d540ada3d8b58c12?s=96&d=mm&r=g","url":"https:\/\/secure.gravatar.com\/avatar\/e4be162918a696358376de6446614e0f0f4062bdc5d170d6d540ada3d8b58c12?s=96&d=mm&r=g","contentUrl":"https:\/\/secure.gravatar.com\/avatar\/e4be162918a696358376de6446614e0f0f4062bdc5d170d6d540ada3d8b58c12?s=96&d=mm&r=g","caption":"Zona Caral Administrador"},"sameAs":["https:\/\/zonacaral.gob.pe"],"url":"https:\/\/zonacaral.gob.pe\/es\/noticias\/author\/ad_zonacaral\/"}]}},"_links":{"self":[{"href":"https:\/\/zonacaral.gob.pe\/es\/wp-json\/wp\/v2\/posts\/125","targetHints":{"allow":["GET"]}}],"collection":[{"href":"https:\/\/zonacaral.gob.pe\/es\/wp-json\/wp\/v2\/posts"}],"about":[{"href":"https:\/\/zonacaral.gob.pe\/es\/wp-json\/wp\/v2\/types\/post"}],"author":[{"embeddable":true,"href":"https:\/\/zonacaral.gob.pe\/es\/wp-json\/wp\/v2\/users\/1"}],"replies":[{"embeddable":true,"href":"https:\/\/zonacaral.gob.pe\/es\/wp-json\/wp\/v2\/comments?post=125"}],"version-history":[{"count":0,"href":"https:\/\/zonacaral.gob.pe\/es\/wp-json\/wp\/v2\/posts\/125\/revisions"}],"wp:featuredmedia":[{"embeddable":true,"href":"https:\/\/zonacaral.gob.pe\/es\/wp-json\/wp\/v2\/media\/7965"}],"wp:attachment":[{"href":"https:\/\/zonacaral.gob.pe\/es\/wp-json\/wp\/v2\/media?parent=125"}],"wp:term":[{"taxonomy":"category","embeddable":true,"href":"https:\/\/zonacaral.gob.pe\/es\/wp-json\/wp\/v2\/categories?post=125"},{"taxonomy":"post_tag","embeddable":true,"href":"https:\/\/zonacaral.gob.pe\/es\/wp-json\/wp\/v2\/tags?post=125"}],"curies":[{"name":"wp","href":"https:\/\/api.w.org\/{rel}","templated":true}]}}