{"id":12534,"date":"2018-04-21T07:10:48","date_gmt":"2018-04-21T12:10:48","guid":{"rendered":"http:\/\/www.zonacaral.gob.pe\/?p=12534"},"modified":"2018-04-21T07:10:48","modified_gmt":"2018-04-21T12:10:48","slug":"can-iza-bandera-de-la-integracion-cultural-en-caral","status":"publish","type":"post","link":"https:\/\/zonacaral.gob.pe\/es\/noticias\/can-iza-bandera-de-la-integracion-cultural-en-caral\/","title":{"rendered":"CAN iza bandera de la integraci\u00f3n cultural en Caral"},"content":{"rendered":"<figure class=\"pic-autor\" style=\"color: #4d4d4d; text-align: justify;\"><\/figure>\n<p style=\"text-align: justify;\">La Dr. Ruth Shady, directora de la Zona Arqueol\u00f3gica de Caral (ZAC), y Walker San Miguel, secretario general de la Comunidad Andina (CAN), izaron la bandera de esta instituci\u00f3n en la Ciudad Sagrada de Caral, reconocida como el origen de la civilizaci\u00f3n andina.<\/p>\n<p style=\"text-align: justify;\">Esta actividad se desarroll\u00f3 en el marco de la integraci\u00f3n social y cultural de Bolivia, Colombia, Ecuador y Per\u00fa; pa\u00edses que conforman la CAN. Asimismo, se izaron las banderas de nuestro pa\u00eds y de la UNESCO, la cual reconoce a Caral como Patrimonio Cultural de la Humanidad.<\/p>\n<p style=\"text-align: justify;\">En este acto protocolar, participaron tambi\u00e9n el jefe del sitio arqueol\u00f3gico de Caral, Plinio Guill\u00e9n; Carlos Leyva, subdirector de Relaciones Comunitarias de la ZAC; Marco Machacuay, subdirector de Investigaci\u00f3n, Conservaci\u00f3n y Puesta en Valor de Sitios Arqueol\u00f3gicos de la ZAC; Natalia Salazar, jefa del Gabinete de la CAN; Deyanira Camacho, de propiedad intelectual de la CAN, Eduardo Guimaray, de Recursos Humanos de la CAN; Carlos Nieto, Migraciones CAN; Silvia Helden, Gesti\u00f3n de Riesgo de Desastres de la CAN; \u00darsula Garc\u00eda-Belaunde, Consultora para Asuntos Culturales de la CAN; Lorena Herencia y Bettina Mendoza, Comunicaciones de la CAN; Eduardo Esparza, Servicio Jur\u00eddico de la CAN; entre otros.<\/p>\n<p style=\"text-align: justify;\">Luego del izamiento de banderas los integrantes de la Comunidad Andina fueron guiados por las rutas de la Ciudad Sagrada, quedando maravillados de la cultura, conocimiento e importancia de este Patrimonio de la Humanidad.<\/p>\n<p style=\"text-align: justify;\"><img decoding=\"async\" class=\"alignnone size-full wp-image-12532\" src=\"http:\/\/www.zonacaral.gob.pe\/wp-content\/uploads\/2018\/04\/caen-caral-03.jpg\" alt=\"caen-caral-03\" width=\"100%\" srcset=\"https:\/\/zonacaral.gob.pe\/wp-content\/uploads\/2018\/04\/caen-caral-03.jpg 1024w, https:\/\/zonacaral.gob.pe\/wp-content\/uploads\/2018\/04\/caen-caral-03-300x225.jpg 300w, https:\/\/zonacaral.gob.pe\/wp-content\/uploads\/2018\/04\/caen-caral-03-768x576.jpg 768w\" sizes=\"(max-width: 1024px) 100vw, 1024px\" \/><\/p>\n<p style=\"text-align: justify;\"><strong style=\"color: #993300;\">Fuen<span style=\"color: #993300;\">te: Prensa ZAC<\/span><\/strong><\/p>\n<div style=\"color: #1f1f1f;\">\n<p style=\"text-align: justify;\">Fecha de publicaci\u00f3n: 20\/04\/2018<\/p>\n<\/div>\n","protected":false},"excerpt":{"rendered":"<p>La Dr. Ruth Shady, directora de la Zona Arqueol\u00f3gica de Caral (ZAC), y Walker San Miguel, secretario general de la [&hellip;]<\/p>\n","protected":false},"author":1,"featured_media":12531,"comment_status":"closed","ping_status":"open","sticky":false,"template":"","format":"standard","meta":{"_acf_changed":false,"site-sidebar-layout":"default","site-content-layout":"","ast-site-content-layout":"default","site-content-style":"default","site-sidebar-style":"default","ast-global-header-display":"","ast-banner-title-visibility":"","ast-main-header-display":"","ast-hfb-above-header-display":"","ast-hfb-below-header-display":"","ast-hfb-mobile-header-display":"","site-post-title":"","ast-breadcrumbs-content":"","ast-featured-img":"","footer-sml-layout":"","ast-disable-related-posts":"","theme-transparent-header-meta":"","adv-header-id-meta":"","stick-header-meta":"","header-above-stick-meta":"","header-main-stick-meta":"","header-below-stick-meta":"","astra-migrate-meta-layouts":"default","ast-page-background-enabled":"default","ast-page-background-meta":{"desktop":{"background-color":"var(--ast-global-color-5)","background-image":"","background-repeat":"repeat","background-position":"center center","background-size":"auto","background-attachment":"scroll","background-type":"","background-media":"","overlay-type":"","overlay-color":"","overlay-opacity":"","overlay-gradient":""},"tablet":{"background-color":"","background-image":"","background-repeat":"repeat","background-position":"center center","background-size":"auto","background-attachment":"scroll","background-type":"","background-media":"","overlay-type":"","overlay-color":"","overlay-opacity":"","overlay-gradient":""},"mobile":{"background-color":"","background-image":"","background-repeat":"repeat","background-position":"center center","background-size":"auto","background-attachment":"scroll","background-type":"","background-media":"","overlay-type":"","overlay-color":"","overlay-opacity":"","overlay-gradient":""}},"ast-content-background-meta":{"desktop":{"background-color":"var(--ast-global-color-4)","background-image":"","background-repeat":"repeat","background-position":"center center","background-size":"auto","background-attachment":"scroll","background-type":"","background-media":"","overlay-type":"","overlay-color":"","overlay-opacity":"","overlay-gradient":""},"tablet":{"background-color":"var(--ast-global-color-4)","background-image":"","background-repeat":"repeat","background-position":"center center","background-size":"auto","background-attachment":"scroll","background-type":"","background-media":"","overlay-type":"","overlay-color":"","overlay-opacity":"","overlay-gradient":""},"mobile":{"background-color":"var(--ast-global-color-4)","background-image":"","background-repeat":"repeat","background-position":"center center","background-size":"auto","background-attachment":"scroll","background-type":"","background-media":"","overlay-type":"","overlay-color":"","overlay-opacity":"","overlay-gradient":""}},"footnotes":""},"categories":[208],"tags":[160,55],"class_list":["post-12534","post","type-post","status-publish","format-standard","has-post-thumbnail","hentry","category-noticias","tag-can","tag-caral"],"acf":[],"yoast_head":"<!-- This site is optimized with the Yoast SEO plugin v27.3 - https:\/\/yoast.com\/product\/yoast-seo-wordpress\/ -->\n<title>CAN iza bandera de la integraci\u00f3n cultural en Caral<\/title>\n<meta name=\"description\" content=\"La Dr. Ruth Shady, directora de la Zona Arqueol\u00f3gica de Caral (ZAC), y Walker San Miguel, secretario general de la Comunidad Andina (CAN), izaron la bandera de esta instituci\u00f3n en la Ciudad Sagrada de Caral, reconocida como el origen de la civilizaci\u00f3n andina.\" \/>\n<meta name=\"robots\" content=\"index, follow, max-snippet:-1, max-image-preview:large, max-video-preview:-1\" \/>\n<link rel=\"canonical\" href=\"https:\/\/zonacaral.gob.pe\/es\/noticias\/can-iza-bandera-de-la-integracion-cultural-en-caral\/\" \/>\n<meta property=\"og:locale\" content=\"es_ES\" \/>\n<meta property=\"og:type\" content=\"article\" \/>\n<meta property=\"og:title\" content=\"CAN iza bandera de la integraci\u00f3n cultural en Caral\" \/>\n<meta property=\"og:description\" content=\"La Dr. Ruth Shady, directora de la Zona Arqueol\u00f3gica de Caral (ZAC), y Walker San Miguel, secretario general de la Comunidad Andina (CAN), izaron la bandera de esta instituci\u00f3n en la Ciudad Sagrada de Caral, reconocida como el origen de la civilizaci\u00f3n andina.\" \/>\n<meta property=\"og:url\" content=\"https:\/\/zonacaral.gob.pe\/es\/noticias\/can-iza-bandera-de-la-integracion-cultural-en-caral\/\" \/>\n<meta property=\"og:site_name\" content=\"Zona Caral\" \/>\n<meta property=\"article:published_time\" content=\"2018-04-21T12:10:48+00:00\" \/>\n<meta property=\"og:image\" content=\"https:\/\/zonacaral.gob.pe\/wp-content\/uploads\/2018\/04\/caen-caral.jpg\" \/>\n\t<meta property=\"og:image:width\" content=\"900\" \/>\n\t<meta property=\"og:image:height\" content=\"675\" \/>\n\t<meta property=\"og:image:type\" content=\"image\/jpeg\" \/>\n<meta name=\"author\" content=\"Zona Caral Administrador\" \/>\n<meta name=\"twitter:card\" content=\"summary_large_image\" \/>\n<meta name=\"twitter:label1\" content=\"Written by\" \/>\n\t<meta name=\"twitter:data1\" content=\"Zona Caral Administrador\" \/>\n\t<meta name=\"twitter:label2\" content=\"Est. reading time\" \/>\n\t<meta name=\"twitter:data2\" content=\"1 minuto\" \/>\n<script type=\"application\/ld+json\" class=\"yoast-schema-graph\">{\"@context\":\"https:\\\/\\\/schema.org\",\"@graph\":[{\"@type\":\"Article\",\"@id\":\"https:\\\/\\\/zonacaral.gob.pe\\\/en\\\/noticias\\\/can-iza-bandera-de-la-integracion-cultural-en-caral\\\/#article\",\"isPartOf\":{\"@id\":\"https:\\\/\\\/zonacaral.gob.pe\\\/en\\\/noticias\\\/can-iza-bandera-de-la-integracion-cultural-en-caral\\\/\"},\"author\":{\"name\":\"Zona Caral Administrador\",\"@id\":\"https:\\\/\\\/zonacaral.gob.pe\\\/es\\\/#\\\/schema\\\/person\\\/beddb4d22f71a7230c5b90913270a0ee\"},\"headline\":\"CAN iza bandera de la integraci\u00f3n cultural en Caral\",\"datePublished\":\"2018-04-21T12:10:48+00:00\",\"mainEntityOfPage\":{\"@id\":\"https:\\\/\\\/zonacaral.gob.pe\\\/en\\\/noticias\\\/can-iza-bandera-de-la-integracion-cultural-en-caral\\\/\"},\"wordCount\":261,\"image\":{\"@id\":\"https:\\\/\\\/zonacaral.gob.pe\\\/en\\\/noticias\\\/can-iza-bandera-de-la-integracion-cultural-en-caral\\\/#primaryimage\"},\"thumbnailUrl\":\"https:\\\/\\\/zonacaral.gob.pe\\\/wp-content\\\/uploads\\\/2018\\\/04\\\/caen-caral.jpg\",\"keywords\":[\"can\",\"caral\"],\"articleSection\":[\"noticias\"],\"inLanguage\":\"es-PE\"},{\"@type\":\"WebPage\",\"@id\":\"https:\\\/\\\/zonacaral.gob.pe\\\/en\\\/noticias\\\/can-iza-bandera-de-la-integracion-cultural-en-caral\\\/\",\"url\":\"https:\\\/\\\/zonacaral.gob.pe\\\/en\\\/noticias\\\/can-iza-bandera-de-la-integracion-cultural-en-caral\\\/\",\"name\":\"CAN iza bandera de la integraci\u00f3n cultural en Caral\",\"isPartOf\":{\"@id\":\"https:\\\/\\\/zonacaral.gob.pe\\\/es\\\/#website\"},\"primaryImageOfPage\":{\"@id\":\"https:\\\/\\\/zonacaral.gob.pe\\\/en\\\/noticias\\\/can-iza-bandera-de-la-integracion-cultural-en-caral\\\/#primaryimage\"},\"image\":{\"@id\":\"https:\\\/\\\/zonacaral.gob.pe\\\/en\\\/noticias\\\/can-iza-bandera-de-la-integracion-cultural-en-caral\\\/#primaryimage\"},\"thumbnailUrl\":\"https:\\\/\\\/zonacaral.gob.pe\\\/wp-content\\\/uploads\\\/2018\\\/04\\\/caen-caral.jpg\",\"datePublished\":\"2018-04-21T12:10:48+00:00\",\"author\":{\"@id\":\"https:\\\/\\\/zonacaral.gob.pe\\\/es\\\/#\\\/schema\\\/person\\\/beddb4d22f71a7230c5b90913270a0ee\"},\"description\":\"La Dr. Ruth Shady, directora de la Zona Arqueol\u00f3gica de Caral (ZAC), y Walker San Miguel, secretario general de la Comunidad Andina (CAN), izaron la bandera de esta instituci\u00f3n en la Ciudad Sagrada de Caral, reconocida como el origen de la civilizaci\u00f3n andina.\",\"breadcrumb\":{\"@id\":\"https:\\\/\\\/zonacaral.gob.pe\\\/en\\\/noticias\\\/can-iza-bandera-de-la-integracion-cultural-en-caral\\\/#breadcrumb\"},\"inLanguage\":\"es-PE\",\"potentialAction\":[{\"@type\":\"ReadAction\",\"target\":[\"https:\\\/\\\/zonacaral.gob.pe\\\/en\\\/noticias\\\/can-iza-bandera-de-la-integracion-cultural-en-caral\\\/\"]}]},{\"@type\":\"ImageObject\",\"inLanguage\":\"es-PE\",\"@id\":\"https:\\\/\\\/zonacaral.gob.pe\\\/en\\\/noticias\\\/can-iza-bandera-de-la-integracion-cultural-en-caral\\\/#primaryimage\",\"url\":\"https:\\\/\\\/zonacaral.gob.pe\\\/wp-content\\\/uploads\\\/2018\\\/04\\\/caen-caral.jpg\",\"contentUrl\":\"https:\\\/\\\/zonacaral.gob.pe\\\/wp-content\\\/uploads\\\/2018\\\/04\\\/caen-caral.jpg\",\"width\":900,\"height\":675},{\"@type\":\"BreadcrumbList\",\"@id\":\"https:\\\/\\\/zonacaral.gob.pe\\\/en\\\/noticias\\\/can-iza-bandera-de-la-integracion-cultural-en-caral\\\/#breadcrumb\",\"itemListElement\":[{\"@type\":\"ListItem\",\"position\":1,\"name\":\"Portada\",\"item\":\"https:\\\/\\\/zonacaral.gob.pe\\\/\"},{\"@type\":\"ListItem\",\"position\":2,\"name\":\"CAN iza bandera de la integraci\u00f3n cultural en Caral\"}]},{\"@type\":\"WebSite\",\"@id\":\"https:\\\/\\\/zonacaral.gob.pe\\\/es\\\/#website\",\"url\":\"https:\\\/\\\/zonacaral.gob.pe\\\/es\\\/\",\"name\":\"Zona Caral\",\"description\":\"Investigamos, conservamos y difundimos el patrimonio cultural de la Civilizaci\u00f3n Caral, la m\u00e1s antigua de Am\u00e9rica.\",\"potentialAction\":[{\"@type\":\"SearchAction\",\"target\":{\"@type\":\"EntryPoint\",\"urlTemplate\":\"https:\\\/\\\/zonacaral.gob.pe\\\/es\\\/?s={search_term_string}\"},\"query-input\":{\"@type\":\"PropertyValueSpecification\",\"valueRequired\":true,\"valueName\":\"search_term_string\"}}],\"inLanguage\":\"es-PE\"},{\"@type\":\"Person\",\"@id\":\"https:\\\/\\\/zonacaral.gob.pe\\\/es\\\/#\\\/schema\\\/person\\\/beddb4d22f71a7230c5b90913270a0ee\",\"name\":\"Zona Caral Administrador\",\"image\":{\"@type\":\"ImageObject\",\"inLanguage\":\"es-PE\",\"@id\":\"https:\\\/\\\/secure.gravatar.com\\\/avatar\\\/e4be162918a696358376de6446614e0f0f4062bdc5d170d6d540ada3d8b58c12?s=96&d=mm&r=g\",\"url\":\"https:\\\/\\\/secure.gravatar.com\\\/avatar\\\/e4be162918a696358376de6446614e0f0f4062bdc5d170d6d540ada3d8b58c12?s=96&d=mm&r=g\",\"contentUrl\":\"https:\\\/\\\/secure.gravatar.com\\\/avatar\\\/e4be162918a696358376de6446614e0f0f4062bdc5d170d6d540ada3d8b58c12?s=96&d=mm&r=g\",\"caption\":\"Zona Caral Administrador\"},\"sameAs\":[\"https:\\\/\\\/zonacaral.gob.pe\"],\"url\":\"https:\\\/\\\/zonacaral.gob.pe\\\/es\\\/noticias\\\/author\\\/ad_zonacaral\\\/\"}]}<\/script>\n<!-- \/ Yoast SEO plugin. -->","yoast_head_json":{"title":"CAN iza bandera de la integraci\u00f3n cultural en Caral","description":"La Dr. Ruth Shady, directora de la Zona Arqueol\u00f3gica de Caral (ZAC), y Walker San Miguel, secretario general de la Comunidad Andina (CAN), izaron la bandera de esta instituci\u00f3n en la Ciudad Sagrada de Caral, reconocida como el origen de la civilizaci\u00f3n andina.","robots":{"index":"index","follow":"follow","max-snippet":"max-snippet:-1","max-image-preview":"max-image-preview:large","max-video-preview":"max-video-preview:-1"},"canonical":"https:\/\/zonacaral.gob.pe\/es\/noticias\/can-iza-bandera-de-la-integracion-cultural-en-caral\/","og_locale":"es_ES","og_type":"article","og_title":"CAN iza bandera de la integraci\u00f3n cultural en Caral","og_description":"La Dr. Ruth Shady, directora de la Zona Arqueol\u00f3gica de Caral (ZAC), y Walker San Miguel, secretario general de la Comunidad Andina (CAN), izaron la bandera de esta instituci\u00f3n en la Ciudad Sagrada de Caral, reconocida como el origen de la civilizaci\u00f3n andina.","og_url":"https:\/\/zonacaral.gob.pe\/es\/noticias\/can-iza-bandera-de-la-integracion-cultural-en-caral\/","og_site_name":"Zona Caral","article_published_time":"2018-04-21T12:10:48+00:00","og_image":[{"width":900,"height":675,"url":"https:\/\/zonacaral.gob.pe\/wp-content\/uploads\/2018\/04\/caen-caral.jpg","type":"image\/jpeg"}],"author":"Zona Caral Administrador","twitter_card":"summary_large_image","twitter_misc":{"Written by":"Zona Caral Administrador","Est. reading time":"1 minuto"},"schema":{"@context":"https:\/\/schema.org","@graph":[{"@type":"Article","@id":"https:\/\/zonacaral.gob.pe\/en\/noticias\/can-iza-bandera-de-la-integracion-cultural-en-caral\/#article","isPartOf":{"@id":"https:\/\/zonacaral.gob.pe\/en\/noticias\/can-iza-bandera-de-la-integracion-cultural-en-caral\/"},"author":{"name":"Zona Caral Administrador","@id":"https:\/\/zonacaral.gob.pe\/es\/#\/schema\/person\/beddb4d22f71a7230c5b90913270a0ee"},"headline":"CAN iza bandera de la integraci\u00f3n cultural en Caral","datePublished":"2018-04-21T12:10:48+00:00","mainEntityOfPage":{"@id":"https:\/\/zonacaral.gob.pe\/en\/noticias\/can-iza-bandera-de-la-integracion-cultural-en-caral\/"},"wordCount":261,"image":{"@id":"https:\/\/zonacaral.gob.pe\/en\/noticias\/can-iza-bandera-de-la-integracion-cultural-en-caral\/#primaryimage"},"thumbnailUrl":"https:\/\/zonacaral.gob.pe\/wp-content\/uploads\/2018\/04\/caen-caral.jpg","keywords":["can","caral"],"articleSection":["noticias"],"inLanguage":"es-PE"},{"@type":"WebPage","@id":"https:\/\/zonacaral.gob.pe\/en\/noticias\/can-iza-bandera-de-la-integracion-cultural-en-caral\/","url":"https:\/\/zonacaral.gob.pe\/en\/noticias\/can-iza-bandera-de-la-integracion-cultural-en-caral\/","name":"CAN iza bandera de la integraci\u00f3n cultural en Caral","isPartOf":{"@id":"https:\/\/zonacaral.gob.pe\/es\/#website"},"primaryImageOfPage":{"@id":"https:\/\/zonacaral.gob.pe\/en\/noticias\/can-iza-bandera-de-la-integracion-cultural-en-caral\/#primaryimage"},"image":{"@id":"https:\/\/zonacaral.gob.pe\/en\/noticias\/can-iza-bandera-de-la-integracion-cultural-en-caral\/#primaryimage"},"thumbnailUrl":"https:\/\/zonacaral.gob.pe\/wp-content\/uploads\/2018\/04\/caen-caral.jpg","datePublished":"2018-04-21T12:10:48+00:00","author":{"@id":"https:\/\/zonacaral.gob.pe\/es\/#\/schema\/person\/beddb4d22f71a7230c5b90913270a0ee"},"description":"La Dr. Ruth Shady, directora de la Zona Arqueol\u00f3gica de Caral (ZAC), y Walker San Miguel, secretario general de la Comunidad Andina (CAN), izaron la bandera de esta instituci\u00f3n en la Ciudad Sagrada de Caral, reconocida como el origen de la civilizaci\u00f3n andina.","breadcrumb":{"@id":"https:\/\/zonacaral.gob.pe\/en\/noticias\/can-iza-bandera-de-la-integracion-cultural-en-caral\/#breadcrumb"},"inLanguage":"es-PE","potentialAction":[{"@type":"ReadAction","target":["https:\/\/zonacaral.gob.pe\/en\/noticias\/can-iza-bandera-de-la-integracion-cultural-en-caral\/"]}]},{"@type":"ImageObject","inLanguage":"es-PE","@id":"https:\/\/zonacaral.gob.pe\/en\/noticias\/can-iza-bandera-de-la-integracion-cultural-en-caral\/#primaryimage","url":"https:\/\/zonacaral.gob.pe\/wp-content\/uploads\/2018\/04\/caen-caral.jpg","contentUrl":"https:\/\/zonacaral.gob.pe\/wp-content\/uploads\/2018\/04\/caen-caral.jpg","width":900,"height":675},{"@type":"BreadcrumbList","@id":"https:\/\/zonacaral.gob.pe\/en\/noticias\/can-iza-bandera-de-la-integracion-cultural-en-caral\/#breadcrumb","itemListElement":[{"@type":"ListItem","position":1,"name":"Portada","item":"https:\/\/zonacaral.gob.pe\/"},{"@type":"ListItem","position":2,"name":"CAN iza bandera de la integraci\u00f3n cultural en Caral"}]},{"@type":"WebSite","@id":"https:\/\/zonacaral.gob.pe\/es\/#website","url":"https:\/\/zonacaral.gob.pe\/es\/","name":"Zona Caral","description":"Investigamos, conservamos y difundimos el patrimonio cultural de la Civilizaci\u00f3n Caral, la m\u00e1s antigua de Am\u00e9rica.","potentialAction":[{"@type":"SearchAction","target":{"@type":"EntryPoint","urlTemplate":"https:\/\/zonacaral.gob.pe\/es\/?s={search_term_string}"},"query-input":{"@type":"PropertyValueSpecification","valueRequired":true,"valueName":"search_term_string"}}],"inLanguage":"es-PE"},{"@type":"Person","@id":"https:\/\/zonacaral.gob.pe\/es\/#\/schema\/person\/beddb4d22f71a7230c5b90913270a0ee","name":"Zona Caral Administrador","image":{"@type":"ImageObject","inLanguage":"es-PE","@id":"https:\/\/secure.gravatar.com\/avatar\/e4be162918a696358376de6446614e0f0f4062bdc5d170d6d540ada3d8b58c12?s=96&d=mm&r=g","url":"https:\/\/secure.gravatar.com\/avatar\/e4be162918a696358376de6446614e0f0f4062bdc5d170d6d540ada3d8b58c12?s=96&d=mm&r=g","contentUrl":"https:\/\/secure.gravatar.com\/avatar\/e4be162918a696358376de6446614e0f0f4062bdc5d170d6d540ada3d8b58c12?s=96&d=mm&r=g","caption":"Zona Caral Administrador"},"sameAs":["https:\/\/zonacaral.gob.pe"],"url":"https:\/\/zonacaral.gob.pe\/es\/noticias\/author\/ad_zonacaral\/"}]}},"_links":{"self":[{"href":"https:\/\/zonacaral.gob.pe\/es\/wp-json\/wp\/v2\/posts\/12534","targetHints":{"allow":["GET"]}}],"collection":[{"href":"https:\/\/zonacaral.gob.pe\/es\/wp-json\/wp\/v2\/posts"}],"about":[{"href":"https:\/\/zonacaral.gob.pe\/es\/wp-json\/wp\/v2\/types\/post"}],"author":[{"embeddable":true,"href":"https:\/\/zonacaral.gob.pe\/es\/wp-json\/wp\/v2\/users\/1"}],"replies":[{"embeddable":true,"href":"https:\/\/zonacaral.gob.pe\/es\/wp-json\/wp\/v2\/comments?post=12534"}],"version-history":[{"count":0,"href":"https:\/\/zonacaral.gob.pe\/es\/wp-json\/wp\/v2\/posts\/12534\/revisions"}],"wp:featuredmedia":[{"embeddable":true,"href":"https:\/\/zonacaral.gob.pe\/es\/wp-json\/wp\/v2\/media\/12531"}],"wp:attachment":[{"href":"https:\/\/zonacaral.gob.pe\/es\/wp-json\/wp\/v2\/media?parent=12534"}],"wp:term":[{"taxonomy":"category","embeddable":true,"href":"https:\/\/zonacaral.gob.pe\/es\/wp-json\/wp\/v2\/categories?post=12534"},{"taxonomy":"post_tag","embeddable":true,"href":"https:\/\/zonacaral.gob.pe\/es\/wp-json\/wp\/v2\/tags?post=12534"}],"curies":[{"name":"wp","href":"https:\/\/api.w.org\/{rel}","templated":true}]}}