{"id":12545,"date":"2018-04-25T18:23:27","date_gmt":"2018-04-25T23:23:27","guid":{"rendered":"http:\/\/www.zonacaral.gob.pe\/?p=12545"},"modified":"2018-04-25T18:23:27","modified_gmt":"2018-04-25T23:23:27","slug":"aspero-esta-de-aniversario-ven-este-27-y-28-de-abril-a-celebrar-con-nosotros","status":"publish","type":"post","link":"https:\/\/zonacaral.gob.pe\/es\/noticias\/aspero-esta-de-aniversario-ven-este-27-y-28-de-abril-a-celebrar-con-nosotros\/","title":{"rendered":"\u00c1spero est\u00e1 de aniversario: Ven este 27 y 28 de abril a celebrar con nosotros"},"content":{"rendered":"<figure class=\"pic-autor\" style=\"color: #4d4d4d; text-align: justify;\"><\/figure>\n<p style=\"text-align: justify;\">\u00c1spero, la Ciudad Pesquera de Caral, est\u00e1 de aniversario y conmemorar\u00e1 su puesta en valor, iniciada hace 13 a\u00f1os, este viernes 27 y s\u00e1bado 28 de abril, en el sitio arqueol\u00f3gico de \u00c1spero, ubicado en Supe Puerto.<\/p>\n<p style=\"text-align: justify;\">Son 5 mil a\u00f1os de Ciencia y Tecnolog\u00eda Pesquera en la que destaca el rol de la Anchoveta para el Desarrollo Social del \u00e1rea Norcentral del Per\u00fa.<\/p>\n<p style=\"text-align: justify;\">Es por este motivo que la Zona Arqueol\u00f3gica Caral (ZAC), unidad ejecutora 003 del Ministerio de Cultura, ha organizado un programa cultural para mostrar la investigaci\u00f3n arqueol\u00f3gica y los trabajos de conservaci\u00f3n de los monumentos de \u00c1spero.<\/p>\n<p style=\"text-align: justify;\">Asimismo, este evento sirve para dar a conocer los avances alcanzados en los trabajos de investigaci\u00f3n, conservaci\u00f3n y difusi\u00f3n del sitio arqueol\u00f3gico, que es estudiado por un equipo de arque\u00f3logos de la Zona Arqueol\u00f3gica Caral, dirigido por su directora, Ruth Shady.<\/p>\n<p style=\"text-align: justify;\">Como dimos a conocer la semana pasada, el \u00faltimo hallazgo arqueol\u00f3gico en este lugar fue la ofrenda compuesta por ocho objetos, denominados \u201cOjos de Dios\u201d, plumas de guacamayo, algod\u00f3n y cuentas de spondylus y crisocola.<\/p>\n<p style=\"text-align: justify; text-decoration: underline;\"><em><span style=\"color: #993300;\"><strong><a href=\"http:\/\/www.zonacaral.gob.pe\/noticias\/presentamos-un-nuevo-hallazgo-en-aspero-los-ojos-de-dios\/\"><span style=\"color: #993300;\"><span style=\"color: black;\">(Hallazgos que evidencian la interacci\u00f3n e intercambio que hubo entre los pueblos del litoral, la sierra y la Amazon\u00eda; as\u00ed como tambi\u00e9n con aquellos de la costa ecuatorial, en condiciones de paz para beneficio compartido. Relaciones que superaron las diferencias sociales, culturales y ling\u00fc\u00edsticas; y promovieron el desarrollo).<\/span><\/span><\/a><\/strong><\/span><\/em><\/p>\n<h3 style=\"text-align: justify;\"><strong>Actividades por Aniversario<\/strong><\/h3>\n<p style=\"text-align: justify;\">Las actividades por el 13\u00ba Aniversario de \u00c1spero, se han divido en dos d\u00edas, los cuales estar\u00e1n llenos de expresi\u00f3n cultural y lleno de algarab\u00eda:<\/p>\n<p style=\"text-align: justify;\"><strong>Viernes 27<\/strong><\/p>\n<p style=\"text-align: justify;\">Inicio de actividades desde las 17.00 hrs. con el IV Concurso de Pasacalle \u201cRevalorando Nuestro Pasado Milenario\u201d y Ceremonia Tradicional a la \u201cCochamama\u201d. (Concentraci\u00f3n en la Plaza Grau de Supe Puerto)<\/p>\n<p style=\"text-align: justify;\">A las 20:00 hrs. Se realizar\u00e1 la \u201cCeremonia en agradecimiento por los recursos del mar\u201d. Ceremonia a la \u201cCochamama\u201d, en beneficio de los recursos del mar y la vida humana, a cargo de la Chamana Am\u00e9rica Bazalar. Vista de la Iluminaci\u00f3n nocturna del sitio arqueol\u00f3gico de \u00c1spero desde el Mirador (Huaca de los \u00cddolos fachada norte, Huaca Alta, perfil sur, Huaca de los Sacrificios fachada norte.<\/p>\n<p style=\"text-align: justify;\"><strong>S\u00e1bado 28<\/strong><\/p>\n<p style=\"text-align: justify;\">Las actividades se realizar\u00e1n desde las 9:00 hrs. con el \u201c\u00c1spero Raymi\u201d, fiesta tradicional de convergencia para fomentar integraci\u00f3n social.<\/p>\n<ul style=\"text-align: justify;\">\n<li>Premiaci\u00f3n de concursos culturales<\/li>\n<li>Presentaci\u00f3n de danzas, por diferentes grupos art\u00edsticos.<\/li>\n<li>Visita al \u201cCatu \u00c1spero\u201d o expo-feria: \u201cProducci\u00f3n social actual.<\/li>\n<li>Visita guiada gratuitas en el \u201cCentro de Interpretaci\u00f3n\u201d y a la ciudad pesquera \u00c1spero.<\/li>\n<\/ul>\n<p style=\"text-align: justify;\">Conoce el programa completo de actividades, as\u00ed tambi\u00e9n de c\u00f3mo llegar a \u00c1spero en la siguiente p\u00e1gina web: <a href=\"http:\/\/www.zonacaral.gob.pe\/aspero\/\">zonacaral.gob.pe\/aspero<\/a><\/p>\n<p style=\"text-align: justify;\">\u00a1Te esperamos!<\/p>\n<p class=\"news-summary\" style=\"font-weight: normal; color: #444444;\"><span style=\"color: #993300;\"><strong style=\"color: #993300;\">Fuente: Prensa ZAC<\/strong><\/span><\/p>\n<div style=\"color: #1f1f1f;\">\n<p style=\"text-align: justify;\">Fecha de publicaci\u00f3n: 25\/04\/2018<\/p>\n<\/div>\n","protected":false},"excerpt":{"rendered":"<p>\u00c1spero, la Ciudad Pesquera de Caral, est\u00e1 de aniversario y conmemorar\u00e1 su puesta en valor, iniciada hace 13 a\u00f1os, este [&hellip;]<\/p>\n","protected":false},"author":1,"featured_media":12546,"comment_status":"closed","ping_status":"open","sticky":false,"template":"","format":"standard","meta":{"_acf_changed":false,"site-sidebar-layout":"default","site-content-layout":"","ast-site-content-layout":"default","site-content-style":"default","site-sidebar-style":"default","ast-global-header-display":"","ast-banner-title-visibility":"","ast-main-header-display":"","ast-hfb-above-header-display":"","ast-hfb-below-header-display":"","ast-hfb-mobile-header-display":"","site-post-title":"","ast-breadcrumbs-content":"","ast-featured-img":"","footer-sml-layout":"","ast-disable-related-posts":"","theme-transparent-header-meta":"","adv-header-id-meta":"","stick-header-meta":"","header-above-stick-meta":"","header-main-stick-meta":"","header-below-stick-meta":"","astra-migrate-meta-layouts":"default","ast-page-background-enabled":"default","ast-page-background-meta":{"desktop":{"background-color":"var(--ast-global-color-5)","background-image":"","background-repeat":"repeat","background-position":"center center","background-size":"auto","background-attachment":"scroll","background-type":"","background-media":"","overlay-type":"","overlay-color":"","overlay-opacity":"","overlay-gradient":""},"tablet":{"background-color":"","background-image":"","background-repeat":"repeat","background-position":"center center","background-size":"auto","background-attachment":"scroll","background-type":"","background-media":"","overlay-type":"","overlay-color":"","overlay-opacity":"","overlay-gradient":""},"mobile":{"background-color":"","background-image":"","background-repeat":"repeat","background-position":"center center","background-size":"auto","background-attachment":"scroll","background-type":"","background-media":"","overlay-type":"","overlay-color":"","overlay-opacity":"","overlay-gradient":""}},"ast-content-background-meta":{"desktop":{"background-color":"var(--ast-global-color-4)","background-image":"","background-repeat":"repeat","background-position":"center center","background-size":"auto","background-attachment":"scroll","background-type":"","background-media":"","overlay-type":"","overlay-color":"","overlay-opacity":"","overlay-gradient":""},"tablet":{"background-color":"var(--ast-global-color-4)","background-image":"","background-repeat":"repeat","background-position":"center center","background-size":"auto","background-attachment":"scroll","background-type":"","background-media":"","overlay-type":"","overlay-color":"","overlay-opacity":"","overlay-gradient":""},"mobile":{"background-color":"var(--ast-global-color-4)","background-image":"","background-repeat":"repeat","background-position":"center center","background-size":"auto","background-attachment":"scroll","background-type":"","background-media":"","overlay-type":"","overlay-color":"","overlay-opacity":"","overlay-gradient":""}},"footnotes":""},"categories":[208],"tags":[54,63],"class_list":["post-12545","post","type-post","status-publish","format-standard","has-post-thumbnail","hentry","category-noticias","tag-aniversario","tag-aspero"],"acf":[],"yoast_head":"<!-- This site is optimized with the Yoast SEO plugin v27.3 - https:\/\/yoast.com\/product\/yoast-seo-wordpress\/ -->\n<title>\u00c1spero est\u00e1 de aniversario: Ven este 27 y 28 de abril a celebrar con nosotros<\/title>\n<meta name=\"description\" content=\"La Zona Arqueol\u00f3gica Caral (ZAC), unidad ejecutora 003 del Ministerio de Cultura, ha organizado un programa cultural para mostrar la investigaci\u00f3n arqueol\u00f3gica y los trabajos de conservaci\u00f3n de los monumentos de \u00c1spero.\" \/>\n<meta name=\"robots\" content=\"index, follow, max-snippet:-1, max-image-preview:large, max-video-preview:-1\" \/>\n<link rel=\"canonical\" href=\"https:\/\/zonacaral.gob.pe\/es\/noticias\/aspero-esta-de-aniversario-ven-este-27-y-28-de-abril-a-celebrar-con-nosotros\/\" \/>\n<meta property=\"og:locale\" content=\"es_ES\" \/>\n<meta property=\"og:type\" content=\"article\" \/>\n<meta property=\"og:title\" content=\"\u00c1spero est\u00e1 de aniversario: Ven este 27 y 28 de abril a celebrar con nosotros\" \/>\n<meta property=\"og:description\" content=\"La Zona Arqueol\u00f3gica Caral (ZAC), unidad ejecutora 003 del Ministerio de Cultura, ha organizado un programa cultural para mostrar la investigaci\u00f3n arqueol\u00f3gica y los trabajos de conservaci\u00f3n de los monumentos de \u00c1spero.\" \/>\n<meta property=\"og:url\" content=\"https:\/\/zonacaral.gob.pe\/es\/noticias\/aspero-esta-de-aniversario-ven-este-27-y-28-de-abril-a-celebrar-con-nosotros\/\" \/>\n<meta property=\"og:site_name\" content=\"Zona Caral\" \/>\n<meta property=\"article:published_time\" content=\"2018-04-25T23:23:27+00:00\" \/>\n<meta property=\"og:image\" content=\"https:\/\/zonacaral.gob.pe\/wp-content\/uploads\/2018\/04\/ven-aspero-aniversario-2018.jpg\" \/>\n\t<meta property=\"og:image:width\" content=\"810\" \/>\n\t<meta property=\"og:image:height\" content=\"410\" \/>\n\t<meta property=\"og:image:type\" content=\"image\/jpeg\" \/>\n<meta name=\"author\" content=\"Zona Caral Administrador\" \/>\n<meta name=\"twitter:card\" content=\"summary_large_image\" \/>\n<meta name=\"twitter:label1\" content=\"Written by\" \/>\n\t<meta name=\"twitter:data1\" content=\"Zona Caral Administrador\" \/>\n\t<meta name=\"twitter:label2\" content=\"Est. reading time\" \/>\n\t<meta name=\"twitter:data2\" content=\"2 minutos\" \/>\n<script type=\"application\/ld+json\" class=\"yoast-schema-graph\">{\"@context\":\"https:\\\/\\\/schema.org\",\"@graph\":[{\"@type\":\"Article\",\"@id\":\"https:\\\/\\\/zonacaral.gob.pe\\\/en\\\/noticias\\\/aspero-esta-de-aniversario-ven-este-27-y-28-de-abril-a-celebrar-con-nosotros\\\/#article\",\"isPartOf\":{\"@id\":\"https:\\\/\\\/zonacaral.gob.pe\\\/en\\\/noticias\\\/aspero-esta-de-aniversario-ven-este-27-y-28-de-abril-a-celebrar-con-nosotros\\\/\"},\"author\":{\"name\":\"Zona Caral Administrador\",\"@id\":\"https:\\\/\\\/zonacaral.gob.pe\\\/es\\\/#\\\/schema\\\/person\\\/beddb4d22f71a7230c5b90913270a0ee\"},\"headline\":\"\u00c1spero est\u00e1 de aniversario: Ven este 27 y 28 de abril a celebrar con nosotros\",\"datePublished\":\"2018-04-25T23:23:27+00:00\",\"mainEntityOfPage\":{\"@id\":\"https:\\\/\\\/zonacaral.gob.pe\\\/en\\\/noticias\\\/aspero-esta-de-aniversario-ven-este-27-y-28-de-abril-a-celebrar-con-nosotros\\\/\"},\"wordCount\":481,\"image\":{\"@id\":\"https:\\\/\\\/zonacaral.gob.pe\\\/en\\\/noticias\\\/aspero-esta-de-aniversario-ven-este-27-y-28-de-abril-a-celebrar-con-nosotros\\\/#primaryimage\"},\"thumbnailUrl\":\"https:\\\/\\\/zonacaral.gob.pe\\\/wp-content\\\/uploads\\\/2018\\\/04\\\/ven-aspero-aniversario-2018.jpg\",\"keywords\":[\"aniversario\",\"Aspero\"],\"articleSection\":[\"noticias\"],\"inLanguage\":\"es-PE\"},{\"@type\":\"WebPage\",\"@id\":\"https:\\\/\\\/zonacaral.gob.pe\\\/en\\\/noticias\\\/aspero-esta-de-aniversario-ven-este-27-y-28-de-abril-a-celebrar-con-nosotros\\\/\",\"url\":\"https:\\\/\\\/zonacaral.gob.pe\\\/en\\\/noticias\\\/aspero-esta-de-aniversario-ven-este-27-y-28-de-abril-a-celebrar-con-nosotros\\\/\",\"name\":\"\u00c1spero est\u00e1 de aniversario: Ven este 27 y 28 de abril a celebrar con nosotros\",\"isPartOf\":{\"@id\":\"https:\\\/\\\/zonacaral.gob.pe\\\/es\\\/#website\"},\"primaryImageOfPage\":{\"@id\":\"https:\\\/\\\/zonacaral.gob.pe\\\/en\\\/noticias\\\/aspero-esta-de-aniversario-ven-este-27-y-28-de-abril-a-celebrar-con-nosotros\\\/#primaryimage\"},\"image\":{\"@id\":\"https:\\\/\\\/zonacaral.gob.pe\\\/en\\\/noticias\\\/aspero-esta-de-aniversario-ven-este-27-y-28-de-abril-a-celebrar-con-nosotros\\\/#primaryimage\"},\"thumbnailUrl\":\"https:\\\/\\\/zonacaral.gob.pe\\\/wp-content\\\/uploads\\\/2018\\\/04\\\/ven-aspero-aniversario-2018.jpg\",\"datePublished\":\"2018-04-25T23:23:27+00:00\",\"author\":{\"@id\":\"https:\\\/\\\/zonacaral.gob.pe\\\/es\\\/#\\\/schema\\\/person\\\/beddb4d22f71a7230c5b90913270a0ee\"},\"description\":\"La Zona Arqueol\u00f3gica Caral (ZAC), unidad ejecutora 003 del Ministerio de Cultura, ha organizado un programa cultural para mostrar la investigaci\u00f3n arqueol\u00f3gica y los trabajos de conservaci\u00f3n de los monumentos de \u00c1spero.\",\"breadcrumb\":{\"@id\":\"https:\\\/\\\/zonacaral.gob.pe\\\/en\\\/noticias\\\/aspero-esta-de-aniversario-ven-este-27-y-28-de-abril-a-celebrar-con-nosotros\\\/#breadcrumb\"},\"inLanguage\":\"es-PE\",\"potentialAction\":[{\"@type\":\"ReadAction\",\"target\":[\"https:\\\/\\\/zonacaral.gob.pe\\\/en\\\/noticias\\\/aspero-esta-de-aniversario-ven-este-27-y-28-de-abril-a-celebrar-con-nosotros\\\/\"]}]},{\"@type\":\"ImageObject\",\"inLanguage\":\"es-PE\",\"@id\":\"https:\\\/\\\/zonacaral.gob.pe\\\/en\\\/noticias\\\/aspero-esta-de-aniversario-ven-este-27-y-28-de-abril-a-celebrar-con-nosotros\\\/#primaryimage\",\"url\":\"https:\\\/\\\/zonacaral.gob.pe\\\/wp-content\\\/uploads\\\/2018\\\/04\\\/ven-aspero-aniversario-2018.jpg\",\"contentUrl\":\"https:\\\/\\\/zonacaral.gob.pe\\\/wp-content\\\/uploads\\\/2018\\\/04\\\/ven-aspero-aniversario-2018.jpg\",\"width\":810,\"height\":410},{\"@type\":\"BreadcrumbList\",\"@id\":\"https:\\\/\\\/zonacaral.gob.pe\\\/en\\\/noticias\\\/aspero-esta-de-aniversario-ven-este-27-y-28-de-abril-a-celebrar-con-nosotros\\\/#breadcrumb\",\"itemListElement\":[{\"@type\":\"ListItem\",\"position\":1,\"name\":\"Portada\",\"item\":\"https:\\\/\\\/zonacaral.gob.pe\\\/\"},{\"@type\":\"ListItem\",\"position\":2,\"name\":\"\u00c1spero est\u00e1 de aniversario: Ven este 27 y 28 de abril a celebrar con nosotros\"}]},{\"@type\":\"WebSite\",\"@id\":\"https:\\\/\\\/zonacaral.gob.pe\\\/es\\\/#website\",\"url\":\"https:\\\/\\\/zonacaral.gob.pe\\\/es\\\/\",\"name\":\"Zona Caral\",\"description\":\"Investigamos, conservamos y difundimos el patrimonio cultural de la Civilizaci\u00f3n Caral, la m\u00e1s antigua de Am\u00e9rica.\",\"potentialAction\":[{\"@type\":\"SearchAction\",\"target\":{\"@type\":\"EntryPoint\",\"urlTemplate\":\"https:\\\/\\\/zonacaral.gob.pe\\\/es\\\/?s={search_term_string}\"},\"query-input\":{\"@type\":\"PropertyValueSpecification\",\"valueRequired\":true,\"valueName\":\"search_term_string\"}}],\"inLanguage\":\"es-PE\"},{\"@type\":\"Person\",\"@id\":\"https:\\\/\\\/zonacaral.gob.pe\\\/es\\\/#\\\/schema\\\/person\\\/beddb4d22f71a7230c5b90913270a0ee\",\"name\":\"Zona Caral Administrador\",\"image\":{\"@type\":\"ImageObject\",\"inLanguage\":\"es-PE\",\"@id\":\"https:\\\/\\\/secure.gravatar.com\\\/avatar\\\/e4be162918a696358376de6446614e0f0f4062bdc5d170d6d540ada3d8b58c12?s=96&d=mm&r=g\",\"url\":\"https:\\\/\\\/secure.gravatar.com\\\/avatar\\\/e4be162918a696358376de6446614e0f0f4062bdc5d170d6d540ada3d8b58c12?s=96&d=mm&r=g\",\"contentUrl\":\"https:\\\/\\\/secure.gravatar.com\\\/avatar\\\/e4be162918a696358376de6446614e0f0f4062bdc5d170d6d540ada3d8b58c12?s=96&d=mm&r=g\",\"caption\":\"Zona Caral Administrador\"},\"sameAs\":[\"https:\\\/\\\/zonacaral.gob.pe\"],\"url\":\"https:\\\/\\\/zonacaral.gob.pe\\\/es\\\/noticias\\\/author\\\/ad_zonacaral\\\/\"}]}<\/script>\n<!-- \/ Yoast SEO plugin. -->","yoast_head_json":{"title":"\u00c1spero est\u00e1 de aniversario: Ven este 27 y 28 de abril a celebrar con nosotros","description":"La Zona Arqueol\u00f3gica Caral (ZAC), unidad ejecutora 003 del Ministerio de Cultura, ha organizado un programa cultural para mostrar la investigaci\u00f3n arqueol\u00f3gica y los trabajos de conservaci\u00f3n de los monumentos de \u00c1spero.","robots":{"index":"index","follow":"follow","max-snippet":"max-snippet:-1","max-image-preview":"max-image-preview:large","max-video-preview":"max-video-preview:-1"},"canonical":"https:\/\/zonacaral.gob.pe\/es\/noticias\/aspero-esta-de-aniversario-ven-este-27-y-28-de-abril-a-celebrar-con-nosotros\/","og_locale":"es_ES","og_type":"article","og_title":"\u00c1spero est\u00e1 de aniversario: Ven este 27 y 28 de abril a celebrar con nosotros","og_description":"La Zona Arqueol\u00f3gica Caral (ZAC), unidad ejecutora 003 del Ministerio de Cultura, ha organizado un programa cultural para mostrar la investigaci\u00f3n arqueol\u00f3gica y los trabajos de conservaci\u00f3n de los monumentos de \u00c1spero.","og_url":"https:\/\/zonacaral.gob.pe\/es\/noticias\/aspero-esta-de-aniversario-ven-este-27-y-28-de-abril-a-celebrar-con-nosotros\/","og_site_name":"Zona Caral","article_published_time":"2018-04-25T23:23:27+00:00","og_image":[{"width":810,"height":410,"url":"https:\/\/zonacaral.gob.pe\/wp-content\/uploads\/2018\/04\/ven-aspero-aniversario-2018.jpg","type":"image\/jpeg"}],"author":"Zona Caral Administrador","twitter_card":"summary_large_image","twitter_misc":{"Written by":"Zona Caral Administrador","Est. reading time":"2 minutos"},"schema":{"@context":"https:\/\/schema.org","@graph":[{"@type":"Article","@id":"https:\/\/zonacaral.gob.pe\/en\/noticias\/aspero-esta-de-aniversario-ven-este-27-y-28-de-abril-a-celebrar-con-nosotros\/#article","isPartOf":{"@id":"https:\/\/zonacaral.gob.pe\/en\/noticias\/aspero-esta-de-aniversario-ven-este-27-y-28-de-abril-a-celebrar-con-nosotros\/"},"author":{"name":"Zona Caral Administrador","@id":"https:\/\/zonacaral.gob.pe\/es\/#\/schema\/person\/beddb4d22f71a7230c5b90913270a0ee"},"headline":"\u00c1spero est\u00e1 de aniversario: Ven este 27 y 28 de abril a celebrar con nosotros","datePublished":"2018-04-25T23:23:27+00:00","mainEntityOfPage":{"@id":"https:\/\/zonacaral.gob.pe\/en\/noticias\/aspero-esta-de-aniversario-ven-este-27-y-28-de-abril-a-celebrar-con-nosotros\/"},"wordCount":481,"image":{"@id":"https:\/\/zonacaral.gob.pe\/en\/noticias\/aspero-esta-de-aniversario-ven-este-27-y-28-de-abril-a-celebrar-con-nosotros\/#primaryimage"},"thumbnailUrl":"https:\/\/zonacaral.gob.pe\/wp-content\/uploads\/2018\/04\/ven-aspero-aniversario-2018.jpg","keywords":["aniversario","Aspero"],"articleSection":["noticias"],"inLanguage":"es-PE"},{"@type":"WebPage","@id":"https:\/\/zonacaral.gob.pe\/en\/noticias\/aspero-esta-de-aniversario-ven-este-27-y-28-de-abril-a-celebrar-con-nosotros\/","url":"https:\/\/zonacaral.gob.pe\/en\/noticias\/aspero-esta-de-aniversario-ven-este-27-y-28-de-abril-a-celebrar-con-nosotros\/","name":"\u00c1spero est\u00e1 de aniversario: Ven este 27 y 28 de abril a celebrar con nosotros","isPartOf":{"@id":"https:\/\/zonacaral.gob.pe\/es\/#website"},"primaryImageOfPage":{"@id":"https:\/\/zonacaral.gob.pe\/en\/noticias\/aspero-esta-de-aniversario-ven-este-27-y-28-de-abril-a-celebrar-con-nosotros\/#primaryimage"},"image":{"@id":"https:\/\/zonacaral.gob.pe\/en\/noticias\/aspero-esta-de-aniversario-ven-este-27-y-28-de-abril-a-celebrar-con-nosotros\/#primaryimage"},"thumbnailUrl":"https:\/\/zonacaral.gob.pe\/wp-content\/uploads\/2018\/04\/ven-aspero-aniversario-2018.jpg","datePublished":"2018-04-25T23:23:27+00:00","author":{"@id":"https:\/\/zonacaral.gob.pe\/es\/#\/schema\/person\/beddb4d22f71a7230c5b90913270a0ee"},"description":"La Zona Arqueol\u00f3gica Caral (ZAC), unidad ejecutora 003 del Ministerio de Cultura, ha organizado un programa cultural para mostrar la investigaci\u00f3n arqueol\u00f3gica y los trabajos de conservaci\u00f3n de los monumentos de \u00c1spero.","breadcrumb":{"@id":"https:\/\/zonacaral.gob.pe\/en\/noticias\/aspero-esta-de-aniversario-ven-este-27-y-28-de-abril-a-celebrar-con-nosotros\/#breadcrumb"},"inLanguage":"es-PE","potentialAction":[{"@type":"ReadAction","target":["https:\/\/zonacaral.gob.pe\/en\/noticias\/aspero-esta-de-aniversario-ven-este-27-y-28-de-abril-a-celebrar-con-nosotros\/"]}]},{"@type":"ImageObject","inLanguage":"es-PE","@id":"https:\/\/zonacaral.gob.pe\/en\/noticias\/aspero-esta-de-aniversario-ven-este-27-y-28-de-abril-a-celebrar-con-nosotros\/#primaryimage","url":"https:\/\/zonacaral.gob.pe\/wp-content\/uploads\/2018\/04\/ven-aspero-aniversario-2018.jpg","contentUrl":"https:\/\/zonacaral.gob.pe\/wp-content\/uploads\/2018\/04\/ven-aspero-aniversario-2018.jpg","width":810,"height":410},{"@type":"BreadcrumbList","@id":"https:\/\/zonacaral.gob.pe\/en\/noticias\/aspero-esta-de-aniversario-ven-este-27-y-28-de-abril-a-celebrar-con-nosotros\/#breadcrumb","itemListElement":[{"@type":"ListItem","position":1,"name":"Portada","item":"https:\/\/zonacaral.gob.pe\/"},{"@type":"ListItem","position":2,"name":"\u00c1spero est\u00e1 de aniversario: Ven este 27 y 28 de abril a celebrar con nosotros"}]},{"@type":"WebSite","@id":"https:\/\/zonacaral.gob.pe\/es\/#website","url":"https:\/\/zonacaral.gob.pe\/es\/","name":"Zona Caral","description":"Investigamos, conservamos y difundimos el patrimonio cultural de la Civilizaci\u00f3n Caral, la m\u00e1s antigua de Am\u00e9rica.","potentialAction":[{"@type":"SearchAction","target":{"@type":"EntryPoint","urlTemplate":"https:\/\/zonacaral.gob.pe\/es\/?s={search_term_string}"},"query-input":{"@type":"PropertyValueSpecification","valueRequired":true,"valueName":"search_term_string"}}],"inLanguage":"es-PE"},{"@type":"Person","@id":"https:\/\/zonacaral.gob.pe\/es\/#\/schema\/person\/beddb4d22f71a7230c5b90913270a0ee","name":"Zona Caral Administrador","image":{"@type":"ImageObject","inLanguage":"es-PE","@id":"https:\/\/secure.gravatar.com\/avatar\/e4be162918a696358376de6446614e0f0f4062bdc5d170d6d540ada3d8b58c12?s=96&d=mm&r=g","url":"https:\/\/secure.gravatar.com\/avatar\/e4be162918a696358376de6446614e0f0f4062bdc5d170d6d540ada3d8b58c12?s=96&d=mm&r=g","contentUrl":"https:\/\/secure.gravatar.com\/avatar\/e4be162918a696358376de6446614e0f0f4062bdc5d170d6d540ada3d8b58c12?s=96&d=mm&r=g","caption":"Zona Caral Administrador"},"sameAs":["https:\/\/zonacaral.gob.pe"],"url":"https:\/\/zonacaral.gob.pe\/es\/noticias\/author\/ad_zonacaral\/"}]}},"_links":{"self":[{"href":"https:\/\/zonacaral.gob.pe\/es\/wp-json\/wp\/v2\/posts\/12545","targetHints":{"allow":["GET"]}}],"collection":[{"href":"https:\/\/zonacaral.gob.pe\/es\/wp-json\/wp\/v2\/posts"}],"about":[{"href":"https:\/\/zonacaral.gob.pe\/es\/wp-json\/wp\/v2\/types\/post"}],"author":[{"embeddable":true,"href":"https:\/\/zonacaral.gob.pe\/es\/wp-json\/wp\/v2\/users\/1"}],"replies":[{"embeddable":true,"href":"https:\/\/zonacaral.gob.pe\/es\/wp-json\/wp\/v2\/comments?post=12545"}],"version-history":[{"count":0,"href":"https:\/\/zonacaral.gob.pe\/es\/wp-json\/wp\/v2\/posts\/12545\/revisions"}],"wp:featuredmedia":[{"embeddable":true,"href":"https:\/\/zonacaral.gob.pe\/es\/wp-json\/wp\/v2\/media\/12546"}],"wp:attachment":[{"href":"https:\/\/zonacaral.gob.pe\/es\/wp-json\/wp\/v2\/media?parent=12545"}],"wp:term":[{"taxonomy":"category","embeddable":true,"href":"https:\/\/zonacaral.gob.pe\/es\/wp-json\/wp\/v2\/categories?post=12545"},{"taxonomy":"post_tag","embeddable":true,"href":"https:\/\/zonacaral.gob.pe\/es\/wp-json\/wp\/v2\/tags?post=12545"}],"curies":[{"name":"wp","href":"https:\/\/api.w.org\/{rel}","templated":true}]}}