{"id":12622,"date":"2018-05-11T17:16:50","date_gmt":"2018-05-11T22:16:50","guid":{"rendered":"http:\/\/www.zonacaral.gob.pe\/?p=12622"},"modified":"2018-05-11T17:16:50","modified_gmt":"2018-05-11T22:16:50","slug":"los-valores-de-la-civilizacion-caral-reflexiones-para-el-buen-vivir","status":"publish","type":"post","link":"https:\/\/zonacaral.gob.pe\/es\/noticias\/los-valores-de-la-civilizacion-caral-reflexiones-para-el-buen-vivir\/","title":{"rendered":"Los Valores de la Civilizaci\u00f3n Caral: Reflexiones para el \u201cBuen vivir\u201d"},"content":{"rendered":"<figure class=\"pic-autor\" style=\"color: #4d4d4d; text-align: justify;\"><\/figure>\n<p style=\"text-align: justify;\">Los Valores de la Civilizaci\u00f3n Caral: Reflexiones para el \u201cBuen Vivir\u201d, es el t\u00edtulo del \u00faltimo libro publicado por la Zona Arqueol\u00f3gica Caral (ZAC), Unidad Ejecutora 003, del Ministerio de Cultura, el cu\u00e1l fue presentado en el marco del <em>13\u00ba Aniversario del \u00c1spero, Ciudad Pesquera de la Civilizaci\u00f3n Caral.<\/em><br \/>\nEsta \u00faltima publicaci\u00f3n est\u00e1 dirigida a todo el p\u00fablico, desde ni\u00f1os en edad escolar; y busca generar reflexiones que hace 5,000 a\u00f1os se establecieron en la en Caral, Primera Civilizaci\u00f3n de Am\u00e9rica, Patrimonio Mundial.<br \/>\nLos conceptos del <strong>\u201cBuen Vivir\u201d<\/strong> buscan ayudar en el desarrollo de las actuales sociedades peruanas y de Am\u00e9rica. Estas son:<\/p>\n<ol>\n<li>Coordinaci\u00f3n entre Autoridades Sociales y Pol\u00edticas para el Bienestar P\u00fablico.<\/li>\n<li>Manejo Integral del Territorio y los Recursos.<\/li>\n<li>Econom\u00eda complementaria.<\/li>\n<li>Producci\u00f3n de Conocimientos en Ciencia y Tecnolog\u00eda.<\/li>\n<li>El significado Social de la Religi\u00f3n.<\/li>\n<li>El Arte y la M\u00fasica en la Vida Social.<\/li>\n<\/ol>\n<p style=\"text-align: justify;\">\u2028Son estos temas los que est\u00e1n explicados de manera ilustrada y detallada, en alrededor de 50 p\u00e1ginas, y tienen el fin de recuperar la historia social para transmitirla en beneficio de las sociedades actuales y futuras.<\/p>\n<p style=\"text-align: justify;\">\u2028Este esfuerzo de la ZAC se hace con el objetivo de difundir los valores de la Civilizaci\u00f3n Caral y se suma a los diversos programas culturales, exposiciones museogr\u00e1ficas, conferencias y talleres. Con ellos buscamos contribuir al desarrollo social con identidad cultural.<\/p>\n<p style=\"text-align: justify;\"><img decoding=\"async\" class=\"alignnone size-full wp-image-12623\" src=\"http:\/\/www.zonacaral.gob.pe\/wp-content\/uploads\/2018\/05\/libro-valores.jpg\" alt=\"libro-valores\" width=\"100%\" srcset=\"https:\/\/zonacaral.gob.pe\/wp-content\/uploads\/2018\/05\/libro-valores.jpg 1500w, https:\/\/zonacaral.gob.pe\/wp-content\/uploads\/2018\/05\/libro-valores-300x168.jpg 300w, https:\/\/zonacaral.gob.pe\/wp-content\/uploads\/2018\/05\/libro-valores-1024x573.jpg 1024w, https:\/\/zonacaral.gob.pe\/wp-content\/uploads\/2018\/05\/libro-valores-768x430.jpg 768w\" sizes=\"(max-width: 1500px) 100vw, 1500px\" \/><\/p>\n<h2 style=\"text-align: justify;\">\u2028DATOS<\/h2>\n<p style=\"text-align: justify;\">Al final del libro encontrar\u00e1n unas hojas pedag\u00f3gicas en las que se plantean algunas preguntas para el mejor entendimiento del contenido, contribuyendo a la comprensi\u00f3n lectora.<\/p>\n<p style=\"text-align: justify;\">El libro, <strong>Los Valores de la Civilizaci\u00f3n Caral: Reflexiones para el \u201cBuen Vivir\u201d<\/strong>, est\u00e1 a la venta en las diferentes librer\u00edas de la capital a S\/. 15.00 (quince soles), al igual que otras 17 publicaciones anteriores.<\/p>\n<p style=\"text-align: justify;\">\u2028La Zona Arqueol\u00f3gica Caral, tiene bajo su firma cerca 20 publicaciones, las cuales reafirman nuestro compromiso de contribuir con la cultura de nuestro pa\u00eds. \u2028\u2028Las publicaciones las encuentran en las siguientes librer\u00edas: <strong><em>Librer\u00eda del Fondo Universitario del Libro &#8211; LIBUN y librer\u00eda Crisol. Tambi\u00e9n en Ibero, Fondo de Cultura Econ\u00f3mica, \u00c9poca y en la Tienda del Museo de la Naci\u00f3n<\/em><\/strong>.<\/p>\n<p><span style=\"color: #993300;\"><strong>Fuente: Prensa ZAC<\/strong><\/span><\/p>\n<div style=\"color: #1f1f1f;\">\n<p style=\"text-align: justify;\">Fecha de publicaci\u00f3n: 11\/05\/2018<\/p>\n<\/div>\n","protected":false},"excerpt":{"rendered":"<p>Los Valores de la Civilizaci\u00f3n Caral: Reflexiones para el \u201cBuen Vivir\u201d, es el t\u00edtulo del \u00faltimo libro publicado por la [&hellip;]<\/p>\n","protected":false},"author":1,"featured_media":12624,"comment_status":"closed","ping_status":"open","sticky":false,"template":"","format":"standard","meta":{"_acf_changed":false,"site-sidebar-layout":"default","site-content-layout":"","ast-site-content-layout":"default","site-content-style":"default","site-sidebar-style":"default","ast-global-header-display":"","ast-banner-title-visibility":"","ast-main-header-display":"","ast-hfb-above-header-display":"","ast-hfb-below-header-display":"","ast-hfb-mobile-header-display":"","site-post-title":"","ast-breadcrumbs-content":"","ast-featured-img":"","footer-sml-layout":"","ast-disable-related-posts":"","theme-transparent-header-meta":"","adv-header-id-meta":"","stick-header-meta":"","header-above-stick-meta":"","header-main-stick-meta":"","header-below-stick-meta":"","astra-migrate-meta-layouts":"default","ast-page-background-enabled":"default","ast-page-background-meta":{"desktop":{"background-color":"var(--ast-global-color-5)","background-image":"","background-repeat":"repeat","background-position":"center center","background-size":"auto","background-attachment":"scroll","background-type":"","background-media":"","overlay-type":"","overlay-color":"","overlay-opacity":"","overlay-gradient":""},"tablet":{"background-color":"","background-image":"","background-repeat":"repeat","background-position":"center center","background-size":"auto","background-attachment":"scroll","background-type":"","background-media":"","overlay-type":"","overlay-color":"","overlay-opacity":"","overlay-gradient":""},"mobile":{"background-color":"","background-image":"","background-repeat":"repeat","background-position":"center center","background-size":"auto","background-attachment":"scroll","background-type":"","background-media":"","overlay-type":"","overlay-color":"","overlay-opacity":"","overlay-gradient":""}},"ast-content-background-meta":{"desktop":{"background-color":"var(--ast-global-color-4)","background-image":"","background-repeat":"repeat","background-position":"center center","background-size":"auto","background-attachment":"scroll","background-type":"","background-media":"","overlay-type":"","overlay-color":"","overlay-opacity":"","overlay-gradient":""},"tablet":{"background-color":"var(--ast-global-color-4)","background-image":"","background-repeat":"repeat","background-position":"center center","background-size":"auto","background-attachment":"scroll","background-type":"","background-media":"","overlay-type":"","overlay-color":"","overlay-opacity":"","overlay-gradient":""},"mobile":{"background-color":"var(--ast-global-color-4)","background-image":"","background-repeat":"repeat","background-position":"center center","background-size":"auto","background-attachment":"scroll","background-type":"","background-media":"","overlay-type":"","overlay-color":"","overlay-opacity":"","overlay-gradient":""}},"footnotes":""},"categories":[208],"tags":[55,162],"class_list":["post-12622","post","type-post","status-publish","format-standard","has-post-thumbnail","hentry","category-noticias","tag-caral","tag-libro-valores"],"acf":[],"yoast_head":"<!-- This site is optimized with the Yoast SEO plugin v27.3 - https:\/\/yoast.com\/product\/yoast-seo-wordpress\/ -->\n<title>Los Valores de Caral: Reflexiones para el \u201cBuen vivir\u201d<\/title>\n<meta name=\"description\" content=\"Los Valores de la Civilizaci\u00f3n Caral: Reflexiones para el \u201cBuen Vivir\u201d, es el t\u00edtulo del \u00faltimo libro publicado por la Zona Arqueol\u00f3gica Caral (ZAC), Unidad Ejecutora 003, del Ministerio de Cultura, el cu\u00e1l fue presentado en el marco del 13\u00ba Aniversario del \u00c1spero, Ciudad Pesquera de la Civilizaci\u00f3n Caral.\" \/>\n<meta name=\"robots\" content=\"index, follow, max-snippet:-1, max-image-preview:large, max-video-preview:-1\" \/>\n<link rel=\"canonical\" href=\"https:\/\/zonacaral.gob.pe\/es\/noticias\/los-valores-de-la-civilizacion-caral-reflexiones-para-el-buen-vivir\/\" \/>\n<meta property=\"og:locale\" content=\"es_ES\" \/>\n<meta property=\"og:type\" content=\"article\" \/>\n<meta property=\"og:title\" content=\"Los Valores de Caral: Reflexiones para el \u201cBuen vivir\u201d\" \/>\n<meta property=\"og:description\" content=\"Los Valores de la Civilizaci\u00f3n Caral: Reflexiones para el \u201cBuen Vivir\u201d, es el t\u00edtulo del \u00faltimo libro publicado por la Zona Arqueol\u00f3gica Caral (ZAC), Unidad Ejecutora 003, del Ministerio de Cultura, el cu\u00e1l fue presentado en el marco del 13\u00ba Aniversario del \u00c1spero, Ciudad Pesquera de la Civilizaci\u00f3n Caral.\" \/>\n<meta property=\"og:url\" content=\"https:\/\/zonacaral.gob.pe\/es\/noticias\/los-valores-de-la-civilizacion-caral-reflexiones-para-el-buen-vivir\/\" \/>\n<meta property=\"og:site_name\" content=\"Zona Caral\" \/>\n<meta property=\"article:published_time\" content=\"2018-05-11T22:16:50+00:00\" \/>\n<meta property=\"og:image\" content=\"https:\/\/zonacaral.gob.pe\/wp-content\/uploads\/2018\/05\/portada-libro-valores.jpg\" \/>\n\t<meta property=\"og:image:width\" content=\"900\" \/>\n\t<meta property=\"og:image:height\" content=\"504\" \/>\n\t<meta property=\"og:image:type\" content=\"image\/jpeg\" \/>\n<meta name=\"author\" content=\"Zona Caral Administrador\" \/>\n<meta name=\"twitter:card\" content=\"summary_large_image\" \/>\n<meta name=\"twitter:label1\" content=\"Written by\" \/>\n\t<meta name=\"twitter:data1\" content=\"Zona Caral Administrador\" \/>\n\t<meta name=\"twitter:label2\" content=\"Est. reading time\" \/>\n\t<meta name=\"twitter:data2\" content=\"2 minutos\" \/>\n<script type=\"application\/ld+json\" class=\"yoast-schema-graph\">{\"@context\":\"https:\\\/\\\/schema.org\",\"@graph\":[{\"@type\":\"Article\",\"@id\":\"https:\\\/\\\/zonacaral.gob.pe\\\/es\\\/noticias\\\/los-valores-de-la-civilizacion-caral-reflexiones-para-el-buen-vivir\\\/#article\",\"isPartOf\":{\"@id\":\"https:\\\/\\\/zonacaral.gob.pe\\\/es\\\/noticias\\\/los-valores-de-la-civilizacion-caral-reflexiones-para-el-buen-vivir\\\/\"},\"author\":{\"name\":\"Zona Caral Administrador\",\"@id\":\"https:\\\/\\\/zonacaral.gob.pe\\\/es\\\/#\\\/schema\\\/person\\\/beddb4d22f71a7230c5b90913270a0ee\"},\"headline\":\"Los Valores de la Civilizaci\u00f3n Caral: Reflexiones para el \u201cBuen vivir\u201d\",\"datePublished\":\"2018-05-11T22:16:50+00:00\",\"mainEntityOfPage\":{\"@id\":\"https:\\\/\\\/zonacaral.gob.pe\\\/es\\\/noticias\\\/los-valores-de-la-civilizacion-caral-reflexiones-para-el-buen-vivir\\\/\"},\"wordCount\":393,\"image\":{\"@id\":\"https:\\\/\\\/zonacaral.gob.pe\\\/es\\\/noticias\\\/los-valores-de-la-civilizacion-caral-reflexiones-para-el-buen-vivir\\\/#primaryimage\"},\"thumbnailUrl\":\"https:\\\/\\\/zonacaral.gob.pe\\\/wp-content\\\/uploads\\\/2018\\\/05\\\/portada-libro-valores.jpg\",\"keywords\":[\"caral\",\"libro valores\"],\"articleSection\":[\"noticias\"],\"inLanguage\":\"es-PE\"},{\"@type\":\"WebPage\",\"@id\":\"https:\\\/\\\/zonacaral.gob.pe\\\/es\\\/noticias\\\/los-valores-de-la-civilizacion-caral-reflexiones-para-el-buen-vivir\\\/\",\"url\":\"https:\\\/\\\/zonacaral.gob.pe\\\/es\\\/noticias\\\/los-valores-de-la-civilizacion-caral-reflexiones-para-el-buen-vivir\\\/\",\"name\":\"Los Valores de Caral: Reflexiones para el \u201cBuen vivir\u201d\",\"isPartOf\":{\"@id\":\"https:\\\/\\\/zonacaral.gob.pe\\\/es\\\/#website\"},\"primaryImageOfPage\":{\"@id\":\"https:\\\/\\\/zonacaral.gob.pe\\\/es\\\/noticias\\\/los-valores-de-la-civilizacion-caral-reflexiones-para-el-buen-vivir\\\/#primaryimage\"},\"image\":{\"@id\":\"https:\\\/\\\/zonacaral.gob.pe\\\/es\\\/noticias\\\/los-valores-de-la-civilizacion-caral-reflexiones-para-el-buen-vivir\\\/#primaryimage\"},\"thumbnailUrl\":\"https:\\\/\\\/zonacaral.gob.pe\\\/wp-content\\\/uploads\\\/2018\\\/05\\\/portada-libro-valores.jpg\",\"datePublished\":\"2018-05-11T22:16:50+00:00\",\"author\":{\"@id\":\"https:\\\/\\\/zonacaral.gob.pe\\\/es\\\/#\\\/schema\\\/person\\\/beddb4d22f71a7230c5b90913270a0ee\"},\"description\":\"Los Valores de la Civilizaci\u00f3n Caral: Reflexiones para el \u201cBuen Vivir\u201d, es el t\u00edtulo del \u00faltimo libro publicado por la Zona Arqueol\u00f3gica Caral (ZAC), Unidad Ejecutora 003, del Ministerio de Cultura, el cu\u00e1l fue presentado en el marco del 13\u00ba Aniversario del \u00c1spero, Ciudad Pesquera de la Civilizaci\u00f3n Caral.\",\"breadcrumb\":{\"@id\":\"https:\\\/\\\/zonacaral.gob.pe\\\/es\\\/noticias\\\/los-valores-de-la-civilizacion-caral-reflexiones-para-el-buen-vivir\\\/#breadcrumb\"},\"inLanguage\":\"es-PE\",\"potentialAction\":[{\"@type\":\"ReadAction\",\"target\":[\"https:\\\/\\\/zonacaral.gob.pe\\\/es\\\/noticias\\\/los-valores-de-la-civilizacion-caral-reflexiones-para-el-buen-vivir\\\/\"]}]},{\"@type\":\"ImageObject\",\"inLanguage\":\"es-PE\",\"@id\":\"https:\\\/\\\/zonacaral.gob.pe\\\/es\\\/noticias\\\/los-valores-de-la-civilizacion-caral-reflexiones-para-el-buen-vivir\\\/#primaryimage\",\"url\":\"https:\\\/\\\/zonacaral.gob.pe\\\/wp-content\\\/uploads\\\/2018\\\/05\\\/portada-libro-valores.jpg\",\"contentUrl\":\"https:\\\/\\\/zonacaral.gob.pe\\\/wp-content\\\/uploads\\\/2018\\\/05\\\/portada-libro-valores.jpg\",\"width\":900,\"height\":504},{\"@type\":\"BreadcrumbList\",\"@id\":\"https:\\\/\\\/zonacaral.gob.pe\\\/es\\\/noticias\\\/los-valores-de-la-civilizacion-caral-reflexiones-para-el-buen-vivir\\\/#breadcrumb\",\"itemListElement\":[{\"@type\":\"ListItem\",\"position\":1,\"name\":\"Portada\",\"item\":\"https:\\\/\\\/zonacaral.gob.pe\\\/\"},{\"@type\":\"ListItem\",\"position\":2,\"name\":\"Los Valores de la Civilizaci\u00f3n Caral: Reflexiones para el \u201cBuen vivir\u201d\"}]},{\"@type\":\"WebSite\",\"@id\":\"https:\\\/\\\/zonacaral.gob.pe\\\/es\\\/#website\",\"url\":\"https:\\\/\\\/zonacaral.gob.pe\\\/es\\\/\",\"name\":\"Zona Caral\",\"description\":\"Investigamos, conservamos y difundimos el patrimonio cultural de la Civilizaci\u00f3n Caral, la m\u00e1s antigua de Am\u00e9rica.\",\"potentialAction\":[{\"@type\":\"SearchAction\",\"target\":{\"@type\":\"EntryPoint\",\"urlTemplate\":\"https:\\\/\\\/zonacaral.gob.pe\\\/es\\\/?s={search_term_string}\"},\"query-input\":{\"@type\":\"PropertyValueSpecification\",\"valueRequired\":true,\"valueName\":\"search_term_string\"}}],\"inLanguage\":\"es-PE\"},{\"@type\":\"Person\",\"@id\":\"https:\\\/\\\/zonacaral.gob.pe\\\/es\\\/#\\\/schema\\\/person\\\/beddb4d22f71a7230c5b90913270a0ee\",\"name\":\"Zona Caral Administrador\",\"image\":{\"@type\":\"ImageObject\",\"inLanguage\":\"es-PE\",\"@id\":\"https:\\\/\\\/secure.gravatar.com\\\/avatar\\\/e4be162918a696358376de6446614e0f0f4062bdc5d170d6d540ada3d8b58c12?s=96&d=mm&r=g\",\"url\":\"https:\\\/\\\/secure.gravatar.com\\\/avatar\\\/e4be162918a696358376de6446614e0f0f4062bdc5d170d6d540ada3d8b58c12?s=96&d=mm&r=g\",\"contentUrl\":\"https:\\\/\\\/secure.gravatar.com\\\/avatar\\\/e4be162918a696358376de6446614e0f0f4062bdc5d170d6d540ada3d8b58c12?s=96&d=mm&r=g\",\"caption\":\"Zona Caral Administrador\"},\"sameAs\":[\"https:\\\/\\\/zonacaral.gob.pe\"],\"url\":\"https:\\\/\\\/zonacaral.gob.pe\\\/es\\\/noticias\\\/author\\\/ad_zonacaral\\\/\"}]}<\/script>\n<!-- \/ Yoast SEO plugin. -->","yoast_head_json":{"title":"Los Valores de Caral: Reflexiones para el \u201cBuen vivir\u201d","description":"Los Valores de la Civilizaci\u00f3n Caral: Reflexiones para el \u201cBuen Vivir\u201d, es el t\u00edtulo del \u00faltimo libro publicado por la Zona Arqueol\u00f3gica Caral (ZAC), Unidad Ejecutora 003, del Ministerio de Cultura, el cu\u00e1l fue presentado en el marco del 13\u00ba Aniversario del \u00c1spero, Ciudad Pesquera de la Civilizaci\u00f3n Caral.","robots":{"index":"index","follow":"follow","max-snippet":"max-snippet:-1","max-image-preview":"max-image-preview:large","max-video-preview":"max-video-preview:-1"},"canonical":"https:\/\/zonacaral.gob.pe\/es\/noticias\/los-valores-de-la-civilizacion-caral-reflexiones-para-el-buen-vivir\/","og_locale":"es_ES","og_type":"article","og_title":"Los Valores de Caral: Reflexiones para el \u201cBuen vivir\u201d","og_description":"Los Valores de la Civilizaci\u00f3n Caral: Reflexiones para el \u201cBuen Vivir\u201d, es el t\u00edtulo del \u00faltimo libro publicado por la Zona Arqueol\u00f3gica Caral (ZAC), Unidad Ejecutora 003, del Ministerio de Cultura, el cu\u00e1l fue presentado en el marco del 13\u00ba Aniversario del \u00c1spero, Ciudad Pesquera de la Civilizaci\u00f3n Caral.","og_url":"https:\/\/zonacaral.gob.pe\/es\/noticias\/los-valores-de-la-civilizacion-caral-reflexiones-para-el-buen-vivir\/","og_site_name":"Zona Caral","article_published_time":"2018-05-11T22:16:50+00:00","og_image":[{"width":900,"height":504,"url":"https:\/\/zonacaral.gob.pe\/wp-content\/uploads\/2018\/05\/portada-libro-valores.jpg","type":"image\/jpeg"}],"author":"Zona Caral Administrador","twitter_card":"summary_large_image","twitter_misc":{"Written by":"Zona Caral Administrador","Est. reading time":"2 minutos"},"schema":{"@context":"https:\/\/schema.org","@graph":[{"@type":"Article","@id":"https:\/\/zonacaral.gob.pe\/es\/noticias\/los-valores-de-la-civilizacion-caral-reflexiones-para-el-buen-vivir\/#article","isPartOf":{"@id":"https:\/\/zonacaral.gob.pe\/es\/noticias\/los-valores-de-la-civilizacion-caral-reflexiones-para-el-buen-vivir\/"},"author":{"name":"Zona Caral Administrador","@id":"https:\/\/zonacaral.gob.pe\/es\/#\/schema\/person\/beddb4d22f71a7230c5b90913270a0ee"},"headline":"Los Valores de la Civilizaci\u00f3n Caral: Reflexiones para el \u201cBuen vivir\u201d","datePublished":"2018-05-11T22:16:50+00:00","mainEntityOfPage":{"@id":"https:\/\/zonacaral.gob.pe\/es\/noticias\/los-valores-de-la-civilizacion-caral-reflexiones-para-el-buen-vivir\/"},"wordCount":393,"image":{"@id":"https:\/\/zonacaral.gob.pe\/es\/noticias\/los-valores-de-la-civilizacion-caral-reflexiones-para-el-buen-vivir\/#primaryimage"},"thumbnailUrl":"https:\/\/zonacaral.gob.pe\/wp-content\/uploads\/2018\/05\/portada-libro-valores.jpg","keywords":["caral","libro valores"],"articleSection":["noticias"],"inLanguage":"es-PE"},{"@type":"WebPage","@id":"https:\/\/zonacaral.gob.pe\/es\/noticias\/los-valores-de-la-civilizacion-caral-reflexiones-para-el-buen-vivir\/","url":"https:\/\/zonacaral.gob.pe\/es\/noticias\/los-valores-de-la-civilizacion-caral-reflexiones-para-el-buen-vivir\/","name":"Los Valores de Caral: Reflexiones para el \u201cBuen vivir\u201d","isPartOf":{"@id":"https:\/\/zonacaral.gob.pe\/es\/#website"},"primaryImageOfPage":{"@id":"https:\/\/zonacaral.gob.pe\/es\/noticias\/los-valores-de-la-civilizacion-caral-reflexiones-para-el-buen-vivir\/#primaryimage"},"image":{"@id":"https:\/\/zonacaral.gob.pe\/es\/noticias\/los-valores-de-la-civilizacion-caral-reflexiones-para-el-buen-vivir\/#primaryimage"},"thumbnailUrl":"https:\/\/zonacaral.gob.pe\/wp-content\/uploads\/2018\/05\/portada-libro-valores.jpg","datePublished":"2018-05-11T22:16:50+00:00","author":{"@id":"https:\/\/zonacaral.gob.pe\/es\/#\/schema\/person\/beddb4d22f71a7230c5b90913270a0ee"},"description":"Los Valores de la Civilizaci\u00f3n Caral: Reflexiones para el \u201cBuen Vivir\u201d, es el t\u00edtulo del \u00faltimo libro publicado por la Zona Arqueol\u00f3gica Caral (ZAC), Unidad Ejecutora 003, del Ministerio de Cultura, el cu\u00e1l fue presentado en el marco del 13\u00ba Aniversario del \u00c1spero, Ciudad Pesquera de la Civilizaci\u00f3n Caral.","breadcrumb":{"@id":"https:\/\/zonacaral.gob.pe\/es\/noticias\/los-valores-de-la-civilizacion-caral-reflexiones-para-el-buen-vivir\/#breadcrumb"},"inLanguage":"es-PE","potentialAction":[{"@type":"ReadAction","target":["https:\/\/zonacaral.gob.pe\/es\/noticias\/los-valores-de-la-civilizacion-caral-reflexiones-para-el-buen-vivir\/"]}]},{"@type":"ImageObject","inLanguage":"es-PE","@id":"https:\/\/zonacaral.gob.pe\/es\/noticias\/los-valores-de-la-civilizacion-caral-reflexiones-para-el-buen-vivir\/#primaryimage","url":"https:\/\/zonacaral.gob.pe\/wp-content\/uploads\/2018\/05\/portada-libro-valores.jpg","contentUrl":"https:\/\/zonacaral.gob.pe\/wp-content\/uploads\/2018\/05\/portada-libro-valores.jpg","width":900,"height":504},{"@type":"BreadcrumbList","@id":"https:\/\/zonacaral.gob.pe\/es\/noticias\/los-valores-de-la-civilizacion-caral-reflexiones-para-el-buen-vivir\/#breadcrumb","itemListElement":[{"@type":"ListItem","position":1,"name":"Portada","item":"https:\/\/zonacaral.gob.pe\/"},{"@type":"ListItem","position":2,"name":"Los Valores de la Civilizaci\u00f3n Caral: Reflexiones para el \u201cBuen vivir\u201d"}]},{"@type":"WebSite","@id":"https:\/\/zonacaral.gob.pe\/es\/#website","url":"https:\/\/zonacaral.gob.pe\/es\/","name":"Zona Caral","description":"Investigamos, conservamos y difundimos el patrimonio cultural de la Civilizaci\u00f3n Caral, la m\u00e1s antigua de Am\u00e9rica.","potentialAction":[{"@type":"SearchAction","target":{"@type":"EntryPoint","urlTemplate":"https:\/\/zonacaral.gob.pe\/es\/?s={search_term_string}"},"query-input":{"@type":"PropertyValueSpecification","valueRequired":true,"valueName":"search_term_string"}}],"inLanguage":"es-PE"},{"@type":"Person","@id":"https:\/\/zonacaral.gob.pe\/es\/#\/schema\/person\/beddb4d22f71a7230c5b90913270a0ee","name":"Zona Caral Administrador","image":{"@type":"ImageObject","inLanguage":"es-PE","@id":"https:\/\/secure.gravatar.com\/avatar\/e4be162918a696358376de6446614e0f0f4062bdc5d170d6d540ada3d8b58c12?s=96&d=mm&r=g","url":"https:\/\/secure.gravatar.com\/avatar\/e4be162918a696358376de6446614e0f0f4062bdc5d170d6d540ada3d8b58c12?s=96&d=mm&r=g","contentUrl":"https:\/\/secure.gravatar.com\/avatar\/e4be162918a696358376de6446614e0f0f4062bdc5d170d6d540ada3d8b58c12?s=96&d=mm&r=g","caption":"Zona Caral Administrador"},"sameAs":["https:\/\/zonacaral.gob.pe"],"url":"https:\/\/zonacaral.gob.pe\/es\/noticias\/author\/ad_zonacaral\/"}]}},"_links":{"self":[{"href":"https:\/\/zonacaral.gob.pe\/es\/wp-json\/wp\/v2\/posts\/12622","targetHints":{"allow":["GET"]}}],"collection":[{"href":"https:\/\/zonacaral.gob.pe\/es\/wp-json\/wp\/v2\/posts"}],"about":[{"href":"https:\/\/zonacaral.gob.pe\/es\/wp-json\/wp\/v2\/types\/post"}],"author":[{"embeddable":true,"href":"https:\/\/zonacaral.gob.pe\/es\/wp-json\/wp\/v2\/users\/1"}],"replies":[{"embeddable":true,"href":"https:\/\/zonacaral.gob.pe\/es\/wp-json\/wp\/v2\/comments?post=12622"}],"version-history":[{"count":0,"href":"https:\/\/zonacaral.gob.pe\/es\/wp-json\/wp\/v2\/posts\/12622\/revisions"}],"wp:featuredmedia":[{"embeddable":true,"href":"https:\/\/zonacaral.gob.pe\/es\/wp-json\/wp\/v2\/media\/12624"}],"wp:attachment":[{"href":"https:\/\/zonacaral.gob.pe\/es\/wp-json\/wp\/v2\/media?parent=12622"}],"wp:term":[{"taxonomy":"category","embeddable":true,"href":"https:\/\/zonacaral.gob.pe\/es\/wp-json\/wp\/v2\/categories?post=12622"},{"taxonomy":"post_tag","embeddable":true,"href":"https:\/\/zonacaral.gob.pe\/es\/wp-json\/wp\/v2\/tags?post=12622"}],"curies":[{"name":"wp","href":"https:\/\/api.w.org\/{rel}","templated":true}]}}