{"id":12668,"date":"2018-05-22T17:35:30","date_gmt":"2018-05-22T22:35:30","guid":{"rendered":"http:\/\/www.zonacaral.gob.pe\/?p=12668"},"modified":"2018-05-22T17:35:30","modified_gmt":"2018-05-22T22:35:30","slug":"la-zona-arqueologica-caral-participa-en-la-xvi-feria-museos-a-tu-alcance","status":"publish","type":"post","link":"https:\/\/zonacaral.gob.pe\/es\/noticias\/la-zona-arqueologica-caral-participa-en-la-xvi-feria-museos-a-tu-alcance\/","title":{"rendered":"La Zona Arqueol\u00f3gica Caral particip\u00f3 en la XVI Feria Museos a tu Alcance"},"content":{"rendered":"<figure class=\"pic-autor\" style=\"color: #4d4d4d; text-align: justify;\"><\/figure>\n<p style=\"text-align: justify;\">En el marco del Mes de los Museos, la Zona Arqueol\u00f3gica Caral (ZAC), Unidad Ejecutora 003, del Ministerio de Cultura, estuvo presente, el viernes 18 y s\u00e1bado 19 de mayo, en la XVI feria \u201cMuseos a tu Alcance\u201d organizado por la Red de Museos del Centro Hist\u00f3rico de Lima.\u2028\u2028Desde muy temprano, cientos de personas, ni\u00f1os, j\u00f3venes y adultos, llegaron al lugar para visitar los m\u00e1s de 40 stands, de diferentes museos, quienes disfrutaron de dos filas llenas de cultura peruana.<\/p>\n<p style=\"text-align: justify;\">Este a\u00f1o presentamos nuestro stand de la Red de Museos Comunitarios de Caral: Supe y V\u00e9gueta; as\u00ed como tambi\u00e9n un taller con el tema de interconectividad; es decir, el intercambio de productos que se realizaban hace 5,000 a\u00f1os, entre pobladores de la sierra, selva y costa, teniendo como principal punto la Civilizaci\u00f3n de Caral, denominado \u201cCatu Andino\u201d.<\/p>\n<p style=\"text-align: justify;\">La justificaci\u00f3n, es que en el sitio arqueol\u00f3gico de Caral se encontr\u00f3 restos alimentos, de ofrendas, instrumentos musicales, entre otros objetos que habr\u00edan sido tra\u00eddos tanto de la selva, de la sierra, como de la costa. De esta manera seguimos difundiendo los conocimientos, las costumbres, la historia y la cultura de Caral, Patrimonio Mundial.<br \/>\nEn este evento cultural, el stand de la Zona Arqueol\u00f3gica Caral, fue reconocido como el tercer mejor stand, por los organizadores, premio que recompensa nuestra labor de difusi\u00f3n cultural y amor a nuestro pa\u00eds.<\/p>\n<p style=\"text-align: justify;\">\u2028\u2028\u00a1Gracias por visitarnos!<\/p>\n<p style=\"text-align: justify;\"><iframe style=\"border: none; overflow: hidden;\" src=\"https:\/\/www.facebook.com\/plugins\/video.php?href=https%3A%2F%2Fwww.facebook.com%2FCARALPERU%2Fvideos%2F1834447149927472%2F&amp;show_text=0&amp;width=560\" width=\"560\" height=\"415\" frameborder=\"0\" scrolling=\"no\" allowfullscreen=\"allowfullscreen\"><\/iframe><\/p>\n<p><span style=\"color: #993300;\"><strong>Fuente: Prensa ZAC<\/strong><\/span><\/p>\n<div style=\"color: #1f1f1f;\">\n<p style=\"text-align: justify;\">Fecha de publicaci\u00f3n: 15\/05\/2018<\/p>\n<\/div>\n","protected":false},"excerpt":{"rendered":"<p>En el marco del Mes de los Museos, la Zona Arqueol\u00f3gica Caral (ZAC), Unidad Ejecutora 003, del Ministerio de Cultura, [&hellip;]<\/p>\n","protected":false},"author":1,"featured_media":12671,"comment_status":"closed","ping_status":"open","sticky":false,"template":"","format":"standard","meta":{"_acf_changed":false,"site-sidebar-layout":"default","site-content-layout":"","ast-site-content-layout":"default","site-content-style":"default","site-sidebar-style":"default","ast-global-header-display":"","ast-banner-title-visibility":"","ast-main-header-display":"","ast-hfb-above-header-display":"","ast-hfb-below-header-display":"","ast-hfb-mobile-header-display":"","site-post-title":"","ast-breadcrumbs-content":"","ast-featured-img":"","footer-sml-layout":"","ast-disable-related-posts":"","theme-transparent-header-meta":"","adv-header-id-meta":"","stick-header-meta":"","header-above-stick-meta":"","header-main-stick-meta":"","header-below-stick-meta":"","astra-migrate-meta-layouts":"default","ast-page-background-enabled":"default","ast-page-background-meta":{"desktop":{"background-color":"var(--ast-global-color-5)","background-image":"","background-repeat":"repeat","background-position":"center center","background-size":"auto","background-attachment":"scroll","background-type":"","background-media":"","overlay-type":"","overlay-color":"","overlay-opacity":"","overlay-gradient":""},"tablet":{"background-color":"","background-image":"","background-repeat":"repeat","background-position":"center center","background-size":"auto","background-attachment":"scroll","background-type":"","background-media":"","overlay-type":"","overlay-color":"","overlay-opacity":"","overlay-gradient":""},"mobile":{"background-color":"","background-image":"","background-repeat":"repeat","background-position":"center center","background-size":"auto","background-attachment":"scroll","background-type":"","background-media":"","overlay-type":"","overlay-color":"","overlay-opacity":"","overlay-gradient":""}},"ast-content-background-meta":{"desktop":{"background-color":"var(--ast-global-color-4)","background-image":"","background-repeat":"repeat","background-position":"center center","background-size":"auto","background-attachment":"scroll","background-type":"","background-media":"","overlay-type":"","overlay-color":"","overlay-opacity":"","overlay-gradient":""},"tablet":{"background-color":"var(--ast-global-color-4)","background-image":"","background-repeat":"repeat","background-position":"center center","background-size":"auto","background-attachment":"scroll","background-type":"","background-media":"","overlay-type":"","overlay-color":"","overlay-opacity":"","overlay-gradient":""},"mobile":{"background-color":"var(--ast-global-color-4)","background-image":"","background-repeat":"repeat","background-position":"center center","background-size":"auto","background-attachment":"scroll","background-type":"","background-media":"","overlay-type":"","overlay-color":"","overlay-opacity":"","overlay-gradient":""}},"footnotes":""},"categories":[208],"tags":[55,90,121],"class_list":["post-12668","post","type-post","status-publish","format-standard","has-post-thumbnail","hentry","category-noticias","tag-caral","tag-dia-internacional-de-museos","tag-museos"],"acf":[],"yoast_head":"<!-- This site is optimized with the Yoast SEO plugin v27.3 - https:\/\/yoast.com\/product\/yoast-seo-wordpress\/ -->\n<title>La Zona Arqueol\u00f3gica Caral participa en la XVI Feria Museos a tu Alcance<\/title>\n<meta name=\"description\" content=\"En el marco del Mes de los Museos, la Zona Arqueol\u00f3gica Caral (ZAC), Unidad Ejecutora 003, del Ministerio de Cultura, estuvo presente, el viernes 18 y s\u00e1bado 19 de mayo, en la XVI feria \u201cMuseos a tu Alcance\u201d organizado por la Red de Museos del Centro Hist\u00f3rico de Lima.\u2028\u2028Desde muy temprano, cientos de personas, ni\u00f1os, j\u00f3venes y adultos, llegaron al lugar para visitar los m\u00e1s de 40 stands, de diferentes museos, quienes disfrutaron de dos filas llenas de cultura peruana.\" \/>\n<meta name=\"robots\" content=\"index, follow, max-snippet:-1, max-image-preview:large, max-video-preview:-1\" \/>\n<link rel=\"canonical\" href=\"https:\/\/zonacaral.gob.pe\/es\/noticias\/la-zona-arqueologica-caral-participa-en-la-xvi-feria-museos-a-tu-alcance\/\" \/>\n<meta property=\"og:locale\" content=\"es_ES\" \/>\n<meta property=\"og:type\" content=\"article\" \/>\n<meta property=\"og:title\" content=\"La Zona Arqueol\u00f3gica Caral participa en la XVI Feria Museos a tu Alcance\" \/>\n<meta property=\"og:description\" content=\"En el marco del Mes de los Museos, la Zona Arqueol\u00f3gica Caral (ZAC), Unidad Ejecutora 003, del Ministerio de Cultura, estuvo presente, el viernes 18 y s\u00e1bado 19 de mayo, en la XVI feria \u201cMuseos a tu Alcance\u201d organizado por la Red de Museos del Centro Hist\u00f3rico de Lima.\u2028\u2028Desde muy temprano, cientos de personas, ni\u00f1os, j\u00f3venes y adultos, llegaron al lugar para visitar los m\u00e1s de 40 stands, de diferentes museos, quienes disfrutaron de dos filas llenas de cultura peruana.\" \/>\n<meta property=\"og:url\" content=\"https:\/\/zonacaral.gob.pe\/es\/noticias\/la-zona-arqueologica-caral-participa-en-la-xvi-feria-museos-a-tu-alcance\/\" \/>\n<meta property=\"og:site_name\" content=\"Zona Caral\" \/>\n<meta property=\"article:published_time\" content=\"2018-05-22T22:35:30+00:00\" \/>\n<meta property=\"og:image\" content=\"https:\/\/zonacaral.gob.pe\/wp-content\/uploads\/2018\/05\/feria-museos-2018-04.jpg\" \/>\n\t<meta property=\"og:image:width\" content=\"1000\" \/>\n\t<meta property=\"og:image:height\" content=\"667\" \/>\n\t<meta property=\"og:image:type\" content=\"image\/jpeg\" \/>\n<meta name=\"author\" content=\"Zona Caral Administrador\" \/>\n<meta name=\"twitter:card\" content=\"summary_large_image\" \/>\n<meta name=\"twitter:label1\" content=\"Written by\" \/>\n\t<meta name=\"twitter:data1\" content=\"Zona Caral Administrador\" \/>\n\t<meta name=\"twitter:label2\" content=\"Est. reading time\" \/>\n\t<meta name=\"twitter:data2\" content=\"1 minuto\" \/>\n<script type=\"application\/ld+json\" class=\"yoast-schema-graph\">{\"@context\":\"https:\\\/\\\/schema.org\",\"@graph\":[{\"@type\":\"Article\",\"@id\":\"https:\\\/\\\/zonacaral.gob.pe\\\/en\\\/noticias\\\/la-zona-arqueologica-caral-participa-en-la-xvi-feria-museos-a-tu-alcance\\\/#article\",\"isPartOf\":{\"@id\":\"https:\\\/\\\/zonacaral.gob.pe\\\/en\\\/noticias\\\/la-zona-arqueologica-caral-participa-en-la-xvi-feria-museos-a-tu-alcance\\\/\"},\"author\":{\"name\":\"Zona Caral Administrador\",\"@id\":\"https:\\\/\\\/zonacaral.gob.pe\\\/es\\\/#\\\/schema\\\/person\\\/beddb4d22f71a7230c5b90913270a0ee\"},\"headline\":\"La Zona Arqueol\u00f3gica Caral particip\u00f3 en la XVI Feria Museos a tu Alcance\",\"datePublished\":\"2018-05-22T22:35:30+00:00\",\"mainEntityOfPage\":{\"@id\":\"https:\\\/\\\/zonacaral.gob.pe\\\/en\\\/noticias\\\/la-zona-arqueologica-caral-participa-en-la-xvi-feria-museos-a-tu-alcance\\\/\"},\"wordCount\":263,\"image\":{\"@id\":\"https:\\\/\\\/zonacaral.gob.pe\\\/en\\\/noticias\\\/la-zona-arqueologica-caral-participa-en-la-xvi-feria-museos-a-tu-alcance\\\/#primaryimage\"},\"thumbnailUrl\":\"https:\\\/\\\/zonacaral.gob.pe\\\/wp-content\\\/uploads\\\/2018\\\/05\\\/feria-museos-2018-04.jpg\",\"keywords\":[\"caral\",\"dia internacional de museos\",\"museos\"],\"articleSection\":[\"noticias\"],\"inLanguage\":\"es-PE\"},{\"@type\":\"WebPage\",\"@id\":\"https:\\\/\\\/zonacaral.gob.pe\\\/en\\\/noticias\\\/la-zona-arqueologica-caral-participa-en-la-xvi-feria-museos-a-tu-alcance\\\/\",\"url\":\"https:\\\/\\\/zonacaral.gob.pe\\\/en\\\/noticias\\\/la-zona-arqueologica-caral-participa-en-la-xvi-feria-museos-a-tu-alcance\\\/\",\"name\":\"La Zona Arqueol\u00f3gica Caral participa en la XVI Feria Museos a tu Alcance\",\"isPartOf\":{\"@id\":\"https:\\\/\\\/zonacaral.gob.pe\\\/es\\\/#website\"},\"primaryImageOfPage\":{\"@id\":\"https:\\\/\\\/zonacaral.gob.pe\\\/en\\\/noticias\\\/la-zona-arqueologica-caral-participa-en-la-xvi-feria-museos-a-tu-alcance\\\/#primaryimage\"},\"image\":{\"@id\":\"https:\\\/\\\/zonacaral.gob.pe\\\/en\\\/noticias\\\/la-zona-arqueologica-caral-participa-en-la-xvi-feria-museos-a-tu-alcance\\\/#primaryimage\"},\"thumbnailUrl\":\"https:\\\/\\\/zonacaral.gob.pe\\\/wp-content\\\/uploads\\\/2018\\\/05\\\/feria-museos-2018-04.jpg\",\"datePublished\":\"2018-05-22T22:35:30+00:00\",\"author\":{\"@id\":\"https:\\\/\\\/zonacaral.gob.pe\\\/es\\\/#\\\/schema\\\/person\\\/beddb4d22f71a7230c5b90913270a0ee\"},\"description\":\"En el marco del Mes de los Museos, la Zona Arqueol\u00f3gica Caral (ZAC), Unidad Ejecutora 003, del Ministerio de Cultura, estuvo presente, el viernes 18 y s\u00e1bado 19 de mayo, en la XVI feria \u201cMuseos a tu Alcance\u201d organizado por la Red de Museos del Centro Hist\u00f3rico de Lima.\\u2028\\u2028Desde muy temprano, cientos de personas, ni\u00f1os, j\u00f3venes y adultos, llegaron al lugar para visitar los m\u00e1s de 40 stands, de diferentes museos, quienes disfrutaron de dos filas llenas de cultura peruana.\",\"breadcrumb\":{\"@id\":\"https:\\\/\\\/zonacaral.gob.pe\\\/en\\\/noticias\\\/la-zona-arqueologica-caral-participa-en-la-xvi-feria-museos-a-tu-alcance\\\/#breadcrumb\"},\"inLanguage\":\"es-PE\",\"potentialAction\":[{\"@type\":\"ReadAction\",\"target\":[\"https:\\\/\\\/zonacaral.gob.pe\\\/en\\\/noticias\\\/la-zona-arqueologica-caral-participa-en-la-xvi-feria-museos-a-tu-alcance\\\/\"]}]},{\"@type\":\"ImageObject\",\"inLanguage\":\"es-PE\",\"@id\":\"https:\\\/\\\/zonacaral.gob.pe\\\/en\\\/noticias\\\/la-zona-arqueologica-caral-participa-en-la-xvi-feria-museos-a-tu-alcance\\\/#primaryimage\",\"url\":\"https:\\\/\\\/zonacaral.gob.pe\\\/wp-content\\\/uploads\\\/2018\\\/05\\\/feria-museos-2018-04.jpg\",\"contentUrl\":\"https:\\\/\\\/zonacaral.gob.pe\\\/wp-content\\\/uploads\\\/2018\\\/05\\\/feria-museos-2018-04.jpg\",\"width\":1000,\"height\":667},{\"@type\":\"BreadcrumbList\",\"@id\":\"https:\\\/\\\/zonacaral.gob.pe\\\/en\\\/noticias\\\/la-zona-arqueologica-caral-participa-en-la-xvi-feria-museos-a-tu-alcance\\\/#breadcrumb\",\"itemListElement\":[{\"@type\":\"ListItem\",\"position\":1,\"name\":\"Portada\",\"item\":\"https:\\\/\\\/zonacaral.gob.pe\\\/\"},{\"@type\":\"ListItem\",\"position\":2,\"name\":\"La Zona Arqueol\u00f3gica Caral particip\u00f3 en la XVI Feria Museos a tu Alcance\"}]},{\"@type\":\"WebSite\",\"@id\":\"https:\\\/\\\/zonacaral.gob.pe\\\/es\\\/#website\",\"url\":\"https:\\\/\\\/zonacaral.gob.pe\\\/es\\\/\",\"name\":\"Zona Caral\",\"description\":\"Investigamos, conservamos y difundimos el patrimonio cultural de la Civilizaci\u00f3n Caral, la m\u00e1s antigua de Am\u00e9rica.\",\"potentialAction\":[{\"@type\":\"SearchAction\",\"target\":{\"@type\":\"EntryPoint\",\"urlTemplate\":\"https:\\\/\\\/zonacaral.gob.pe\\\/es\\\/?s={search_term_string}\"},\"query-input\":{\"@type\":\"PropertyValueSpecification\",\"valueRequired\":true,\"valueName\":\"search_term_string\"}}],\"inLanguage\":\"es-PE\"},{\"@type\":\"Person\",\"@id\":\"https:\\\/\\\/zonacaral.gob.pe\\\/es\\\/#\\\/schema\\\/person\\\/beddb4d22f71a7230c5b90913270a0ee\",\"name\":\"Zona Caral Administrador\",\"image\":{\"@type\":\"ImageObject\",\"inLanguage\":\"es-PE\",\"@id\":\"https:\\\/\\\/secure.gravatar.com\\\/avatar\\\/e4be162918a696358376de6446614e0f0f4062bdc5d170d6d540ada3d8b58c12?s=96&d=mm&r=g\",\"url\":\"https:\\\/\\\/secure.gravatar.com\\\/avatar\\\/e4be162918a696358376de6446614e0f0f4062bdc5d170d6d540ada3d8b58c12?s=96&d=mm&r=g\",\"contentUrl\":\"https:\\\/\\\/secure.gravatar.com\\\/avatar\\\/e4be162918a696358376de6446614e0f0f4062bdc5d170d6d540ada3d8b58c12?s=96&d=mm&r=g\",\"caption\":\"Zona Caral Administrador\"},\"sameAs\":[\"https:\\\/\\\/zonacaral.gob.pe\"],\"url\":\"https:\\\/\\\/zonacaral.gob.pe\\\/es\\\/noticias\\\/author\\\/ad_zonacaral\\\/\"}]}<\/script>\n<!-- \/ Yoast SEO plugin. -->","yoast_head_json":{"title":"La Zona Arqueol\u00f3gica Caral participa en la XVI Feria Museos a tu Alcance","description":"En el marco del Mes de los Museos, la Zona Arqueol\u00f3gica Caral (ZAC), Unidad Ejecutora 003, del Ministerio de Cultura, estuvo presente, el viernes 18 y s\u00e1bado 19 de mayo, en la XVI feria \u201cMuseos a tu Alcance\u201d organizado por la Red de Museos del Centro Hist\u00f3rico de Lima.\u2028\u2028Desde muy temprano, cientos de personas, ni\u00f1os, j\u00f3venes y adultos, llegaron al lugar para visitar los m\u00e1s de 40 stands, de diferentes museos, quienes disfrutaron de dos filas llenas de cultura peruana.","robots":{"index":"index","follow":"follow","max-snippet":"max-snippet:-1","max-image-preview":"max-image-preview:large","max-video-preview":"max-video-preview:-1"},"canonical":"https:\/\/zonacaral.gob.pe\/es\/noticias\/la-zona-arqueologica-caral-participa-en-la-xvi-feria-museos-a-tu-alcance\/","og_locale":"es_ES","og_type":"article","og_title":"La Zona Arqueol\u00f3gica Caral participa en la XVI Feria Museos a tu Alcance","og_description":"En el marco del Mes de los Museos, la Zona Arqueol\u00f3gica Caral (ZAC), Unidad Ejecutora 003, del Ministerio de Cultura, estuvo presente, el viernes 18 y s\u00e1bado 19 de mayo, en la XVI feria \u201cMuseos a tu Alcance\u201d organizado por la Red de Museos del Centro Hist\u00f3rico de Lima.\u2028\u2028Desde muy temprano, cientos de personas, ni\u00f1os, j\u00f3venes y adultos, llegaron al lugar para visitar los m\u00e1s de 40 stands, de diferentes museos, quienes disfrutaron de dos filas llenas de cultura peruana.","og_url":"https:\/\/zonacaral.gob.pe\/es\/noticias\/la-zona-arqueologica-caral-participa-en-la-xvi-feria-museos-a-tu-alcance\/","og_site_name":"Zona Caral","article_published_time":"2018-05-22T22:35:30+00:00","og_image":[{"width":1000,"height":667,"url":"https:\/\/zonacaral.gob.pe\/wp-content\/uploads\/2018\/05\/feria-museos-2018-04.jpg","type":"image\/jpeg"}],"author":"Zona Caral Administrador","twitter_card":"summary_large_image","twitter_misc":{"Written by":"Zona Caral Administrador","Est. reading time":"1 minuto"},"schema":{"@context":"https:\/\/schema.org","@graph":[{"@type":"Article","@id":"https:\/\/zonacaral.gob.pe\/en\/noticias\/la-zona-arqueologica-caral-participa-en-la-xvi-feria-museos-a-tu-alcance\/#article","isPartOf":{"@id":"https:\/\/zonacaral.gob.pe\/en\/noticias\/la-zona-arqueologica-caral-participa-en-la-xvi-feria-museos-a-tu-alcance\/"},"author":{"name":"Zona Caral Administrador","@id":"https:\/\/zonacaral.gob.pe\/es\/#\/schema\/person\/beddb4d22f71a7230c5b90913270a0ee"},"headline":"La Zona Arqueol\u00f3gica Caral particip\u00f3 en la XVI Feria Museos a tu Alcance","datePublished":"2018-05-22T22:35:30+00:00","mainEntityOfPage":{"@id":"https:\/\/zonacaral.gob.pe\/en\/noticias\/la-zona-arqueologica-caral-participa-en-la-xvi-feria-museos-a-tu-alcance\/"},"wordCount":263,"image":{"@id":"https:\/\/zonacaral.gob.pe\/en\/noticias\/la-zona-arqueologica-caral-participa-en-la-xvi-feria-museos-a-tu-alcance\/#primaryimage"},"thumbnailUrl":"https:\/\/zonacaral.gob.pe\/wp-content\/uploads\/2018\/05\/feria-museos-2018-04.jpg","keywords":["caral","dia internacional de museos","museos"],"articleSection":["noticias"],"inLanguage":"es-PE"},{"@type":"WebPage","@id":"https:\/\/zonacaral.gob.pe\/en\/noticias\/la-zona-arqueologica-caral-participa-en-la-xvi-feria-museos-a-tu-alcance\/","url":"https:\/\/zonacaral.gob.pe\/en\/noticias\/la-zona-arqueologica-caral-participa-en-la-xvi-feria-museos-a-tu-alcance\/","name":"La Zona Arqueol\u00f3gica Caral participa en la XVI Feria Museos a tu Alcance","isPartOf":{"@id":"https:\/\/zonacaral.gob.pe\/es\/#website"},"primaryImageOfPage":{"@id":"https:\/\/zonacaral.gob.pe\/en\/noticias\/la-zona-arqueologica-caral-participa-en-la-xvi-feria-museos-a-tu-alcance\/#primaryimage"},"image":{"@id":"https:\/\/zonacaral.gob.pe\/en\/noticias\/la-zona-arqueologica-caral-participa-en-la-xvi-feria-museos-a-tu-alcance\/#primaryimage"},"thumbnailUrl":"https:\/\/zonacaral.gob.pe\/wp-content\/uploads\/2018\/05\/feria-museos-2018-04.jpg","datePublished":"2018-05-22T22:35:30+00:00","author":{"@id":"https:\/\/zonacaral.gob.pe\/es\/#\/schema\/person\/beddb4d22f71a7230c5b90913270a0ee"},"description":"En el marco del Mes de los Museos, la Zona Arqueol\u00f3gica Caral (ZAC), Unidad Ejecutora 003, del Ministerio de Cultura, estuvo presente, el viernes 18 y s\u00e1bado 19 de mayo, en la XVI feria \u201cMuseos a tu Alcance\u201d organizado por la Red de Museos del Centro Hist\u00f3rico de Lima.\u2028\u2028Desde muy temprano, cientos de personas, ni\u00f1os, j\u00f3venes y adultos, llegaron al lugar para visitar los m\u00e1s de 40 stands, de diferentes museos, quienes disfrutaron de dos filas llenas de cultura peruana.","breadcrumb":{"@id":"https:\/\/zonacaral.gob.pe\/en\/noticias\/la-zona-arqueologica-caral-participa-en-la-xvi-feria-museos-a-tu-alcance\/#breadcrumb"},"inLanguage":"es-PE","potentialAction":[{"@type":"ReadAction","target":["https:\/\/zonacaral.gob.pe\/en\/noticias\/la-zona-arqueologica-caral-participa-en-la-xvi-feria-museos-a-tu-alcance\/"]}]},{"@type":"ImageObject","inLanguage":"es-PE","@id":"https:\/\/zonacaral.gob.pe\/en\/noticias\/la-zona-arqueologica-caral-participa-en-la-xvi-feria-museos-a-tu-alcance\/#primaryimage","url":"https:\/\/zonacaral.gob.pe\/wp-content\/uploads\/2018\/05\/feria-museos-2018-04.jpg","contentUrl":"https:\/\/zonacaral.gob.pe\/wp-content\/uploads\/2018\/05\/feria-museos-2018-04.jpg","width":1000,"height":667},{"@type":"BreadcrumbList","@id":"https:\/\/zonacaral.gob.pe\/en\/noticias\/la-zona-arqueologica-caral-participa-en-la-xvi-feria-museos-a-tu-alcance\/#breadcrumb","itemListElement":[{"@type":"ListItem","position":1,"name":"Portada","item":"https:\/\/zonacaral.gob.pe\/"},{"@type":"ListItem","position":2,"name":"La Zona Arqueol\u00f3gica Caral particip\u00f3 en la XVI Feria Museos a tu Alcance"}]},{"@type":"WebSite","@id":"https:\/\/zonacaral.gob.pe\/es\/#website","url":"https:\/\/zonacaral.gob.pe\/es\/","name":"Zona Caral","description":"Investigamos, conservamos y difundimos el patrimonio cultural de la Civilizaci\u00f3n Caral, la m\u00e1s antigua de Am\u00e9rica.","potentialAction":[{"@type":"SearchAction","target":{"@type":"EntryPoint","urlTemplate":"https:\/\/zonacaral.gob.pe\/es\/?s={search_term_string}"},"query-input":{"@type":"PropertyValueSpecification","valueRequired":true,"valueName":"search_term_string"}}],"inLanguage":"es-PE"},{"@type":"Person","@id":"https:\/\/zonacaral.gob.pe\/es\/#\/schema\/person\/beddb4d22f71a7230c5b90913270a0ee","name":"Zona Caral Administrador","image":{"@type":"ImageObject","inLanguage":"es-PE","@id":"https:\/\/secure.gravatar.com\/avatar\/e4be162918a696358376de6446614e0f0f4062bdc5d170d6d540ada3d8b58c12?s=96&d=mm&r=g","url":"https:\/\/secure.gravatar.com\/avatar\/e4be162918a696358376de6446614e0f0f4062bdc5d170d6d540ada3d8b58c12?s=96&d=mm&r=g","contentUrl":"https:\/\/secure.gravatar.com\/avatar\/e4be162918a696358376de6446614e0f0f4062bdc5d170d6d540ada3d8b58c12?s=96&d=mm&r=g","caption":"Zona Caral Administrador"},"sameAs":["https:\/\/zonacaral.gob.pe"],"url":"https:\/\/zonacaral.gob.pe\/es\/noticias\/author\/ad_zonacaral\/"}]}},"_links":{"self":[{"href":"https:\/\/zonacaral.gob.pe\/es\/wp-json\/wp\/v2\/posts\/12668","targetHints":{"allow":["GET"]}}],"collection":[{"href":"https:\/\/zonacaral.gob.pe\/es\/wp-json\/wp\/v2\/posts"}],"about":[{"href":"https:\/\/zonacaral.gob.pe\/es\/wp-json\/wp\/v2\/types\/post"}],"author":[{"embeddable":true,"href":"https:\/\/zonacaral.gob.pe\/es\/wp-json\/wp\/v2\/users\/1"}],"replies":[{"embeddable":true,"href":"https:\/\/zonacaral.gob.pe\/es\/wp-json\/wp\/v2\/comments?post=12668"}],"version-history":[{"count":0,"href":"https:\/\/zonacaral.gob.pe\/es\/wp-json\/wp\/v2\/posts\/12668\/revisions"}],"wp:featuredmedia":[{"embeddable":true,"href":"https:\/\/zonacaral.gob.pe\/es\/wp-json\/wp\/v2\/media\/12671"}],"wp:attachment":[{"href":"https:\/\/zonacaral.gob.pe\/es\/wp-json\/wp\/v2\/media?parent=12668"}],"wp:term":[{"taxonomy":"category","embeddable":true,"href":"https:\/\/zonacaral.gob.pe\/es\/wp-json\/wp\/v2\/categories?post=12668"},{"taxonomy":"post_tag","embeddable":true,"href":"https:\/\/zonacaral.gob.pe\/es\/wp-json\/wp\/v2\/tags?post=12668"}],"curies":[{"name":"wp","href":"https:\/\/api.w.org\/{rel}","templated":true}]}}