{"id":12746,"date":"2018-06-11T10:13:03","date_gmt":"2018-06-11T15:13:03","guid":{"rendered":"http:\/\/www.zonacaral.gob.pe\/?p=12746"},"modified":"2018-06-11T10:13:03","modified_gmt":"2018-06-11T15:13:03","slug":"peru-y-ecuador-intercambiaron-culturas","status":"publish","type":"post","link":"https:\/\/zonacaral.gob.pe\/es\/noticias\/peru-y-ecuador-intercambiaron-culturas\/","title":{"rendered":"Per\u00fa y Ecuador intercambiaron culturas"},"content":{"rendered":"<figure class=\"pic-autor\" style=\"color: #4d4d4d; text-align: justify;\"><\/figure>\n<blockquote>\n<p style=\"text-align: justify;\">La actividad se realiz\u00f3 en el marco del Mes Internacional de los Museos y al celebrarse el Vig\u00e9simo Aniversario de la firma de la paz definitiva entre el Per\u00fa y el Ecuador.<\/p>\n<\/blockquote>\n<p style=\"text-align: justify;\">Los pobladores del distrito de Supe, provincia de Barranca, fueron testigos del primer intercambio cultural el cual conect\u00f3 el Museo Comunitario de Supe (Per\u00fa) con el Museo Comunitario del Complejo Cultural Real Alto (Ecuador), organizado por la Zona Arqueol\u00f3gica Caral (ZAC), Unidad Ejecutora 003, del Ministerio de Cultura.<\/p>\n<p style=\"text-align: justify;\">Durante el encuentro, denominado \u201cRelaci\u00f3n del pasado con el presente: Caral y Valdivia, dos antiguas culturas del Per\u00fa y Ecuador\u201d, se expuso, tanto para peruanos y ecuatorianos, sobre la Primera Civilizaci\u00f3n de Am\u00e9rica, y la Primera Cultura Alfarera de Am\u00e9rica, respectivamente, ambas con alrededor de 5,000 a\u00f1os de antig\u00fcedad y con varias cosas en com\u00fan.\u2028\u2028Por Per\u00fa, la Dra. Ruth Shady, directora de la ZAC, desde Supe, present\u00f3 las investigaciones sobre la civilizaci\u00f3n Caral y la presencia del \u201cmullu\u201d o concha Spondylus y su significado, para inferir desde la materialidad, c\u00f3mo ha sido la vida de las poblaciones de los centros urbanos de nuestro Patrimonio Mundial.<\/p>\n<p style=\"text-align: justify;\">Del otro lado, desde Ecuador, el Dr. Jorge Marcos Pino, present\u00f3 sus investigaciones sobre la presencia del Spondylus y tambi\u00e9n las relaciones de interacci\u00f3n y las rutas de intercambio que se establecieron con otras sociedades tempranas, entre 3,500 a\u00f1os a.C a 1,800 a\u00f1os a.C.<\/p>\n<p style=\"text-align: justify;\">Antes de la transmisi\u00f3n, se realiz\u00f3 con los visitantes, un recorrido guiado por el Museo Comunitario de Supe, donde personajes recreados, a partir de la historia social de la civilizaci\u00f3n Caral, contaron sobre la historia social de la civilizaci\u00f3n m\u00e1s antigua de Am\u00e9rica.<\/p>\n<p style=\"text-align: justify;\">Luego de ello, realizaremos un recorrido peatonal denominado \u00abSupe te cuenta su historia\u00bb, que iniciar\u00e1 en la Plaza de Armas de Supe, lugar donde un 5 de abril de 1819, Francisco Vidal Laos y otros patriotas, dieron el primer gripo de libertad, pronunci\u00e1ndose por la emancipaci\u00f3n de Espa\u00f1a. Finalmente, visitaron el cerro Chimu C\u00e1pac para conocer su historia y el sobre su creaci\u00f3n.<\/p>\n<p><iframe src=\"https:\/\/www.youtube.com\/embed\/pVTlIMAGq4M\" width=\"560\" height=\"415\" frameborder=\"0\" allowfullscreen=\"allowfullscreen\"><\/iframe><br \/>\n<span style=\"color: #993300;\"><strong>Fuente<\/strong><strong>: Prensa ZAC<\/strong><\/span><\/p>\n<div style=\"color: #1f1f1f;\">\n<p style=\"text-align: justify;\">Fecha de publicaci\u00f3n: 11\/06\/2018<\/p>\n<\/div>\n","protected":false},"excerpt":{"rendered":"<p>La actividad se realiz\u00f3 en el marco del Mes Internacional de los Museos y al celebrarse el Vig\u00e9simo Aniversario de [&hellip;]<\/p>\n","protected":false},"author":1,"featured_media":12749,"comment_status":"closed","ping_status":"open","sticky":false,"template":"","format":"standard","meta":{"_acf_changed":false,"site-sidebar-layout":"default","site-content-layout":"","ast-site-content-layout":"default","site-content-style":"default","site-sidebar-style":"default","ast-global-header-display":"","ast-banner-title-visibility":"","ast-main-header-display":"","ast-hfb-above-header-display":"","ast-hfb-below-header-display":"","ast-hfb-mobile-header-display":"","site-post-title":"","ast-breadcrumbs-content":"","ast-featured-img":"","footer-sml-layout":"","ast-disable-related-posts":"","theme-transparent-header-meta":"","adv-header-id-meta":"","stick-header-meta":"","header-above-stick-meta":"","header-main-stick-meta":"","header-below-stick-meta":"","astra-migrate-meta-layouts":"default","ast-page-background-enabled":"default","ast-page-background-meta":{"desktop":{"background-color":"var(--ast-global-color-5)","background-image":"","background-repeat":"repeat","background-position":"center center","background-size":"auto","background-attachment":"scroll","background-type":"","background-media":"","overlay-type":"","overlay-color":"","overlay-opacity":"","overlay-gradient":""},"tablet":{"background-color":"","background-image":"","background-repeat":"repeat","background-position":"center center","background-size":"auto","background-attachment":"scroll","background-type":"","background-media":"","overlay-type":"","overlay-color":"","overlay-opacity":"","overlay-gradient":""},"mobile":{"background-color":"","background-image":"","background-repeat":"repeat","background-position":"center center","background-size":"auto","background-attachment":"scroll","background-type":"","background-media":"","overlay-type":"","overlay-color":"","overlay-opacity":"","overlay-gradient":""}},"ast-content-background-meta":{"desktop":{"background-color":"var(--ast-global-color-4)","background-image":"","background-repeat":"repeat","background-position":"center center","background-size":"auto","background-attachment":"scroll","background-type":"","background-media":"","overlay-type":"","overlay-color":"","overlay-opacity":"","overlay-gradient":""},"tablet":{"background-color":"var(--ast-global-color-4)","background-image":"","background-repeat":"repeat","background-position":"center center","background-size":"auto","background-attachment":"scroll","background-type":"","background-media":"","overlay-type":"","overlay-color":"","overlay-opacity":"","overlay-gradient":""},"mobile":{"background-color":"var(--ast-global-color-4)","background-image":"","background-repeat":"repeat","background-position":"center center","background-size":"auto","background-attachment":"scroll","background-type":"","background-media":"","overlay-type":"","overlay-color":"","overlay-opacity":"","overlay-gradient":""}},"footnotes":""},"categories":[208],"tags":[55,165,166],"class_list":["post-12746","post","type-post","status-publish","format-standard","has-post-thumbnail","hentry","category-noticias","tag-caral","tag-ecuador","tag-streaming"],"acf":[],"yoast_head":"<!-- This site is optimized with the Yoast SEO plugin v27.3 - https:\/\/yoast.com\/product\/yoast-seo-wordpress\/ -->\n<title>Per\u00fa y Ecuador intercambiaron culturas<\/title>\n<meta name=\"description\" content=\"Los pobladores del distrito de Supe, provincia de Barranca, fueron testigos del primer intercambio cultural el cual conect\u00f3 el Museo Comunitario de Supe (Per\u00fa) con el Museo Comunitario del Complejo Cultural Real Alto (Ecuador), organizado por la Zona Arqueol\u00f3gica Caral (ZAC), Unidad Ejecutora 003, del Ministerio de Cultura.\" \/>\n<meta name=\"robots\" content=\"index, follow, max-snippet:-1, max-image-preview:large, max-video-preview:-1\" \/>\n<link rel=\"canonical\" href=\"https:\/\/zonacaral.gob.pe\/es\/noticias\/peru-y-ecuador-intercambiaron-culturas\/\" \/>\n<meta property=\"og:locale\" content=\"es_ES\" \/>\n<meta property=\"og:type\" content=\"article\" \/>\n<meta property=\"og:title\" content=\"Per\u00fa y Ecuador intercambiaron culturas\" \/>\n<meta property=\"og:description\" content=\"Los pobladores del distrito de Supe, provincia de Barranca, fueron testigos del primer intercambio cultural el cual conect\u00f3 el Museo Comunitario de Supe (Per\u00fa) con el Museo Comunitario del Complejo Cultural Real Alto (Ecuador), organizado por la Zona Arqueol\u00f3gica Caral (ZAC), Unidad Ejecutora 003, del Ministerio de Cultura.\" \/>\n<meta property=\"og:url\" content=\"https:\/\/zonacaral.gob.pe\/es\/noticias\/peru-y-ecuador-intercambiaron-culturas\/\" \/>\n<meta property=\"og:site_name\" content=\"Zona Caral\" \/>\n<meta property=\"article:published_time\" content=\"2018-06-11T15:13:03+00:00\" \/>\n<meta property=\"og:image\" content=\"https:\/\/zonacaral.gob.pe\/wp-content\/uploads\/2018\/06\/realizaron-streaming.jpg\" \/>\n\t<meta property=\"og:image:width\" content=\"800\" \/>\n\t<meta property=\"og:image:height\" content=\"450\" \/>\n\t<meta property=\"og:image:type\" content=\"image\/jpeg\" \/>\n<meta name=\"author\" content=\"Zona Caral Administrador\" \/>\n<meta name=\"twitter:card\" content=\"summary_large_image\" \/>\n<meta name=\"twitter:label1\" content=\"Written by\" \/>\n\t<meta name=\"twitter:data1\" content=\"Zona Caral Administrador\" \/>\n\t<meta name=\"twitter:label2\" content=\"Est. reading time\" \/>\n\t<meta name=\"twitter:data2\" content=\"2 minutos\" \/>\n<script type=\"application\/ld+json\" class=\"yoast-schema-graph\">{\"@context\":\"https:\\\/\\\/schema.org\",\"@graph\":[{\"@type\":\"Article\",\"@id\":\"https:\\\/\\\/zonacaral.gob.pe\\\/en\\\/noticias\\\/peru-y-ecuador-intercambiaron-culturas\\\/#article\",\"isPartOf\":{\"@id\":\"https:\\\/\\\/zonacaral.gob.pe\\\/en\\\/noticias\\\/peru-y-ecuador-intercambiaron-culturas\\\/\"},\"author\":{\"name\":\"Zona Caral Administrador\",\"@id\":\"https:\\\/\\\/zonacaral.gob.pe\\\/es\\\/#\\\/schema\\\/person\\\/beddb4d22f71a7230c5b90913270a0ee\"},\"headline\":\"Per\u00fa y Ecuador intercambiaron culturas\",\"datePublished\":\"2018-06-11T15:13:03+00:00\",\"mainEntityOfPage\":{\"@id\":\"https:\\\/\\\/zonacaral.gob.pe\\\/en\\\/noticias\\\/peru-y-ecuador-intercambiaron-culturas\\\/\"},\"wordCount\":369,\"image\":{\"@id\":\"https:\\\/\\\/zonacaral.gob.pe\\\/en\\\/noticias\\\/peru-y-ecuador-intercambiaron-culturas\\\/#primaryimage\"},\"thumbnailUrl\":\"https:\\\/\\\/zonacaral.gob.pe\\\/wp-content\\\/uploads\\\/2018\\\/06\\\/realizaron-streaming.jpg\",\"keywords\":[\"caral\",\"ecuador\",\"streaming\"],\"articleSection\":[\"noticias\"],\"inLanguage\":\"es-PE\"},{\"@type\":\"WebPage\",\"@id\":\"https:\\\/\\\/zonacaral.gob.pe\\\/en\\\/noticias\\\/peru-y-ecuador-intercambiaron-culturas\\\/\",\"url\":\"https:\\\/\\\/zonacaral.gob.pe\\\/en\\\/noticias\\\/peru-y-ecuador-intercambiaron-culturas\\\/\",\"name\":\"Per\u00fa y Ecuador intercambiaron culturas\",\"isPartOf\":{\"@id\":\"https:\\\/\\\/zonacaral.gob.pe\\\/es\\\/#website\"},\"primaryImageOfPage\":{\"@id\":\"https:\\\/\\\/zonacaral.gob.pe\\\/en\\\/noticias\\\/peru-y-ecuador-intercambiaron-culturas\\\/#primaryimage\"},\"image\":{\"@id\":\"https:\\\/\\\/zonacaral.gob.pe\\\/en\\\/noticias\\\/peru-y-ecuador-intercambiaron-culturas\\\/#primaryimage\"},\"thumbnailUrl\":\"https:\\\/\\\/zonacaral.gob.pe\\\/wp-content\\\/uploads\\\/2018\\\/06\\\/realizaron-streaming.jpg\",\"datePublished\":\"2018-06-11T15:13:03+00:00\",\"author\":{\"@id\":\"https:\\\/\\\/zonacaral.gob.pe\\\/es\\\/#\\\/schema\\\/person\\\/beddb4d22f71a7230c5b90913270a0ee\"},\"description\":\"Los pobladores del distrito de Supe, provincia de Barranca, fueron testigos del primer intercambio cultural el cual conect\u00f3 el Museo Comunitario de Supe (Per\u00fa) con el Museo Comunitario del Complejo Cultural Real Alto (Ecuador), organizado por la Zona Arqueol\u00f3gica Caral (ZAC), Unidad Ejecutora 003, del Ministerio de Cultura.\",\"breadcrumb\":{\"@id\":\"https:\\\/\\\/zonacaral.gob.pe\\\/en\\\/noticias\\\/peru-y-ecuador-intercambiaron-culturas\\\/#breadcrumb\"},\"inLanguage\":\"es-PE\",\"potentialAction\":[{\"@type\":\"ReadAction\",\"target\":[\"https:\\\/\\\/zonacaral.gob.pe\\\/en\\\/noticias\\\/peru-y-ecuador-intercambiaron-culturas\\\/\"]}]},{\"@type\":\"ImageObject\",\"inLanguage\":\"es-PE\",\"@id\":\"https:\\\/\\\/zonacaral.gob.pe\\\/en\\\/noticias\\\/peru-y-ecuador-intercambiaron-culturas\\\/#primaryimage\",\"url\":\"https:\\\/\\\/zonacaral.gob.pe\\\/wp-content\\\/uploads\\\/2018\\\/06\\\/realizaron-streaming.jpg\",\"contentUrl\":\"https:\\\/\\\/zonacaral.gob.pe\\\/wp-content\\\/uploads\\\/2018\\\/06\\\/realizaron-streaming.jpg\",\"width\":800,\"height\":450},{\"@type\":\"BreadcrumbList\",\"@id\":\"https:\\\/\\\/zonacaral.gob.pe\\\/en\\\/noticias\\\/peru-y-ecuador-intercambiaron-culturas\\\/#breadcrumb\",\"itemListElement\":[{\"@type\":\"ListItem\",\"position\":1,\"name\":\"Portada\",\"item\":\"https:\\\/\\\/zonacaral.gob.pe\\\/\"},{\"@type\":\"ListItem\",\"position\":2,\"name\":\"Per\u00fa y Ecuador intercambiaron culturas\"}]},{\"@type\":\"WebSite\",\"@id\":\"https:\\\/\\\/zonacaral.gob.pe\\\/es\\\/#website\",\"url\":\"https:\\\/\\\/zonacaral.gob.pe\\\/es\\\/\",\"name\":\"Zona Caral\",\"description\":\"Investigamos, conservamos y difundimos el patrimonio cultural de la Civilizaci\u00f3n Caral, la m\u00e1s antigua de Am\u00e9rica.\",\"potentialAction\":[{\"@type\":\"SearchAction\",\"target\":{\"@type\":\"EntryPoint\",\"urlTemplate\":\"https:\\\/\\\/zonacaral.gob.pe\\\/es\\\/?s={search_term_string}\"},\"query-input\":{\"@type\":\"PropertyValueSpecification\",\"valueRequired\":true,\"valueName\":\"search_term_string\"}}],\"inLanguage\":\"es-PE\"},{\"@type\":\"Person\",\"@id\":\"https:\\\/\\\/zonacaral.gob.pe\\\/es\\\/#\\\/schema\\\/person\\\/beddb4d22f71a7230c5b90913270a0ee\",\"name\":\"Zona Caral Administrador\",\"image\":{\"@type\":\"ImageObject\",\"inLanguage\":\"es-PE\",\"@id\":\"https:\\\/\\\/secure.gravatar.com\\\/avatar\\\/e4be162918a696358376de6446614e0f0f4062bdc5d170d6d540ada3d8b58c12?s=96&d=mm&r=g\",\"url\":\"https:\\\/\\\/secure.gravatar.com\\\/avatar\\\/e4be162918a696358376de6446614e0f0f4062bdc5d170d6d540ada3d8b58c12?s=96&d=mm&r=g\",\"contentUrl\":\"https:\\\/\\\/secure.gravatar.com\\\/avatar\\\/e4be162918a696358376de6446614e0f0f4062bdc5d170d6d540ada3d8b58c12?s=96&d=mm&r=g\",\"caption\":\"Zona Caral Administrador\"},\"sameAs\":[\"https:\\\/\\\/zonacaral.gob.pe\"],\"url\":\"https:\\\/\\\/zonacaral.gob.pe\\\/es\\\/noticias\\\/author\\\/ad_zonacaral\\\/\"}]}<\/script>\n<!-- \/ Yoast SEO plugin. -->","yoast_head_json":{"title":"Per\u00fa y Ecuador intercambiaron culturas","description":"Los pobladores del distrito de Supe, provincia de Barranca, fueron testigos del primer intercambio cultural el cual conect\u00f3 el Museo Comunitario de Supe (Per\u00fa) con el Museo Comunitario del Complejo Cultural Real Alto (Ecuador), organizado por la Zona Arqueol\u00f3gica Caral (ZAC), Unidad Ejecutora 003, del Ministerio de Cultura.","robots":{"index":"index","follow":"follow","max-snippet":"max-snippet:-1","max-image-preview":"max-image-preview:large","max-video-preview":"max-video-preview:-1"},"canonical":"https:\/\/zonacaral.gob.pe\/es\/noticias\/peru-y-ecuador-intercambiaron-culturas\/","og_locale":"es_ES","og_type":"article","og_title":"Per\u00fa y Ecuador intercambiaron culturas","og_description":"Los pobladores del distrito de Supe, provincia de Barranca, fueron testigos del primer intercambio cultural el cual conect\u00f3 el Museo Comunitario de Supe (Per\u00fa) con el Museo Comunitario del Complejo Cultural Real Alto (Ecuador), organizado por la Zona Arqueol\u00f3gica Caral (ZAC), Unidad Ejecutora 003, del Ministerio de Cultura.","og_url":"https:\/\/zonacaral.gob.pe\/es\/noticias\/peru-y-ecuador-intercambiaron-culturas\/","og_site_name":"Zona Caral","article_published_time":"2018-06-11T15:13:03+00:00","og_image":[{"width":800,"height":450,"url":"https:\/\/zonacaral.gob.pe\/wp-content\/uploads\/2018\/06\/realizaron-streaming.jpg","type":"image\/jpeg"}],"author":"Zona Caral Administrador","twitter_card":"summary_large_image","twitter_misc":{"Written by":"Zona Caral Administrador","Est. reading time":"2 minutos"},"schema":{"@context":"https:\/\/schema.org","@graph":[{"@type":"Article","@id":"https:\/\/zonacaral.gob.pe\/en\/noticias\/peru-y-ecuador-intercambiaron-culturas\/#article","isPartOf":{"@id":"https:\/\/zonacaral.gob.pe\/en\/noticias\/peru-y-ecuador-intercambiaron-culturas\/"},"author":{"name":"Zona Caral Administrador","@id":"https:\/\/zonacaral.gob.pe\/es\/#\/schema\/person\/beddb4d22f71a7230c5b90913270a0ee"},"headline":"Per\u00fa y Ecuador intercambiaron culturas","datePublished":"2018-06-11T15:13:03+00:00","mainEntityOfPage":{"@id":"https:\/\/zonacaral.gob.pe\/en\/noticias\/peru-y-ecuador-intercambiaron-culturas\/"},"wordCount":369,"image":{"@id":"https:\/\/zonacaral.gob.pe\/en\/noticias\/peru-y-ecuador-intercambiaron-culturas\/#primaryimage"},"thumbnailUrl":"https:\/\/zonacaral.gob.pe\/wp-content\/uploads\/2018\/06\/realizaron-streaming.jpg","keywords":["caral","ecuador","streaming"],"articleSection":["noticias"],"inLanguage":"es-PE"},{"@type":"WebPage","@id":"https:\/\/zonacaral.gob.pe\/en\/noticias\/peru-y-ecuador-intercambiaron-culturas\/","url":"https:\/\/zonacaral.gob.pe\/en\/noticias\/peru-y-ecuador-intercambiaron-culturas\/","name":"Per\u00fa y Ecuador intercambiaron culturas","isPartOf":{"@id":"https:\/\/zonacaral.gob.pe\/es\/#website"},"primaryImageOfPage":{"@id":"https:\/\/zonacaral.gob.pe\/en\/noticias\/peru-y-ecuador-intercambiaron-culturas\/#primaryimage"},"image":{"@id":"https:\/\/zonacaral.gob.pe\/en\/noticias\/peru-y-ecuador-intercambiaron-culturas\/#primaryimage"},"thumbnailUrl":"https:\/\/zonacaral.gob.pe\/wp-content\/uploads\/2018\/06\/realizaron-streaming.jpg","datePublished":"2018-06-11T15:13:03+00:00","author":{"@id":"https:\/\/zonacaral.gob.pe\/es\/#\/schema\/person\/beddb4d22f71a7230c5b90913270a0ee"},"description":"Los pobladores del distrito de Supe, provincia de Barranca, fueron testigos del primer intercambio cultural el cual conect\u00f3 el Museo Comunitario de Supe (Per\u00fa) con el Museo Comunitario del Complejo Cultural Real Alto (Ecuador), organizado por la Zona Arqueol\u00f3gica Caral (ZAC), Unidad Ejecutora 003, del Ministerio de Cultura.","breadcrumb":{"@id":"https:\/\/zonacaral.gob.pe\/en\/noticias\/peru-y-ecuador-intercambiaron-culturas\/#breadcrumb"},"inLanguage":"es-PE","potentialAction":[{"@type":"ReadAction","target":["https:\/\/zonacaral.gob.pe\/en\/noticias\/peru-y-ecuador-intercambiaron-culturas\/"]}]},{"@type":"ImageObject","inLanguage":"es-PE","@id":"https:\/\/zonacaral.gob.pe\/en\/noticias\/peru-y-ecuador-intercambiaron-culturas\/#primaryimage","url":"https:\/\/zonacaral.gob.pe\/wp-content\/uploads\/2018\/06\/realizaron-streaming.jpg","contentUrl":"https:\/\/zonacaral.gob.pe\/wp-content\/uploads\/2018\/06\/realizaron-streaming.jpg","width":800,"height":450},{"@type":"BreadcrumbList","@id":"https:\/\/zonacaral.gob.pe\/en\/noticias\/peru-y-ecuador-intercambiaron-culturas\/#breadcrumb","itemListElement":[{"@type":"ListItem","position":1,"name":"Portada","item":"https:\/\/zonacaral.gob.pe\/"},{"@type":"ListItem","position":2,"name":"Per\u00fa y Ecuador intercambiaron culturas"}]},{"@type":"WebSite","@id":"https:\/\/zonacaral.gob.pe\/es\/#website","url":"https:\/\/zonacaral.gob.pe\/es\/","name":"Zona Caral","description":"Investigamos, conservamos y difundimos el patrimonio cultural de la Civilizaci\u00f3n Caral, la m\u00e1s antigua de Am\u00e9rica.","potentialAction":[{"@type":"SearchAction","target":{"@type":"EntryPoint","urlTemplate":"https:\/\/zonacaral.gob.pe\/es\/?s={search_term_string}"},"query-input":{"@type":"PropertyValueSpecification","valueRequired":true,"valueName":"search_term_string"}}],"inLanguage":"es-PE"},{"@type":"Person","@id":"https:\/\/zonacaral.gob.pe\/es\/#\/schema\/person\/beddb4d22f71a7230c5b90913270a0ee","name":"Zona Caral Administrador","image":{"@type":"ImageObject","inLanguage":"es-PE","@id":"https:\/\/secure.gravatar.com\/avatar\/e4be162918a696358376de6446614e0f0f4062bdc5d170d6d540ada3d8b58c12?s=96&d=mm&r=g","url":"https:\/\/secure.gravatar.com\/avatar\/e4be162918a696358376de6446614e0f0f4062bdc5d170d6d540ada3d8b58c12?s=96&d=mm&r=g","contentUrl":"https:\/\/secure.gravatar.com\/avatar\/e4be162918a696358376de6446614e0f0f4062bdc5d170d6d540ada3d8b58c12?s=96&d=mm&r=g","caption":"Zona Caral Administrador"},"sameAs":["https:\/\/zonacaral.gob.pe"],"url":"https:\/\/zonacaral.gob.pe\/es\/noticias\/author\/ad_zonacaral\/"}]}},"_links":{"self":[{"href":"https:\/\/zonacaral.gob.pe\/es\/wp-json\/wp\/v2\/posts\/12746","targetHints":{"allow":["GET"]}}],"collection":[{"href":"https:\/\/zonacaral.gob.pe\/es\/wp-json\/wp\/v2\/posts"}],"about":[{"href":"https:\/\/zonacaral.gob.pe\/es\/wp-json\/wp\/v2\/types\/post"}],"author":[{"embeddable":true,"href":"https:\/\/zonacaral.gob.pe\/es\/wp-json\/wp\/v2\/users\/1"}],"replies":[{"embeddable":true,"href":"https:\/\/zonacaral.gob.pe\/es\/wp-json\/wp\/v2\/comments?post=12746"}],"version-history":[{"count":0,"href":"https:\/\/zonacaral.gob.pe\/es\/wp-json\/wp\/v2\/posts\/12746\/revisions"}],"wp:featuredmedia":[{"embeddable":true,"href":"https:\/\/zonacaral.gob.pe\/es\/wp-json\/wp\/v2\/media\/12749"}],"wp:attachment":[{"href":"https:\/\/zonacaral.gob.pe\/es\/wp-json\/wp\/v2\/media?parent=12746"}],"wp:term":[{"taxonomy":"category","embeddable":true,"href":"https:\/\/zonacaral.gob.pe\/es\/wp-json\/wp\/v2\/categories?post=12746"},{"taxonomy":"post_tag","embeddable":true,"href":"https:\/\/zonacaral.gob.pe\/es\/wp-json\/wp\/v2\/tags?post=12746"}],"curies":[{"name":"wp","href":"https:\/\/api.w.org\/{rel}","templated":true}]}}