{"id":12787,"date":"2018-06-26T15:29:09","date_gmt":"2018-06-26T20:29:09","guid":{"rendered":"http:\/\/www.zonacaral.gob.pe\/?p=12787"},"modified":"2018-06-26T15:29:09","modified_gmt":"2018-06-26T20:29:09","slug":"rutas-cortas-para-este-fin-de-semana-caral-apero-vichama-y-lomas-de-lachay","status":"publish","type":"post","link":"https:\/\/zonacaral.gob.pe\/es\/noticias\/rutas-cortas-para-este-fin-de-semana-caral-apero-vichama-y-lomas-de-lachay\/","title":{"rendered":"Rutas cortas para este fin de semana: Caral, \u00c1pero, Vichama y Lomas de Lachay"},"content":{"rendered":"<figure class=\"pic-autor\" style=\"color: #4d4d4d; text-align: justify;\"><\/figure>\n<p style=\"text-align: justify;\">\u00bfEst\u00e1s pensado en viajar este fin de semana? Te tenemos dos propuestas de viajes cortos, sin alejarte mucho de Lima.<\/p>\n<p><strong>&#8211; Viernes 29 (full day):<\/strong><\/p>\n<p>Te llevamos a la Ciudad Sagrada de Caral + la Reserva Nacional de Lachay este viernes 29. <span style=\"color: #333333;\"><a href=\"http:\/\/www.zonacaral.gob.pe\/viajes-educativos\/salidas-semanales\/29-junio\/\"><span style=\"color: #333333;\"><strong>Ver programa<\/strong><\/span><\/a><\/span><\/p>\n<p><strong>&#8211; S\u00e1bado 30 (full day):<\/strong><\/p>\n<p>Te llevamos a la Ciudad Sagrada de Caral + Vichama Vegueta, Ciudad Agropesquera de Caral + al Museo Comunitario de V\u00e9gueta. <span style=\"color: #333333;\"><a href=\"http:\/\/www.zonacaral.gob.pe\/viajes-educativos\/salidas-semanales\/30-junio\/\"><span style=\"color: #333333;\"><strong>Ver programa<\/strong><\/span><\/a><\/span><\/p>\n<p>En ambos d\u00edas se ofrece:<\/p>\n<ul>\n<li>Tour Conductor (Gu\u00eda a bordo).<\/li>\n<li>Tickets de entrada a los Sitios Arqueol\u00f3gicos (Caral y Vichama).<\/li>\n<li>Orientador Tur\u00edstico Local (Caral y Vichama).<\/li>\n<li>Almuerzo T\u00edpico.<\/li>\n<li>Material informativo de los destinos a visitar.<\/li>\n<li>Movilidad privada ida y vuelta<\/li>\n<\/ul>\n<p><strong>Informes e inscripciones:<\/strong><\/p>\n<p><strong>Tel\u00e9fono:<\/strong> (01) 205 \u2013 2517 \u2013 955 881 340 (WhatsApp)<\/p>\n<p><strong>E-mail:<\/strong> viajeseducativos@zonacaral.gob.pe<\/p>\n<p>La Ciudad Sagrada de Caral, ubicada al norte de Lima, altura del kil\u00f3metro 184 de la Panamericana Norte en el Valle de Supe. Es considerada cuna de la Civilizaci\u00f3n de Am\u00e9rica y Patrimonio Mundial.<span style=\"color: #333333;\"> <strong><a href=\"http:\/\/www.zonacaral.gob.pe\/conoce-caral\/como-llegar-a-caral\/\"><span style=\"color: #333333;\">(C\u00f3mo llegar)<\/span><\/a><\/strong><\/span><\/p>\n<p>Vichama (en V\u00e9gueta), denominado la Civilizaci\u00f3n Agropesquera de Caral, podr\u00e1s encontrar los famosos frisos, figuras talladas sobre las paredes de sus construcciones.<span style=\"color: #333333;\"><strong><a href=\"http:\/\/www.zonacaral.gob.pe\/conoce-caral\/como-llegar-a-vichama\/\"><span style=\"color: #333333;\"> (C\u00f3mo llegar)<\/span><\/a><\/strong><\/span><\/p>\n<p>\u00c1spero (Puerto Supe) conocido como la Civilizaci\u00f3n Pesquera de Caral, conocer\u00e1s el lugar donde fue encontrada la Dama de los Cuatro Tupus, considerada el hallazgo m\u00e1s importante en el 2016, tambi\u00e9n la Pir\u00e1mide de los Sacrificios y te enamorar\u00e1s de su impresionante vista paisaj\u00edstica.<span style=\"color: #333333;\"><strong><a href=\"http:\/\/www.zonacaral.gob.pe\/conoce-caral\/como-llegar-al-aspero\/\"><span style=\"color: #333333;\"> (C\u00f3mo llegar)<\/span><\/a><\/strong><\/span><\/p>\n<p>De otro lado, la Reserva Nacional de Lachay es un ambiente natural protegido, situada en el distrito de Huacho, provincia de Huaura. Esta reserva fue creada el 21 de junio de 1977 y abarca una superficie aproximada de 5.070 hect\u00e1reas. Preserva una rica flora y fauna con numerosas especies end\u00e9micas.<\/p>\n<p><span style=\"color: #993300;\"><strong>Fuente<\/strong><strong>: Prensa ZAC<\/strong><\/span><\/p>\n<div style=\"color: #1f1f1f;\">\n<p style=\"text-align: justify;\">Fecha de publicaci\u00f3n: 26\/06\/2018<\/p>\n<\/div>\n","protected":false},"excerpt":{"rendered":"<p>\u00bfEst\u00e1s pensado en viajar este fin de semana? Te tenemos dos propuestas de viajes cortos, sin alejarte mucho de Lima. [&hellip;]<\/p>\n","protected":false},"author":1,"featured_media":12788,"comment_status":"closed","ping_status":"open","sticky":false,"template":"","format":"standard","meta":{"_acf_changed":false,"site-sidebar-layout":"default","site-content-layout":"","ast-site-content-layout":"default","site-content-style":"default","site-sidebar-style":"default","ast-global-header-display":"","ast-banner-title-visibility":"","ast-main-header-display":"","ast-hfb-above-header-display":"","ast-hfb-below-header-display":"","ast-hfb-mobile-header-display":"","site-post-title":"","ast-breadcrumbs-content":"","ast-featured-img":"","footer-sml-layout":"","ast-disable-related-posts":"","theme-transparent-header-meta":"","adv-header-id-meta":"","stick-header-meta":"","header-above-stick-meta":"","header-main-stick-meta":"","header-below-stick-meta":"","astra-migrate-meta-layouts":"default","ast-page-background-enabled":"default","ast-page-background-meta":{"desktop":{"background-color":"var(--ast-global-color-5)","background-image":"","background-repeat":"repeat","background-position":"center center","background-size":"auto","background-attachment":"scroll","background-type":"","background-media":"","overlay-type":"","overlay-color":"","overlay-opacity":"","overlay-gradient":""},"tablet":{"background-color":"","background-image":"","background-repeat":"repeat","background-position":"center center","background-size":"auto","background-attachment":"scroll","background-type":"","background-media":"","overlay-type":"","overlay-color":"","overlay-opacity":"","overlay-gradient":""},"mobile":{"background-color":"","background-image":"","background-repeat":"repeat","background-position":"center center","background-size":"auto","background-attachment":"scroll","background-type":"","background-media":"","overlay-type":"","overlay-color":"","overlay-opacity":"","overlay-gradient":""}},"ast-content-background-meta":{"desktop":{"background-color":"var(--ast-global-color-4)","background-image":"","background-repeat":"repeat","background-position":"center center","background-size":"auto","background-attachment":"scroll","background-type":"","background-media":"","overlay-type":"","overlay-color":"","overlay-opacity":"","overlay-gradient":""},"tablet":{"background-color":"var(--ast-global-color-4)","background-image":"","background-repeat":"repeat","background-position":"center center","background-size":"auto","background-attachment":"scroll","background-type":"","background-media":"","overlay-type":"","overlay-color":"","overlay-opacity":"","overlay-gradient":""},"mobile":{"background-color":"var(--ast-global-color-4)","background-image":"","background-repeat":"repeat","background-position":"center center","background-size":"auto","background-attachment":"scroll","background-type":"","background-media":"","overlay-type":"","overlay-color":"","overlay-opacity":"","overlay-gradient":""}},"footnotes":""},"categories":[208],"tags":[63,55,71,61],"class_list":["post-12787","post","type-post","status-publish","format-standard","has-post-thumbnail","hentry","category-noticias","tag-aspero","tag-caral","tag-viajes-educativos","tag-vichama"],"acf":[],"yoast_head":"<!-- This site is optimized with the Yoast SEO plugin v27.3 - https:\/\/yoast.com\/product\/yoast-seo-wordpress\/ -->\n<title>Rutas cortas para este fin de semana: Caral, \u00c1pero, Vichama y Lomas de Lachay<\/title>\n<meta name=\"description\" content=\"\u00bfEst\u00e1s pensado en viajar este fin de semana? Te tenemos dos propuestas de viajes cortos, sin alejarte mucho de Lima.\" \/>\n<meta name=\"robots\" content=\"index, follow, max-snippet:-1, max-image-preview:large, max-video-preview:-1\" \/>\n<link rel=\"canonical\" href=\"https:\/\/zonacaral.gob.pe\/es\/noticias\/rutas-cortas-para-este-fin-de-semana-caral-apero-vichama-y-lomas-de-lachay\/\" \/>\n<meta property=\"og:locale\" content=\"es_ES\" \/>\n<meta property=\"og:type\" content=\"article\" \/>\n<meta property=\"og:title\" content=\"Rutas cortas para este fin de semana: Caral, \u00c1pero, Vichama y Lomas de Lachay\" \/>\n<meta property=\"og:description\" content=\"\u00bfEst\u00e1s pensado en viajar este fin de semana? Te tenemos dos propuestas de viajes cortos, sin alejarte mucho de Lima.\" \/>\n<meta property=\"og:url\" content=\"https:\/\/zonacaral.gob.pe\/es\/noticias\/rutas-cortas-para-este-fin-de-semana-caral-apero-vichama-y-lomas-de-lachay\/\" \/>\n<meta property=\"og:site_name\" content=\"Zona Caral\" \/>\n<meta property=\"article:published_time\" content=\"2018-06-26T20:29:09+00:00\" \/>\n<meta property=\"og:image\" content=\"https:\/\/zonacaral.gob.pe\/wp-content\/uploads\/2018\/06\/viajes-san-pedro-caral.png\" \/>\n\t<meta property=\"og:image:width\" content=\"810\" \/>\n\t<meta property=\"og:image:height\" content=\"449\" \/>\n\t<meta property=\"og:image:type\" content=\"image\/png\" \/>\n<meta name=\"author\" content=\"Zona Caral Administrador\" \/>\n<meta name=\"twitter:card\" content=\"summary_large_image\" \/>\n<meta name=\"twitter:label1\" content=\"Written by\" \/>\n\t<meta name=\"twitter:data1\" content=\"Zona Caral Administrador\" \/>\n\t<meta name=\"twitter:label2\" content=\"Est. reading time\" \/>\n\t<meta name=\"twitter:data2\" content=\"2 minutos\" \/>\n<script type=\"application\/ld+json\" class=\"yoast-schema-graph\">{\"@context\":\"https:\\\/\\\/schema.org\",\"@graph\":[{\"@type\":\"Article\",\"@id\":\"https:\\\/\\\/zonacaral.gob.pe\\\/es\\\/noticias\\\/rutas-cortas-para-este-fin-de-semana-caral-apero-vichama-y-lomas-de-lachay\\\/#article\",\"isPartOf\":{\"@id\":\"https:\\\/\\\/zonacaral.gob.pe\\\/es\\\/noticias\\\/rutas-cortas-para-este-fin-de-semana-caral-apero-vichama-y-lomas-de-lachay\\\/\"},\"author\":{\"name\":\"Zona Caral Administrador\",\"@id\":\"https:\\\/\\\/zonacaral.gob.pe\\\/es\\\/#\\\/schema\\\/person\\\/beddb4d22f71a7230c5b90913270a0ee\"},\"headline\":\"Rutas cortas para este fin de semana: Caral, \u00c1pero, Vichama y Lomas de Lachay\",\"datePublished\":\"2018-06-26T20:29:09+00:00\",\"mainEntityOfPage\":{\"@id\":\"https:\\\/\\\/zonacaral.gob.pe\\\/es\\\/noticias\\\/rutas-cortas-para-este-fin-de-semana-caral-apero-vichama-y-lomas-de-lachay\\\/\"},\"wordCount\":315,\"image\":{\"@id\":\"https:\\\/\\\/zonacaral.gob.pe\\\/es\\\/noticias\\\/rutas-cortas-para-este-fin-de-semana-caral-apero-vichama-y-lomas-de-lachay\\\/#primaryimage\"},\"thumbnailUrl\":\"https:\\\/\\\/zonacaral.gob.pe\\\/wp-content\\\/uploads\\\/2018\\\/06\\\/viajes-san-pedro-caral.png\",\"keywords\":[\"Aspero\",\"caral\",\"viajes educativos\",\"vichama\"],\"articleSection\":[\"noticias\"],\"inLanguage\":\"es-PE\"},{\"@type\":\"WebPage\",\"@id\":\"https:\\\/\\\/zonacaral.gob.pe\\\/es\\\/noticias\\\/rutas-cortas-para-este-fin-de-semana-caral-apero-vichama-y-lomas-de-lachay\\\/\",\"url\":\"https:\\\/\\\/zonacaral.gob.pe\\\/es\\\/noticias\\\/rutas-cortas-para-este-fin-de-semana-caral-apero-vichama-y-lomas-de-lachay\\\/\",\"name\":\"Rutas cortas para este fin de semana: Caral, \u00c1pero, Vichama y Lomas de Lachay\",\"isPartOf\":{\"@id\":\"https:\\\/\\\/zonacaral.gob.pe\\\/es\\\/#website\"},\"primaryImageOfPage\":{\"@id\":\"https:\\\/\\\/zonacaral.gob.pe\\\/es\\\/noticias\\\/rutas-cortas-para-este-fin-de-semana-caral-apero-vichama-y-lomas-de-lachay\\\/#primaryimage\"},\"image\":{\"@id\":\"https:\\\/\\\/zonacaral.gob.pe\\\/es\\\/noticias\\\/rutas-cortas-para-este-fin-de-semana-caral-apero-vichama-y-lomas-de-lachay\\\/#primaryimage\"},\"thumbnailUrl\":\"https:\\\/\\\/zonacaral.gob.pe\\\/wp-content\\\/uploads\\\/2018\\\/06\\\/viajes-san-pedro-caral.png\",\"datePublished\":\"2018-06-26T20:29:09+00:00\",\"author\":{\"@id\":\"https:\\\/\\\/zonacaral.gob.pe\\\/es\\\/#\\\/schema\\\/person\\\/beddb4d22f71a7230c5b90913270a0ee\"},\"description\":\"\u00bfEst\u00e1s pensado en viajar este fin de semana? Te tenemos dos propuestas de viajes cortos, sin alejarte mucho de Lima.\",\"breadcrumb\":{\"@id\":\"https:\\\/\\\/zonacaral.gob.pe\\\/es\\\/noticias\\\/rutas-cortas-para-este-fin-de-semana-caral-apero-vichama-y-lomas-de-lachay\\\/#breadcrumb\"},\"inLanguage\":\"es-PE\",\"potentialAction\":[{\"@type\":\"ReadAction\",\"target\":[\"https:\\\/\\\/zonacaral.gob.pe\\\/es\\\/noticias\\\/rutas-cortas-para-este-fin-de-semana-caral-apero-vichama-y-lomas-de-lachay\\\/\"]}]},{\"@type\":\"ImageObject\",\"inLanguage\":\"es-PE\",\"@id\":\"https:\\\/\\\/zonacaral.gob.pe\\\/es\\\/noticias\\\/rutas-cortas-para-este-fin-de-semana-caral-apero-vichama-y-lomas-de-lachay\\\/#primaryimage\",\"url\":\"https:\\\/\\\/zonacaral.gob.pe\\\/wp-content\\\/uploads\\\/2018\\\/06\\\/viajes-san-pedro-caral.png\",\"contentUrl\":\"https:\\\/\\\/zonacaral.gob.pe\\\/wp-content\\\/uploads\\\/2018\\\/06\\\/viajes-san-pedro-caral.png\",\"width\":810,\"height\":449},{\"@type\":\"BreadcrumbList\",\"@id\":\"https:\\\/\\\/zonacaral.gob.pe\\\/es\\\/noticias\\\/rutas-cortas-para-este-fin-de-semana-caral-apero-vichama-y-lomas-de-lachay\\\/#breadcrumb\",\"itemListElement\":[{\"@type\":\"ListItem\",\"position\":1,\"name\":\"Portada\",\"item\":\"https:\\\/\\\/zonacaral.gob.pe\\\/\"},{\"@type\":\"ListItem\",\"position\":2,\"name\":\"Rutas cortas para este fin de semana: Caral, \u00c1pero, Vichama y Lomas de Lachay\"}]},{\"@type\":\"WebSite\",\"@id\":\"https:\\\/\\\/zonacaral.gob.pe\\\/es\\\/#website\",\"url\":\"https:\\\/\\\/zonacaral.gob.pe\\\/es\\\/\",\"name\":\"Zona Caral\",\"description\":\"Investigamos, conservamos y difundimos el patrimonio cultural de la Civilizaci\u00f3n Caral, la m\u00e1s antigua de Am\u00e9rica.\",\"potentialAction\":[{\"@type\":\"SearchAction\",\"target\":{\"@type\":\"EntryPoint\",\"urlTemplate\":\"https:\\\/\\\/zonacaral.gob.pe\\\/es\\\/?s={search_term_string}\"},\"query-input\":{\"@type\":\"PropertyValueSpecification\",\"valueRequired\":true,\"valueName\":\"search_term_string\"}}],\"inLanguage\":\"es-PE\"},{\"@type\":\"Person\",\"@id\":\"https:\\\/\\\/zonacaral.gob.pe\\\/es\\\/#\\\/schema\\\/person\\\/beddb4d22f71a7230c5b90913270a0ee\",\"name\":\"Zona Caral Administrador\",\"image\":{\"@type\":\"ImageObject\",\"inLanguage\":\"es-PE\",\"@id\":\"https:\\\/\\\/secure.gravatar.com\\\/avatar\\\/e4be162918a696358376de6446614e0f0f4062bdc5d170d6d540ada3d8b58c12?s=96&d=mm&r=g\",\"url\":\"https:\\\/\\\/secure.gravatar.com\\\/avatar\\\/e4be162918a696358376de6446614e0f0f4062bdc5d170d6d540ada3d8b58c12?s=96&d=mm&r=g\",\"contentUrl\":\"https:\\\/\\\/secure.gravatar.com\\\/avatar\\\/e4be162918a696358376de6446614e0f0f4062bdc5d170d6d540ada3d8b58c12?s=96&d=mm&r=g\",\"caption\":\"Zona Caral Administrador\"},\"sameAs\":[\"https:\\\/\\\/zonacaral.gob.pe\"],\"url\":\"https:\\\/\\\/zonacaral.gob.pe\\\/es\\\/noticias\\\/author\\\/ad_zonacaral\\\/\"}]}<\/script>\n<!-- \/ Yoast SEO plugin. -->","yoast_head_json":{"title":"Rutas cortas para este fin de semana: Caral, \u00c1pero, Vichama y Lomas de Lachay","description":"\u00bfEst\u00e1s pensado en viajar este fin de semana? Te tenemos dos propuestas de viajes cortos, sin alejarte mucho de Lima.","robots":{"index":"index","follow":"follow","max-snippet":"max-snippet:-1","max-image-preview":"max-image-preview:large","max-video-preview":"max-video-preview:-1"},"canonical":"https:\/\/zonacaral.gob.pe\/es\/noticias\/rutas-cortas-para-este-fin-de-semana-caral-apero-vichama-y-lomas-de-lachay\/","og_locale":"es_ES","og_type":"article","og_title":"Rutas cortas para este fin de semana: Caral, \u00c1pero, Vichama y Lomas de Lachay","og_description":"\u00bfEst\u00e1s pensado en viajar este fin de semana? Te tenemos dos propuestas de viajes cortos, sin alejarte mucho de Lima.","og_url":"https:\/\/zonacaral.gob.pe\/es\/noticias\/rutas-cortas-para-este-fin-de-semana-caral-apero-vichama-y-lomas-de-lachay\/","og_site_name":"Zona Caral","article_published_time":"2018-06-26T20:29:09+00:00","og_image":[{"width":810,"height":449,"url":"https:\/\/zonacaral.gob.pe\/wp-content\/uploads\/2018\/06\/viajes-san-pedro-caral.png","type":"image\/png"}],"author":"Zona Caral Administrador","twitter_card":"summary_large_image","twitter_misc":{"Written by":"Zona Caral Administrador","Est. reading time":"2 minutos"},"schema":{"@context":"https:\/\/schema.org","@graph":[{"@type":"Article","@id":"https:\/\/zonacaral.gob.pe\/es\/noticias\/rutas-cortas-para-este-fin-de-semana-caral-apero-vichama-y-lomas-de-lachay\/#article","isPartOf":{"@id":"https:\/\/zonacaral.gob.pe\/es\/noticias\/rutas-cortas-para-este-fin-de-semana-caral-apero-vichama-y-lomas-de-lachay\/"},"author":{"name":"Zona Caral Administrador","@id":"https:\/\/zonacaral.gob.pe\/es\/#\/schema\/person\/beddb4d22f71a7230c5b90913270a0ee"},"headline":"Rutas cortas para este fin de semana: Caral, \u00c1pero, Vichama y Lomas de Lachay","datePublished":"2018-06-26T20:29:09+00:00","mainEntityOfPage":{"@id":"https:\/\/zonacaral.gob.pe\/es\/noticias\/rutas-cortas-para-este-fin-de-semana-caral-apero-vichama-y-lomas-de-lachay\/"},"wordCount":315,"image":{"@id":"https:\/\/zonacaral.gob.pe\/es\/noticias\/rutas-cortas-para-este-fin-de-semana-caral-apero-vichama-y-lomas-de-lachay\/#primaryimage"},"thumbnailUrl":"https:\/\/zonacaral.gob.pe\/wp-content\/uploads\/2018\/06\/viajes-san-pedro-caral.png","keywords":["Aspero","caral","viajes educativos","vichama"],"articleSection":["noticias"],"inLanguage":"es-PE"},{"@type":"WebPage","@id":"https:\/\/zonacaral.gob.pe\/es\/noticias\/rutas-cortas-para-este-fin-de-semana-caral-apero-vichama-y-lomas-de-lachay\/","url":"https:\/\/zonacaral.gob.pe\/es\/noticias\/rutas-cortas-para-este-fin-de-semana-caral-apero-vichama-y-lomas-de-lachay\/","name":"Rutas cortas para este fin de semana: Caral, \u00c1pero, Vichama y Lomas de Lachay","isPartOf":{"@id":"https:\/\/zonacaral.gob.pe\/es\/#website"},"primaryImageOfPage":{"@id":"https:\/\/zonacaral.gob.pe\/es\/noticias\/rutas-cortas-para-este-fin-de-semana-caral-apero-vichama-y-lomas-de-lachay\/#primaryimage"},"image":{"@id":"https:\/\/zonacaral.gob.pe\/es\/noticias\/rutas-cortas-para-este-fin-de-semana-caral-apero-vichama-y-lomas-de-lachay\/#primaryimage"},"thumbnailUrl":"https:\/\/zonacaral.gob.pe\/wp-content\/uploads\/2018\/06\/viajes-san-pedro-caral.png","datePublished":"2018-06-26T20:29:09+00:00","author":{"@id":"https:\/\/zonacaral.gob.pe\/es\/#\/schema\/person\/beddb4d22f71a7230c5b90913270a0ee"},"description":"\u00bfEst\u00e1s pensado en viajar este fin de semana? Te tenemos dos propuestas de viajes cortos, sin alejarte mucho de Lima.","breadcrumb":{"@id":"https:\/\/zonacaral.gob.pe\/es\/noticias\/rutas-cortas-para-este-fin-de-semana-caral-apero-vichama-y-lomas-de-lachay\/#breadcrumb"},"inLanguage":"es-PE","potentialAction":[{"@type":"ReadAction","target":["https:\/\/zonacaral.gob.pe\/es\/noticias\/rutas-cortas-para-este-fin-de-semana-caral-apero-vichama-y-lomas-de-lachay\/"]}]},{"@type":"ImageObject","inLanguage":"es-PE","@id":"https:\/\/zonacaral.gob.pe\/es\/noticias\/rutas-cortas-para-este-fin-de-semana-caral-apero-vichama-y-lomas-de-lachay\/#primaryimage","url":"https:\/\/zonacaral.gob.pe\/wp-content\/uploads\/2018\/06\/viajes-san-pedro-caral.png","contentUrl":"https:\/\/zonacaral.gob.pe\/wp-content\/uploads\/2018\/06\/viajes-san-pedro-caral.png","width":810,"height":449},{"@type":"BreadcrumbList","@id":"https:\/\/zonacaral.gob.pe\/es\/noticias\/rutas-cortas-para-este-fin-de-semana-caral-apero-vichama-y-lomas-de-lachay\/#breadcrumb","itemListElement":[{"@type":"ListItem","position":1,"name":"Portada","item":"https:\/\/zonacaral.gob.pe\/"},{"@type":"ListItem","position":2,"name":"Rutas cortas para este fin de semana: Caral, \u00c1pero, Vichama y Lomas de Lachay"}]},{"@type":"WebSite","@id":"https:\/\/zonacaral.gob.pe\/es\/#website","url":"https:\/\/zonacaral.gob.pe\/es\/","name":"Zona Caral","description":"Investigamos, conservamos y difundimos el patrimonio cultural de la Civilizaci\u00f3n Caral, la m\u00e1s antigua de Am\u00e9rica.","potentialAction":[{"@type":"SearchAction","target":{"@type":"EntryPoint","urlTemplate":"https:\/\/zonacaral.gob.pe\/es\/?s={search_term_string}"},"query-input":{"@type":"PropertyValueSpecification","valueRequired":true,"valueName":"search_term_string"}}],"inLanguage":"es-PE"},{"@type":"Person","@id":"https:\/\/zonacaral.gob.pe\/es\/#\/schema\/person\/beddb4d22f71a7230c5b90913270a0ee","name":"Zona Caral Administrador","image":{"@type":"ImageObject","inLanguage":"es-PE","@id":"https:\/\/secure.gravatar.com\/avatar\/e4be162918a696358376de6446614e0f0f4062bdc5d170d6d540ada3d8b58c12?s=96&d=mm&r=g","url":"https:\/\/secure.gravatar.com\/avatar\/e4be162918a696358376de6446614e0f0f4062bdc5d170d6d540ada3d8b58c12?s=96&d=mm&r=g","contentUrl":"https:\/\/secure.gravatar.com\/avatar\/e4be162918a696358376de6446614e0f0f4062bdc5d170d6d540ada3d8b58c12?s=96&d=mm&r=g","caption":"Zona Caral Administrador"},"sameAs":["https:\/\/zonacaral.gob.pe"],"url":"https:\/\/zonacaral.gob.pe\/es\/noticias\/author\/ad_zonacaral\/"}]}},"_links":{"self":[{"href":"https:\/\/zonacaral.gob.pe\/es\/wp-json\/wp\/v2\/posts\/12787","targetHints":{"allow":["GET"]}}],"collection":[{"href":"https:\/\/zonacaral.gob.pe\/es\/wp-json\/wp\/v2\/posts"}],"about":[{"href":"https:\/\/zonacaral.gob.pe\/es\/wp-json\/wp\/v2\/types\/post"}],"author":[{"embeddable":true,"href":"https:\/\/zonacaral.gob.pe\/es\/wp-json\/wp\/v2\/users\/1"}],"replies":[{"embeddable":true,"href":"https:\/\/zonacaral.gob.pe\/es\/wp-json\/wp\/v2\/comments?post=12787"}],"version-history":[{"count":0,"href":"https:\/\/zonacaral.gob.pe\/es\/wp-json\/wp\/v2\/posts\/12787\/revisions"}],"wp:featuredmedia":[{"embeddable":true,"href":"https:\/\/zonacaral.gob.pe\/es\/wp-json\/wp\/v2\/media\/12788"}],"wp:attachment":[{"href":"https:\/\/zonacaral.gob.pe\/es\/wp-json\/wp\/v2\/media?parent=12787"}],"wp:term":[{"taxonomy":"category","embeddable":true,"href":"https:\/\/zonacaral.gob.pe\/es\/wp-json\/wp\/v2\/categories?post=12787"},{"taxonomy":"post_tag","embeddable":true,"href":"https:\/\/zonacaral.gob.pe\/es\/wp-json\/wp\/v2\/tags?post=12787"}],"curies":[{"name":"wp","href":"https:\/\/api.w.org\/{rel}","templated":true}]}}