{"id":12902,"date":"2018-07-07T12:29:06","date_gmt":"2018-07-07T17:29:06","guid":{"rendered":"http:\/\/www.zonacaral.gob.pe\/?p=12902"},"modified":"2018-07-07T12:29:06","modified_gmt":"2018-07-07T17:29:06","slug":"aspero-inicia-taller-infantil-pequenos-exploradores-del-pasado","status":"publish","type":"post","link":"https:\/\/zonacaral.gob.pe\/es\/noticias\/aspero-inicia-taller-infantil-pequenos-exploradores-del-pasado\/","title":{"rendered":"\u00c1spero: inicia taller infantil \u201cPeque\u00f1os Exploradores del Pasado"},"content":{"rendered":"<figure class=\"pic-autor\" style=\"color: #4d4d4d; text-align: justify;\"><\/figure>\n<p style=\"text-align: justify;\">Con \u00e9xito se inici\u00f3, el lunes 2 de julio, el 11\u00ba Taller de Peque\u00f1os Exploradores del Pasado, organizado por la Zona Arqueol\u00f3gica Caral, con la participaci\u00f3n de la Instituci\u00f3n Educativa Inicial N\u00ba 511 de Supe Puerto &#8211; Barranca.<\/p>\n<p style=\"text-align: justify;\">Esta actividad busca familiarizar a los ni\u00f1os y ni\u00f1as del nivel inicial con el sitio arqueol\u00f3gico de \u00c1spero, Ciudad Pesquera de la Civilizaci\u00f3n Caral. Asimismo, hacerles comprender la necesidad de cuidar el patrimonio y que desarrollen una mayor conciencia cultural.\u2028\u2028Al finalizar el taller, el 20 de lulio, los participantes expondr\u00e1n sus trabajos a sus padres y explicar\u00e1n lo aprendido sobre el sitio arqueol\u00f3gico de \u00c1spero.<\/p>\n<p style=\"text-align: justify;\">Tambi\u00e9n se programaron diferentes talleres en simult\u00e1neo, como la excavaci\u00f3n arqueol\u00f3gica (que inici\u00f3 el 3 de julio), los talleres de conservaci\u00f3n, gabinete y talleres de t\u00e9cnicas ancestrales, donde los ni\u00f1os aprenden a elaboran los principales objetos arqueol\u00f3gicos recuperados como Figurinas, Ojos de Dios, Shicras, redes de pesca etc.<\/p>\n<p style=\"text-align: justify;\"><strong>DATOS\u2028<\/strong><\/p>\n<p style=\"text-align: justify;\">Como parte del taller se realiza visitas guiadas a los docentes, como una capacitaci\u00f3n sobre el conocimiento del sitio arqueol\u00f3gico, con el objetivo de que puedan elaborar materiales de trabajo para la ense\u00f1anza a los ni\u00f1os del nivel inicial (3 , 4 y 5 a\u00f1os de edad).<\/p>\n<p style=\"text-align: justify;\">Desde el 2008, en un trabajo conjunto con la E.I N\u00b0 511 de Supe Puerto, se realiza el Taller de \u201cPeque\u00f1os Exploradores del Pasado\u201d, la cual tiene una metodolog\u00eda de trabajo que involucra desde el personal docente, el alumnado, arque\u00f3logos y el personal t\u00e9cnico de apoyo.<\/p>\n<p>&nbsp;<\/p>\n<p style=\"text-align: justify;\"><span style=\"color: #993300;\"><strong>Fuente<\/strong><strong>: Prensa ZAC<\/strong><\/span><\/p>\n<div style=\"color: #1f1f1f;\">\n<p style=\"text-align: justify;\">Fecha de publicaci\u00f3n: 07\/07\/2018<\/p>\n<\/div>\n","protected":false},"excerpt":{"rendered":"<p>Con \u00e9xito se inici\u00f3, el lunes 2 de julio, el 11\u00ba Taller de Peque\u00f1os Exploradores del Pasado, organizado por la [&hellip;]<\/p>\n","protected":false},"author":1,"featured_media":12903,"comment_status":"closed","ping_status":"open","sticky":false,"template":"","format":"standard","meta":{"_acf_changed":false,"site-sidebar-layout":"default","site-content-layout":"","ast-site-content-layout":"default","site-content-style":"default","site-sidebar-style":"default","ast-global-header-display":"","ast-banner-title-visibility":"","ast-main-header-display":"","ast-hfb-above-header-display":"","ast-hfb-below-header-display":"","ast-hfb-mobile-header-display":"","site-post-title":"","ast-breadcrumbs-content":"","ast-featured-img":"","footer-sml-layout":"","ast-disable-related-posts":"","theme-transparent-header-meta":"","adv-header-id-meta":"","stick-header-meta":"","header-above-stick-meta":"","header-main-stick-meta":"","header-below-stick-meta":"","astra-migrate-meta-layouts":"default","ast-page-background-enabled":"default","ast-page-background-meta":{"desktop":{"background-color":"var(--ast-global-color-5)","background-image":"","background-repeat":"repeat","background-position":"center center","background-size":"auto","background-attachment":"scroll","background-type":"","background-media":"","overlay-type":"","overlay-color":"","overlay-opacity":"","overlay-gradient":""},"tablet":{"background-color":"","background-image":"","background-repeat":"repeat","background-position":"center center","background-size":"auto","background-attachment":"scroll","background-type":"","background-media":"","overlay-type":"","overlay-color":"","overlay-opacity":"","overlay-gradient":""},"mobile":{"background-color":"","background-image":"","background-repeat":"repeat","background-position":"center center","background-size":"auto","background-attachment":"scroll","background-type":"","background-media":"","overlay-type":"","overlay-color":"","overlay-opacity":"","overlay-gradient":""}},"ast-content-background-meta":{"desktop":{"background-color":"var(--ast-global-color-4)","background-image":"","background-repeat":"repeat","background-position":"center center","background-size":"auto","background-attachment":"scroll","background-type":"","background-media":"","overlay-type":"","overlay-color":"","overlay-opacity":"","overlay-gradient":""},"tablet":{"background-color":"var(--ast-global-color-4)","background-image":"","background-repeat":"repeat","background-position":"center center","background-size":"auto","background-attachment":"scroll","background-type":"","background-media":"","overlay-type":"","overlay-color":"","overlay-opacity":"","overlay-gradient":""},"mobile":{"background-color":"var(--ast-global-color-4)","background-image":"","background-repeat":"repeat","background-position":"center center","background-size":"auto","background-attachment":"scroll","background-type":"","background-media":"","overlay-type":"","overlay-color":"","overlay-opacity":"","overlay-gradient":""}},"footnotes":""},"categories":[208],"tags":[63,114],"class_list":["post-12902","post","type-post","status-publish","format-standard","has-post-thumbnail","hentry","category-noticias","tag-aspero","tag-talleres"],"acf":[],"yoast_head":"<!-- This site is optimized with the Yoast SEO plugin v27.3 - https:\/\/yoast.com\/product\/yoast-seo-wordpress\/ -->\n<title>\u00c1spero: inicia taller infantil \u201cPeque\u00f1os Exploradores del Pasado<\/title>\n<meta name=\"description\" content=\"Con \u00e9xito se inici\u00f3, el lunes 2 de julio, el 11\u00ba Taller de Peque\u00f1os Exploradores del Pasado, organizado por la Zona Arqueol\u00f3gica Caral, con la participaci\u00f3n de la Instituci\u00f3n Educativa Inicial N\u00ba 511 de Supe Puerto - Barranca.\" \/>\n<meta name=\"robots\" content=\"index, follow, max-snippet:-1, max-image-preview:large, max-video-preview:-1\" \/>\n<link rel=\"canonical\" href=\"https:\/\/zonacaral.gob.pe\/es\/noticias\/aspero-inicia-taller-infantil-pequenos-exploradores-del-pasado\/\" \/>\n<meta property=\"og:locale\" content=\"es_ES\" \/>\n<meta property=\"og:type\" content=\"article\" \/>\n<meta property=\"og:title\" content=\"\u00c1spero: inicia taller infantil \u201cPeque\u00f1os Exploradores del Pasado\" \/>\n<meta property=\"og:description\" content=\"Con \u00e9xito se inici\u00f3, el lunes 2 de julio, el 11\u00ba Taller de Peque\u00f1os Exploradores del Pasado, organizado por la Zona Arqueol\u00f3gica Caral, con la participaci\u00f3n de la Instituci\u00f3n Educativa Inicial N\u00ba 511 de Supe Puerto - Barranca.\" \/>\n<meta property=\"og:url\" content=\"https:\/\/zonacaral.gob.pe\/es\/noticias\/aspero-inicia-taller-infantil-pequenos-exploradores-del-pasado\/\" \/>\n<meta property=\"og:site_name\" content=\"Zona Caral\" \/>\n<meta property=\"article:published_time\" content=\"2018-07-07T17:29:06+00:00\" \/>\n<meta property=\"og:image\" content=\"https:\/\/zonacaral.gob.pe\/wp-content\/uploads\/2018\/07\/recibiendo-la-charla-antes-de-excavar.jpg\" \/>\n\t<meta property=\"og:image:width\" content=\"1032\" \/>\n\t<meta property=\"og:image:height\" content=\"683\" \/>\n\t<meta property=\"og:image:type\" content=\"image\/jpeg\" \/>\n<meta name=\"author\" content=\"Zona Caral Administrador\" \/>\n<meta name=\"twitter:card\" content=\"summary_large_image\" \/>\n<meta name=\"twitter:label1\" content=\"Written by\" \/>\n\t<meta name=\"twitter:data1\" content=\"Zona Caral Administrador\" \/>\n\t<meta name=\"twitter:label2\" content=\"Est. reading time\" \/>\n\t<meta name=\"twitter:data2\" content=\"1 minuto\" \/>\n<script type=\"application\/ld+json\" class=\"yoast-schema-graph\">{\"@context\":\"https:\\\/\\\/schema.org\",\"@graph\":[{\"@type\":\"Article\",\"@id\":\"https:\\\/\\\/zonacaral.gob.pe\\\/es\\\/noticias\\\/aspero-inicia-taller-infantil-pequenos-exploradores-del-pasado\\\/#article\",\"isPartOf\":{\"@id\":\"https:\\\/\\\/zonacaral.gob.pe\\\/es\\\/noticias\\\/aspero-inicia-taller-infantil-pequenos-exploradores-del-pasado\\\/\"},\"author\":{\"name\":\"Zona Caral Administrador\",\"@id\":\"https:\\\/\\\/zonacaral.gob.pe\\\/es\\\/#\\\/schema\\\/person\\\/beddb4d22f71a7230c5b90913270a0ee\"},\"headline\":\"\u00c1spero: inicia taller infantil \u201cPeque\u00f1os Exploradores del Pasado\",\"datePublished\":\"2018-07-07T17:29:06+00:00\",\"mainEntityOfPage\":{\"@id\":\"https:\\\/\\\/zonacaral.gob.pe\\\/es\\\/noticias\\\/aspero-inicia-taller-infantil-pequenos-exploradores-del-pasado\\\/\"},\"wordCount\":281,\"image\":{\"@id\":\"https:\\\/\\\/zonacaral.gob.pe\\\/es\\\/noticias\\\/aspero-inicia-taller-infantil-pequenos-exploradores-del-pasado\\\/#primaryimage\"},\"thumbnailUrl\":\"https:\\\/\\\/zonacaral.gob.pe\\\/wp-content\\\/uploads\\\/2018\\\/07\\\/recibiendo-la-charla-antes-de-excavar.jpg\",\"keywords\":[\"Aspero\",\"talleres\"],\"articleSection\":[\"noticias\"],\"inLanguage\":\"es-PE\"},{\"@type\":\"WebPage\",\"@id\":\"https:\\\/\\\/zonacaral.gob.pe\\\/es\\\/noticias\\\/aspero-inicia-taller-infantil-pequenos-exploradores-del-pasado\\\/\",\"url\":\"https:\\\/\\\/zonacaral.gob.pe\\\/es\\\/noticias\\\/aspero-inicia-taller-infantil-pequenos-exploradores-del-pasado\\\/\",\"name\":\"\u00c1spero: inicia taller infantil \u201cPeque\u00f1os Exploradores del Pasado\",\"isPartOf\":{\"@id\":\"https:\\\/\\\/zonacaral.gob.pe\\\/es\\\/#website\"},\"primaryImageOfPage\":{\"@id\":\"https:\\\/\\\/zonacaral.gob.pe\\\/es\\\/noticias\\\/aspero-inicia-taller-infantil-pequenos-exploradores-del-pasado\\\/#primaryimage\"},\"image\":{\"@id\":\"https:\\\/\\\/zonacaral.gob.pe\\\/es\\\/noticias\\\/aspero-inicia-taller-infantil-pequenos-exploradores-del-pasado\\\/#primaryimage\"},\"thumbnailUrl\":\"https:\\\/\\\/zonacaral.gob.pe\\\/wp-content\\\/uploads\\\/2018\\\/07\\\/recibiendo-la-charla-antes-de-excavar.jpg\",\"datePublished\":\"2018-07-07T17:29:06+00:00\",\"author\":{\"@id\":\"https:\\\/\\\/zonacaral.gob.pe\\\/es\\\/#\\\/schema\\\/person\\\/beddb4d22f71a7230c5b90913270a0ee\"},\"description\":\"Con \u00e9xito se inici\u00f3, el lunes 2 de julio, el 11\u00ba Taller de Peque\u00f1os Exploradores del Pasado, organizado por la Zona Arqueol\u00f3gica Caral, con la participaci\u00f3n de la Instituci\u00f3n Educativa Inicial N\u00ba 511 de Supe Puerto - Barranca.\",\"breadcrumb\":{\"@id\":\"https:\\\/\\\/zonacaral.gob.pe\\\/es\\\/noticias\\\/aspero-inicia-taller-infantil-pequenos-exploradores-del-pasado\\\/#breadcrumb\"},\"inLanguage\":\"es-PE\",\"potentialAction\":[{\"@type\":\"ReadAction\",\"target\":[\"https:\\\/\\\/zonacaral.gob.pe\\\/es\\\/noticias\\\/aspero-inicia-taller-infantil-pequenos-exploradores-del-pasado\\\/\"]}]},{\"@type\":\"ImageObject\",\"inLanguage\":\"es-PE\",\"@id\":\"https:\\\/\\\/zonacaral.gob.pe\\\/es\\\/noticias\\\/aspero-inicia-taller-infantil-pequenos-exploradores-del-pasado\\\/#primaryimage\",\"url\":\"https:\\\/\\\/zonacaral.gob.pe\\\/wp-content\\\/uploads\\\/2018\\\/07\\\/recibiendo-la-charla-antes-de-excavar.jpg\",\"contentUrl\":\"https:\\\/\\\/zonacaral.gob.pe\\\/wp-content\\\/uploads\\\/2018\\\/07\\\/recibiendo-la-charla-antes-de-excavar.jpg\",\"width\":1032,\"height\":683},{\"@type\":\"BreadcrumbList\",\"@id\":\"https:\\\/\\\/zonacaral.gob.pe\\\/es\\\/noticias\\\/aspero-inicia-taller-infantil-pequenos-exploradores-del-pasado\\\/#breadcrumb\",\"itemListElement\":[{\"@type\":\"ListItem\",\"position\":1,\"name\":\"Portada\",\"item\":\"https:\\\/\\\/zonacaral.gob.pe\\\/\"},{\"@type\":\"ListItem\",\"position\":2,\"name\":\"\u00c1spero: inicia taller infantil \u201cPeque\u00f1os Exploradores del Pasado\"}]},{\"@type\":\"WebSite\",\"@id\":\"https:\\\/\\\/zonacaral.gob.pe\\\/es\\\/#website\",\"url\":\"https:\\\/\\\/zonacaral.gob.pe\\\/es\\\/\",\"name\":\"Zona Caral\",\"description\":\"Investigamos, conservamos y difundimos el patrimonio cultural de la Civilizaci\u00f3n Caral, la m\u00e1s antigua de Am\u00e9rica.\",\"potentialAction\":[{\"@type\":\"SearchAction\",\"target\":{\"@type\":\"EntryPoint\",\"urlTemplate\":\"https:\\\/\\\/zonacaral.gob.pe\\\/es\\\/?s={search_term_string}\"},\"query-input\":{\"@type\":\"PropertyValueSpecification\",\"valueRequired\":true,\"valueName\":\"search_term_string\"}}],\"inLanguage\":\"es-PE\"},{\"@type\":\"Person\",\"@id\":\"https:\\\/\\\/zonacaral.gob.pe\\\/es\\\/#\\\/schema\\\/person\\\/beddb4d22f71a7230c5b90913270a0ee\",\"name\":\"Zona Caral Administrador\",\"image\":{\"@type\":\"ImageObject\",\"inLanguage\":\"es-PE\",\"@id\":\"https:\\\/\\\/secure.gravatar.com\\\/avatar\\\/e4be162918a696358376de6446614e0f0f4062bdc5d170d6d540ada3d8b58c12?s=96&d=mm&r=g\",\"url\":\"https:\\\/\\\/secure.gravatar.com\\\/avatar\\\/e4be162918a696358376de6446614e0f0f4062bdc5d170d6d540ada3d8b58c12?s=96&d=mm&r=g\",\"contentUrl\":\"https:\\\/\\\/secure.gravatar.com\\\/avatar\\\/e4be162918a696358376de6446614e0f0f4062bdc5d170d6d540ada3d8b58c12?s=96&d=mm&r=g\",\"caption\":\"Zona Caral Administrador\"},\"sameAs\":[\"https:\\\/\\\/zonacaral.gob.pe\"],\"url\":\"https:\\\/\\\/zonacaral.gob.pe\\\/es\\\/noticias\\\/author\\\/ad_zonacaral\\\/\"}]}<\/script>\n<!-- \/ Yoast SEO plugin. -->","yoast_head_json":{"title":"\u00c1spero: inicia taller infantil \u201cPeque\u00f1os Exploradores del Pasado","description":"Con \u00e9xito se inici\u00f3, el lunes 2 de julio, el 11\u00ba Taller de Peque\u00f1os Exploradores del Pasado, organizado por la Zona Arqueol\u00f3gica Caral, con la participaci\u00f3n de la Instituci\u00f3n Educativa Inicial N\u00ba 511 de Supe Puerto - Barranca.","robots":{"index":"index","follow":"follow","max-snippet":"max-snippet:-1","max-image-preview":"max-image-preview:large","max-video-preview":"max-video-preview:-1"},"canonical":"https:\/\/zonacaral.gob.pe\/es\/noticias\/aspero-inicia-taller-infantil-pequenos-exploradores-del-pasado\/","og_locale":"es_ES","og_type":"article","og_title":"\u00c1spero: inicia taller infantil \u201cPeque\u00f1os Exploradores del Pasado","og_description":"Con \u00e9xito se inici\u00f3, el lunes 2 de julio, el 11\u00ba Taller de Peque\u00f1os Exploradores del Pasado, organizado por la Zona Arqueol\u00f3gica Caral, con la participaci\u00f3n de la Instituci\u00f3n Educativa Inicial N\u00ba 511 de Supe Puerto - Barranca.","og_url":"https:\/\/zonacaral.gob.pe\/es\/noticias\/aspero-inicia-taller-infantil-pequenos-exploradores-del-pasado\/","og_site_name":"Zona Caral","article_published_time":"2018-07-07T17:29:06+00:00","og_image":[{"width":1032,"height":683,"url":"https:\/\/zonacaral.gob.pe\/wp-content\/uploads\/2018\/07\/recibiendo-la-charla-antes-de-excavar.jpg","type":"image\/jpeg"}],"author":"Zona Caral Administrador","twitter_card":"summary_large_image","twitter_misc":{"Written by":"Zona Caral Administrador","Est. reading time":"1 minuto"},"schema":{"@context":"https:\/\/schema.org","@graph":[{"@type":"Article","@id":"https:\/\/zonacaral.gob.pe\/es\/noticias\/aspero-inicia-taller-infantil-pequenos-exploradores-del-pasado\/#article","isPartOf":{"@id":"https:\/\/zonacaral.gob.pe\/es\/noticias\/aspero-inicia-taller-infantil-pequenos-exploradores-del-pasado\/"},"author":{"name":"Zona Caral Administrador","@id":"https:\/\/zonacaral.gob.pe\/es\/#\/schema\/person\/beddb4d22f71a7230c5b90913270a0ee"},"headline":"\u00c1spero: inicia taller infantil \u201cPeque\u00f1os Exploradores del Pasado","datePublished":"2018-07-07T17:29:06+00:00","mainEntityOfPage":{"@id":"https:\/\/zonacaral.gob.pe\/es\/noticias\/aspero-inicia-taller-infantil-pequenos-exploradores-del-pasado\/"},"wordCount":281,"image":{"@id":"https:\/\/zonacaral.gob.pe\/es\/noticias\/aspero-inicia-taller-infantil-pequenos-exploradores-del-pasado\/#primaryimage"},"thumbnailUrl":"https:\/\/zonacaral.gob.pe\/wp-content\/uploads\/2018\/07\/recibiendo-la-charla-antes-de-excavar.jpg","keywords":["Aspero","talleres"],"articleSection":["noticias"],"inLanguage":"es-PE"},{"@type":"WebPage","@id":"https:\/\/zonacaral.gob.pe\/es\/noticias\/aspero-inicia-taller-infantil-pequenos-exploradores-del-pasado\/","url":"https:\/\/zonacaral.gob.pe\/es\/noticias\/aspero-inicia-taller-infantil-pequenos-exploradores-del-pasado\/","name":"\u00c1spero: inicia taller infantil \u201cPeque\u00f1os Exploradores del Pasado","isPartOf":{"@id":"https:\/\/zonacaral.gob.pe\/es\/#website"},"primaryImageOfPage":{"@id":"https:\/\/zonacaral.gob.pe\/es\/noticias\/aspero-inicia-taller-infantil-pequenos-exploradores-del-pasado\/#primaryimage"},"image":{"@id":"https:\/\/zonacaral.gob.pe\/es\/noticias\/aspero-inicia-taller-infantil-pequenos-exploradores-del-pasado\/#primaryimage"},"thumbnailUrl":"https:\/\/zonacaral.gob.pe\/wp-content\/uploads\/2018\/07\/recibiendo-la-charla-antes-de-excavar.jpg","datePublished":"2018-07-07T17:29:06+00:00","author":{"@id":"https:\/\/zonacaral.gob.pe\/es\/#\/schema\/person\/beddb4d22f71a7230c5b90913270a0ee"},"description":"Con \u00e9xito se inici\u00f3, el lunes 2 de julio, el 11\u00ba Taller de Peque\u00f1os Exploradores del Pasado, organizado por la Zona Arqueol\u00f3gica Caral, con la participaci\u00f3n de la Instituci\u00f3n Educativa Inicial N\u00ba 511 de Supe Puerto - Barranca.","breadcrumb":{"@id":"https:\/\/zonacaral.gob.pe\/es\/noticias\/aspero-inicia-taller-infantil-pequenos-exploradores-del-pasado\/#breadcrumb"},"inLanguage":"es-PE","potentialAction":[{"@type":"ReadAction","target":["https:\/\/zonacaral.gob.pe\/es\/noticias\/aspero-inicia-taller-infantil-pequenos-exploradores-del-pasado\/"]}]},{"@type":"ImageObject","inLanguage":"es-PE","@id":"https:\/\/zonacaral.gob.pe\/es\/noticias\/aspero-inicia-taller-infantil-pequenos-exploradores-del-pasado\/#primaryimage","url":"https:\/\/zonacaral.gob.pe\/wp-content\/uploads\/2018\/07\/recibiendo-la-charla-antes-de-excavar.jpg","contentUrl":"https:\/\/zonacaral.gob.pe\/wp-content\/uploads\/2018\/07\/recibiendo-la-charla-antes-de-excavar.jpg","width":1032,"height":683},{"@type":"BreadcrumbList","@id":"https:\/\/zonacaral.gob.pe\/es\/noticias\/aspero-inicia-taller-infantil-pequenos-exploradores-del-pasado\/#breadcrumb","itemListElement":[{"@type":"ListItem","position":1,"name":"Portada","item":"https:\/\/zonacaral.gob.pe\/"},{"@type":"ListItem","position":2,"name":"\u00c1spero: inicia taller infantil \u201cPeque\u00f1os Exploradores del Pasado"}]},{"@type":"WebSite","@id":"https:\/\/zonacaral.gob.pe\/es\/#website","url":"https:\/\/zonacaral.gob.pe\/es\/","name":"Zona Caral","description":"Investigamos, conservamos y difundimos el patrimonio cultural de la Civilizaci\u00f3n Caral, la m\u00e1s antigua de Am\u00e9rica.","potentialAction":[{"@type":"SearchAction","target":{"@type":"EntryPoint","urlTemplate":"https:\/\/zonacaral.gob.pe\/es\/?s={search_term_string}"},"query-input":{"@type":"PropertyValueSpecification","valueRequired":true,"valueName":"search_term_string"}}],"inLanguage":"es-PE"},{"@type":"Person","@id":"https:\/\/zonacaral.gob.pe\/es\/#\/schema\/person\/beddb4d22f71a7230c5b90913270a0ee","name":"Zona Caral Administrador","image":{"@type":"ImageObject","inLanguage":"es-PE","@id":"https:\/\/secure.gravatar.com\/avatar\/e4be162918a696358376de6446614e0f0f4062bdc5d170d6d540ada3d8b58c12?s=96&d=mm&r=g","url":"https:\/\/secure.gravatar.com\/avatar\/e4be162918a696358376de6446614e0f0f4062bdc5d170d6d540ada3d8b58c12?s=96&d=mm&r=g","contentUrl":"https:\/\/secure.gravatar.com\/avatar\/e4be162918a696358376de6446614e0f0f4062bdc5d170d6d540ada3d8b58c12?s=96&d=mm&r=g","caption":"Zona Caral Administrador"},"sameAs":["https:\/\/zonacaral.gob.pe"],"url":"https:\/\/zonacaral.gob.pe\/es\/noticias\/author\/ad_zonacaral\/"}]}},"_links":{"self":[{"href":"https:\/\/zonacaral.gob.pe\/es\/wp-json\/wp\/v2\/posts\/12902","targetHints":{"allow":["GET"]}}],"collection":[{"href":"https:\/\/zonacaral.gob.pe\/es\/wp-json\/wp\/v2\/posts"}],"about":[{"href":"https:\/\/zonacaral.gob.pe\/es\/wp-json\/wp\/v2\/types\/post"}],"author":[{"embeddable":true,"href":"https:\/\/zonacaral.gob.pe\/es\/wp-json\/wp\/v2\/users\/1"}],"replies":[{"embeddable":true,"href":"https:\/\/zonacaral.gob.pe\/es\/wp-json\/wp\/v2\/comments?post=12902"}],"version-history":[{"count":0,"href":"https:\/\/zonacaral.gob.pe\/es\/wp-json\/wp\/v2\/posts\/12902\/revisions"}],"wp:featuredmedia":[{"embeddable":true,"href":"https:\/\/zonacaral.gob.pe\/es\/wp-json\/wp\/v2\/media\/12903"}],"wp:attachment":[{"href":"https:\/\/zonacaral.gob.pe\/es\/wp-json\/wp\/v2\/media?parent=12902"}],"wp:term":[{"taxonomy":"category","embeddable":true,"href":"https:\/\/zonacaral.gob.pe\/es\/wp-json\/wp\/v2\/categories?post=12902"},{"taxonomy":"post_tag","embeddable":true,"href":"https:\/\/zonacaral.gob.pe\/es\/wp-json\/wp\/v2\/tags?post=12902"}],"curies":[{"name":"wp","href":"https:\/\/api.w.org\/{rel}","templated":true}]}}