{"id":12993,"date":"2018-07-17T14:44:12","date_gmt":"2018-07-17T19:44:12","guid":{"rendered":"http:\/\/www.zonacaral.gob.pe\/?p=12993"},"modified":"2018-07-17T14:44:12","modified_gmt":"2018-07-17T19:44:12","slug":"fiestas-patrias-en-caral","status":"publish","type":"post","link":"https:\/\/zonacaral.gob.pe\/es\/noticias\/fiestas-patrias-en-caral\/","title":{"rendered":"Fiestas Patrias en Caral"},"content":{"rendered":"<figure class=\"pic-autor\" style=\"color: #4d4d4d; text-align: justify;\"><\/figure>\n<blockquote><p>Si\u00e9ntete orgulloso de ser peruano visitando nuestro Patrimonio Mundial, la civilizaci\u00f3n m\u00e1s antigua de Am\u00e9rica, Caral; ubicado al norte de Lima, a solo 4 horas de viaje.<\/p><\/blockquote>\n<p>D\u00e9jate sorprender por la monumentalidad de sus construcciones piramidales que han perdurado m\u00e1s de 5,000 a\u00f1os.\u2028\u2028Conoce su historia, c\u00f3mo empez\u00f3 a edificarse en el Per\u00fa, la primera civilizaci\u00f3n de toda Am\u00e9rica, la segunda m\u00e1s antigua despu\u00e9s de Mesopotamia.<\/p>\n<p>Cu\u00e1les eran sus costumbres, c\u00f3mo se alimentaban, c\u00f3mo viv\u00edan; se dice que hab\u00eda un respeto a la naturaleza, a las otras comunidades y principalmente hab\u00eda un respeto entre varones y mujeres. Se habla de la existencia de valores que hoy debemos recuperar.<\/p>\n<p>Conoce de todo esto con la Ruta de la Civilizaci\u00f3n Caral que concierne a: La Ciudad Sagrada de Caral, Vichama, Ciudad Agropesquera y \u00c1spero, Ciudad Pesquera. <a href=\"\/www.zonacaral.gob.pe\/noticias\/ruta-turistica-los-origenes-de-la-civilizacion-caral-2\/\"><strong>(Conoce m\u00e1s aqu\u00ed)<\/strong><\/a><\/p>\n<p>Para que disfrutes de esta experiencia te ofrecemos un campamento \u00fanico este\u00a0<strong>viernes 27 y s\u00e1bado 28 de julio<\/strong>:<\/p>\n<p>Visita nocturna a la Ciudad Sagrada de Caral + Actividades de cuenta cuento + Visita a 4 destinos (Lachay + Vichama + \u00c1spero + Caral).<\/p>\n<p>Te ofrecemos: Transporte, Tickets de Ingreso, peregrinaci\u00f3n nocturna en Caral y actividades de confraternidad. Tambi\u00e9n guiado en Caral, Vichama y \u00c1spero, almuerzo primer y segundo d\u00eda, cena, desayuno Supano segundo d\u00eda (tamal, pan y caf\u00e9 o infusi\u00f3n, material informativo y zona de campamento.<\/p>\n<p><a href=\"\/www.zonacaral.gob.pe\/viajes-educativos\/salidas-semanales\/fiestas-patrias\/\">Averigua m\u00e1s ingresando <strong>aqu\u00ed<\/strong><\/a><\/p>\n<p>Tambi\u00e9n tenemos salidas\u00a0<strong>FULL DAY<\/strong>:<\/p>\n<p><strong>\u2028\u2028<a href=\"\/www.zonacaral.gob.pe\/viajes-educativos\/salidas-semanales\/27-julio\/%E2%80%A8\">Viernes 27:<\/a><\/strong><a href=\"\/www.zonacaral.gob.pe\/viajes-educativos\/salidas-semanales\/27-julio\/%E2%80%A8\">\u00a0<\/a>Te llevamos a Caral y Lomas de Lachay<br \/>\n<a href=\"\/www.zonacaral.gob.pe\/viajes-educativos\/salidas-semanales\/28-julio\/\"><strong>S\u00e1bado 28:<\/strong><\/a>\u00a0Conoce Caral, Vichama y el Museo Comunitario de V\u00e9gueta<br \/>\n<a href=\"\/www.zonacaral.gob.pe\/viajes-educativos\/salidas-semanales\/29-julio\/\"><strong>Domingo 29:<\/strong><\/a>\u00a0Visita Caral, \u00c1spero y el Museo Comunitario de Supe<\/p>\n<p>Los trabajos de promoci\u00f3n de viajes educativos son realizados por la Zona Arqueol\u00f3gica de Caral, UE 003 del Ministerio de Cultura, con el \u00fanico fin de difundir nuestra cultura y el turismo en nuestro pa\u00eds.\u00a0<span style=\"color: #1d2129;\">Inf\u00f3rmate m\u00e1s en: <a href=\"\/www.zonacaral.gob.pe\/viajes-educativos\/\">zonacaral.gob.pe\/viajes-educativos\/<\/a><\/span><\/p>\n<p><iframe style=\"border: none; overflow: hidden;\" src=\"https:\/\/www.facebook.com\/plugins\/video.php?href=https%3A%2F%2Fwww.facebook.com%2FCARALPERU%2Fvideos%2F1932055386833314%2F&amp;show_text=0&amp;width=560\" width=\"560\" height=\"400\" frameborder=\"0\" scrolling=\"no\" allowfullscreen=\"allowfullscreen\"><\/iframe><\/p>\n<p style=\"text-align: justify;\"><span style=\"color: #993300;\"><strong>Fuente<\/strong><strong>: Prensa ZAC<\/strong><\/span><\/p>\n<div style=\"color: #1f1f1f;\">\n<p style=\"text-align: justify;\">Fecha de publicaci\u00f3n: 17\/07\/2018<\/p>\n<\/div>\n","protected":false},"excerpt":{"rendered":"<p>Si\u00e9ntete orgulloso de ser peruano visitando nuestro Patrimonio Mundial, la civilizaci\u00f3n m\u00e1s antigua de Am\u00e9rica, Caral; ubicado al norte de [&hellip;]<\/p>\n","protected":false},"author":1,"featured_media":12996,"comment_status":"closed","ping_status":"open","sticky":false,"template":"","format":"standard","meta":{"_acf_changed":false,"site-sidebar-layout":"default","site-content-layout":"","ast-site-content-layout":"default","site-content-style":"default","site-sidebar-style":"default","ast-global-header-display":"","ast-banner-title-visibility":"","ast-main-header-display":"","ast-hfb-above-header-display":"","ast-hfb-below-header-display":"","ast-hfb-mobile-header-display":"","site-post-title":"","ast-breadcrumbs-content":"","ast-featured-img":"","footer-sml-layout":"","ast-disable-related-posts":"","theme-transparent-header-meta":"","adv-header-id-meta":"","stick-header-meta":"","header-above-stick-meta":"","header-main-stick-meta":"","header-below-stick-meta":"","astra-migrate-meta-layouts":"default","ast-page-background-enabled":"default","ast-page-background-meta":{"desktop":{"background-color":"var(--ast-global-color-5)","background-image":"","background-repeat":"repeat","background-position":"center center","background-size":"auto","background-attachment":"scroll","background-type":"","background-media":"","overlay-type":"","overlay-color":"","overlay-opacity":"","overlay-gradient":""},"tablet":{"background-color":"","background-image":"","background-repeat":"repeat","background-position":"center center","background-size":"auto","background-attachment":"scroll","background-type":"","background-media":"","overlay-type":"","overlay-color":"","overlay-opacity":"","overlay-gradient":""},"mobile":{"background-color":"","background-image":"","background-repeat":"repeat","background-position":"center center","background-size":"auto","background-attachment":"scroll","background-type":"","background-media":"","overlay-type":"","overlay-color":"","overlay-opacity":"","overlay-gradient":""}},"ast-content-background-meta":{"desktop":{"background-color":"var(--ast-global-color-4)","background-image":"","background-repeat":"repeat","background-position":"center center","background-size":"auto","background-attachment":"scroll","background-type":"","background-media":"","overlay-type":"","overlay-color":"","overlay-opacity":"","overlay-gradient":""},"tablet":{"background-color":"var(--ast-global-color-4)","background-image":"","background-repeat":"repeat","background-position":"center center","background-size":"auto","background-attachment":"scroll","background-type":"","background-media":"","overlay-type":"","overlay-color":"","overlay-opacity":"","overlay-gradient":""},"mobile":{"background-color":"var(--ast-global-color-4)","background-image":"","background-repeat":"repeat","background-position":"center center","background-size":"auto","background-attachment":"scroll","background-type":"","background-media":"","overlay-type":"","overlay-color":"","overlay-opacity":"","overlay-gradient":""}},"footnotes":""},"categories":[208],"tags":[55,169,106],"class_list":["post-12993","post","type-post","status-publish","format-standard","has-post-thumbnail","hentry","category-noticias","tag-caral","tag-fiestas","tag-turismo"],"acf":[],"yoast_head":"<!-- This site is optimized with the Yoast SEO plugin v27.3 - https:\/\/yoast.com\/product\/yoast-seo-wordpress\/ -->\n<title>Fiestas Patrias en Caral<\/title>\n<meta name=\"description\" content=\"Si\u00e9ntete orgulloso de ser peruano visitando nuestro Patrimonio Mundial, la civilizaci\u00f3n m\u00e1s antigua de Am\u00e9rica, Caral; ubicado al norte de Lima, a solo 4 horas de viaje.\" \/>\n<meta name=\"robots\" content=\"index, follow, max-snippet:-1, max-image-preview:large, max-video-preview:-1\" \/>\n<link rel=\"canonical\" href=\"https:\/\/zonacaral.gob.pe\/es\/noticias\/fiestas-patrias-en-caral\/\" \/>\n<meta property=\"og:locale\" content=\"es_ES\" \/>\n<meta property=\"og:type\" content=\"article\" \/>\n<meta property=\"og:title\" content=\"Fiestas Patrias en Caral\" \/>\n<meta property=\"og:description\" content=\"Si\u00e9ntete orgulloso de ser peruano visitando nuestro Patrimonio Mundial, la civilizaci\u00f3n m\u00e1s antigua de Am\u00e9rica, Caral; ubicado al norte de Lima, a solo 4 horas de viaje.\" \/>\n<meta property=\"og:url\" content=\"https:\/\/zonacaral.gob.pe\/es\/noticias\/fiestas-patrias-en-caral\/\" \/>\n<meta property=\"og:site_name\" content=\"Zona Caral\" \/>\n<meta property=\"article:published_time\" content=\"2018-07-17T19:44:12+00:00\" \/>\n<meta property=\"og:image\" content=\"https:\/\/zonacaral.gob.pe\/wp-content\/uploads\/2018\/07\/nota-fiestas-patrias2.jpg\" \/>\n\t<meta property=\"og:image:width\" content=\"803\" \/>\n\t<meta property=\"og:image:height\" content=\"410\" \/>\n\t<meta property=\"og:image:type\" content=\"image\/jpeg\" \/>\n<meta name=\"author\" content=\"Zona Caral Administrador\" \/>\n<meta name=\"twitter:card\" content=\"summary_large_image\" \/>\n<meta name=\"twitter:label1\" content=\"Written by\" \/>\n\t<meta name=\"twitter:data1\" content=\"Zona Caral Administrador\" \/>\n\t<meta name=\"twitter:label2\" content=\"Est. reading time\" \/>\n\t<meta name=\"twitter:data2\" content=\"2 minutos\" \/>\n<script type=\"application\/ld+json\" class=\"yoast-schema-graph\">{\"@context\":\"https:\\\/\\\/schema.org\",\"@graph\":[{\"@type\":\"Article\",\"@id\":\"https:\\\/\\\/zonacaral.gob.pe\\\/es\\\/noticias\\\/fiestas-patrias-en-caral\\\/#article\",\"isPartOf\":{\"@id\":\"https:\\\/\\\/zonacaral.gob.pe\\\/es\\\/noticias\\\/fiestas-patrias-en-caral\\\/\"},\"author\":{\"name\":\"Zona Caral Administrador\",\"@id\":\"https:\\\/\\\/zonacaral.gob.pe\\\/es\\\/#\\\/schema\\\/person\\\/beddb4d22f71a7230c5b90913270a0ee\"},\"headline\":\"Fiestas Patrias en Caral\",\"datePublished\":\"2018-07-17T19:44:12+00:00\",\"mainEntityOfPage\":{\"@id\":\"https:\\\/\\\/zonacaral.gob.pe\\\/es\\\/noticias\\\/fiestas-patrias-en-caral\\\/\"},\"wordCount\":339,\"image\":{\"@id\":\"https:\\\/\\\/zonacaral.gob.pe\\\/es\\\/noticias\\\/fiestas-patrias-en-caral\\\/#primaryimage\"},\"thumbnailUrl\":\"https:\\\/\\\/zonacaral.gob.pe\\\/wp-content\\\/uploads\\\/2018\\\/07\\\/nota-fiestas-patrias2.jpg\",\"keywords\":[\"caral\",\"fiestas\",\"turismo\"],\"articleSection\":[\"noticias\"],\"inLanguage\":\"es-PE\"},{\"@type\":\"WebPage\",\"@id\":\"https:\\\/\\\/zonacaral.gob.pe\\\/es\\\/noticias\\\/fiestas-patrias-en-caral\\\/\",\"url\":\"https:\\\/\\\/zonacaral.gob.pe\\\/es\\\/noticias\\\/fiestas-patrias-en-caral\\\/\",\"name\":\"Fiestas Patrias en Caral\",\"isPartOf\":{\"@id\":\"https:\\\/\\\/zonacaral.gob.pe\\\/es\\\/#website\"},\"primaryImageOfPage\":{\"@id\":\"https:\\\/\\\/zonacaral.gob.pe\\\/es\\\/noticias\\\/fiestas-patrias-en-caral\\\/#primaryimage\"},\"image\":{\"@id\":\"https:\\\/\\\/zonacaral.gob.pe\\\/es\\\/noticias\\\/fiestas-patrias-en-caral\\\/#primaryimage\"},\"thumbnailUrl\":\"https:\\\/\\\/zonacaral.gob.pe\\\/wp-content\\\/uploads\\\/2018\\\/07\\\/nota-fiestas-patrias2.jpg\",\"datePublished\":\"2018-07-17T19:44:12+00:00\",\"author\":{\"@id\":\"https:\\\/\\\/zonacaral.gob.pe\\\/es\\\/#\\\/schema\\\/person\\\/beddb4d22f71a7230c5b90913270a0ee\"},\"description\":\"Si\u00e9ntete orgulloso de ser peruano visitando nuestro Patrimonio Mundial, la civilizaci\u00f3n m\u00e1s antigua de Am\u00e9rica, Caral; ubicado al norte de Lima, a solo 4 horas de viaje.\",\"breadcrumb\":{\"@id\":\"https:\\\/\\\/zonacaral.gob.pe\\\/es\\\/noticias\\\/fiestas-patrias-en-caral\\\/#breadcrumb\"},\"inLanguage\":\"es-PE\",\"potentialAction\":[{\"@type\":\"ReadAction\",\"target\":[\"https:\\\/\\\/zonacaral.gob.pe\\\/es\\\/noticias\\\/fiestas-patrias-en-caral\\\/\"]}]},{\"@type\":\"ImageObject\",\"inLanguage\":\"es-PE\",\"@id\":\"https:\\\/\\\/zonacaral.gob.pe\\\/es\\\/noticias\\\/fiestas-patrias-en-caral\\\/#primaryimage\",\"url\":\"https:\\\/\\\/zonacaral.gob.pe\\\/wp-content\\\/uploads\\\/2018\\\/07\\\/nota-fiestas-patrias2.jpg\",\"contentUrl\":\"https:\\\/\\\/zonacaral.gob.pe\\\/wp-content\\\/uploads\\\/2018\\\/07\\\/nota-fiestas-patrias2.jpg\",\"width\":803,\"height\":410},{\"@type\":\"BreadcrumbList\",\"@id\":\"https:\\\/\\\/zonacaral.gob.pe\\\/es\\\/noticias\\\/fiestas-patrias-en-caral\\\/#breadcrumb\",\"itemListElement\":[{\"@type\":\"ListItem\",\"position\":1,\"name\":\"Portada\",\"item\":\"https:\\\/\\\/zonacaral.gob.pe\\\/\"},{\"@type\":\"ListItem\",\"position\":2,\"name\":\"Fiestas Patrias en Caral\"}]},{\"@type\":\"WebSite\",\"@id\":\"https:\\\/\\\/zonacaral.gob.pe\\\/es\\\/#website\",\"url\":\"https:\\\/\\\/zonacaral.gob.pe\\\/es\\\/\",\"name\":\"Zona Caral\",\"description\":\"Investigamos, conservamos y difundimos el patrimonio cultural de la Civilizaci\u00f3n Caral, la m\u00e1s antigua de Am\u00e9rica.\",\"potentialAction\":[{\"@type\":\"SearchAction\",\"target\":{\"@type\":\"EntryPoint\",\"urlTemplate\":\"https:\\\/\\\/zonacaral.gob.pe\\\/es\\\/?s={search_term_string}\"},\"query-input\":{\"@type\":\"PropertyValueSpecification\",\"valueRequired\":true,\"valueName\":\"search_term_string\"}}],\"inLanguage\":\"es-PE\"},{\"@type\":\"Person\",\"@id\":\"https:\\\/\\\/zonacaral.gob.pe\\\/es\\\/#\\\/schema\\\/person\\\/beddb4d22f71a7230c5b90913270a0ee\",\"name\":\"Zona Caral Administrador\",\"image\":{\"@type\":\"ImageObject\",\"inLanguage\":\"es-PE\",\"@id\":\"https:\\\/\\\/secure.gravatar.com\\\/avatar\\\/e4be162918a696358376de6446614e0f0f4062bdc5d170d6d540ada3d8b58c12?s=96&d=mm&r=g\",\"url\":\"https:\\\/\\\/secure.gravatar.com\\\/avatar\\\/e4be162918a696358376de6446614e0f0f4062bdc5d170d6d540ada3d8b58c12?s=96&d=mm&r=g\",\"contentUrl\":\"https:\\\/\\\/secure.gravatar.com\\\/avatar\\\/e4be162918a696358376de6446614e0f0f4062bdc5d170d6d540ada3d8b58c12?s=96&d=mm&r=g\",\"caption\":\"Zona Caral Administrador\"},\"sameAs\":[\"https:\\\/\\\/zonacaral.gob.pe\"],\"url\":\"https:\\\/\\\/zonacaral.gob.pe\\\/es\\\/noticias\\\/author\\\/ad_zonacaral\\\/\"}]}<\/script>\n<!-- \/ Yoast SEO plugin. -->","yoast_head_json":{"title":"Fiestas Patrias en Caral","description":"Si\u00e9ntete orgulloso de ser peruano visitando nuestro Patrimonio Mundial, la civilizaci\u00f3n m\u00e1s antigua de Am\u00e9rica, Caral; ubicado al norte de Lima, a solo 4 horas de viaje.","robots":{"index":"index","follow":"follow","max-snippet":"max-snippet:-1","max-image-preview":"max-image-preview:large","max-video-preview":"max-video-preview:-1"},"canonical":"https:\/\/zonacaral.gob.pe\/es\/noticias\/fiestas-patrias-en-caral\/","og_locale":"es_ES","og_type":"article","og_title":"Fiestas Patrias en Caral","og_description":"Si\u00e9ntete orgulloso de ser peruano visitando nuestro Patrimonio Mundial, la civilizaci\u00f3n m\u00e1s antigua de Am\u00e9rica, Caral; ubicado al norte de Lima, a solo 4 horas de viaje.","og_url":"https:\/\/zonacaral.gob.pe\/es\/noticias\/fiestas-patrias-en-caral\/","og_site_name":"Zona Caral","article_published_time":"2018-07-17T19:44:12+00:00","og_image":[{"width":803,"height":410,"url":"https:\/\/zonacaral.gob.pe\/wp-content\/uploads\/2018\/07\/nota-fiestas-patrias2.jpg","type":"image\/jpeg"}],"author":"Zona Caral Administrador","twitter_card":"summary_large_image","twitter_misc":{"Written by":"Zona Caral Administrador","Est. reading time":"2 minutos"},"schema":{"@context":"https:\/\/schema.org","@graph":[{"@type":"Article","@id":"https:\/\/zonacaral.gob.pe\/es\/noticias\/fiestas-patrias-en-caral\/#article","isPartOf":{"@id":"https:\/\/zonacaral.gob.pe\/es\/noticias\/fiestas-patrias-en-caral\/"},"author":{"name":"Zona Caral Administrador","@id":"https:\/\/zonacaral.gob.pe\/es\/#\/schema\/person\/beddb4d22f71a7230c5b90913270a0ee"},"headline":"Fiestas Patrias en Caral","datePublished":"2018-07-17T19:44:12+00:00","mainEntityOfPage":{"@id":"https:\/\/zonacaral.gob.pe\/es\/noticias\/fiestas-patrias-en-caral\/"},"wordCount":339,"image":{"@id":"https:\/\/zonacaral.gob.pe\/es\/noticias\/fiestas-patrias-en-caral\/#primaryimage"},"thumbnailUrl":"https:\/\/zonacaral.gob.pe\/wp-content\/uploads\/2018\/07\/nota-fiestas-patrias2.jpg","keywords":["caral","fiestas","turismo"],"articleSection":["noticias"],"inLanguage":"es-PE"},{"@type":"WebPage","@id":"https:\/\/zonacaral.gob.pe\/es\/noticias\/fiestas-patrias-en-caral\/","url":"https:\/\/zonacaral.gob.pe\/es\/noticias\/fiestas-patrias-en-caral\/","name":"Fiestas Patrias en Caral","isPartOf":{"@id":"https:\/\/zonacaral.gob.pe\/es\/#website"},"primaryImageOfPage":{"@id":"https:\/\/zonacaral.gob.pe\/es\/noticias\/fiestas-patrias-en-caral\/#primaryimage"},"image":{"@id":"https:\/\/zonacaral.gob.pe\/es\/noticias\/fiestas-patrias-en-caral\/#primaryimage"},"thumbnailUrl":"https:\/\/zonacaral.gob.pe\/wp-content\/uploads\/2018\/07\/nota-fiestas-patrias2.jpg","datePublished":"2018-07-17T19:44:12+00:00","author":{"@id":"https:\/\/zonacaral.gob.pe\/es\/#\/schema\/person\/beddb4d22f71a7230c5b90913270a0ee"},"description":"Si\u00e9ntete orgulloso de ser peruano visitando nuestro Patrimonio Mundial, la civilizaci\u00f3n m\u00e1s antigua de Am\u00e9rica, Caral; ubicado al norte de Lima, a solo 4 horas de viaje.","breadcrumb":{"@id":"https:\/\/zonacaral.gob.pe\/es\/noticias\/fiestas-patrias-en-caral\/#breadcrumb"},"inLanguage":"es-PE","potentialAction":[{"@type":"ReadAction","target":["https:\/\/zonacaral.gob.pe\/es\/noticias\/fiestas-patrias-en-caral\/"]}]},{"@type":"ImageObject","inLanguage":"es-PE","@id":"https:\/\/zonacaral.gob.pe\/es\/noticias\/fiestas-patrias-en-caral\/#primaryimage","url":"https:\/\/zonacaral.gob.pe\/wp-content\/uploads\/2018\/07\/nota-fiestas-patrias2.jpg","contentUrl":"https:\/\/zonacaral.gob.pe\/wp-content\/uploads\/2018\/07\/nota-fiestas-patrias2.jpg","width":803,"height":410},{"@type":"BreadcrumbList","@id":"https:\/\/zonacaral.gob.pe\/es\/noticias\/fiestas-patrias-en-caral\/#breadcrumb","itemListElement":[{"@type":"ListItem","position":1,"name":"Portada","item":"https:\/\/zonacaral.gob.pe\/"},{"@type":"ListItem","position":2,"name":"Fiestas Patrias en Caral"}]},{"@type":"WebSite","@id":"https:\/\/zonacaral.gob.pe\/es\/#website","url":"https:\/\/zonacaral.gob.pe\/es\/","name":"Zona Caral","description":"Investigamos, conservamos y difundimos el patrimonio cultural de la Civilizaci\u00f3n Caral, la m\u00e1s antigua de Am\u00e9rica.","potentialAction":[{"@type":"SearchAction","target":{"@type":"EntryPoint","urlTemplate":"https:\/\/zonacaral.gob.pe\/es\/?s={search_term_string}"},"query-input":{"@type":"PropertyValueSpecification","valueRequired":true,"valueName":"search_term_string"}}],"inLanguage":"es-PE"},{"@type":"Person","@id":"https:\/\/zonacaral.gob.pe\/es\/#\/schema\/person\/beddb4d22f71a7230c5b90913270a0ee","name":"Zona Caral Administrador","image":{"@type":"ImageObject","inLanguage":"es-PE","@id":"https:\/\/secure.gravatar.com\/avatar\/e4be162918a696358376de6446614e0f0f4062bdc5d170d6d540ada3d8b58c12?s=96&d=mm&r=g","url":"https:\/\/secure.gravatar.com\/avatar\/e4be162918a696358376de6446614e0f0f4062bdc5d170d6d540ada3d8b58c12?s=96&d=mm&r=g","contentUrl":"https:\/\/secure.gravatar.com\/avatar\/e4be162918a696358376de6446614e0f0f4062bdc5d170d6d540ada3d8b58c12?s=96&d=mm&r=g","caption":"Zona Caral Administrador"},"sameAs":["https:\/\/zonacaral.gob.pe"],"url":"https:\/\/zonacaral.gob.pe\/es\/noticias\/author\/ad_zonacaral\/"}]}},"_links":{"self":[{"href":"https:\/\/zonacaral.gob.pe\/es\/wp-json\/wp\/v2\/posts\/12993","targetHints":{"allow":["GET"]}}],"collection":[{"href":"https:\/\/zonacaral.gob.pe\/es\/wp-json\/wp\/v2\/posts"}],"about":[{"href":"https:\/\/zonacaral.gob.pe\/es\/wp-json\/wp\/v2\/types\/post"}],"author":[{"embeddable":true,"href":"https:\/\/zonacaral.gob.pe\/es\/wp-json\/wp\/v2\/users\/1"}],"replies":[{"embeddable":true,"href":"https:\/\/zonacaral.gob.pe\/es\/wp-json\/wp\/v2\/comments?post=12993"}],"version-history":[{"count":0,"href":"https:\/\/zonacaral.gob.pe\/es\/wp-json\/wp\/v2\/posts\/12993\/revisions"}],"wp:featuredmedia":[{"embeddable":true,"href":"https:\/\/zonacaral.gob.pe\/es\/wp-json\/wp\/v2\/media\/12996"}],"wp:attachment":[{"href":"https:\/\/zonacaral.gob.pe\/es\/wp-json\/wp\/v2\/media?parent=12993"}],"wp:term":[{"taxonomy":"category","embeddable":true,"href":"https:\/\/zonacaral.gob.pe\/es\/wp-json\/wp\/v2\/categories?post=12993"},{"taxonomy":"post_tag","embeddable":true,"href":"https:\/\/zonacaral.gob.pe\/es\/wp-json\/wp\/v2\/tags?post=12993"}],"curies":[{"name":"wp","href":"https:\/\/api.w.org\/{rel}","templated":true}]}}