{"id":13090,"date":"2018-07-17T10:58:05","date_gmt":"2018-07-17T15:58:05","guid":{"rendered":"http:\/\/www.zonacaral.gob.pe\/?p=13090"},"modified":"2018-07-17T10:58:05","modified_gmt":"2018-07-17T15:58:05","slug":"proyecto-de-georadar-para-encontrar-el-cementerio-de-caral","status":"publish","type":"post","link":"https:\/\/zonacaral.gob.pe\/es\/noticias\/proyecto-de-georadar-para-encontrar-el-cementerio-de-caral\/","title":{"rendered":"Presentan Proyecto de Georadar para encontrar el Cementerio de Caral"},"content":{"rendered":"<figure class=\"pic-autor\" style=\"color: #4d4d4d; text-align: justify;\"><\/figure>\n<blockquote><p>Investigadores del INICTEL-UNI, la Zona Arqueol\u00f3gica de Caral y la Universidad de Oklahoma presentaron el proyecto de lo que ser\u00e1 el primer georadar, enteramente, construido en Per\u00fa.<\/p><\/blockquote>\n<p>El Instituto Nacional de Investigaci\u00f3n y Capacitaci\u00f3n de Telecomunicaciones de la Universidad Nacional de Ingenier\u00eda (INICTEL-UNI) se encuentra desarrollando un georadar que ser\u00eda uno de los primeros en ser construido en su totalidad en el Per\u00fa, en conjunto con la Zona Arqueol\u00f3gica de Caral (ZAC) y la Centro de Investigaci\u00f3n de Radares Avanzados de la Universidad de Oklahoma (ARRC).<\/p>\n<p>La finalidad de este proyecto financiado por Cienciactiva del Concytec, presentado durante el Taller de Lanzamiento realizado la semana pasada en INICTEL-UNI, es brindar la construcci\u00f3n integra de un georadar en el Per\u00fa, que generar\u00e1 un precedente en el desarrollo de este tipo de dispositivos, que normalmente se compran del extranjero a un costo elevado y est\u00e1n sujetos a las condiciones del fabricante.<\/p>\n<p>As\u00edmismo, servir\u00e1 para buscar el cementerio perdido de la Ciudad Sagrada de Caral, pues hasta la fecha no hubo \u00e9xito con otras pruebas ya realizadas en el mismo sitio arqueol\u00f3gico. Esto nos permitir\u00e1 conocer m\u00e1s sobre la civilizaci\u00f3n m\u00e1s antigua de Am\u00e9rica. Hallar el cementerio ser\u00e1 una gran haza\u00f1a hist\u00f3rica para nuestro pa\u00eds.<\/p>\n<p>Esta investigaci\u00f3n posee cuatro componentes principales: la creaci\u00f3n del hardware del radar, que servir\u00e1 como primer paso para posteriores desarrollos de radares; la modelizaci\u00f3n electromagn\u00e9tica de las ondas reflejadas en un terrero complejo como la zona arqueol\u00f3gica de Caral. El tercero es el procesamiento de las se\u00f1ales obtenidas para generar un patr\u00f3n georreferenciado que se correlacionar\u00e1 con la presencia de objetos de diferentes formas en el subsuelo; y el cuarto es el trabajo de campo y la recolecci\u00f3n de datos.<\/p>\n<p>Participaron del taller de lanzamiento: Ing. Jos\u00e9 Oliden Mart\u00ednez, Director Ejecutivo del INICTEL-UNI; Dra. Ruth Shady Sol\u00eds, Directora de la Zona Arqueol\u00f3gica de Caral; Dr. Mark Clemente Arenas del INICTEL-UNI e investigador principal del proyecto; Lic. David Palomino Olivos del ZAC, co-investigador del proyecto; y Dr. Jorge Salazar Cerre\u00f1o del ARRC, tambi\u00e9n co-investigador del proyecto.<\/p>\n<p style=\"text-align: justify;\"><span style=\"color: #993300;\"><strong>Fuente<\/strong><strong>: Prensa ZAC<\/strong><\/span><\/p>\n<div style=\"color: #1f1f1f;\">\n<p style=\"text-align: justify;\">Fecha de publicaci\u00f3n: 17\/07\/2018<\/p>\n<\/div>\n","protected":false},"excerpt":{"rendered":"<p>Investigadores del INICTEL-UNI, la Zona Arqueol\u00f3gica de Caral y la Universidad de Oklahoma presentaron el proyecto de lo que ser\u00e1 [&hellip;]<\/p>\n","protected":false},"author":1,"featured_media":13091,"comment_status":"closed","ping_status":"open","sticky":false,"template":"","format":"standard","meta":{"_acf_changed":false,"site-sidebar-layout":"default","site-content-layout":"","ast-site-content-layout":"default","site-content-style":"default","site-sidebar-style":"default","ast-global-header-display":"","ast-banner-title-visibility":"","ast-main-header-display":"","ast-hfb-above-header-display":"","ast-hfb-below-header-display":"","ast-hfb-mobile-header-display":"","site-post-title":"","ast-breadcrumbs-content":"","ast-featured-img":"","footer-sml-layout":"","ast-disable-related-posts":"","theme-transparent-header-meta":"","adv-header-id-meta":"","stick-header-meta":"","header-above-stick-meta":"","header-main-stick-meta":"","header-below-stick-meta":"","astra-migrate-meta-layouts":"default","ast-page-background-enabled":"default","ast-page-background-meta":{"desktop":{"background-color":"var(--ast-global-color-5)","background-image":"","background-repeat":"repeat","background-position":"center center","background-size":"auto","background-attachment":"scroll","background-type":"","background-media":"","overlay-type":"","overlay-color":"","overlay-opacity":"","overlay-gradient":""},"tablet":{"background-color":"","background-image":"","background-repeat":"repeat","background-position":"center center","background-size":"auto","background-attachment":"scroll","background-type":"","background-media":"","overlay-type":"","overlay-color":"","overlay-opacity":"","overlay-gradient":""},"mobile":{"background-color":"","background-image":"","background-repeat":"repeat","background-position":"center center","background-size":"auto","background-attachment":"scroll","background-type":"","background-media":"","overlay-type":"","overlay-color":"","overlay-opacity":"","overlay-gradient":""}},"ast-content-background-meta":{"desktop":{"background-color":"var(--ast-global-color-4)","background-image":"","background-repeat":"repeat","background-position":"center center","background-size":"auto","background-attachment":"scroll","background-type":"","background-media":"","overlay-type":"","overlay-color":"","overlay-opacity":"","overlay-gradient":""},"tablet":{"background-color":"var(--ast-global-color-4)","background-image":"","background-repeat":"repeat","background-position":"center center","background-size":"auto","background-attachment":"scroll","background-type":"","background-media":"","overlay-type":"","overlay-color":"","overlay-opacity":"","overlay-gradient":""},"mobile":{"background-color":"var(--ast-global-color-4)","background-image":"","background-repeat":"repeat","background-position":"center center","background-size":"auto","background-attachment":"scroll","background-type":"","background-media":"","overlay-type":"","overlay-color":"","overlay-opacity":"","overlay-gradient":""}},"footnotes":""},"categories":[208],"tags":[55,170],"class_list":["post-13090","post","type-post","status-publish","format-standard","has-post-thumbnail","hentry","category-noticias","tag-caral","tag-georadar"],"acf":[],"yoast_head":"<!-- This site is optimized with the Yoast SEO plugin v27.3 - https:\/\/yoast.com\/product\/yoast-seo-wordpress\/ -->\n<title>Proyecto de Georadar para encontrar el Cementerio de Caral<\/title>\n<meta name=\"description\" content=\"Investigadores del INICTEL-UNI, la Zona Arqueol\u00f3gica de Caral y la Universidad de Oklahoma presentaron el proyecto de lo que ser\u00e1 el primer georadar, enteramente, construido en Per\u00fa.\" \/>\n<meta name=\"robots\" content=\"index, follow, max-snippet:-1, max-image-preview:large, max-video-preview:-1\" \/>\n<link rel=\"canonical\" href=\"https:\/\/zonacaral.gob.pe\/es\/noticias\/proyecto-de-georadar-para-encontrar-el-cementerio-de-caral\/\" \/>\n<meta property=\"og:locale\" content=\"es_ES\" \/>\n<meta property=\"og:type\" content=\"article\" \/>\n<meta property=\"og:title\" content=\"Proyecto de Georadar para encontrar el Cementerio de Caral\" \/>\n<meta property=\"og:description\" content=\"Investigadores del INICTEL-UNI, la Zona Arqueol\u00f3gica de Caral y la Universidad de Oklahoma presentaron el proyecto de lo que ser\u00e1 el primer georadar, enteramente, construido en Per\u00fa.\" \/>\n<meta property=\"og:url\" content=\"https:\/\/zonacaral.gob.pe\/es\/noticias\/proyecto-de-georadar-para-encontrar-el-cementerio-de-caral\/\" \/>\n<meta property=\"og:site_name\" content=\"Zona Caral\" \/>\n<meta property=\"article:published_time\" content=\"2018-07-17T15:58:05+00:00\" \/>\n<meta property=\"og:image\" content=\"https:\/\/zonacaral.gob.pe\/wp-content\/uploads\/2018\/07\/proyecto-cementerio-caral.jpg\" \/>\n\t<meta property=\"og:image:width\" content=\"900\" \/>\n\t<meta property=\"og:image:height\" content=\"700\" \/>\n\t<meta property=\"og:image:type\" content=\"image\/jpeg\" \/>\n<meta name=\"author\" content=\"Zona Caral Administrador\" \/>\n<meta name=\"twitter:card\" content=\"summary_large_image\" \/>\n<meta name=\"twitter:label1\" content=\"Written by\" \/>\n\t<meta name=\"twitter:data1\" content=\"Zona Caral Administrador\" \/>\n\t<meta name=\"twitter:label2\" content=\"Est. reading time\" \/>\n\t<meta name=\"twitter:data2\" content=\"2 minutos\" \/>\n<script type=\"application\/ld+json\" class=\"yoast-schema-graph\">{\"@context\":\"https:\\\/\\\/schema.org\",\"@graph\":[{\"@type\":\"Article\",\"@id\":\"https:\\\/\\\/zonacaral.gob.pe\\\/es\\\/noticias\\\/proyecto-de-georadar-para-encontrar-el-cementerio-de-caral\\\/#article\",\"isPartOf\":{\"@id\":\"https:\\\/\\\/zonacaral.gob.pe\\\/es\\\/noticias\\\/proyecto-de-georadar-para-encontrar-el-cementerio-de-caral\\\/\"},\"author\":{\"name\":\"Zona Caral Administrador\",\"@id\":\"https:\\\/\\\/zonacaral.gob.pe\\\/es\\\/#\\\/schema\\\/person\\\/beddb4d22f71a7230c5b90913270a0ee\"},\"headline\":\"Presentan Proyecto de Georadar para encontrar el Cementerio de Caral\",\"datePublished\":\"2018-07-17T15:58:05+00:00\",\"mainEntityOfPage\":{\"@id\":\"https:\\\/\\\/zonacaral.gob.pe\\\/es\\\/noticias\\\/proyecto-de-georadar-para-encontrar-el-cementerio-de-caral\\\/\"},\"wordCount\":385,\"image\":{\"@id\":\"https:\\\/\\\/zonacaral.gob.pe\\\/es\\\/noticias\\\/proyecto-de-georadar-para-encontrar-el-cementerio-de-caral\\\/#primaryimage\"},\"thumbnailUrl\":\"https:\\\/\\\/zonacaral.gob.pe\\\/wp-content\\\/uploads\\\/2018\\\/07\\\/proyecto-cementerio-caral.jpg\",\"keywords\":[\"caral\",\"georadar\"],\"articleSection\":[\"noticias\"],\"inLanguage\":\"es-PE\"},{\"@type\":\"WebPage\",\"@id\":\"https:\\\/\\\/zonacaral.gob.pe\\\/es\\\/noticias\\\/proyecto-de-georadar-para-encontrar-el-cementerio-de-caral\\\/\",\"url\":\"https:\\\/\\\/zonacaral.gob.pe\\\/es\\\/noticias\\\/proyecto-de-georadar-para-encontrar-el-cementerio-de-caral\\\/\",\"name\":\"Proyecto de Georadar para encontrar el Cementerio de Caral\",\"isPartOf\":{\"@id\":\"https:\\\/\\\/zonacaral.gob.pe\\\/es\\\/#website\"},\"primaryImageOfPage\":{\"@id\":\"https:\\\/\\\/zonacaral.gob.pe\\\/es\\\/noticias\\\/proyecto-de-georadar-para-encontrar-el-cementerio-de-caral\\\/#primaryimage\"},\"image\":{\"@id\":\"https:\\\/\\\/zonacaral.gob.pe\\\/es\\\/noticias\\\/proyecto-de-georadar-para-encontrar-el-cementerio-de-caral\\\/#primaryimage\"},\"thumbnailUrl\":\"https:\\\/\\\/zonacaral.gob.pe\\\/wp-content\\\/uploads\\\/2018\\\/07\\\/proyecto-cementerio-caral.jpg\",\"datePublished\":\"2018-07-17T15:58:05+00:00\",\"author\":{\"@id\":\"https:\\\/\\\/zonacaral.gob.pe\\\/es\\\/#\\\/schema\\\/person\\\/beddb4d22f71a7230c5b90913270a0ee\"},\"description\":\"Investigadores del INICTEL-UNI, la Zona Arqueol\u00f3gica de Caral y la Universidad de Oklahoma presentaron el proyecto de lo que ser\u00e1 el primer georadar, enteramente, construido en Per\u00fa.\",\"breadcrumb\":{\"@id\":\"https:\\\/\\\/zonacaral.gob.pe\\\/es\\\/noticias\\\/proyecto-de-georadar-para-encontrar-el-cementerio-de-caral\\\/#breadcrumb\"},\"inLanguage\":\"es-PE\",\"potentialAction\":[{\"@type\":\"ReadAction\",\"target\":[\"https:\\\/\\\/zonacaral.gob.pe\\\/es\\\/noticias\\\/proyecto-de-georadar-para-encontrar-el-cementerio-de-caral\\\/\"]}]},{\"@type\":\"ImageObject\",\"inLanguage\":\"es-PE\",\"@id\":\"https:\\\/\\\/zonacaral.gob.pe\\\/es\\\/noticias\\\/proyecto-de-georadar-para-encontrar-el-cementerio-de-caral\\\/#primaryimage\",\"url\":\"https:\\\/\\\/zonacaral.gob.pe\\\/wp-content\\\/uploads\\\/2018\\\/07\\\/proyecto-cementerio-caral.jpg\",\"contentUrl\":\"https:\\\/\\\/zonacaral.gob.pe\\\/wp-content\\\/uploads\\\/2018\\\/07\\\/proyecto-cementerio-caral.jpg\",\"width\":900,\"height\":700},{\"@type\":\"BreadcrumbList\",\"@id\":\"https:\\\/\\\/zonacaral.gob.pe\\\/es\\\/noticias\\\/proyecto-de-georadar-para-encontrar-el-cementerio-de-caral\\\/#breadcrumb\",\"itemListElement\":[{\"@type\":\"ListItem\",\"position\":1,\"name\":\"Portada\",\"item\":\"https:\\\/\\\/zonacaral.gob.pe\\\/\"},{\"@type\":\"ListItem\",\"position\":2,\"name\":\"Presentan Proyecto de Georadar para encontrar el Cementerio de Caral\"}]},{\"@type\":\"WebSite\",\"@id\":\"https:\\\/\\\/zonacaral.gob.pe\\\/es\\\/#website\",\"url\":\"https:\\\/\\\/zonacaral.gob.pe\\\/es\\\/\",\"name\":\"Zona Caral\",\"description\":\"Investigamos, conservamos y difundimos el patrimonio cultural de la Civilizaci\u00f3n Caral, la m\u00e1s antigua de Am\u00e9rica.\",\"potentialAction\":[{\"@type\":\"SearchAction\",\"target\":{\"@type\":\"EntryPoint\",\"urlTemplate\":\"https:\\\/\\\/zonacaral.gob.pe\\\/es\\\/?s={search_term_string}\"},\"query-input\":{\"@type\":\"PropertyValueSpecification\",\"valueRequired\":true,\"valueName\":\"search_term_string\"}}],\"inLanguage\":\"es-PE\"},{\"@type\":\"Person\",\"@id\":\"https:\\\/\\\/zonacaral.gob.pe\\\/es\\\/#\\\/schema\\\/person\\\/beddb4d22f71a7230c5b90913270a0ee\",\"name\":\"Zona Caral Administrador\",\"image\":{\"@type\":\"ImageObject\",\"inLanguage\":\"es-PE\",\"@id\":\"https:\\\/\\\/secure.gravatar.com\\\/avatar\\\/e4be162918a696358376de6446614e0f0f4062bdc5d170d6d540ada3d8b58c12?s=96&d=mm&r=g\",\"url\":\"https:\\\/\\\/secure.gravatar.com\\\/avatar\\\/e4be162918a696358376de6446614e0f0f4062bdc5d170d6d540ada3d8b58c12?s=96&d=mm&r=g\",\"contentUrl\":\"https:\\\/\\\/secure.gravatar.com\\\/avatar\\\/e4be162918a696358376de6446614e0f0f4062bdc5d170d6d540ada3d8b58c12?s=96&d=mm&r=g\",\"caption\":\"Zona Caral Administrador\"},\"sameAs\":[\"https:\\\/\\\/zonacaral.gob.pe\"],\"url\":\"https:\\\/\\\/zonacaral.gob.pe\\\/es\\\/noticias\\\/author\\\/ad_zonacaral\\\/\"}]}<\/script>\n<!-- \/ Yoast SEO plugin. -->","yoast_head_json":{"title":"Proyecto de Georadar para encontrar el Cementerio de Caral","description":"Investigadores del INICTEL-UNI, la Zona Arqueol\u00f3gica de Caral y la Universidad de Oklahoma presentaron el proyecto de lo que ser\u00e1 el primer georadar, enteramente, construido en Per\u00fa.","robots":{"index":"index","follow":"follow","max-snippet":"max-snippet:-1","max-image-preview":"max-image-preview:large","max-video-preview":"max-video-preview:-1"},"canonical":"https:\/\/zonacaral.gob.pe\/es\/noticias\/proyecto-de-georadar-para-encontrar-el-cementerio-de-caral\/","og_locale":"es_ES","og_type":"article","og_title":"Proyecto de Georadar para encontrar el Cementerio de Caral","og_description":"Investigadores del INICTEL-UNI, la Zona Arqueol\u00f3gica de Caral y la Universidad de Oklahoma presentaron el proyecto de lo que ser\u00e1 el primer georadar, enteramente, construido en Per\u00fa.","og_url":"https:\/\/zonacaral.gob.pe\/es\/noticias\/proyecto-de-georadar-para-encontrar-el-cementerio-de-caral\/","og_site_name":"Zona Caral","article_published_time":"2018-07-17T15:58:05+00:00","og_image":[{"width":900,"height":700,"url":"https:\/\/zonacaral.gob.pe\/wp-content\/uploads\/2018\/07\/proyecto-cementerio-caral.jpg","type":"image\/jpeg"}],"author":"Zona Caral Administrador","twitter_card":"summary_large_image","twitter_misc":{"Written by":"Zona Caral Administrador","Est. reading time":"2 minutos"},"schema":{"@context":"https:\/\/schema.org","@graph":[{"@type":"Article","@id":"https:\/\/zonacaral.gob.pe\/es\/noticias\/proyecto-de-georadar-para-encontrar-el-cementerio-de-caral\/#article","isPartOf":{"@id":"https:\/\/zonacaral.gob.pe\/es\/noticias\/proyecto-de-georadar-para-encontrar-el-cementerio-de-caral\/"},"author":{"name":"Zona Caral Administrador","@id":"https:\/\/zonacaral.gob.pe\/es\/#\/schema\/person\/beddb4d22f71a7230c5b90913270a0ee"},"headline":"Presentan Proyecto de Georadar para encontrar el Cementerio de Caral","datePublished":"2018-07-17T15:58:05+00:00","mainEntityOfPage":{"@id":"https:\/\/zonacaral.gob.pe\/es\/noticias\/proyecto-de-georadar-para-encontrar-el-cementerio-de-caral\/"},"wordCount":385,"image":{"@id":"https:\/\/zonacaral.gob.pe\/es\/noticias\/proyecto-de-georadar-para-encontrar-el-cementerio-de-caral\/#primaryimage"},"thumbnailUrl":"https:\/\/zonacaral.gob.pe\/wp-content\/uploads\/2018\/07\/proyecto-cementerio-caral.jpg","keywords":["caral","georadar"],"articleSection":["noticias"],"inLanguage":"es-PE"},{"@type":"WebPage","@id":"https:\/\/zonacaral.gob.pe\/es\/noticias\/proyecto-de-georadar-para-encontrar-el-cementerio-de-caral\/","url":"https:\/\/zonacaral.gob.pe\/es\/noticias\/proyecto-de-georadar-para-encontrar-el-cementerio-de-caral\/","name":"Proyecto de Georadar para encontrar el Cementerio de Caral","isPartOf":{"@id":"https:\/\/zonacaral.gob.pe\/es\/#website"},"primaryImageOfPage":{"@id":"https:\/\/zonacaral.gob.pe\/es\/noticias\/proyecto-de-georadar-para-encontrar-el-cementerio-de-caral\/#primaryimage"},"image":{"@id":"https:\/\/zonacaral.gob.pe\/es\/noticias\/proyecto-de-georadar-para-encontrar-el-cementerio-de-caral\/#primaryimage"},"thumbnailUrl":"https:\/\/zonacaral.gob.pe\/wp-content\/uploads\/2018\/07\/proyecto-cementerio-caral.jpg","datePublished":"2018-07-17T15:58:05+00:00","author":{"@id":"https:\/\/zonacaral.gob.pe\/es\/#\/schema\/person\/beddb4d22f71a7230c5b90913270a0ee"},"description":"Investigadores del INICTEL-UNI, la Zona Arqueol\u00f3gica de Caral y la Universidad de Oklahoma presentaron el proyecto de lo que ser\u00e1 el primer georadar, enteramente, construido en Per\u00fa.","breadcrumb":{"@id":"https:\/\/zonacaral.gob.pe\/es\/noticias\/proyecto-de-georadar-para-encontrar-el-cementerio-de-caral\/#breadcrumb"},"inLanguage":"es-PE","potentialAction":[{"@type":"ReadAction","target":["https:\/\/zonacaral.gob.pe\/es\/noticias\/proyecto-de-georadar-para-encontrar-el-cementerio-de-caral\/"]}]},{"@type":"ImageObject","inLanguage":"es-PE","@id":"https:\/\/zonacaral.gob.pe\/es\/noticias\/proyecto-de-georadar-para-encontrar-el-cementerio-de-caral\/#primaryimage","url":"https:\/\/zonacaral.gob.pe\/wp-content\/uploads\/2018\/07\/proyecto-cementerio-caral.jpg","contentUrl":"https:\/\/zonacaral.gob.pe\/wp-content\/uploads\/2018\/07\/proyecto-cementerio-caral.jpg","width":900,"height":700},{"@type":"BreadcrumbList","@id":"https:\/\/zonacaral.gob.pe\/es\/noticias\/proyecto-de-georadar-para-encontrar-el-cementerio-de-caral\/#breadcrumb","itemListElement":[{"@type":"ListItem","position":1,"name":"Portada","item":"https:\/\/zonacaral.gob.pe\/"},{"@type":"ListItem","position":2,"name":"Presentan Proyecto de Georadar para encontrar el Cementerio de Caral"}]},{"@type":"WebSite","@id":"https:\/\/zonacaral.gob.pe\/es\/#website","url":"https:\/\/zonacaral.gob.pe\/es\/","name":"Zona Caral","description":"Investigamos, conservamos y difundimos el patrimonio cultural de la Civilizaci\u00f3n Caral, la m\u00e1s antigua de Am\u00e9rica.","potentialAction":[{"@type":"SearchAction","target":{"@type":"EntryPoint","urlTemplate":"https:\/\/zonacaral.gob.pe\/es\/?s={search_term_string}"},"query-input":{"@type":"PropertyValueSpecification","valueRequired":true,"valueName":"search_term_string"}}],"inLanguage":"es-PE"},{"@type":"Person","@id":"https:\/\/zonacaral.gob.pe\/es\/#\/schema\/person\/beddb4d22f71a7230c5b90913270a0ee","name":"Zona Caral Administrador","image":{"@type":"ImageObject","inLanguage":"es-PE","@id":"https:\/\/secure.gravatar.com\/avatar\/e4be162918a696358376de6446614e0f0f4062bdc5d170d6d540ada3d8b58c12?s=96&d=mm&r=g","url":"https:\/\/secure.gravatar.com\/avatar\/e4be162918a696358376de6446614e0f0f4062bdc5d170d6d540ada3d8b58c12?s=96&d=mm&r=g","contentUrl":"https:\/\/secure.gravatar.com\/avatar\/e4be162918a696358376de6446614e0f0f4062bdc5d170d6d540ada3d8b58c12?s=96&d=mm&r=g","caption":"Zona Caral Administrador"},"sameAs":["https:\/\/zonacaral.gob.pe"],"url":"https:\/\/zonacaral.gob.pe\/es\/noticias\/author\/ad_zonacaral\/"}]}},"_links":{"self":[{"href":"https:\/\/zonacaral.gob.pe\/es\/wp-json\/wp\/v2\/posts\/13090","targetHints":{"allow":["GET"]}}],"collection":[{"href":"https:\/\/zonacaral.gob.pe\/es\/wp-json\/wp\/v2\/posts"}],"about":[{"href":"https:\/\/zonacaral.gob.pe\/es\/wp-json\/wp\/v2\/types\/post"}],"author":[{"embeddable":true,"href":"https:\/\/zonacaral.gob.pe\/es\/wp-json\/wp\/v2\/users\/1"}],"replies":[{"embeddable":true,"href":"https:\/\/zonacaral.gob.pe\/es\/wp-json\/wp\/v2\/comments?post=13090"}],"version-history":[{"count":0,"href":"https:\/\/zonacaral.gob.pe\/es\/wp-json\/wp\/v2\/posts\/13090\/revisions"}],"wp:featuredmedia":[{"embeddable":true,"href":"https:\/\/zonacaral.gob.pe\/es\/wp-json\/wp\/v2\/media\/13091"}],"wp:attachment":[{"href":"https:\/\/zonacaral.gob.pe\/es\/wp-json\/wp\/v2\/media?parent=13090"}],"wp:term":[{"taxonomy":"category","embeddable":true,"href":"https:\/\/zonacaral.gob.pe\/es\/wp-json\/wp\/v2\/categories?post=13090"},{"taxonomy":"post_tag","embeddable":true,"href":"https:\/\/zonacaral.gob.pe\/es\/wp-json\/wp\/v2\/tags?post=13090"}],"curies":[{"name":"wp","href":"https:\/\/api.w.org\/{rel}","templated":true}]}}