{"id":13128,"date":"2018-07-31T10:58:20","date_gmt":"2018-07-31T15:58:20","guid":{"rendered":"http:\/\/www.zonacaral.gob.pe\/?p=13128"},"modified":"2018-07-31T10:58:20","modified_gmt":"2018-07-31T15:58:20","slug":"ruth-shady-participo-en-taller-para-la-conservacion-de-cultura-chinchorro-en-chile","status":"publish","type":"post","link":"https:\/\/zonacaral.gob.pe\/es\/noticias\/ruth-shady-participo-en-taller-para-la-conservacion-de-cultura-chinchorro-en-chile\/","title":{"rendered":"Dra. Ruth Shady particip\u00f3 en taller para la Conservaci\u00f3n de Cultura Chinchorro en Chile"},"content":{"rendered":"<figure class=\"pic-autor\" style=\"color: #4d4d4d; text-align: justify;\"><\/figure>\n<blockquote><p>CON MIRAS A INSCRIBIRLO EN LA LISTA DE PATRIMONIO MUNDIAL DE LA UNESCO<\/p><\/blockquote>\n<p>La Dra. Ruth Shady, directora de la Zona Arqueol\u00f3gica Caral, particip\u00f3, de 25 al 27 de julio, en el \u201cTaller Internacional de Conservaci\u00f3n: Lineamientos para la Conservaci\u00f3n del Asentamiento Arqueol\u00f3gico de la Cultura Chinchorro\u201d, desarrollado en Arica, Chile.<\/p>\n<p>En la actividad, organizada por el Plan de Gesti\u00f3n y Protecci\u00f3n de Sitios Chinchorro de la Universidad de Tarapac\u00e1 (UTA), tambi\u00e9n intervinieron otros expertos en \u00e1reas de patrimonio mundial, gesti\u00f3n y conservaci\u00f3n de sitios arqueol\u00f3gicos, conservaci\u00f3n participativa, riesgos y amenazas y geoarqueolog\u00eda.<\/p>\n<p>El taller tuvo como prop\u00f3sito analizar, desde un punto de vista te\u00f3rico y metodol\u00f3gico, las condicionantes para la preservaci\u00f3n y la conservaci\u00f3n de estos bienes culturales, de forma de concluir en un cuerpo de lineamientos de acuerdo con las directrices y recomendaciones internacionales emanadas por Unesco y sus \u00f3rganos evaluadores para postular a Chinchorro como Patrimonio Mundial chileno.<\/p>\n<p>Adem\u00e1s de participar en este taller, la Dra. Shady Sol\u00eds expuso el s\u00e1bado 28 sobre la Gesti\u00f3n del Recurso Cultural de la Civilizaci\u00f3n Caral, para promover el desarrollo social organizada por Corporaci\u00f3n Municipal Chinchorro.<\/p>\n<p><strong>Datos<\/strong><\/p>\n<p>La cultura Chinchorro est\u00e1 asentada a lo largo de la costa norte de Chile, cuya singularidad radica en que concentran la mayor cantidad de sitios arqueol\u00f3gicos Chinchorro, los que se han conservado por m\u00e1s de 7,000 a\u00f1os.<\/p>\n<p>Se resalta la participaci\u00f3n de la Dra. Ruth Shady, pues tras un arduo trabajo consigui\u00f3 inscribir en la lista de Patrimonio Mundial a Caral, la Civilizaci\u00f3n m\u00e1s antigua de Am\u00e9rica (en 2009), ubicado en la zona norcentral del Per\u00fa, exactamente en el valle de Supe.<\/p>\n<p><img fetchpriority=\"high\" decoding=\"async\" class=\"alignnone wp-image-13130\" src=\"http:\/\/www.zonacaral.gob.pe\/wp-content\/uploads\/2018\/07\/dra-chinchirro-arica1.jpg\" alt=\"dra chinchirro arica1\" width=\"700\" height=\"544\" srcset=\"https:\/\/zonacaral.gob.pe\/wp-content\/uploads\/2018\/07\/dra-chinchirro-arica1.jpg 900w, https:\/\/zonacaral.gob.pe\/wp-content\/uploads\/2018\/07\/dra-chinchirro-arica1-300x233.jpg 300w, https:\/\/zonacaral.gob.pe\/wp-content\/uploads\/2018\/07\/dra-chinchirro-arica1-768x597.jpg 768w, https:\/\/zonacaral.gob.pe\/wp-content\/uploads\/2018\/07\/dra-chinchirro-arica1-15x12.jpg 15w, https:\/\/zonacaral.gob.pe\/wp-content\/uploads\/2018\/07\/dra-chinchirro-arica1-600x467.jpg 600w\" sizes=\"(max-width: 700px) 100vw, 700px\" \/><\/p>\n<p style=\"text-align: justify;\"><span style=\"color: #993300;\"><strong>Fuente<\/strong><strong>: Prensa ZAC<\/strong><\/span><\/p>\n<div style=\"color: #1f1f1f;\">\n<p style=\"text-align: justify;\">Fecha de publicaci\u00f3n: 31\/07\/2018<\/p>\n<\/div>\n","protected":false},"excerpt":{"rendered":"<p>CON MIRAS A INSCRIBIRLO EN LA LISTA DE PATRIMONIO MUNDIAL DE LA UNESCO La Dra. Ruth Shady, directora de la [&hellip;]<\/p>\n","protected":false},"author":1,"featured_media":13129,"comment_status":"closed","ping_status":"open","sticky":false,"template":"","format":"standard","meta":{"_acf_changed":false,"site-sidebar-layout":"default","site-content-layout":"","ast-site-content-layout":"default","site-content-style":"default","site-sidebar-style":"default","ast-global-header-display":"","ast-banner-title-visibility":"","ast-main-header-display":"","ast-hfb-above-header-display":"","ast-hfb-below-header-display":"","ast-hfb-mobile-header-display":"","site-post-title":"","ast-breadcrumbs-content":"","ast-featured-img":"","footer-sml-layout":"","ast-disable-related-posts":"","theme-transparent-header-meta":"","adv-header-id-meta":"","stick-header-meta":"","header-above-stick-meta":"","header-main-stick-meta":"","header-below-stick-meta":"","astra-migrate-meta-layouts":"default","ast-page-background-enabled":"default","ast-page-background-meta":{"desktop":{"background-color":"var(--ast-global-color-5)","background-image":"","background-repeat":"repeat","background-position":"center center","background-size":"auto","background-attachment":"scroll","background-type":"","background-media":"","overlay-type":"","overlay-color":"","overlay-opacity":"","overlay-gradient":""},"tablet":{"background-color":"","background-image":"","background-repeat":"repeat","background-position":"center center","background-size":"auto","background-attachment":"scroll","background-type":"","background-media":"","overlay-type":"","overlay-color":"","overlay-opacity":"","overlay-gradient":""},"mobile":{"background-color":"","background-image":"","background-repeat":"repeat","background-position":"center center","background-size":"auto","background-attachment":"scroll","background-type":"","background-media":"","overlay-type":"","overlay-color":"","overlay-opacity":"","overlay-gradient":""}},"ast-content-background-meta":{"desktop":{"background-color":"var(--ast-global-color-4)","background-image":"","background-repeat":"repeat","background-position":"center center","background-size":"auto","background-attachment":"scroll","background-type":"","background-media":"","overlay-type":"","overlay-color":"","overlay-opacity":"","overlay-gradient":""},"tablet":{"background-color":"var(--ast-global-color-4)","background-image":"","background-repeat":"repeat","background-position":"center center","background-size":"auto","background-attachment":"scroll","background-type":"","background-media":"","overlay-type":"","overlay-color":"","overlay-opacity":"","overlay-gradient":""},"mobile":{"background-color":"var(--ast-global-color-4)","background-image":"","background-repeat":"repeat","background-position":"center center","background-size":"auto","background-attachment":"scroll","background-type":"","background-media":"","overlay-type":"","overlay-color":"","overlay-opacity":"","overlay-gradient":""}},"footnotes":""},"categories":[208],"tags":[55,162],"class_list":["post-13128","post","type-post","status-publish","format-standard","has-post-thumbnail","hentry","category-noticias","tag-caral","tag-libro-valores"],"acf":[],"yoast_head":"<!-- This site is optimized with the Yoast SEO plugin v27.3 - https:\/\/yoast.com\/product\/yoast-seo-wordpress\/ -->\n<title>Ruth Shady particip\u00f3 en taller para la Conservaci\u00f3n de Cultura Chinchorro en Chile<\/title>\n<meta name=\"description\" content=\"Con miras a inscribirlo en la lista de Patrimonio Mundial de la UNESCO.\" \/>\n<meta name=\"robots\" content=\"index, follow, max-snippet:-1, max-image-preview:large, max-video-preview:-1\" \/>\n<link rel=\"canonical\" href=\"https:\/\/zonacaral.gob.pe\/es\/noticias\/ruth-shady-participo-en-taller-para-la-conservacion-de-cultura-chinchorro-en-chile\/\" \/>\n<meta property=\"og:locale\" content=\"es_ES\" \/>\n<meta property=\"og:type\" content=\"article\" \/>\n<meta property=\"og:title\" content=\"Ruth Shady particip\u00f3 en taller para la Conservaci\u00f3n de Cultura Chinchorro en Chile\" \/>\n<meta property=\"og:description\" content=\"Con miras a inscribirlo en la lista de Patrimonio Mundial de la UNESCO.\" \/>\n<meta property=\"og:url\" content=\"https:\/\/zonacaral.gob.pe\/es\/noticias\/ruth-shady-participo-en-taller-para-la-conservacion-de-cultura-chinchorro-en-chile\/\" \/>\n<meta property=\"og:site_name\" content=\"Zona Caral\" \/>\n<meta property=\"article:published_time\" content=\"2018-07-31T15:58:20+00:00\" \/>\n<meta property=\"og:image\" content=\"https:\/\/zonacaral.gob.pe\/wp-content\/uploads\/2018\/07\/dra-chinchirro-arica2.jpg\" \/>\n\t<meta property=\"og:image:width\" content=\"900\" \/>\n\t<meta property=\"og:image:height\" content=\"700\" \/>\n\t<meta property=\"og:image:type\" content=\"image\/jpeg\" \/>\n<meta name=\"author\" content=\"Zona Caral Administrador\" \/>\n<meta name=\"twitter:card\" content=\"summary_large_image\" \/>\n<meta name=\"twitter:label1\" content=\"Written by\" \/>\n\t<meta name=\"twitter:data1\" content=\"Zona Caral Administrador\" \/>\n\t<meta name=\"twitter:label2\" content=\"Est. reading time\" \/>\n\t<meta name=\"twitter:data2\" content=\"2 minutos\" \/>\n<script type=\"application\/ld+json\" class=\"yoast-schema-graph\">{\"@context\":\"https:\\\/\\\/schema.org\",\"@graph\":[{\"@type\":\"Article\",\"@id\":\"https:\\\/\\\/zonacaral.gob.pe\\\/en\\\/noticias\\\/ruth-shady-participo-en-taller-para-la-conservacion-de-cultura-chinchorro-en-chile\\\/#article\",\"isPartOf\":{\"@id\":\"https:\\\/\\\/zonacaral.gob.pe\\\/en\\\/noticias\\\/ruth-shady-participo-en-taller-para-la-conservacion-de-cultura-chinchorro-en-chile\\\/\"},\"author\":{\"name\":\"Zona Caral Administrador\",\"@id\":\"https:\\\/\\\/zonacaral.gob.pe\\\/es\\\/#\\\/schema\\\/person\\\/beddb4d22f71a7230c5b90913270a0ee\"},\"headline\":\"Dra. Ruth Shady particip\u00f3 en taller para la Conservaci\u00f3n de Cultura Chinchorro en Chile\",\"datePublished\":\"2018-07-31T15:58:20+00:00\",\"mainEntityOfPage\":{\"@id\":\"https:\\\/\\\/zonacaral.gob.pe\\\/en\\\/noticias\\\/ruth-shady-participo-en-taller-para-la-conservacion-de-cultura-chinchorro-en-chile\\\/\"},\"wordCount\":315,\"image\":{\"@id\":\"https:\\\/\\\/zonacaral.gob.pe\\\/en\\\/noticias\\\/ruth-shady-participo-en-taller-para-la-conservacion-de-cultura-chinchorro-en-chile\\\/#primaryimage\"},\"thumbnailUrl\":\"https:\\\/\\\/zonacaral.gob.pe\\\/wp-content\\\/uploads\\\/2018\\\/07\\\/dra-chinchirro-arica2.jpg\",\"keywords\":[\"caral\",\"libro valores\"],\"articleSection\":[\"noticias\"],\"inLanguage\":\"es-PE\"},{\"@type\":\"WebPage\",\"@id\":\"https:\\\/\\\/zonacaral.gob.pe\\\/en\\\/noticias\\\/ruth-shady-participo-en-taller-para-la-conservacion-de-cultura-chinchorro-en-chile\\\/\",\"url\":\"https:\\\/\\\/zonacaral.gob.pe\\\/en\\\/noticias\\\/ruth-shady-participo-en-taller-para-la-conservacion-de-cultura-chinchorro-en-chile\\\/\",\"name\":\"Ruth Shady particip\u00f3 en taller para la Conservaci\u00f3n de Cultura Chinchorro en Chile\",\"isPartOf\":{\"@id\":\"https:\\\/\\\/zonacaral.gob.pe\\\/es\\\/#website\"},\"primaryImageOfPage\":{\"@id\":\"https:\\\/\\\/zonacaral.gob.pe\\\/en\\\/noticias\\\/ruth-shady-participo-en-taller-para-la-conservacion-de-cultura-chinchorro-en-chile\\\/#primaryimage\"},\"image\":{\"@id\":\"https:\\\/\\\/zonacaral.gob.pe\\\/en\\\/noticias\\\/ruth-shady-participo-en-taller-para-la-conservacion-de-cultura-chinchorro-en-chile\\\/#primaryimage\"},\"thumbnailUrl\":\"https:\\\/\\\/zonacaral.gob.pe\\\/wp-content\\\/uploads\\\/2018\\\/07\\\/dra-chinchirro-arica2.jpg\",\"datePublished\":\"2018-07-31T15:58:20+00:00\",\"author\":{\"@id\":\"https:\\\/\\\/zonacaral.gob.pe\\\/es\\\/#\\\/schema\\\/person\\\/beddb4d22f71a7230c5b90913270a0ee\"},\"description\":\"Con miras a inscribirlo en la lista de Patrimonio Mundial de la UNESCO.\",\"breadcrumb\":{\"@id\":\"https:\\\/\\\/zonacaral.gob.pe\\\/en\\\/noticias\\\/ruth-shady-participo-en-taller-para-la-conservacion-de-cultura-chinchorro-en-chile\\\/#breadcrumb\"},\"inLanguage\":\"es-PE\",\"potentialAction\":[{\"@type\":\"ReadAction\",\"target\":[\"https:\\\/\\\/zonacaral.gob.pe\\\/en\\\/noticias\\\/ruth-shady-participo-en-taller-para-la-conservacion-de-cultura-chinchorro-en-chile\\\/\"]}]},{\"@type\":\"ImageObject\",\"inLanguage\":\"es-PE\",\"@id\":\"https:\\\/\\\/zonacaral.gob.pe\\\/en\\\/noticias\\\/ruth-shady-participo-en-taller-para-la-conservacion-de-cultura-chinchorro-en-chile\\\/#primaryimage\",\"url\":\"https:\\\/\\\/zonacaral.gob.pe\\\/wp-content\\\/uploads\\\/2018\\\/07\\\/dra-chinchirro-arica2.jpg\",\"contentUrl\":\"https:\\\/\\\/zonacaral.gob.pe\\\/wp-content\\\/uploads\\\/2018\\\/07\\\/dra-chinchirro-arica2.jpg\",\"width\":900,\"height\":700},{\"@type\":\"BreadcrumbList\",\"@id\":\"https:\\\/\\\/zonacaral.gob.pe\\\/en\\\/noticias\\\/ruth-shady-participo-en-taller-para-la-conservacion-de-cultura-chinchorro-en-chile\\\/#breadcrumb\",\"itemListElement\":[{\"@type\":\"ListItem\",\"position\":1,\"name\":\"Portada\",\"item\":\"https:\\\/\\\/zonacaral.gob.pe\\\/\"},{\"@type\":\"ListItem\",\"position\":2,\"name\":\"Dra. Ruth Shady particip\u00f3 en taller para la Conservaci\u00f3n de Cultura Chinchorro en Chile\"}]},{\"@type\":\"WebSite\",\"@id\":\"https:\\\/\\\/zonacaral.gob.pe\\\/es\\\/#website\",\"url\":\"https:\\\/\\\/zonacaral.gob.pe\\\/es\\\/\",\"name\":\"Zona Caral\",\"description\":\"Investigamos, conservamos y difundimos el patrimonio cultural de la Civilizaci\u00f3n Caral, la m\u00e1s antigua de Am\u00e9rica.\",\"potentialAction\":[{\"@type\":\"SearchAction\",\"target\":{\"@type\":\"EntryPoint\",\"urlTemplate\":\"https:\\\/\\\/zonacaral.gob.pe\\\/es\\\/?s={search_term_string}\"},\"query-input\":{\"@type\":\"PropertyValueSpecification\",\"valueRequired\":true,\"valueName\":\"search_term_string\"}}],\"inLanguage\":\"es-PE\"},{\"@type\":\"Person\",\"@id\":\"https:\\\/\\\/zonacaral.gob.pe\\\/es\\\/#\\\/schema\\\/person\\\/beddb4d22f71a7230c5b90913270a0ee\",\"name\":\"Zona Caral Administrador\",\"image\":{\"@type\":\"ImageObject\",\"inLanguage\":\"es-PE\",\"@id\":\"https:\\\/\\\/secure.gravatar.com\\\/avatar\\\/e4be162918a696358376de6446614e0f0f4062bdc5d170d6d540ada3d8b58c12?s=96&d=mm&r=g\",\"url\":\"https:\\\/\\\/secure.gravatar.com\\\/avatar\\\/e4be162918a696358376de6446614e0f0f4062bdc5d170d6d540ada3d8b58c12?s=96&d=mm&r=g\",\"contentUrl\":\"https:\\\/\\\/secure.gravatar.com\\\/avatar\\\/e4be162918a696358376de6446614e0f0f4062bdc5d170d6d540ada3d8b58c12?s=96&d=mm&r=g\",\"caption\":\"Zona Caral Administrador\"},\"sameAs\":[\"https:\\\/\\\/zonacaral.gob.pe\"],\"url\":\"https:\\\/\\\/zonacaral.gob.pe\\\/es\\\/noticias\\\/author\\\/ad_zonacaral\\\/\"}]}<\/script>\n<!-- \/ Yoast SEO plugin. -->","yoast_head_json":{"title":"Ruth Shady particip\u00f3 en taller para la Conservaci\u00f3n de Cultura Chinchorro en Chile","description":"Con miras a inscribirlo en la lista de Patrimonio Mundial de la UNESCO.","robots":{"index":"index","follow":"follow","max-snippet":"max-snippet:-1","max-image-preview":"max-image-preview:large","max-video-preview":"max-video-preview:-1"},"canonical":"https:\/\/zonacaral.gob.pe\/es\/noticias\/ruth-shady-participo-en-taller-para-la-conservacion-de-cultura-chinchorro-en-chile\/","og_locale":"es_ES","og_type":"article","og_title":"Ruth Shady particip\u00f3 en taller para la Conservaci\u00f3n de Cultura Chinchorro en Chile","og_description":"Con miras a inscribirlo en la lista de Patrimonio Mundial de la UNESCO.","og_url":"https:\/\/zonacaral.gob.pe\/es\/noticias\/ruth-shady-participo-en-taller-para-la-conservacion-de-cultura-chinchorro-en-chile\/","og_site_name":"Zona Caral","article_published_time":"2018-07-31T15:58:20+00:00","og_image":[{"width":900,"height":700,"url":"https:\/\/zonacaral.gob.pe\/wp-content\/uploads\/2018\/07\/dra-chinchirro-arica2.jpg","type":"image\/jpeg"}],"author":"Zona Caral Administrador","twitter_card":"summary_large_image","twitter_misc":{"Written by":"Zona Caral Administrador","Est. reading time":"2 minutos"},"schema":{"@context":"https:\/\/schema.org","@graph":[{"@type":"Article","@id":"https:\/\/zonacaral.gob.pe\/en\/noticias\/ruth-shady-participo-en-taller-para-la-conservacion-de-cultura-chinchorro-en-chile\/#article","isPartOf":{"@id":"https:\/\/zonacaral.gob.pe\/en\/noticias\/ruth-shady-participo-en-taller-para-la-conservacion-de-cultura-chinchorro-en-chile\/"},"author":{"name":"Zona Caral Administrador","@id":"https:\/\/zonacaral.gob.pe\/es\/#\/schema\/person\/beddb4d22f71a7230c5b90913270a0ee"},"headline":"Dra. Ruth Shady particip\u00f3 en taller para la Conservaci\u00f3n de Cultura Chinchorro en Chile","datePublished":"2018-07-31T15:58:20+00:00","mainEntityOfPage":{"@id":"https:\/\/zonacaral.gob.pe\/en\/noticias\/ruth-shady-participo-en-taller-para-la-conservacion-de-cultura-chinchorro-en-chile\/"},"wordCount":315,"image":{"@id":"https:\/\/zonacaral.gob.pe\/en\/noticias\/ruth-shady-participo-en-taller-para-la-conservacion-de-cultura-chinchorro-en-chile\/#primaryimage"},"thumbnailUrl":"https:\/\/zonacaral.gob.pe\/wp-content\/uploads\/2018\/07\/dra-chinchirro-arica2.jpg","keywords":["caral","libro valores"],"articleSection":["noticias"],"inLanguage":"es-PE"},{"@type":"WebPage","@id":"https:\/\/zonacaral.gob.pe\/en\/noticias\/ruth-shady-participo-en-taller-para-la-conservacion-de-cultura-chinchorro-en-chile\/","url":"https:\/\/zonacaral.gob.pe\/en\/noticias\/ruth-shady-participo-en-taller-para-la-conservacion-de-cultura-chinchorro-en-chile\/","name":"Ruth Shady particip\u00f3 en taller para la Conservaci\u00f3n de Cultura Chinchorro en Chile","isPartOf":{"@id":"https:\/\/zonacaral.gob.pe\/es\/#website"},"primaryImageOfPage":{"@id":"https:\/\/zonacaral.gob.pe\/en\/noticias\/ruth-shady-participo-en-taller-para-la-conservacion-de-cultura-chinchorro-en-chile\/#primaryimage"},"image":{"@id":"https:\/\/zonacaral.gob.pe\/en\/noticias\/ruth-shady-participo-en-taller-para-la-conservacion-de-cultura-chinchorro-en-chile\/#primaryimage"},"thumbnailUrl":"https:\/\/zonacaral.gob.pe\/wp-content\/uploads\/2018\/07\/dra-chinchirro-arica2.jpg","datePublished":"2018-07-31T15:58:20+00:00","author":{"@id":"https:\/\/zonacaral.gob.pe\/es\/#\/schema\/person\/beddb4d22f71a7230c5b90913270a0ee"},"description":"Con miras a inscribirlo en la lista de Patrimonio Mundial de la UNESCO.","breadcrumb":{"@id":"https:\/\/zonacaral.gob.pe\/en\/noticias\/ruth-shady-participo-en-taller-para-la-conservacion-de-cultura-chinchorro-en-chile\/#breadcrumb"},"inLanguage":"es-PE","potentialAction":[{"@type":"ReadAction","target":["https:\/\/zonacaral.gob.pe\/en\/noticias\/ruth-shady-participo-en-taller-para-la-conservacion-de-cultura-chinchorro-en-chile\/"]}]},{"@type":"ImageObject","inLanguage":"es-PE","@id":"https:\/\/zonacaral.gob.pe\/en\/noticias\/ruth-shady-participo-en-taller-para-la-conservacion-de-cultura-chinchorro-en-chile\/#primaryimage","url":"https:\/\/zonacaral.gob.pe\/wp-content\/uploads\/2018\/07\/dra-chinchirro-arica2.jpg","contentUrl":"https:\/\/zonacaral.gob.pe\/wp-content\/uploads\/2018\/07\/dra-chinchirro-arica2.jpg","width":900,"height":700},{"@type":"BreadcrumbList","@id":"https:\/\/zonacaral.gob.pe\/en\/noticias\/ruth-shady-participo-en-taller-para-la-conservacion-de-cultura-chinchorro-en-chile\/#breadcrumb","itemListElement":[{"@type":"ListItem","position":1,"name":"Portada","item":"https:\/\/zonacaral.gob.pe\/"},{"@type":"ListItem","position":2,"name":"Dra. Ruth Shady particip\u00f3 en taller para la Conservaci\u00f3n de Cultura Chinchorro en Chile"}]},{"@type":"WebSite","@id":"https:\/\/zonacaral.gob.pe\/es\/#website","url":"https:\/\/zonacaral.gob.pe\/es\/","name":"Zona Caral","description":"Investigamos, conservamos y difundimos el patrimonio cultural de la Civilizaci\u00f3n Caral, la m\u00e1s antigua de Am\u00e9rica.","potentialAction":[{"@type":"SearchAction","target":{"@type":"EntryPoint","urlTemplate":"https:\/\/zonacaral.gob.pe\/es\/?s={search_term_string}"},"query-input":{"@type":"PropertyValueSpecification","valueRequired":true,"valueName":"search_term_string"}}],"inLanguage":"es-PE"},{"@type":"Person","@id":"https:\/\/zonacaral.gob.pe\/es\/#\/schema\/person\/beddb4d22f71a7230c5b90913270a0ee","name":"Zona Caral Administrador","image":{"@type":"ImageObject","inLanguage":"es-PE","@id":"https:\/\/secure.gravatar.com\/avatar\/e4be162918a696358376de6446614e0f0f4062bdc5d170d6d540ada3d8b58c12?s=96&d=mm&r=g","url":"https:\/\/secure.gravatar.com\/avatar\/e4be162918a696358376de6446614e0f0f4062bdc5d170d6d540ada3d8b58c12?s=96&d=mm&r=g","contentUrl":"https:\/\/secure.gravatar.com\/avatar\/e4be162918a696358376de6446614e0f0f4062bdc5d170d6d540ada3d8b58c12?s=96&d=mm&r=g","caption":"Zona Caral Administrador"},"sameAs":["https:\/\/zonacaral.gob.pe"],"url":"https:\/\/zonacaral.gob.pe\/es\/noticias\/author\/ad_zonacaral\/"}]}},"_links":{"self":[{"href":"https:\/\/zonacaral.gob.pe\/es\/wp-json\/wp\/v2\/posts\/13128","targetHints":{"allow":["GET"]}}],"collection":[{"href":"https:\/\/zonacaral.gob.pe\/es\/wp-json\/wp\/v2\/posts"}],"about":[{"href":"https:\/\/zonacaral.gob.pe\/es\/wp-json\/wp\/v2\/types\/post"}],"author":[{"embeddable":true,"href":"https:\/\/zonacaral.gob.pe\/es\/wp-json\/wp\/v2\/users\/1"}],"replies":[{"embeddable":true,"href":"https:\/\/zonacaral.gob.pe\/es\/wp-json\/wp\/v2\/comments?post=13128"}],"version-history":[{"count":0,"href":"https:\/\/zonacaral.gob.pe\/es\/wp-json\/wp\/v2\/posts\/13128\/revisions"}],"wp:featuredmedia":[{"embeddable":true,"href":"https:\/\/zonacaral.gob.pe\/es\/wp-json\/wp\/v2\/media\/13129"}],"wp:attachment":[{"href":"https:\/\/zonacaral.gob.pe\/es\/wp-json\/wp\/v2\/media?parent=13128"}],"wp:term":[{"taxonomy":"category","embeddable":true,"href":"https:\/\/zonacaral.gob.pe\/es\/wp-json\/wp\/v2\/categories?post=13128"},{"taxonomy":"post_tag","embeddable":true,"href":"https:\/\/zonacaral.gob.pe\/es\/wp-json\/wp\/v2\/tags?post=13128"}],"curies":[{"name":"wp","href":"https:\/\/api.w.org\/{rel}","templated":true}]}}