{"id":13134,"date":"2018-08-01T09:15:18","date_gmt":"2018-08-01T14:15:18","guid":{"rendered":"http:\/\/www.zonacaral.gob.pe\/?p=13134"},"modified":"2018-08-01T09:15:18","modified_gmt":"2018-08-01T14:15:18","slug":"caral-incluido-en-el-top-anual-de-los-grandes-descubrimientos-del-peru","status":"publish","type":"post","link":"https:\/\/zonacaral.gob.pe\/es\/noticias\/caral-incluido-en-el-top-anual-de-los-grandes-descubrimientos-del-peru\/","title":{"rendered":"Caral incluido en \u201cEl top anual de los grandes descubrimientos del Per\u00fa\u201d"},"content":{"rendered":"<figure class=\"pic-autor\" style=\"color: #4d4d4d; text-align: justify;\"><\/figure>\n<blockquote><p>La Civilizaci\u00f3n Caral, la m\u00e1s Antigua de Am\u00e9rica, fue incluida en la primera edici\u00f3n del libro \u201cEl Top Anual de los Grandes Descubrimientos del Per\u00fa\u201d, que recopila los hallazgos hechos en 80 a\u00f1os de investigaciones arqueol\u00f3gicas.<\/p><\/blockquote>\n<p>La Dra. Ruth Shady, directora de la Zona Arqueol\u00f3gica Caral, particip\u00f3 en la informaci\u00f3n que se destaca en este libro sobre el hallazgo de la Dama de los Cuatro Tupus, hecha en \u00c1spero, Ciudad Agropesquera de la Civilizaci\u00f3n Caral.<\/p>\n<p>Cabe recordar que esta haza\u00f1a arqueol\u00f3gica signific\u00f3 uno de los m\u00e1s importantes hallazgos del mundo en el 2016, destacado por Archaeological Institute of America.\u2028\u2028 La Dama de los Cuatro Tupus trata de una mujer enterrada de una forma reservada a personajes de alto estrato social demuestra el rol protag\u00f3nico y la autoridad que ten\u00edan ellas en las etapas m\u00e1s tempranas de la historia del pa\u00eds. Conoce m\u00e1s sobre este hallazgo <a href=\"http:\/\/www.zonacaral.gob.pe\/noticias\/caral-lo-que-revela-el-hallazgo-arqueologico-peruano-del-2016\/\"><strong>aqu\u00ed<\/strong><\/a>.<\/p>\n<p>El libro, impulsado por Per\u00fa Explorer, destaca lo que se encontr\u00f3 en todo el Per\u00fa. La obra inicia con el segmento de la aparici\u00f3n del hombre en el territorio peruano y posteriormente pasa al levantamiento de las grandes ciudades del Per\u00fa; finalmente cierra con los descubrimientos del Imperio Inca.<\/p>\n<p><span style=\"color: #222222;\">Develan el rostro de la Dama de los Cuatro Tupus. Conoce esto <a href=\"http:\/\/www.zonacaral.gob.pe\/noticias\/revelan-rostro-de-la-dama-de-los-cuatro-tupus-soberana-de-la-civilizacion-caral\/\"><strong>aqu\u00ed<\/strong><\/a>.<\/span><\/p>\n<p style=\"text-align: justify;\"><span style=\"color: #993300;\"><strong>Fuente<\/strong><strong>: Prensa ZAC<\/strong><\/span><\/p>\n<div style=\"color: #1f1f1f;\">\n<p style=\"text-align: justify;\">Fecha de publicaci\u00f3n: 01\/08\/2018<\/p>\n<\/div>\n","protected":false},"excerpt":{"rendered":"<p>La Civilizaci\u00f3n Caral, la m\u00e1s Antigua de Am\u00e9rica, fue incluida en la primera edici\u00f3n del libro \u201cEl Top Anual de [&hellip;]<\/p>\n","protected":false},"author":1,"featured_media":13140,"comment_status":"closed","ping_status":"open","sticky":false,"template":"","format":"standard","meta":{"_acf_changed":false,"site-sidebar-layout":"default","site-content-layout":"","ast-site-content-layout":"default","site-content-style":"default","site-sidebar-style":"default","ast-global-header-display":"","ast-banner-title-visibility":"","ast-main-header-display":"","ast-hfb-above-header-display":"","ast-hfb-below-header-display":"","ast-hfb-mobile-header-display":"","site-post-title":"","ast-breadcrumbs-content":"","ast-featured-img":"","footer-sml-layout":"","ast-disable-related-posts":"","theme-transparent-header-meta":"","adv-header-id-meta":"","stick-header-meta":"","header-above-stick-meta":"","header-main-stick-meta":"","header-below-stick-meta":"","astra-migrate-meta-layouts":"default","ast-page-background-enabled":"default","ast-page-background-meta":{"desktop":{"background-color":"var(--ast-global-color-5)","background-image":"","background-repeat":"repeat","background-position":"center center","background-size":"auto","background-attachment":"scroll","background-type":"","background-media":"","overlay-type":"","overlay-color":"","overlay-opacity":"","overlay-gradient":""},"tablet":{"background-color":"","background-image":"","background-repeat":"repeat","background-position":"center center","background-size":"auto","background-attachment":"scroll","background-type":"","background-media":"","overlay-type":"","overlay-color":"","overlay-opacity":"","overlay-gradient":""},"mobile":{"background-color":"","background-image":"","background-repeat":"repeat","background-position":"center center","background-size":"auto","background-attachment":"scroll","background-type":"","background-media":"","overlay-type":"","overlay-color":"","overlay-opacity":"","overlay-gradient":""}},"ast-content-background-meta":{"desktop":{"background-color":"var(--ast-global-color-4)","background-image":"","background-repeat":"repeat","background-position":"center center","background-size":"auto","background-attachment":"scroll","background-type":"","background-media":"","overlay-type":"","overlay-color":"","overlay-opacity":"","overlay-gradient":""},"tablet":{"background-color":"var(--ast-global-color-4)","background-image":"","background-repeat":"repeat","background-position":"center center","background-size":"auto","background-attachment":"scroll","background-type":"","background-media":"","overlay-type":"","overlay-color":"","overlay-opacity":"","overlay-gradient":""},"mobile":{"background-color":"var(--ast-global-color-4)","background-image":"","background-repeat":"repeat","background-position":"center center","background-size":"auto","background-attachment":"scroll","background-type":"","background-media":"","overlay-type":"","overlay-color":"","overlay-opacity":"","overlay-gradient":""}},"footnotes":""},"categories":[208],"tags":[55,171,172],"class_list":["post-13134","post","type-post","status-publish","format-standard","has-post-thumbnail","hentry","category-noticias","tag-caral","tag-descubrimientos","tag-top-anual"],"acf":[],"yoast_head":"<!-- This site is optimized with the Yoast SEO plugin v27.3 - https:\/\/yoast.com\/product\/yoast-seo-wordpress\/ -->\n<title>Caral incluido en \u201cEl Top Anual de los Grandes Descubrimientos del Per\u00fa\u201d<\/title>\n<meta name=\"description\" content=\"La Civilizaci\u00f3n Caral, la m\u00e1s Antigua de Am\u00e9rica, fue incluida en la primera edici\u00f3n del libro \u201cEl Top Anual de los Grandes Descubrimientos del Per\u00fa\u201d, que recopila los hallazgos hechos en 80 a\u00f1os de investigaciones arqueol\u00f3gicas.\" \/>\n<meta name=\"robots\" content=\"index, follow, max-snippet:-1, max-image-preview:large, max-video-preview:-1\" \/>\n<link rel=\"canonical\" href=\"https:\/\/zonacaral.gob.pe\/es\/noticias\/caral-incluido-en-el-top-anual-de-los-grandes-descubrimientos-del-peru\/\" \/>\n<meta property=\"og:locale\" content=\"es_ES\" \/>\n<meta property=\"og:type\" content=\"article\" \/>\n<meta property=\"og:title\" content=\"Caral incluido en \u201cEl Top Anual de los Grandes Descubrimientos del Per\u00fa\u201d\" \/>\n<meta property=\"og:description\" content=\"La Civilizaci\u00f3n Caral, la m\u00e1s Antigua de Am\u00e9rica, fue incluida en la primera edici\u00f3n del libro \u201cEl Top Anual de los Grandes Descubrimientos del Per\u00fa\u201d, que recopila los hallazgos hechos en 80 a\u00f1os de investigaciones arqueol\u00f3gicas.\" \/>\n<meta property=\"og:url\" content=\"https:\/\/zonacaral.gob.pe\/es\/noticias\/caral-incluido-en-el-top-anual-de-los-grandes-descubrimientos-del-peru\/\" \/>\n<meta property=\"og:site_name\" content=\"Zona Caral\" \/>\n<meta property=\"article:published_time\" content=\"2018-08-01T14:15:18+00:00\" \/>\n<meta property=\"og:image\" content=\"https:\/\/zonacaral.gob.pe\/wp-content\/uploads\/2018\/08\/libro001.jpg\" \/>\n\t<meta property=\"og:image:width\" content=\"810\" \/>\n\t<meta property=\"og:image:height\" content=\"410\" \/>\n\t<meta property=\"og:image:type\" content=\"image\/jpeg\" \/>\n<meta name=\"author\" content=\"Zona Caral Administrador\" \/>\n<meta name=\"twitter:card\" content=\"summary_large_image\" \/>\n<meta name=\"twitter:label1\" content=\"Written by\" \/>\n\t<meta name=\"twitter:data1\" content=\"Zona Caral Administrador\" \/>\n\t<meta name=\"twitter:label2\" content=\"Est. reading time\" \/>\n\t<meta name=\"twitter:data2\" content=\"1 minuto\" \/>\n<script type=\"application\/ld+json\" class=\"yoast-schema-graph\">{\"@context\":\"https:\\\/\\\/schema.org\",\"@graph\":[{\"@type\":\"Article\",\"@id\":\"https:\\\/\\\/zonacaral.gob.pe\\\/es\\\/noticias\\\/caral-incluido-en-el-top-anual-de-los-grandes-descubrimientos-del-peru\\\/#article\",\"isPartOf\":{\"@id\":\"https:\\\/\\\/zonacaral.gob.pe\\\/es\\\/noticias\\\/caral-incluido-en-el-top-anual-de-los-grandes-descubrimientos-del-peru\\\/\"},\"author\":{\"name\":\"Zona Caral Administrador\",\"@id\":\"https:\\\/\\\/zonacaral.gob.pe\\\/es\\\/#\\\/schema\\\/person\\\/beddb4d22f71a7230c5b90913270a0ee\"},\"headline\":\"Caral incluido en \u201cEl top anual de los grandes descubrimientos del Per\u00fa\u201d\",\"datePublished\":\"2018-08-01T14:15:18+00:00\",\"mainEntityOfPage\":{\"@id\":\"https:\\\/\\\/zonacaral.gob.pe\\\/es\\\/noticias\\\/caral-incluido-en-el-top-anual-de-los-grandes-descubrimientos-del-peru\\\/\"},\"wordCount\":243,\"image\":{\"@id\":\"https:\\\/\\\/zonacaral.gob.pe\\\/es\\\/noticias\\\/caral-incluido-en-el-top-anual-de-los-grandes-descubrimientos-del-peru\\\/#primaryimage\"},\"thumbnailUrl\":\"https:\\\/\\\/zonacaral.gob.pe\\\/wp-content\\\/uploads\\\/2018\\\/08\\\/libro001.jpg\",\"keywords\":[\"caral\",\"descubrimientos\",\"top anual\"],\"articleSection\":[\"noticias\"],\"inLanguage\":\"es-PE\"},{\"@type\":\"WebPage\",\"@id\":\"https:\\\/\\\/zonacaral.gob.pe\\\/es\\\/noticias\\\/caral-incluido-en-el-top-anual-de-los-grandes-descubrimientos-del-peru\\\/\",\"url\":\"https:\\\/\\\/zonacaral.gob.pe\\\/es\\\/noticias\\\/caral-incluido-en-el-top-anual-de-los-grandes-descubrimientos-del-peru\\\/\",\"name\":\"Caral incluido en \u201cEl Top Anual de los Grandes Descubrimientos del Per\u00fa\u201d\",\"isPartOf\":{\"@id\":\"https:\\\/\\\/zonacaral.gob.pe\\\/es\\\/#website\"},\"primaryImageOfPage\":{\"@id\":\"https:\\\/\\\/zonacaral.gob.pe\\\/es\\\/noticias\\\/caral-incluido-en-el-top-anual-de-los-grandes-descubrimientos-del-peru\\\/#primaryimage\"},\"image\":{\"@id\":\"https:\\\/\\\/zonacaral.gob.pe\\\/es\\\/noticias\\\/caral-incluido-en-el-top-anual-de-los-grandes-descubrimientos-del-peru\\\/#primaryimage\"},\"thumbnailUrl\":\"https:\\\/\\\/zonacaral.gob.pe\\\/wp-content\\\/uploads\\\/2018\\\/08\\\/libro001.jpg\",\"datePublished\":\"2018-08-01T14:15:18+00:00\",\"author\":{\"@id\":\"https:\\\/\\\/zonacaral.gob.pe\\\/es\\\/#\\\/schema\\\/person\\\/beddb4d22f71a7230c5b90913270a0ee\"},\"description\":\"La Civilizaci\u00f3n Caral, la m\u00e1s Antigua de Am\u00e9rica, fue incluida en la primera edici\u00f3n del libro \u201cEl Top Anual de los Grandes Descubrimientos del Per\u00fa\u201d, que recopila los hallazgos hechos en 80 a\u00f1os de investigaciones arqueol\u00f3gicas.\",\"breadcrumb\":{\"@id\":\"https:\\\/\\\/zonacaral.gob.pe\\\/es\\\/noticias\\\/caral-incluido-en-el-top-anual-de-los-grandes-descubrimientos-del-peru\\\/#breadcrumb\"},\"inLanguage\":\"es-PE\",\"potentialAction\":[{\"@type\":\"ReadAction\",\"target\":[\"https:\\\/\\\/zonacaral.gob.pe\\\/es\\\/noticias\\\/caral-incluido-en-el-top-anual-de-los-grandes-descubrimientos-del-peru\\\/\"]}]},{\"@type\":\"ImageObject\",\"inLanguage\":\"es-PE\",\"@id\":\"https:\\\/\\\/zonacaral.gob.pe\\\/es\\\/noticias\\\/caral-incluido-en-el-top-anual-de-los-grandes-descubrimientos-del-peru\\\/#primaryimage\",\"url\":\"https:\\\/\\\/zonacaral.gob.pe\\\/wp-content\\\/uploads\\\/2018\\\/08\\\/libro001.jpg\",\"contentUrl\":\"https:\\\/\\\/zonacaral.gob.pe\\\/wp-content\\\/uploads\\\/2018\\\/08\\\/libro001.jpg\",\"width\":810,\"height\":410},{\"@type\":\"BreadcrumbList\",\"@id\":\"https:\\\/\\\/zonacaral.gob.pe\\\/es\\\/noticias\\\/caral-incluido-en-el-top-anual-de-los-grandes-descubrimientos-del-peru\\\/#breadcrumb\",\"itemListElement\":[{\"@type\":\"ListItem\",\"position\":1,\"name\":\"Portada\",\"item\":\"https:\\\/\\\/zonacaral.gob.pe\\\/\"},{\"@type\":\"ListItem\",\"position\":2,\"name\":\"Caral incluido en \u201cEl top anual de los grandes descubrimientos del Per\u00fa\u201d\"}]},{\"@type\":\"WebSite\",\"@id\":\"https:\\\/\\\/zonacaral.gob.pe\\\/es\\\/#website\",\"url\":\"https:\\\/\\\/zonacaral.gob.pe\\\/es\\\/\",\"name\":\"Zona Caral\",\"description\":\"Investigamos, conservamos y difundimos el patrimonio cultural de la Civilizaci\u00f3n Caral, la m\u00e1s antigua de Am\u00e9rica.\",\"potentialAction\":[{\"@type\":\"SearchAction\",\"target\":{\"@type\":\"EntryPoint\",\"urlTemplate\":\"https:\\\/\\\/zonacaral.gob.pe\\\/es\\\/?s={search_term_string}\"},\"query-input\":{\"@type\":\"PropertyValueSpecification\",\"valueRequired\":true,\"valueName\":\"search_term_string\"}}],\"inLanguage\":\"es-PE\"},{\"@type\":\"Person\",\"@id\":\"https:\\\/\\\/zonacaral.gob.pe\\\/es\\\/#\\\/schema\\\/person\\\/beddb4d22f71a7230c5b90913270a0ee\",\"name\":\"Zona Caral Administrador\",\"image\":{\"@type\":\"ImageObject\",\"inLanguage\":\"es-PE\",\"@id\":\"https:\\\/\\\/secure.gravatar.com\\\/avatar\\\/e4be162918a696358376de6446614e0f0f4062bdc5d170d6d540ada3d8b58c12?s=96&d=mm&r=g\",\"url\":\"https:\\\/\\\/secure.gravatar.com\\\/avatar\\\/e4be162918a696358376de6446614e0f0f4062bdc5d170d6d540ada3d8b58c12?s=96&d=mm&r=g\",\"contentUrl\":\"https:\\\/\\\/secure.gravatar.com\\\/avatar\\\/e4be162918a696358376de6446614e0f0f4062bdc5d170d6d540ada3d8b58c12?s=96&d=mm&r=g\",\"caption\":\"Zona Caral Administrador\"},\"sameAs\":[\"https:\\\/\\\/zonacaral.gob.pe\"],\"url\":\"https:\\\/\\\/zonacaral.gob.pe\\\/es\\\/noticias\\\/author\\\/ad_zonacaral\\\/\"}]}<\/script>\n<!-- \/ Yoast SEO plugin. -->","yoast_head_json":{"title":"Caral incluido en \u201cEl Top Anual de los Grandes Descubrimientos del Per\u00fa\u201d","description":"La Civilizaci\u00f3n Caral, la m\u00e1s Antigua de Am\u00e9rica, fue incluida en la primera edici\u00f3n del libro \u201cEl Top Anual de los Grandes Descubrimientos del Per\u00fa\u201d, que recopila los hallazgos hechos en 80 a\u00f1os de investigaciones arqueol\u00f3gicas.","robots":{"index":"index","follow":"follow","max-snippet":"max-snippet:-1","max-image-preview":"max-image-preview:large","max-video-preview":"max-video-preview:-1"},"canonical":"https:\/\/zonacaral.gob.pe\/es\/noticias\/caral-incluido-en-el-top-anual-de-los-grandes-descubrimientos-del-peru\/","og_locale":"es_ES","og_type":"article","og_title":"Caral incluido en \u201cEl Top Anual de los Grandes Descubrimientos del Per\u00fa\u201d","og_description":"La Civilizaci\u00f3n Caral, la m\u00e1s Antigua de Am\u00e9rica, fue incluida en la primera edici\u00f3n del libro \u201cEl Top Anual de los Grandes Descubrimientos del Per\u00fa\u201d, que recopila los hallazgos hechos en 80 a\u00f1os de investigaciones arqueol\u00f3gicas.","og_url":"https:\/\/zonacaral.gob.pe\/es\/noticias\/caral-incluido-en-el-top-anual-de-los-grandes-descubrimientos-del-peru\/","og_site_name":"Zona Caral","article_published_time":"2018-08-01T14:15:18+00:00","og_image":[{"width":810,"height":410,"url":"https:\/\/zonacaral.gob.pe\/wp-content\/uploads\/2018\/08\/libro001.jpg","type":"image\/jpeg"}],"author":"Zona Caral Administrador","twitter_card":"summary_large_image","twitter_misc":{"Written by":"Zona Caral Administrador","Est. reading time":"1 minuto"},"schema":{"@context":"https:\/\/schema.org","@graph":[{"@type":"Article","@id":"https:\/\/zonacaral.gob.pe\/es\/noticias\/caral-incluido-en-el-top-anual-de-los-grandes-descubrimientos-del-peru\/#article","isPartOf":{"@id":"https:\/\/zonacaral.gob.pe\/es\/noticias\/caral-incluido-en-el-top-anual-de-los-grandes-descubrimientos-del-peru\/"},"author":{"name":"Zona Caral Administrador","@id":"https:\/\/zonacaral.gob.pe\/es\/#\/schema\/person\/beddb4d22f71a7230c5b90913270a0ee"},"headline":"Caral incluido en \u201cEl top anual de los grandes descubrimientos del Per\u00fa\u201d","datePublished":"2018-08-01T14:15:18+00:00","mainEntityOfPage":{"@id":"https:\/\/zonacaral.gob.pe\/es\/noticias\/caral-incluido-en-el-top-anual-de-los-grandes-descubrimientos-del-peru\/"},"wordCount":243,"image":{"@id":"https:\/\/zonacaral.gob.pe\/es\/noticias\/caral-incluido-en-el-top-anual-de-los-grandes-descubrimientos-del-peru\/#primaryimage"},"thumbnailUrl":"https:\/\/zonacaral.gob.pe\/wp-content\/uploads\/2018\/08\/libro001.jpg","keywords":["caral","descubrimientos","top anual"],"articleSection":["noticias"],"inLanguage":"es-PE"},{"@type":"WebPage","@id":"https:\/\/zonacaral.gob.pe\/es\/noticias\/caral-incluido-en-el-top-anual-de-los-grandes-descubrimientos-del-peru\/","url":"https:\/\/zonacaral.gob.pe\/es\/noticias\/caral-incluido-en-el-top-anual-de-los-grandes-descubrimientos-del-peru\/","name":"Caral incluido en \u201cEl Top Anual de los Grandes Descubrimientos del Per\u00fa\u201d","isPartOf":{"@id":"https:\/\/zonacaral.gob.pe\/es\/#website"},"primaryImageOfPage":{"@id":"https:\/\/zonacaral.gob.pe\/es\/noticias\/caral-incluido-en-el-top-anual-de-los-grandes-descubrimientos-del-peru\/#primaryimage"},"image":{"@id":"https:\/\/zonacaral.gob.pe\/es\/noticias\/caral-incluido-en-el-top-anual-de-los-grandes-descubrimientos-del-peru\/#primaryimage"},"thumbnailUrl":"https:\/\/zonacaral.gob.pe\/wp-content\/uploads\/2018\/08\/libro001.jpg","datePublished":"2018-08-01T14:15:18+00:00","author":{"@id":"https:\/\/zonacaral.gob.pe\/es\/#\/schema\/person\/beddb4d22f71a7230c5b90913270a0ee"},"description":"La Civilizaci\u00f3n Caral, la m\u00e1s Antigua de Am\u00e9rica, fue incluida en la primera edici\u00f3n del libro \u201cEl Top Anual de los Grandes Descubrimientos del Per\u00fa\u201d, que recopila los hallazgos hechos en 80 a\u00f1os de investigaciones arqueol\u00f3gicas.","breadcrumb":{"@id":"https:\/\/zonacaral.gob.pe\/es\/noticias\/caral-incluido-en-el-top-anual-de-los-grandes-descubrimientos-del-peru\/#breadcrumb"},"inLanguage":"es-PE","potentialAction":[{"@type":"ReadAction","target":["https:\/\/zonacaral.gob.pe\/es\/noticias\/caral-incluido-en-el-top-anual-de-los-grandes-descubrimientos-del-peru\/"]}]},{"@type":"ImageObject","inLanguage":"es-PE","@id":"https:\/\/zonacaral.gob.pe\/es\/noticias\/caral-incluido-en-el-top-anual-de-los-grandes-descubrimientos-del-peru\/#primaryimage","url":"https:\/\/zonacaral.gob.pe\/wp-content\/uploads\/2018\/08\/libro001.jpg","contentUrl":"https:\/\/zonacaral.gob.pe\/wp-content\/uploads\/2018\/08\/libro001.jpg","width":810,"height":410},{"@type":"BreadcrumbList","@id":"https:\/\/zonacaral.gob.pe\/es\/noticias\/caral-incluido-en-el-top-anual-de-los-grandes-descubrimientos-del-peru\/#breadcrumb","itemListElement":[{"@type":"ListItem","position":1,"name":"Portada","item":"https:\/\/zonacaral.gob.pe\/"},{"@type":"ListItem","position":2,"name":"Caral incluido en \u201cEl top anual de los grandes descubrimientos del Per\u00fa\u201d"}]},{"@type":"WebSite","@id":"https:\/\/zonacaral.gob.pe\/es\/#website","url":"https:\/\/zonacaral.gob.pe\/es\/","name":"Zona Caral","description":"Investigamos, conservamos y difundimos el patrimonio cultural de la Civilizaci\u00f3n Caral, la m\u00e1s antigua de Am\u00e9rica.","potentialAction":[{"@type":"SearchAction","target":{"@type":"EntryPoint","urlTemplate":"https:\/\/zonacaral.gob.pe\/es\/?s={search_term_string}"},"query-input":{"@type":"PropertyValueSpecification","valueRequired":true,"valueName":"search_term_string"}}],"inLanguage":"es-PE"},{"@type":"Person","@id":"https:\/\/zonacaral.gob.pe\/es\/#\/schema\/person\/beddb4d22f71a7230c5b90913270a0ee","name":"Zona Caral Administrador","image":{"@type":"ImageObject","inLanguage":"es-PE","@id":"https:\/\/secure.gravatar.com\/avatar\/e4be162918a696358376de6446614e0f0f4062bdc5d170d6d540ada3d8b58c12?s=96&d=mm&r=g","url":"https:\/\/secure.gravatar.com\/avatar\/e4be162918a696358376de6446614e0f0f4062bdc5d170d6d540ada3d8b58c12?s=96&d=mm&r=g","contentUrl":"https:\/\/secure.gravatar.com\/avatar\/e4be162918a696358376de6446614e0f0f4062bdc5d170d6d540ada3d8b58c12?s=96&d=mm&r=g","caption":"Zona Caral Administrador"},"sameAs":["https:\/\/zonacaral.gob.pe"],"url":"https:\/\/zonacaral.gob.pe\/es\/noticias\/author\/ad_zonacaral\/"}]}},"_links":{"self":[{"href":"https:\/\/zonacaral.gob.pe\/es\/wp-json\/wp\/v2\/posts\/13134","targetHints":{"allow":["GET"]}}],"collection":[{"href":"https:\/\/zonacaral.gob.pe\/es\/wp-json\/wp\/v2\/posts"}],"about":[{"href":"https:\/\/zonacaral.gob.pe\/es\/wp-json\/wp\/v2\/types\/post"}],"author":[{"embeddable":true,"href":"https:\/\/zonacaral.gob.pe\/es\/wp-json\/wp\/v2\/users\/1"}],"replies":[{"embeddable":true,"href":"https:\/\/zonacaral.gob.pe\/es\/wp-json\/wp\/v2\/comments?post=13134"}],"version-history":[{"count":0,"href":"https:\/\/zonacaral.gob.pe\/es\/wp-json\/wp\/v2\/posts\/13134\/revisions"}],"wp:featuredmedia":[{"embeddable":true,"href":"https:\/\/zonacaral.gob.pe\/es\/wp-json\/wp\/v2\/media\/13140"}],"wp:attachment":[{"href":"https:\/\/zonacaral.gob.pe\/es\/wp-json\/wp\/v2\/media?parent=13134"}],"wp:term":[{"taxonomy":"category","embeddable":true,"href":"https:\/\/zonacaral.gob.pe\/es\/wp-json\/wp\/v2\/categories?post=13134"},{"taxonomy":"post_tag","embeddable":true,"href":"https:\/\/zonacaral.gob.pe\/es\/wp-json\/wp\/v2\/tags?post=13134"}],"curies":[{"name":"wp","href":"https:\/\/api.w.org\/{rel}","templated":true}]}}