{"id":13257,"date":"2018-09-03T18:17:12","date_gmt":"2018-09-03T23:17:12","guid":{"rendered":"http:\/\/www.zonacaral.gob.pe\/?p=13257"},"modified":"2018-09-03T18:17:12","modified_gmt":"2018-09-03T23:17:12","slug":"vichama-cultura-viva-al-norte-de-lima","status":"publish","type":"post","link":"https:\/\/zonacaral.gob.pe\/es\/noticias\/vichama-cultura-viva-al-norte-de-lima\/","title":{"rendered":"Vichama: cultura viva, al norte de Lima"},"content":{"rendered":"<figure class=\"pic-autor\" style=\"color: #4d4d4d; text-align: justify;\"><\/figure>\n<blockquote><p>Como cada a\u00f1o, los visitantes disfrutaron de dos d\u00edas, viernes 31 de agosto y s\u00e1bado 1 de setiembre, llenos de misticismo, historia y diversi\u00f3n.<\/p><\/blockquote>\n<p>Vichama, Ciudad Agropesquera de V\u00e9gueta \u2013 Huaura (1800 \u2013 1500 a.C.), recibi\u00f3 este fin de semana largo a miles de turistas, nacionales y extranjeros, quienes disfrutaron de las actividades programadas por el 11\u00ba Aniversario de este sitio arqueol\u00f3gico y comprobaron que, en Per\u00fa, al norte de Lima, a\u00fan se respira una cultura viva.<\/p>\n<p>El viernes 31 de agosto, una gran fogata, al medio del escenario, fue la compa\u00f1\u00eda ideal para los turistas que quedaron maravillados de la escenificaci\u00f3n del Mito de Vichama y la ceremonia ritual de Pago al Mar y a la Tierra, acto de agradecimiento a los \u2018apus\u2019 por los recursos entregados todo el a\u00f1o.<\/p>\n<p>Adem\u00e1s, para brindar a los visitantes una excelente vista del paisaje cultural-natural nocturno, se iluminaron los Edificios P\u00fablicos de Vichama, as\u00ed como tambi\u00e9n el camino de ingreso al mismo sitio arqueol\u00f3gico.<\/p>\n<p>Al d\u00eda siguiente, s\u00e1bado 1 de setiembre, se desarroll\u00f3 el Vichama Raymi. Un festival de presentaciones art\u00edsticas, gastronom\u00eda y venta de artesan\u00eda del lugar. A todos los visitantes, por aniversario, se les entreg\u00f3 un recuerdo del nuevo hallazgo y pudieron ingresar a conocer la milenaria ciudad de manera gratuita.<\/p>\n<p>Todas las actividades, fueron encabezadas por la Dra. Ruth Shady, directora de la Zona Arqueol\u00f3gica Caral (ZAC), UE 003 del Ministerio de Cultura, quien dirigi\u00f3 la visita oficial al Museo de V\u00e9gueta, ubicado en la plaza principal de dicho distrito, y a la zona arqueol\u00f3gica.<\/p>\n<p>Vichama, Ciudad Agropesquera de V\u00e9gueta \u2013 Huaura, cumpli\u00f3 11 a\u00f1os de puesta en valor, de investigaci\u00f3n y conservaci\u00f3n de monumentos, difusi\u00f3n y trabajo social con la poblaci\u00f3n actual.<\/p>\n<p>DATOS\u2028\u2028Este \u00faltimo a\u00f1o se ha logrado importantes avances en la comprensi\u00f3n de esta sociedad que se construy\u00f3 entre los 3800 a 3500 a\u00f1os antes del presente los 22 edificios en un espacio de 25 hect\u00e1reas.<\/p>\n<p>Se han realizado diferentes hallazgos, siendo el \u00faltimo un muro con relieves donde se aprecian cuatro cabezas de personas muertas, rodeadas por dos serpientes que confluyen en un mismo lugar apuntando su mirada a una semilla antromorfizada; que significar\u00eda la fertilidad de la tierra. (Conoce m\u00e1s sobre el hallazgo\u00a0<a href=\"http:\/\/www.zonacaral.gob.pe\/noticias\/hallan-nuevos-relieves-de-3800-anos-de-antiguedad-relacionados-con-el-cambio-climatico\/\"><strong>aqu\u00ed<\/strong><\/a>)<\/p>\n<p>Los pobladores del lugar hicieron diversas im\u00e1genes en sus construcciones relacionados al cambio clim\u00e1tico que afrontaron. Asimismo, se hallaron ofrendas en las que se destaca el importante rol de la mujer.<\/p>\n<p>El sitio arqueol\u00f3gico de Vichama puede ser visitado de lunes a domingo, incluyendo feriados, de 9:00 a.m. a 5:00 p.m. Se encuentra a dos horas y media de Lima, a la altura de kil\u00f3metro 159 de la Panamericana Norte. (Conoce m\u00e1s sobre c\u00f3mo llegar a Vichama\u00a0<a href=\"http:\/\/www.zonacaral.gob.pe\/conoce-caral\/como-llegar-a-vichama\/\"><strong>aqu\u00ed<\/strong><\/a>)<\/p>\n<p>Adem\u00e1s de visitar este lugar ancestral, pueden visitar en V\u00e9gueta la campi\u00f1a del mismo nombre, la Hacienda Ruquia, la Isla Don Mart\u00edn, Las Alb\u00faferas de Medio Mundo, entre otros lugares.<\/p>\n<p>&nbsp;<\/p>\n<p style=\"text-align: justify;\"><span style=\"color: #993300;\"><strong>Fuente<\/strong><strong>: Prensa ZAC<\/strong><\/span><\/p>\n<div style=\"color: #1f1f1f;\">\n<p style=\"text-align: justify;\">Fecha de publicaci\u00f3n: 03\/09\/2018<\/p>\n<\/div>\n","protected":false},"excerpt":{"rendered":"<p>Como cada a\u00f1o, los visitantes disfrutaron de dos d\u00edas, viernes 31 de agosto y s\u00e1bado 1 de setiembre, llenos de [&hellip;]<\/p>\n","protected":false},"author":1,"featured_media":13260,"comment_status":"closed","ping_status":"open","sticky":false,"template":"","format":"standard","meta":{"_acf_changed":false,"site-sidebar-layout":"default","site-content-layout":"","ast-site-content-layout":"default","site-content-style":"default","site-sidebar-style":"default","ast-global-header-display":"","ast-banner-title-visibility":"","ast-main-header-display":"","ast-hfb-above-header-display":"","ast-hfb-below-header-display":"","ast-hfb-mobile-header-display":"","site-post-title":"","ast-breadcrumbs-content":"","ast-featured-img":"","footer-sml-layout":"","ast-disable-related-posts":"","theme-transparent-header-meta":"","adv-header-id-meta":"","stick-header-meta":"","header-above-stick-meta":"","header-main-stick-meta":"","header-below-stick-meta":"","astra-migrate-meta-layouts":"default","ast-page-background-enabled":"default","ast-page-background-meta":{"desktop":{"background-color":"var(--ast-global-color-5)","background-image":"","background-repeat":"repeat","background-position":"center center","background-size":"auto","background-attachment":"scroll","background-type":"","background-media":"","overlay-type":"","overlay-color":"","overlay-opacity":"","overlay-gradient":""},"tablet":{"background-color":"","background-image":"","background-repeat":"repeat","background-position":"center center","background-size":"auto","background-attachment":"scroll","background-type":"","background-media":"","overlay-type":"","overlay-color":"","overlay-opacity":"","overlay-gradient":""},"mobile":{"background-color":"","background-image":"","background-repeat":"repeat","background-position":"center center","background-size":"auto","background-attachment":"scroll","background-type":"","background-media":"","overlay-type":"","overlay-color":"","overlay-opacity":"","overlay-gradient":""}},"ast-content-background-meta":{"desktop":{"background-color":"var(--ast-global-color-4)","background-image":"","background-repeat":"repeat","background-position":"center center","background-size":"auto","background-attachment":"scroll","background-type":"","background-media":"","overlay-type":"","overlay-color":"","overlay-opacity":"","overlay-gradient":""},"tablet":{"background-color":"var(--ast-global-color-4)","background-image":"","background-repeat":"repeat","background-position":"center center","background-size":"auto","background-attachment":"scroll","background-type":"","background-media":"","overlay-type":"","overlay-color":"","overlay-opacity":"","overlay-gradient":""},"mobile":{"background-color":"var(--ast-global-color-4)","background-image":"","background-repeat":"repeat","background-position":"center center","background-size":"auto","background-attachment":"scroll","background-type":"","background-media":"","overlay-type":"","overlay-color":"","overlay-opacity":"","overlay-gradient":""}},"footnotes":""},"categories":[208],"tags":[54,82,61],"class_list":["post-13257","post","type-post","status-publish","format-standard","has-post-thumbnail","hentry","category-noticias","tag-aniversario","tag-ruth-shady","tag-vichama"],"acf":[],"yoast_head":"<!-- This site is optimized with the Yoast SEO plugin v27.3 - https:\/\/yoast.com\/product\/yoast-seo-wordpress\/ -->\n<title>Vichama: cultura viva, al norte de Lima<\/title>\n<meta name=\"description\" content=\"Vichama, Ciudad Agropesquera de V\u00e9gueta \u2013 Huaura (1800 \u2013 1500 a.C.), recibi\u00f3 este fin de semana largo a miles de turistas, nacionales y extranjeros, quienes disfrutaron de las actividades programadas por el 11\u00ba Aniversario de este sitio arqueol\u00f3gico y comprobaron que, en Per\u00fa, al norte de Lima, a\u00fan se respira una cultura viva.\" \/>\n<meta name=\"robots\" content=\"index, follow, max-snippet:-1, max-image-preview:large, max-video-preview:-1\" \/>\n<link rel=\"canonical\" href=\"https:\/\/zonacaral.gob.pe\/es\/noticias\/vichama-cultura-viva-al-norte-de-lima\/\" \/>\n<meta property=\"og:locale\" content=\"es_ES\" \/>\n<meta property=\"og:type\" content=\"article\" \/>\n<meta property=\"og:title\" content=\"Vichama: cultura viva, al norte de Lima\" \/>\n<meta property=\"og:description\" content=\"Vichama, Ciudad Agropesquera de V\u00e9gueta \u2013 Huaura (1800 \u2013 1500 a.C.), recibi\u00f3 este fin de semana largo a miles de turistas, nacionales y extranjeros, quienes disfrutaron de las actividades programadas por el 11\u00ba Aniversario de este sitio arqueol\u00f3gico y comprobaron que, en Per\u00fa, al norte de Lima, a\u00fan se respira una cultura viva.\" \/>\n<meta property=\"og:url\" content=\"https:\/\/zonacaral.gob.pe\/es\/noticias\/vichama-cultura-viva-al-norte-de-lima\/\" \/>\n<meta property=\"og:site_name\" content=\"Zona Caral\" \/>\n<meta property=\"article:published_time\" content=\"2018-09-03T23:17:12+00:00\" \/>\n<meta property=\"og:image\" content=\"https:\/\/zonacaral.gob.pe\/wp-content\/uploads\/2018\/09\/11-vichama-3.jpg\" \/>\n\t<meta property=\"og:image:width\" content=\"900\" \/>\n\t<meta property=\"og:image:height\" content=\"600\" \/>\n\t<meta property=\"og:image:type\" content=\"image\/jpeg\" \/>\n<meta name=\"author\" content=\"Zona Caral Administrador\" \/>\n<meta name=\"twitter:card\" content=\"summary_large_image\" \/>\n<meta name=\"twitter:label1\" content=\"Written by\" \/>\n\t<meta name=\"twitter:data1\" content=\"Zona Caral Administrador\" \/>\n\t<meta name=\"twitter:label2\" content=\"Est. reading time\" \/>\n\t<meta name=\"twitter:data2\" content=\"3 minutos\" \/>\n<script type=\"application\/ld+json\" class=\"yoast-schema-graph\">{\"@context\":\"https:\\\/\\\/schema.org\",\"@graph\":[{\"@type\":\"Article\",\"@id\":\"https:\\\/\\\/zonacaral.gob.pe\\\/es\\\/noticias\\\/vichama-cultura-viva-al-norte-de-lima\\\/#article\",\"isPartOf\":{\"@id\":\"https:\\\/\\\/zonacaral.gob.pe\\\/es\\\/noticias\\\/vichama-cultura-viva-al-norte-de-lima\\\/\"},\"author\":{\"name\":\"Zona Caral Administrador\",\"@id\":\"https:\\\/\\\/zonacaral.gob.pe\\\/es\\\/#\\\/schema\\\/person\\\/beddb4d22f71a7230c5b90913270a0ee\"},\"headline\":\"Vichama: cultura viva, al norte de Lima\",\"datePublished\":\"2018-09-03T23:17:12+00:00\",\"mainEntityOfPage\":{\"@id\":\"https:\\\/\\\/zonacaral.gob.pe\\\/es\\\/noticias\\\/vichama-cultura-viva-al-norte-de-lima\\\/\"},\"wordCount\":522,\"image\":{\"@id\":\"https:\\\/\\\/zonacaral.gob.pe\\\/es\\\/noticias\\\/vichama-cultura-viva-al-norte-de-lima\\\/#primaryimage\"},\"thumbnailUrl\":\"https:\\\/\\\/zonacaral.gob.pe\\\/wp-content\\\/uploads\\\/2018\\\/09\\\/11-vichama-3.jpg\",\"keywords\":[\"aniversario\",\"Ruth Shady\",\"vichama\"],\"articleSection\":[\"noticias\"],\"inLanguage\":\"es-PE\"},{\"@type\":\"WebPage\",\"@id\":\"https:\\\/\\\/zonacaral.gob.pe\\\/es\\\/noticias\\\/vichama-cultura-viva-al-norte-de-lima\\\/\",\"url\":\"https:\\\/\\\/zonacaral.gob.pe\\\/es\\\/noticias\\\/vichama-cultura-viva-al-norte-de-lima\\\/\",\"name\":\"Vichama: cultura viva, al norte de Lima\",\"isPartOf\":{\"@id\":\"https:\\\/\\\/zonacaral.gob.pe\\\/es\\\/#website\"},\"primaryImageOfPage\":{\"@id\":\"https:\\\/\\\/zonacaral.gob.pe\\\/es\\\/noticias\\\/vichama-cultura-viva-al-norte-de-lima\\\/#primaryimage\"},\"image\":{\"@id\":\"https:\\\/\\\/zonacaral.gob.pe\\\/es\\\/noticias\\\/vichama-cultura-viva-al-norte-de-lima\\\/#primaryimage\"},\"thumbnailUrl\":\"https:\\\/\\\/zonacaral.gob.pe\\\/wp-content\\\/uploads\\\/2018\\\/09\\\/11-vichama-3.jpg\",\"datePublished\":\"2018-09-03T23:17:12+00:00\",\"author\":{\"@id\":\"https:\\\/\\\/zonacaral.gob.pe\\\/es\\\/#\\\/schema\\\/person\\\/beddb4d22f71a7230c5b90913270a0ee\"},\"description\":\"Vichama, Ciudad Agropesquera de V\u00e9gueta \u2013 Huaura (1800 \u2013 1500 a.C.), recibi\u00f3 este fin de semana largo a miles de turistas, nacionales y extranjeros, quienes disfrutaron de las actividades programadas por el 11\u00ba Aniversario de este sitio arqueol\u00f3gico y comprobaron que, en Per\u00fa, al norte de Lima, a\u00fan se respira una cultura viva.\",\"breadcrumb\":{\"@id\":\"https:\\\/\\\/zonacaral.gob.pe\\\/es\\\/noticias\\\/vichama-cultura-viva-al-norte-de-lima\\\/#breadcrumb\"},\"inLanguage\":\"es-PE\",\"potentialAction\":[{\"@type\":\"ReadAction\",\"target\":[\"https:\\\/\\\/zonacaral.gob.pe\\\/es\\\/noticias\\\/vichama-cultura-viva-al-norte-de-lima\\\/\"]}]},{\"@type\":\"ImageObject\",\"inLanguage\":\"es-PE\",\"@id\":\"https:\\\/\\\/zonacaral.gob.pe\\\/es\\\/noticias\\\/vichama-cultura-viva-al-norte-de-lima\\\/#primaryimage\",\"url\":\"https:\\\/\\\/zonacaral.gob.pe\\\/wp-content\\\/uploads\\\/2018\\\/09\\\/11-vichama-3.jpg\",\"contentUrl\":\"https:\\\/\\\/zonacaral.gob.pe\\\/wp-content\\\/uploads\\\/2018\\\/09\\\/11-vichama-3.jpg\",\"width\":900,\"height\":600},{\"@type\":\"BreadcrumbList\",\"@id\":\"https:\\\/\\\/zonacaral.gob.pe\\\/es\\\/noticias\\\/vichama-cultura-viva-al-norte-de-lima\\\/#breadcrumb\",\"itemListElement\":[{\"@type\":\"ListItem\",\"position\":1,\"name\":\"Portada\",\"item\":\"https:\\\/\\\/zonacaral.gob.pe\\\/\"},{\"@type\":\"ListItem\",\"position\":2,\"name\":\"Vichama: cultura viva, al norte de Lima\"}]},{\"@type\":\"WebSite\",\"@id\":\"https:\\\/\\\/zonacaral.gob.pe\\\/es\\\/#website\",\"url\":\"https:\\\/\\\/zonacaral.gob.pe\\\/es\\\/\",\"name\":\"Zona Caral\",\"description\":\"Investigamos, conservamos y difundimos el patrimonio cultural de la Civilizaci\u00f3n Caral, la m\u00e1s antigua de Am\u00e9rica.\",\"potentialAction\":[{\"@type\":\"SearchAction\",\"target\":{\"@type\":\"EntryPoint\",\"urlTemplate\":\"https:\\\/\\\/zonacaral.gob.pe\\\/es\\\/?s={search_term_string}\"},\"query-input\":{\"@type\":\"PropertyValueSpecification\",\"valueRequired\":true,\"valueName\":\"search_term_string\"}}],\"inLanguage\":\"es-PE\"},{\"@type\":\"Person\",\"@id\":\"https:\\\/\\\/zonacaral.gob.pe\\\/es\\\/#\\\/schema\\\/person\\\/beddb4d22f71a7230c5b90913270a0ee\",\"name\":\"Zona Caral Administrador\",\"image\":{\"@type\":\"ImageObject\",\"inLanguage\":\"es-PE\",\"@id\":\"https:\\\/\\\/secure.gravatar.com\\\/avatar\\\/e4be162918a696358376de6446614e0f0f4062bdc5d170d6d540ada3d8b58c12?s=96&d=mm&r=g\",\"url\":\"https:\\\/\\\/secure.gravatar.com\\\/avatar\\\/e4be162918a696358376de6446614e0f0f4062bdc5d170d6d540ada3d8b58c12?s=96&d=mm&r=g\",\"contentUrl\":\"https:\\\/\\\/secure.gravatar.com\\\/avatar\\\/e4be162918a696358376de6446614e0f0f4062bdc5d170d6d540ada3d8b58c12?s=96&d=mm&r=g\",\"caption\":\"Zona Caral Administrador\"},\"sameAs\":[\"https:\\\/\\\/zonacaral.gob.pe\"],\"url\":\"https:\\\/\\\/zonacaral.gob.pe\\\/es\\\/noticias\\\/author\\\/ad_zonacaral\\\/\"}]}<\/script>\n<!-- \/ Yoast SEO plugin. -->","yoast_head_json":{"title":"Vichama: cultura viva, al norte de Lima","description":"Vichama, Ciudad Agropesquera de V\u00e9gueta \u2013 Huaura (1800 \u2013 1500 a.C.), recibi\u00f3 este fin de semana largo a miles de turistas, nacionales y extranjeros, quienes disfrutaron de las actividades programadas por el 11\u00ba Aniversario de este sitio arqueol\u00f3gico y comprobaron que, en Per\u00fa, al norte de Lima, a\u00fan se respira una cultura viva.","robots":{"index":"index","follow":"follow","max-snippet":"max-snippet:-1","max-image-preview":"max-image-preview:large","max-video-preview":"max-video-preview:-1"},"canonical":"https:\/\/zonacaral.gob.pe\/es\/noticias\/vichama-cultura-viva-al-norte-de-lima\/","og_locale":"es_ES","og_type":"article","og_title":"Vichama: cultura viva, al norte de Lima","og_description":"Vichama, Ciudad Agropesquera de V\u00e9gueta \u2013 Huaura (1800 \u2013 1500 a.C.), recibi\u00f3 este fin de semana largo a miles de turistas, nacionales y extranjeros, quienes disfrutaron de las actividades programadas por el 11\u00ba Aniversario de este sitio arqueol\u00f3gico y comprobaron que, en Per\u00fa, al norte de Lima, a\u00fan se respira una cultura viva.","og_url":"https:\/\/zonacaral.gob.pe\/es\/noticias\/vichama-cultura-viva-al-norte-de-lima\/","og_site_name":"Zona Caral","article_published_time":"2018-09-03T23:17:12+00:00","og_image":[{"width":900,"height":600,"url":"https:\/\/zonacaral.gob.pe\/wp-content\/uploads\/2018\/09\/11-vichama-3.jpg","type":"image\/jpeg"}],"author":"Zona Caral Administrador","twitter_card":"summary_large_image","twitter_misc":{"Written by":"Zona Caral Administrador","Est. reading time":"3 minutos"},"schema":{"@context":"https:\/\/schema.org","@graph":[{"@type":"Article","@id":"https:\/\/zonacaral.gob.pe\/es\/noticias\/vichama-cultura-viva-al-norte-de-lima\/#article","isPartOf":{"@id":"https:\/\/zonacaral.gob.pe\/es\/noticias\/vichama-cultura-viva-al-norte-de-lima\/"},"author":{"name":"Zona Caral Administrador","@id":"https:\/\/zonacaral.gob.pe\/es\/#\/schema\/person\/beddb4d22f71a7230c5b90913270a0ee"},"headline":"Vichama: cultura viva, al norte de Lima","datePublished":"2018-09-03T23:17:12+00:00","mainEntityOfPage":{"@id":"https:\/\/zonacaral.gob.pe\/es\/noticias\/vichama-cultura-viva-al-norte-de-lima\/"},"wordCount":522,"image":{"@id":"https:\/\/zonacaral.gob.pe\/es\/noticias\/vichama-cultura-viva-al-norte-de-lima\/#primaryimage"},"thumbnailUrl":"https:\/\/zonacaral.gob.pe\/wp-content\/uploads\/2018\/09\/11-vichama-3.jpg","keywords":["aniversario","Ruth Shady","vichama"],"articleSection":["noticias"],"inLanguage":"es-PE"},{"@type":"WebPage","@id":"https:\/\/zonacaral.gob.pe\/es\/noticias\/vichama-cultura-viva-al-norte-de-lima\/","url":"https:\/\/zonacaral.gob.pe\/es\/noticias\/vichama-cultura-viva-al-norte-de-lima\/","name":"Vichama: cultura viva, al norte de Lima","isPartOf":{"@id":"https:\/\/zonacaral.gob.pe\/es\/#website"},"primaryImageOfPage":{"@id":"https:\/\/zonacaral.gob.pe\/es\/noticias\/vichama-cultura-viva-al-norte-de-lima\/#primaryimage"},"image":{"@id":"https:\/\/zonacaral.gob.pe\/es\/noticias\/vichama-cultura-viva-al-norte-de-lima\/#primaryimage"},"thumbnailUrl":"https:\/\/zonacaral.gob.pe\/wp-content\/uploads\/2018\/09\/11-vichama-3.jpg","datePublished":"2018-09-03T23:17:12+00:00","author":{"@id":"https:\/\/zonacaral.gob.pe\/es\/#\/schema\/person\/beddb4d22f71a7230c5b90913270a0ee"},"description":"Vichama, Ciudad Agropesquera de V\u00e9gueta \u2013 Huaura (1800 \u2013 1500 a.C.), recibi\u00f3 este fin de semana largo a miles de turistas, nacionales y extranjeros, quienes disfrutaron de las actividades programadas por el 11\u00ba Aniversario de este sitio arqueol\u00f3gico y comprobaron que, en Per\u00fa, al norte de Lima, a\u00fan se respira una cultura viva.","breadcrumb":{"@id":"https:\/\/zonacaral.gob.pe\/es\/noticias\/vichama-cultura-viva-al-norte-de-lima\/#breadcrumb"},"inLanguage":"es-PE","potentialAction":[{"@type":"ReadAction","target":["https:\/\/zonacaral.gob.pe\/es\/noticias\/vichama-cultura-viva-al-norte-de-lima\/"]}]},{"@type":"ImageObject","inLanguage":"es-PE","@id":"https:\/\/zonacaral.gob.pe\/es\/noticias\/vichama-cultura-viva-al-norte-de-lima\/#primaryimage","url":"https:\/\/zonacaral.gob.pe\/wp-content\/uploads\/2018\/09\/11-vichama-3.jpg","contentUrl":"https:\/\/zonacaral.gob.pe\/wp-content\/uploads\/2018\/09\/11-vichama-3.jpg","width":900,"height":600},{"@type":"BreadcrumbList","@id":"https:\/\/zonacaral.gob.pe\/es\/noticias\/vichama-cultura-viva-al-norte-de-lima\/#breadcrumb","itemListElement":[{"@type":"ListItem","position":1,"name":"Portada","item":"https:\/\/zonacaral.gob.pe\/"},{"@type":"ListItem","position":2,"name":"Vichama: cultura viva, al norte de Lima"}]},{"@type":"WebSite","@id":"https:\/\/zonacaral.gob.pe\/es\/#website","url":"https:\/\/zonacaral.gob.pe\/es\/","name":"Zona Caral","description":"Investigamos, conservamos y difundimos el patrimonio cultural de la Civilizaci\u00f3n Caral, la m\u00e1s antigua de Am\u00e9rica.","potentialAction":[{"@type":"SearchAction","target":{"@type":"EntryPoint","urlTemplate":"https:\/\/zonacaral.gob.pe\/es\/?s={search_term_string}"},"query-input":{"@type":"PropertyValueSpecification","valueRequired":true,"valueName":"search_term_string"}}],"inLanguage":"es-PE"},{"@type":"Person","@id":"https:\/\/zonacaral.gob.pe\/es\/#\/schema\/person\/beddb4d22f71a7230c5b90913270a0ee","name":"Zona Caral Administrador","image":{"@type":"ImageObject","inLanguage":"es-PE","@id":"https:\/\/secure.gravatar.com\/avatar\/e4be162918a696358376de6446614e0f0f4062bdc5d170d6d540ada3d8b58c12?s=96&d=mm&r=g","url":"https:\/\/secure.gravatar.com\/avatar\/e4be162918a696358376de6446614e0f0f4062bdc5d170d6d540ada3d8b58c12?s=96&d=mm&r=g","contentUrl":"https:\/\/secure.gravatar.com\/avatar\/e4be162918a696358376de6446614e0f0f4062bdc5d170d6d540ada3d8b58c12?s=96&d=mm&r=g","caption":"Zona Caral Administrador"},"sameAs":["https:\/\/zonacaral.gob.pe"],"url":"https:\/\/zonacaral.gob.pe\/es\/noticias\/author\/ad_zonacaral\/"}]}},"_links":{"self":[{"href":"https:\/\/zonacaral.gob.pe\/es\/wp-json\/wp\/v2\/posts\/13257","targetHints":{"allow":["GET"]}}],"collection":[{"href":"https:\/\/zonacaral.gob.pe\/es\/wp-json\/wp\/v2\/posts"}],"about":[{"href":"https:\/\/zonacaral.gob.pe\/es\/wp-json\/wp\/v2\/types\/post"}],"author":[{"embeddable":true,"href":"https:\/\/zonacaral.gob.pe\/es\/wp-json\/wp\/v2\/users\/1"}],"replies":[{"embeddable":true,"href":"https:\/\/zonacaral.gob.pe\/es\/wp-json\/wp\/v2\/comments?post=13257"}],"version-history":[{"count":0,"href":"https:\/\/zonacaral.gob.pe\/es\/wp-json\/wp\/v2\/posts\/13257\/revisions"}],"wp:featuredmedia":[{"embeddable":true,"href":"https:\/\/zonacaral.gob.pe\/es\/wp-json\/wp\/v2\/media\/13260"}],"wp:attachment":[{"href":"https:\/\/zonacaral.gob.pe\/es\/wp-json\/wp\/v2\/media?parent=13257"}],"wp:term":[{"taxonomy":"category","embeddable":true,"href":"https:\/\/zonacaral.gob.pe\/es\/wp-json\/wp\/v2\/categories?post=13257"},{"taxonomy":"post_tag","embeddable":true,"href":"https:\/\/zonacaral.gob.pe\/es\/wp-json\/wp\/v2\/tags?post=13257"}],"curies":[{"name":"wp","href":"https:\/\/api.w.org\/{rel}","templated":true}]}}