{"id":13276,"date":"2018-09-10T18:11:43","date_gmt":"2018-09-10T23:11:43","guid":{"rendered":"http:\/\/www.zonacaral.gob.pe\/?p=13276"},"modified":"2018-09-10T18:11:43","modified_gmt":"2018-09-10T23:11:43","slug":"vichama-mural-de-3800-anos-impacto-al-mundo","status":"publish","type":"post","link":"https:\/\/zonacaral.gob.pe\/es\/noticias\/vichama-mural-de-3800-anos-impacto-al-mundo\/","title":{"rendered":"Vichama: mural de 3800 a\u00f1os impact\u00f3 al mundo"},"content":{"rendered":"<figure class=\"pic-autor\" style=\"color: #4d4d4d; text-align: justify;\"><\/figure>\n<blockquote><p>Este sitio arqueol\u00f3gico destaca relatar en sus construcciones la memoria de sus habitantes respecto al cambio clim\u00e1tico que afrontaron hace miles de a\u00f1os.<\/p><\/blockquote>\n<p>El hallazgo de un nuevo muro, decorado con relieves, en la cima de uno de los edificios p\u00fablicos ceremoniales de Vichama, la antigua Ciudad Agropesquera de V\u00e9gueta, provincia de Huaura \u2013 Lima, fue difundido por diversos medios de comunicaci\u00f3n de todo el mundo.<\/p>\n<p>Los medios, de diversos pa\u00edses, resaltaron la importancia y antig\u00fcedad del hallazgo hecho y anunciado por el equipo de arque\u00f3logos de la Zona Arqueol\u00f3gica Caral (ZAC), Unidad Ejecutora 003 del Ministerio de Cultura, bajo la direcci\u00f3n de la Doctora Ruth Shady Sol\u00eds.<\/p>\n<p>Nuevamente Vichama, posa los ojos del mundo en Per\u00fa, con sus impresionantes e interesantes objetos o construcciones, que tienen una antig\u00fcedad de 3800 a\u00f1os, como parte de Caral, la Civilizaci\u00f3n m\u00e1s antigua de Am\u00e9rica.<\/p>\n<p>En su momento los hallazgos fueron:<\/p>\n<p>Las ofrendas de tres esculturas antropomorfas de alto status halladas en el Edificio Las Hornacinas, las cuales han sido consideradas por la revista especializada National Geographic como uno de los 10 hallazgos inolvidables del a\u00f1o 2015.<\/p>\n<p>Tambi\u00e9n se hizo el hallazgo de 34 im\u00e1genes, sobre los muros de Vichama, en lo que se representa a seres antropomorfos, fam\u00e9licos, con el est\u00f3mago vaci\u00f3. Las representaciones de personajes moribundos, esquel\u00e9ticos y de peces, representan los efectos de una cat\u00e1strofe natural que afect\u00f3 a las poblaciones de la costa peruana en \u00e9pocas remotas.<\/p>\n<p>Entre estos hallazgos, tambi\u00e9n destaca el Sal\u00f3n del Sapo Humanizado, el cual contiene el dise\u00f1o de la cara de un sapo con manos, al que le cae un rayo; ambos relacionados con la lluvia.<\/p>\n<p>A estos descubrimientos se a\u00f1adi\u00f3, este a\u00f1o, en el marco del 11\u00ba Aniversario de Vichama, los relieves de cuatro cabezas humanas con los ojos cerrados, una al lado de la otra, y dos serpientes que se desplazan entre ellas, dirigiendo sus cabezas a otra cabeza, no humana, que representar\u00eda una semilla antropomorfizada, de la que salen cinco varillas verticales hincadas en la tierra.<\/p>\n<p>Los relieves simbolizar\u00edan la fertilizaci\u00f3n de la tierra: las serpientes representan a la deidad, vinculada al agua, que filtra en la tierra y hace germinar a la semilla.<\/p>\n<p><iframe style=\"border: none; overflow: hidden;\" src=\"https:\/\/www.facebook.com\/plugins\/video.php?href=https%3A%2F%2Fwww.facebook.com%2FCARALPERU%2Fvideos%2F746027555747133%2F&amp;show_text=0&amp;width=476\" width=\"476\" height=\"700\" frameborder=\"0\" scrolling=\"no\" allowfullscreen=\"allowfullscreen\"><\/iframe><\/p>\n<p>&nbsp;<\/p>\n<p style=\"text-align: justify;\"><span style=\"color: #993300;\"><strong>Fuente<\/strong><strong>: Prensa ZAC<\/strong><\/span><\/p>\n<div style=\"color: #1f1f1f;\">\n<p style=\"text-align: justify;\">Fecha de publicaci\u00f3n: 10\/09\/2018<\/p>\n<\/div>\n","protected":false},"excerpt":{"rendered":"<p>Este sitio arqueol\u00f3gico destaca relatar en sus construcciones la memoria de sus habitantes respecto al cambio clim\u00e1tico que afrontaron hace [&hellip;]<\/p>\n","protected":false},"author":1,"featured_media":13154,"comment_status":"closed","ping_status":"open","sticky":false,"template":"","format":"standard","meta":{"_acf_changed":false,"site-sidebar-layout":"default","site-content-layout":"","ast-site-content-layout":"default","site-content-style":"default","site-sidebar-style":"default","ast-global-header-display":"","ast-banner-title-visibility":"","ast-main-header-display":"","ast-hfb-above-header-display":"","ast-hfb-below-header-display":"","ast-hfb-mobile-header-display":"","site-post-title":"","ast-breadcrumbs-content":"","ast-featured-img":"","footer-sml-layout":"","ast-disable-related-posts":"","theme-transparent-header-meta":"","adv-header-id-meta":"","stick-header-meta":"","header-above-stick-meta":"","header-main-stick-meta":"","header-below-stick-meta":"","astra-migrate-meta-layouts":"default","ast-page-background-enabled":"default","ast-page-background-meta":{"desktop":{"background-color":"var(--ast-global-color-5)","background-image":"","background-repeat":"repeat","background-position":"center center","background-size":"auto","background-attachment":"scroll","background-type":"","background-media":"","overlay-type":"","overlay-color":"","overlay-opacity":"","overlay-gradient":""},"tablet":{"background-color":"","background-image":"","background-repeat":"repeat","background-position":"center center","background-size":"auto","background-attachment":"scroll","background-type":"","background-media":"","overlay-type":"","overlay-color":"","overlay-opacity":"","overlay-gradient":""},"mobile":{"background-color":"","background-image":"","background-repeat":"repeat","background-position":"center center","background-size":"auto","background-attachment":"scroll","background-type":"","background-media":"","overlay-type":"","overlay-color":"","overlay-opacity":"","overlay-gradient":""}},"ast-content-background-meta":{"desktop":{"background-color":"var(--ast-global-color-4)","background-image":"","background-repeat":"repeat","background-position":"center center","background-size":"auto","background-attachment":"scroll","background-type":"","background-media":"","overlay-type":"","overlay-color":"","overlay-opacity":"","overlay-gradient":""},"tablet":{"background-color":"var(--ast-global-color-4)","background-image":"","background-repeat":"repeat","background-position":"center center","background-size":"auto","background-attachment":"scroll","background-type":"","background-media":"","overlay-type":"","overlay-color":"","overlay-opacity":"","overlay-gradient":""},"mobile":{"background-color":"var(--ast-global-color-4)","background-image":"","background-repeat":"repeat","background-position":"center center","background-size":"auto","background-attachment":"scroll","background-type":"","background-media":"","overlay-type":"","overlay-color":"","overlay-opacity":"","overlay-gradient":""}},"footnotes":""},"categories":[208],"tags":[54,159,175,82,61],"class_list":["post-13276","post","type-post","status-publish","format-standard","has-post-thumbnail","hentry","category-noticias","tag-aniversario","tag-hallazgo","tag-mural","tag-ruth-shady","tag-vichama"],"acf":[],"yoast_head":"<!-- This site is optimized with the Yoast SEO plugin v27.3 - https:\/\/yoast.com\/product\/yoast-seo-wordpress\/ -->\n<title>Vichama: mural de 3800 a\u00f1os impact\u00f3 al mundo<\/title>\n<meta name=\"description\" content=\"Este sitio arqueol\u00f3gico destaca relatar en sus construcciones la memoria de sus habitantes respecto al cambio clim\u00e1tico que afrontaron hace miles de a\u00f1os.\" \/>\n<meta name=\"robots\" content=\"index, follow, max-snippet:-1, max-image-preview:large, max-video-preview:-1\" \/>\n<link rel=\"canonical\" href=\"https:\/\/zonacaral.gob.pe\/es\/noticias\/vichama-mural-de-3800-anos-impacto-al-mundo\/\" \/>\n<meta property=\"og:locale\" content=\"es_ES\" \/>\n<meta property=\"og:type\" content=\"article\" \/>\n<meta property=\"og:title\" content=\"Vichama: mural de 3800 a\u00f1os impact\u00f3 al mundo\" \/>\n<meta property=\"og:description\" content=\"Este sitio arqueol\u00f3gico destaca relatar en sus construcciones la memoria de sus habitantes respecto al cambio clim\u00e1tico que afrontaron hace miles de a\u00f1os.\" \/>\n<meta property=\"og:url\" content=\"https:\/\/zonacaral.gob.pe\/es\/noticias\/vichama-mural-de-3800-anos-impacto-al-mundo\/\" \/>\n<meta property=\"og:site_name\" content=\"Zona Caral\" \/>\n<meta property=\"article:published_time\" content=\"2018-09-10T23:11:43+00:00\" \/>\n<meta property=\"og:image\" content=\"https:\/\/zonacaral.gob.pe\/wp-content\/uploads\/2018\/08\/web-nota-hallazgo.png\" \/>\n\t<meta property=\"og:image:width\" content=\"810\" \/>\n\t<meta property=\"og:image:height\" content=\"410\" \/>\n\t<meta property=\"og:image:type\" content=\"image\/png\" \/>\n<meta name=\"author\" content=\"Zona Caral Administrador\" \/>\n<meta name=\"twitter:card\" content=\"summary_large_image\" \/>\n<meta name=\"twitter:label1\" content=\"Written by\" \/>\n\t<meta name=\"twitter:data1\" content=\"Zona Caral Administrador\" \/>\n\t<meta name=\"twitter:label2\" content=\"Est. reading time\" \/>\n\t<meta name=\"twitter:data2\" content=\"2 minutos\" \/>\n<script type=\"application\/ld+json\" class=\"yoast-schema-graph\">{\"@context\":\"https:\\\/\\\/schema.org\",\"@graph\":[{\"@type\":\"Article\",\"@id\":\"https:\\\/\\\/zonacaral.gob.pe\\\/es\\\/noticias\\\/vichama-mural-de-3800-anos-impacto-al-mundo\\\/#article\",\"isPartOf\":{\"@id\":\"https:\\\/\\\/zonacaral.gob.pe\\\/es\\\/noticias\\\/vichama-mural-de-3800-anos-impacto-al-mundo\\\/\"},\"author\":{\"name\":\"Zona Caral Administrador\",\"@id\":\"https:\\\/\\\/zonacaral.gob.pe\\\/es\\\/#\\\/schema\\\/person\\\/beddb4d22f71a7230c5b90913270a0ee\"},\"headline\":\"Vichama: mural de 3800 a\u00f1os impact\u00f3 al mundo\",\"datePublished\":\"2018-09-10T23:11:43+00:00\",\"mainEntityOfPage\":{\"@id\":\"https:\\\/\\\/zonacaral.gob.pe\\\/es\\\/noticias\\\/vichama-mural-de-3800-anos-impacto-al-mundo\\\/\"},\"wordCount\":404,\"image\":{\"@id\":\"https:\\\/\\\/zonacaral.gob.pe\\\/es\\\/noticias\\\/vichama-mural-de-3800-anos-impacto-al-mundo\\\/#primaryimage\"},\"thumbnailUrl\":\"https:\\\/\\\/zonacaral.gob.pe\\\/wp-content\\\/uploads\\\/2018\\\/08\\\/web-nota-hallazgo.png\",\"keywords\":[\"aniversario\",\"hallazgo\",\"Mural\",\"Ruth Shady\",\"vichama\"],\"articleSection\":[\"noticias\"],\"inLanguage\":\"es-PE\"},{\"@type\":\"WebPage\",\"@id\":\"https:\\\/\\\/zonacaral.gob.pe\\\/es\\\/noticias\\\/vichama-mural-de-3800-anos-impacto-al-mundo\\\/\",\"url\":\"https:\\\/\\\/zonacaral.gob.pe\\\/es\\\/noticias\\\/vichama-mural-de-3800-anos-impacto-al-mundo\\\/\",\"name\":\"Vichama: mural de 3800 a\u00f1os impact\u00f3 al mundo\",\"isPartOf\":{\"@id\":\"https:\\\/\\\/zonacaral.gob.pe\\\/es\\\/#website\"},\"primaryImageOfPage\":{\"@id\":\"https:\\\/\\\/zonacaral.gob.pe\\\/es\\\/noticias\\\/vichama-mural-de-3800-anos-impacto-al-mundo\\\/#primaryimage\"},\"image\":{\"@id\":\"https:\\\/\\\/zonacaral.gob.pe\\\/es\\\/noticias\\\/vichama-mural-de-3800-anos-impacto-al-mundo\\\/#primaryimage\"},\"thumbnailUrl\":\"https:\\\/\\\/zonacaral.gob.pe\\\/wp-content\\\/uploads\\\/2018\\\/08\\\/web-nota-hallazgo.png\",\"datePublished\":\"2018-09-10T23:11:43+00:00\",\"author\":{\"@id\":\"https:\\\/\\\/zonacaral.gob.pe\\\/es\\\/#\\\/schema\\\/person\\\/beddb4d22f71a7230c5b90913270a0ee\"},\"description\":\"Este sitio arqueol\u00f3gico destaca relatar en sus construcciones la memoria de sus habitantes respecto al cambio clim\u00e1tico que afrontaron hace miles de a\u00f1os.\",\"breadcrumb\":{\"@id\":\"https:\\\/\\\/zonacaral.gob.pe\\\/es\\\/noticias\\\/vichama-mural-de-3800-anos-impacto-al-mundo\\\/#breadcrumb\"},\"inLanguage\":\"es-PE\",\"potentialAction\":[{\"@type\":\"ReadAction\",\"target\":[\"https:\\\/\\\/zonacaral.gob.pe\\\/es\\\/noticias\\\/vichama-mural-de-3800-anos-impacto-al-mundo\\\/\"]}]},{\"@type\":\"ImageObject\",\"inLanguage\":\"es-PE\",\"@id\":\"https:\\\/\\\/zonacaral.gob.pe\\\/es\\\/noticias\\\/vichama-mural-de-3800-anos-impacto-al-mundo\\\/#primaryimage\",\"url\":\"https:\\\/\\\/zonacaral.gob.pe\\\/wp-content\\\/uploads\\\/2018\\\/08\\\/web-nota-hallazgo.png\",\"contentUrl\":\"https:\\\/\\\/zonacaral.gob.pe\\\/wp-content\\\/uploads\\\/2018\\\/08\\\/web-nota-hallazgo.png\",\"width\":810,\"height\":410},{\"@type\":\"BreadcrumbList\",\"@id\":\"https:\\\/\\\/zonacaral.gob.pe\\\/es\\\/noticias\\\/vichama-mural-de-3800-anos-impacto-al-mundo\\\/#breadcrumb\",\"itemListElement\":[{\"@type\":\"ListItem\",\"position\":1,\"name\":\"Portada\",\"item\":\"https:\\\/\\\/zonacaral.gob.pe\\\/\"},{\"@type\":\"ListItem\",\"position\":2,\"name\":\"Vichama: mural de 3800 a\u00f1os impact\u00f3 al mundo\"}]},{\"@type\":\"WebSite\",\"@id\":\"https:\\\/\\\/zonacaral.gob.pe\\\/es\\\/#website\",\"url\":\"https:\\\/\\\/zonacaral.gob.pe\\\/es\\\/\",\"name\":\"Zona Caral\",\"description\":\"Investigamos, conservamos y difundimos el patrimonio cultural de la Civilizaci\u00f3n Caral, la m\u00e1s antigua de Am\u00e9rica.\",\"potentialAction\":[{\"@type\":\"SearchAction\",\"target\":{\"@type\":\"EntryPoint\",\"urlTemplate\":\"https:\\\/\\\/zonacaral.gob.pe\\\/es\\\/?s={search_term_string}\"},\"query-input\":{\"@type\":\"PropertyValueSpecification\",\"valueRequired\":true,\"valueName\":\"search_term_string\"}}],\"inLanguage\":\"es-PE\"},{\"@type\":\"Person\",\"@id\":\"https:\\\/\\\/zonacaral.gob.pe\\\/es\\\/#\\\/schema\\\/person\\\/beddb4d22f71a7230c5b90913270a0ee\",\"name\":\"Zona Caral Administrador\",\"image\":{\"@type\":\"ImageObject\",\"inLanguage\":\"es-PE\",\"@id\":\"https:\\\/\\\/secure.gravatar.com\\\/avatar\\\/e4be162918a696358376de6446614e0f0f4062bdc5d170d6d540ada3d8b58c12?s=96&d=mm&r=g\",\"url\":\"https:\\\/\\\/secure.gravatar.com\\\/avatar\\\/e4be162918a696358376de6446614e0f0f4062bdc5d170d6d540ada3d8b58c12?s=96&d=mm&r=g\",\"contentUrl\":\"https:\\\/\\\/secure.gravatar.com\\\/avatar\\\/e4be162918a696358376de6446614e0f0f4062bdc5d170d6d540ada3d8b58c12?s=96&d=mm&r=g\",\"caption\":\"Zona Caral Administrador\"},\"sameAs\":[\"https:\\\/\\\/zonacaral.gob.pe\"],\"url\":\"https:\\\/\\\/zonacaral.gob.pe\\\/es\\\/noticias\\\/author\\\/ad_zonacaral\\\/\"}]}<\/script>\n<!-- \/ Yoast SEO plugin. -->","yoast_head_json":{"title":"Vichama: mural de 3800 a\u00f1os impact\u00f3 al mundo","description":"Este sitio arqueol\u00f3gico destaca relatar en sus construcciones la memoria de sus habitantes respecto al cambio clim\u00e1tico que afrontaron hace miles de a\u00f1os.","robots":{"index":"index","follow":"follow","max-snippet":"max-snippet:-1","max-image-preview":"max-image-preview:large","max-video-preview":"max-video-preview:-1"},"canonical":"https:\/\/zonacaral.gob.pe\/es\/noticias\/vichama-mural-de-3800-anos-impacto-al-mundo\/","og_locale":"es_ES","og_type":"article","og_title":"Vichama: mural de 3800 a\u00f1os impact\u00f3 al mundo","og_description":"Este sitio arqueol\u00f3gico destaca relatar en sus construcciones la memoria de sus habitantes respecto al cambio clim\u00e1tico que afrontaron hace miles de a\u00f1os.","og_url":"https:\/\/zonacaral.gob.pe\/es\/noticias\/vichama-mural-de-3800-anos-impacto-al-mundo\/","og_site_name":"Zona Caral","article_published_time":"2018-09-10T23:11:43+00:00","og_image":[{"width":810,"height":410,"url":"https:\/\/zonacaral.gob.pe\/wp-content\/uploads\/2018\/08\/web-nota-hallazgo.png","type":"image\/png"}],"author":"Zona Caral Administrador","twitter_card":"summary_large_image","twitter_misc":{"Written by":"Zona Caral Administrador","Est. reading time":"2 minutos"},"schema":{"@context":"https:\/\/schema.org","@graph":[{"@type":"Article","@id":"https:\/\/zonacaral.gob.pe\/es\/noticias\/vichama-mural-de-3800-anos-impacto-al-mundo\/#article","isPartOf":{"@id":"https:\/\/zonacaral.gob.pe\/es\/noticias\/vichama-mural-de-3800-anos-impacto-al-mundo\/"},"author":{"name":"Zona Caral Administrador","@id":"https:\/\/zonacaral.gob.pe\/es\/#\/schema\/person\/beddb4d22f71a7230c5b90913270a0ee"},"headline":"Vichama: mural de 3800 a\u00f1os impact\u00f3 al mundo","datePublished":"2018-09-10T23:11:43+00:00","mainEntityOfPage":{"@id":"https:\/\/zonacaral.gob.pe\/es\/noticias\/vichama-mural-de-3800-anos-impacto-al-mundo\/"},"wordCount":404,"image":{"@id":"https:\/\/zonacaral.gob.pe\/es\/noticias\/vichama-mural-de-3800-anos-impacto-al-mundo\/#primaryimage"},"thumbnailUrl":"https:\/\/zonacaral.gob.pe\/wp-content\/uploads\/2018\/08\/web-nota-hallazgo.png","keywords":["aniversario","hallazgo","Mural","Ruth Shady","vichama"],"articleSection":["noticias"],"inLanguage":"es-PE"},{"@type":"WebPage","@id":"https:\/\/zonacaral.gob.pe\/es\/noticias\/vichama-mural-de-3800-anos-impacto-al-mundo\/","url":"https:\/\/zonacaral.gob.pe\/es\/noticias\/vichama-mural-de-3800-anos-impacto-al-mundo\/","name":"Vichama: mural de 3800 a\u00f1os impact\u00f3 al mundo","isPartOf":{"@id":"https:\/\/zonacaral.gob.pe\/es\/#website"},"primaryImageOfPage":{"@id":"https:\/\/zonacaral.gob.pe\/es\/noticias\/vichama-mural-de-3800-anos-impacto-al-mundo\/#primaryimage"},"image":{"@id":"https:\/\/zonacaral.gob.pe\/es\/noticias\/vichama-mural-de-3800-anos-impacto-al-mundo\/#primaryimage"},"thumbnailUrl":"https:\/\/zonacaral.gob.pe\/wp-content\/uploads\/2018\/08\/web-nota-hallazgo.png","datePublished":"2018-09-10T23:11:43+00:00","author":{"@id":"https:\/\/zonacaral.gob.pe\/es\/#\/schema\/person\/beddb4d22f71a7230c5b90913270a0ee"},"description":"Este sitio arqueol\u00f3gico destaca relatar en sus construcciones la memoria de sus habitantes respecto al cambio clim\u00e1tico que afrontaron hace miles de a\u00f1os.","breadcrumb":{"@id":"https:\/\/zonacaral.gob.pe\/es\/noticias\/vichama-mural-de-3800-anos-impacto-al-mundo\/#breadcrumb"},"inLanguage":"es-PE","potentialAction":[{"@type":"ReadAction","target":["https:\/\/zonacaral.gob.pe\/es\/noticias\/vichama-mural-de-3800-anos-impacto-al-mundo\/"]}]},{"@type":"ImageObject","inLanguage":"es-PE","@id":"https:\/\/zonacaral.gob.pe\/es\/noticias\/vichama-mural-de-3800-anos-impacto-al-mundo\/#primaryimage","url":"https:\/\/zonacaral.gob.pe\/wp-content\/uploads\/2018\/08\/web-nota-hallazgo.png","contentUrl":"https:\/\/zonacaral.gob.pe\/wp-content\/uploads\/2018\/08\/web-nota-hallazgo.png","width":810,"height":410},{"@type":"BreadcrumbList","@id":"https:\/\/zonacaral.gob.pe\/es\/noticias\/vichama-mural-de-3800-anos-impacto-al-mundo\/#breadcrumb","itemListElement":[{"@type":"ListItem","position":1,"name":"Portada","item":"https:\/\/zonacaral.gob.pe\/"},{"@type":"ListItem","position":2,"name":"Vichama: mural de 3800 a\u00f1os impact\u00f3 al mundo"}]},{"@type":"WebSite","@id":"https:\/\/zonacaral.gob.pe\/es\/#website","url":"https:\/\/zonacaral.gob.pe\/es\/","name":"Zona Caral","description":"Investigamos, conservamos y difundimos el patrimonio cultural de la Civilizaci\u00f3n Caral, la m\u00e1s antigua de Am\u00e9rica.","potentialAction":[{"@type":"SearchAction","target":{"@type":"EntryPoint","urlTemplate":"https:\/\/zonacaral.gob.pe\/es\/?s={search_term_string}"},"query-input":{"@type":"PropertyValueSpecification","valueRequired":true,"valueName":"search_term_string"}}],"inLanguage":"es-PE"},{"@type":"Person","@id":"https:\/\/zonacaral.gob.pe\/es\/#\/schema\/person\/beddb4d22f71a7230c5b90913270a0ee","name":"Zona Caral Administrador","image":{"@type":"ImageObject","inLanguage":"es-PE","@id":"https:\/\/secure.gravatar.com\/avatar\/e4be162918a696358376de6446614e0f0f4062bdc5d170d6d540ada3d8b58c12?s=96&d=mm&r=g","url":"https:\/\/secure.gravatar.com\/avatar\/e4be162918a696358376de6446614e0f0f4062bdc5d170d6d540ada3d8b58c12?s=96&d=mm&r=g","contentUrl":"https:\/\/secure.gravatar.com\/avatar\/e4be162918a696358376de6446614e0f0f4062bdc5d170d6d540ada3d8b58c12?s=96&d=mm&r=g","caption":"Zona Caral Administrador"},"sameAs":["https:\/\/zonacaral.gob.pe"],"url":"https:\/\/zonacaral.gob.pe\/es\/noticias\/author\/ad_zonacaral\/"}]}},"_links":{"self":[{"href":"https:\/\/zonacaral.gob.pe\/es\/wp-json\/wp\/v2\/posts\/13276","targetHints":{"allow":["GET"]}}],"collection":[{"href":"https:\/\/zonacaral.gob.pe\/es\/wp-json\/wp\/v2\/posts"}],"about":[{"href":"https:\/\/zonacaral.gob.pe\/es\/wp-json\/wp\/v2\/types\/post"}],"author":[{"embeddable":true,"href":"https:\/\/zonacaral.gob.pe\/es\/wp-json\/wp\/v2\/users\/1"}],"replies":[{"embeddable":true,"href":"https:\/\/zonacaral.gob.pe\/es\/wp-json\/wp\/v2\/comments?post=13276"}],"version-history":[{"count":0,"href":"https:\/\/zonacaral.gob.pe\/es\/wp-json\/wp\/v2\/posts\/13276\/revisions"}],"wp:featuredmedia":[{"embeddable":true,"href":"https:\/\/zonacaral.gob.pe\/es\/wp-json\/wp\/v2\/media\/13154"}],"wp:attachment":[{"href":"https:\/\/zonacaral.gob.pe\/es\/wp-json\/wp\/v2\/media?parent=13276"}],"wp:term":[{"taxonomy":"category","embeddable":true,"href":"https:\/\/zonacaral.gob.pe\/es\/wp-json\/wp\/v2\/categories?post=13276"},{"taxonomy":"post_tag","embeddable":true,"href":"https:\/\/zonacaral.gob.pe\/es\/wp-json\/wp\/v2\/tags?post=13276"}],"curies":[{"name":"wp","href":"https:\/\/api.w.org\/{rel}","templated":true}]}}