{"id":13288,"date":"2018-09-11T18:32:16","date_gmt":"2018-09-11T23:32:16","guid":{"rendered":"http:\/\/www.zonacaral.gob.pe\/?p=13288"},"modified":"2018-09-11T18:32:16","modified_gmt":"2018-09-11T23:32:16","slug":"ultimos-dias-no-te-quedes-sin-conocer-la-exposicion-caral-en-el-callao","status":"publish","type":"post","link":"https:\/\/zonacaral.gob.pe\/es\/noticias\/ultimos-dias-no-te-quedes-sin-conocer-la-exposicion-caral-en-el-callao\/","title":{"rendered":"\u00daltimos d\u00edas: no te quedes sin conocer la exposici\u00f3n Caral en el Callao"},"content":{"rendered":"<figure class=\"pic-autor\" style=\"color: #4d4d4d; text-align: justify;\"><\/figure>\n<blockquote><p>M\u00e1s de 15 mil personas, entre turistas nacionales y extranjeros, colegios y universidades, han visitado la Exposici\u00f3n Museogr\u00e1fica: \u201cLos Valores de la Civilizaci\u00f3n Caral: Reflexiones para el Buen Vivir\u201d, la cual se instal\u00f3 en julio en el Museo Fortaleza Real Felipe \u2013 Callao.<\/p><\/blockquote>\n<p>La muestra itinerante es desarrollada por la Zona Arqueol\u00f3gica Caral (ZAC), UE 003 del Ministerio de Cultura, con el objetivo de rescatar los valores obtenidos hace 5,000 a\u00f1os atr\u00e1s, como el respeto a las otras culturas, a la naturaleza, la equidad de g\u00e9nero y el desarrollo integral humano. Recuperar sus conocimientos en construcci\u00f3n, manejo de territorio y del recurso h\u00eddrico, para llegar a ser una ciudad sostenible con el tiempo.<\/p>\n<p>La exposici\u00f3n estar\u00e1 abierta tres semanas m\u00e1s, hasta el 30 de setiembre, de 9:00 a.m. a 4:00 p.m., de martes a domingo, en el auditorio de la Casa del Gobernador de la Fortaleza Real Felipe, ubicado en la Plaza Independencia S\/N (altura 1ra. Cdra. Av. S\u00e1enz Pe\u00f1a, Callao). No te quedes con las ganas de conocerlo. INGRESO LIBRE.<\/p>\n<p>Por primera vez, en el Callao, se muestra al p\u00fablico objetos arqueol\u00f3gicos como las tres esculturas que corresponden a una sacerdotisa; y a otros dos personajes de alta jerarqu\u00eda; el ajuar de la \u201cDama de los Cuatro Tupus\u201d, y dos huesos de ballenas con tallados ancestrales. En total, son 332 objetos museogr\u00e1ficos. Adem\u00e1s de esculturas hiperrealistas, juegos l\u00fadicos y otros interactivos tecnol\u00f3gicos para un mejor aprendizaje.<\/p>\n<p>La Civilizaci\u00f3n Caral (con 5,000 a\u00f1os de antig\u00fcedad) se form\u00f3 en el \u00e1rea norcentral del Per\u00fa, antes que en cualquier otro lugar de los Andes y de Am\u00e9rica, en simult\u00e1neo con las civilizaciones del Viejo Mundo, como Mesopotamia (5,200 a\u00f1os) y Egipto (4,700 a\u00f1os). Pertenece a la lista de Patrimonio Mundial por la UNESCO.<\/p>\n<h3>CARAL EN EL CALLAO<\/h3>\n<p>Es el resultado de la alianza estrat\u00e9gica de la ZAC y de la Direcci\u00f3n de Museos del Ej\u00e9rcito del Per\u00fa. Alianza cultural al que se sumaron la Direcci\u00f3n Desconcentrada de Cultura del Callao, la Gerencia de Educaci\u00f3n y Deporte del Gobierno Regional del Callao, C\u00e1lidda \u2013 Gas Natural del Per\u00fa, DIRCETUR del Gobierno Regional de Lima, Facultad de Ciencias Administrativas de la UNMSM, Universidad Mar\u00edtima del Per\u00fa, Centro Comercial Minka, Direcci\u00f3n Regional de Educaci\u00f3n del Callao, Cuyay Tours y los restaurantes \u201cVane Vane\u201d, \u201cTenedor Libre\u201d y \u201cSara Sara\u201d.<\/p>\n<p><strong>MAYOR INFORMACI\u00d3N EN LA P\u00c1GINA WEB DE LA EXPOSICI\u00d3N<\/strong>: <a href=\"http:\/\/www.zonacaral.gob.pe\/realfelipe\/\">zonacaral.gob.pe\/realfelipe<\/a><\/p>\n<p>&nbsp;<\/p>\n<p>&nbsp;<\/p>\n<p style=\"text-align: justify;\"><span style=\"color: #993300;\"><strong>Fuente<\/strong><strong>: Prensa ZAC<\/strong><\/span><\/p>\n<div style=\"color: #1f1f1f;\">\n<p style=\"text-align: justify;\">Fecha de publicaci\u00f3n: 11\/09\/2018<\/p>\n<\/div>\n","protected":false},"excerpt":{"rendered":"<p>M\u00e1s de 15 mil personas, entre turistas nacionales y extranjeros, colegios y universidades, han visitado la Exposici\u00f3n Museogr\u00e1fica: \u201cLos Valores [&hellip;]<\/p>\n","protected":false},"author":1,"featured_media":13289,"comment_status":"closed","ping_status":"open","sticky":false,"template":"","format":"standard","meta":{"_acf_changed":false,"site-sidebar-layout":"default","site-content-layout":"","ast-site-content-layout":"default","site-content-style":"default","site-sidebar-style":"default","ast-global-header-display":"","ast-banner-title-visibility":"","ast-main-header-display":"","ast-hfb-above-header-display":"","ast-hfb-below-header-display":"","ast-hfb-mobile-header-display":"","site-post-title":"","ast-breadcrumbs-content":"","ast-featured-img":"","footer-sml-layout":"","ast-disable-related-posts":"","theme-transparent-header-meta":"","adv-header-id-meta":"","stick-header-meta":"","header-above-stick-meta":"","header-main-stick-meta":"","header-below-stick-meta":"","astra-migrate-meta-layouts":"default","ast-page-background-enabled":"default","ast-page-background-meta":{"desktop":{"background-color":"var(--ast-global-color-5)","background-image":"","background-repeat":"repeat","background-position":"center center","background-size":"auto","background-attachment":"scroll","background-type":"","background-media":"","overlay-type":"","overlay-color":"","overlay-opacity":"","overlay-gradient":""},"tablet":{"background-color":"","background-image":"","background-repeat":"repeat","background-position":"center center","background-size":"auto","background-attachment":"scroll","background-type":"","background-media":"","overlay-type":"","overlay-color":"","overlay-opacity":"","overlay-gradient":""},"mobile":{"background-color":"","background-image":"","background-repeat":"repeat","background-position":"center center","background-size":"auto","background-attachment":"scroll","background-type":"","background-media":"","overlay-type":"","overlay-color":"","overlay-opacity":"","overlay-gradient":""}},"ast-content-background-meta":{"desktop":{"background-color":"var(--ast-global-color-4)","background-image":"","background-repeat":"repeat","background-position":"center center","background-size":"auto","background-attachment":"scroll","background-type":"","background-media":"","overlay-type":"","overlay-color":"","overlay-opacity":"","overlay-gradient":""},"tablet":{"background-color":"var(--ast-global-color-4)","background-image":"","background-repeat":"repeat","background-position":"center center","background-size":"auto","background-attachment":"scroll","background-type":"","background-media":"","overlay-type":"","overlay-color":"","overlay-opacity":"","overlay-gradient":""},"mobile":{"background-color":"var(--ast-global-color-4)","background-image":"","background-repeat":"repeat","background-position":"center center","background-size":"auto","background-attachment":"scroll","background-type":"","background-media":"","overlay-type":"","overlay-color":"","overlay-opacity":"","overlay-gradient":""}},"footnotes":""},"categories":[208],"tags":[100],"class_list":["post-13288","post","type-post","status-publish","format-standard","has-post-thumbnail","hentry","category-noticias","tag-museo"],"acf":[],"yoast_head":"<!-- This site is optimized with the Yoast SEO plugin v27.3 - https:\/\/yoast.com\/product\/yoast-seo-wordpress\/ -->\n<title>No te quedes sin conocer la exposici\u00f3n Caral en el Callao<\/title>\n<meta name=\"description\" content=\"M\u00e1s de 15 mil personas, entre turistas nacionales y extranjeros, colegios y universidades, han visitado la Exposici\u00f3n Museogr\u00e1fica: \u201cLos Valores de la Civilizaci\u00f3n Caral: Reflexiones para el Buen Vivir\u201d, la cual se instal\u00f3 en julio en el Museo Fortaleza Real Felipe \u2013 Callao.\" \/>\n<meta name=\"robots\" content=\"index, follow, max-snippet:-1, max-image-preview:large, max-video-preview:-1\" \/>\n<link rel=\"canonical\" href=\"https:\/\/zonacaral.gob.pe\/es\/noticias\/ultimos-dias-no-te-quedes-sin-conocer-la-exposicion-caral-en-el-callao\/\" \/>\n<meta property=\"og:locale\" content=\"es_ES\" \/>\n<meta property=\"og:type\" content=\"article\" \/>\n<meta property=\"og:title\" content=\"No te quedes sin conocer la exposici\u00f3n Caral en el Callao\" \/>\n<meta property=\"og:description\" content=\"M\u00e1s de 15 mil personas, entre turistas nacionales y extranjeros, colegios y universidades, han visitado la Exposici\u00f3n Museogr\u00e1fica: \u201cLos Valores de la Civilizaci\u00f3n Caral: Reflexiones para el Buen Vivir\u201d, la cual se instal\u00f3 en julio en el Museo Fortaleza Real Felipe \u2013 Callao.\" \/>\n<meta property=\"og:url\" content=\"https:\/\/zonacaral.gob.pe\/es\/noticias\/ultimos-dias-no-te-quedes-sin-conocer-la-exposicion-caral-en-el-callao\/\" \/>\n<meta property=\"og:site_name\" content=\"Zona Caral\" \/>\n<meta property=\"article:published_time\" content=\"2018-09-11T23:32:16+00:00\" \/>\n<meta property=\"og:image\" content=\"https:\/\/zonacaral.gob.pe\/wp-content\/uploads\/2018\/09\/1-MUSEO.jpg\" \/>\n\t<meta property=\"og:image:width\" content=\"900\" \/>\n\t<meta property=\"og:image:height\" content=\"700\" \/>\n\t<meta property=\"og:image:type\" content=\"image\/jpeg\" \/>\n<meta name=\"author\" content=\"Zona Caral Administrador\" \/>\n<meta name=\"twitter:card\" content=\"summary_large_image\" \/>\n<meta name=\"twitter:label1\" content=\"Written by\" \/>\n\t<meta name=\"twitter:data1\" content=\"Zona Caral Administrador\" \/>\n\t<meta name=\"twitter:label2\" content=\"Est. reading time\" \/>\n\t<meta name=\"twitter:data2\" content=\"2 minutos\" \/>\n<script type=\"application\/ld+json\" class=\"yoast-schema-graph\">{\"@context\":\"https:\\\/\\\/schema.org\",\"@graph\":[{\"@type\":\"Article\",\"@id\":\"https:\\\/\\\/zonacaral.gob.pe\\\/es\\\/noticias\\\/ultimos-dias-no-te-quedes-sin-conocer-la-exposicion-caral-en-el-callao\\\/#article\",\"isPartOf\":{\"@id\":\"https:\\\/\\\/zonacaral.gob.pe\\\/es\\\/noticias\\\/ultimos-dias-no-te-quedes-sin-conocer-la-exposicion-caral-en-el-callao\\\/\"},\"author\":{\"name\":\"Zona Caral Administrador\",\"@id\":\"https:\\\/\\\/zonacaral.gob.pe\\\/es\\\/#\\\/schema\\\/person\\\/beddb4d22f71a7230c5b90913270a0ee\"},\"headline\":\"\u00daltimos d\u00edas: no te quedes sin conocer la exposici\u00f3n Caral en el Callao\",\"datePublished\":\"2018-09-11T23:32:16+00:00\",\"mainEntityOfPage\":{\"@id\":\"https:\\\/\\\/zonacaral.gob.pe\\\/es\\\/noticias\\\/ultimos-dias-no-te-quedes-sin-conocer-la-exposicion-caral-en-el-callao\\\/\"},\"wordCount\":451,\"image\":{\"@id\":\"https:\\\/\\\/zonacaral.gob.pe\\\/es\\\/noticias\\\/ultimos-dias-no-te-quedes-sin-conocer-la-exposicion-caral-en-el-callao\\\/#primaryimage\"},\"thumbnailUrl\":\"https:\\\/\\\/zonacaral.gob.pe\\\/wp-content\\\/uploads\\\/2018\\\/09\\\/1-MUSEO.jpg\",\"keywords\":[\"museo\"],\"articleSection\":[\"noticias\"],\"inLanguage\":\"es-PE\"},{\"@type\":\"WebPage\",\"@id\":\"https:\\\/\\\/zonacaral.gob.pe\\\/es\\\/noticias\\\/ultimos-dias-no-te-quedes-sin-conocer-la-exposicion-caral-en-el-callao\\\/\",\"url\":\"https:\\\/\\\/zonacaral.gob.pe\\\/es\\\/noticias\\\/ultimos-dias-no-te-quedes-sin-conocer-la-exposicion-caral-en-el-callao\\\/\",\"name\":\"No te quedes sin conocer la exposici\u00f3n Caral en el Callao\",\"isPartOf\":{\"@id\":\"https:\\\/\\\/zonacaral.gob.pe\\\/es\\\/#website\"},\"primaryImageOfPage\":{\"@id\":\"https:\\\/\\\/zonacaral.gob.pe\\\/es\\\/noticias\\\/ultimos-dias-no-te-quedes-sin-conocer-la-exposicion-caral-en-el-callao\\\/#primaryimage\"},\"image\":{\"@id\":\"https:\\\/\\\/zonacaral.gob.pe\\\/es\\\/noticias\\\/ultimos-dias-no-te-quedes-sin-conocer-la-exposicion-caral-en-el-callao\\\/#primaryimage\"},\"thumbnailUrl\":\"https:\\\/\\\/zonacaral.gob.pe\\\/wp-content\\\/uploads\\\/2018\\\/09\\\/1-MUSEO.jpg\",\"datePublished\":\"2018-09-11T23:32:16+00:00\",\"author\":{\"@id\":\"https:\\\/\\\/zonacaral.gob.pe\\\/es\\\/#\\\/schema\\\/person\\\/beddb4d22f71a7230c5b90913270a0ee\"},\"description\":\"M\u00e1s de 15 mil personas, entre turistas nacionales y extranjeros, colegios y universidades, han visitado la Exposici\u00f3n Museogr\u00e1fica: \u201cLos Valores de la Civilizaci\u00f3n Caral: Reflexiones para el Buen Vivir\u201d, la cual se instal\u00f3 en julio en el Museo Fortaleza Real Felipe \u2013 Callao.\",\"breadcrumb\":{\"@id\":\"https:\\\/\\\/zonacaral.gob.pe\\\/es\\\/noticias\\\/ultimos-dias-no-te-quedes-sin-conocer-la-exposicion-caral-en-el-callao\\\/#breadcrumb\"},\"inLanguage\":\"es-PE\",\"potentialAction\":[{\"@type\":\"ReadAction\",\"target\":[\"https:\\\/\\\/zonacaral.gob.pe\\\/es\\\/noticias\\\/ultimos-dias-no-te-quedes-sin-conocer-la-exposicion-caral-en-el-callao\\\/\"]}]},{\"@type\":\"ImageObject\",\"inLanguage\":\"es-PE\",\"@id\":\"https:\\\/\\\/zonacaral.gob.pe\\\/es\\\/noticias\\\/ultimos-dias-no-te-quedes-sin-conocer-la-exposicion-caral-en-el-callao\\\/#primaryimage\",\"url\":\"https:\\\/\\\/zonacaral.gob.pe\\\/wp-content\\\/uploads\\\/2018\\\/09\\\/1-MUSEO.jpg\",\"contentUrl\":\"https:\\\/\\\/zonacaral.gob.pe\\\/wp-content\\\/uploads\\\/2018\\\/09\\\/1-MUSEO.jpg\",\"width\":900,\"height\":700},{\"@type\":\"BreadcrumbList\",\"@id\":\"https:\\\/\\\/zonacaral.gob.pe\\\/es\\\/noticias\\\/ultimos-dias-no-te-quedes-sin-conocer-la-exposicion-caral-en-el-callao\\\/#breadcrumb\",\"itemListElement\":[{\"@type\":\"ListItem\",\"position\":1,\"name\":\"Portada\",\"item\":\"https:\\\/\\\/zonacaral.gob.pe\\\/\"},{\"@type\":\"ListItem\",\"position\":2,\"name\":\"\u00daltimos d\u00edas: no te quedes sin conocer la exposici\u00f3n Caral en el Callao\"}]},{\"@type\":\"WebSite\",\"@id\":\"https:\\\/\\\/zonacaral.gob.pe\\\/es\\\/#website\",\"url\":\"https:\\\/\\\/zonacaral.gob.pe\\\/es\\\/\",\"name\":\"Zona Caral\",\"description\":\"Investigamos, conservamos y difundimos el patrimonio cultural de la Civilizaci\u00f3n Caral, la m\u00e1s antigua de Am\u00e9rica.\",\"potentialAction\":[{\"@type\":\"SearchAction\",\"target\":{\"@type\":\"EntryPoint\",\"urlTemplate\":\"https:\\\/\\\/zonacaral.gob.pe\\\/es\\\/?s={search_term_string}\"},\"query-input\":{\"@type\":\"PropertyValueSpecification\",\"valueRequired\":true,\"valueName\":\"search_term_string\"}}],\"inLanguage\":\"es-PE\"},{\"@type\":\"Person\",\"@id\":\"https:\\\/\\\/zonacaral.gob.pe\\\/es\\\/#\\\/schema\\\/person\\\/beddb4d22f71a7230c5b90913270a0ee\",\"name\":\"Zona Caral Administrador\",\"image\":{\"@type\":\"ImageObject\",\"inLanguage\":\"es-PE\",\"@id\":\"https:\\\/\\\/secure.gravatar.com\\\/avatar\\\/e4be162918a696358376de6446614e0f0f4062bdc5d170d6d540ada3d8b58c12?s=96&d=mm&r=g\",\"url\":\"https:\\\/\\\/secure.gravatar.com\\\/avatar\\\/e4be162918a696358376de6446614e0f0f4062bdc5d170d6d540ada3d8b58c12?s=96&d=mm&r=g\",\"contentUrl\":\"https:\\\/\\\/secure.gravatar.com\\\/avatar\\\/e4be162918a696358376de6446614e0f0f4062bdc5d170d6d540ada3d8b58c12?s=96&d=mm&r=g\",\"caption\":\"Zona Caral Administrador\"},\"sameAs\":[\"https:\\\/\\\/zonacaral.gob.pe\"],\"url\":\"https:\\\/\\\/zonacaral.gob.pe\\\/es\\\/noticias\\\/author\\\/ad_zonacaral\\\/\"}]}<\/script>\n<!-- \/ Yoast SEO plugin. -->","yoast_head_json":{"title":"No te quedes sin conocer la exposici\u00f3n Caral en el Callao","description":"M\u00e1s de 15 mil personas, entre turistas nacionales y extranjeros, colegios y universidades, han visitado la Exposici\u00f3n Museogr\u00e1fica: \u201cLos Valores de la Civilizaci\u00f3n Caral: Reflexiones para el Buen Vivir\u201d, la cual se instal\u00f3 en julio en el Museo Fortaleza Real Felipe \u2013 Callao.","robots":{"index":"index","follow":"follow","max-snippet":"max-snippet:-1","max-image-preview":"max-image-preview:large","max-video-preview":"max-video-preview:-1"},"canonical":"https:\/\/zonacaral.gob.pe\/es\/noticias\/ultimos-dias-no-te-quedes-sin-conocer-la-exposicion-caral-en-el-callao\/","og_locale":"es_ES","og_type":"article","og_title":"No te quedes sin conocer la exposici\u00f3n Caral en el Callao","og_description":"M\u00e1s de 15 mil personas, entre turistas nacionales y extranjeros, colegios y universidades, han visitado la Exposici\u00f3n Museogr\u00e1fica: \u201cLos Valores de la Civilizaci\u00f3n Caral: Reflexiones para el Buen Vivir\u201d, la cual se instal\u00f3 en julio en el Museo Fortaleza Real Felipe \u2013 Callao.","og_url":"https:\/\/zonacaral.gob.pe\/es\/noticias\/ultimos-dias-no-te-quedes-sin-conocer-la-exposicion-caral-en-el-callao\/","og_site_name":"Zona Caral","article_published_time":"2018-09-11T23:32:16+00:00","og_image":[{"width":900,"height":700,"url":"https:\/\/zonacaral.gob.pe\/wp-content\/uploads\/2018\/09\/1-MUSEO.jpg","type":"image\/jpeg"}],"author":"Zona Caral Administrador","twitter_card":"summary_large_image","twitter_misc":{"Written by":"Zona Caral Administrador","Est. reading time":"2 minutos"},"schema":{"@context":"https:\/\/schema.org","@graph":[{"@type":"Article","@id":"https:\/\/zonacaral.gob.pe\/es\/noticias\/ultimos-dias-no-te-quedes-sin-conocer-la-exposicion-caral-en-el-callao\/#article","isPartOf":{"@id":"https:\/\/zonacaral.gob.pe\/es\/noticias\/ultimos-dias-no-te-quedes-sin-conocer-la-exposicion-caral-en-el-callao\/"},"author":{"name":"Zona Caral Administrador","@id":"https:\/\/zonacaral.gob.pe\/es\/#\/schema\/person\/beddb4d22f71a7230c5b90913270a0ee"},"headline":"\u00daltimos d\u00edas: no te quedes sin conocer la exposici\u00f3n Caral en el Callao","datePublished":"2018-09-11T23:32:16+00:00","mainEntityOfPage":{"@id":"https:\/\/zonacaral.gob.pe\/es\/noticias\/ultimos-dias-no-te-quedes-sin-conocer-la-exposicion-caral-en-el-callao\/"},"wordCount":451,"image":{"@id":"https:\/\/zonacaral.gob.pe\/es\/noticias\/ultimos-dias-no-te-quedes-sin-conocer-la-exposicion-caral-en-el-callao\/#primaryimage"},"thumbnailUrl":"https:\/\/zonacaral.gob.pe\/wp-content\/uploads\/2018\/09\/1-MUSEO.jpg","keywords":["museo"],"articleSection":["noticias"],"inLanguage":"es-PE"},{"@type":"WebPage","@id":"https:\/\/zonacaral.gob.pe\/es\/noticias\/ultimos-dias-no-te-quedes-sin-conocer-la-exposicion-caral-en-el-callao\/","url":"https:\/\/zonacaral.gob.pe\/es\/noticias\/ultimos-dias-no-te-quedes-sin-conocer-la-exposicion-caral-en-el-callao\/","name":"No te quedes sin conocer la exposici\u00f3n Caral en el Callao","isPartOf":{"@id":"https:\/\/zonacaral.gob.pe\/es\/#website"},"primaryImageOfPage":{"@id":"https:\/\/zonacaral.gob.pe\/es\/noticias\/ultimos-dias-no-te-quedes-sin-conocer-la-exposicion-caral-en-el-callao\/#primaryimage"},"image":{"@id":"https:\/\/zonacaral.gob.pe\/es\/noticias\/ultimos-dias-no-te-quedes-sin-conocer-la-exposicion-caral-en-el-callao\/#primaryimage"},"thumbnailUrl":"https:\/\/zonacaral.gob.pe\/wp-content\/uploads\/2018\/09\/1-MUSEO.jpg","datePublished":"2018-09-11T23:32:16+00:00","author":{"@id":"https:\/\/zonacaral.gob.pe\/es\/#\/schema\/person\/beddb4d22f71a7230c5b90913270a0ee"},"description":"M\u00e1s de 15 mil personas, entre turistas nacionales y extranjeros, colegios y universidades, han visitado la Exposici\u00f3n Museogr\u00e1fica: \u201cLos Valores de la Civilizaci\u00f3n Caral: Reflexiones para el Buen Vivir\u201d, la cual se instal\u00f3 en julio en el Museo Fortaleza Real Felipe \u2013 Callao.","breadcrumb":{"@id":"https:\/\/zonacaral.gob.pe\/es\/noticias\/ultimos-dias-no-te-quedes-sin-conocer-la-exposicion-caral-en-el-callao\/#breadcrumb"},"inLanguage":"es-PE","potentialAction":[{"@type":"ReadAction","target":["https:\/\/zonacaral.gob.pe\/es\/noticias\/ultimos-dias-no-te-quedes-sin-conocer-la-exposicion-caral-en-el-callao\/"]}]},{"@type":"ImageObject","inLanguage":"es-PE","@id":"https:\/\/zonacaral.gob.pe\/es\/noticias\/ultimos-dias-no-te-quedes-sin-conocer-la-exposicion-caral-en-el-callao\/#primaryimage","url":"https:\/\/zonacaral.gob.pe\/wp-content\/uploads\/2018\/09\/1-MUSEO.jpg","contentUrl":"https:\/\/zonacaral.gob.pe\/wp-content\/uploads\/2018\/09\/1-MUSEO.jpg","width":900,"height":700},{"@type":"BreadcrumbList","@id":"https:\/\/zonacaral.gob.pe\/es\/noticias\/ultimos-dias-no-te-quedes-sin-conocer-la-exposicion-caral-en-el-callao\/#breadcrumb","itemListElement":[{"@type":"ListItem","position":1,"name":"Portada","item":"https:\/\/zonacaral.gob.pe\/"},{"@type":"ListItem","position":2,"name":"\u00daltimos d\u00edas: no te quedes sin conocer la exposici\u00f3n Caral en el Callao"}]},{"@type":"WebSite","@id":"https:\/\/zonacaral.gob.pe\/es\/#website","url":"https:\/\/zonacaral.gob.pe\/es\/","name":"Zona Caral","description":"Investigamos, conservamos y difundimos el patrimonio cultural de la Civilizaci\u00f3n Caral, la m\u00e1s antigua de Am\u00e9rica.","potentialAction":[{"@type":"SearchAction","target":{"@type":"EntryPoint","urlTemplate":"https:\/\/zonacaral.gob.pe\/es\/?s={search_term_string}"},"query-input":{"@type":"PropertyValueSpecification","valueRequired":true,"valueName":"search_term_string"}}],"inLanguage":"es-PE"},{"@type":"Person","@id":"https:\/\/zonacaral.gob.pe\/es\/#\/schema\/person\/beddb4d22f71a7230c5b90913270a0ee","name":"Zona Caral Administrador","image":{"@type":"ImageObject","inLanguage":"es-PE","@id":"https:\/\/secure.gravatar.com\/avatar\/e4be162918a696358376de6446614e0f0f4062bdc5d170d6d540ada3d8b58c12?s=96&d=mm&r=g","url":"https:\/\/secure.gravatar.com\/avatar\/e4be162918a696358376de6446614e0f0f4062bdc5d170d6d540ada3d8b58c12?s=96&d=mm&r=g","contentUrl":"https:\/\/secure.gravatar.com\/avatar\/e4be162918a696358376de6446614e0f0f4062bdc5d170d6d540ada3d8b58c12?s=96&d=mm&r=g","caption":"Zona Caral Administrador"},"sameAs":["https:\/\/zonacaral.gob.pe"],"url":"https:\/\/zonacaral.gob.pe\/es\/noticias\/author\/ad_zonacaral\/"}]}},"_links":{"self":[{"href":"https:\/\/zonacaral.gob.pe\/es\/wp-json\/wp\/v2\/posts\/13288","targetHints":{"allow":["GET"]}}],"collection":[{"href":"https:\/\/zonacaral.gob.pe\/es\/wp-json\/wp\/v2\/posts"}],"about":[{"href":"https:\/\/zonacaral.gob.pe\/es\/wp-json\/wp\/v2\/types\/post"}],"author":[{"embeddable":true,"href":"https:\/\/zonacaral.gob.pe\/es\/wp-json\/wp\/v2\/users\/1"}],"replies":[{"embeddable":true,"href":"https:\/\/zonacaral.gob.pe\/es\/wp-json\/wp\/v2\/comments?post=13288"}],"version-history":[{"count":0,"href":"https:\/\/zonacaral.gob.pe\/es\/wp-json\/wp\/v2\/posts\/13288\/revisions"}],"wp:featuredmedia":[{"embeddable":true,"href":"https:\/\/zonacaral.gob.pe\/es\/wp-json\/wp\/v2\/media\/13289"}],"wp:attachment":[{"href":"https:\/\/zonacaral.gob.pe\/es\/wp-json\/wp\/v2\/media?parent=13288"}],"wp:term":[{"taxonomy":"category","embeddable":true,"href":"https:\/\/zonacaral.gob.pe\/es\/wp-json\/wp\/v2\/categories?post=13288"},{"taxonomy":"post_tag","embeddable":true,"href":"https:\/\/zonacaral.gob.pe\/es\/wp-json\/wp\/v2\/tags?post=13288"}],"curies":[{"name":"wp","href":"https:\/\/api.w.org\/{rel}","templated":true}]}}